{"id":114202,"date":"2024-12-03T19:54:41","date_gmt":"2024-12-03T18:54:41","guid":{"rendered":"https:\/\/exaudi.org\/?p=114202"},"modified":"2024-12-03T19:54:41","modified_gmt":"2024-12-03T18:54:41","slug":"francis-la-schiavitu-moderna-e-un-crimine-contro-lumanita","status":"publish","type":"post","link":"https:\/\/exaudi.org\/it\/francis-la-schiavitu-moderna-e-un-crimine-contro-lumanita\/","title":{"rendered":"Francis: La schiavit\u00f9 moderna \u00e8 un crimine contro l\u2019umanit\u00e0"},"content":{"rendered":"<p>In un messaggio pubblicato sull&#8217;account @Pontifex di X, in occasione della Giornata internazionale per l&#8217;abolizione della schiavit\u00f9, Papa Francesco ha ribadito la sua condanna di pratiche come il lavoro forzato, la prostituzione e il traffico di organi. Nelle sue parole: &#8220;Non possiamo tollerare che l&#8217;immagine del Dio vivente sia sottoposta al traffico pi\u00f9 aberrante&#8221;.<\/p>\n<p>\u00abLa schiavit\u00f9 moderna \u2013 tratta di esseri umani, lavoro forzato, prostituzione, traffico di organi \u2013 \u00e8 un crimine contro l\u2019umanit\u00e0. &#8220;Siamo tutti un riflesso dell&#8217;immagine di Dio e non possiamo tollerare che l&#8217;immagine del Dio vivente sia sottoposta ai traffici pi\u00f9 aberranti&#8221;. \u00c8 quanto esprime Papa Francesco in un messaggio pubblicato oggi, 2 dicembre, sull&#8217;account X @Pontifex, in occasione della Giornata internazionale per l&#8217;abolizione della schiavit\u00f9. Questa data \u00e8 stata istituita dall&#8217;ONU per commemorare il 2 dicembre 1949, giorno in cui l&#8217;Assemblea Generale approv\u00f2 la Convenzione delle Nazioni Unite per la repressione della tratta delle persone e dello sfruttamento della prostituzione altrui.<\/p>\n<p>Nel 2024, il Papa ha fatto sentire ancora una volta la sua voce contro le moderne forme di schiavit\u00f9, soprattutto nel messaggio per la X Giornata mondiale di preghiera e riflessione contro la tratta di esseri umani, l&#8217;8 febbraio, memoria liturgica di santa Giuseppina Bakhita, la suora sudanese che fu venduto schiavo da bambino. Descrive la tratta come un \u201cdramma mondiale\u201d, al quale \u201cnon \u00e8 mai troppo tardi per decidere\u201d di reagire. Nel ricordo di santa Bakhita, sottolinea Francesco, siamo tutti chiamati \u00aba non restare fermi, a mobilitare tutte le nostre forze\u00bb, a rispondere a questa chiamata, alla trasformazione per arrivare alla radice del fenomeno, sradicandone le cause. \u201cRiconoscere la dignit\u00e0 di ogni persona \u2013 spiega \u2013 e agire contro la tratta e ogni forma di sfruttamento\u201d.<\/p>\n<p>La tratta \u00e8 spesso invisibile. I media, grazie anche a reporter coraggiosi, fanno luce sulle schiavit\u00f9 del nostro tempo, ma la cultura dell\u2019indifferenza ci anestetizza. Aiutiamoci insieme a reagire, ad aprire la nostra vita, il nostro cuore, a tante sorelle e fratelli che sono trattati come schiavi. Il Papa ci chiede di ascoltare il grido di aiuto di coloro che soffrono in conflitti o guerre, di coloro che sono colpiti dagli effetti dei cambiamenti climatici, degli emigranti forzati, di coloro che sono soggetti a sfruttamento sessuale o lavorativo, soprattutto donne e ragazze.<\/p>\n<p>Il 19 settembre, in un messaggio scritto in occasione della presentazione del libro \u201cPassato, presente e futuro della giustizia di transizione: l&#8217;esperienza latinoamericana nella costruzione della pace mondiale\u201d, il Pontefice ha ricordato la reazione della regina Elisabetta di Castiglia quando venne a sapere della vendita degli indigeni come schiavi, dopo uno dei primi viaggi di Colombo in America. Un chiaro esempio, per Papa Francesco, di &#8220;una situazione di conflitto e di repressione in cui si \u00e8 verificata una massiccia violazione dei diritti umani&#8221;, alla quale &#8220;immediatamente seguir\u00e0 l&#8217;insieme delle misure adottate dalla Corona, che saranno il germe del nostro moderno dichiarazioni dei diritti umani.<\/p>\n<p>Da questo avvenimento il Papa trae tre lezioni: la prima \u00e8 che \u00abla storia non va indietro\u00bb e che dalle ferite di certe situazioni bisogna ricostruire una realt\u00e0 di maggiore giustizia. La seconda lezione &#8220;\u00e8 la risposta immediata&#8221; della Regina Elisabetta &#8220;come autorit\u00e0 politica&#8221; e come &#8220;coscienza morale&#8221; che si eleva in difesa della dignit\u00e0 umana ed \u00e8 capace di &#8220;soluzioni coraggiose, innovative e ferme&#8221;, adottando una misura riparatrice, &#8220;liberando gli schiavi anche a costo del loro stesso denaro&#8221; e riforme istituzionali, &#8220;proibendo la schiavit\u00f9 e rivendicando i diritti fondamentali delle persone danneggiate in modo proattivo e globale&#8221;. La terza lezione, definita da Francesco \u201cforse la pi\u00f9 difficile\u201d, riguarda \u201cl&#8217;applicazione effettiva e concreta di queste disposizioni\u201d. &#8220;Un trattato, una firma, una legge, possono essere lettera morta&#8221;, dice, &#8220;se non si mettono in atto i mezzi affinch\u00e9, con seriet\u00e0, buon senso e pazienza, non solo la lettera, ma anche lo spirito che lo anima, raggiunge coloro ai quali si rivolge\u00bb.<\/p>\n<p>Papa Francesco si \u00e8 rivolto anche ai giovani studenti dell\u2019Universit\u00e0 Cattolica di Lovanio durante il suo viaggio apostolico in Belgio, il 28 settembre, dove ha parlato delle moderne forme di schiavit\u00f9. Ha denunciato il male \u201cviolento e arrogante\u201d che distrugge l&#8217;ambiente e le persone, di cui la guerra \u00e8 \u201cl&#8217;espressione pi\u00f9 brutale\u201d. Ha sottolineato anche la corruzione e le moderne forme di schiavit\u00f9, mali che talvolta \u201ccontaminano la religione stessa\u201d trasformandola in \u201cuno strumento di dominio\u201d. \u201cMa questa \u00e8 una bestemmia\u201d, dice Papa Francesco. \u00abL&#8217;unione degli uomini con Dio, che \u00e8 l&#8217;Amore salvifico, diventa cos\u00ec schiavit\u00f9. Anche il nome del Padre, che \u00e8 rivelazione di sollecitudine, diventa espressione di arroganza.<\/p>\n<p>Nell&#8217;udienza generale del 20 settembre 2023, nella quale ha ricordato la testimonianza del vescovo missionario san Daniele Comboni, il Papa ha ribadito quanto aveva detto nell&#8217;incontro con le autorit\u00e0 della Repubblica Democratica del Congo, a Kinshasa, lo scorso settembre 31, 2023. Gennaio 2023.<\/p>\n<p>Come cristiani, quindi, siamo chiamati a lottare contro ogni forma di schiavit\u00f9. Sfortunatamente, la schiavit\u00f9, come il colonialismo, non \u00e8 una cosa del passato. Purtroppo. Nell&#8217;Africa tanto cara a Comboni, oggi dilaniata da numerosi conflitti, \u00abdopo quello politico, si \u00e8 scatenato un altrettanto schiavizzante \u201ccolonialismo economico\u201d (&#8230;). &#8220;\u00c8 un dramma davanti al quale il mondo economicamente pi\u00f9 avanzato spesso chiude occhi, orecchie e bocca&#8221;. Rinnovo pertanto il mio appello: &#8220;Smettetela di soffocare l&#8217;Africa: non \u00e8 una miniera da sfruttare n\u00e9 una terra da saccheggiare&#8221;. La tratta delle persone nella Laudato si&#8217; Ricordiamo infine che Francesco, nelle sue encicliche Laudato si&#8217; e Fratelli tutti, ha collegato le nuove forme di schiavit\u00f9 alle disuguaglianze economiche e sociali, sottolineando che la tratta delle persone si alimenta di queste ingiustizie. Nella Laudato si&#8217; invita a combattere la tratta degli esseri umani attraverso forme di cooperazione internazionale a cui partecipino i governi, le organizzazioni internazionali, le organizzazioni della societ\u00e0 civile e tutti gli uomini e le donne di bene. Sottolinea inoltre l\u2019importanza di promuovere la dignit\u00e0 umana, la giustizia sociale, l\u2019uguaglianza e la solidariet\u00e0 al fine di sradicare la tratta di esseri umani.<\/p>\n<p>Nell\u2019Enciclica Fratelli tutti, Papa Francesco sottolinea che \u00e8 compito della politica trovare una soluzione a tutto ci\u00f2 che viola i diritti umani fondamentali, come l\u2019esclusione sociale; traffico di organi, tessuti, armi e droga; sfruttamento sessuale; lavoro schiavo; terrorismo e criminalit\u00e0 organizzata. E lancia un forte appello per l&#8217;eliminazione definitiva della tratta, \u201cuna vergogna per l&#8217;umanit\u00e0\u201d, e della fame, perch\u00e9 \u201ccriminale\u201d perch\u00e9 il cibo \u00e8 \u201cun diritto inalienabile\u201d.<\/p>\n","protected":false},"excerpt":{"rendered":"<p>In un messaggio pubblicato sull&#8217;account @Pontifex di X, in occasione della Giornata internazionale per l&#8217;abolizione della schiavit\u00f9, Papa Francesco ha ribadito la sua condanna di pratiche come il lavoro forzato, la prostituzione e il traffico di organi. Nelle sue parole: &#8220;Non possiamo tollerare che l&#8217;immagine del Dio vivente sia sottoposta al traffico pi\u00f9 aberrante&#8221;. \u00abLa [&hellip;]<\/p>\n","protected":false},"author":17,"featured_media":114119,"comment_status":"closed","ping_status":"closed","sticky":false,"template":"","format":"standard","meta":{"_acf_changed":false,"_crdt_document":"","inline_featured_image":false,"footnotes":""},"categories":[67],"tags":[1466,35649,35652,1667,251,35651,4029,35650,35653,35654],"class_list":["post-114202","post","type-post","status-publish","format-standard","has-post-thumbnail","hentry","category-leone-xiv","tag-diritti-umani","tag-giornata-internazionale-per-labolizione-della-schiavitu","tag-lavoro-forzato","tag-onu","tag-papa-francesco","tag-prostituzione","tag-schiavitu","tag-schiavitu-moderna","tag-traffico-di-organi","tag-tratta-di-esseri-umani"],"acf":[],"yoast_head":"<!-- This site is optimized with the Yoast SEO plugin v27.4 - https:\/\/yoast.com\/product\/yoast-seo-wordpress\/ -->\n<title>Francis: La schiavit\u00f9 moderna \u00e8 un crimine contro l\u2019umanit\u00e0 &#8211; Exaudi<\/title>\n<meta name=\"robots\" content=\"index, follow, max-snippet:-1, max-image-preview:large, max-video-preview:-1\" \/>\n<link rel=\"canonical\" href=\"https:\/\/exaudi.org\/it\/francis-la-schiavitu-moderna-e-un-crimine-contro-lumanita\/\" \/>\n<meta property=\"og:locale\" content=\"it_IT\" \/>\n<meta property=\"og:type\" content=\"article\" \/>\n<meta property=\"og:title\" content=\"Francis: La schiavit\u00f9 moderna \u00e8 un crimine contro l\u2019umanit\u00e0 &#8211; Exaudi\" \/>\n<meta property=\"og:description\" content=\"In un messaggio pubblicato sull&#8217;account @Pontifex di X, in occasione della Giornata internazionale per l&#8217;abolizione della schiavit\u00f9, Papa Francesco ha ribadito la sua condanna di pratiche come il lavoro forzato, la prostituzione e il traffico di organi. Nelle sue parole: &#8220;Non possiamo tollerare che l&#8217;immagine del Dio vivente sia sottoposta al traffico pi\u00f9 aberrante&#8221;. \u00abLa [&hellip;]\" \/>\n<meta property=\"og:url\" content=\"https:\/\/exaudi.org\/it\/francis-la-schiavitu-moderna-e-un-crimine-contro-lumanita\/\" \/>\n<meta property=\"og:site_name\" content=\"Exaudi\" \/>\n<meta property=\"article:publisher\" content=\"https:\/\/www.facebook.com\/ExaudiNews\" \/>\n<meta property=\"article:author\" content=\"https:\/\/www.facebook.com\/ExaudiNotizie\/\" \/>\n<meta property=\"article:published_time\" content=\"2024-12-03T18:54:41+00:00\" \/>\n<meta property=\"og:image\" content=\"https:\/\/exaudi.org\/wp-content\/uploads\/2024\/12\/pexels-jibarofoto-2339719-scaled.jpg\" \/>\n\t<meta property=\"og:image:width\" content=\"2560\" \/>\n\t<meta property=\"og:image:height\" content=\"1707\" \/>\n\t<meta property=\"og:image:type\" content=\"image\/jpeg\" \/>\n<meta name=\"author\" content=\"Exaudi Redazione\" \/>\n<meta name=\"twitter:card\" content=\"summary_large_image\" \/>\n<meta name=\"twitter:creator\" content=\"@Exaudi_Notizie\" \/>\n<meta name=\"twitter:site\" content=\"@Exaudi_News\" \/>\n<meta name=\"twitter:label1\" content=\"Scritto da\" \/>\n\t<meta name=\"twitter:data1\" content=\"Exaudi Redazione\" \/>\n\t<meta name=\"twitter:label2\" content=\"Tempo di lettura stimato\" \/>\n\t<meta name=\"twitter:data2\" content=\"5 minuti\" \/>\n<script type=\"application\/ld+json\" class=\"yoast-schema-graph\">{\"@context\":\"https:\\\/\\\/schema.org\",\"@graph\":[{\"@type\":\"Article\",\"@id\":\"https:\\\/\\\/exaudi.org\\\/it\\\/francis-la-schiavitu-moderna-e-un-crimine-contro-lumanita\\\/#article\",\"isPartOf\":{\"@id\":\"https:\\\/\\\/exaudi.org\\\/it\\\/francis-la-schiavitu-moderna-e-un-crimine-contro-lumanita\\\/\"},\"author\":{\"name\":\"Exaudi Redazione\",\"@id\":\"https:\\\/\\\/exaudi.org\\\/#\\\/schema\\\/person\\\/e1ab6ed07c01774724dd96f925f3a5f0\"},\"headline\":\"Francis: La schiavit\u00f9 moderna \u00e8 un crimine contro l\u2019umanit\u00e0\",\"datePublished\":\"2024-12-03T18:54:41+00:00\",\"mainEntityOfPage\":{\"@id\":\"https:\\\/\\\/exaudi.org\\\/it\\\/francis-la-schiavitu-moderna-e-un-crimine-contro-lumanita\\\/\"},\"wordCount\":1048,\"image\":{\"@id\":\"https:\\\/\\\/exaudi.org\\\/it\\\/francis-la-schiavitu-moderna-e-un-crimine-contro-lumanita\\\/#primaryimage\"},\"thumbnailUrl\":\"https:\\\/\\\/exaudi.org\\\/wp-content\\\/uploads\\\/2024\\\/12\\\/pexels-jibarofoto-2339719-scaled.jpg\",\"keywords\":[\"diritti umani\",\"Giornata internazionale per l'abolizione della schiavit\u00f9\",\"lavoro forzato\",\"Onu\",\"Papa Francesco\",\"prostituzione\",\"schiavit\u00f9\",\"schiavit\u00f9 moderna\",\"traffico di organi\",\"tratta di esseri umani.\"],\"articleSection\":[\"Leone XIV\"],\"inLanguage\":\"it-IT\"},{\"@type\":\"WebPage\",\"@id\":\"https:\\\/\\\/exaudi.org\\\/it\\\/francis-la-schiavitu-moderna-e-un-crimine-contro-lumanita\\\/\",\"url\":\"https:\\\/\\\/exaudi.org\\\/it\\\/francis-la-schiavitu-moderna-e-un-crimine-contro-lumanita\\\/\",\"name\":\"Francis: La schiavit\u00f9 moderna \u00e8 un crimine contro l\u2019umanit\u00e0 &#8211; Exaudi\",\"isPartOf\":{\"@id\":\"https:\\\/\\\/exaudi.org\\\/#website\"},\"primaryImageOfPage\":{\"@id\":\"https:\\\/\\\/exaudi.org\\\/it\\\/francis-la-schiavitu-moderna-e-un-crimine-contro-lumanita\\\/#primaryimage\"},\"image\":{\"@id\":\"https:\\\/\\\/exaudi.org\\\/it\\\/francis-la-schiavitu-moderna-e-un-crimine-contro-lumanita\\\/#primaryimage\"},\"thumbnailUrl\":\"https:\\\/\\\/exaudi.org\\\/wp-content\\\/uploads\\\/2024\\\/12\\\/pexels-jibarofoto-2339719-scaled.jpg\",\"datePublished\":\"2024-12-03T18:54:41+00:00\",\"author\":{\"@id\":\"https:\\\/\\\/exaudi.org\\\/#\\\/schema\\\/person\\\/e1ab6ed07c01774724dd96f925f3a5f0\"},\"breadcrumb\":{\"@id\":\"https:\\\/\\\/exaudi.org\\\/it\\\/francis-la-schiavitu-moderna-e-un-crimine-contro-lumanita\\\/#breadcrumb\"},\"inLanguage\":\"it-IT\",\"potentialAction\":[{\"@type\":\"ReadAction\",\"target\":[\"https:\\\/\\\/exaudi.org\\\/it\\\/francis-la-schiavitu-moderna-e-un-crimine-contro-lumanita\\\/\"]}]},{\"@type\":\"ImageObject\",\"inLanguage\":\"it-IT\",\"@id\":\"https:\\\/\\\/exaudi.org\\\/it\\\/francis-la-schiavitu-moderna-e-un-crimine-contro-lumanita\\\/#primaryimage\",\"url\":\"https:\\\/\\\/exaudi.org\\\/wp-content\\\/uploads\\\/2024\\\/12\\\/pexels-jibarofoto-2339719-scaled.jpg\",\"contentUrl\":\"https:\\\/\\\/exaudi.org\\\/wp-content\\\/uploads\\\/2024\\\/12\\\/pexels-jibarofoto-2339719-scaled.jpg\",\"width\":2560,\"height\":1707},{\"@type\":\"BreadcrumbList\",\"@id\":\"https:\\\/\\\/exaudi.org\\\/it\\\/francis-la-schiavitu-moderna-e-un-crimine-contro-lumanita\\\/#breadcrumb\",\"itemListElement\":[{\"@type\":\"ListItem\",\"position\":1,\"name\":\"Portada\",\"item\":\"https:\\\/\\\/exaudi.org\\\/it\\\/\"},{\"@type\":\"ListItem\",\"position\":2,\"name\":\"Francis: La schiavit\u00f9 moderna \u00e8 un crimine contro l\u2019umanit\u00e0\"}]},{\"@type\":\"WebSite\",\"@id\":\"https:\\\/\\\/exaudi.org\\\/#website\",\"url\":\"https:\\\/\\\/exaudi.org\\\/\",\"name\":\"Exaudi\",\"description\":\"News\",\"potentialAction\":[{\"@type\":\"SearchAction\",\"target\":{\"@type\":\"EntryPoint\",\"urlTemplate\":\"https:\\\/\\\/exaudi.org\\\/?s={search_term_string}\"},\"query-input\":{\"@type\":\"PropertyValueSpecification\",\"valueRequired\":true,\"valueName\":\"search_term_string\"}}],\"inLanguage\":\"it-IT\"},{\"@type\":\"Person\",\"@id\":\"https:\\\/\\\/exaudi.org\\\/#\\\/schema\\\/person\\\/e1ab6ed07c01774724dd96f925f3a5f0\",\"name\":\"Exaudi Redazione\",\"image\":{\"@type\":\"ImageObject\",\"inLanguage\":\"it-IT\",\"@id\":\"https:\\\/\\\/secure.gravatar.com\\\/avatar\\\/ad6774b3ada023bf5b939d64f45c94b3adf91502dd883507d469b4308a943bb3?s=96&d=mm&r=g\",\"url\":\"https:\\\/\\\/secure.gravatar.com\\\/avatar\\\/ad6774b3ada023bf5b939d64f45c94b3adf91502dd883507d469b4308a943bb3?s=96&d=mm&r=g\",\"contentUrl\":\"https:\\\/\\\/secure.gravatar.com\\\/avatar\\\/ad6774b3ada023bf5b939d64f45c94b3adf91502dd883507d469b4308a943bb3?s=96&d=mm&r=g\",\"caption\":\"Exaudi Redazione\"},\"description\":\"Che cosa \u00e8 Exaudi News? Exaudi News \u00e8 un agenzia cattolica internazionale che informa, istruisce e trasforma quotidianamente in spagnolo, inglese e italiano. Attraverso notizie, articoli di analisi e trasmissioni in diretta degli eventi del Papa, Exaudi cerca di rafforzare l'unit\u00e0 dei cristiani e di contribuire all'evangelizzazione del mondo, sempre guidato dalla dottrina sociale della Chiesa. Lavoriamo per portare la verit\u00e0 e i valori cristiani in ogni angolo del pianeta. Aiutaci a trasformare il mondo con Exaudi! Noi di Exaudi crediamo che l'evangelizzazione e l'informazione di qualit\u00e0 possano cambiare la vita. Per continuare la nostra missione ed espandere la nostra portata, abbiamo bisogno del tuo aiuto. Stiamo anche cercando persone motivate che vogliano unirsi al nostro team. Grazie al vostro sostegno raggiungeremo pi\u00f9 persone, diffonderemo il messaggio di Cristo e rafforzeremo l'unit\u00e0 dei cristiani. Vuoi unirti alla nostra missione? Per maggiori informazioni su come contribuire, visita Exaudi.org\\\/it o contattaci direttamente: info@exaudi.org Exaudi: informa, forma e trasforma.\",\"sameAs\":[\"https:\\\/\\\/www.facebook.com\\\/ExaudiNotizie\\\/\",\"https:\\\/\\\/www.instagram.com\\\/Exaudi_notizie\\\/\",\"https:\\\/\\\/x.com\\\/Exaudi_Notizie\",\"https:\\\/\\\/www.youtube.com\\\/@exaudicatholicnews\"],\"url\":\"https:\\\/\\\/exaudi.org\\\/it\\\/author\\\/dlvedi-org\\\/\"}]}<\/script>\n<!-- \/ Yoast SEO plugin. -->","yoast_head_json":{"title":"Francis: La schiavit\u00f9 moderna \u00e8 un crimine contro l\u2019umanit\u00e0 &#8211; Exaudi","robots":{"index":"index","follow":"follow","max-snippet":"max-snippet:-1","max-image-preview":"max-image-preview:large","max-video-preview":"max-video-preview:-1"},"canonical":"https:\/\/exaudi.org\/it\/francis-la-schiavitu-moderna-e-un-crimine-contro-lumanita\/","og_locale":"it_IT","og_type":"article","og_title":"Francis: La schiavit\u00f9 moderna \u00e8 un crimine contro l\u2019umanit\u00e0 &#8211; Exaudi","og_description":"In un messaggio pubblicato sull&#8217;account @Pontifex di X, in occasione della Giornata internazionale per l&#8217;abolizione della schiavit\u00f9, Papa Francesco ha ribadito la sua condanna di pratiche come il lavoro forzato, la prostituzione e il traffico di organi. Nelle sue parole: &#8220;Non possiamo tollerare che l&#8217;immagine del Dio vivente sia sottoposta al traffico pi\u00f9 aberrante&#8221;. \u00abLa [&hellip;]","og_url":"https:\/\/exaudi.org\/it\/francis-la-schiavitu-moderna-e-un-crimine-contro-lumanita\/","og_site_name":"Exaudi","article_publisher":"https:\/\/www.facebook.com\/ExaudiNews","article_author":"https:\/\/www.facebook.com\/ExaudiNotizie\/","article_published_time":"2024-12-03T18:54:41+00:00","og_image":[{"width":2560,"height":1707,"url":"https:\/\/exaudi.org\/wp-content\/uploads\/2024\/12\/pexels-jibarofoto-2339719-scaled.jpg","type":"image\/jpeg"}],"author":"Exaudi Redazione","twitter_card":"summary_large_image","twitter_creator":"@Exaudi_Notizie","twitter_site":"@Exaudi_News","twitter_misc":{"Scritto da":"Exaudi Redazione","Tempo di lettura stimato":"5 minuti"},"schema":{"@context":"https:\/\/schema.org","@graph":[{"@type":"Article","@id":"https:\/\/exaudi.org\/it\/francis-la-schiavitu-moderna-e-un-crimine-contro-lumanita\/#article","isPartOf":{"@id":"https:\/\/exaudi.org\/it\/francis-la-schiavitu-moderna-e-un-crimine-contro-lumanita\/"},"author":{"name":"Exaudi Redazione","@id":"https:\/\/exaudi.org\/#\/schema\/person\/e1ab6ed07c01774724dd96f925f3a5f0"},"headline":"Francis: La schiavit\u00f9 moderna \u00e8 un crimine contro l\u2019umanit\u00e0","datePublished":"2024-12-03T18:54:41+00:00","mainEntityOfPage":{"@id":"https:\/\/exaudi.org\/it\/francis-la-schiavitu-moderna-e-un-crimine-contro-lumanita\/"},"wordCount":1048,"image":{"@id":"https:\/\/exaudi.org\/it\/francis-la-schiavitu-moderna-e-un-crimine-contro-lumanita\/#primaryimage"},"thumbnailUrl":"https:\/\/exaudi.org\/wp-content\/uploads\/2024\/12\/pexels-jibarofoto-2339719-scaled.jpg","keywords":["diritti umani","Giornata internazionale per l'abolizione della schiavit\u00f9","lavoro forzato","Onu","Papa Francesco","prostituzione","schiavit\u00f9","schiavit\u00f9 moderna","traffico di organi","tratta di esseri umani."],"articleSection":["Leone XIV"],"inLanguage":"it-IT"},{"@type":"WebPage","@id":"https:\/\/exaudi.org\/it\/francis-la-schiavitu-moderna-e-un-crimine-contro-lumanita\/","url":"https:\/\/exaudi.org\/it\/francis-la-schiavitu-moderna-e-un-crimine-contro-lumanita\/","name":"Francis: La schiavit\u00f9 moderna \u00e8 un crimine contro l\u2019umanit\u00e0 &#8211; Exaudi","isPartOf":{"@id":"https:\/\/exaudi.org\/#website"},"primaryImageOfPage":{"@id":"https:\/\/exaudi.org\/it\/francis-la-schiavitu-moderna-e-un-crimine-contro-lumanita\/#primaryimage"},"image":{"@id":"https:\/\/exaudi.org\/it\/francis-la-schiavitu-moderna-e-un-crimine-contro-lumanita\/#primaryimage"},"thumbnailUrl":"https:\/\/exaudi.org\/wp-content\/uploads\/2024\/12\/pexels-jibarofoto-2339719-scaled.jpg","datePublished":"2024-12-03T18:54:41+00:00","author":{"@id":"https:\/\/exaudi.org\/#\/schema\/person\/e1ab6ed07c01774724dd96f925f3a5f0"},"breadcrumb":{"@id":"https:\/\/exaudi.org\/it\/francis-la-schiavitu-moderna-e-un-crimine-contro-lumanita\/#breadcrumb"},"inLanguage":"it-IT","potentialAction":[{"@type":"ReadAction","target":["https:\/\/exaudi.org\/it\/francis-la-schiavitu-moderna-e-un-crimine-contro-lumanita\/"]}]},{"@type":"ImageObject","inLanguage":"it-IT","@id":"https:\/\/exaudi.org\/it\/francis-la-schiavitu-moderna-e-un-crimine-contro-lumanita\/#primaryimage","url":"https:\/\/exaudi.org\/wp-content\/uploads\/2024\/12\/pexels-jibarofoto-2339719-scaled.jpg","contentUrl":"https:\/\/exaudi.org\/wp-content\/uploads\/2024\/12\/pexels-jibarofoto-2339719-scaled.jpg","width":2560,"height":1707},{"@type":"BreadcrumbList","@id":"https:\/\/exaudi.org\/it\/francis-la-schiavitu-moderna-e-un-crimine-contro-lumanita\/#breadcrumb","itemListElement":[{"@type":"ListItem","position":1,"name":"Portada","item":"https:\/\/exaudi.org\/it\/"},{"@type":"ListItem","position":2,"name":"Francis: La schiavit\u00f9 moderna \u00e8 un crimine contro l\u2019umanit\u00e0"}]},{"@type":"WebSite","@id":"https:\/\/exaudi.org\/#website","url":"https:\/\/exaudi.org\/","name":"Exaudi","description":"News","potentialAction":[{"@type":"SearchAction","target":{"@type":"EntryPoint","urlTemplate":"https:\/\/exaudi.org\/?s={search_term_string}"},"query-input":{"@type":"PropertyValueSpecification","valueRequired":true,"valueName":"search_term_string"}}],"inLanguage":"it-IT"},{"@type":"Person","@id":"https:\/\/exaudi.org\/#\/schema\/person\/e1ab6ed07c01774724dd96f925f3a5f0","name":"Exaudi Redazione","image":{"@type":"ImageObject","inLanguage":"it-IT","@id":"https:\/\/secure.gravatar.com\/avatar\/ad6774b3ada023bf5b939d64f45c94b3adf91502dd883507d469b4308a943bb3?s=96&d=mm&r=g","url":"https:\/\/secure.gravatar.com\/avatar\/ad6774b3ada023bf5b939d64f45c94b3adf91502dd883507d469b4308a943bb3?s=96&d=mm&r=g","contentUrl":"https:\/\/secure.gravatar.com\/avatar\/ad6774b3ada023bf5b939d64f45c94b3adf91502dd883507d469b4308a943bb3?s=96&d=mm&r=g","caption":"Exaudi Redazione"},"description":"Che cosa \u00e8 Exaudi News? Exaudi News \u00e8 un agenzia cattolica internazionale che informa, istruisce e trasforma quotidianamente in spagnolo, inglese e italiano. Attraverso notizie, articoli di analisi e trasmissioni in diretta degli eventi del Papa, Exaudi cerca di rafforzare l'unit\u00e0 dei cristiani e di contribuire all'evangelizzazione del mondo, sempre guidato dalla dottrina sociale della Chiesa. Lavoriamo per portare la verit\u00e0 e i valori cristiani in ogni angolo del pianeta. Aiutaci a trasformare il mondo con Exaudi! Noi di Exaudi crediamo che l'evangelizzazione e l'informazione di qualit\u00e0 possano cambiare la vita. Per continuare la nostra missione ed espandere la nostra portata, abbiamo bisogno del tuo aiuto. Stiamo anche cercando persone motivate che vogliano unirsi al nostro team. Grazie al vostro sostegno raggiungeremo pi\u00f9 persone, diffonderemo il messaggio di Cristo e rafforzeremo l'unit\u00e0 dei cristiani. Vuoi unirti alla nostra missione? Per maggiori informazioni su come contribuire, visita Exaudi.org\/it o contattaci direttamente: info@exaudi.org Exaudi: informa, forma e trasforma.","sameAs":["https:\/\/www.facebook.com\/ExaudiNotizie\/","https:\/\/www.instagram.com\/Exaudi_notizie\/","https:\/\/x.com\/Exaudi_Notizie","https:\/\/www.youtube.com\/@exaudicatholicnews"],"url":"https:\/\/exaudi.org\/it\/author\/dlvedi-org\/"}]}},"jetpack_featured_media_url":"https:\/\/exaudi.org\/wp-content\/uploads\/2024\/12\/pexels-jibarofoto-2339719-scaled.jpg","jetpack_shortlink":"https:\/\/wp.me\/pgKjF2-tHY","_links":{"self":[{"href":"https:\/\/exaudi.org\/it\/wp-json\/wp\/v2\/posts\/114202","targetHints":{"allow":["GET"]}}],"collection":[{"href":"https:\/\/exaudi.org\/it\/wp-json\/wp\/v2\/posts"}],"about":[{"href":"https:\/\/exaudi.org\/it\/wp-json\/wp\/v2\/types\/post"}],"author":[{"embeddable":true,"href":"https:\/\/exaudi.org\/it\/wp-json\/wp\/v2\/users\/17"}],"replies":[{"embeddable":true,"href":"https:\/\/exaudi.org\/it\/wp-json\/wp\/v2\/comments?post=114202"}],"version-history":[{"count":0,"href":"https:\/\/exaudi.org\/it\/wp-json\/wp\/v2\/posts\/114202\/revisions"}],"wp:featuredmedia":[{"embeddable":true,"href":"https:\/\/exaudi.org\/it\/wp-json\/wp\/v2\/media\/114119"}],"wp:attachment":[{"href":"https:\/\/exaudi.org\/it\/wp-json\/wp\/v2\/media?parent=114202"}],"wp:term":[{"taxonomy":"category","embeddable":true,"href":"https:\/\/exaudi.org\/it\/wp-json\/wp\/v2\/categories?post=114202"},{"taxonomy":"post_tag","embeddable":true,"href":"https:\/\/exaudi.org\/it\/wp-json\/wp\/v2\/tags?post=114202"}],"curies":[{"name":"wp","href":"https:\/\/api.w.org\/{rel}","templated":true}]}}