{"id":114105,"date":"2024-12-02T19:04:38","date_gmt":"2024-12-02T18:04:38","guid":{"rendered":"https:\/\/exaudi.org\/?p=114105"},"modified":"2024-12-02T19:04:38","modified_gmt":"2024-12-02T18:04:38","slug":"lomaggio-del-papa-allimmacolata-e-le-iniziative-della-sua-diocesi","status":"publish","type":"post","link":"https:\/\/exaudi.org\/it\/lomaggio-del-papa-allimmacolata-e-le-iniziative-della-sua-diocesi\/","title":{"rendered":"L&#8217;omaggio del Papa all&#8217;Immacolata e le iniziative della sua diocesi"},"content":{"rendered":"<p>Domenica 8 dicembre si celebra la solennit\u00e0 dell&#8217;Immacolata Concezione della Beata Vergine Maria. In occasione della ricorrenza, per tutta la giornata i cittadini romani renderanno omaggio alla statua dell&#8217;Immacolata in <em>piazza Mignanelli<\/em>, nei pressi di <em>piazza di Spagna<\/em>. Secondo la tradizione, i primi a rendere omaggio alla Madre di Dio saranno i vigili del fuoco, in onore dei 220 compagni che inaugurarono il monumento l&#8217;8 dicembre 1857: alle 7 del mattino saliranno in cima per deporre la loro ghirlanda di fiori sul braccio della Vergine. Anche Papa Francesco parteciper\u00e0 al tradizionale omaggio, il cui arrivo in Plaza de Espa\u00f1a \u00e8 previsto per le ore 16.00. Sar\u00e0 ricevuto dal vicario generale, cardinale Baldassare Reina e dal sindaco di Roma, Roberto Gualtieri; Pregher\u00e0 davanti al monumento dedicato alla Vergine e lascer\u00e0 fiori ai suoi piedi.<\/p>\n<h3><strong>Omaggi dai diversi gruppi<\/strong><\/h3>\n<p>Davanti al Papa, numerosi gruppi e personalit\u00e0 lasceranno offerte floreali ai piedi della colonna alta 12 metri, progettata dall&#8217;architetto Luigi Poletti, sulla quale troneggia la statua mariana in bronzo realizzata dallo scultore Giuseppe Obici. Il Corpo della Gendarmeria Vaticana render\u00e0 il suo omaggio, con la banda musicale che eseguir\u00e0 un inno a Maria; la parrocchia di <em>Sant&#8217;Andrea delle Fratte<\/em>, il Sovrano Ordine di Malta, la <em>Legio Mariae<\/em>, il <em>Circolo San Pietro<\/em>, la Fondazione Don Gnocchi e tanti altri. Senza dimenticare il grande corteo dei lavoratori delle pi\u00f9 importanti aziende romane, comprese quelle comunali e municipali, l&#8217;ambasciatore di Spagna presso la Santa Sede con i gruppi spagnoli e quelli dell&#8217;Unitalsi.<\/p>\n<h3><strong>Canti e preghiere con i frati<\/strong><\/h3>\n<p>A partire dalle cinque del mattino e per tutta la giornata, i Frati Minori Conventuali della Basilica dei Santi XII Apostoli saranno in piazza per accogliere gruppi e singoli fedeli, incoraggiandoli con canti e preghiere. &#8220;L&#8217;8 dicembre \u00e8 una grande occasione di evangelizzazione &#8211; spiega il parroco e rettore della basilica, padre Francesco Celestino &#8211; perch\u00e9 si ha la possibilit\u00e0 di incontrare tante persone. La partecipazione all&#8217;omaggio aumenta di anno in anno&#8221;. Inoltre, ai Santi XII Apostoli si celebra la pi\u00f9 antica novena all&#8217;Immacolata di Roma: dal 29 novembre al 7 dicembre, la preghiera del Rosario e il canto delle litanie sono in programma alle 17,45, poi alle 18: Ore 30, la messa che sar\u00e0 presieduta sempre da un cardinale con il canto di Tota Pulchra, che \u201c\u00e8 stata composta \u2013 ricorda il parroco, p. Celestino \u2013 di Padre Alessandro Borroni, un nostro confratello vissuto nel 19\u00b0 secolo.&#8221;<\/p>\n<h3><strong>Messe presiedute dai cardinali<\/strong><\/h3>\n<p>Venerd\u00ec 29 novembre la Messa \u00e8 stata presieduta dal cardinale Jo\u00e3o Braz De Aviz, prefetto del Dicastero per gli Istituti di vita consacrata e le Societ\u00e0 di vita apostolica; Sabato 30 \u00e8 stata la volta del cardinale Lazzarro You Heung-Sik, prefetto del Dicastero per il clero; mentre il 1\u00b0 dicembre \u00e8 stata la volta del cardinale Mauro Gambetti, arciprete della Basilica di San Pietro e vicario di Sua Santit\u00e0 per la Citt\u00e0 del Vaticano. Luned\u00ec 2 dicembre il cardinale Dominique Mamberti, prefetto del Supremo Tribunale della Segnatura Apostolica, celebrer\u00e0 la Messa; il 3 dicembre il cardinale Angelo De Donatis, penitenziere maggiore; mercoled\u00ec 4 il cardinale Claudio Gugerotti, prefetto del Dicastero per le Chiese Orientali. Il 5 dicembre presieder\u00e0 il cardinale Fernando V\u00e9rgez Alzaga, presidente del Governatorato dello Stato della Citt\u00e0 del Vaticano; venerd\u00ec 6 il cardinale Robert Francis Prevost, prefetto del Dicastero per i Vescovi; infine, sabato 7 dicembre, il cardinale Fran\u00e7ois-Xavier Bustillo, vescovo di Ajaccio.<\/p>\n<p>Domenica 8 dicembre, solennit\u00e0 dell&#8217;Immacolata, sono previste le celebrazioni eucaristiche alle ore 9 e 10,30; alle 17,45 il Rosario e il canto delle litanie; alle ore 18,30, solenne concelebrazione eucaristica presieduta dal cardinale Pietro Parolin, segretario di Stato vaticano, e concelebrata dal cardinale Dominique Joseph Mathieu, arcivescovo di Teheran-Isfahan dei Latini. Tutte le celebrazioni saranno animate dalla Cappella Musicale Costantiniana della Basilica.<\/p>\n","protected":false},"excerpt":{"rendered":"<p>L&#8217;8 dicembre sar\u00e0 reso omaggio alla Madonna in Piazza Mignanelli. Dal 29 novembre al 7 dicembre si reciter\u00e0 il Rosario e sar\u00e0 celebrata una Messa nella Basilica dei Santi XII Apostoli<\/p>\n","protected":false},"author":17,"featured_media":114052,"comment_status":"closed","ping_status":"closed","sticky":false,"template":"","format":"standard","meta":{"_acf_changed":false,"_crdt_document":"","inline_featured_image":false,"footnotes":""},"categories":[67],"tags":[35384,35386,2056,17042,34422,35387,17620,2487,35388,7861,35391,35392,35393,35390,35389,251,35394,35395,1044,1862,35396,6252,35397,35398,35399,35385],"class_list":["post-114105","post","type-post","status-publish","format-standard","has-post-thumbnail","hentry","category-leone-xiv","tag-8-dicembre-basilica-dei-santi-xii-apostoli","tag-canti-e-preghiere","tag-cardinali","tag-celebrazione-eucaristica","tag-celebrazioni-religiose","tag-comunita-cattolica-romana","tag-devozione-mariana","tag-featured-3","tag-frati-minori-conventuali","tag-immacolata-concezione","tag-massa","tag-messa-presieduta-dai-cardinali","tag-novena-allimmacolata","tag-omaggio-al-papa","tag-omaggio-alla-vergine-maria","tag-papa-francesco","tag-papa-francesco-a-roma","tag-piazza-mignanelli-2","tag-roma","tag-rosario","tag-rosario-e-litanie","tag-santa-sede-it","tag-solennita-mariana","tag-tota-pulchra-2","tag-tradizione-romana","tag-vigili-del-fuoco"],"acf":[],"yoast_head":"<!-- This site is optimized with the Yoast SEO plugin v27.4 - https:\/\/yoast.com\/product\/yoast-seo-wordpress\/ -->\n<title>L&#039;omaggio del Papa all&#039;Immacolata e le iniziative della sua diocesi &#8211; Exaudi<\/title>\n<meta name=\"robots\" content=\"index, follow, max-snippet:-1, max-image-preview:large, max-video-preview:-1\" \/>\n<link rel=\"canonical\" href=\"https:\/\/exaudi.org\/it\/lomaggio-del-papa-allimmacolata-e-le-iniziative-della-sua-diocesi\/\" \/>\n<meta property=\"og:locale\" content=\"it_IT\" \/>\n<meta property=\"og:type\" content=\"article\" \/>\n<meta property=\"og:title\" content=\"L&#039;omaggio del Papa all&#039;Immacolata e le iniziative della sua diocesi &#8211; Exaudi\" \/>\n<meta property=\"og:description\" content=\"L&#039;8 dicembre sar\u00e0 reso omaggio alla Madonna in Piazza Mignanelli. Dal 29 novembre al 7 dicembre si reciter\u00e0 il Rosario e sar\u00e0 celebrata una Messa nella Basilica dei Santi XII Apostoli\" \/>\n<meta property=\"og:url\" content=\"https:\/\/exaudi.org\/it\/lomaggio-del-papa-allimmacolata-e-le-iniziative-della-sua-diocesi\/\" \/>\n<meta property=\"og:site_name\" content=\"Exaudi\" \/>\n<meta property=\"article:publisher\" content=\"https:\/\/www.facebook.com\/ExaudiNews\" \/>\n<meta property=\"article:author\" content=\"https:\/\/www.facebook.com\/ExaudiNotizie\/\" \/>\n<meta property=\"article:published_time\" content=\"2024-12-02T18:04:38+00:00\" \/>\n<meta property=\"og:image\" content=\"https:\/\/exaudi.org\/wp-content\/uploads\/2024\/12\/cq5dam.thumbnail.cropped.750.422-2.jpeg\" \/>\n\t<meta property=\"og:image:width\" content=\"750\" \/>\n\t<meta property=\"og:image:height\" content=\"422\" \/>\n\t<meta property=\"og:image:type\" content=\"image\/jpeg\" \/>\n<meta name=\"author\" content=\"Exaudi Redazione\" \/>\n<meta name=\"twitter:card\" content=\"summary_large_image\" \/>\n<meta name=\"twitter:creator\" content=\"@Exaudi_Notizie\" \/>\n<meta name=\"twitter:site\" content=\"@Exaudi_News\" \/>\n<meta name=\"twitter:label1\" content=\"Scritto da\" \/>\n\t<meta name=\"twitter:data1\" content=\"Exaudi Redazione\" \/>\n\t<meta name=\"twitter:label2\" content=\"Tempo di lettura stimato\" \/>\n\t<meta name=\"twitter:data2\" content=\"3 minuti\" \/>\n<script type=\"application\/ld+json\" class=\"yoast-schema-graph\">{\"@context\":\"https:\\\/\\\/schema.org\",\"@graph\":[{\"@type\":\"Article\",\"@id\":\"https:\\\/\\\/exaudi.org\\\/it\\\/lomaggio-del-papa-allimmacolata-e-le-iniziative-della-sua-diocesi\\\/#article\",\"isPartOf\":{\"@id\":\"https:\\\/\\\/exaudi.org\\\/it\\\/lomaggio-del-papa-allimmacolata-e-le-iniziative-della-sua-diocesi\\\/\"},\"author\":{\"name\":\"Exaudi Redazione\",\"@id\":\"https:\\\/\\\/exaudi.org\\\/#\\\/schema\\\/person\\\/e1ab6ed07c01774724dd96f925f3a5f0\"},\"headline\":\"L&#8217;omaggio del Papa all&#8217;Immacolata e le iniziative della sua diocesi\",\"datePublished\":\"2024-12-02T18:04:38+00:00\",\"mainEntityOfPage\":{\"@id\":\"https:\\\/\\\/exaudi.org\\\/it\\\/lomaggio-del-papa-allimmacolata-e-le-iniziative-della-sua-diocesi\\\/\"},\"wordCount\":613,\"image\":{\"@id\":\"https:\\\/\\\/exaudi.org\\\/it\\\/lomaggio-del-papa-allimmacolata-e-le-iniziative-della-sua-diocesi\\\/#primaryimage\"},\"thumbnailUrl\":\"https:\\\/\\\/exaudi.org\\\/wp-content\\\/uploads\\\/2024\\\/12\\\/cq5dam.thumbnail.cropped.750.422-2.jpeg\",\"keywords\":[\"8 dicembre Basilica dei Santi XII Apostoli\",\"canti e preghiere\",\"cardinali\",\"celebrazione eucaristica\",\"Celebrazioni religiose\",\"comunit\u00e0 cattolica romana\",\"DEVOZIONE MARIANA\",\"Featured\",\"Frati Minori Conventuali\",\"Immacolata Concezione\",\"massa\",\"Messa presieduta dai cardinali\",\"novena all'Immacolata\",\"Omaggio al Papa\",\"omaggio alla Vergine Maria\",\"Papa Francesco\",\"Papa Francesco a Roma\",\"Piazza Mignanelli\",\"Roma\",\"Rosario\",\"Rosario e litanie\",\"Santa Sede\",\"solennit\u00e0 mariana\",\"Tota Pulchra\",\"tradizione romana\",\"vigili del fuoco\"],\"articleSection\":[\"Leone XIV\"],\"inLanguage\":\"it-IT\"},{\"@type\":\"WebPage\",\"@id\":\"https:\\\/\\\/exaudi.org\\\/it\\\/lomaggio-del-papa-allimmacolata-e-le-iniziative-della-sua-diocesi\\\/\",\"url\":\"https:\\\/\\\/exaudi.org\\\/it\\\/lomaggio-del-papa-allimmacolata-e-le-iniziative-della-sua-diocesi\\\/\",\"name\":\"L'omaggio del Papa all'Immacolata e le iniziative della sua diocesi &#8211; Exaudi\",\"isPartOf\":{\"@id\":\"https:\\\/\\\/exaudi.org\\\/#website\"},\"primaryImageOfPage\":{\"@id\":\"https:\\\/\\\/exaudi.org\\\/it\\\/lomaggio-del-papa-allimmacolata-e-le-iniziative-della-sua-diocesi\\\/#primaryimage\"},\"image\":{\"@id\":\"https:\\\/\\\/exaudi.org\\\/it\\\/lomaggio-del-papa-allimmacolata-e-le-iniziative-della-sua-diocesi\\\/#primaryimage\"},\"thumbnailUrl\":\"https:\\\/\\\/exaudi.org\\\/wp-content\\\/uploads\\\/2024\\\/12\\\/cq5dam.thumbnail.cropped.750.422-2.jpeg\",\"datePublished\":\"2024-12-02T18:04:38+00:00\",\"author\":{\"@id\":\"https:\\\/\\\/exaudi.org\\\/#\\\/schema\\\/person\\\/e1ab6ed07c01774724dd96f925f3a5f0\"},\"breadcrumb\":{\"@id\":\"https:\\\/\\\/exaudi.org\\\/it\\\/lomaggio-del-papa-allimmacolata-e-le-iniziative-della-sua-diocesi\\\/#breadcrumb\"},\"inLanguage\":\"it-IT\",\"potentialAction\":[{\"@type\":\"ReadAction\",\"target\":[\"https:\\\/\\\/exaudi.org\\\/it\\\/lomaggio-del-papa-allimmacolata-e-le-iniziative-della-sua-diocesi\\\/\"]}]},{\"@type\":\"ImageObject\",\"inLanguage\":\"it-IT\",\"@id\":\"https:\\\/\\\/exaudi.org\\\/it\\\/lomaggio-del-papa-allimmacolata-e-le-iniziative-della-sua-diocesi\\\/#primaryimage\",\"url\":\"https:\\\/\\\/exaudi.org\\\/wp-content\\\/uploads\\\/2024\\\/12\\\/cq5dam.thumbnail.cropped.750.422-2.jpeg\",\"contentUrl\":\"https:\\\/\\\/exaudi.org\\\/wp-content\\\/uploads\\\/2024\\\/12\\\/cq5dam.thumbnail.cropped.750.422-2.jpeg\",\"width\":750,\"height\":422},{\"@type\":\"BreadcrumbList\",\"@id\":\"https:\\\/\\\/exaudi.org\\\/it\\\/lomaggio-del-papa-allimmacolata-e-le-iniziative-della-sua-diocesi\\\/#breadcrumb\",\"itemListElement\":[{\"@type\":\"ListItem\",\"position\":1,\"name\":\"Portada\",\"item\":\"https:\\\/\\\/exaudi.org\\\/it\\\/\"},{\"@type\":\"ListItem\",\"position\":2,\"name\":\"L&#8217;omaggio del Papa all&#8217;Immacolata e le iniziative della sua diocesi\"}]},{\"@type\":\"WebSite\",\"@id\":\"https:\\\/\\\/exaudi.org\\\/#website\",\"url\":\"https:\\\/\\\/exaudi.org\\\/\",\"name\":\"Exaudi\",\"description\":\"News\",\"potentialAction\":[{\"@type\":\"SearchAction\",\"target\":{\"@type\":\"EntryPoint\",\"urlTemplate\":\"https:\\\/\\\/exaudi.org\\\/?s={search_term_string}\"},\"query-input\":{\"@type\":\"PropertyValueSpecification\",\"valueRequired\":true,\"valueName\":\"search_term_string\"}}],\"inLanguage\":\"it-IT\"},{\"@type\":\"Person\",\"@id\":\"https:\\\/\\\/exaudi.org\\\/#\\\/schema\\\/person\\\/e1ab6ed07c01774724dd96f925f3a5f0\",\"name\":\"Exaudi Redazione\",\"image\":{\"@type\":\"ImageObject\",\"inLanguage\":\"it-IT\",\"@id\":\"https:\\\/\\\/secure.gravatar.com\\\/avatar\\\/ad6774b3ada023bf5b939d64f45c94b3adf91502dd883507d469b4308a943bb3?s=96&d=mm&r=g\",\"url\":\"https:\\\/\\\/secure.gravatar.com\\\/avatar\\\/ad6774b3ada023bf5b939d64f45c94b3adf91502dd883507d469b4308a943bb3?s=96&d=mm&r=g\",\"contentUrl\":\"https:\\\/\\\/secure.gravatar.com\\\/avatar\\\/ad6774b3ada023bf5b939d64f45c94b3adf91502dd883507d469b4308a943bb3?s=96&d=mm&r=g\",\"caption\":\"Exaudi Redazione\"},\"description\":\"Che cosa \u00e8 Exaudi News? Exaudi News \u00e8 un agenzia cattolica internazionale che informa, istruisce e trasforma quotidianamente in spagnolo, inglese e italiano. Attraverso notizie, articoli di analisi e trasmissioni in diretta degli eventi del Papa, Exaudi cerca di rafforzare l'unit\u00e0 dei cristiani e di contribuire all'evangelizzazione del mondo, sempre guidato dalla dottrina sociale della Chiesa. Lavoriamo per portare la verit\u00e0 e i valori cristiani in ogni angolo del pianeta. Aiutaci a trasformare il mondo con Exaudi! Noi di Exaudi crediamo che l'evangelizzazione e l'informazione di qualit\u00e0 possano cambiare la vita. Per continuare la nostra missione ed espandere la nostra portata, abbiamo bisogno del tuo aiuto. Stiamo anche cercando persone motivate che vogliano unirsi al nostro team. Grazie al vostro sostegno raggiungeremo pi\u00f9 persone, diffonderemo il messaggio di Cristo e rafforzeremo l'unit\u00e0 dei cristiani. Vuoi unirti alla nostra missione? Per maggiori informazioni su come contribuire, visita Exaudi.org\\\/it o contattaci direttamente: info@exaudi.org Exaudi: informa, forma e trasforma.\",\"sameAs\":[\"https:\\\/\\\/www.facebook.com\\\/ExaudiNotizie\\\/\",\"https:\\\/\\\/www.instagram.com\\\/Exaudi_notizie\\\/\",\"https:\\\/\\\/x.com\\\/Exaudi_Notizie\",\"https:\\\/\\\/www.youtube.com\\\/@exaudicatholicnews\"],\"url\":\"https:\\\/\\\/exaudi.org\\\/it\\\/author\\\/dlvedi-org\\\/\"}]}<\/script>\n<!-- \/ Yoast SEO plugin. -->","yoast_head_json":{"title":"L'omaggio del Papa all'Immacolata e le iniziative della sua diocesi &#8211; Exaudi","robots":{"index":"index","follow":"follow","max-snippet":"max-snippet:-1","max-image-preview":"max-image-preview:large","max-video-preview":"max-video-preview:-1"},"canonical":"https:\/\/exaudi.org\/it\/lomaggio-del-papa-allimmacolata-e-le-iniziative-della-sua-diocesi\/","og_locale":"it_IT","og_type":"article","og_title":"L'omaggio del Papa all'Immacolata e le iniziative della sua diocesi &#8211; Exaudi","og_description":"L'8 dicembre sar\u00e0 reso omaggio alla Madonna in Piazza Mignanelli. Dal 29 novembre al 7 dicembre si reciter\u00e0 il Rosario e sar\u00e0 celebrata una Messa nella Basilica dei Santi XII Apostoli","og_url":"https:\/\/exaudi.org\/it\/lomaggio-del-papa-allimmacolata-e-le-iniziative-della-sua-diocesi\/","og_site_name":"Exaudi","article_publisher":"https:\/\/www.facebook.com\/ExaudiNews","article_author":"https:\/\/www.facebook.com\/ExaudiNotizie\/","article_published_time":"2024-12-02T18:04:38+00:00","og_image":[{"width":750,"height":422,"url":"https:\/\/exaudi.org\/wp-content\/uploads\/2024\/12\/cq5dam.thumbnail.cropped.750.422-2.jpeg","type":"image\/jpeg"}],"author":"Exaudi Redazione","twitter_card":"summary_large_image","twitter_creator":"@Exaudi_Notizie","twitter_site":"@Exaudi_News","twitter_misc":{"Scritto da":"Exaudi Redazione","Tempo di lettura stimato":"3 minuti"},"schema":{"@context":"https:\/\/schema.org","@graph":[{"@type":"Article","@id":"https:\/\/exaudi.org\/it\/lomaggio-del-papa-allimmacolata-e-le-iniziative-della-sua-diocesi\/#article","isPartOf":{"@id":"https:\/\/exaudi.org\/it\/lomaggio-del-papa-allimmacolata-e-le-iniziative-della-sua-diocesi\/"},"author":{"name":"Exaudi Redazione","@id":"https:\/\/exaudi.org\/#\/schema\/person\/e1ab6ed07c01774724dd96f925f3a5f0"},"headline":"L&#8217;omaggio del Papa all&#8217;Immacolata e le iniziative della sua diocesi","datePublished":"2024-12-02T18:04:38+00:00","mainEntityOfPage":{"@id":"https:\/\/exaudi.org\/it\/lomaggio-del-papa-allimmacolata-e-le-iniziative-della-sua-diocesi\/"},"wordCount":613,"image":{"@id":"https:\/\/exaudi.org\/it\/lomaggio-del-papa-allimmacolata-e-le-iniziative-della-sua-diocesi\/#primaryimage"},"thumbnailUrl":"https:\/\/exaudi.org\/wp-content\/uploads\/2024\/12\/cq5dam.thumbnail.cropped.750.422-2.jpeg","keywords":["8 dicembre Basilica dei Santi XII Apostoli","canti e preghiere","cardinali","celebrazione eucaristica","Celebrazioni religiose","comunit\u00e0 cattolica romana","DEVOZIONE MARIANA","Featured","Frati Minori Conventuali","Immacolata Concezione","massa","Messa presieduta dai cardinali","novena all'Immacolata","Omaggio al Papa","omaggio alla Vergine Maria","Papa Francesco","Papa Francesco a Roma","Piazza Mignanelli","Roma","Rosario","Rosario e litanie","Santa Sede","solennit\u00e0 mariana","Tota Pulchra","tradizione romana","vigili del fuoco"],"articleSection":["Leone XIV"],"inLanguage":"it-IT"},{"@type":"WebPage","@id":"https:\/\/exaudi.org\/it\/lomaggio-del-papa-allimmacolata-e-le-iniziative-della-sua-diocesi\/","url":"https:\/\/exaudi.org\/it\/lomaggio-del-papa-allimmacolata-e-le-iniziative-della-sua-diocesi\/","name":"L'omaggio del Papa all'Immacolata e le iniziative della sua diocesi &#8211; Exaudi","isPartOf":{"@id":"https:\/\/exaudi.org\/#website"},"primaryImageOfPage":{"@id":"https:\/\/exaudi.org\/it\/lomaggio-del-papa-allimmacolata-e-le-iniziative-della-sua-diocesi\/#primaryimage"},"image":{"@id":"https:\/\/exaudi.org\/it\/lomaggio-del-papa-allimmacolata-e-le-iniziative-della-sua-diocesi\/#primaryimage"},"thumbnailUrl":"https:\/\/exaudi.org\/wp-content\/uploads\/2024\/12\/cq5dam.thumbnail.cropped.750.422-2.jpeg","datePublished":"2024-12-02T18:04:38+00:00","author":{"@id":"https:\/\/exaudi.org\/#\/schema\/person\/e1ab6ed07c01774724dd96f925f3a5f0"},"breadcrumb":{"@id":"https:\/\/exaudi.org\/it\/lomaggio-del-papa-allimmacolata-e-le-iniziative-della-sua-diocesi\/#breadcrumb"},"inLanguage":"it-IT","potentialAction":[{"@type":"ReadAction","target":["https:\/\/exaudi.org\/it\/lomaggio-del-papa-allimmacolata-e-le-iniziative-della-sua-diocesi\/"]}]},{"@type":"ImageObject","inLanguage":"it-IT","@id":"https:\/\/exaudi.org\/it\/lomaggio-del-papa-allimmacolata-e-le-iniziative-della-sua-diocesi\/#primaryimage","url":"https:\/\/exaudi.org\/wp-content\/uploads\/2024\/12\/cq5dam.thumbnail.cropped.750.422-2.jpeg","contentUrl":"https:\/\/exaudi.org\/wp-content\/uploads\/2024\/12\/cq5dam.thumbnail.cropped.750.422-2.jpeg","width":750,"height":422},{"@type":"BreadcrumbList","@id":"https:\/\/exaudi.org\/it\/lomaggio-del-papa-allimmacolata-e-le-iniziative-della-sua-diocesi\/#breadcrumb","itemListElement":[{"@type":"ListItem","position":1,"name":"Portada","item":"https:\/\/exaudi.org\/it\/"},{"@type":"ListItem","position":2,"name":"L&#8217;omaggio del Papa all&#8217;Immacolata e le iniziative della sua diocesi"}]},{"@type":"WebSite","@id":"https:\/\/exaudi.org\/#website","url":"https:\/\/exaudi.org\/","name":"Exaudi","description":"News","potentialAction":[{"@type":"SearchAction","target":{"@type":"EntryPoint","urlTemplate":"https:\/\/exaudi.org\/?s={search_term_string}"},"query-input":{"@type":"PropertyValueSpecification","valueRequired":true,"valueName":"search_term_string"}}],"inLanguage":"it-IT"},{"@type":"Person","@id":"https:\/\/exaudi.org\/#\/schema\/person\/e1ab6ed07c01774724dd96f925f3a5f0","name":"Exaudi Redazione","image":{"@type":"ImageObject","inLanguage":"it-IT","@id":"https:\/\/secure.gravatar.com\/avatar\/ad6774b3ada023bf5b939d64f45c94b3adf91502dd883507d469b4308a943bb3?s=96&d=mm&r=g","url":"https:\/\/secure.gravatar.com\/avatar\/ad6774b3ada023bf5b939d64f45c94b3adf91502dd883507d469b4308a943bb3?s=96&d=mm&r=g","contentUrl":"https:\/\/secure.gravatar.com\/avatar\/ad6774b3ada023bf5b939d64f45c94b3adf91502dd883507d469b4308a943bb3?s=96&d=mm&r=g","caption":"Exaudi Redazione"},"description":"Che cosa \u00e8 Exaudi News? Exaudi News \u00e8 un agenzia cattolica internazionale che informa, istruisce e trasforma quotidianamente in spagnolo, inglese e italiano. Attraverso notizie, articoli di analisi e trasmissioni in diretta degli eventi del Papa, Exaudi cerca di rafforzare l'unit\u00e0 dei cristiani e di contribuire all'evangelizzazione del mondo, sempre guidato dalla dottrina sociale della Chiesa. Lavoriamo per portare la verit\u00e0 e i valori cristiani in ogni angolo del pianeta. Aiutaci a trasformare il mondo con Exaudi! Noi di Exaudi crediamo che l'evangelizzazione e l'informazione di qualit\u00e0 possano cambiare la vita. Per continuare la nostra missione ed espandere la nostra portata, abbiamo bisogno del tuo aiuto. Stiamo anche cercando persone motivate che vogliano unirsi al nostro team. Grazie al vostro sostegno raggiungeremo pi\u00f9 persone, diffonderemo il messaggio di Cristo e rafforzeremo l'unit\u00e0 dei cristiani. Vuoi unirti alla nostra missione? Per maggiori informazioni su come contribuire, visita Exaudi.org\/it o contattaci direttamente: info@exaudi.org Exaudi: informa, forma e trasforma.","sameAs":["https:\/\/www.facebook.com\/ExaudiNotizie\/","https:\/\/www.instagram.com\/Exaudi_notizie\/","https:\/\/x.com\/Exaudi_Notizie","https:\/\/www.youtube.com\/@exaudicatholicnews"],"url":"https:\/\/exaudi.org\/it\/author\/dlvedi-org\/"}]}},"jetpack_featured_media_url":"https:\/\/exaudi.org\/wp-content\/uploads\/2024\/12\/cq5dam.thumbnail.cropped.750.422-2.jpeg","jetpack_shortlink":"https:\/\/wp.me\/pgKjF2-tGp","_links":{"self":[{"href":"https:\/\/exaudi.org\/it\/wp-json\/wp\/v2\/posts\/114105","targetHints":{"allow":["GET"]}}],"collection":[{"href":"https:\/\/exaudi.org\/it\/wp-json\/wp\/v2\/posts"}],"about":[{"href":"https:\/\/exaudi.org\/it\/wp-json\/wp\/v2\/types\/post"}],"author":[{"embeddable":true,"href":"https:\/\/exaudi.org\/it\/wp-json\/wp\/v2\/users\/17"}],"replies":[{"embeddable":true,"href":"https:\/\/exaudi.org\/it\/wp-json\/wp\/v2\/comments?post=114105"}],"version-history":[{"count":0,"href":"https:\/\/exaudi.org\/it\/wp-json\/wp\/v2\/posts\/114105\/revisions"}],"wp:featuredmedia":[{"embeddable":true,"href":"https:\/\/exaudi.org\/it\/wp-json\/wp\/v2\/media\/114052"}],"wp:attachment":[{"href":"https:\/\/exaudi.org\/it\/wp-json\/wp\/v2\/media?parent=114105"}],"wp:term":[{"taxonomy":"category","embeddable":true,"href":"https:\/\/exaudi.org\/it\/wp-json\/wp\/v2\/categories?post=114105"},{"taxonomy":"post_tag","embeddable":true,"href":"https:\/\/exaudi.org\/it\/wp-json\/wp\/v2\/tags?post=114105"}],"curies":[{"name":"wp","href":"https:\/\/api.w.org\/{rel}","templated":true}]}}