{"id":113763,"date":"2024-11-27T15:48:54","date_gmt":"2024-11-27T14:48:54","guid":{"rendered":"https:\/\/exaudi.org\/?p=113763"},"modified":"2024-11-27T15:52:31","modified_gmt":"2024-11-27T14:52:31","slug":"una-chiesa-con-le-porte-aperte-alle-donne-e-alle-famiglie-ferite","status":"publish","type":"post","link":"https:\/\/exaudi.org\/it\/una-chiesa-con-le-porte-aperte-alle-donne-e-alle-famiglie-ferite\/","title":{"rendered":"&#8220;Una Chiesa con le porte aperte alle donne e alle famiglie ferite&#8221;"},"content":{"rendered":"<p>Papa Francesco, nell\u2019incontro svoltosi in Vaticano con la Comunit\u00e0 Accademica del Pontificio Istituto Teologico per le Scienze del Matrimonio e della Famiglia Giovanni Paolo II, ha sottolineato l\u2019importanza di un approccio sinodale per affrontare le sfide che le famiglie si trovano ad affrontare. Ha parlato della necessit\u00e0 di vivere la fecondit\u00e0 e la fraternit\u00e0 del Vangelo, sottolineando che la Chiesa da sempre si prende cura del matrimonio e della famiglia, aspetti fondamentali per la vita delle persone.<\/p>\n<p>Il Papa ha ricordato che, sebbene in molti Paesi i diritti umani fondamentali, come la dignit\u00e0 e la libert\u00e0, non siano sempre rispettati, soprattutto nel caso delle donne, la Chiesa difende costantemente il valore di tutti gli esseri umani, senza distinzione di genere. Le donne, che furono discepole di Ges\u00f9, non sono escluse dal disegno della salvezza, poich\u00e9 in Cristo non esiste discriminazione tra uomo e donna.<\/p>\n<p><img loading=\"lazy\" decoding=\"async\" class=\"size-medium wp-image-113646 alignleft\" src=\"https:\/\/exaudi.org\/wp-content\/uploads\/2024\/11\/cq5dam.thumbnail.cropped.750.422-1-8-300x169.jpeg\" alt=\"\" width=\"300\" height=\"169\" srcset=\"https:\/\/exaudi.org\/wp-content\/uploads\/2024\/11\/cq5dam.thumbnail.cropped.750.422-1-8-300x169.jpeg 300w, https:\/\/exaudi.org\/wp-content\/uploads\/2024\/11\/cq5dam.thumbnail.cropped.750.422-1-8-500x281.jpeg 500w, https:\/\/exaudi.org\/wp-content\/uploads\/2024\/11\/cq5dam.thumbnail.cropped.750.422-1-8-293x165.jpeg 293w, https:\/\/exaudi.org\/wp-content\/uploads\/2024\/11\/cq5dam.thumbnail.cropped.750.422-1-8-390x219.jpeg 390w, https:\/\/exaudi.org\/wp-content\/uploads\/2024\/11\/cq5dam.thumbnail.cropped.750.422-1-8.jpeg 750w\" sizes=\"auto, (max-width: 300px) 100vw, 300px\" \/>Francesco ha continuato a riflettere sul sacramento del matrimonio, paragonandolo al vino nuovo servito nelle nozze di Cana. Ha sottolineato che la famiglia deve essere un luogo aperto e accogliente, sull&#8217;esempio delle prime comunit\u00e0 cristiane, dove non esistevano barriere economiche o sociali per vivere il Vangelo. \u201cEntrare nella Chiesa \u00e8 inaugurare sempre una nuova fraternit\u00e0\u201d, ha spiegato, una fraternit\u00e0 che abbraccia tutti, anche coloro che lottano nella fede, offrendo accompagnamento e conforto nel loro dolore.<\/p>\n<p>Il Papa si \u00e8 soffermato anche sulla pastorale dell&#8217;accompagnamento, sottolineando che nella Chiesa non esiste esclusione. La carit\u00e0 \u00e8 la chiave per mantenere l\u2019unit\u00e0 nelle famiglie, anche in quelle che attraversano momenti di crisi o di ferite. In questo senso ha ribadito che la capacit\u00e0 di amare \u00e8 ci\u00f2 che rafforza la famiglia, perch\u00e9 anche se \u00e8 ferita, essa pu\u00f2 sempre crescere dall\u2019amore.<\/p>\n<p>Attraverso il dialogo e la cooperazione tra culture e societ\u00e0 diverse, il Papa ha espresso la necessit\u00e0 di superare le distanze culturali che incidono sulla visione del matrimonio e della famiglia. La sinodalit\u00e0, che comporta l\u2019ascolto sia della Parola di Dio che delle voci degli altri, si presenta come un cammino per affrontare le grandi sfide di oggi.<\/p>\n<p>Nel suo messaggio, Francesco ha esortato la Comunit\u00e0 accademica dell&#8217;Istituto Giovanni Paolo II a continuare ad aiutare le famiglie a essere \u201cpietre vive della Chiesa\u201d, testimoni di fedelt\u00e0, di servizio, di apertura alla vita e di accoglienza. Cos\u00ec facendo, le famiglie diventano segno di fecondit\u00e0 e di fraternit\u00e0, seguendo sempre l&#8217;esempio di Cristo.<\/p>\n","protected":false},"excerpt":{"rendered":"<p>Papa Francesco sottolinea l\u2019importanza di un approccio inclusivo e sinodale nel sostegno alle famiglie, soprattutto quelle in difficolt\u00e0, e difende il valore dell\u2019amore come forza risanatrice nella vita familiare<\/p>\n","protected":false},"author":17,"featured_media":113649,"comment_status":"closed","ping_status":"closed","sticky":false,"template":"","format":"standard","meta":{"_acf_changed":false,"_crdt_document":"","inline_featured_image":false,"footnotes":""},"categories":[67],"tags":[34402,1752,1045,668,34406,34403,1584,758,34405,1209,3301,1668,34407,834,251,14190,34408,34409,34404,3064,4952,706,266],"class_list":["post-113763","post","type-post","status-publish","format-standard","has-post-thumbnail","hentry","category-leone-xiv","tag-accompagnamento-pastorale","tag-amore","tag-carita","tag-chiesa","tag-chiesa-senza-esclusione","tag-comunicazione-interculturale","tag-donne","tag-famiglia","tag-famiglie-ferite","tag-fede","tag-fedelta","tag-fraternita","tag-istituto-teologico-giovanni-paolo-ii","tag-matrimonio","tag-papa-francesco","tag-pontificio","tag-porte-aperte","tag-sacramento-del-matrimonio-2","tag-sfida-familiare","tag-sinodalita","tag-trending-it","tag-vangelo","tag-vaticano"],"acf":[],"yoast_head":"<!-- This site is optimized with the Yoast SEO plugin v27.5 - https:\/\/yoast.com\/product\/yoast-seo-wordpress\/ -->\n<title>&quot;Una Chiesa con le porte aperte alle donne e alle famiglie ferite&quot; &#8211; Exaudi<\/title>\n<meta name=\"robots\" content=\"index, follow, max-snippet:-1, max-image-preview:large, max-video-preview:-1\" \/>\n<link rel=\"canonical\" href=\"https:\/\/exaudi.org\/it\/una-chiesa-con-le-porte-aperte-alle-donne-e-alle-famiglie-ferite\/\" \/>\n<meta property=\"og:locale\" content=\"it_IT\" \/>\n<meta property=\"og:type\" content=\"article\" \/>\n<meta property=\"og:title\" content=\"&quot;Una Chiesa con le porte aperte alle donne e alle famiglie ferite&quot; &#8211; Exaudi\" \/>\n<meta property=\"og:description\" content=\"Papa Francesco sottolinea l\u2019importanza di un approccio inclusivo e sinodale nel sostegno alle famiglie, soprattutto quelle in difficolt\u00e0, e difende il valore dell\u2019amore come forza risanatrice nella vita familiare\" \/>\n<meta property=\"og:url\" content=\"https:\/\/exaudi.org\/it\/una-chiesa-con-le-porte-aperte-alle-donne-e-alle-famiglie-ferite\/\" \/>\n<meta property=\"og:site_name\" content=\"Exaudi\" \/>\n<meta property=\"article:publisher\" content=\"https:\/\/www.facebook.com\/ExaudiNews\" \/>\n<meta property=\"article:author\" content=\"https:\/\/www.facebook.com\/ExaudiNotizie\/\" \/>\n<meta property=\"article:published_time\" content=\"2024-11-27T14:48:54+00:00\" \/>\n<meta property=\"article:modified_time\" content=\"2024-11-27T14:52:31+00:00\" \/>\n<meta property=\"og:image\" content=\"https:\/\/exaudi.org\/wp-content\/uploads\/2024\/11\/cq5dam.thumbnail.cropped.750.422-13.jpeg\" \/>\n\t<meta property=\"og:image:width\" content=\"750\" \/>\n\t<meta property=\"og:image:height\" content=\"422\" \/>\n\t<meta property=\"og:image:type\" content=\"image\/jpeg\" \/>\n<meta name=\"author\" content=\"Exaudi Redazione\" \/>\n<meta name=\"twitter:card\" content=\"summary_large_image\" \/>\n<meta name=\"twitter:creator\" content=\"@Exaudi_Notizie\" \/>\n<meta name=\"twitter:site\" content=\"@Exaudi_News\" \/>\n<meta name=\"twitter:label1\" content=\"Scritto da\" \/>\n\t<meta name=\"twitter:data1\" content=\"Exaudi Redazione\" \/>\n\t<meta name=\"twitter:label2\" content=\"Tempo di lettura stimato\" \/>\n\t<meta name=\"twitter:data2\" content=\"2 minuti\" \/>\n<script type=\"application\/ld+json\" class=\"yoast-schema-graph\">{\"@context\":\"https:\\\/\\\/schema.org\",\"@graph\":[{\"@type\":\"Article\",\"@id\":\"https:\\\/\\\/exaudi.org\\\/it\\\/una-chiesa-con-le-porte-aperte-alle-donne-e-alle-famiglie-ferite\\\/#article\",\"isPartOf\":{\"@id\":\"https:\\\/\\\/exaudi.org\\\/it\\\/una-chiesa-con-le-porte-aperte-alle-donne-e-alle-famiglie-ferite\\\/\"},\"author\":{\"name\":\"Exaudi Redazione\",\"@id\":\"https:\\\/\\\/exaudi.org\\\/#\\\/schema\\\/person\\\/e1ab6ed07c01774724dd96f925f3a5f0\"},\"headline\":\"&#8220;Una Chiesa con le porte aperte alle donne e alle famiglie ferite&#8221;\",\"datePublished\":\"2024-11-27T14:48:54+00:00\",\"dateModified\":\"2024-11-27T14:52:31+00:00\",\"mainEntityOfPage\":{\"@id\":\"https:\\\/\\\/exaudi.org\\\/it\\\/una-chiesa-con-le-porte-aperte-alle-donne-e-alle-famiglie-ferite\\\/\"},\"wordCount\":409,\"image\":{\"@id\":\"https:\\\/\\\/exaudi.org\\\/it\\\/una-chiesa-con-le-porte-aperte-alle-donne-e-alle-famiglie-ferite\\\/#primaryimage\"},\"thumbnailUrl\":\"https:\\\/\\\/exaudi.org\\\/wp-content\\\/uploads\\\/2024\\\/11\\\/cq5dam.thumbnail.cropped.750.422-13.jpeg\",\"keywords\":[\"accompagnamento pastorale\",\"amore\",\"carit\u00e0\",\"Chiesa\",\"Chiesa senza esclusione\",\"comunicazione interculturale\",\"donne\",\"famiglia\",\"famiglie ferite\",\"fede\",\"fedelt\u00e0\",\"fraternit\u00e0\",\"Istituto Teologico Giovanni Paolo II\",\"matrimonio\",\"Papa Francesco\",\"PONTIFICIO\",\"porte aperte\",\"sacramento del matrimonio\",\"sfida familiare\",\"sinodalit\u00e0\",\"Trending\",\"Vangelo\",\"Vaticano\"],\"articleSection\":[\"Leone XIV\"],\"inLanguage\":\"it-IT\"},{\"@type\":\"WebPage\",\"@id\":\"https:\\\/\\\/exaudi.org\\\/it\\\/una-chiesa-con-le-porte-aperte-alle-donne-e-alle-famiglie-ferite\\\/\",\"url\":\"https:\\\/\\\/exaudi.org\\\/it\\\/una-chiesa-con-le-porte-aperte-alle-donne-e-alle-famiglie-ferite\\\/\",\"name\":\"\\\"Una Chiesa con le porte aperte alle donne e alle famiglie ferite\\\" &#8211; Exaudi\",\"isPartOf\":{\"@id\":\"https:\\\/\\\/exaudi.org\\\/#website\"},\"primaryImageOfPage\":{\"@id\":\"https:\\\/\\\/exaudi.org\\\/it\\\/una-chiesa-con-le-porte-aperte-alle-donne-e-alle-famiglie-ferite\\\/#primaryimage\"},\"image\":{\"@id\":\"https:\\\/\\\/exaudi.org\\\/it\\\/una-chiesa-con-le-porte-aperte-alle-donne-e-alle-famiglie-ferite\\\/#primaryimage\"},\"thumbnailUrl\":\"https:\\\/\\\/exaudi.org\\\/wp-content\\\/uploads\\\/2024\\\/11\\\/cq5dam.thumbnail.cropped.750.422-13.jpeg\",\"datePublished\":\"2024-11-27T14:48:54+00:00\",\"dateModified\":\"2024-11-27T14:52:31+00:00\",\"author\":{\"@id\":\"https:\\\/\\\/exaudi.org\\\/#\\\/schema\\\/person\\\/e1ab6ed07c01774724dd96f925f3a5f0\"},\"breadcrumb\":{\"@id\":\"https:\\\/\\\/exaudi.org\\\/it\\\/una-chiesa-con-le-porte-aperte-alle-donne-e-alle-famiglie-ferite\\\/#breadcrumb\"},\"inLanguage\":\"it-IT\",\"potentialAction\":[{\"@type\":\"ReadAction\",\"target\":[\"https:\\\/\\\/exaudi.org\\\/it\\\/una-chiesa-con-le-porte-aperte-alle-donne-e-alle-famiglie-ferite\\\/\"]}]},{\"@type\":\"ImageObject\",\"inLanguage\":\"it-IT\",\"@id\":\"https:\\\/\\\/exaudi.org\\\/it\\\/una-chiesa-con-le-porte-aperte-alle-donne-e-alle-famiglie-ferite\\\/#primaryimage\",\"url\":\"https:\\\/\\\/exaudi.org\\\/wp-content\\\/uploads\\\/2024\\\/11\\\/cq5dam.thumbnail.cropped.750.422-13.jpeg\",\"contentUrl\":\"https:\\\/\\\/exaudi.org\\\/wp-content\\\/uploads\\\/2024\\\/11\\\/cq5dam.thumbnail.cropped.750.422-13.jpeg\",\"width\":750,\"height\":422,\"caption\":\"Papa Francisco Familia\"},{\"@type\":\"BreadcrumbList\",\"@id\":\"https:\\\/\\\/exaudi.org\\\/it\\\/una-chiesa-con-le-porte-aperte-alle-donne-e-alle-famiglie-ferite\\\/#breadcrumb\",\"itemListElement\":[{\"@type\":\"ListItem\",\"position\":1,\"name\":\"Portada\",\"item\":\"https:\\\/\\\/exaudi.org\\\/it\\\/\"},{\"@type\":\"ListItem\",\"position\":2,\"name\":\"&#8220;Una Chiesa con le porte aperte alle donne e alle famiglie ferite&#8221;\"}]},{\"@type\":\"WebSite\",\"@id\":\"https:\\\/\\\/exaudi.org\\\/#website\",\"url\":\"https:\\\/\\\/exaudi.org\\\/\",\"name\":\"Exaudi\",\"description\":\"News\",\"potentialAction\":[{\"@type\":\"SearchAction\",\"target\":{\"@type\":\"EntryPoint\",\"urlTemplate\":\"https:\\\/\\\/exaudi.org\\\/?s={search_term_string}\"},\"query-input\":{\"@type\":\"PropertyValueSpecification\",\"valueRequired\":true,\"valueName\":\"search_term_string\"}}],\"inLanguage\":\"it-IT\"},{\"@type\":\"Person\",\"@id\":\"https:\\\/\\\/exaudi.org\\\/#\\\/schema\\\/person\\\/e1ab6ed07c01774724dd96f925f3a5f0\",\"name\":\"Exaudi Redazione\",\"image\":{\"@type\":\"ImageObject\",\"inLanguage\":\"it-IT\",\"@id\":\"https:\\\/\\\/secure.gravatar.com\\\/avatar\\\/ad6774b3ada023bf5b939d64f45c94b3adf91502dd883507d469b4308a943bb3?s=96&d=mm&r=g\",\"url\":\"https:\\\/\\\/secure.gravatar.com\\\/avatar\\\/ad6774b3ada023bf5b939d64f45c94b3adf91502dd883507d469b4308a943bb3?s=96&d=mm&r=g\",\"contentUrl\":\"https:\\\/\\\/secure.gravatar.com\\\/avatar\\\/ad6774b3ada023bf5b939d64f45c94b3adf91502dd883507d469b4308a943bb3?s=96&d=mm&r=g\",\"caption\":\"Exaudi Redazione\"},\"description\":\"Che cosa \u00e8 Exaudi News? Exaudi News \u00e8 un agenzia cattolica internazionale che informa, istruisce e trasforma quotidianamente in spagnolo, inglese e italiano. Attraverso notizie, articoli di analisi e trasmissioni in diretta degli eventi del Papa, Exaudi cerca di rafforzare l'unit\u00e0 dei cristiani e di contribuire all'evangelizzazione del mondo, sempre guidato dalla dottrina sociale della Chiesa. Lavoriamo per portare la verit\u00e0 e i valori cristiani in ogni angolo del pianeta. Aiutaci a trasformare il mondo con Exaudi! Noi di Exaudi crediamo che l'evangelizzazione e l'informazione di qualit\u00e0 possano cambiare la vita. Per continuare la nostra missione ed espandere la nostra portata, abbiamo bisogno del tuo aiuto. Stiamo anche cercando persone motivate che vogliano unirsi al nostro team. Grazie al vostro sostegno raggiungeremo pi\u00f9 persone, diffonderemo il messaggio di Cristo e rafforzeremo l'unit\u00e0 dei cristiani. Vuoi unirti alla nostra missione? Per maggiori informazioni su come contribuire, visita Exaudi.org\\\/it o contattaci direttamente: info@exaudi.org Exaudi: informa, forma e trasforma.\",\"sameAs\":[\"https:\\\/\\\/www.facebook.com\\\/ExaudiNotizie\\\/\",\"https:\\\/\\\/www.instagram.com\\\/Exaudi_notizie\\\/\",\"https:\\\/\\\/x.com\\\/Exaudi_Notizie\",\"https:\\\/\\\/www.youtube.com\\\/@exaudicatholicnews\"],\"url\":\"https:\\\/\\\/exaudi.org\\\/it\\\/author\\\/dlvedi-org\\\/\"}]}<\/script>\n<!-- \/ Yoast SEO plugin. -->","yoast_head_json":{"title":"\"Una Chiesa con le porte aperte alle donne e alle famiglie ferite\" &#8211; Exaudi","robots":{"index":"index","follow":"follow","max-snippet":"max-snippet:-1","max-image-preview":"max-image-preview:large","max-video-preview":"max-video-preview:-1"},"canonical":"https:\/\/exaudi.org\/it\/una-chiesa-con-le-porte-aperte-alle-donne-e-alle-famiglie-ferite\/","og_locale":"it_IT","og_type":"article","og_title":"\"Una Chiesa con le porte aperte alle donne e alle famiglie ferite\" &#8211; Exaudi","og_description":"Papa Francesco sottolinea l\u2019importanza di un approccio inclusivo e sinodale nel sostegno alle famiglie, soprattutto quelle in difficolt\u00e0, e difende il valore dell\u2019amore come forza risanatrice nella vita familiare","og_url":"https:\/\/exaudi.org\/it\/una-chiesa-con-le-porte-aperte-alle-donne-e-alle-famiglie-ferite\/","og_site_name":"Exaudi","article_publisher":"https:\/\/www.facebook.com\/ExaudiNews","article_author":"https:\/\/www.facebook.com\/ExaudiNotizie\/","article_published_time":"2024-11-27T14:48:54+00:00","article_modified_time":"2024-11-27T14:52:31+00:00","og_image":[{"width":750,"height":422,"url":"https:\/\/exaudi.org\/wp-content\/uploads\/2024\/11\/cq5dam.thumbnail.cropped.750.422-13.jpeg","type":"image\/jpeg"}],"author":"Exaudi Redazione","twitter_card":"summary_large_image","twitter_creator":"@Exaudi_Notizie","twitter_site":"@Exaudi_News","twitter_misc":{"Scritto da":"Exaudi Redazione","Tempo di lettura stimato":"2 minuti"},"schema":{"@context":"https:\/\/schema.org","@graph":[{"@type":"Article","@id":"https:\/\/exaudi.org\/it\/una-chiesa-con-le-porte-aperte-alle-donne-e-alle-famiglie-ferite\/#article","isPartOf":{"@id":"https:\/\/exaudi.org\/it\/una-chiesa-con-le-porte-aperte-alle-donne-e-alle-famiglie-ferite\/"},"author":{"name":"Exaudi Redazione","@id":"https:\/\/exaudi.org\/#\/schema\/person\/e1ab6ed07c01774724dd96f925f3a5f0"},"headline":"&#8220;Una Chiesa con le porte aperte alle donne e alle famiglie ferite&#8221;","datePublished":"2024-11-27T14:48:54+00:00","dateModified":"2024-11-27T14:52:31+00:00","mainEntityOfPage":{"@id":"https:\/\/exaudi.org\/it\/una-chiesa-con-le-porte-aperte-alle-donne-e-alle-famiglie-ferite\/"},"wordCount":409,"image":{"@id":"https:\/\/exaudi.org\/it\/una-chiesa-con-le-porte-aperte-alle-donne-e-alle-famiglie-ferite\/#primaryimage"},"thumbnailUrl":"https:\/\/exaudi.org\/wp-content\/uploads\/2024\/11\/cq5dam.thumbnail.cropped.750.422-13.jpeg","keywords":["accompagnamento pastorale","amore","carit\u00e0","Chiesa","Chiesa senza esclusione","comunicazione interculturale","donne","famiglia","famiglie ferite","fede","fedelt\u00e0","fraternit\u00e0","Istituto Teologico Giovanni Paolo II","matrimonio","Papa Francesco","PONTIFICIO","porte aperte","sacramento del matrimonio","sfida familiare","sinodalit\u00e0","Trending","Vangelo","Vaticano"],"articleSection":["Leone XIV"],"inLanguage":"it-IT"},{"@type":"WebPage","@id":"https:\/\/exaudi.org\/it\/una-chiesa-con-le-porte-aperte-alle-donne-e-alle-famiglie-ferite\/","url":"https:\/\/exaudi.org\/it\/una-chiesa-con-le-porte-aperte-alle-donne-e-alle-famiglie-ferite\/","name":"\"Una Chiesa con le porte aperte alle donne e alle famiglie ferite\" &#8211; Exaudi","isPartOf":{"@id":"https:\/\/exaudi.org\/#website"},"primaryImageOfPage":{"@id":"https:\/\/exaudi.org\/it\/una-chiesa-con-le-porte-aperte-alle-donne-e-alle-famiglie-ferite\/#primaryimage"},"image":{"@id":"https:\/\/exaudi.org\/it\/una-chiesa-con-le-porte-aperte-alle-donne-e-alle-famiglie-ferite\/#primaryimage"},"thumbnailUrl":"https:\/\/exaudi.org\/wp-content\/uploads\/2024\/11\/cq5dam.thumbnail.cropped.750.422-13.jpeg","datePublished":"2024-11-27T14:48:54+00:00","dateModified":"2024-11-27T14:52:31+00:00","author":{"@id":"https:\/\/exaudi.org\/#\/schema\/person\/e1ab6ed07c01774724dd96f925f3a5f0"},"breadcrumb":{"@id":"https:\/\/exaudi.org\/it\/una-chiesa-con-le-porte-aperte-alle-donne-e-alle-famiglie-ferite\/#breadcrumb"},"inLanguage":"it-IT","potentialAction":[{"@type":"ReadAction","target":["https:\/\/exaudi.org\/it\/una-chiesa-con-le-porte-aperte-alle-donne-e-alle-famiglie-ferite\/"]}]},{"@type":"ImageObject","inLanguage":"it-IT","@id":"https:\/\/exaudi.org\/it\/una-chiesa-con-le-porte-aperte-alle-donne-e-alle-famiglie-ferite\/#primaryimage","url":"https:\/\/exaudi.org\/wp-content\/uploads\/2024\/11\/cq5dam.thumbnail.cropped.750.422-13.jpeg","contentUrl":"https:\/\/exaudi.org\/wp-content\/uploads\/2024\/11\/cq5dam.thumbnail.cropped.750.422-13.jpeg","width":750,"height":422,"caption":"Papa Francisco Familia"},{"@type":"BreadcrumbList","@id":"https:\/\/exaudi.org\/it\/una-chiesa-con-le-porte-aperte-alle-donne-e-alle-famiglie-ferite\/#breadcrumb","itemListElement":[{"@type":"ListItem","position":1,"name":"Portada","item":"https:\/\/exaudi.org\/it\/"},{"@type":"ListItem","position":2,"name":"&#8220;Una Chiesa con le porte aperte alle donne e alle famiglie ferite&#8221;"}]},{"@type":"WebSite","@id":"https:\/\/exaudi.org\/#website","url":"https:\/\/exaudi.org\/","name":"Exaudi","description":"News","potentialAction":[{"@type":"SearchAction","target":{"@type":"EntryPoint","urlTemplate":"https:\/\/exaudi.org\/?s={search_term_string}"},"query-input":{"@type":"PropertyValueSpecification","valueRequired":true,"valueName":"search_term_string"}}],"inLanguage":"it-IT"},{"@type":"Person","@id":"https:\/\/exaudi.org\/#\/schema\/person\/e1ab6ed07c01774724dd96f925f3a5f0","name":"Exaudi Redazione","image":{"@type":"ImageObject","inLanguage":"it-IT","@id":"https:\/\/secure.gravatar.com\/avatar\/ad6774b3ada023bf5b939d64f45c94b3adf91502dd883507d469b4308a943bb3?s=96&d=mm&r=g","url":"https:\/\/secure.gravatar.com\/avatar\/ad6774b3ada023bf5b939d64f45c94b3adf91502dd883507d469b4308a943bb3?s=96&d=mm&r=g","contentUrl":"https:\/\/secure.gravatar.com\/avatar\/ad6774b3ada023bf5b939d64f45c94b3adf91502dd883507d469b4308a943bb3?s=96&d=mm&r=g","caption":"Exaudi Redazione"},"description":"Che cosa \u00e8 Exaudi News? Exaudi News \u00e8 un agenzia cattolica internazionale che informa, istruisce e trasforma quotidianamente in spagnolo, inglese e italiano. Attraverso notizie, articoli di analisi e trasmissioni in diretta degli eventi del Papa, Exaudi cerca di rafforzare l'unit\u00e0 dei cristiani e di contribuire all'evangelizzazione del mondo, sempre guidato dalla dottrina sociale della Chiesa. Lavoriamo per portare la verit\u00e0 e i valori cristiani in ogni angolo del pianeta. Aiutaci a trasformare il mondo con Exaudi! Noi di Exaudi crediamo che l'evangelizzazione e l'informazione di qualit\u00e0 possano cambiare la vita. Per continuare la nostra missione ed espandere la nostra portata, abbiamo bisogno del tuo aiuto. Stiamo anche cercando persone motivate che vogliano unirsi al nostro team. Grazie al vostro sostegno raggiungeremo pi\u00f9 persone, diffonderemo il messaggio di Cristo e rafforzeremo l'unit\u00e0 dei cristiani. Vuoi unirti alla nostra missione? Per maggiori informazioni su come contribuire, visita Exaudi.org\/it o contattaci direttamente: info@exaudi.org Exaudi: informa, forma e trasforma.","sameAs":["https:\/\/www.facebook.com\/ExaudiNotizie\/","https:\/\/www.instagram.com\/Exaudi_notizie\/","https:\/\/x.com\/Exaudi_Notizie","https:\/\/www.youtube.com\/@exaudicatholicnews"],"url":"https:\/\/exaudi.org\/it\/author\/dlvedi-org\/"}]}},"jetpack_featured_media_url":"https:\/\/exaudi.org\/wp-content\/uploads\/2024\/11\/cq5dam.thumbnail.cropped.750.422-13.jpeg","jetpack_shortlink":"https:\/\/wp.me\/pgKjF2-tAT","_links":{"self":[{"href":"https:\/\/exaudi.org\/it\/wp-json\/wp\/v2\/posts\/113763","targetHints":{"allow":["GET"]}}],"collection":[{"href":"https:\/\/exaudi.org\/it\/wp-json\/wp\/v2\/posts"}],"about":[{"href":"https:\/\/exaudi.org\/it\/wp-json\/wp\/v2\/types\/post"}],"author":[{"embeddable":true,"href":"https:\/\/exaudi.org\/it\/wp-json\/wp\/v2\/users\/17"}],"replies":[{"embeddable":true,"href":"https:\/\/exaudi.org\/it\/wp-json\/wp\/v2\/comments?post=113763"}],"version-history":[{"count":0,"href":"https:\/\/exaudi.org\/it\/wp-json\/wp\/v2\/posts\/113763\/revisions"}],"wp:featuredmedia":[{"embeddable":true,"href":"https:\/\/exaudi.org\/it\/wp-json\/wp\/v2\/media\/113649"}],"wp:attachment":[{"href":"https:\/\/exaudi.org\/it\/wp-json\/wp\/v2\/media?parent=113763"}],"wp:term":[{"taxonomy":"category","embeddable":true,"href":"https:\/\/exaudi.org\/it\/wp-json\/wp\/v2\/categories?post=113763"},{"taxonomy":"post_tag","embeddable":true,"href":"https:\/\/exaudi.org\/it\/wp-json\/wp\/v2\/tags?post=113763"}],"curies":[{"name":"wp","href":"https:\/\/api.w.org\/{rel}","templated":true}]}}