{"id":113701,"date":"2024-11-26T20:19:55","date_gmt":"2024-11-26T19:19:55","guid":{"rendered":"https:\/\/exaudi.org\/?p=113701"},"modified":"2024-11-26T20:19:55","modified_gmt":"2024-11-26T19:19:55","slug":"perche-la-chiesa-cattolica-e-una","status":"publish","type":"post","link":"https:\/\/exaudi.org\/it\/perche-la-chiesa-cattolica-e-una\/","title":{"rendered":"Perch\u00e9 la Chiesa cattolica \u00e8 \u201cuna\u201d?"},"content":{"rendered":"<p><a href=\"https:\/\/exaudi.wpengine.com\/es\/author\/jyate\/\">Padre Jairo Yate<\/a>, sacerdote e giudice istruttore nella <a href=\"https:\/\/notasamablesalapalabra.blogspot.com\/\">diocesi di Ibagu\u00e9<\/a>, in Colombia, risponde alla domanda sul perch\u00e9 la Chiesa cattolica \u00e8 \u201cuna\u201d, come afferma il Credo.<\/p>\n<h3><strong>Cosa insegna il Concilio Vaticano II?<\/strong><\/h3>\n<p>Cristo costituisce la sua Santa Chiesa, comunit\u00e0 di fede, speranza e carit\u00e0. \u00c8 l&#8217;unica Chiesa di Cristo. Confessiamo quella Chiesa di Cristo nel Credo niceno e costantinopolitano: come Una, Santa, Cattolica e Apostolica. Quella Chiesa di Cristo, che va pellegrina tra le persecuzioni del mondo e le consolazioni di Dio, annunciando la Croce del Signore, finch\u00e9 Egli venga (cfr 1 Cor 11,26). (cfr <a href=\"https:\/\/www.vatican.va\/archive\/hist_councils\/ii_vatican_council\/documents\/vat-ii_const_19641121_lumen-gentium_sp.html\">Lumen Gentium<\/a> 8).<\/p>\n<p>\u00c8 l&#8217;unica Chiesa di Cristo, nostro Salvatore, che dopo la sua risurrezione ha affidato a Pietro il compito di pascerla (cfr Gv 21,17), affidandone la diffusione e il governo a lui e agli altri Apostoli (cfr Mt 28,18 ss.). , e l&#8217;ha eretta in perpetuo come colonna e fondamento della verit\u00e0 (cfr 1 Timoteo 3,15). Questa Chiesa, costituita e organizzata in questo mondo come societ\u00e0, sussiste nella Chiesa cattolica, governata dal Successore di Pietro e dai Vescovi in \u200b\u200bcomunione con lui.<\/p>\n<h3><strong>Perch\u00e9 si dice che la Chiesa \u00e8 \u201cuna\u201d?<\/strong><\/h3>\n<p>Il <a href=\"https:\/\/www.vatican.va\/archive\/catechism_sp\/index_sp.html\">Catechismo della Chiesa Cattolica<\/a> indica: La Chiesa \u00e8 una per la sua origine. Il modello di quel principio \u00e8 Dio, Padre, Figlio e Spirito Santo. La Chiesa \u00e8 una per la sua \u201canima\u201d: \u00abLo Spirito Santo che abita nei credenti e riempie e governa tutta la Chiesa, realizza quella mirabile comunione dei fedeli e unisce tutti in Cristo cos\u00ec intimamente che \u00e8 Principio di unit\u00e0. \u201cDella Chiesa\u201d (UR 2). Appartiene quindi all&#8217;essenza stessa della Chiesa essere una.<\/p>\n<h3><strong>Pu\u00f2 esistere la diversit\u00e0 nella Chiesa?<\/strong><\/h3>\n<p>Fin dalle origini, questa Chiesa, che \u00e8 una, si presenta, per\u00f2, con una grande diversit\u00e0 che deriva sia dalla variet\u00e0 dei doni di Dio, sia dalla molteplicit\u00e0 delle persone che li ricevono.<\/p>\n<p>Nell&#8217;unit\u00e0 del Popolo di Dio si incontrano popoli e culture diverse. Tra i membri della Chiesa vi \u00e8 diversit\u00e0 di doni, posizioni, condizioni e modi di vita; &#8220;All&#8217;interno della comunione ecclesiale esistono legittimamente Chiese particolari con tradizioni proprie&#8221; (<em>Lumen Gentium<\/em> 13). La grande ricchezza di questa diversit\u00e0 non si oppone all&#8217;unit\u00e0 della Chiesa. (cfr Catechismo 813 e 814).<\/p>\n<h3><strong>La Chiesa \u00e8 la famiglia di Dio<\/strong><\/h3>\n<p>Papa Francesco dice: \u201cLa Chiesa nasce dal desiderio di Dio di chiamare tutti gli uomini alla comunione con Lui, alla sua amicizia e a partecipare come figli della sua stessa vita divina\u201d. La stessa parola \u201cChiesa\u201d, dal greco <em>ekklesia<\/em>, significa \u201cinvito\u201d. Dio ci chiama, ci invita a uscire dall&#8217;individualismo, dalla tendenza a chiuderci in noi stessi, e ci chiama a far parte della sua famiglia.<\/p>\n<h3><strong>Da dove viene la Chiesa?<\/strong><\/h3>\n<p>\u201cNasce dall&#8217;atto supremo d&#8217;amore sulla croce, dal costato trafitto di Ges\u00f9, da cui sgorgano sangue e acqua, simbolo dei sacramenti del Battesimo e dell&#8217;Eucaristia. Nella famiglia di Dio, nella Chiesa, la linfa vitale \u00e8 l&#8217;amore di Dio che si concretizza nell&#8217;amare Lui e gli altri, tutti, senza distinzioni n\u00e9 misure\u201d (Papa Francesco).<\/p>\n<h3><strong>Quando si manifesta la Chiesa?<\/strong><\/h3>\n<p>Si manifesta quando il dono dello Spirito Santo riempie il cuore degli apostoli e li spinge a uscire e iniziare il cammino per annunciare il Vangelo, per diffondere l&#8217;amore di Dio (Papa Francesco).<\/p>\n","protected":false},"excerpt":{"rendered":"<p>Diversit\u00e0 nell&#8217;unit\u00e0<\/p>\n","protected":false},"author":75,"featured_media":113702,"comment_status":"open","ping_status":"open","sticky":false,"template":"","format":"standard","meta":{"_acf_changed":false,"_crdt_document":"","inline_featured_image":false,"footnotes":""},"categories":[71],"tags":[25068,6921,34164,26908,34165,251,34166,4952],"class_list":["post-113701","post","type-post","status-publish","format-standard","has-post-thumbnail","hentry","category-analisi","tag-catechismo-della-chiesa-cattolica","tag-concilio-vaticano-ii-2","tag-credo-costantinopolitano-niceno","tag-diversita-nella-chiesa","tag-ekklesia-2","tag-papa-francesco","tag-spirito-santo-nella-chiesafamiglia-di-diochiesa-cattolicachiesa-cattolica-unojairo-yatelumen-gentiumpapa-franciscopopolo-di-diotrendunita-in-cristounita-e-diversita","tag-trending-it"],"acf":[],"yoast_head":"<!-- This site is optimized with the Yoast SEO plugin v27.4 - https:\/\/yoast.com\/product\/yoast-seo-wordpress\/ -->\n<title>Perch\u00e9 la Chiesa cattolica \u00e8 \u201cuna\u201d? &#8211; Exaudi<\/title>\n<meta name=\"robots\" content=\"index, follow, max-snippet:-1, max-image-preview:large, max-video-preview:-1\" \/>\n<link rel=\"canonical\" href=\"https:\/\/exaudi.org\/it\/perche-la-chiesa-cattolica-e-una\/\" \/>\n<meta property=\"og:locale\" content=\"it_IT\" \/>\n<meta property=\"og:type\" content=\"article\" \/>\n<meta property=\"og:title\" content=\"Perch\u00e9 la Chiesa cattolica \u00e8 \u201cuna\u201d? &#8211; Exaudi\" \/>\n<meta property=\"og:description\" content=\"Diversit\u00e0 nell&#039;unit\u00e0\" \/>\n<meta property=\"og:url\" content=\"https:\/\/exaudi.org\/it\/perche-la-chiesa-cattolica-e-una\/\" \/>\n<meta property=\"og:site_name\" content=\"Exaudi\" \/>\n<meta property=\"article:publisher\" content=\"https:\/\/www.facebook.com\/ExaudiNews\" \/>\n<meta property=\"article:published_time\" content=\"2024-11-26T19:19:55+00:00\" \/>\n<meta property=\"og:image\" content=\"https:\/\/exaudi.org\/wp-content\/uploads\/2024\/11\/cathopic_1487359424881289-1400x935-1.jpg\" \/>\n\t<meta property=\"og:image:width\" content=\"1400\" \/>\n\t<meta property=\"og:image:height\" content=\"935\" \/>\n\t<meta property=\"og:image:type\" content=\"image\/jpeg\" \/>\n<meta name=\"author\" content=\"Jairo Yate\" \/>\n<meta name=\"twitter:card\" content=\"summary_large_image\" \/>\n<meta name=\"twitter:creator\" content=\"@Exaudi_News\" \/>\n<meta name=\"twitter:site\" content=\"@Exaudi_News\" \/>\n<meta name=\"twitter:label1\" content=\"Scritto da\" \/>\n\t<meta name=\"twitter:data1\" content=\"Jairo Yate\" \/>\n\t<meta name=\"twitter:label2\" content=\"Tempo di lettura stimato\" \/>\n\t<meta name=\"twitter:data2\" content=\"3 minuti\" \/>\n<script type=\"application\/ld+json\" class=\"yoast-schema-graph\">{\"@context\":\"https:\\\/\\\/schema.org\",\"@graph\":[{\"@type\":\"Article\",\"@id\":\"https:\\\/\\\/exaudi.org\\\/it\\\/perche-la-chiesa-cattolica-e-una\\\/#article\",\"isPartOf\":{\"@id\":\"https:\\\/\\\/exaudi.org\\\/it\\\/perche-la-chiesa-cattolica-e-una\\\/\"},\"author\":{\"name\":\"Jairo Yate\",\"@id\":\"https:\\\/\\\/exaudi.org\\\/#\\\/schema\\\/person\\\/0a445e18eeda8a4169db2546dec04b44\"},\"headline\":\"Perch\u00e9 la Chiesa cattolica \u00e8 \u201cuna\u201d?\",\"datePublished\":\"2024-11-26T19:19:55+00:00\",\"mainEntityOfPage\":{\"@id\":\"https:\\\/\\\/exaudi.org\\\/it\\\/perche-la-chiesa-cattolica-e-una\\\/\"},\"wordCount\":524,\"commentCount\":0,\"image\":{\"@id\":\"https:\\\/\\\/exaudi.org\\\/it\\\/perche-la-chiesa-cattolica-e-una\\\/#primaryimage\"},\"thumbnailUrl\":\"https:\\\/\\\/exaudi.org\\\/wp-content\\\/uploads\\\/2024\\\/11\\\/cathopic_1487359424881289-1400x935-1.jpg\",\"keywords\":[\"Catechismo della Chiesa Cattolica\",\"Concilio Vaticano II\",\"Credo costantinopolitano niceno\",\"diversit\u00e0 nella Chiesa\",\"Ekklesia\",\"Papa Francesco\",\"Spirito Santo nella Chiesafamiglia di DioChiesa cattolicaChiesa cattolica unoJairo YateLumen Gentiumpapa franciscoPopolo di DioTrendunit\u00e0 in Cristounit\u00e0 e diversit\u00e0\",\"Trending\"],\"articleSection\":[\"Analisi\"],\"inLanguage\":\"it-IT\",\"potentialAction\":[{\"@type\":\"CommentAction\",\"name\":\"Comment\",\"target\":[\"https:\\\/\\\/exaudi.org\\\/it\\\/perche-la-chiesa-cattolica-e-una\\\/#respond\"]}]},{\"@type\":\"WebPage\",\"@id\":\"https:\\\/\\\/exaudi.org\\\/it\\\/perche-la-chiesa-cattolica-e-una\\\/\",\"url\":\"https:\\\/\\\/exaudi.org\\\/it\\\/perche-la-chiesa-cattolica-e-una\\\/\",\"name\":\"Perch\u00e9 la Chiesa cattolica \u00e8 \u201cuna\u201d? &#8211; Exaudi\",\"isPartOf\":{\"@id\":\"https:\\\/\\\/exaudi.org\\\/#website\"},\"primaryImageOfPage\":{\"@id\":\"https:\\\/\\\/exaudi.org\\\/it\\\/perche-la-chiesa-cattolica-e-una\\\/#primaryimage\"},\"image\":{\"@id\":\"https:\\\/\\\/exaudi.org\\\/it\\\/perche-la-chiesa-cattolica-e-una\\\/#primaryimage\"},\"thumbnailUrl\":\"https:\\\/\\\/exaudi.org\\\/wp-content\\\/uploads\\\/2024\\\/11\\\/cathopic_1487359424881289-1400x935-1.jpg\",\"datePublished\":\"2024-11-26T19:19:55+00:00\",\"author\":{\"@id\":\"https:\\\/\\\/exaudi.org\\\/#\\\/schema\\\/person\\\/0a445e18eeda8a4169db2546dec04b44\"},\"breadcrumb\":{\"@id\":\"https:\\\/\\\/exaudi.org\\\/it\\\/perche-la-chiesa-cattolica-e-una\\\/#breadcrumb\"},\"inLanguage\":\"it-IT\",\"potentialAction\":[{\"@type\":\"ReadAction\",\"target\":[\"https:\\\/\\\/exaudi.org\\\/it\\\/perche-la-chiesa-cattolica-e-una\\\/\"]}]},{\"@type\":\"ImageObject\",\"inLanguage\":\"it-IT\",\"@id\":\"https:\\\/\\\/exaudi.org\\\/it\\\/perche-la-chiesa-cattolica-e-una\\\/#primaryimage\",\"url\":\"https:\\\/\\\/exaudi.org\\\/wp-content\\\/uploads\\\/2024\\\/11\\\/cathopic_1487359424881289-1400x935-1.jpg\",\"contentUrl\":\"https:\\\/\\\/exaudi.org\\\/wp-content\\\/uploads\\\/2024\\\/11\\\/cathopic_1487359424881289-1400x935-1.jpg\",\"width\":1400,\"height\":935,\"caption\":\"Chiesa \u00a9 Ferchu1965. cathopic\"},{\"@type\":\"BreadcrumbList\",\"@id\":\"https:\\\/\\\/exaudi.org\\\/it\\\/perche-la-chiesa-cattolica-e-una\\\/#breadcrumb\",\"itemListElement\":[{\"@type\":\"ListItem\",\"position\":1,\"name\":\"Portada\",\"item\":\"https:\\\/\\\/exaudi.org\\\/it\\\/\"},{\"@type\":\"ListItem\",\"position\":2,\"name\":\"Perch\u00e9 la Chiesa cattolica \u00e8 \u201cuna\u201d?\"}]},{\"@type\":\"WebSite\",\"@id\":\"https:\\\/\\\/exaudi.org\\\/#website\",\"url\":\"https:\\\/\\\/exaudi.org\\\/\",\"name\":\"Exaudi\",\"description\":\"News\",\"potentialAction\":[{\"@type\":\"SearchAction\",\"target\":{\"@type\":\"EntryPoint\",\"urlTemplate\":\"https:\\\/\\\/exaudi.org\\\/?s={search_term_string}\"},\"query-input\":{\"@type\":\"PropertyValueSpecification\",\"valueRequired\":true,\"valueName\":\"search_term_string\"}}],\"inLanguage\":\"it-IT\"},{\"@type\":\"Person\",\"@id\":\"https:\\\/\\\/exaudi.org\\\/#\\\/schema\\\/person\\\/0a445e18eeda8a4169db2546dec04b44\",\"name\":\"Jairo Yate\",\"image\":{\"@type\":\"ImageObject\",\"inLanguage\":\"it-IT\",\"@id\":\"https:\\\/\\\/secure.gravatar.com\\\/avatar\\\/ebf148b228fd57b990e025e8ebec5910efc8cda0a662cd217e736dd113fd728f?s=96&d=mm&r=g\",\"url\":\"https:\\\/\\\/secure.gravatar.com\\\/avatar\\\/ebf148b228fd57b990e025e8ebec5910efc8cda0a662cd217e736dd113fd728f?s=96&d=mm&r=g\",\"contentUrl\":\"https:\\\/\\\/secure.gravatar.com\\\/avatar\\\/ebf148b228fd57b990e025e8ebec5910efc8cda0a662cd217e736dd113fd728f?s=96&d=mm&r=g\",\"caption\":\"Jairo Yate\"},\"description\":\"El padre Jairo Yate Ram\u00edrez fue ordenado sacerdote el 23 de Noviembre 1985, incardinado a la arquidi\u00f3cesis de Ibagu\u00e9, Colombia. Licenciado en Teolog\u00eda Moral por Universidad Santa Croce, Roma, Italia. Diplomado en Derecho Can\u00f3nico. Juez Instructor Tribunal Eclesi\u00e1stico y Notario, arquidi\u00f3cesis de Ibagu\u00e9\",\"url\":\"https:\\\/\\\/exaudi.org\\\/it\\\/author\\\/jyate\\\/\"}]}<\/script>\n<!-- \/ Yoast SEO plugin. -->","yoast_head_json":{"title":"Perch\u00e9 la Chiesa cattolica \u00e8 \u201cuna\u201d? &#8211; Exaudi","robots":{"index":"index","follow":"follow","max-snippet":"max-snippet:-1","max-image-preview":"max-image-preview:large","max-video-preview":"max-video-preview:-1"},"canonical":"https:\/\/exaudi.org\/it\/perche-la-chiesa-cattolica-e-una\/","og_locale":"it_IT","og_type":"article","og_title":"Perch\u00e9 la Chiesa cattolica \u00e8 \u201cuna\u201d? &#8211; Exaudi","og_description":"Diversit\u00e0 nell'unit\u00e0","og_url":"https:\/\/exaudi.org\/it\/perche-la-chiesa-cattolica-e-una\/","og_site_name":"Exaudi","article_publisher":"https:\/\/www.facebook.com\/ExaudiNews","article_published_time":"2024-11-26T19:19:55+00:00","og_image":[{"width":1400,"height":935,"url":"https:\/\/exaudi.org\/wp-content\/uploads\/2024\/11\/cathopic_1487359424881289-1400x935-1.jpg","type":"image\/jpeg"}],"author":"Jairo Yate","twitter_card":"summary_large_image","twitter_creator":"@Exaudi_News","twitter_site":"@Exaudi_News","twitter_misc":{"Scritto da":"Jairo Yate","Tempo di lettura stimato":"3 minuti"},"schema":{"@context":"https:\/\/schema.org","@graph":[{"@type":"Article","@id":"https:\/\/exaudi.org\/it\/perche-la-chiesa-cattolica-e-una\/#article","isPartOf":{"@id":"https:\/\/exaudi.org\/it\/perche-la-chiesa-cattolica-e-una\/"},"author":{"name":"Jairo Yate","@id":"https:\/\/exaudi.org\/#\/schema\/person\/0a445e18eeda8a4169db2546dec04b44"},"headline":"Perch\u00e9 la Chiesa cattolica \u00e8 \u201cuna\u201d?","datePublished":"2024-11-26T19:19:55+00:00","mainEntityOfPage":{"@id":"https:\/\/exaudi.org\/it\/perche-la-chiesa-cattolica-e-una\/"},"wordCount":524,"commentCount":0,"image":{"@id":"https:\/\/exaudi.org\/it\/perche-la-chiesa-cattolica-e-una\/#primaryimage"},"thumbnailUrl":"https:\/\/exaudi.org\/wp-content\/uploads\/2024\/11\/cathopic_1487359424881289-1400x935-1.jpg","keywords":["Catechismo della Chiesa Cattolica","Concilio Vaticano II","Credo costantinopolitano niceno","diversit\u00e0 nella Chiesa","Ekklesia","Papa Francesco","Spirito Santo nella Chiesafamiglia di DioChiesa cattolicaChiesa cattolica unoJairo YateLumen Gentiumpapa franciscoPopolo di DioTrendunit\u00e0 in Cristounit\u00e0 e diversit\u00e0","Trending"],"articleSection":["Analisi"],"inLanguage":"it-IT","potentialAction":[{"@type":"CommentAction","name":"Comment","target":["https:\/\/exaudi.org\/it\/perche-la-chiesa-cattolica-e-una\/#respond"]}]},{"@type":"WebPage","@id":"https:\/\/exaudi.org\/it\/perche-la-chiesa-cattolica-e-una\/","url":"https:\/\/exaudi.org\/it\/perche-la-chiesa-cattolica-e-una\/","name":"Perch\u00e9 la Chiesa cattolica \u00e8 \u201cuna\u201d? &#8211; Exaudi","isPartOf":{"@id":"https:\/\/exaudi.org\/#website"},"primaryImageOfPage":{"@id":"https:\/\/exaudi.org\/it\/perche-la-chiesa-cattolica-e-una\/#primaryimage"},"image":{"@id":"https:\/\/exaudi.org\/it\/perche-la-chiesa-cattolica-e-una\/#primaryimage"},"thumbnailUrl":"https:\/\/exaudi.org\/wp-content\/uploads\/2024\/11\/cathopic_1487359424881289-1400x935-1.jpg","datePublished":"2024-11-26T19:19:55+00:00","author":{"@id":"https:\/\/exaudi.org\/#\/schema\/person\/0a445e18eeda8a4169db2546dec04b44"},"breadcrumb":{"@id":"https:\/\/exaudi.org\/it\/perche-la-chiesa-cattolica-e-una\/#breadcrumb"},"inLanguage":"it-IT","potentialAction":[{"@type":"ReadAction","target":["https:\/\/exaudi.org\/it\/perche-la-chiesa-cattolica-e-una\/"]}]},{"@type":"ImageObject","inLanguage":"it-IT","@id":"https:\/\/exaudi.org\/it\/perche-la-chiesa-cattolica-e-una\/#primaryimage","url":"https:\/\/exaudi.org\/wp-content\/uploads\/2024\/11\/cathopic_1487359424881289-1400x935-1.jpg","contentUrl":"https:\/\/exaudi.org\/wp-content\/uploads\/2024\/11\/cathopic_1487359424881289-1400x935-1.jpg","width":1400,"height":935,"caption":"Chiesa \u00a9 Ferchu1965. cathopic"},{"@type":"BreadcrumbList","@id":"https:\/\/exaudi.org\/it\/perche-la-chiesa-cattolica-e-una\/#breadcrumb","itemListElement":[{"@type":"ListItem","position":1,"name":"Portada","item":"https:\/\/exaudi.org\/it\/"},{"@type":"ListItem","position":2,"name":"Perch\u00e9 la Chiesa cattolica \u00e8 \u201cuna\u201d?"}]},{"@type":"WebSite","@id":"https:\/\/exaudi.org\/#website","url":"https:\/\/exaudi.org\/","name":"Exaudi","description":"News","potentialAction":[{"@type":"SearchAction","target":{"@type":"EntryPoint","urlTemplate":"https:\/\/exaudi.org\/?s={search_term_string}"},"query-input":{"@type":"PropertyValueSpecification","valueRequired":true,"valueName":"search_term_string"}}],"inLanguage":"it-IT"},{"@type":"Person","@id":"https:\/\/exaudi.org\/#\/schema\/person\/0a445e18eeda8a4169db2546dec04b44","name":"Jairo Yate","image":{"@type":"ImageObject","inLanguage":"it-IT","@id":"https:\/\/secure.gravatar.com\/avatar\/ebf148b228fd57b990e025e8ebec5910efc8cda0a662cd217e736dd113fd728f?s=96&d=mm&r=g","url":"https:\/\/secure.gravatar.com\/avatar\/ebf148b228fd57b990e025e8ebec5910efc8cda0a662cd217e736dd113fd728f?s=96&d=mm&r=g","contentUrl":"https:\/\/secure.gravatar.com\/avatar\/ebf148b228fd57b990e025e8ebec5910efc8cda0a662cd217e736dd113fd728f?s=96&d=mm&r=g","caption":"Jairo Yate"},"description":"El padre Jairo Yate Ram\u00edrez fue ordenado sacerdote el 23 de Noviembre 1985, incardinado a la arquidi\u00f3cesis de Ibagu\u00e9, Colombia. Licenciado en Teolog\u00eda Moral por Universidad Santa Croce, Roma, Italia. Diplomado en Derecho Can\u00f3nico. Juez Instructor Tribunal Eclesi\u00e1stico y Notario, arquidi\u00f3cesis de Ibagu\u00e9","url":"https:\/\/exaudi.org\/it\/author\/jyate\/"}]}},"jetpack_featured_media_url":"https:\/\/exaudi.org\/wp-content\/uploads\/2024\/11\/cathopic_1487359424881289-1400x935-1.jpg","jetpack_shortlink":"https:\/\/wp.me\/pgKjF2-tzT","_links":{"self":[{"href":"https:\/\/exaudi.org\/it\/wp-json\/wp\/v2\/posts\/113701","targetHints":{"allow":["GET"]}}],"collection":[{"href":"https:\/\/exaudi.org\/it\/wp-json\/wp\/v2\/posts"}],"about":[{"href":"https:\/\/exaudi.org\/it\/wp-json\/wp\/v2\/types\/post"}],"author":[{"embeddable":true,"href":"https:\/\/exaudi.org\/it\/wp-json\/wp\/v2\/users\/75"}],"replies":[{"embeddable":true,"href":"https:\/\/exaudi.org\/it\/wp-json\/wp\/v2\/comments?post=113701"}],"version-history":[{"count":0,"href":"https:\/\/exaudi.org\/it\/wp-json\/wp\/v2\/posts\/113701\/revisions"}],"wp:featuredmedia":[{"embeddable":true,"href":"https:\/\/exaudi.org\/it\/wp-json\/wp\/v2\/media\/113702"}],"wp:attachment":[{"href":"https:\/\/exaudi.org\/it\/wp-json\/wp\/v2\/media?parent=113701"}],"wp:term":[{"taxonomy":"category","embeddable":true,"href":"https:\/\/exaudi.org\/it\/wp-json\/wp\/v2\/categories?post=113701"},{"taxonomy":"post_tag","embeddable":true,"href":"https:\/\/exaudi.org\/it\/wp-json\/wp\/v2\/tags?post=113701"}],"curies":[{"name":"wp","href":"https:\/\/api.w.org\/{rel}","templated":true}]}}