{"id":113297,"date":"2024-11-20T18:11:57","date_gmt":"2024-11-20T17:11:57","guid":{"rendered":"https:\/\/exaudi.org\/?p=113297"},"modified":"2024-11-20T18:11:57","modified_gmt":"2024-11-20T17:11:57","slug":"santegidio-la-solidarieta-e-resistenza-e-speranza-di-pace","status":"publish","type":"post","link":"https:\/\/exaudi.org\/it\/santegidio-la-solidarieta-e-resistenza-e-speranza-di-pace\/","title":{"rendered":"Sant\u2019Egidio: &#8220;La solidariet\u00e0 \u00e8 resistenza e speranza di pace&#8221;"},"content":{"rendered":"<p>Leri, 19 novembre 2024, ricorreva il tragico anniversario di mille giorni di guerra in Ucraina. Il popolo ucraino sta pagando un prezzo enorme, con troppe vittime: 12mila civili uccisi, secondo l\u2019ONU, con un incremento negli ultimi mesi. Ma c\u2019\u00e8 anche chi calcola un milione di soldati, morti o feriti, da entrambe le parti. L\u2019aggravarsi degli attacchi provoca distruzioni di case, scuole, ospedali e infrastrutture mentre si annuncia l\u2019inverno pi\u00f9 duro dall\u2019inizio della guerra, per la popolazione che vive nelle regioni in prossimit\u00e0 del fronte e i 3,6 milioni di sfollati interni. Si calcolano ormai 14 milioni di persone vulnerabili su una popolazione scesa, dal febbraio 2022, a 30 milioni: <strong>praticamente una famiglia ucraina su due ha bisogno di assistenza umanitaria.<\/strong><\/p>\n<p>Mille giorni di guerra sono stati mille giorni di solidariet\u00e0 della Comunit\u00e0 di Sant\u2019Egidio in Ucraina. Grazie a una radicata presenza nel paese dal 1991, fin dai primi giorni dopo l\u2019invasione russa Sant\u2019Egidio ha realizzato un\u2019estesa rete di aiuti umanitari con cinque centri per sfollati interni (3 a Kiev, 1 a Leopoli e 1 a Ivano-Frankivsk). Dall\u2019inizio del conflitto a oggi la Comunit\u00e0 ha inviato <strong>153 carichi<\/strong>, per un totale di <strong>2400 tonnellate<\/strong> di aiuti umanitari. <strong>450mila persone<\/strong> hanno ricevuto <strong>generi alimentari, abbigliamento, prodotti per l\u2019igiene<\/strong>, mentre <strong>2 milioni di persone<\/strong> hanno usufruito di <strong>aiuti sanitari<\/strong>.<\/p>\n<p><strong>L\u2019Ucraina ha bisogno di pace e l\u2019impegno umanitario ne tiene viva la speranza.<\/strong> Per alimentarla c\u2019\u00e8 bisogno di un sostegno largo e generoso, che non pu\u00f2 affievolirsi, ma anzi deve rafforzarsi: dopo mille giorni di guerra, investire sull\u2019aiuto alla popolazione \u00e8 l\u2019unico modo per dare un futuro all\u2019Ucraina, perch\u00e9 la solidariet\u00e0 costruisce gi\u00e0 oggi un pezzo di pace.<\/p>\n<p>Per maggiori informazioni, video e immagini visita questo link<\/p>\n<p><a href=\"https:\/\/www.santegidio.org\/pageID\/30284\/langID\/it\/itemID\/59333\/1000-giorni-di-guerra-in-Ucraina-il-dolore-le-morti-l-emergenza-umanitaria-La-solidariet%C3%A0-%C3%A8-resistenza-alla-guerra-e-speranza-di-pace.html\">https:\/\/www.santegidio.org\/pageID\/30284\/langID\/it\/itemID\/59333\/1000-giorni-di-guerra-in-Ucraina-il-dolore-le-morti-l-emergenza-umanitaria-La-solidariet%C3%A0-%C3%A8-resistenza-alla-guerra-e-speranza-di-pace.html<\/a><\/p>\n<p><iframe loading=\"lazy\" title=\"1000 giorni di guerra in Ucraina. La solidariet\u00e0 \u00e8 resistenza alla guerra e speranza di pace\" width=\"500\" height=\"281\" src=\"https:\/\/www.youtube.com\/embed\/vKo8-Fafe30?feature=oembed\" frameborder=\"0\" allow=\"accelerometer; autoplay; clipboard-write; encrypted-media; gyroscope; picture-in-picture; web-share\" referrerpolicy=\"strict-origin-when-cross-origin\" allowfullscreen><\/iframe><\/p>\n","protected":false},"excerpt":{"rendered":"<p>14 milioni di persone vulnerabili, una famiglia ucraina su due, ha bisogno di assistenza<\/p>\n","protected":false},"author":17,"featured_media":113298,"comment_status":"closed","ping_status":"closed","sticky":false,"template":"","format":"standard","meta":{"_acf_changed":false,"_crdt_document":"","inline_featured_image":false,"footnotes":""},"categories":[73],"tags":[3313,6030,785,33249,510,33250,4952,1773],"class_list":["post-113297","post","type-post","status-publish","format-standard","has-post-thumbnail","hentry","category-chiesa-e-mondo","tag-dolore","tag-emergenza-umanitaria","tag-guerra","tag-morti","tag-solidarieta","tag-speranza-di-pace","tag-trending-it","tag-ucraina"],"acf":[],"yoast_head":"<!-- This site is optimized with the Yoast SEO plugin v27.5 - https:\/\/yoast.com\/product\/yoast-seo-wordpress\/ -->\n<title>Sant\u2019Egidio: &quot;La solidariet\u00e0 \u00e8 resistenza e speranza di pace&quot; &#8211; Exaudi<\/title>\n<meta name=\"robots\" content=\"index, follow, max-snippet:-1, max-image-preview:large, max-video-preview:-1\" \/>\n<link rel=\"canonical\" href=\"https:\/\/exaudi.org\/it\/santegidio-la-solidarieta-e-resistenza-e-speranza-di-pace\/\" \/>\n<meta property=\"og:locale\" content=\"it_IT\" \/>\n<meta property=\"og:type\" content=\"article\" \/>\n<meta property=\"og:title\" content=\"Sant\u2019Egidio: &quot;La solidariet\u00e0 \u00e8 resistenza e speranza di pace&quot; &#8211; Exaudi\" \/>\n<meta property=\"og:description\" content=\"14 milioni di persone vulnerabili, una famiglia ucraina su due, ha bisogno di assistenza\" \/>\n<meta property=\"og:url\" content=\"https:\/\/exaudi.org\/it\/santegidio-la-solidarieta-e-resistenza-e-speranza-di-pace\/\" \/>\n<meta property=\"og:site_name\" content=\"Exaudi\" \/>\n<meta property=\"article:publisher\" content=\"https:\/\/www.facebook.com\/ExaudiNews\" \/>\n<meta property=\"article:author\" content=\"https:\/\/www.facebook.com\/ExaudiNotizie\/\" \/>\n<meta property=\"article:published_time\" content=\"2024-11-20T17:11:57+00:00\" \/>\n<meta property=\"og:image\" content=\"https:\/\/exaudi.org\/wp-content\/uploads\/2024\/11\/maxresdefault.jpg\" \/>\n\t<meta property=\"og:image:width\" content=\"1280\" \/>\n\t<meta property=\"og:image:height\" content=\"720\" \/>\n\t<meta property=\"og:image:type\" content=\"image\/jpeg\" \/>\n<meta name=\"author\" content=\"Exaudi Redazione\" \/>\n<meta name=\"twitter:card\" content=\"summary_large_image\" \/>\n<meta name=\"twitter:creator\" content=\"@Exaudi_Notizie\" \/>\n<meta name=\"twitter:site\" content=\"@Exaudi_News\" \/>\n<meta name=\"twitter:label1\" content=\"Scritto da\" \/>\n\t<meta name=\"twitter:data1\" content=\"Exaudi Redazione\" \/>\n\t<meta name=\"twitter:label2\" content=\"Tempo di lettura stimato\" \/>\n\t<meta name=\"twitter:data2\" content=\"2 minuti\" \/>\n<script type=\"application\/ld+json\" class=\"yoast-schema-graph\">{\"@context\":\"https:\\\/\\\/schema.org\",\"@graph\":[{\"@type\":\"Article\",\"@id\":\"https:\\\/\\\/exaudi.org\\\/it\\\/santegidio-la-solidarieta-e-resistenza-e-speranza-di-pace\\\/#article\",\"isPartOf\":{\"@id\":\"https:\\\/\\\/exaudi.org\\\/it\\\/santegidio-la-solidarieta-e-resistenza-e-speranza-di-pace\\\/\"},\"author\":{\"name\":\"Exaudi Redazione\",\"@id\":\"https:\\\/\\\/exaudi.org\\\/#\\\/schema\\\/person\\\/e1ab6ed07c01774724dd96f925f3a5f0\"},\"headline\":\"Sant\u2019Egidio: &#8220;La solidariet\u00e0 \u00e8 resistenza e speranza di pace&#8221;\",\"datePublished\":\"2024-11-20T17:11:57+00:00\",\"mainEntityOfPage\":{\"@id\":\"https:\\\/\\\/exaudi.org\\\/it\\\/santegidio-la-solidarieta-e-resistenza-e-speranza-di-pace\\\/\"},\"wordCount\":316,\"image\":{\"@id\":\"https:\\\/\\\/exaudi.org\\\/it\\\/santegidio-la-solidarieta-e-resistenza-e-speranza-di-pace\\\/#primaryimage\"},\"thumbnailUrl\":\"https:\\\/\\\/exaudi.org\\\/wp-content\\\/uploads\\\/2024\\\/11\\\/maxresdefault.jpg\",\"keywords\":[\"dolore\",\"emergenza umanitaria\",\"guerra\",\"morti\",\"solidariet\u00e0\",\"speranza di pace\",\"Trending\",\"Ucraina\"],\"articleSection\":[\"Chiesa e Mondo\"],\"inLanguage\":\"it-IT\"},{\"@type\":\"WebPage\",\"@id\":\"https:\\\/\\\/exaudi.org\\\/it\\\/santegidio-la-solidarieta-e-resistenza-e-speranza-di-pace\\\/\",\"url\":\"https:\\\/\\\/exaudi.org\\\/it\\\/santegidio-la-solidarieta-e-resistenza-e-speranza-di-pace\\\/\",\"name\":\"Sant\u2019Egidio: \\\"La solidariet\u00e0 \u00e8 resistenza e speranza di pace\\\" &#8211; Exaudi\",\"isPartOf\":{\"@id\":\"https:\\\/\\\/exaudi.org\\\/#website\"},\"primaryImageOfPage\":{\"@id\":\"https:\\\/\\\/exaudi.org\\\/it\\\/santegidio-la-solidarieta-e-resistenza-e-speranza-di-pace\\\/#primaryimage\"},\"image\":{\"@id\":\"https:\\\/\\\/exaudi.org\\\/it\\\/santegidio-la-solidarieta-e-resistenza-e-speranza-di-pace\\\/#primaryimage\"},\"thumbnailUrl\":\"https:\\\/\\\/exaudi.org\\\/wp-content\\\/uploads\\\/2024\\\/11\\\/maxresdefault.jpg\",\"datePublished\":\"2024-11-20T17:11:57+00:00\",\"author\":{\"@id\":\"https:\\\/\\\/exaudi.org\\\/#\\\/schema\\\/person\\\/e1ab6ed07c01774724dd96f925f3a5f0\"},\"breadcrumb\":{\"@id\":\"https:\\\/\\\/exaudi.org\\\/it\\\/santegidio-la-solidarieta-e-resistenza-e-speranza-di-pace\\\/#breadcrumb\"},\"inLanguage\":\"it-IT\",\"potentialAction\":[{\"@type\":\"ReadAction\",\"target\":[\"https:\\\/\\\/exaudi.org\\\/it\\\/santegidio-la-solidarieta-e-resistenza-e-speranza-di-pace\\\/\"]}]},{\"@type\":\"ImageObject\",\"inLanguage\":\"it-IT\",\"@id\":\"https:\\\/\\\/exaudi.org\\\/it\\\/santegidio-la-solidarieta-e-resistenza-e-speranza-di-pace\\\/#primaryimage\",\"url\":\"https:\\\/\\\/exaudi.org\\\/wp-content\\\/uploads\\\/2024\\\/11\\\/maxresdefault.jpg\",\"contentUrl\":\"https:\\\/\\\/exaudi.org\\\/wp-content\\\/uploads\\\/2024\\\/11\\\/maxresdefault.jpg\",\"width\":1280,\"height\":720,\"caption\":\"SANT\u2019EGIDIO\"},{\"@type\":\"BreadcrumbList\",\"@id\":\"https:\\\/\\\/exaudi.org\\\/it\\\/santegidio-la-solidarieta-e-resistenza-e-speranza-di-pace\\\/#breadcrumb\",\"itemListElement\":[{\"@type\":\"ListItem\",\"position\":1,\"name\":\"Portada\",\"item\":\"https:\\\/\\\/exaudi.org\\\/it\\\/\"},{\"@type\":\"ListItem\",\"position\":2,\"name\":\"Sant\u2019Egidio: &#8220;La solidariet\u00e0 \u00e8 resistenza e speranza di pace&#8221;\"}]},{\"@type\":\"WebSite\",\"@id\":\"https:\\\/\\\/exaudi.org\\\/#website\",\"url\":\"https:\\\/\\\/exaudi.org\\\/\",\"name\":\"Exaudi\",\"description\":\"News\",\"potentialAction\":[{\"@type\":\"SearchAction\",\"target\":{\"@type\":\"EntryPoint\",\"urlTemplate\":\"https:\\\/\\\/exaudi.org\\\/?s={search_term_string}\"},\"query-input\":{\"@type\":\"PropertyValueSpecification\",\"valueRequired\":true,\"valueName\":\"search_term_string\"}}],\"inLanguage\":\"it-IT\"},{\"@type\":\"Person\",\"@id\":\"https:\\\/\\\/exaudi.org\\\/#\\\/schema\\\/person\\\/e1ab6ed07c01774724dd96f925f3a5f0\",\"name\":\"Exaudi Redazione\",\"image\":{\"@type\":\"ImageObject\",\"inLanguage\":\"it-IT\",\"@id\":\"https:\\\/\\\/secure.gravatar.com\\\/avatar\\\/ad6774b3ada023bf5b939d64f45c94b3adf91502dd883507d469b4308a943bb3?s=96&d=mm&r=g\",\"url\":\"https:\\\/\\\/secure.gravatar.com\\\/avatar\\\/ad6774b3ada023bf5b939d64f45c94b3adf91502dd883507d469b4308a943bb3?s=96&d=mm&r=g\",\"contentUrl\":\"https:\\\/\\\/secure.gravatar.com\\\/avatar\\\/ad6774b3ada023bf5b939d64f45c94b3adf91502dd883507d469b4308a943bb3?s=96&d=mm&r=g\",\"caption\":\"Exaudi Redazione\"},\"description\":\"Che cosa \u00e8 Exaudi News? Exaudi News \u00e8 un agenzia cattolica internazionale che informa, istruisce e trasforma quotidianamente in spagnolo, inglese e italiano. Attraverso notizie, articoli di analisi e trasmissioni in diretta degli eventi del Papa, Exaudi cerca di rafforzare l'unit\u00e0 dei cristiani e di contribuire all'evangelizzazione del mondo, sempre guidato dalla dottrina sociale della Chiesa. Lavoriamo per portare la verit\u00e0 e i valori cristiani in ogni angolo del pianeta. Aiutaci a trasformare il mondo con Exaudi! Noi di Exaudi crediamo che l'evangelizzazione e l'informazione di qualit\u00e0 possano cambiare la vita. Per continuare la nostra missione ed espandere la nostra portata, abbiamo bisogno del tuo aiuto. Stiamo anche cercando persone motivate che vogliano unirsi al nostro team. Grazie al vostro sostegno raggiungeremo pi\u00f9 persone, diffonderemo il messaggio di Cristo e rafforzeremo l'unit\u00e0 dei cristiani. Vuoi unirti alla nostra missione? Per maggiori informazioni su come contribuire, visita Exaudi.org\\\/it o contattaci direttamente: info@exaudi.org Exaudi: informa, forma e trasforma.\",\"sameAs\":[\"https:\\\/\\\/www.facebook.com\\\/ExaudiNotizie\\\/\",\"https:\\\/\\\/www.instagram.com\\\/Exaudi_notizie\\\/\",\"https:\\\/\\\/x.com\\\/Exaudi_Notizie\",\"https:\\\/\\\/www.youtube.com\\\/@exaudicatholicnews\"],\"url\":\"https:\\\/\\\/exaudi.org\\\/it\\\/author\\\/dlvedi-org\\\/\"}]}<\/script>\n<!-- \/ Yoast SEO plugin. -->","yoast_head_json":{"title":"Sant\u2019Egidio: \"La solidariet\u00e0 \u00e8 resistenza e speranza di pace\" &#8211; Exaudi","robots":{"index":"index","follow":"follow","max-snippet":"max-snippet:-1","max-image-preview":"max-image-preview:large","max-video-preview":"max-video-preview:-1"},"canonical":"https:\/\/exaudi.org\/it\/santegidio-la-solidarieta-e-resistenza-e-speranza-di-pace\/","og_locale":"it_IT","og_type":"article","og_title":"Sant\u2019Egidio: \"La solidariet\u00e0 \u00e8 resistenza e speranza di pace\" &#8211; Exaudi","og_description":"14 milioni di persone vulnerabili, una famiglia ucraina su due, ha bisogno di assistenza","og_url":"https:\/\/exaudi.org\/it\/santegidio-la-solidarieta-e-resistenza-e-speranza-di-pace\/","og_site_name":"Exaudi","article_publisher":"https:\/\/www.facebook.com\/ExaudiNews","article_author":"https:\/\/www.facebook.com\/ExaudiNotizie\/","article_published_time":"2024-11-20T17:11:57+00:00","og_image":[{"width":1280,"height":720,"url":"https:\/\/exaudi.org\/wp-content\/uploads\/2024\/11\/maxresdefault.jpg","type":"image\/jpeg"}],"author":"Exaudi Redazione","twitter_card":"summary_large_image","twitter_creator":"@Exaudi_Notizie","twitter_site":"@Exaudi_News","twitter_misc":{"Scritto da":"Exaudi Redazione","Tempo di lettura stimato":"2 minuti"},"schema":{"@context":"https:\/\/schema.org","@graph":[{"@type":"Article","@id":"https:\/\/exaudi.org\/it\/santegidio-la-solidarieta-e-resistenza-e-speranza-di-pace\/#article","isPartOf":{"@id":"https:\/\/exaudi.org\/it\/santegidio-la-solidarieta-e-resistenza-e-speranza-di-pace\/"},"author":{"name":"Exaudi Redazione","@id":"https:\/\/exaudi.org\/#\/schema\/person\/e1ab6ed07c01774724dd96f925f3a5f0"},"headline":"Sant\u2019Egidio: &#8220;La solidariet\u00e0 \u00e8 resistenza e speranza di pace&#8221;","datePublished":"2024-11-20T17:11:57+00:00","mainEntityOfPage":{"@id":"https:\/\/exaudi.org\/it\/santegidio-la-solidarieta-e-resistenza-e-speranza-di-pace\/"},"wordCount":316,"image":{"@id":"https:\/\/exaudi.org\/it\/santegidio-la-solidarieta-e-resistenza-e-speranza-di-pace\/#primaryimage"},"thumbnailUrl":"https:\/\/exaudi.org\/wp-content\/uploads\/2024\/11\/maxresdefault.jpg","keywords":["dolore","emergenza umanitaria","guerra","morti","solidariet\u00e0","speranza di pace","Trending","Ucraina"],"articleSection":["Chiesa e Mondo"],"inLanguage":"it-IT"},{"@type":"WebPage","@id":"https:\/\/exaudi.org\/it\/santegidio-la-solidarieta-e-resistenza-e-speranza-di-pace\/","url":"https:\/\/exaudi.org\/it\/santegidio-la-solidarieta-e-resistenza-e-speranza-di-pace\/","name":"Sant\u2019Egidio: \"La solidariet\u00e0 \u00e8 resistenza e speranza di pace\" &#8211; Exaudi","isPartOf":{"@id":"https:\/\/exaudi.org\/#website"},"primaryImageOfPage":{"@id":"https:\/\/exaudi.org\/it\/santegidio-la-solidarieta-e-resistenza-e-speranza-di-pace\/#primaryimage"},"image":{"@id":"https:\/\/exaudi.org\/it\/santegidio-la-solidarieta-e-resistenza-e-speranza-di-pace\/#primaryimage"},"thumbnailUrl":"https:\/\/exaudi.org\/wp-content\/uploads\/2024\/11\/maxresdefault.jpg","datePublished":"2024-11-20T17:11:57+00:00","author":{"@id":"https:\/\/exaudi.org\/#\/schema\/person\/e1ab6ed07c01774724dd96f925f3a5f0"},"breadcrumb":{"@id":"https:\/\/exaudi.org\/it\/santegidio-la-solidarieta-e-resistenza-e-speranza-di-pace\/#breadcrumb"},"inLanguage":"it-IT","potentialAction":[{"@type":"ReadAction","target":["https:\/\/exaudi.org\/it\/santegidio-la-solidarieta-e-resistenza-e-speranza-di-pace\/"]}]},{"@type":"ImageObject","inLanguage":"it-IT","@id":"https:\/\/exaudi.org\/it\/santegidio-la-solidarieta-e-resistenza-e-speranza-di-pace\/#primaryimage","url":"https:\/\/exaudi.org\/wp-content\/uploads\/2024\/11\/maxresdefault.jpg","contentUrl":"https:\/\/exaudi.org\/wp-content\/uploads\/2024\/11\/maxresdefault.jpg","width":1280,"height":720,"caption":"SANT\u2019EGIDIO"},{"@type":"BreadcrumbList","@id":"https:\/\/exaudi.org\/it\/santegidio-la-solidarieta-e-resistenza-e-speranza-di-pace\/#breadcrumb","itemListElement":[{"@type":"ListItem","position":1,"name":"Portada","item":"https:\/\/exaudi.org\/it\/"},{"@type":"ListItem","position":2,"name":"Sant\u2019Egidio: &#8220;La solidariet\u00e0 \u00e8 resistenza e speranza di pace&#8221;"}]},{"@type":"WebSite","@id":"https:\/\/exaudi.org\/#website","url":"https:\/\/exaudi.org\/","name":"Exaudi","description":"News","potentialAction":[{"@type":"SearchAction","target":{"@type":"EntryPoint","urlTemplate":"https:\/\/exaudi.org\/?s={search_term_string}"},"query-input":{"@type":"PropertyValueSpecification","valueRequired":true,"valueName":"search_term_string"}}],"inLanguage":"it-IT"},{"@type":"Person","@id":"https:\/\/exaudi.org\/#\/schema\/person\/e1ab6ed07c01774724dd96f925f3a5f0","name":"Exaudi Redazione","image":{"@type":"ImageObject","inLanguage":"it-IT","@id":"https:\/\/secure.gravatar.com\/avatar\/ad6774b3ada023bf5b939d64f45c94b3adf91502dd883507d469b4308a943bb3?s=96&d=mm&r=g","url":"https:\/\/secure.gravatar.com\/avatar\/ad6774b3ada023bf5b939d64f45c94b3adf91502dd883507d469b4308a943bb3?s=96&d=mm&r=g","contentUrl":"https:\/\/secure.gravatar.com\/avatar\/ad6774b3ada023bf5b939d64f45c94b3adf91502dd883507d469b4308a943bb3?s=96&d=mm&r=g","caption":"Exaudi Redazione"},"description":"Che cosa \u00e8 Exaudi News? Exaudi News \u00e8 un agenzia cattolica internazionale che informa, istruisce e trasforma quotidianamente in spagnolo, inglese e italiano. Attraverso notizie, articoli di analisi e trasmissioni in diretta degli eventi del Papa, Exaudi cerca di rafforzare l'unit\u00e0 dei cristiani e di contribuire all'evangelizzazione del mondo, sempre guidato dalla dottrina sociale della Chiesa. Lavoriamo per portare la verit\u00e0 e i valori cristiani in ogni angolo del pianeta. Aiutaci a trasformare il mondo con Exaudi! Noi di Exaudi crediamo che l'evangelizzazione e l'informazione di qualit\u00e0 possano cambiare la vita. Per continuare la nostra missione ed espandere la nostra portata, abbiamo bisogno del tuo aiuto. Stiamo anche cercando persone motivate che vogliano unirsi al nostro team. Grazie al vostro sostegno raggiungeremo pi\u00f9 persone, diffonderemo il messaggio di Cristo e rafforzeremo l'unit\u00e0 dei cristiani. Vuoi unirti alla nostra missione? Per maggiori informazioni su come contribuire, visita Exaudi.org\/it o contattaci direttamente: info@exaudi.org Exaudi: informa, forma e trasforma.","sameAs":["https:\/\/www.facebook.com\/ExaudiNotizie\/","https:\/\/www.instagram.com\/Exaudi_notizie\/","https:\/\/x.com\/Exaudi_Notizie","https:\/\/www.youtube.com\/@exaudicatholicnews"],"url":"https:\/\/exaudi.org\/it\/author\/dlvedi-org\/"}]}},"jetpack_featured_media_url":"https:\/\/exaudi.org\/wp-content\/uploads\/2024\/11\/maxresdefault.jpg","jetpack_shortlink":"https:\/\/wp.me\/pgKjF2-ttn","_links":{"self":[{"href":"https:\/\/exaudi.org\/it\/wp-json\/wp\/v2\/posts\/113297","targetHints":{"allow":["GET"]}}],"collection":[{"href":"https:\/\/exaudi.org\/it\/wp-json\/wp\/v2\/posts"}],"about":[{"href":"https:\/\/exaudi.org\/it\/wp-json\/wp\/v2\/types\/post"}],"author":[{"embeddable":true,"href":"https:\/\/exaudi.org\/it\/wp-json\/wp\/v2\/users\/17"}],"replies":[{"embeddable":true,"href":"https:\/\/exaudi.org\/it\/wp-json\/wp\/v2\/comments?post=113297"}],"version-history":[{"count":0,"href":"https:\/\/exaudi.org\/it\/wp-json\/wp\/v2\/posts\/113297\/revisions"}],"wp:featuredmedia":[{"embeddable":true,"href":"https:\/\/exaudi.org\/it\/wp-json\/wp\/v2\/media\/113298"}],"wp:attachment":[{"href":"https:\/\/exaudi.org\/it\/wp-json\/wp\/v2\/media?parent=113297"}],"wp:term":[{"taxonomy":"category","embeddable":true,"href":"https:\/\/exaudi.org\/it\/wp-json\/wp\/v2\/categories?post=113297"},{"taxonomy":"post_tag","embeddable":true,"href":"https:\/\/exaudi.org\/it\/wp-json\/wp\/v2\/tags?post=113297"}],"curies":[{"name":"wp","href":"https:\/\/api.w.org\/{rel}","templated":true}]}}