{"id":113175,"date":"2024-11-18T20:30:06","date_gmt":"2024-11-18T19:30:06","guid":{"rendered":"https:\/\/exaudi.org\/?p=113175"},"modified":"2024-11-19T00:56:32","modified_gmt":"2024-11-18T23:56:32","slug":"miguel-angel-rodriguez-analizza-il-declino-della-democrazia-in-america-latina","status":"publish","type":"post","link":"https:\/\/exaudi.org\/it\/miguel-angel-rodriguez-analizza-il-declino-della-democrazia-in-america-latina\/","title":{"rendered":"Miguel \u00c1ngel Rodr\u00edguez analizza il declino della democrazia in America Latina"},"content":{"rendered":"<p>Il 15 e 16 novembre, la citt\u00e0 di Valpara\u00edso \u00e8 stata teatro di una significativa visita dell&#8217;ex presidente della Costa Rica e vicepresidente dell&#8217;Accademia Internazionale dei Leader Cattolici, Miguel \u00c1ngel Rodr\u00edguez. <em><strong>Questo evento fa parte della Scuola dei Leader Cattolici di Valpara\u00edso<\/strong><\/em>, un&#8217;iniziativa realizzata in collaborazione tra <strong>l&#8217;Accademia Internazionale dei Leader Cattolici, la Pontificia Universit\u00e0 Cattolica di Valpara\u00edso (PUCV) e la Diocesi di Valpara\u00edso.<\/strong><\/p>\n<p>Il primo giorno della visita, l&#8217;ex presidente Rodr\u00edguez ha avuto un incontro con giovani politici cileni di diverse sensibilit\u00e0, dove ha approfittato dell&#8217;occasione per lasciare un forte messaggio. <em>\u201cVale la pena partecipare alla politica. \u00c8 un modo molto efficace per aiutare gli altri, quando aiutiamo gli altri siamo felici anche noi. E la politica amplifica la nostra azione\u201d<\/em>, ha detto l\u2019ex presidente. Ha sottolineato che la politica \u00e8 un modo per creare un impatto positivo nella comunit\u00e0, sottolineando che <em>\u201cla politica \u00e8 la vera amicizia sociale\u201d<\/em>.<\/p>\n<p>Il 16 novembre, l\u2019ex presidente Rodr\u00edguez ha tenuto un master class presso la Scuola dei Leader Cattolici, rivolto a studenti e pubblico interessato. Il tema della sua presentazione \u00e8 stato incentrato sul <em>declino della democrazia in America Latina nel XXI secolo<\/em> e ha visto la partecipazione speciale dell&#8217;ambasciatrice costaricana in Cile, la signora Adriana Murillo, insieme ad altre autorit\u00e0 della PUCV. La lezione \u00e8 stata moderata dal professor Juan Pablo Fa\u00fandez, direttore della Cattedra Internazionale di Dottrina Sociale della Chiesa della PUCV e presidente del Consiglio Accademico Internazionale dell&#8217;Accademia Internazionale dei Leader Cattolici.<\/p>\n<p>L&#8217;evento \u00e8 iniziato puntualmente alle 12,15 del pomeriggio, con le parole di apertura di Juan Pablo Fa\u00fandez, che ha ringraziato l&#8217;ex presidente Rodr\u00edguez per la sua presenza e ha sottolineato l&#8217;importanza del dialogo <strong>con i giovani interessati al servizio pubblico e alla trasformazione politica del Cile.<\/strong><\/p>\n<p>Nella sua presentazione, l&#8217;ex presidente Rodr\u00edguez ha riflettuto sulla democrazia, evidenziando gli elementi essenziali che deve possedere per funzionare correttamente. <em>&#8220;Dobbiamo avere un sistema elettorale adeguato che permetta a questa volont\u00e0 della maggioranza di esprimersi. Dobbiamo anche avere uno stato di diritto che regoli i diversi diritti, e una cultura democratica, una societ\u00e0 disposta a difendere la democrazia&#8221;<\/em>, \u200b\u200bha detto.<\/p>\n<p>L&#8217;ex presidente ha colto l&#8217;occasione anche per affrontare il tema dell&#8217;immigrazione, questione chiave in America Latina. <em>&#8220;L&#8217;influenza dei media e la facilit\u00e0 dei trasporti hanno reso i movimenti migratori molto pi\u00f9 forti, il che provoca reazioni nelle comunit\u00e0&#8221;<\/em>, ha riflettuto.<\/p>\n<p>Un altro argomento rilevante che ha affrontato \u00e8 stata la disuguaglianza economica e la bassa crescita in America Latina, fattori che considerava parte del disincanto democratico. <em>&#8220;Siamo la regione con le maggiori disuguaglianze al mondo, continuiamo a soffrire di livelli di povert\u00e0 inaccettabili e le proiezioni economiche non sono incoraggianti&#8221;<\/em>, ha affermato l&#8217;ex presidente.<\/p>\n<p>Infine, l\u2019ex presidente Rodr\u00edguez ha citato Papa Francesco e la sua enciclica Fratelli tutti, sottolineando l\u2019importanza delle istituzioni nell\u2019esercizio dell\u2019amore e del servizio agli altri.<em> &#8220;Non si tratta solo di aiutare direttamente, ma di usare le istituzioni per fare il bene comune&#8221;<\/em>, ha concluso.<\/p>\n<p>L&#8217;evento si \u00e8 concluso con una foto ufficiale dei partecipanti con l&#8217;ex presidente Rodr\u00edguez.<\/p>\n<p>&nbsp;<\/p>\n<p><img loading=\"lazy\" decoding=\"async\" class=\"size-medium wp-image-113141 alignleft\" src=\"https:\/\/exaudi.org\/wp-content\/uploads\/2024\/11\/WhatsApp-Image-2024-11-18-at-02.58.01-300x225.jpeg\" alt=\"\" width=\"300\" height=\"225\" srcset=\"https:\/\/exaudi.org\/wp-content\/uploads\/2024\/11\/WhatsApp-Image-2024-11-18-at-02.58.01-300x225.jpeg 300w, https:\/\/exaudi.org\/wp-content\/uploads\/2024\/11\/WhatsApp-Image-2024-11-18-at-02.58.01-1024x768.jpeg 1024w, https:\/\/exaudi.org\/wp-content\/uploads\/2024\/11\/WhatsApp-Image-2024-11-18-at-02.58.01-770x578.jpeg 770w, https:\/\/exaudi.org\/wp-content\/uploads\/2024\/11\/WhatsApp-Image-2024-11-18-at-02.58.01-1536x1152.jpeg 1536w, https:\/\/exaudi.org\/wp-content\/uploads\/2024\/11\/WhatsApp-Image-2024-11-18-at-02.58.01-500x375.jpeg 500w, https:\/\/exaudi.org\/wp-content\/uploads\/2024\/11\/WhatsApp-Image-2024-11-18-at-02.58.01-293x220.jpeg 293w, https:\/\/exaudi.org\/wp-content\/uploads\/2024\/11\/WhatsApp-Image-2024-11-18-at-02.58.01-1400x1050.jpeg 1400w, https:\/\/exaudi.org\/wp-content\/uploads\/2024\/11\/WhatsApp-Image-2024-11-18-at-02.58.01-390x293.jpeg 390w, https:\/\/exaudi.org\/wp-content\/uploads\/2024\/11\/WhatsApp-Image-2024-11-18-at-02.58.01.jpeg 1600w\" sizes=\"auto, (max-width: 300px) 100vw, 300px\" \/>Juan Pablo Fa\u00fandez, direttore della Scuola dei Leader Cattolici di Valpara\u00edso, ha espresso la sua soddisfazione per la visita: <em>\u201cSiamo molto felici per la presenza di don Miguel \u00c1ngel Rodr\u00edguez, ex presidente del Costa Rica. Questa conferenza sul declino della democrazia in America Latina \u00e8 stata per noi un\u2019opportunit\u00e0 preziosa. La sua saggezza e qualit\u00e0 umana ci hanno sorpreso tutti\u201d<\/em>.<\/p>\n<p>Anche l\u2019ambasciatrice costaricana in Cile, signora Adriana Murillo, ha sottolineato l\u2019attualit\u00e0 della conferenza: <em>&#8220;\u00c8 un onore accompagnare i giovani leader in questo spazio di dialogo sulla democrazia, un valore fondamentale per la Costa Rica. Per i giovani \u00e8 una grande esperienza incontrare chi ha ricoperto posizioni di leadership nella nostra regione.&#8221;<\/em><\/p>\n<p>La Scuola dei Leader Cattolici di Valpara\u00edso fa parte dell&#8217;Accademia Internazionale dei Leader Cattolici, un centro di formazione internazionale presente in 40 diocesi di 15 paesi in America, Spagna e recentemente aperto in Africa.<\/p>\n","protected":false},"excerpt":{"rendered":"<p>L&#8217;ex presidente Miguel \u00c1ngel Rodr\u00edguez visita la Scuola dei Leader Cattolici di Valpara\u00edso<\/p>\n","protected":false},"author":107,"featured_media":113144,"comment_status":"closed","ping_status":"closed","sticky":false,"template":"","format":"standard","meta":{"_acf_changed":false,"_crdt_document":"","inline_featured_image":false,"footnotes":""},"categories":[73],"tags":[11218,17082,32837,3066,32833,9271,10227,32834,32836,32839,473,32840,21923,32841,14969,32842,32843,32838,32835,32844],"class_list":["post-113175","post","type-post","status-publish","format-standard","has-post-thumbnail","hentry","category-chiesa-e-mondo","tag-accademia-dei-leader-cattolici","tag-accademia-internazionale-dei-leader-cattolici","tag-ambasciatore-della-costa-rica-in-cile","tag-america-latina-it","tag-cattedra-internazionale-della-dottrina-sociale-della-chiesa","tag-cile","tag-conferenza","tag-democrazia-in-america-latina","tag-disuguaglianza-economica","tag-ex-presidente-costa-rica","tag-fratelli-tutti","tag-giovani-politici-cile","tag-leadership-cattolica","tag-migrazione-in-america-latina","tag-miguel-angel-rodriguez-2","tag-politica-e-servizio-pubblico","tag-pontificia-universita-cattolica-di-valparaiso","tag-scuola-dei-leader-cattolici-valparaiso","tag-sviluppo-politico","tag-valparaiso-2024-2"],"acf":[],"yoast_head":"<!-- This site is optimized with the Yoast SEO plugin v27.4 - https:\/\/yoast.com\/product\/yoast-seo-wordpress\/ -->\n<title>Miguel \u00c1ngel Rodr\u00edguez analizza il declino della democrazia in America Latina &#8211; Exaudi<\/title>\n<meta name=\"robots\" content=\"index, follow, max-snippet:-1, max-image-preview:large, max-video-preview:-1\" \/>\n<link rel=\"canonical\" href=\"https:\/\/exaudi.org\/it\/miguel-angel-rodriguez-analizza-il-declino-della-democrazia-in-america-latina\/\" \/>\n<meta property=\"og:locale\" content=\"it_IT\" \/>\n<meta property=\"og:type\" content=\"article\" \/>\n<meta property=\"og:title\" content=\"Miguel \u00c1ngel Rodr\u00edguez analizza il declino della democrazia in America Latina &#8211; Exaudi\" \/>\n<meta property=\"og:description\" content=\"L&#039;ex presidente Miguel \u00c1ngel Rodr\u00edguez visita la Scuola dei Leader Cattolici di Valpara\u00edso\" \/>\n<meta property=\"og:url\" content=\"https:\/\/exaudi.org\/it\/miguel-angel-rodriguez-analizza-il-declino-della-democrazia-in-america-latina\/\" \/>\n<meta property=\"og:site_name\" content=\"Exaudi\" \/>\n<meta property=\"article:publisher\" content=\"https:\/\/www.facebook.com\/ExaudiNews\" \/>\n<meta property=\"article:published_time\" content=\"2024-11-18T19:30:06+00:00\" \/>\n<meta property=\"article:modified_time\" content=\"2024-11-18T23:56:32+00:00\" \/>\n<meta property=\"og:image\" content=\"https:\/\/exaudi.org\/wp-content\/uploads\/2024\/11\/WhatsApp-Image-2024-11-18-at-02.54.42.jpeg\" \/>\n\t<meta property=\"og:image:width\" content=\"1280\" \/>\n\t<meta property=\"og:image:height\" content=\"960\" \/>\n\t<meta property=\"og:image:type\" content=\"image\/jpeg\" \/>\n<meta name=\"author\" content=\"Academia de L\u00edderes Cat\u00f3licos\" \/>\n<meta name=\"twitter:card\" content=\"summary_large_image\" \/>\n<meta name=\"twitter:creator\" content=\"@Exaudi_News\" \/>\n<meta name=\"twitter:site\" content=\"@Exaudi_News\" \/>\n<meta name=\"twitter:label1\" content=\"Scritto da\" \/>\n\t<meta name=\"twitter:data1\" content=\"Academia de L\u00edderes Cat\u00f3licos\" \/>\n\t<meta name=\"twitter:label2\" content=\"Tempo di lettura stimato\" \/>\n\t<meta name=\"twitter:data2\" content=\"3 minuti\" \/>\n<script type=\"application\/ld+json\" class=\"yoast-schema-graph\">{\"@context\":\"https:\\\/\\\/schema.org\",\"@graph\":[{\"@type\":\"Article\",\"@id\":\"https:\\\/\\\/exaudi.org\\\/it\\\/miguel-angel-rodriguez-analizza-il-declino-della-democrazia-in-america-latina\\\/#article\",\"isPartOf\":{\"@id\":\"https:\\\/\\\/exaudi.org\\\/it\\\/miguel-angel-rodriguez-analizza-il-declino-della-democrazia-in-america-latina\\\/\"},\"author\":{\"name\":\"Academia de L\u00edderes Cat\u00f3licos\",\"@id\":\"https:\\\/\\\/exaudi.org\\\/#\\\/schema\\\/person\\\/334968a332d5dad9f94e08897852c6af\"},\"headline\":\"Miguel \u00c1ngel Rodr\u00edguez analizza il declino della democrazia in America Latina\",\"datePublished\":\"2024-11-18T19:30:06+00:00\",\"dateModified\":\"2024-11-18T23:56:32+00:00\",\"mainEntityOfPage\":{\"@id\":\"https:\\\/\\\/exaudi.org\\\/it\\\/miguel-angel-rodriguez-analizza-il-declino-della-democrazia-in-america-latina\\\/\"},\"wordCount\":687,\"image\":{\"@id\":\"https:\\\/\\\/exaudi.org\\\/it\\\/miguel-angel-rodriguez-analizza-il-declino-della-democrazia-in-america-latina\\\/#primaryimage\"},\"thumbnailUrl\":\"https:\\\/\\\/exaudi.org\\\/wp-content\\\/uploads\\\/2024\\\/11\\\/WhatsApp-Image-2024-11-18-at-02.54.42.jpeg\",\"keywords\":[\"ACCADEMIA DEI LEADER CATTOLICI\",\"ACCADEMIA INTERNAZIONALE DEI LEADER CATTOLICI\",\"ambasciatore della Costa Rica in Cile\",\"Am\u00e9rica Latina\",\"Cattedra internazionale della dottrina sociale della Chiesa\",\"cile\",\"Conferenza\",\"democrazia in America Latina\",\"disuguaglianza economica\",\"ex presidente Costa Rica\",\"Fratelli Tutti\",\"giovani politici Cile\",\"LEADERSHIP CATTOLICA\",\"migrazione in America Latina\",\"MIGUEL \u00c1NGEL RODR\u00cdGUEZ\",\"politica e servizio pubblico\",\"Pontificia Universit\u00e0 Cattolica di Valpara\u00edso\",\"Scuola dei leader Cattolici Valpara\u00edso\",\"sviluppo politico\",\"Valpara\u00edso 2024\"],\"articleSection\":[\"Chiesa e Mondo\"],\"inLanguage\":\"it-IT\"},{\"@type\":\"WebPage\",\"@id\":\"https:\\\/\\\/exaudi.org\\\/it\\\/miguel-angel-rodriguez-analizza-il-declino-della-democrazia-in-america-latina\\\/\",\"url\":\"https:\\\/\\\/exaudi.org\\\/it\\\/miguel-angel-rodriguez-analizza-il-declino-della-democrazia-in-america-latina\\\/\",\"name\":\"Miguel \u00c1ngel Rodr\u00edguez analizza il declino della democrazia in America Latina &#8211; Exaudi\",\"isPartOf\":{\"@id\":\"https:\\\/\\\/exaudi.org\\\/#website\"},\"primaryImageOfPage\":{\"@id\":\"https:\\\/\\\/exaudi.org\\\/it\\\/miguel-angel-rodriguez-analizza-il-declino-della-democrazia-in-america-latina\\\/#primaryimage\"},\"image\":{\"@id\":\"https:\\\/\\\/exaudi.org\\\/it\\\/miguel-angel-rodriguez-analizza-il-declino-della-democrazia-in-america-latina\\\/#primaryimage\"},\"thumbnailUrl\":\"https:\\\/\\\/exaudi.org\\\/wp-content\\\/uploads\\\/2024\\\/11\\\/WhatsApp-Image-2024-11-18-at-02.54.42.jpeg\",\"datePublished\":\"2024-11-18T19:30:06+00:00\",\"dateModified\":\"2024-11-18T23:56:32+00:00\",\"author\":{\"@id\":\"https:\\\/\\\/exaudi.org\\\/#\\\/schema\\\/person\\\/334968a332d5dad9f94e08897852c6af\"},\"breadcrumb\":{\"@id\":\"https:\\\/\\\/exaudi.org\\\/it\\\/miguel-angel-rodriguez-analizza-il-declino-della-democrazia-in-america-latina\\\/#breadcrumb\"},\"inLanguage\":\"it-IT\",\"potentialAction\":[{\"@type\":\"ReadAction\",\"target\":[\"https:\\\/\\\/exaudi.org\\\/it\\\/miguel-angel-rodriguez-analizza-il-declino-della-democrazia-in-america-latina\\\/\"]}]},{\"@type\":\"ImageObject\",\"inLanguage\":\"it-IT\",\"@id\":\"https:\\\/\\\/exaudi.org\\\/it\\\/miguel-angel-rodriguez-analizza-il-declino-della-democrazia-in-america-latina\\\/#primaryimage\",\"url\":\"https:\\\/\\\/exaudi.org\\\/wp-content\\\/uploads\\\/2024\\\/11\\\/WhatsApp-Image-2024-11-18-at-02.54.42.jpeg\",\"contentUrl\":\"https:\\\/\\\/exaudi.org\\\/wp-content\\\/uploads\\\/2024\\\/11\\\/WhatsApp-Image-2024-11-18-at-02.54.42.jpeg\",\"width\":1280,\"height\":960},{\"@type\":\"BreadcrumbList\",\"@id\":\"https:\\\/\\\/exaudi.org\\\/it\\\/miguel-angel-rodriguez-analizza-il-declino-della-democrazia-in-america-latina\\\/#breadcrumb\",\"itemListElement\":[{\"@type\":\"ListItem\",\"position\":1,\"name\":\"Portada\",\"item\":\"https:\\\/\\\/exaudi.org\\\/it\\\/\"},{\"@type\":\"ListItem\",\"position\":2,\"name\":\"Miguel \u00c1ngel Rodr\u00edguez analizza il declino della democrazia in America Latina\"}]},{\"@type\":\"WebSite\",\"@id\":\"https:\\\/\\\/exaudi.org\\\/#website\",\"url\":\"https:\\\/\\\/exaudi.org\\\/\",\"name\":\"Exaudi\",\"description\":\"News\",\"potentialAction\":[{\"@type\":\"SearchAction\",\"target\":{\"@type\":\"EntryPoint\",\"urlTemplate\":\"https:\\\/\\\/exaudi.org\\\/?s={search_term_string}\"},\"query-input\":{\"@type\":\"PropertyValueSpecification\",\"valueRequired\":true,\"valueName\":\"search_term_string\"}}],\"inLanguage\":\"it-IT\"},{\"@type\":\"Person\",\"@id\":\"https:\\\/\\\/exaudi.org\\\/#\\\/schema\\\/person\\\/334968a332d5dad9f94e08897852c6af\",\"name\":\"Academia de L\u00edderes Cat\u00f3licos\",\"image\":{\"@type\":\"ImageObject\",\"inLanguage\":\"it-IT\",\"@id\":\"https:\\\/\\\/secure.gravatar.com\\\/avatar\\\/80d80b1e34d8fa01f6b95d10e695853ca4ea7e054050e21ad1a15d546d4600ca?s=96&d=mm&r=g\",\"url\":\"https:\\\/\\\/secure.gravatar.com\\\/avatar\\\/80d80b1e34d8fa01f6b95d10e695853ca4ea7e054050e21ad1a15d546d4600ca?s=96&d=mm&r=g\",\"contentUrl\":\"https:\\\/\\\/secure.gravatar.com\\\/avatar\\\/80d80b1e34d8fa01f6b95d10e695853ca4ea7e054050e21ad1a15d546d4600ca?s=96&d=mm&r=g\",\"caption\":\"Academia de L\u00edderes Cat\u00f3licos\"},\"description\":\"Es una fundaci\u00f3n de derecho privado sin fines de lucro que busca formar cat\u00f3licos que a partir de la experiencia cristiana desarrollen su vocaci\u00f3n pol\u00edtica con la ayuda de la Doctrina Social de la Iglesia. La Academia Latinoamericana de L\u00edderes Cat\u00f3licos tiene como misi\u00f3n, formar l\u00edderes desde una perspectiva cat\u00f3lica, arraigados en la fe de la Iglesia, para transformar el mundo social, pol\u00edtico y econ\u00f3mico a la luz de la Doctrina Social de la Iglesia. Formar una nueva generaci\u00f3n de cat\u00f3licos latinoamericanos con responsabilidades pol\u00edticas y sociales para que transformen el rostro del continente al servicio de sus pueblos, a la luz del Magisterio de la Iglesia y de cara a los Jubileos del V Centenario Guadalupano y de los dos mil a\u00f1os de la redenci\u00f3n.\",\"sameAs\":[\"https:\\\/\\\/liderescatolicos.net\\\/\",\"https:\\\/\\\/www.youtube.com\\\/c\\\/LderesCatlicos\"],\"url\":\"https:\\\/\\\/exaudi.org\\\/it\\\/author\\\/academia-de-lideres-catolicos\\\/\"}]}<\/script>\n<!-- \/ Yoast SEO plugin. -->","yoast_head_json":{"title":"Miguel \u00c1ngel Rodr\u00edguez analizza il declino della democrazia in America Latina &#8211; Exaudi","robots":{"index":"index","follow":"follow","max-snippet":"max-snippet:-1","max-image-preview":"max-image-preview:large","max-video-preview":"max-video-preview:-1"},"canonical":"https:\/\/exaudi.org\/it\/miguel-angel-rodriguez-analizza-il-declino-della-democrazia-in-america-latina\/","og_locale":"it_IT","og_type":"article","og_title":"Miguel \u00c1ngel Rodr\u00edguez analizza il declino della democrazia in America Latina &#8211; Exaudi","og_description":"L'ex presidente Miguel \u00c1ngel Rodr\u00edguez visita la Scuola dei Leader Cattolici di Valpara\u00edso","og_url":"https:\/\/exaudi.org\/it\/miguel-angel-rodriguez-analizza-il-declino-della-democrazia-in-america-latina\/","og_site_name":"Exaudi","article_publisher":"https:\/\/www.facebook.com\/ExaudiNews","article_published_time":"2024-11-18T19:30:06+00:00","article_modified_time":"2024-11-18T23:56:32+00:00","og_image":[{"width":1280,"height":960,"url":"https:\/\/exaudi.org\/wp-content\/uploads\/2024\/11\/WhatsApp-Image-2024-11-18-at-02.54.42.jpeg","type":"image\/jpeg"}],"author":"Academia de L\u00edderes Cat\u00f3licos","twitter_card":"summary_large_image","twitter_creator":"@Exaudi_News","twitter_site":"@Exaudi_News","twitter_misc":{"Scritto da":"Academia de L\u00edderes Cat\u00f3licos","Tempo di lettura stimato":"3 minuti"},"schema":{"@context":"https:\/\/schema.org","@graph":[{"@type":"Article","@id":"https:\/\/exaudi.org\/it\/miguel-angel-rodriguez-analizza-il-declino-della-democrazia-in-america-latina\/#article","isPartOf":{"@id":"https:\/\/exaudi.org\/it\/miguel-angel-rodriguez-analizza-il-declino-della-democrazia-in-america-latina\/"},"author":{"name":"Academia de L\u00edderes Cat\u00f3licos","@id":"https:\/\/exaudi.org\/#\/schema\/person\/334968a332d5dad9f94e08897852c6af"},"headline":"Miguel \u00c1ngel Rodr\u00edguez analizza il declino della democrazia in America Latina","datePublished":"2024-11-18T19:30:06+00:00","dateModified":"2024-11-18T23:56:32+00:00","mainEntityOfPage":{"@id":"https:\/\/exaudi.org\/it\/miguel-angel-rodriguez-analizza-il-declino-della-democrazia-in-america-latina\/"},"wordCount":687,"image":{"@id":"https:\/\/exaudi.org\/it\/miguel-angel-rodriguez-analizza-il-declino-della-democrazia-in-america-latina\/#primaryimage"},"thumbnailUrl":"https:\/\/exaudi.org\/wp-content\/uploads\/2024\/11\/WhatsApp-Image-2024-11-18-at-02.54.42.jpeg","keywords":["ACCADEMIA DEI LEADER CATTOLICI","ACCADEMIA INTERNAZIONALE DEI LEADER CATTOLICI","ambasciatore della Costa Rica in Cile","Am\u00e9rica Latina","Cattedra internazionale della dottrina sociale della Chiesa","cile","Conferenza","democrazia in America Latina","disuguaglianza economica","ex presidente Costa Rica","Fratelli Tutti","giovani politici Cile","LEADERSHIP CATTOLICA","migrazione in America Latina","MIGUEL \u00c1NGEL RODR\u00cdGUEZ","politica e servizio pubblico","Pontificia Universit\u00e0 Cattolica di Valpara\u00edso","Scuola dei leader Cattolici Valpara\u00edso","sviluppo politico","Valpara\u00edso 2024"],"articleSection":["Chiesa e Mondo"],"inLanguage":"it-IT"},{"@type":"WebPage","@id":"https:\/\/exaudi.org\/it\/miguel-angel-rodriguez-analizza-il-declino-della-democrazia-in-america-latina\/","url":"https:\/\/exaudi.org\/it\/miguel-angel-rodriguez-analizza-il-declino-della-democrazia-in-america-latina\/","name":"Miguel \u00c1ngel Rodr\u00edguez analizza il declino della democrazia in America Latina &#8211; Exaudi","isPartOf":{"@id":"https:\/\/exaudi.org\/#website"},"primaryImageOfPage":{"@id":"https:\/\/exaudi.org\/it\/miguel-angel-rodriguez-analizza-il-declino-della-democrazia-in-america-latina\/#primaryimage"},"image":{"@id":"https:\/\/exaudi.org\/it\/miguel-angel-rodriguez-analizza-il-declino-della-democrazia-in-america-latina\/#primaryimage"},"thumbnailUrl":"https:\/\/exaudi.org\/wp-content\/uploads\/2024\/11\/WhatsApp-Image-2024-11-18-at-02.54.42.jpeg","datePublished":"2024-11-18T19:30:06+00:00","dateModified":"2024-11-18T23:56:32+00:00","author":{"@id":"https:\/\/exaudi.org\/#\/schema\/person\/334968a332d5dad9f94e08897852c6af"},"breadcrumb":{"@id":"https:\/\/exaudi.org\/it\/miguel-angel-rodriguez-analizza-il-declino-della-democrazia-in-america-latina\/#breadcrumb"},"inLanguage":"it-IT","potentialAction":[{"@type":"ReadAction","target":["https:\/\/exaudi.org\/it\/miguel-angel-rodriguez-analizza-il-declino-della-democrazia-in-america-latina\/"]}]},{"@type":"ImageObject","inLanguage":"it-IT","@id":"https:\/\/exaudi.org\/it\/miguel-angel-rodriguez-analizza-il-declino-della-democrazia-in-america-latina\/#primaryimage","url":"https:\/\/exaudi.org\/wp-content\/uploads\/2024\/11\/WhatsApp-Image-2024-11-18-at-02.54.42.jpeg","contentUrl":"https:\/\/exaudi.org\/wp-content\/uploads\/2024\/11\/WhatsApp-Image-2024-11-18-at-02.54.42.jpeg","width":1280,"height":960},{"@type":"BreadcrumbList","@id":"https:\/\/exaudi.org\/it\/miguel-angel-rodriguez-analizza-il-declino-della-democrazia-in-america-latina\/#breadcrumb","itemListElement":[{"@type":"ListItem","position":1,"name":"Portada","item":"https:\/\/exaudi.org\/it\/"},{"@type":"ListItem","position":2,"name":"Miguel \u00c1ngel Rodr\u00edguez analizza il declino della democrazia in America Latina"}]},{"@type":"WebSite","@id":"https:\/\/exaudi.org\/#website","url":"https:\/\/exaudi.org\/","name":"Exaudi","description":"News","potentialAction":[{"@type":"SearchAction","target":{"@type":"EntryPoint","urlTemplate":"https:\/\/exaudi.org\/?s={search_term_string}"},"query-input":{"@type":"PropertyValueSpecification","valueRequired":true,"valueName":"search_term_string"}}],"inLanguage":"it-IT"},{"@type":"Person","@id":"https:\/\/exaudi.org\/#\/schema\/person\/334968a332d5dad9f94e08897852c6af","name":"Academia de L\u00edderes Cat\u00f3licos","image":{"@type":"ImageObject","inLanguage":"it-IT","@id":"https:\/\/secure.gravatar.com\/avatar\/80d80b1e34d8fa01f6b95d10e695853ca4ea7e054050e21ad1a15d546d4600ca?s=96&d=mm&r=g","url":"https:\/\/secure.gravatar.com\/avatar\/80d80b1e34d8fa01f6b95d10e695853ca4ea7e054050e21ad1a15d546d4600ca?s=96&d=mm&r=g","contentUrl":"https:\/\/secure.gravatar.com\/avatar\/80d80b1e34d8fa01f6b95d10e695853ca4ea7e054050e21ad1a15d546d4600ca?s=96&d=mm&r=g","caption":"Academia de L\u00edderes Cat\u00f3licos"},"description":"Es una fundaci\u00f3n de derecho privado sin fines de lucro que busca formar cat\u00f3licos que a partir de la experiencia cristiana desarrollen su vocaci\u00f3n pol\u00edtica con la ayuda de la Doctrina Social de la Iglesia. La Academia Latinoamericana de L\u00edderes Cat\u00f3licos tiene como misi\u00f3n, formar l\u00edderes desde una perspectiva cat\u00f3lica, arraigados en la fe de la Iglesia, para transformar el mundo social, pol\u00edtico y econ\u00f3mico a la luz de la Doctrina Social de la Iglesia. Formar una nueva generaci\u00f3n de cat\u00f3licos latinoamericanos con responsabilidades pol\u00edticas y sociales para que transformen el rostro del continente al servicio de sus pueblos, a la luz del Magisterio de la Iglesia y de cara a los Jubileos del V Centenario Guadalupano y de los dos mil a\u00f1os de la redenci\u00f3n.","sameAs":["https:\/\/liderescatolicos.net\/","https:\/\/www.youtube.com\/c\/LderesCatlicos"],"url":"https:\/\/exaudi.org\/it\/author\/academia-de-lideres-catolicos\/"}]}},"jetpack_featured_media_url":"https:\/\/exaudi.org\/wp-content\/uploads\/2024\/11\/WhatsApp-Image-2024-11-18-at-02.54.42.jpeg","jetpack_shortlink":"https:\/\/wp.me\/pgKjF2-trp","_links":{"self":[{"href":"https:\/\/exaudi.org\/it\/wp-json\/wp\/v2\/posts\/113175","targetHints":{"allow":["GET"]}}],"collection":[{"href":"https:\/\/exaudi.org\/it\/wp-json\/wp\/v2\/posts"}],"about":[{"href":"https:\/\/exaudi.org\/it\/wp-json\/wp\/v2\/types\/post"}],"author":[{"embeddable":true,"href":"https:\/\/exaudi.org\/it\/wp-json\/wp\/v2\/users\/107"}],"replies":[{"embeddable":true,"href":"https:\/\/exaudi.org\/it\/wp-json\/wp\/v2\/comments?post=113175"}],"version-history":[{"count":0,"href":"https:\/\/exaudi.org\/it\/wp-json\/wp\/v2\/posts\/113175\/revisions"}],"wp:featuredmedia":[{"embeddable":true,"href":"https:\/\/exaudi.org\/it\/wp-json\/wp\/v2\/media\/113144"}],"wp:attachment":[{"href":"https:\/\/exaudi.org\/it\/wp-json\/wp\/v2\/media?parent=113175"}],"wp:term":[{"taxonomy":"category","embeddable":true,"href":"https:\/\/exaudi.org\/it\/wp-json\/wp\/v2\/categories?post=113175"},{"taxonomy":"post_tag","embeddable":true,"href":"https:\/\/exaudi.org\/it\/wp-json\/wp\/v2\/tags?post=113175"}],"curies":[{"name":"wp","href":"https:\/\/api.w.org\/{rel}","templated":true}]}}