{"id":112868,"date":"2025-11-13T19:02:45","date_gmt":"2025-11-13T18:02:45","guid":{"rendered":"https:\/\/exaudi.org\/?p=112868"},"modified":"2025-11-13T19:18:39","modified_gmt":"2025-11-13T18:18:39","slug":"san-nicola-i-il-papa-che-trasformo-il-medioevo","status":"publish","type":"post","link":"https:\/\/exaudi.org\/it\/san-nicola-i-il-papa-che-trasformo-il-medioevo\/","title":{"rendered":"San Nicola I, 13 novembre"},"content":{"rendered":"<p>Il 13 novembre la Chiesa cattolica celebra la memoria di San Nicola I, un papa che lasci\u00f2 un segno profondo nella storia del papato e della cristianit\u00e0 medievale. Conosciuto per la sua fermezza e determinazione, Nicola I difese l&#8217;autorit\u00e0 del Papa e la morale cristiana in un momento di grandi turbolenze.<\/p>\n<h3><strong>Primi anni e ascesa al papato<\/strong><\/h3>\n<p>San Nicola I nacque a Roma in data sconosciuta, da una famiglia nobile. Fin da giovane si distinse per la sua religiosit\u00e0 e le sue capacit\u00e0 accademiche. Fu ordinato suddiacono da papa Sergio II e diacono da Leone IV, dimostrando fin da allora grandi capacit\u00e0 di leadership ecclesiastica.<\/p>\n<p>Il 24 aprile 858, dopo la morte di papa Benedetto III, Nicola fu eletto papa. La sua consacrazione e intronizzazione avvennero nella Basilica di San Pietro, alla presenza dell&#8217;imperatore Ludovico II, che ne sostenne l&#8217;elezione.<\/p>\n<h3>Sfide e riforme<\/h3>\n<p>Durante il pontificato di San Nicola I, il cristianesimo dovette affrontare seri problemi. La disintegrazione dell&#8217;Impero carolingio, le minacce esterne e il declino morale all&#8217;interno della Chiesa erano alcune delle sfide. Nicola I si proponeva di restaurare l&#8217;autorit\u00e0 papale e la disciplina ecclesiastica.<\/p>\n<h3><strong>Conflitti con l&#8217;arcivescovo Giovanni di Ravenna<\/strong><\/h3>\n<p>L&#8217;arcivescovo Giovanni di Ravenna fu uno dei primi a sfidare l&#8217;autorit\u00e0 di Nicola. Giovanni ha abusato del suo potere, ha estorto denaro ai fedeli e ha falsificato documenti per giustificare le sue azioni. Nonostante gli avvertimenti del Papa, l&#8217;arcivescovo persistette nel suo comportamento, spingendo Nicola a scomunicarlo e a intervenire personalmente a Ravenna per ristabilire l&#8217;ordine.<\/p>\n<h3><strong>Controversie con\u00a0<\/strong><strong>Hincmar de Reims<\/strong><\/h3>\n<p>Un altro confronto degno di nota \u00e8 stato con l&#8217;arcivescovo Hincmar de Reims. Nicola difese il diritto del papato di intervenire in casi importanti, come l&#8217;appello del vescovo Rothad de Soissons. Nonostante la resistenza iniziale, Hincmar dovette riconoscere la supremazia del Papa in queste questioni.<\/p>\n<h3><strong>Difesa del matrimonio e morale cristiana<\/strong><\/h3>\n<p>Nicola I si distinse anche per la sua difesa dell&#8217;inviolabilit\u00e0 del matrimonio. Ordin\u00f2 la scomunica di Ingiltrud, moglie del conte Bosone, per aver abbandonato il marito, e combatt\u00e9 contro il re Lotario II di Lorena, che aveva lasciato la legittima moglie per sposare la sua amante. Nonostante le pressioni politiche e militari, Nicola non cedette, mantenendo saldo l&#8217;insegnamento della Chiesa sul matrimonio.<\/p>\n<h3><strong>Rapporti con la Chiesa d&#8217;Oriente<\/strong><\/h3>\n<p>San Nicola I ebbe un ruolo cruciale nei rapporti con la Chiesa d&#8217;Oriente. Si oppose alla deposizione illegale del patriarca Ignazio di Costantinopoli e scomunic\u00f2 il suo successore Fozio. Questo conflitto ha sottolineato la determinazione di Nicola a difendere la legalit\u00e0 e la giustizia all&#8217;interno della Chiesa.<\/p>\n<h3>Eredit\u00e0 e canonizzazione<\/h3>\n<p>San Nicola I ha lasciato un&#8217;eredit\u00e0 duratura di riforma e rafforzamento dell&#8217;autorit\u00e0 papale. La sua vita, caratterizzata da austerit\u00e0 e devozione, ne fece un modello. Quando mor\u00ec, il 13 novembre 867, fu venerato come santo e la sua memoria viene celebrata ogni anno in questa data.<\/p>\n<p>San Nicola I, insomma, fu un papa formidabile che difese la morale cristiana e l&#8217;autorit\u00e0 del papato nei momenti di grande avversit\u00e0. La sua leadership e fermezza hanno lasciato un segno indelebile nella storia della Chiesa.<\/p>\n","protected":false},"excerpt":{"rendered":"<p>Il Papa che ha trasformato il Medioevo<\/p>\n","protected":false},"author":17,"featured_media":112759,"comment_status":"closed","ping_status":"closed","sticky":false,"template":"","format":"standard","meta":{"_acf_changed":false,"_crdt_document":"","inline_featured_image":false,"footnotes":""},"categories":[73,91],"tags":[31853,31857,31858,31854,31859,31860,25680,31855,247,31861,31862,31863,31864,1478,20209,31856,30616,64787,4952,31865],"class_list":["post-112868","post","type-post","status-publish","format-standard","has-post-thumbnail","hentry","category-chiesa-e-mondo","category-santita","tag-autorita-papale","tag-chiesa-medievale","tag-chiesa-orientale","tag-conflitto-con-incmaro-di-reims","tag-eredita-di-san-nicola-i","tag-martiri-del-ix-secolo","tag-matrimonio-cristiano-2","tag-medioevo","tag-papa","tag-papa-niccolo-i","tag-papato-nel-ix-secolo","tag-riforme-ecclesiastiche","tag-san-nicola-i","tag-santi","tag-santi-cattolici","tag-scomunica","tag-storia-del-papato","tag-trending-it-236","tag-trending-it","tag-vita-di-nicola-i"],"acf":[],"yoast_head":"<!-- This site is optimized with the Yoast SEO plugin v27.5 - https:\/\/yoast.com\/product\/yoast-seo-wordpress\/ -->\n<title>San Nicola I, 13 novembre &#8211; Exaudi<\/title>\n<meta name=\"robots\" content=\"index, follow, max-snippet:-1, max-image-preview:large, max-video-preview:-1\" \/>\n<link rel=\"canonical\" href=\"https:\/\/exaudi.org\/it\/san-nicola-i-il-papa-che-trasformo-il-medioevo\/\" \/>\n<meta property=\"og:locale\" content=\"it_IT\" \/>\n<meta property=\"og:type\" content=\"article\" \/>\n<meta property=\"og:title\" content=\"San Nicola I, 13 novembre &#8211; Exaudi\" \/>\n<meta property=\"og:description\" content=\"Il Papa che ha trasformato il Medioevo\" \/>\n<meta property=\"og:url\" content=\"https:\/\/exaudi.org\/it\/san-nicola-i-il-papa-che-trasformo-il-medioevo\/\" \/>\n<meta property=\"og:site_name\" content=\"Exaudi\" \/>\n<meta property=\"article:publisher\" content=\"https:\/\/www.facebook.com\/ExaudiNews\" \/>\n<meta property=\"article:author\" content=\"https:\/\/www.facebook.com\/ExaudiNotizie\/\" \/>\n<meta property=\"article:published_time\" content=\"2025-11-13T18:02:45+00:00\" \/>\n<meta property=\"article:modified_time\" content=\"2025-11-13T18:18:39+00:00\" \/>\n<meta property=\"og:image\" content=\"https:\/\/exaudi.org\/wp-content\/uploads\/2024\/11\/San-Nicolas-I-Papa.jpg\" \/>\n\t<meta property=\"og:image:width\" content=\"709\" \/>\n\t<meta property=\"og:image:height\" content=\"400\" \/>\n\t<meta property=\"og:image:type\" content=\"image\/jpeg\" \/>\n<meta name=\"author\" content=\"Exaudi Redazione\" \/>\n<meta name=\"twitter:card\" content=\"summary_large_image\" \/>\n<meta name=\"twitter:creator\" content=\"@Exaudi_Notizie\" \/>\n<meta name=\"twitter:site\" content=\"@Exaudi_News\" \/>\n<meta name=\"twitter:label1\" content=\"Scritto da\" \/>\n\t<meta name=\"twitter:data1\" content=\"Exaudi Redazione\" \/>\n\t<meta name=\"twitter:label2\" content=\"Tempo di lettura stimato\" \/>\n\t<meta name=\"twitter:data2\" content=\"2 minuti\" \/>\n<script type=\"application\/ld+json\" class=\"yoast-schema-graph\">{\"@context\":\"https:\\\/\\\/schema.org\",\"@graph\":[{\"@type\":\"Article\",\"@id\":\"https:\\\/\\\/exaudi.org\\\/it\\\/san-nicola-i-il-papa-che-trasformo-il-medioevo\\\/#article\",\"isPartOf\":{\"@id\":\"https:\\\/\\\/exaudi.org\\\/it\\\/san-nicola-i-il-papa-che-trasformo-il-medioevo\\\/\"},\"author\":{\"name\":\"Exaudi Redazione\",\"@id\":\"https:\\\/\\\/exaudi.org\\\/#\\\/schema\\\/person\\\/e1ab6ed07c01774724dd96f925f3a5f0\"},\"headline\":\"San Nicola I, 13 novembre\",\"datePublished\":\"2025-11-13T18:02:45+00:00\",\"dateModified\":\"2025-11-13T18:18:39+00:00\",\"mainEntityOfPage\":{\"@id\":\"https:\\\/\\\/exaudi.org\\\/it\\\/san-nicola-i-il-papa-che-trasformo-il-medioevo\\\/\"},\"wordCount\":522,\"image\":{\"@id\":\"https:\\\/\\\/exaudi.org\\\/it\\\/san-nicola-i-il-papa-che-trasformo-il-medioevo\\\/#primaryimage\"},\"thumbnailUrl\":\"https:\\\/\\\/exaudi.org\\\/wp-content\\\/uploads\\\/2024\\\/11\\\/San-Nicolas-I-Papa.jpg\",\"keywords\":[\"autorit\u00e0 papale\",\"Chiesa medievale\",\"Chiesa orientale\",\"conflitto con Incmaro di Reims\",\"eredit\u00e0 di San Nicola I\",\"martiri del IX secolo\",\"Matrimonio cristiano\",\"Medioevo\",\"Papa\",\"Papa Niccol\u00f2 I\",\"papato nel IX secolo\",\"riforme ecclesiastiche\",\"San Nicola I\",\"santi\",\"SANTI CATTOLICI\",\"scomunica\",\"storia del papato\",\"Trending\",\"Trending\",\"vita di Nicola I\"],\"articleSection\":[\"Chiesa e Mondo\",\"Santit\u00e0\"],\"inLanguage\":\"it-IT\"},{\"@type\":\"WebPage\",\"@id\":\"https:\\\/\\\/exaudi.org\\\/it\\\/san-nicola-i-il-papa-che-trasformo-il-medioevo\\\/\",\"url\":\"https:\\\/\\\/exaudi.org\\\/it\\\/san-nicola-i-il-papa-che-trasformo-il-medioevo\\\/\",\"name\":\"San Nicola I, 13 novembre &#8211; Exaudi\",\"isPartOf\":{\"@id\":\"https:\\\/\\\/exaudi.org\\\/#website\"},\"primaryImageOfPage\":{\"@id\":\"https:\\\/\\\/exaudi.org\\\/it\\\/san-nicola-i-il-papa-che-trasformo-il-medioevo\\\/#primaryimage\"},\"image\":{\"@id\":\"https:\\\/\\\/exaudi.org\\\/it\\\/san-nicola-i-il-papa-che-trasformo-il-medioevo\\\/#primaryimage\"},\"thumbnailUrl\":\"https:\\\/\\\/exaudi.org\\\/wp-content\\\/uploads\\\/2024\\\/11\\\/San-Nicolas-I-Papa.jpg\",\"datePublished\":\"2025-11-13T18:02:45+00:00\",\"dateModified\":\"2025-11-13T18:18:39+00:00\",\"author\":{\"@id\":\"https:\\\/\\\/exaudi.org\\\/#\\\/schema\\\/person\\\/e1ab6ed07c01774724dd96f925f3a5f0\"},\"breadcrumb\":{\"@id\":\"https:\\\/\\\/exaudi.org\\\/it\\\/san-nicola-i-il-papa-che-trasformo-il-medioevo\\\/#breadcrumb\"},\"inLanguage\":\"it-IT\",\"potentialAction\":[{\"@type\":\"ReadAction\",\"target\":[\"https:\\\/\\\/exaudi.org\\\/it\\\/san-nicola-i-il-papa-che-trasformo-il-medioevo\\\/\"]}]},{\"@type\":\"ImageObject\",\"inLanguage\":\"it-IT\",\"@id\":\"https:\\\/\\\/exaudi.org\\\/it\\\/san-nicola-i-il-papa-che-trasformo-il-medioevo\\\/#primaryimage\",\"url\":\"https:\\\/\\\/exaudi.org\\\/wp-content\\\/uploads\\\/2024\\\/11\\\/San-Nicolas-I-Papa.jpg\",\"contentUrl\":\"https:\\\/\\\/exaudi.org\\\/wp-content\\\/uploads\\\/2024\\\/11\\\/San-Nicolas-I-Papa.jpg\",\"width\":709,\"height\":400},{\"@type\":\"BreadcrumbList\",\"@id\":\"https:\\\/\\\/exaudi.org\\\/it\\\/san-nicola-i-il-papa-che-trasformo-il-medioevo\\\/#breadcrumb\",\"itemListElement\":[{\"@type\":\"ListItem\",\"position\":1,\"name\":\"Portada\",\"item\":\"https:\\\/\\\/exaudi.org\\\/it\\\/\"},{\"@type\":\"ListItem\",\"position\":2,\"name\":\"San Nicola I, 13 novembre\"}]},{\"@type\":\"WebSite\",\"@id\":\"https:\\\/\\\/exaudi.org\\\/#website\",\"url\":\"https:\\\/\\\/exaudi.org\\\/\",\"name\":\"Exaudi\",\"description\":\"News\",\"potentialAction\":[{\"@type\":\"SearchAction\",\"target\":{\"@type\":\"EntryPoint\",\"urlTemplate\":\"https:\\\/\\\/exaudi.org\\\/?s={search_term_string}\"},\"query-input\":{\"@type\":\"PropertyValueSpecification\",\"valueRequired\":true,\"valueName\":\"search_term_string\"}}],\"inLanguage\":\"it-IT\"},{\"@type\":\"Person\",\"@id\":\"https:\\\/\\\/exaudi.org\\\/#\\\/schema\\\/person\\\/e1ab6ed07c01774724dd96f925f3a5f0\",\"name\":\"Exaudi Redazione\",\"image\":{\"@type\":\"ImageObject\",\"inLanguage\":\"it-IT\",\"@id\":\"https:\\\/\\\/secure.gravatar.com\\\/avatar\\\/ad6774b3ada023bf5b939d64f45c94b3adf91502dd883507d469b4308a943bb3?s=96&d=mm&r=g\",\"url\":\"https:\\\/\\\/secure.gravatar.com\\\/avatar\\\/ad6774b3ada023bf5b939d64f45c94b3adf91502dd883507d469b4308a943bb3?s=96&d=mm&r=g\",\"contentUrl\":\"https:\\\/\\\/secure.gravatar.com\\\/avatar\\\/ad6774b3ada023bf5b939d64f45c94b3adf91502dd883507d469b4308a943bb3?s=96&d=mm&r=g\",\"caption\":\"Exaudi Redazione\"},\"description\":\"Che cosa \u00e8 Exaudi News? Exaudi News \u00e8 un agenzia cattolica internazionale che informa, istruisce e trasforma quotidianamente in spagnolo, inglese e italiano. Attraverso notizie, articoli di analisi e trasmissioni in diretta degli eventi del Papa, Exaudi cerca di rafforzare l'unit\u00e0 dei cristiani e di contribuire all'evangelizzazione del mondo, sempre guidato dalla dottrina sociale della Chiesa. Lavoriamo per portare la verit\u00e0 e i valori cristiani in ogni angolo del pianeta. Aiutaci a trasformare il mondo con Exaudi! Noi di Exaudi crediamo che l'evangelizzazione e l'informazione di qualit\u00e0 possano cambiare la vita. Per continuare la nostra missione ed espandere la nostra portata, abbiamo bisogno del tuo aiuto. Stiamo anche cercando persone motivate che vogliano unirsi al nostro team. Grazie al vostro sostegno raggiungeremo pi\u00f9 persone, diffonderemo il messaggio di Cristo e rafforzeremo l'unit\u00e0 dei cristiani. Vuoi unirti alla nostra missione? Per maggiori informazioni su come contribuire, visita Exaudi.org\\\/it o contattaci direttamente: info@exaudi.org Exaudi: informa, forma e trasforma.\",\"sameAs\":[\"https:\\\/\\\/www.facebook.com\\\/ExaudiNotizie\\\/\",\"https:\\\/\\\/www.instagram.com\\\/Exaudi_notizie\\\/\",\"https:\\\/\\\/x.com\\\/Exaudi_Notizie\",\"https:\\\/\\\/www.youtube.com\\\/@exaudicatholicnews\"],\"url\":\"https:\\\/\\\/exaudi.org\\\/it\\\/author\\\/dlvedi-org\\\/\"}]}<\/script>\n<!-- \/ Yoast SEO plugin. -->","yoast_head_json":{"title":"San Nicola I, 13 novembre &#8211; Exaudi","robots":{"index":"index","follow":"follow","max-snippet":"max-snippet:-1","max-image-preview":"max-image-preview:large","max-video-preview":"max-video-preview:-1"},"canonical":"https:\/\/exaudi.org\/it\/san-nicola-i-il-papa-che-trasformo-il-medioevo\/","og_locale":"it_IT","og_type":"article","og_title":"San Nicola I, 13 novembre &#8211; Exaudi","og_description":"Il Papa che ha trasformato il Medioevo","og_url":"https:\/\/exaudi.org\/it\/san-nicola-i-il-papa-che-trasformo-il-medioevo\/","og_site_name":"Exaudi","article_publisher":"https:\/\/www.facebook.com\/ExaudiNews","article_author":"https:\/\/www.facebook.com\/ExaudiNotizie\/","article_published_time":"2025-11-13T18:02:45+00:00","article_modified_time":"2025-11-13T18:18:39+00:00","og_image":[{"width":709,"height":400,"url":"https:\/\/exaudi.org\/wp-content\/uploads\/2024\/11\/San-Nicolas-I-Papa.jpg","type":"image\/jpeg"}],"author":"Exaudi Redazione","twitter_card":"summary_large_image","twitter_creator":"@Exaudi_Notizie","twitter_site":"@Exaudi_News","twitter_misc":{"Scritto da":"Exaudi Redazione","Tempo di lettura stimato":"2 minuti"},"schema":{"@context":"https:\/\/schema.org","@graph":[{"@type":"Article","@id":"https:\/\/exaudi.org\/it\/san-nicola-i-il-papa-che-trasformo-il-medioevo\/#article","isPartOf":{"@id":"https:\/\/exaudi.org\/it\/san-nicola-i-il-papa-che-trasformo-il-medioevo\/"},"author":{"name":"Exaudi Redazione","@id":"https:\/\/exaudi.org\/#\/schema\/person\/e1ab6ed07c01774724dd96f925f3a5f0"},"headline":"San Nicola I, 13 novembre","datePublished":"2025-11-13T18:02:45+00:00","dateModified":"2025-11-13T18:18:39+00:00","mainEntityOfPage":{"@id":"https:\/\/exaudi.org\/it\/san-nicola-i-il-papa-che-trasformo-il-medioevo\/"},"wordCount":522,"image":{"@id":"https:\/\/exaudi.org\/it\/san-nicola-i-il-papa-che-trasformo-il-medioevo\/#primaryimage"},"thumbnailUrl":"https:\/\/exaudi.org\/wp-content\/uploads\/2024\/11\/San-Nicolas-I-Papa.jpg","keywords":["autorit\u00e0 papale","Chiesa medievale","Chiesa orientale","conflitto con Incmaro di Reims","eredit\u00e0 di San Nicola I","martiri del IX secolo","Matrimonio cristiano","Medioevo","Papa","Papa Niccol\u00f2 I","papato nel IX secolo","riforme ecclesiastiche","San Nicola I","santi","SANTI CATTOLICI","scomunica","storia del papato","Trending","Trending","vita di Nicola I"],"articleSection":["Chiesa e Mondo","Santit\u00e0"],"inLanguage":"it-IT"},{"@type":"WebPage","@id":"https:\/\/exaudi.org\/it\/san-nicola-i-il-papa-che-trasformo-il-medioevo\/","url":"https:\/\/exaudi.org\/it\/san-nicola-i-il-papa-che-trasformo-il-medioevo\/","name":"San Nicola I, 13 novembre &#8211; Exaudi","isPartOf":{"@id":"https:\/\/exaudi.org\/#website"},"primaryImageOfPage":{"@id":"https:\/\/exaudi.org\/it\/san-nicola-i-il-papa-che-trasformo-il-medioevo\/#primaryimage"},"image":{"@id":"https:\/\/exaudi.org\/it\/san-nicola-i-il-papa-che-trasformo-il-medioevo\/#primaryimage"},"thumbnailUrl":"https:\/\/exaudi.org\/wp-content\/uploads\/2024\/11\/San-Nicolas-I-Papa.jpg","datePublished":"2025-11-13T18:02:45+00:00","dateModified":"2025-11-13T18:18:39+00:00","author":{"@id":"https:\/\/exaudi.org\/#\/schema\/person\/e1ab6ed07c01774724dd96f925f3a5f0"},"breadcrumb":{"@id":"https:\/\/exaudi.org\/it\/san-nicola-i-il-papa-che-trasformo-il-medioevo\/#breadcrumb"},"inLanguage":"it-IT","potentialAction":[{"@type":"ReadAction","target":["https:\/\/exaudi.org\/it\/san-nicola-i-il-papa-che-trasformo-il-medioevo\/"]}]},{"@type":"ImageObject","inLanguage":"it-IT","@id":"https:\/\/exaudi.org\/it\/san-nicola-i-il-papa-che-trasformo-il-medioevo\/#primaryimage","url":"https:\/\/exaudi.org\/wp-content\/uploads\/2024\/11\/San-Nicolas-I-Papa.jpg","contentUrl":"https:\/\/exaudi.org\/wp-content\/uploads\/2024\/11\/San-Nicolas-I-Papa.jpg","width":709,"height":400},{"@type":"BreadcrumbList","@id":"https:\/\/exaudi.org\/it\/san-nicola-i-il-papa-che-trasformo-il-medioevo\/#breadcrumb","itemListElement":[{"@type":"ListItem","position":1,"name":"Portada","item":"https:\/\/exaudi.org\/it\/"},{"@type":"ListItem","position":2,"name":"San Nicola I, 13 novembre"}]},{"@type":"WebSite","@id":"https:\/\/exaudi.org\/#website","url":"https:\/\/exaudi.org\/","name":"Exaudi","description":"News","potentialAction":[{"@type":"SearchAction","target":{"@type":"EntryPoint","urlTemplate":"https:\/\/exaudi.org\/?s={search_term_string}"},"query-input":{"@type":"PropertyValueSpecification","valueRequired":true,"valueName":"search_term_string"}}],"inLanguage":"it-IT"},{"@type":"Person","@id":"https:\/\/exaudi.org\/#\/schema\/person\/e1ab6ed07c01774724dd96f925f3a5f0","name":"Exaudi Redazione","image":{"@type":"ImageObject","inLanguage":"it-IT","@id":"https:\/\/secure.gravatar.com\/avatar\/ad6774b3ada023bf5b939d64f45c94b3adf91502dd883507d469b4308a943bb3?s=96&d=mm&r=g","url":"https:\/\/secure.gravatar.com\/avatar\/ad6774b3ada023bf5b939d64f45c94b3adf91502dd883507d469b4308a943bb3?s=96&d=mm&r=g","contentUrl":"https:\/\/secure.gravatar.com\/avatar\/ad6774b3ada023bf5b939d64f45c94b3adf91502dd883507d469b4308a943bb3?s=96&d=mm&r=g","caption":"Exaudi Redazione"},"description":"Che cosa \u00e8 Exaudi News? Exaudi News \u00e8 un agenzia cattolica internazionale che informa, istruisce e trasforma quotidianamente in spagnolo, inglese e italiano. Attraverso notizie, articoli di analisi e trasmissioni in diretta degli eventi del Papa, Exaudi cerca di rafforzare l'unit\u00e0 dei cristiani e di contribuire all'evangelizzazione del mondo, sempre guidato dalla dottrina sociale della Chiesa. Lavoriamo per portare la verit\u00e0 e i valori cristiani in ogni angolo del pianeta. Aiutaci a trasformare il mondo con Exaudi! Noi di Exaudi crediamo che l'evangelizzazione e l'informazione di qualit\u00e0 possano cambiare la vita. Per continuare la nostra missione ed espandere la nostra portata, abbiamo bisogno del tuo aiuto. Stiamo anche cercando persone motivate che vogliano unirsi al nostro team. Grazie al vostro sostegno raggiungeremo pi\u00f9 persone, diffonderemo il messaggio di Cristo e rafforzeremo l'unit\u00e0 dei cristiani. Vuoi unirti alla nostra missione? Per maggiori informazioni su come contribuire, visita Exaudi.org\/it o contattaci direttamente: info@exaudi.org Exaudi: informa, forma e trasforma.","sameAs":["https:\/\/www.facebook.com\/ExaudiNotizie\/","https:\/\/www.instagram.com\/Exaudi_notizie\/","https:\/\/x.com\/Exaudi_Notizie","https:\/\/www.youtube.com\/@exaudicatholicnews"],"url":"https:\/\/exaudi.org\/it\/author\/dlvedi-org\/"}]}},"jetpack_featured_media_url":"https:\/\/exaudi.org\/wp-content\/uploads\/2024\/11\/San-Nicolas-I-Papa.jpg","jetpack_shortlink":"https:\/\/wp.me\/pgKjF2-tms","_links":{"self":[{"href":"https:\/\/exaudi.org\/it\/wp-json\/wp\/v2\/posts\/112868","targetHints":{"allow":["GET"]}}],"collection":[{"href":"https:\/\/exaudi.org\/it\/wp-json\/wp\/v2\/posts"}],"about":[{"href":"https:\/\/exaudi.org\/it\/wp-json\/wp\/v2\/types\/post"}],"author":[{"embeddable":true,"href":"https:\/\/exaudi.org\/it\/wp-json\/wp\/v2\/users\/17"}],"replies":[{"embeddable":true,"href":"https:\/\/exaudi.org\/it\/wp-json\/wp\/v2\/comments?post=112868"}],"version-history":[{"count":4,"href":"https:\/\/exaudi.org\/it\/wp-json\/wp\/v2\/posts\/112868\/revisions"}],"predecessor-version":[{"id":146490,"href":"https:\/\/exaudi.org\/it\/wp-json\/wp\/v2\/posts\/112868\/revisions\/146490"}],"wp:featuredmedia":[{"embeddable":true,"href":"https:\/\/exaudi.org\/it\/wp-json\/wp\/v2\/media\/112759"}],"wp:attachment":[{"href":"https:\/\/exaudi.org\/it\/wp-json\/wp\/v2\/media?parent=112868"}],"wp:term":[{"taxonomy":"category","embeddable":true,"href":"https:\/\/exaudi.org\/it\/wp-json\/wp\/v2\/categories?post=112868"},{"taxonomy":"post_tag","embeddable":true,"href":"https:\/\/exaudi.org\/it\/wp-json\/wp\/v2\/tags?post=112868"}],"curies":[{"name":"wp","href":"https:\/\/api.w.org\/{rel}","templated":true}]}}