{"id":112163,"date":"2024-11-04T17:01:36","date_gmt":"2024-11-04T16:01:36","guid":{"rendered":"https:\/\/exaudi.org\/?p=112163"},"modified":"2024-11-04T17:01:36","modified_gmt":"2024-11-04T16:01:36","slug":"ascolto-un-comando-divino-e-umano","status":"publish","type":"post","link":"https:\/\/exaudi.org\/it\/ascolto-un-comando-divino-e-umano\/","title":{"rendered":"Ascolto: un comando divino e umano"},"content":{"rendered":"<p>Il Vangelo ci offre una riflessione profonda sul comandamento pi\u00f9 grande: \u00abAmerai il Signore Dio tuo con tutto il tuo cuore, con tutta la tua anima e con tutta la tua mente\u00bb. Questo \u00e8 il primo e il pi\u00f9 grande comandamento. E il secondo \u00e8 simile a questo: \u00abAmerai il tuo prossimo come te stesso\u00bb (Mt 22,37-39). Questo brano non solo ci guida nel nostro rapporto con Dio e con gli altri, ma ci invita anche a riflettere sull&#8217;importanza dell&#8217;ascolto.<\/p>\n<h3><strong>Ascolta Dio<\/strong><\/h3>\n<p>Dio, nella Sua infinita saggezza, ci ha donato due orecchie e una bocca, ricordandoci l&#8217;importanza di ascoltare di pi\u00f9 e parlare di meno. Ascoltare Dio \u00e8 essenziale per vivere pienamente il primo comandamento. La preghiera e la meditazione sono strumenti che ci permettono di aprire il nostro cuore e la nostra mente alla Sua voce. Nel silenzio possiamo sentire il sussurro di Dio che ci guida e rafforza la nostra fede.<\/p>\n<p>L\u2019ascolto attivo nel nostro rapporto con Dio implica prestare attenzione alla Sua parola nella Scrittura, contemplare la Sua creazione ed essere attenti ai suggerimenti dello Spirito Santo nella nostra vita quotidiana. Cos\u00ec facendo, coltiviamo una relazione pi\u00f9 profonda e significativa con Lui, amandolo con tutto il nostro essere.<\/p>\n<h3><strong>Ascolta il tuo vicino<\/strong><\/h3>\n<p>Anche il secondo comandamento, amare il prossimo come noi stessi, si fonda sulla capacit\u00e0 di ascolto. In un mondo dove predominano il rumore e la fretta, l&#8217;ascolto attento diventa un atto di amore e di carit\u00e0. Ascoltando gli altri, riconosciamo la loro dignit\u00e0 e mostriamo loro che le loro parole ed esperienze sono preziose.<\/p>\n<p>Ascoltare i nostri vicini va oltre ascoltare le loro parole. Implica empatia, comprensione e il genuino desiderio di connettersi con la propria realt\u00e0. \u00c8 un atto di umilt\u00e0, in cui mettiamo da parte i nostri pensieri e giudizi per aprirci all&#8217;esperienza dell&#8217;altro. In questo modo non solo rafforziamo le nostre relazioni interpersonali, ma seguiamo anche l&#8217;esempio di Cristo, che ha sempre ascoltato coloro che andavano a Lui.<\/p>\n<h3>Il potere dell&#8217;ascolto nella vita quotidiana<\/h3>\n<p>L\u2019ascolto attivo ha un potere di trasformazione nella nostra vita e in quella di chi ci circonda. Nell\u2019ambiente familiare, l\u2019ascolto dei nostri cari rafforza i legami e crea un ambiente di amore e rispetto. Nell\u2019ambiente di lavoro, l\u2019ascolto attento favorisce la collaborazione e la comprensione, migliorando l\u2019efficienza e il benessere del team.<\/p>\n<p>Inoltre, nelle nostre comunit\u00e0 e parrocchie, l\u2019ascolto \u00e8 essenziale per costruire una societ\u00e0 pi\u00f9 giusta e compassionevole. Essendo attenti ai bisogni e alle preoccupazioni degli altri, possiamo offrire il nostro sostegno ed essere strumenti dell&#8217;amore di Dio nel mondo.<\/p>\n<p>Il Vangelo ci ricorda che l&#8217;amore di Dio e del prossimo sono inseparabili. Per vivere pienamente questi comandamenti dobbiamo coltivare la capacit\u00e0 di ascoltare. Dio ci ha dato due orecchie e una sola bocca, invitandoci ad ascoltare di pi\u00f9 e a parlare di meno. Cos\u00ec facendo, non solo cresciamo nel nostro rapporto con Lui, ma contribuiamo anche a un mondo pi\u00f9 umano e cristiano.<\/p>\n<p>Possa questo promemoria ispirarci a essere ascoltatori migliori, attenti alla voce di Dio e ai bisogni dei nostri fratelli e sorelle. Ascoltare \u00e8 un atto d&#8217;amore e, praticandolo, ci avviciniamo al cuore di Cristo e adempiamo al suo comandamento di amare.<\/p>\n<p><strong>Exaudi<\/strong> significa ascolto.<\/p>\n","protected":false},"excerpt":{"rendered":"<p>L&#8217;importanza dell&#8217;ascolto nella nostra relazione con Dio e con gli altri<\/p>\n","protected":false},"author":149,"featured_media":112097,"comment_status":"closed","ping_status":"closed","sticky":false,"template":"","format":"standard","meta":{"_acf_changed":false,"_crdt_document":"","inline_featured_image":false,"footnotes":""},"categories":[129],"tags":[30481,20601,30482,30483,30484,17282,5625,30485,17281,17622,669,27146,25656,578,14221,30487,30486,5522,4952,706,14223],"class_list":["post-112163","post","type-post","status-publish","format-standard","has-post-thumbnail","hentry","category-voci","tag-amare-il-prossimo","tag-amore-di-dio","tag-ascoltare","tag-ascoltare-dio","tag-ascoltare-il-prossimo","tag-ascolto-attivo","tag-bibbia","tag-comandamenti","tag-empatia-2","tag-fede-cristiana","tag-gesu","tag-insegnamento-di-gesu","tag-javier-ferrer-garcia-2","tag-preghiera","tag-rapporto-con-dio","tag-rapporto-con-gli-altri","tag-riflessione-biblica","tag-spiritualita","tag-trending-it","tag-vangelo","tag-vita-cristiana"],"acf":[],"yoast_head":"<!-- This site is optimized with the Yoast SEO plugin v27.5 - https:\/\/yoast.com\/product\/yoast-seo-wordpress\/ -->\n<title>Ascolto: un comando divino e umano &#8211; Exaudi<\/title>\n<meta name=\"robots\" content=\"index, follow, max-snippet:-1, max-image-preview:large, max-video-preview:-1\" \/>\n<link rel=\"canonical\" href=\"https:\/\/exaudi.org\/it\/ascolto-un-comando-divino-e-umano\/\" \/>\n<meta property=\"og:locale\" content=\"it_IT\" \/>\n<meta property=\"og:type\" content=\"article\" \/>\n<meta property=\"og:title\" content=\"Ascolto: un comando divino e umano &#8211; Exaudi\" \/>\n<meta property=\"og:description\" content=\"L&#039;importanza dell&#039;ascolto nella nostra relazione con Dio e con gli altri\" \/>\n<meta property=\"og:url\" content=\"https:\/\/exaudi.org\/it\/ascolto-un-comando-divino-e-umano\/\" \/>\n<meta property=\"og:site_name\" content=\"Exaudi\" \/>\n<meta property=\"article:publisher\" content=\"https:\/\/www.facebook.com\/ExaudiNews\" \/>\n<meta property=\"article:published_time\" content=\"2024-11-04T16:01:36+00:00\" \/>\n<meta property=\"og:image\" content=\"https:\/\/exaudi.org\/wp-content\/uploads\/2024\/11\/ioann-mark-kuznietsov-IS7WfX_f_ug-unsplash-scaled.jpg\" \/>\n\t<meta property=\"og:image:width\" content=\"2560\" \/>\n\t<meta property=\"og:image:height\" content=\"1707\" \/>\n\t<meta property=\"og:image:type\" content=\"image\/jpeg\" \/>\n<meta name=\"author\" content=\"Javier Ferrer Garc\u00eda\" \/>\n<meta name=\"twitter:card\" content=\"summary_large_image\" \/>\n<meta name=\"twitter:creator\" content=\"@Exaudi_News\" \/>\n<meta name=\"twitter:site\" content=\"@Exaudi_News\" \/>\n<meta name=\"twitter:label1\" content=\"Scritto da\" \/>\n\t<meta name=\"twitter:data1\" content=\"Javier Ferrer Garc\u00eda\" \/>\n\t<meta name=\"twitter:label2\" content=\"Tempo di lettura stimato\" \/>\n\t<meta name=\"twitter:data2\" content=\"3 minuti\" \/>\n<script type=\"application\/ld+json\" class=\"yoast-schema-graph\">{\"@context\":\"https:\\\/\\\/schema.org\",\"@graph\":[{\"@type\":\"Article\",\"@id\":\"https:\\\/\\\/exaudi.org\\\/it\\\/ascolto-un-comando-divino-e-umano\\\/#article\",\"isPartOf\":{\"@id\":\"https:\\\/\\\/exaudi.org\\\/it\\\/ascolto-un-comando-divino-e-umano\\\/\"},\"author\":{\"name\":\"Javier Ferrer Garc\u00eda\",\"@id\":\"https:\\\/\\\/exaudi.org\\\/#\\\/schema\\\/person\\\/0428626ea256fe1d193098fe0ee2b91d\"},\"headline\":\"Ascolto: un comando divino e umano\",\"datePublished\":\"2024-11-04T16:01:36+00:00\",\"mainEntityOfPage\":{\"@id\":\"https:\\\/\\\/exaudi.org\\\/it\\\/ascolto-un-comando-divino-e-umano\\\/\"},\"wordCount\":550,\"image\":{\"@id\":\"https:\\\/\\\/exaudi.org\\\/it\\\/ascolto-un-comando-divino-e-umano\\\/#primaryimage\"},\"thumbnailUrl\":\"https:\\\/\\\/exaudi.org\\\/wp-content\\\/uploads\\\/2024\\\/11\\\/ioann-mark-kuznietsov-IS7WfX_f_ug-unsplash-scaled.jpg\",\"keywords\":[\"amare il prossimo\",\"AMORE DI DIO\",\"Ascoltare\",\"ascoltare Dio\",\"ascoltare il prossimo\",\"ASCOLTO ATTIVO\",\"Bibbia\",\"comandamenti\",\"EMPATIA\",\"FEDE CRISTIANA\",\"Ges\u00f9\",\"insegnamento di Ges\u00f9\",\"Javier Ferrer Garc\u00eda\",\"preghiera\",\"RAPPORTO CON DIO\",\"rapporto con gli altri\",\"riflessione biblica\",\"spiritualit\u00e0\",\"Trending\",\"Vangelo\",\"VITA CRISTIANA\"],\"articleSection\":[\"Voci\"],\"inLanguage\":\"it-IT\"},{\"@type\":\"WebPage\",\"@id\":\"https:\\\/\\\/exaudi.org\\\/it\\\/ascolto-un-comando-divino-e-umano\\\/\",\"url\":\"https:\\\/\\\/exaudi.org\\\/it\\\/ascolto-un-comando-divino-e-umano\\\/\",\"name\":\"Ascolto: un comando divino e umano &#8211; Exaudi\",\"isPartOf\":{\"@id\":\"https:\\\/\\\/exaudi.org\\\/#website\"},\"primaryImageOfPage\":{\"@id\":\"https:\\\/\\\/exaudi.org\\\/it\\\/ascolto-un-comando-divino-e-umano\\\/#primaryimage\"},\"image\":{\"@id\":\"https:\\\/\\\/exaudi.org\\\/it\\\/ascolto-un-comando-divino-e-umano\\\/#primaryimage\"},\"thumbnailUrl\":\"https:\\\/\\\/exaudi.org\\\/wp-content\\\/uploads\\\/2024\\\/11\\\/ioann-mark-kuznietsov-IS7WfX_f_ug-unsplash-scaled.jpg\",\"datePublished\":\"2024-11-04T16:01:36+00:00\",\"author\":{\"@id\":\"https:\\\/\\\/exaudi.org\\\/#\\\/schema\\\/person\\\/0428626ea256fe1d193098fe0ee2b91d\"},\"breadcrumb\":{\"@id\":\"https:\\\/\\\/exaudi.org\\\/it\\\/ascolto-un-comando-divino-e-umano\\\/#breadcrumb\"},\"inLanguage\":\"it-IT\",\"potentialAction\":[{\"@type\":\"ReadAction\",\"target\":[\"https:\\\/\\\/exaudi.org\\\/it\\\/ascolto-un-comando-divino-e-umano\\\/\"]}]},{\"@type\":\"ImageObject\",\"inLanguage\":\"it-IT\",\"@id\":\"https:\\\/\\\/exaudi.org\\\/it\\\/ascolto-un-comando-divino-e-umano\\\/#primaryimage\",\"url\":\"https:\\\/\\\/exaudi.org\\\/wp-content\\\/uploads\\\/2024\\\/11\\\/ioann-mark-kuznietsov-IS7WfX_f_ug-unsplash-scaled.jpg\",\"contentUrl\":\"https:\\\/\\\/exaudi.org\\\/wp-content\\\/uploads\\\/2024\\\/11\\\/ioann-mark-kuznietsov-IS7WfX_f_ug-unsplash-scaled.jpg\",\"width\":2560,\"height\":1707,\"caption\":\"Foto de Ioann-Mark Kuznietsov en Unsplash\"},{\"@type\":\"BreadcrumbList\",\"@id\":\"https:\\\/\\\/exaudi.org\\\/it\\\/ascolto-un-comando-divino-e-umano\\\/#breadcrumb\",\"itemListElement\":[{\"@type\":\"ListItem\",\"position\":1,\"name\":\"Portada\",\"item\":\"https:\\\/\\\/exaudi.org\\\/it\\\/\"},{\"@type\":\"ListItem\",\"position\":2,\"name\":\"Ascolto: un comando divino e umano\"}]},{\"@type\":\"WebSite\",\"@id\":\"https:\\\/\\\/exaudi.org\\\/#website\",\"url\":\"https:\\\/\\\/exaudi.org\\\/\",\"name\":\"Exaudi\",\"description\":\"News\",\"potentialAction\":[{\"@type\":\"SearchAction\",\"target\":{\"@type\":\"EntryPoint\",\"urlTemplate\":\"https:\\\/\\\/exaudi.org\\\/?s={search_term_string}\"},\"query-input\":{\"@type\":\"PropertyValueSpecification\",\"valueRequired\":true,\"valueName\":\"search_term_string\"}}],\"inLanguage\":\"it-IT\"},{\"@type\":\"Person\",\"@id\":\"https:\\\/\\\/exaudi.org\\\/#\\\/schema\\\/person\\\/0428626ea256fe1d193098fe0ee2b91d\",\"name\":\"Javier Ferrer Garc\u00eda\",\"image\":{\"@type\":\"ImageObject\",\"inLanguage\":\"it-IT\",\"@id\":\"https:\\\/\\\/secure.gravatar.com\\\/avatar\\\/c7bc1aef05f4433794cef4a55499c99ae6c0d617e2aa24ba4876a5432af93b2d?s=96&d=mm&r=g\",\"url\":\"https:\\\/\\\/secure.gravatar.com\\\/avatar\\\/c7bc1aef05f4433794cef4a55499c99ae6c0d617e2aa24ba4876a5432af93b2d?s=96&d=mm&r=g\",\"contentUrl\":\"https:\\\/\\\/secure.gravatar.com\\\/avatar\\\/c7bc1aef05f4433794cef4a55499c99ae6c0d617e2aa24ba4876a5432af93b2d?s=96&d=mm&r=g\",\"caption\":\"Javier Ferrer Garc\u00eda\"},\"description\":\"Soy un apasionado de la vida. Fil\u00f3sofo y economista. Mi carrera profesional se ha enriquecido con el constante deseo de aprender y crecer tanto en el \u00e1mbito acad\u00e9mico como en el personal. Me considero un ferviente lector y amante del cine, lo cual me permite tener una perspectiva amplia y diversa sobre el mundo que nos rodea. Como cat\u00f3lico comprometido, busco integrar mis valores en cada aspecto de mi vida, desde mi carrera profesional hasta mi rol como esposo y padre de familia\",\"url\":\"https:\\\/\\\/exaudi.org\\\/it\\\/author\\\/javier-ferrer-garcia\\\/\"}]}<\/script>\n<!-- \/ Yoast SEO plugin. -->","yoast_head_json":{"title":"Ascolto: un comando divino e umano &#8211; Exaudi","robots":{"index":"index","follow":"follow","max-snippet":"max-snippet:-1","max-image-preview":"max-image-preview:large","max-video-preview":"max-video-preview:-1"},"canonical":"https:\/\/exaudi.org\/it\/ascolto-un-comando-divino-e-umano\/","og_locale":"it_IT","og_type":"article","og_title":"Ascolto: un comando divino e umano &#8211; Exaudi","og_description":"L'importanza dell'ascolto nella nostra relazione con Dio e con gli altri","og_url":"https:\/\/exaudi.org\/it\/ascolto-un-comando-divino-e-umano\/","og_site_name":"Exaudi","article_publisher":"https:\/\/www.facebook.com\/ExaudiNews","article_published_time":"2024-11-04T16:01:36+00:00","og_image":[{"width":2560,"height":1707,"url":"https:\/\/exaudi.org\/wp-content\/uploads\/2024\/11\/ioann-mark-kuznietsov-IS7WfX_f_ug-unsplash-scaled.jpg","type":"image\/jpeg"}],"author":"Javier Ferrer Garc\u00eda","twitter_card":"summary_large_image","twitter_creator":"@Exaudi_News","twitter_site":"@Exaudi_News","twitter_misc":{"Scritto da":"Javier Ferrer Garc\u00eda","Tempo di lettura stimato":"3 minuti"},"schema":{"@context":"https:\/\/schema.org","@graph":[{"@type":"Article","@id":"https:\/\/exaudi.org\/it\/ascolto-un-comando-divino-e-umano\/#article","isPartOf":{"@id":"https:\/\/exaudi.org\/it\/ascolto-un-comando-divino-e-umano\/"},"author":{"name":"Javier Ferrer Garc\u00eda","@id":"https:\/\/exaudi.org\/#\/schema\/person\/0428626ea256fe1d193098fe0ee2b91d"},"headline":"Ascolto: un comando divino e umano","datePublished":"2024-11-04T16:01:36+00:00","mainEntityOfPage":{"@id":"https:\/\/exaudi.org\/it\/ascolto-un-comando-divino-e-umano\/"},"wordCount":550,"image":{"@id":"https:\/\/exaudi.org\/it\/ascolto-un-comando-divino-e-umano\/#primaryimage"},"thumbnailUrl":"https:\/\/exaudi.org\/wp-content\/uploads\/2024\/11\/ioann-mark-kuznietsov-IS7WfX_f_ug-unsplash-scaled.jpg","keywords":["amare il prossimo","AMORE DI DIO","Ascoltare","ascoltare Dio","ascoltare il prossimo","ASCOLTO ATTIVO","Bibbia","comandamenti","EMPATIA","FEDE CRISTIANA","Ges\u00f9","insegnamento di Ges\u00f9","Javier Ferrer Garc\u00eda","preghiera","RAPPORTO CON DIO","rapporto con gli altri","riflessione biblica","spiritualit\u00e0","Trending","Vangelo","VITA CRISTIANA"],"articleSection":["Voci"],"inLanguage":"it-IT"},{"@type":"WebPage","@id":"https:\/\/exaudi.org\/it\/ascolto-un-comando-divino-e-umano\/","url":"https:\/\/exaudi.org\/it\/ascolto-un-comando-divino-e-umano\/","name":"Ascolto: un comando divino e umano &#8211; Exaudi","isPartOf":{"@id":"https:\/\/exaudi.org\/#website"},"primaryImageOfPage":{"@id":"https:\/\/exaudi.org\/it\/ascolto-un-comando-divino-e-umano\/#primaryimage"},"image":{"@id":"https:\/\/exaudi.org\/it\/ascolto-un-comando-divino-e-umano\/#primaryimage"},"thumbnailUrl":"https:\/\/exaudi.org\/wp-content\/uploads\/2024\/11\/ioann-mark-kuznietsov-IS7WfX_f_ug-unsplash-scaled.jpg","datePublished":"2024-11-04T16:01:36+00:00","author":{"@id":"https:\/\/exaudi.org\/#\/schema\/person\/0428626ea256fe1d193098fe0ee2b91d"},"breadcrumb":{"@id":"https:\/\/exaudi.org\/it\/ascolto-un-comando-divino-e-umano\/#breadcrumb"},"inLanguage":"it-IT","potentialAction":[{"@type":"ReadAction","target":["https:\/\/exaudi.org\/it\/ascolto-un-comando-divino-e-umano\/"]}]},{"@type":"ImageObject","inLanguage":"it-IT","@id":"https:\/\/exaudi.org\/it\/ascolto-un-comando-divino-e-umano\/#primaryimage","url":"https:\/\/exaudi.org\/wp-content\/uploads\/2024\/11\/ioann-mark-kuznietsov-IS7WfX_f_ug-unsplash-scaled.jpg","contentUrl":"https:\/\/exaudi.org\/wp-content\/uploads\/2024\/11\/ioann-mark-kuznietsov-IS7WfX_f_ug-unsplash-scaled.jpg","width":2560,"height":1707,"caption":"Foto de Ioann-Mark Kuznietsov en Unsplash"},{"@type":"BreadcrumbList","@id":"https:\/\/exaudi.org\/it\/ascolto-un-comando-divino-e-umano\/#breadcrumb","itemListElement":[{"@type":"ListItem","position":1,"name":"Portada","item":"https:\/\/exaudi.org\/it\/"},{"@type":"ListItem","position":2,"name":"Ascolto: un comando divino e umano"}]},{"@type":"WebSite","@id":"https:\/\/exaudi.org\/#website","url":"https:\/\/exaudi.org\/","name":"Exaudi","description":"News","potentialAction":[{"@type":"SearchAction","target":{"@type":"EntryPoint","urlTemplate":"https:\/\/exaudi.org\/?s={search_term_string}"},"query-input":{"@type":"PropertyValueSpecification","valueRequired":true,"valueName":"search_term_string"}}],"inLanguage":"it-IT"},{"@type":"Person","@id":"https:\/\/exaudi.org\/#\/schema\/person\/0428626ea256fe1d193098fe0ee2b91d","name":"Javier Ferrer Garc\u00eda","image":{"@type":"ImageObject","inLanguage":"it-IT","@id":"https:\/\/secure.gravatar.com\/avatar\/c7bc1aef05f4433794cef4a55499c99ae6c0d617e2aa24ba4876a5432af93b2d?s=96&d=mm&r=g","url":"https:\/\/secure.gravatar.com\/avatar\/c7bc1aef05f4433794cef4a55499c99ae6c0d617e2aa24ba4876a5432af93b2d?s=96&d=mm&r=g","contentUrl":"https:\/\/secure.gravatar.com\/avatar\/c7bc1aef05f4433794cef4a55499c99ae6c0d617e2aa24ba4876a5432af93b2d?s=96&d=mm&r=g","caption":"Javier Ferrer Garc\u00eda"},"description":"Soy un apasionado de la vida. Fil\u00f3sofo y economista. Mi carrera profesional se ha enriquecido con el constante deseo de aprender y crecer tanto en el \u00e1mbito acad\u00e9mico como en el personal. Me considero un ferviente lector y amante del cine, lo cual me permite tener una perspectiva amplia y diversa sobre el mundo que nos rodea. Como cat\u00f3lico comprometido, busco integrar mis valores en cada aspecto de mi vida, desde mi carrera profesional hasta mi rol como esposo y padre de familia","url":"https:\/\/exaudi.org\/it\/author\/javier-ferrer-garcia\/"}]}},"jetpack_featured_media_url":"https:\/\/exaudi.org\/wp-content\/uploads\/2024\/11\/ioann-mark-kuznietsov-IS7WfX_f_ug-unsplash-scaled.jpg","jetpack_shortlink":"https:\/\/wp.me\/pgKjF2-tb5","_links":{"self":[{"href":"https:\/\/exaudi.org\/it\/wp-json\/wp\/v2\/posts\/112163","targetHints":{"allow":["GET"]}}],"collection":[{"href":"https:\/\/exaudi.org\/it\/wp-json\/wp\/v2\/posts"}],"about":[{"href":"https:\/\/exaudi.org\/it\/wp-json\/wp\/v2\/types\/post"}],"author":[{"embeddable":true,"href":"https:\/\/exaudi.org\/it\/wp-json\/wp\/v2\/users\/149"}],"replies":[{"embeddable":true,"href":"https:\/\/exaudi.org\/it\/wp-json\/wp\/v2\/comments?post=112163"}],"version-history":[{"count":0,"href":"https:\/\/exaudi.org\/it\/wp-json\/wp\/v2\/posts\/112163\/revisions"}],"wp:featuredmedia":[{"embeddable":true,"href":"https:\/\/exaudi.org\/it\/wp-json\/wp\/v2\/media\/112097"}],"wp:attachment":[{"href":"https:\/\/exaudi.org\/it\/wp-json\/wp\/v2\/media?parent=112163"}],"wp:term":[{"taxonomy":"category","embeddable":true,"href":"https:\/\/exaudi.org\/it\/wp-json\/wp\/v2\/categories?post=112163"},{"taxonomy":"post_tag","embeddable":true,"href":"https:\/\/exaudi.org\/it\/wp-json\/wp\/v2\/tags?post=112163"}],"curies":[{"name":"wp","href":"https:\/\/api.w.org\/{rel}","templated":true}]}}