{"id":111572,"date":"2024-10-25T20:20:28","date_gmt":"2024-10-25T18:20:28","guid":{"rendered":"https:\/\/exaudi.org\/?p=111572"},"modified":"2024-10-26T00:10:20","modified_gmt":"2024-10-25T22:10:20","slug":"aborto-suicidio-assistito-e-pena-di-morte-contrari-al-diritto-alla-vita","status":"publish","type":"post","link":"https:\/\/exaudi.org\/it\/aborto-suicidio-assistito-e-pena-di-morte-contrari-al-diritto-alla-vita\/","title":{"rendered":"Aborto, suicidio assistito e pena di morte contrari al diritto alla vita"},"content":{"rendered":"<p>In un recente discorso all&#8217;Assemblea generale delle Nazioni Unite a New York, l&#8217;Osservatore permanente della Santa Sede ha sottolineato l&#8217;importanza della difesa della dignit\u00e0 umana, affermando che \u201csenza di essa, nessun altro diritto pu\u00f2 essere esercitato o goduto\u201d. Ha anche espresso preoccupazione per le armi nucleari, lamentando che la comunit\u00e0 internazionale &#8220;ha scelto la divisione invece di abbracciare uno spirito di fratellanza&#8221;.<\/p>\n<h3><strong>La dignit\u00e0 umana come pilastro fondamentale<\/strong><\/h3>\n<p>Durante il suo intervento alla 79esima sessione dell&#8217;Assemblea Generale dell&#8217;ONU, mons. Gabriele Caccia, osservatore permanente della Santa Sede, ha sottolineato che la dignit\u00e0 umana \u00e8 una qualit\u00e0 intrinseca dell&#8217;individuo, non uno status da raggiungere o concedere. &#8220;Quando la dignit\u00e0 \u00e8 trattata come uno status, il valore di ogni persona \u00e8 subordinato al potere e alle connessioni&#8221;, ha affermato. Caccia ha sottolineato che la dignit\u00e0 umana \u00e8 essenziale per i diritti umani e senza di essa nessun altro diritto pu\u00f2 essere esercitato o goduto.<\/p>\n<p>L&#8217;arcivescovo ha sottolineato che l&#8217;aborto va contro il diritto alla vita, diritto difeso anche in seno alle Nazioni Unite. Ha anche criticato il suicidio assistito, sottolineando che abbondano storie inquietanti in cui questa pratica \u00e8 stata legalizzata. Inoltre, ha ribadito la posizione della Santa Sede contro la pena di morte, ritenendola una violazione del principio fondamentale del diritto alla vita.<\/p>\n<h3><strong>Disarmo nucleare e necessit\u00e0 di pace<\/strong><\/h3>\n<p>Il 22 ottobre, Mons. Caccia ha partecipato a un altro panel dell&#8217;Assemblea Generale, incentrato sul disarmo nucleare. Ha espresso profonda preoccupazione per il crescente rischio di un conflitto nucleare, caratterizzato da minacce allarmanti e da un&#8217;incessante corsa agli armamenti. &#8220;\u00c8 deplorevole che la comunit\u00e0 internazionale abbia scelto la divisione invece di abbracciare uno spirito di fratellanza&#8221;, ha detto Caccia, invocando la pace e la necessit\u00e0 di un disarmo efficace, che deve affrontare numerosi ostacoli.<\/p>\n<p>L&#8217;osservatore permanente ha sottolineato che il possesso e la produzione di armi nucleari non solo sono immorali, ma distolgono anche risorse che potrebbero essere utilizzate per raggiungere una vera sicurezza globale. Ha espresso disappunto per la crescente polarizzazione e sfiducia osservata durante la seconda sessione della Commissione preparatoria per l\u2019undicesima Conferenza di revisione del Trattato di non proliferazione nucleare, che potrebbe impedire il progresso verso un consenso nella prossima Conferenza di revisione nel 2026.<\/p>\n","protected":false},"excerpt":{"rendered":"<p>L&#8217;Osservatore Permanente della Santa Sede presso l&#8217;Onu difende la dignit\u00e0 umana e chiede il disarmo nucleare<\/p>\n","protected":false},"author":17,"featured_media":111495,"comment_status":"closed","ping_status":"closed","sticky":false,"template":"","format":"standard","meta":{"_acf_changed":false,"_crdt_document":"","inline_featured_image":false,"footnotes":""},"categories":[73],"tags":[3195,29222,29223,13988,1466,19470,29224,1668,29225,2654,1667,688,7730,6252,29226,4284,4952],"class_list":["post-111572","post","type-post","status-publish","format-standard","has-post-thumbnail","hentry","category-chiesa-e-mondo","tag-aborto-it","tag-armamento-2","tag-caccia-2","tag-dignita-umana","tag-diritti-umani","tag-diritto-alla-vita","tag-disarmo-nucleare","tag-fraternita","tag-gabriele-caccia-2","tag-morale","tag-onu","tag-pace","tag-pena-di-morte","tag-santa-sede-it","tag-sicurezza-globale","tag-suicidio-assistito","tag-trending-it"],"acf":[],"yoast_head":"<!-- This site is optimized with the Yoast SEO plugin v27.5 - https:\/\/yoast.com\/product\/yoast-seo-wordpress\/ -->\n<title>Aborto, suicidio assistito e pena di morte contrari al diritto alla vita &#8211; Exaudi<\/title>\n<meta name=\"robots\" content=\"index, follow, max-snippet:-1, max-image-preview:large, max-video-preview:-1\" \/>\n<link rel=\"canonical\" href=\"https:\/\/exaudi.org\/it\/aborto-suicidio-assistito-e-pena-di-morte-contrari-al-diritto-alla-vita\/\" \/>\n<meta property=\"og:locale\" content=\"it_IT\" \/>\n<meta property=\"og:type\" content=\"article\" \/>\n<meta property=\"og:title\" content=\"Aborto, suicidio assistito e pena di morte contrari al diritto alla vita &#8211; Exaudi\" \/>\n<meta property=\"og:description\" content=\"L&#039;Osservatore Permanente della Santa Sede presso l&#039;Onu difende la dignit\u00e0 umana e chiede il disarmo nucleare\" \/>\n<meta property=\"og:url\" content=\"https:\/\/exaudi.org\/it\/aborto-suicidio-assistito-e-pena-di-morte-contrari-al-diritto-alla-vita\/\" \/>\n<meta property=\"og:site_name\" content=\"Exaudi\" \/>\n<meta property=\"article:publisher\" content=\"https:\/\/www.facebook.com\/ExaudiNews\" \/>\n<meta property=\"article:author\" content=\"https:\/\/www.facebook.com\/ExaudiNotizie\/\" \/>\n<meta property=\"article:published_time\" content=\"2024-10-25T18:20:28+00:00\" \/>\n<meta property=\"article:modified_time\" content=\"2024-10-25T22:10:20+00:00\" \/>\n<meta property=\"og:image\" content=\"https:\/\/exaudi.org\/wp-content\/uploads\/2024\/10\/nik-MAgPyHRO0AA-unsplash-scaled.jpg\" \/>\n\t<meta property=\"og:image:width\" content=\"2560\" \/>\n\t<meta property=\"og:image:height\" content=\"1714\" \/>\n\t<meta property=\"og:image:type\" content=\"image\/jpeg\" \/>\n<meta name=\"author\" content=\"Exaudi Redazione\" \/>\n<meta name=\"twitter:card\" content=\"summary_large_image\" \/>\n<meta name=\"twitter:creator\" content=\"@Exaudi_Notizie\" \/>\n<meta name=\"twitter:site\" content=\"@Exaudi_News\" \/>\n<meta name=\"twitter:label1\" content=\"Scritto da\" \/>\n\t<meta name=\"twitter:data1\" content=\"Exaudi Redazione\" \/>\n\t<meta name=\"twitter:label2\" content=\"Tempo di lettura stimato\" \/>\n\t<meta name=\"twitter:data2\" content=\"2 minuti\" \/>\n<script type=\"application\/ld+json\" class=\"yoast-schema-graph\">{\"@context\":\"https:\\\/\\\/schema.org\",\"@graph\":[{\"@type\":\"Article\",\"@id\":\"https:\\\/\\\/exaudi.org\\\/it\\\/aborto-suicidio-assistito-e-pena-di-morte-contrari-al-diritto-alla-vita\\\/#article\",\"isPartOf\":{\"@id\":\"https:\\\/\\\/exaudi.org\\\/it\\\/aborto-suicidio-assistito-e-pena-di-morte-contrari-al-diritto-alla-vita\\\/\"},\"author\":{\"name\":\"Exaudi Redazione\",\"@id\":\"https:\\\/\\\/exaudi.org\\\/#\\\/schema\\\/person\\\/e1ab6ed07c01774724dd96f925f3a5f0\"},\"headline\":\"Aborto, suicidio assistito e pena di morte contrari al diritto alla vita\",\"datePublished\":\"2024-10-25T18:20:28+00:00\",\"dateModified\":\"2024-10-25T22:10:20+00:00\",\"mainEntityOfPage\":{\"@id\":\"https:\\\/\\\/exaudi.org\\\/it\\\/aborto-suicidio-assistito-e-pena-di-morte-contrari-al-diritto-alla-vita\\\/\"},\"wordCount\":381,\"image\":{\"@id\":\"https:\\\/\\\/exaudi.org\\\/it\\\/aborto-suicidio-assistito-e-pena-di-morte-contrari-al-diritto-alla-vita\\\/#primaryimage\"},\"thumbnailUrl\":\"https:\\\/\\\/exaudi.org\\\/wp-content\\\/uploads\\\/2024\\\/10\\\/nik-MAgPyHRO0AA-unsplash-scaled.jpg\",\"keywords\":[\"Aborto\",\"armamento\",\"Caccia\",\"DIGNIT\u00c0 UMANA\",\"diritti umani\",\"DIRITTO ALLA VITA\",\"disarmo nucleare\",\"fraternit\u00e0\",\"Gabriele Caccia\",\"Morale\",\"Onu\",\"pace\",\"PENA DI MORTE\",\"Santa Sede\",\"sicurezza globale\",\"suicidio assistito\",\"Trending\"],\"articleSection\":[\"Chiesa e Mondo\"],\"inLanguage\":\"it-IT\"},{\"@type\":\"WebPage\",\"@id\":\"https:\\\/\\\/exaudi.org\\\/it\\\/aborto-suicidio-assistito-e-pena-di-morte-contrari-al-diritto-alla-vita\\\/\",\"url\":\"https:\\\/\\\/exaudi.org\\\/it\\\/aborto-suicidio-assistito-e-pena-di-morte-contrari-al-diritto-alla-vita\\\/\",\"name\":\"Aborto, suicidio assistito e pena di morte contrari al diritto alla vita &#8211; Exaudi\",\"isPartOf\":{\"@id\":\"https:\\\/\\\/exaudi.org\\\/#website\"},\"primaryImageOfPage\":{\"@id\":\"https:\\\/\\\/exaudi.org\\\/it\\\/aborto-suicidio-assistito-e-pena-di-morte-contrari-al-diritto-alla-vita\\\/#primaryimage\"},\"image\":{\"@id\":\"https:\\\/\\\/exaudi.org\\\/it\\\/aborto-suicidio-assistito-e-pena-di-morte-contrari-al-diritto-alla-vita\\\/#primaryimage\"},\"thumbnailUrl\":\"https:\\\/\\\/exaudi.org\\\/wp-content\\\/uploads\\\/2024\\\/10\\\/nik-MAgPyHRO0AA-unsplash-scaled.jpg\",\"datePublished\":\"2024-10-25T18:20:28+00:00\",\"dateModified\":\"2024-10-25T22:10:20+00:00\",\"author\":{\"@id\":\"https:\\\/\\\/exaudi.org\\\/#\\\/schema\\\/person\\\/e1ab6ed07c01774724dd96f925f3a5f0\"},\"breadcrumb\":{\"@id\":\"https:\\\/\\\/exaudi.org\\\/it\\\/aborto-suicidio-assistito-e-pena-di-morte-contrari-al-diritto-alla-vita\\\/#breadcrumb\"},\"inLanguage\":\"it-IT\",\"potentialAction\":[{\"@type\":\"ReadAction\",\"target\":[\"https:\\\/\\\/exaudi.org\\\/it\\\/aborto-suicidio-assistito-e-pena-di-morte-contrari-al-diritto-alla-vita\\\/\"]}]},{\"@type\":\"ImageObject\",\"inLanguage\":\"it-IT\",\"@id\":\"https:\\\/\\\/exaudi.org\\\/it\\\/aborto-suicidio-assistito-e-pena-di-morte-contrari-al-diritto-alla-vita\\\/#primaryimage\",\"url\":\"https:\\\/\\\/exaudi.org\\\/wp-content\\\/uploads\\\/2024\\\/10\\\/nik-MAgPyHRO0AA-unsplash-scaled.jpg\",\"contentUrl\":\"https:\\\/\\\/exaudi.org\\\/wp-content\\\/uploads\\\/2024\\\/10\\\/nik-MAgPyHRO0AA-unsplash-scaled.jpg\",\"width\":2560,\"height\":1714,\"caption\":\"Foto de Nik en Unsplash\"},{\"@type\":\"BreadcrumbList\",\"@id\":\"https:\\\/\\\/exaudi.org\\\/it\\\/aborto-suicidio-assistito-e-pena-di-morte-contrari-al-diritto-alla-vita\\\/#breadcrumb\",\"itemListElement\":[{\"@type\":\"ListItem\",\"position\":1,\"name\":\"Portada\",\"item\":\"https:\\\/\\\/exaudi.org\\\/it\\\/\"},{\"@type\":\"ListItem\",\"position\":2,\"name\":\"Aborto, suicidio assistito e pena di morte contrari al diritto alla vita\"}]},{\"@type\":\"WebSite\",\"@id\":\"https:\\\/\\\/exaudi.org\\\/#website\",\"url\":\"https:\\\/\\\/exaudi.org\\\/\",\"name\":\"Exaudi\",\"description\":\"News\",\"potentialAction\":[{\"@type\":\"SearchAction\",\"target\":{\"@type\":\"EntryPoint\",\"urlTemplate\":\"https:\\\/\\\/exaudi.org\\\/?s={search_term_string}\"},\"query-input\":{\"@type\":\"PropertyValueSpecification\",\"valueRequired\":true,\"valueName\":\"search_term_string\"}}],\"inLanguage\":\"it-IT\"},{\"@type\":\"Person\",\"@id\":\"https:\\\/\\\/exaudi.org\\\/#\\\/schema\\\/person\\\/e1ab6ed07c01774724dd96f925f3a5f0\",\"name\":\"Exaudi Redazione\",\"image\":{\"@type\":\"ImageObject\",\"inLanguage\":\"it-IT\",\"@id\":\"https:\\\/\\\/secure.gravatar.com\\\/avatar\\\/ad6774b3ada023bf5b939d64f45c94b3adf91502dd883507d469b4308a943bb3?s=96&d=mm&r=g\",\"url\":\"https:\\\/\\\/secure.gravatar.com\\\/avatar\\\/ad6774b3ada023bf5b939d64f45c94b3adf91502dd883507d469b4308a943bb3?s=96&d=mm&r=g\",\"contentUrl\":\"https:\\\/\\\/secure.gravatar.com\\\/avatar\\\/ad6774b3ada023bf5b939d64f45c94b3adf91502dd883507d469b4308a943bb3?s=96&d=mm&r=g\",\"caption\":\"Exaudi Redazione\"},\"description\":\"Che cosa \u00e8 Exaudi News? Exaudi News \u00e8 un agenzia cattolica internazionale che informa, istruisce e trasforma quotidianamente in spagnolo, inglese e italiano. Attraverso notizie, articoli di analisi e trasmissioni in diretta degli eventi del Papa, Exaudi cerca di rafforzare l'unit\u00e0 dei cristiani e di contribuire all'evangelizzazione del mondo, sempre guidato dalla dottrina sociale della Chiesa. Lavoriamo per portare la verit\u00e0 e i valori cristiani in ogni angolo del pianeta. Aiutaci a trasformare il mondo con Exaudi! Noi di Exaudi crediamo che l'evangelizzazione e l'informazione di qualit\u00e0 possano cambiare la vita. Per continuare la nostra missione ed espandere la nostra portata, abbiamo bisogno del tuo aiuto. Stiamo anche cercando persone motivate che vogliano unirsi al nostro team. Grazie al vostro sostegno raggiungeremo pi\u00f9 persone, diffonderemo il messaggio di Cristo e rafforzeremo l'unit\u00e0 dei cristiani. Vuoi unirti alla nostra missione? Per maggiori informazioni su come contribuire, visita Exaudi.org\\\/it o contattaci direttamente: info@exaudi.org Exaudi: informa, forma e trasforma.\",\"sameAs\":[\"https:\\\/\\\/www.facebook.com\\\/ExaudiNotizie\\\/\",\"https:\\\/\\\/www.instagram.com\\\/Exaudi_notizie\\\/\",\"https:\\\/\\\/x.com\\\/Exaudi_Notizie\",\"https:\\\/\\\/www.youtube.com\\\/@exaudicatholicnews\"],\"url\":\"https:\\\/\\\/exaudi.org\\\/it\\\/author\\\/dlvedi-org\\\/\"}]}<\/script>\n<!-- \/ Yoast SEO plugin. -->","yoast_head_json":{"title":"Aborto, suicidio assistito e pena di morte contrari al diritto alla vita &#8211; Exaudi","robots":{"index":"index","follow":"follow","max-snippet":"max-snippet:-1","max-image-preview":"max-image-preview:large","max-video-preview":"max-video-preview:-1"},"canonical":"https:\/\/exaudi.org\/it\/aborto-suicidio-assistito-e-pena-di-morte-contrari-al-diritto-alla-vita\/","og_locale":"it_IT","og_type":"article","og_title":"Aborto, suicidio assistito e pena di morte contrari al diritto alla vita &#8211; Exaudi","og_description":"L'Osservatore Permanente della Santa Sede presso l'Onu difende la dignit\u00e0 umana e chiede il disarmo nucleare","og_url":"https:\/\/exaudi.org\/it\/aborto-suicidio-assistito-e-pena-di-morte-contrari-al-diritto-alla-vita\/","og_site_name":"Exaudi","article_publisher":"https:\/\/www.facebook.com\/ExaudiNews","article_author":"https:\/\/www.facebook.com\/ExaudiNotizie\/","article_published_time":"2024-10-25T18:20:28+00:00","article_modified_time":"2024-10-25T22:10:20+00:00","og_image":[{"width":2560,"height":1714,"url":"https:\/\/exaudi.org\/wp-content\/uploads\/2024\/10\/nik-MAgPyHRO0AA-unsplash-scaled.jpg","type":"image\/jpeg"}],"author":"Exaudi Redazione","twitter_card":"summary_large_image","twitter_creator":"@Exaudi_Notizie","twitter_site":"@Exaudi_News","twitter_misc":{"Scritto da":"Exaudi Redazione","Tempo di lettura stimato":"2 minuti"},"schema":{"@context":"https:\/\/schema.org","@graph":[{"@type":"Article","@id":"https:\/\/exaudi.org\/it\/aborto-suicidio-assistito-e-pena-di-morte-contrari-al-diritto-alla-vita\/#article","isPartOf":{"@id":"https:\/\/exaudi.org\/it\/aborto-suicidio-assistito-e-pena-di-morte-contrari-al-diritto-alla-vita\/"},"author":{"name":"Exaudi Redazione","@id":"https:\/\/exaudi.org\/#\/schema\/person\/e1ab6ed07c01774724dd96f925f3a5f0"},"headline":"Aborto, suicidio assistito e pena di morte contrari al diritto alla vita","datePublished":"2024-10-25T18:20:28+00:00","dateModified":"2024-10-25T22:10:20+00:00","mainEntityOfPage":{"@id":"https:\/\/exaudi.org\/it\/aborto-suicidio-assistito-e-pena-di-morte-contrari-al-diritto-alla-vita\/"},"wordCount":381,"image":{"@id":"https:\/\/exaudi.org\/it\/aborto-suicidio-assistito-e-pena-di-morte-contrari-al-diritto-alla-vita\/#primaryimage"},"thumbnailUrl":"https:\/\/exaudi.org\/wp-content\/uploads\/2024\/10\/nik-MAgPyHRO0AA-unsplash-scaled.jpg","keywords":["Aborto","armamento","Caccia","DIGNIT\u00c0 UMANA","diritti umani","DIRITTO ALLA VITA","disarmo nucleare","fraternit\u00e0","Gabriele Caccia","Morale","Onu","pace","PENA DI MORTE","Santa Sede","sicurezza globale","suicidio assistito","Trending"],"articleSection":["Chiesa e Mondo"],"inLanguage":"it-IT"},{"@type":"WebPage","@id":"https:\/\/exaudi.org\/it\/aborto-suicidio-assistito-e-pena-di-morte-contrari-al-diritto-alla-vita\/","url":"https:\/\/exaudi.org\/it\/aborto-suicidio-assistito-e-pena-di-morte-contrari-al-diritto-alla-vita\/","name":"Aborto, suicidio assistito e pena di morte contrari al diritto alla vita &#8211; Exaudi","isPartOf":{"@id":"https:\/\/exaudi.org\/#website"},"primaryImageOfPage":{"@id":"https:\/\/exaudi.org\/it\/aborto-suicidio-assistito-e-pena-di-morte-contrari-al-diritto-alla-vita\/#primaryimage"},"image":{"@id":"https:\/\/exaudi.org\/it\/aborto-suicidio-assistito-e-pena-di-morte-contrari-al-diritto-alla-vita\/#primaryimage"},"thumbnailUrl":"https:\/\/exaudi.org\/wp-content\/uploads\/2024\/10\/nik-MAgPyHRO0AA-unsplash-scaled.jpg","datePublished":"2024-10-25T18:20:28+00:00","dateModified":"2024-10-25T22:10:20+00:00","author":{"@id":"https:\/\/exaudi.org\/#\/schema\/person\/e1ab6ed07c01774724dd96f925f3a5f0"},"breadcrumb":{"@id":"https:\/\/exaudi.org\/it\/aborto-suicidio-assistito-e-pena-di-morte-contrari-al-diritto-alla-vita\/#breadcrumb"},"inLanguage":"it-IT","potentialAction":[{"@type":"ReadAction","target":["https:\/\/exaudi.org\/it\/aborto-suicidio-assistito-e-pena-di-morte-contrari-al-diritto-alla-vita\/"]}]},{"@type":"ImageObject","inLanguage":"it-IT","@id":"https:\/\/exaudi.org\/it\/aborto-suicidio-assistito-e-pena-di-morte-contrari-al-diritto-alla-vita\/#primaryimage","url":"https:\/\/exaudi.org\/wp-content\/uploads\/2024\/10\/nik-MAgPyHRO0AA-unsplash-scaled.jpg","contentUrl":"https:\/\/exaudi.org\/wp-content\/uploads\/2024\/10\/nik-MAgPyHRO0AA-unsplash-scaled.jpg","width":2560,"height":1714,"caption":"Foto de Nik en Unsplash"},{"@type":"BreadcrumbList","@id":"https:\/\/exaudi.org\/it\/aborto-suicidio-assistito-e-pena-di-morte-contrari-al-diritto-alla-vita\/#breadcrumb","itemListElement":[{"@type":"ListItem","position":1,"name":"Portada","item":"https:\/\/exaudi.org\/it\/"},{"@type":"ListItem","position":2,"name":"Aborto, suicidio assistito e pena di morte contrari al diritto alla vita"}]},{"@type":"WebSite","@id":"https:\/\/exaudi.org\/#website","url":"https:\/\/exaudi.org\/","name":"Exaudi","description":"News","potentialAction":[{"@type":"SearchAction","target":{"@type":"EntryPoint","urlTemplate":"https:\/\/exaudi.org\/?s={search_term_string}"},"query-input":{"@type":"PropertyValueSpecification","valueRequired":true,"valueName":"search_term_string"}}],"inLanguage":"it-IT"},{"@type":"Person","@id":"https:\/\/exaudi.org\/#\/schema\/person\/e1ab6ed07c01774724dd96f925f3a5f0","name":"Exaudi Redazione","image":{"@type":"ImageObject","inLanguage":"it-IT","@id":"https:\/\/secure.gravatar.com\/avatar\/ad6774b3ada023bf5b939d64f45c94b3adf91502dd883507d469b4308a943bb3?s=96&d=mm&r=g","url":"https:\/\/secure.gravatar.com\/avatar\/ad6774b3ada023bf5b939d64f45c94b3adf91502dd883507d469b4308a943bb3?s=96&d=mm&r=g","contentUrl":"https:\/\/secure.gravatar.com\/avatar\/ad6774b3ada023bf5b939d64f45c94b3adf91502dd883507d469b4308a943bb3?s=96&d=mm&r=g","caption":"Exaudi Redazione"},"description":"Che cosa \u00e8 Exaudi News? Exaudi News \u00e8 un agenzia cattolica internazionale che informa, istruisce e trasforma quotidianamente in spagnolo, inglese e italiano. Attraverso notizie, articoli di analisi e trasmissioni in diretta degli eventi del Papa, Exaudi cerca di rafforzare l'unit\u00e0 dei cristiani e di contribuire all'evangelizzazione del mondo, sempre guidato dalla dottrina sociale della Chiesa. Lavoriamo per portare la verit\u00e0 e i valori cristiani in ogni angolo del pianeta. Aiutaci a trasformare il mondo con Exaudi! Noi di Exaudi crediamo che l'evangelizzazione e l'informazione di qualit\u00e0 possano cambiare la vita. Per continuare la nostra missione ed espandere la nostra portata, abbiamo bisogno del tuo aiuto. Stiamo anche cercando persone motivate che vogliano unirsi al nostro team. Grazie al vostro sostegno raggiungeremo pi\u00f9 persone, diffonderemo il messaggio di Cristo e rafforzeremo l'unit\u00e0 dei cristiani. Vuoi unirti alla nostra missione? Per maggiori informazioni su come contribuire, visita Exaudi.org\/it o contattaci direttamente: info@exaudi.org Exaudi: informa, forma e trasforma.","sameAs":["https:\/\/www.facebook.com\/ExaudiNotizie\/","https:\/\/www.instagram.com\/Exaudi_notizie\/","https:\/\/x.com\/Exaudi_Notizie","https:\/\/www.youtube.com\/@exaudicatholicnews"],"url":"https:\/\/exaudi.org\/it\/author\/dlvedi-org\/"}]}},"jetpack_featured_media_url":"https:\/\/exaudi.org\/wp-content\/uploads\/2024\/10\/nik-MAgPyHRO0AA-unsplash-scaled.jpg","jetpack_shortlink":"https:\/\/wp.me\/pgKjF2-t1y","_links":{"self":[{"href":"https:\/\/exaudi.org\/it\/wp-json\/wp\/v2\/posts\/111572","targetHints":{"allow":["GET"]}}],"collection":[{"href":"https:\/\/exaudi.org\/it\/wp-json\/wp\/v2\/posts"}],"about":[{"href":"https:\/\/exaudi.org\/it\/wp-json\/wp\/v2\/types\/post"}],"author":[{"embeddable":true,"href":"https:\/\/exaudi.org\/it\/wp-json\/wp\/v2\/users\/17"}],"replies":[{"embeddable":true,"href":"https:\/\/exaudi.org\/it\/wp-json\/wp\/v2\/comments?post=111572"}],"version-history":[{"count":0,"href":"https:\/\/exaudi.org\/it\/wp-json\/wp\/v2\/posts\/111572\/revisions"}],"wp:featuredmedia":[{"embeddable":true,"href":"https:\/\/exaudi.org\/it\/wp-json\/wp\/v2\/media\/111495"}],"wp:attachment":[{"href":"https:\/\/exaudi.org\/it\/wp-json\/wp\/v2\/media?parent=111572"}],"wp:term":[{"taxonomy":"category","embeddable":true,"href":"https:\/\/exaudi.org\/it\/wp-json\/wp\/v2\/categories?post=111572"},{"taxonomy":"post_tag","embeddable":true,"href":"https:\/\/exaudi.org\/it\/wp-json\/wp\/v2\/tags?post=111572"}],"curies":[{"name":"wp","href":"https:\/\/api.w.org\/{rel}","templated":true}]}}