{"id":111394,"date":"2024-10-23T18:53:41","date_gmt":"2024-10-23T16:53:41","guid":{"rendered":"https:\/\/exaudi.org\/?p=111394"},"modified":"2024-10-23T18:53:41","modified_gmt":"2024-10-23T16:53:41","slug":"stoicismo-nella-moda","status":"publish","type":"post","link":"https:\/\/exaudi.org\/it\/stoicismo-nella-moda\/","title":{"rendered":"Stoicismo nella moda"},"content":{"rendered":"<p>La conoscenza filosofica \u2013 ricerca incondizionata della verit\u00e0 e del bene \u2013 va oltre ci\u00f2 che in un dato momento gode di un\u2019adesione diffusa: formare ci\u00f2 che viene chiamato politicamente corretto. In epoca greca classica, quest\u2019ultima era chiamata doxa: l\u2019opinione pi\u00f9 diffusa e accettata \u2013 di moda \u2013 senza coerente e ragionevole giustificazione. Nei frammenti conservati fino a oggi dei filosofi presocratici \u2013 Eraclito di Efeso, per esempio \u2013 troviamo il monito a superare la doxa e ad aderire al logos: alla ragione che, partendo dalla riflessione sull&#8217;esperienza ordinaria, cerca una spiegazione di questa che pu\u00f2 essere verificato mediante prove; se diretto, indiretto; sensibile o intellettuale<\/p>\n<p>Nel declino della civilt\u00e0 greca classica \u2013 dopo la conquista, da parte dei Macedoni, delle famose polis, come Atene; intorno al 338 aC \u2013 cominci\u00f2 a imporsi un diverso tipo di correnti filosofiche, rispetto al precedente aristotelismo e platonismo. Sono state chiamate scuole ellenistiche.<\/p>\n<p>La fine delle polis (citt\u00e0-stato) in Grecia \u00e8 gi\u00e0 stata consumata; I macedoni, poi i romani, cercarono di creare un impero universale e autocratico. Quasi tutti i tipi di libert\u00e0 politica vengono cancellati. Al culmine della polis come istituzione, esisteva una notevole identit\u00e0 tra una persona singola e un cittadino. La persona, nel regime imperiale, diventa suddito. Le virt\u00f9 civiche \u2013 come la giustizia o la prudenza politica \u2013 non contavano molto in epoca imperiale, ma piuttosto le competenze necessarie per la sussistenza e il benessere individuale. L&#8217;attivit\u00e0 politica \u00e8 considerata eticamente neutra o addirittura spregevole, perch\u00e9 suscita ambizioni e passioni fatali. La persona \u00e8 dunque concepita come individuo. E lei, egocentrica, esplora modi di vivere che comportano le soddisfazioni pi\u00f9 immediate, tendendo a riconoscersi come unica artefice della sua migliore esistenza. Si consuma una separazione tra Etica e Politica, unite fin dall&#8217;emergere dell&#8217;umanesimo con Socrate e, nella sua continuazione, con Platone e Aristotele. I pensatori dell&#8217;et\u00e0 ellenistica svilupparono un&#8217;etica individualistica. Raccomandano modi di vita per raggiungere la felicit\u00e0 individuale immediata: diversi tipi di atarassia, cio\u00e8 raggiungere la pace con se stessi, ignorare tutto il resto, gli altri. Il senso di trascendenza \u2013 di andare oltre se stessi per essere felici \u2013 proposto da Platone, ad esempio, viene lasciato da parte. Prevalgono le categorie immanentiste, materialiste. Prevale la conoscenza pratica-tecnica. La conoscenza teorica, sui principi e sugli scopi, \u00e8 relegata. Soprattutto \u00e8 importante risolvere problemi vitali immediati. Si persegue un ideale di vita che solo una persona pu\u00f2 raggiungere. In questo modo comprendono l&#8217;autarchia socratica. Affrontano il destino: gli scettici con indifferenza, gli stoici che vi si uniscono, gli epicurei che ne ridono. Considerano la felicit\u00e0 come qualcosa di pi\u00f9 negativo che positivo, costituito dal torpore dello spirito.<\/p>\n<p>Lo stoicismo sta vivendo una rinascita di popolarit\u00e0 nel 21\u00b0 secolo. Ad esempio, gli insegnamenti di Epitteto, Marco Aurelio e Seneca, rappresentanti dello stoicismo imperiale latino, fanno appello. Molti ritengono questi insegnamenti efficaci per il controllo emotivo, la resilienza e la ricerca di ci\u00f2 che \u00e8 pi\u00f9 adatto a comportarsi nella frenetica vita quotidiana del mondo contemporaneo.<\/p>\n<p>L\u2019attuale plausibilit\u00e0 dello stoicismo pu\u00f2 essere dovuta a diversi fattori. Nella societ\u00e0 contemporanea sono necessarie modalit\u00e0 per gestire lo stress, l\u2019ansia e molte altre sfide presenti nelle esigenze della vita quotidiana, in un mondo di cambiamenti rapidi e imprevedibili.<\/p>\n<p>Virt\u00f9 stoica, che porta ad accettare \u2013 con coltivata apatia \u2013 ci\u00f2 che non pu\u00f2 essere cambiato \u2013 ci\u00f2 che il destino porta \u2013 e un focus positivo su ci\u00f2 che pu\u00f2 essere controllato; attrae per affrontare la vita moderna.<\/p>\n<p>La diffusione dello stoicismo attraverso libri, blog e social media ha contribuito alla sua popolarit\u00e0, consentendo ai suoi insegnamenti di essere pi\u00f9 accessibili e comprensibili a un vasto pubblico. Anche se, come considerato prima, ci\u00f2 comporta individualismo e scarso fondamento di virt\u00f9 sociali per la piena realizzazione di ogni persona.<\/p>\n<p>Allo stesso modo, l\u2019opzione dello stoicismo per vivere meglio, se attuata acriticamente, implica relegare molti dei principali pilastri multi secolari della civilt\u00e0 occidentale, come l\u2019esistenza di un Essere Supremo personale e Provvidenti e l\u2019accettazione dell\u2019esistenza di realt\u00e0 incorporee, come \u00e8 menzionato nel credo niceno-costantinopolitano.<\/p>\n<p>Secondo lo stoicismo la religione non \u00e8 necessaria: l\u2019Essere Assoluto non \u00e8 una persona. Non esiste altra vita oltre la vita terrena. Solo il reale \u00e8 corporeo. Pertanto, la Metafisica non ha posto, la Fisica \u00e8 sufficiente per una spiegazione completa del mondo.<\/p>\n<p>\u00c8 opportuno ricordare, rispetto alla valutazione attuale dello stoicismo, la critica di sant&#8217;Agostino d&#8217;Ippona al pelagianesimo e al semipelagianesimo, tendenze entrambe che preferivano, in larga misura, principi come quelli dello stoicismo &#8211; dell&#8217;autosufficienza umana &#8211; davanti agli insegnamenti cristiani che affermano la necessit\u00e0 di rivolgersi liberamente alla grazia divina per fare il bene.<\/p>\n","protected":false},"excerpt":{"rendered":"<p>La ricerca della verit\u00e0 in un mondo di opinioni<\/p>\n","protected":false},"author":130,"featured_media":111279,"comment_status":"closed","ping_status":"closed","sticky":false,"template":"","format":"standard","meta":{"_acf_changed":false,"inline_featured_image":false,"_wpcom_ai_launchpad_first_post":false,"footnotes":"","jetpack_post_was_ever_published":false},"categories":[129],"tags":[28936,28937,28938,28939,28940,28942,28944,28943,28946,15546,28945,28947,28948,12139,28949,28950,24220,28951,28941,4952,28953,28952],"class_list":["post-111394","post","type-post","status-publish","format-standard","has-post-thumbnail","hentry","category-voci","tag-autarchia-socratica","tag-crisi-della-civilta-occidentale","tag-critica-dello-stoicismo","tag-doxa-e-logos","tag-epitteto","tag-etica-ellenistica","tag-filosofia-pratica","tag-filosofia-stoica","tag-gestione-dello-stress","tag-individualismo-2","tag-luis-francisco-eguiguren-2","tag-marco-aurelio-2","tag-metafisica-e-stoicismo","tag-resilienza","tag-riflessione-filosofica","tag-santagostino-e-il-pelagianesimo","tag-seneca-2","tag-soddisfazione-personale","tag-stoicismo","tag-trending-it","tag-virtu-stoica","tag-vita-contemporanea"],"acf":[],"yoast_head":"<!-- This site is optimized with the Yoast SEO plugin v28.4 - https:\/\/yoast.com\/product\/yoast-seo-wordpress\/ -->\n<title>Stoicismo nella moda &#8211; Exaudi<\/title>\n<meta name=\"robots\" content=\"index, follow, max-snippet:-1, max-image-preview:large, max-video-preview:-1\" \/>\n<link rel=\"canonical\" href=\"https:\/\/exaudi.org\/it\/stoicismo-nella-moda\/\" \/>\n<meta property=\"og:locale\" content=\"it_IT\" \/>\n<meta property=\"og:type\" content=\"article\" \/>\n<meta property=\"og:title\" content=\"Stoicismo nella moda &#8211; Exaudi\" \/>\n<meta property=\"og:description\" content=\"La ricerca della verit\u00e0 in un mondo di opinioni\" \/>\n<meta property=\"og:url\" content=\"https:\/\/exaudi.org\/it\/stoicismo-nella-moda\/\" \/>\n<meta property=\"og:site_name\" content=\"Exaudi\" \/>\n<meta property=\"article:publisher\" content=\"https:\/\/www.facebook.com\/ExaudiNews\" \/>\n<meta property=\"article:author\" content=\"https:\/\/www.facebook.com\/luis.eguiguren.3\" \/>\n<meta property=\"article:published_time\" content=\"2024-10-23T16:53:41+00:00\" \/>\n<meta property=\"og:image\" content=\"https:\/\/exaudi.org\/wp-content\/uploads\/2024\/10\/patrick-schneider-yw1y-alKGrg-unsplash-scaled.jpg\" \/>\n\t<meta property=\"og:image:width\" content=\"2560\" \/>\n\t<meta property=\"og:image:height\" content=\"1707\" \/>\n\t<meta property=\"og:image:type\" content=\"image\/jpeg\" \/>\n<meta name=\"author\" content=\"Luis Francisco Eguiguren\" \/>\n<meta name=\"twitter:card\" content=\"summary_large_image\" \/>\n<meta name=\"twitter:creator\" content=\"@https:\/\/twitter.com\/eguiguren_luis\" \/>\n<meta name=\"twitter:site\" content=\"@Exaudi_News\" \/>\n<meta name=\"twitter:label1\" content=\"Scritto da\" \/>\n\t<meta name=\"twitter:data1\" content=\"Luis Francisco Eguiguren\" \/>\n\t<meta name=\"twitter:label2\" content=\"Tempo di lettura stimato\" \/>\n\t<meta name=\"twitter:data2\" content=\"4 minuti\" \/>\n<script type=\"application\/ld+json\" class=\"yoast-schema-graph\">{\"@context\":\"https:\\\/\\\/schema.org\",\"@graph\":[{\"@type\":\"Article\",\"@id\":\"https:\\\/\\\/exaudi.org\\\/it\\\/stoicismo-nella-moda\\\/#article\",\"isPartOf\":{\"@id\":\"https:\\\/\\\/exaudi.org\\\/it\\\/stoicismo-nella-moda\\\/\"},\"author\":{\"name\":\"Luis Francisco Eguiguren\",\"@id\":\"https:\\\/\\\/exaudi.org\\\/#\\\/schema\\\/person\\\/7f20537eadb75d5b262a67ee988b10c1\"},\"headline\":\"Stoicismo nella moda\",\"datePublished\":\"2024-10-23T16:53:41+00:00\",\"mainEntityOfPage\":{\"@id\":\"https:\\\/\\\/exaudi.org\\\/it\\\/stoicismo-nella-moda\\\/\"},\"wordCount\":758,\"image\":{\"@id\":\"https:\\\/\\\/exaudi.org\\\/it\\\/stoicismo-nella-moda\\\/#primaryimage\"},\"thumbnailUrl\":\"https:\\\/\\\/i0.wp.com\\\/exaudi.org\\\/wp-content\\\/uploads\\\/2024\\\/10\\\/patrick-schneider-yw1y-alKGrg-unsplash-scaled.jpg?fit=2560%2C1707&ssl=1\",\"keywords\":[\"Autarchia socratica\",\"Crisi della civilt\u00e0 occidentale\",\"Critica dello stoicismo\",\"Doxa e logos\",\"Epitteto\",\"Etica ellenistica\",\"Filosofia pratica\",\"Filosofia stoica\",\"Gestione dello stress\",\"individualismo\",\"Luis Francisco Eguiguren\",\"Marco Aurelio\",\"Metafisica e stoicismo\",\"RESILIENZA\",\"Riflessione filosofica\",\"Sant'Agostino e il Pelagianesimo\",\"Seneca\",\"Soddisfazione personale\",\"Stoicismo\",\"Trending\",\"Virt\u00f9 stoica\",\"Vita contemporanea\"],\"articleSection\":[\"Voci\"],\"inLanguage\":\"it-IT\"},{\"@type\":\"WebPage\",\"@id\":\"https:\\\/\\\/exaudi.org\\\/it\\\/stoicismo-nella-moda\\\/\",\"url\":\"https:\\\/\\\/exaudi.org\\\/it\\\/stoicismo-nella-moda\\\/\",\"name\":\"Stoicismo nella moda &#8211; Exaudi\",\"isPartOf\":{\"@id\":\"https:\\\/\\\/exaudi.org\\\/#website\"},\"primaryImageOfPage\":{\"@id\":\"https:\\\/\\\/exaudi.org\\\/it\\\/stoicismo-nella-moda\\\/#primaryimage\"},\"image\":{\"@id\":\"https:\\\/\\\/exaudi.org\\\/it\\\/stoicismo-nella-moda\\\/#primaryimage\"},\"thumbnailUrl\":\"https:\\\/\\\/i0.wp.com\\\/exaudi.org\\\/wp-content\\\/uploads\\\/2024\\\/10\\\/patrick-schneider-yw1y-alKGrg-unsplash-scaled.jpg?fit=2560%2C1707&ssl=1\",\"datePublished\":\"2024-10-23T16:53:41+00:00\",\"author\":{\"@id\":\"https:\\\/\\\/exaudi.org\\\/#\\\/schema\\\/person\\\/7f20537eadb75d5b262a67ee988b10c1\"},\"breadcrumb\":{\"@id\":\"https:\\\/\\\/exaudi.org\\\/it\\\/stoicismo-nella-moda\\\/#breadcrumb\"},\"inLanguage\":\"it-IT\",\"potentialAction\":[{\"@type\":\"ReadAction\",\"target\":[\"https:\\\/\\\/exaudi.org\\\/it\\\/stoicismo-nella-moda\\\/\"]}]},{\"@type\":\"ImageObject\",\"inLanguage\":\"it-IT\",\"@id\":\"https:\\\/\\\/exaudi.org\\\/it\\\/stoicismo-nella-moda\\\/#primaryimage\",\"url\":\"https:\\\/\\\/i0.wp.com\\\/exaudi.org\\\/wp-content\\\/uploads\\\/2024\\\/10\\\/patrick-schneider-yw1y-alKGrg-unsplash-scaled.jpg?fit=2560%2C1707&ssl=1\",\"contentUrl\":\"https:\\\/\\\/i0.wp.com\\\/exaudi.org\\\/wp-content\\\/uploads\\\/2024\\\/10\\\/patrick-schneider-yw1y-alKGrg-unsplash-scaled.jpg?fit=2560%2C1707&ssl=1\",\"width\":2560,\"height\":1707,\"caption\":\"Foto de Patrick Schneider en Unsplash\"},{\"@type\":\"BreadcrumbList\",\"@id\":\"https:\\\/\\\/exaudi.org\\\/it\\\/stoicismo-nella-moda\\\/#breadcrumb\",\"itemListElement\":[{\"@type\":\"ListItem\",\"position\":1,\"name\":\"Portada\",\"item\":\"https:\\\/\\\/exaudi.org\\\/it\\\/\"},{\"@type\":\"ListItem\",\"position\":2,\"name\":\"Stoicismo nella moda\"}]},{\"@type\":\"WebSite\",\"@id\":\"https:\\\/\\\/exaudi.org\\\/#website\",\"url\":\"https:\\\/\\\/exaudi.org\\\/\",\"name\":\"Exaudi\",\"description\":\"News\",\"potentialAction\":[{\"@type\":\"SearchAction\",\"target\":{\"@type\":\"EntryPoint\",\"urlTemplate\":\"https:\\\/\\\/exaudi.org\\\/?s={search_term_string}\"},\"query-input\":{\"@type\":\"PropertyValueSpecification\",\"valueRequired\":true,\"valueName\":\"search_term_string\"}}],\"inLanguage\":\"it-IT\"},{\"@type\":\"Person\",\"@id\":\"https:\\\/\\\/exaudi.org\\\/#\\\/schema\\\/person\\\/7f20537eadb75d5b262a67ee988b10c1\",\"name\":\"Luis Francisco Eguiguren\",\"image\":{\"@type\":\"ImageObject\",\"inLanguage\":\"it-IT\",\"@id\":\"https:\\\/\\\/secure.gravatar.com\\\/avatar\\\/c1b78b066cdf54b01be1b88d3c091bc0246f6b83cf18fff0f3702da71353976a?s=96&d=mm&r=g\",\"url\":\"https:\\\/\\\/secure.gravatar.com\\\/avatar\\\/c1b78b066cdf54b01be1b88d3c091bc0246f6b83cf18fff0f3702da71353976a?s=96&d=mm&r=g\",\"contentUrl\":\"https:\\\/\\\/secure.gravatar.com\\\/avatar\\\/c1b78b066cdf54b01be1b88d3c091bc0246f6b83cf18fff0f3702da71353976a?s=96&d=mm&r=g\",\"caption\":\"Luis Francisco Eguiguren\"},\"description\":\"Profesor Ordinario Principal. Departamento de Filosof\u00eda. Facultad Humanidades. Universidad de Piura (UDEP). Ingeniero Qu\u00edmico. Universidad Nacional de Ingenier\u00eda. Lima, 1980. Doctor en Filosof\u00eda. Pontificia Universidad Santa Cruz. Roma (PUSC), 1997. Director del Programa Acad\u00e9mico de Estudios Generales UDEP 1991-1996. Director del Departamento de Filosof\u00eda de la Facultad de Humanidades UDEP 2016-2019. Director. Revista Mercurio Peruano: 1997- 2001. Revista fundada por V\u00edctor Andr\u00e9s Belaunde en 1918. Coordinador y Promotor de estudios para obtener el Grado de Bachiller en Artes Liberales con Menci\u00f3n en Filosof\u00eda en UDEP 1994-2008. Publicaciones 1996 Estudio sobre la bondad moral en Arist\u00f3teles (Roma, ITALIA) 2009 Relaciones entre F\u00edsica y Filosof\u00eda seg\u00fan Max Planck en: \u00bfAd\u00f3nde va la ciencia? (Piura, PERU) 2007 Radicales de la libertad y la libertad del liberalismo (Piura, PERU) 2004 Los h\u00e1bitos, su influencia en la cultura y la organizaci\u00f3n social, como determinantes del progreso efectivo (Piura, PERU) 2002 Confiabilidad y Cultura (Piura, PERU) 2001 El conocimiento humano \u00bfse limita al mundo sensible? Una revista a las claves del empirismo (Piura, PERU) 2000 La l\u00f3gica tecnocr\u00e1tica (Piura, PERU) 1999 Actualidad, naturaleza y eficacia de la \u00c9tica (Lima, PERU)\",\"sameAs\":[\"https:\\\/\\\/www.facebook.com\\\/luis.eguiguren.3\",\"https:\\\/\\\/pe.linkedin.com\\\/in\\\/luis-francisco-eguiguren-callirgos-9b464624\",\"https:\\\/\\\/x.com\\\/https:\\\/\\\/twitter.com\\\/eguiguren_luis\"],\"url\":\"https:\\\/\\\/exaudi.org\\\/it\\\/author\\\/luis-francisco-eguiguren\\\/\"}]}<\/script>\n<!-- \/ Yoast SEO plugin. -->","yoast_head_json":{"title":"Stoicismo nella moda &#8211; Exaudi","robots":{"index":"index","follow":"follow","max-snippet":"max-snippet:-1","max-image-preview":"max-image-preview:large","max-video-preview":"max-video-preview:-1"},"canonical":"https:\/\/exaudi.org\/it\/stoicismo-nella-moda\/","og_locale":"it_IT","og_type":"article","og_title":"Stoicismo nella moda &#8211; Exaudi","og_description":"La ricerca della verit\u00e0 in un mondo di opinioni","og_url":"https:\/\/exaudi.org\/it\/stoicismo-nella-moda\/","og_site_name":"Exaudi","article_publisher":"https:\/\/www.facebook.com\/ExaudiNews","article_author":"https:\/\/www.facebook.com\/luis.eguiguren.3","article_published_time":"2024-10-23T16:53:41+00:00","og_image":[{"width":2560,"height":1707,"url":"https:\/\/exaudi.org\/wp-content\/uploads\/2024\/10\/patrick-schneider-yw1y-alKGrg-unsplash-scaled.jpg","type":"image\/jpeg"}],"author":"Luis Francisco Eguiguren","twitter_card":"summary_large_image","twitter_creator":"@https:\/\/twitter.com\/eguiguren_luis","twitter_site":"@Exaudi_News","twitter_misc":{"Scritto da":"Luis Francisco Eguiguren","Tempo di lettura stimato":"4 minuti"},"schema":{"@context":"https:\/\/schema.org","@graph":[{"@type":"Article","@id":"https:\/\/exaudi.org\/it\/stoicismo-nella-moda\/#article","isPartOf":{"@id":"https:\/\/exaudi.org\/it\/stoicismo-nella-moda\/"},"author":{"name":"Luis Francisco Eguiguren","@id":"https:\/\/exaudi.org\/#\/schema\/person\/7f20537eadb75d5b262a67ee988b10c1"},"headline":"Stoicismo nella moda","datePublished":"2024-10-23T16:53:41+00:00","mainEntityOfPage":{"@id":"https:\/\/exaudi.org\/it\/stoicismo-nella-moda\/"},"wordCount":758,"image":{"@id":"https:\/\/exaudi.org\/it\/stoicismo-nella-moda\/#primaryimage"},"thumbnailUrl":"https:\/\/i0.wp.com\/exaudi.org\/wp-content\/uploads\/2024\/10\/patrick-schneider-yw1y-alKGrg-unsplash-scaled.jpg?fit=2560%2C1707&ssl=1","keywords":["Autarchia socratica","Crisi della civilt\u00e0 occidentale","Critica dello stoicismo","Doxa e logos","Epitteto","Etica ellenistica","Filosofia pratica","Filosofia stoica","Gestione dello stress","individualismo","Luis Francisco Eguiguren","Marco Aurelio","Metafisica e stoicismo","RESILIENZA","Riflessione filosofica","Sant'Agostino e il Pelagianesimo","Seneca","Soddisfazione personale","Stoicismo","Trending","Virt\u00f9 stoica","Vita contemporanea"],"articleSection":["Voci"],"inLanguage":"it-IT"},{"@type":"WebPage","@id":"https:\/\/exaudi.org\/it\/stoicismo-nella-moda\/","url":"https:\/\/exaudi.org\/it\/stoicismo-nella-moda\/","name":"Stoicismo nella moda &#8211; Exaudi","isPartOf":{"@id":"https:\/\/exaudi.org\/#website"},"primaryImageOfPage":{"@id":"https:\/\/exaudi.org\/it\/stoicismo-nella-moda\/#primaryimage"},"image":{"@id":"https:\/\/exaudi.org\/it\/stoicismo-nella-moda\/#primaryimage"},"thumbnailUrl":"https:\/\/i0.wp.com\/exaudi.org\/wp-content\/uploads\/2024\/10\/patrick-schneider-yw1y-alKGrg-unsplash-scaled.jpg?fit=2560%2C1707&ssl=1","datePublished":"2024-10-23T16:53:41+00:00","author":{"@id":"https:\/\/exaudi.org\/#\/schema\/person\/7f20537eadb75d5b262a67ee988b10c1"},"breadcrumb":{"@id":"https:\/\/exaudi.org\/it\/stoicismo-nella-moda\/#breadcrumb"},"inLanguage":"it-IT","potentialAction":[{"@type":"ReadAction","target":["https:\/\/exaudi.org\/it\/stoicismo-nella-moda\/"]}]},{"@type":"ImageObject","inLanguage":"it-IT","@id":"https:\/\/exaudi.org\/it\/stoicismo-nella-moda\/#primaryimage","url":"https:\/\/i0.wp.com\/exaudi.org\/wp-content\/uploads\/2024\/10\/patrick-schneider-yw1y-alKGrg-unsplash-scaled.jpg?fit=2560%2C1707&ssl=1","contentUrl":"https:\/\/i0.wp.com\/exaudi.org\/wp-content\/uploads\/2024\/10\/patrick-schneider-yw1y-alKGrg-unsplash-scaled.jpg?fit=2560%2C1707&ssl=1","width":2560,"height":1707,"caption":"Foto de Patrick Schneider en Unsplash"},{"@type":"BreadcrumbList","@id":"https:\/\/exaudi.org\/it\/stoicismo-nella-moda\/#breadcrumb","itemListElement":[{"@type":"ListItem","position":1,"name":"Portada","item":"https:\/\/exaudi.org\/it\/"},{"@type":"ListItem","position":2,"name":"Stoicismo nella moda"}]},{"@type":"WebSite","@id":"https:\/\/exaudi.org\/#website","url":"https:\/\/exaudi.org\/","name":"Exaudi","description":"News","potentialAction":[{"@type":"SearchAction","target":{"@type":"EntryPoint","urlTemplate":"https:\/\/exaudi.org\/?s={search_term_string}"},"query-input":{"@type":"PropertyValueSpecification","valueRequired":true,"valueName":"search_term_string"}}],"inLanguage":"it-IT"},{"@type":"Person","@id":"https:\/\/exaudi.org\/#\/schema\/person\/7f20537eadb75d5b262a67ee988b10c1","name":"Luis Francisco Eguiguren","image":{"@type":"ImageObject","inLanguage":"it-IT","@id":"https:\/\/secure.gravatar.com\/avatar\/c1b78b066cdf54b01be1b88d3c091bc0246f6b83cf18fff0f3702da71353976a?s=96&d=mm&r=g","url":"https:\/\/secure.gravatar.com\/avatar\/c1b78b066cdf54b01be1b88d3c091bc0246f6b83cf18fff0f3702da71353976a?s=96&d=mm&r=g","contentUrl":"https:\/\/secure.gravatar.com\/avatar\/c1b78b066cdf54b01be1b88d3c091bc0246f6b83cf18fff0f3702da71353976a?s=96&d=mm&r=g","caption":"Luis Francisco Eguiguren"},"description":"Profesor Ordinario Principal. Departamento de Filosof\u00eda. Facultad Humanidades. Universidad de Piura (UDEP). Ingeniero Qu\u00edmico. Universidad Nacional de Ingenier\u00eda. Lima, 1980. Doctor en Filosof\u00eda. Pontificia Universidad Santa Cruz. Roma (PUSC), 1997. Director del Programa Acad\u00e9mico de Estudios Generales UDEP 1991-1996. Director del Departamento de Filosof\u00eda de la Facultad de Humanidades UDEP 2016-2019. Director. Revista Mercurio Peruano: 1997- 2001. Revista fundada por V\u00edctor Andr\u00e9s Belaunde en 1918. Coordinador y Promotor de estudios para obtener el Grado de Bachiller en Artes Liberales con Menci\u00f3n en Filosof\u00eda en UDEP 1994-2008. Publicaciones 1996 Estudio sobre la bondad moral en Arist\u00f3teles (Roma, ITALIA) 2009 Relaciones entre F\u00edsica y Filosof\u00eda seg\u00fan Max Planck en: \u00bfAd\u00f3nde va la ciencia? (Piura, PERU) 2007 Radicales de la libertad y la libertad del liberalismo (Piura, PERU) 2004 Los h\u00e1bitos, su influencia en la cultura y la organizaci\u00f3n social, como determinantes del progreso efectivo (Piura, PERU) 2002 Confiabilidad y Cultura (Piura, PERU) 2001 El conocimiento humano \u00bfse limita al mundo sensible? Una revista a las claves del empirismo (Piura, PERU) 2000 La l\u00f3gica tecnocr\u00e1tica (Piura, PERU) 1999 Actualidad, naturaleza y eficacia de la \u00c9tica (Lima, PERU)","sameAs":["https:\/\/www.facebook.com\/luis.eguiguren.3","https:\/\/pe.linkedin.com\/in\/luis-francisco-eguiguren-callirgos-9b464624","https:\/\/x.com\/https:\/\/twitter.com\/eguiguren_luis"],"url":"https:\/\/exaudi.org\/it\/author\/luis-francisco-eguiguren\/"}]}},"jetpack_shortlink":"https:\/\/wp.me\/pgKjF2-sYG","jetpack_featured_media_url":"https:\/\/i0.wp.com\/exaudi.org\/wp-content\/uploads\/2024\/10\/patrick-schneider-yw1y-alKGrg-unsplash-scaled.jpg?fit=2560%2C1707&ssl=1","_links":{"self":[{"href":"https:\/\/exaudi.org\/it\/wp-json\/wp\/v2\/posts\/111394","targetHints":{"allow":["GET"]}}],"collection":[{"href":"https:\/\/exaudi.org\/it\/wp-json\/wp\/v2\/posts"}],"about":[{"href":"https:\/\/exaudi.org\/it\/wp-json\/wp\/v2\/types\/post"}],"author":[{"embeddable":true,"href":"https:\/\/exaudi.org\/it\/wp-json\/wp\/v2\/users\/130"}],"replies":[{"embeddable":true,"href":"https:\/\/exaudi.org\/it\/wp-json\/wp\/v2\/comments?post=111394"}],"version-history":[{"count":0,"href":"https:\/\/exaudi.org\/it\/wp-json\/wp\/v2\/posts\/111394\/revisions"}],"wp:featuredmedia":[{"embeddable":true,"href":"https:\/\/exaudi.org\/it\/wp-json\/wp\/v2\/media\/111279"}],"wp:attachment":[{"href":"https:\/\/exaudi.org\/it\/wp-json\/wp\/v2\/media?parent=111394"}],"wp:term":[{"taxonomy":"category","embeddable":true,"href":"https:\/\/exaudi.org\/it\/wp-json\/wp\/v2\/categories?post=111394"},{"taxonomy":"post_tag","embeddable":true,"href":"https:\/\/exaudi.org\/it\/wp-json\/wp\/v2\/tags?post=111394"}],"curies":[{"name":"wp","href":"https:\/\/api.w.org\/{rel}","templated":true}]}}