{"id":111197,"date":"2024-10-21T17:52:46","date_gmt":"2024-10-21T15:52:46","guid":{"rendered":"https:\/\/exaudi.org\/?p=111197"},"modified":"2024-10-21T17:52:46","modified_gmt":"2024-10-21T15:52:46","slug":"i-missionari-digitali-di-tutto-il-mondo-pregano-insieme-per-il-sinodo","status":"publish","type":"post","link":"https:\/\/exaudi.org\/it\/i-missionari-digitali-di-tutto-il-mondo-pregano-insieme-per-il-sinodo\/","title":{"rendered":"I missionari digitali di tutto il mondo pregano insieme per il Sinodo"},"content":{"rendered":"<p>n occasione della Giornata Missionaria Mondiale, dalla Cappella Clementina della Basilica di San Pietro, si \u00e8 tenuto un momento di preghiera online, con la partecipazione dei missionari digitali di tutto il mondo. Questo evento ha messo in luce l&#8217;importanza dell&#8217;evangelizzazione negli spazi digitali dove le persone cercano significato e amore, come evidenziato nella relazione di sintesi della prima sessione del Sinodo dei Vescovi, specificamente nella sezione intitolata \u201cMissionari nell&#8217;ambiente digitale\u201d.<\/p>\n<h3><strong>Un incontro di fede nel mondo digitale<\/strong><\/h3>\n<p>La Cappella Clementina \u00e8 stata teatro di un significativo momento di preghiera con i missionari digitali connessi a livello globale. Mons. Luis Mar\u00edn De San Mart\u00edn, Sottosegretario della Segreteria Generale del Sinodo; Paolo Ruffini, Prefetto del Dicastero per la Comunicazione e Presidente della Commissione Informazione del Sinodo; All&#8217;evento hanno partecipato monsignor Lucio Ruiz, segretario del Dicastero per la Comunicazione.<\/p>\n<p>Durante il suo intervento, monsignor Ruiz ha annunciato un evento importante: il Giubileo dei missionari cattolici e degli influencer digitali, in programma il 28 e 29 luglio 2025. Nelle sue parole, ha elogiato i missionari digitali per il loro prezioso contributo al \u201cgrande flusso missionario della Chiesa \u201d, sottolineando la bellezza del loro lavoro e incoraggiandoli a continuare a mostrare la gioia di Dio in un mondo bisognoso di speranza.<\/p>\n<h3><strong>Un messaggio di speranza e di azione<\/strong><\/h3>\n<p>Monsignor Ruiz, nel suo discorso, ha motivato i missionari a continuare a sognare insieme e a fare cose belle che riflettono la gioia divina. Questo discorso \u00e8 stato seguito da un canto in spagnolo, che ha dato il via ad un momento di preghiera interattivo, al quale hanno partecipato attivamente i giovani collegati online.<\/p>\n<p>Monsignor Ruiz ha letto anche il Vangelo scelto da Papa Francesco per la Giornata Missionaria Mondiale, che porta il motto \u201cAndate e invitate tutti al banchetto\u201d. Mons. Mar\u00edn De San Mart\u00edn ha offerto una riflessione che presenta Ges\u00f9 come una \u201cpersona viva\u201d, allontanandosi dalla visione di Lui come semplice \u201cavatar\u201d o \u201cidentit\u00e0 digitale\u201d. Ha esortato i presenti a rispettare i comandi di \u201candare\u201d e \u201cinvitare\u201d, lasciando da parte comodit\u00e0 ed egoismi, e testimoniando la gioia del Signore Ges\u00f9 con l&#8217;entusiasmo di chi ama.<\/p>\n<h3><strong>Testimonianze che ispirano<\/strong><\/h3>\n<p>L&#8217;evento ha messo in luce anche le toccanti testimonianze di giovani, tra cui due gemelli libanesi, che attraverso Internet condividono la bellezza del cristianesimo in Medio Oriente. L&#8217;interattivit\u00e0 \u00e8 stata una componente chiave poich\u00e9 diversi missionari hanno espresso le loro intenzioni di preghiera in varie lingue e hanno scritto parole che definiscono il loro lavoro sui social media, come &#8220;fratellanza&#8221;, &#8220;ascolta&#8221;, &#8220;gioia&#8221;, &#8220;dolore&#8221;, &#8220;gioia&#8221;, &#8220;sete&#8221; e &#8220;bisogno di Dio&#8221;.<\/p>\n<h3><strong>Un appello all&#8217;umilt\u00e0 e alla responsabilit\u00e0<\/strong><\/h3>\n<p>Paolo Ruffini ha chiuso i lavori con un invito ad assumersi senso di responsabilit\u00e0 di fronte ai problemi attuali. Ha citato San Paolo come esempio di grande comunicatore che ha servito il Signore con umilt\u00e0 e attraverso le lacrime, e ci ha incoraggiato a scegliere sempre la comunione invece della distinzione.<\/p>\n<p>L&#8217;incontro si \u00e8 concluso con un momento finale di preghiera, anche con contributi digitali dei partecipanti, e il motivante invito di monsignor Ruiz: &#8220;Andate! Fino ai confini del mondo&#8221;.<\/p>\n<p><img loading=\"lazy\" decoding=\"async\" class=\"size-medium wp-image-111132 aligncenter\" src=\"https:\/\/exaudi.org\/wp-content\/uploads\/2024\/10\/cq5dam.thumbnail.cropped.750.422-2-5-300x169.jpeg\" alt=\"\" width=\"300\" height=\"169\" srcset=\"https:\/\/exaudi.org\/wp-content\/uploads\/2024\/10\/cq5dam.thumbnail.cropped.750.422-2-5-300x169.jpeg 300w, https:\/\/exaudi.org\/wp-content\/uploads\/2024\/10\/cq5dam.thumbnail.cropped.750.422-2-5-500x281.jpeg 500w, https:\/\/exaudi.org\/wp-content\/uploads\/2024\/10\/cq5dam.thumbnail.cropped.750.422-2-5-293x165.jpeg 293w, https:\/\/exaudi.org\/wp-content\/uploads\/2024\/10\/cq5dam.thumbnail.cropped.750.422-2-5-390x219.jpeg 390w, https:\/\/exaudi.org\/wp-content\/uploads\/2024\/10\/cq5dam.thumbnail.cropped.750.422-2-5.jpeg 750w\" sizes=\"auto, (max-width: 300px) 100vw, 300px\" \/><\/p>\n","protected":false},"excerpt":{"rendered":"<p>Un incontro globale di preghiera online dalla Basilica di San Pietro sottolinea la missione di evangelizzazione nell&#8217;ambiente digitale<\/p>\n","protected":false},"author":17,"featured_media":111129,"comment_status":"closed","ping_status":"closed","sticky":false,"template":"","format":"standard","meta":{"_acf_changed":false,"_crdt_document":"","inline_featured_image":false,"footnotes":""},"categories":[73,131],"tags":[7103,28573,4512,5613,28574,17464,669,8255,9070,28575,28576,21202,28577,28578,10130,28579,22896,5664,1107,18940,4952,706],"class_list":["post-111197","post","type-post","status-publish","format-standard","has-post-thumbnail","hentry","category-chiesa-e-mondo","category-vaticano","tag-basilica-di-san-pietro","tag-cappella-clementina","tag-chiesa-cattolica","tag-comunione","tag-cristianesimo-in-medio-oriente","tag-evangelizzazione-digitale","tag-gesu","tag-giornata-missionaria-mondiale","tag-giubileo-2025-2","tag-influencer-cattolici","tag-missionari-digitali","tag-missione-della-chiesa","tag-monsignor-lucio-ruiz","tag-monsignor-luis-marin-de-san-martin","tag-paolo-ruffini","tag-preghiera-online","tag-responsabilita-sociale","tag-san-paolo","tag-sinodo","tag-social-network","tag-trending-it","tag-vangelo"],"acf":[],"yoast_head":"<!-- This site is optimized with the Yoast SEO plugin v27.5 - https:\/\/yoast.com\/product\/yoast-seo-wordpress\/ -->\n<title>I missionari digitali di tutto il mondo pregano insieme per il Sinodo &#8211; Exaudi<\/title>\n<meta name=\"robots\" content=\"index, follow, max-snippet:-1, max-image-preview:large, max-video-preview:-1\" \/>\n<link rel=\"canonical\" href=\"https:\/\/exaudi.org\/it\/i-missionari-digitali-di-tutto-il-mondo-pregano-insieme-per-il-sinodo\/\" \/>\n<meta property=\"og:locale\" content=\"it_IT\" \/>\n<meta property=\"og:type\" content=\"article\" \/>\n<meta property=\"og:title\" content=\"I missionari digitali di tutto il mondo pregano insieme per il Sinodo &#8211; Exaudi\" \/>\n<meta property=\"og:description\" content=\"Un incontro globale di preghiera online dalla Basilica di San Pietro sottolinea la missione di evangelizzazione nell&#039;ambiente digitale\" \/>\n<meta property=\"og:url\" content=\"https:\/\/exaudi.org\/it\/i-missionari-digitali-di-tutto-il-mondo-pregano-insieme-per-il-sinodo\/\" \/>\n<meta property=\"og:site_name\" content=\"Exaudi\" \/>\n<meta property=\"article:publisher\" content=\"https:\/\/www.facebook.com\/ExaudiNews\" \/>\n<meta property=\"article:author\" content=\"https:\/\/www.facebook.com\/ExaudiNotizie\/\" \/>\n<meta property=\"article:published_time\" content=\"2024-10-21T15:52:46+00:00\" \/>\n<meta property=\"og:image\" content=\"https:\/\/exaudi.org\/wp-content\/uploads\/2024\/10\/pexels-thisisengineering-3861969-scaled.jpg\" \/>\n\t<meta property=\"og:image:width\" content=\"2560\" \/>\n\t<meta property=\"og:image:height\" content=\"1707\" \/>\n\t<meta property=\"og:image:type\" content=\"image\/jpeg\" \/>\n<meta name=\"author\" content=\"Exaudi Redazione\" \/>\n<meta name=\"twitter:card\" content=\"summary_large_image\" \/>\n<meta name=\"twitter:creator\" content=\"@Exaudi_Notizie\" \/>\n<meta name=\"twitter:site\" content=\"@Exaudi_News\" \/>\n<meta name=\"twitter:label1\" content=\"Scritto da\" \/>\n\t<meta name=\"twitter:data1\" content=\"Exaudi Redazione\" \/>\n\t<meta name=\"twitter:label2\" content=\"Tempo di lettura stimato\" \/>\n\t<meta name=\"twitter:data2\" content=\"3 minuti\" \/>\n<script type=\"application\/ld+json\" class=\"yoast-schema-graph\">{\"@context\":\"https:\\\/\\\/schema.org\",\"@graph\":[{\"@type\":\"Article\",\"@id\":\"https:\\\/\\\/exaudi.org\\\/it\\\/i-missionari-digitali-di-tutto-il-mondo-pregano-insieme-per-il-sinodo\\\/#article\",\"isPartOf\":{\"@id\":\"https:\\\/\\\/exaudi.org\\\/it\\\/i-missionari-digitali-di-tutto-il-mondo-pregano-insieme-per-il-sinodo\\\/\"},\"author\":{\"name\":\"Exaudi Redazione\",\"@id\":\"https:\\\/\\\/exaudi.org\\\/#\\\/schema\\\/person\\\/e1ab6ed07c01774724dd96f925f3a5f0\"},\"headline\":\"I missionari digitali di tutto il mondo pregano insieme per il Sinodo\",\"datePublished\":\"2024-10-21T15:52:46+00:00\",\"mainEntityOfPage\":{\"@id\":\"https:\\\/\\\/exaudi.org\\\/it\\\/i-missionari-digitali-di-tutto-il-mondo-pregano-insieme-per-il-sinodo\\\/\"},\"wordCount\":524,\"image\":{\"@id\":\"https:\\\/\\\/exaudi.org\\\/it\\\/i-missionari-digitali-di-tutto-il-mondo-pregano-insieme-per-il-sinodo\\\/#primaryimage\"},\"thumbnailUrl\":\"https:\\\/\\\/exaudi.org\\\/wp-content\\\/uploads\\\/2024\\\/10\\\/pexels-thisisengineering-3861969-scaled.jpg\",\"keywords\":[\"Basilica di San Pietro\",\"Cappella Clementina\",\"Chiesa cattolica\",\"comunione\",\"Cristianesimo in Medio Oriente\",\"EVANGELIZZAZIONE DIGITALE\",\"Ges\u00f9\",\"Giornata Missionaria Mondiale\",\"Giubileo 2025\",\"influencer cattolici\",\"missionari digitali\",\"MISSIONE DELLA CHIESA\",\"Monsignor Lucio Ru\u00edz\",\"Monsignor Luis Mar\u00edn De San Mart\u00edn\",\"Paolo Ruffini\",\"preghiera online\",\"Responsabilit\u00e0 sociale\",\"San Paolo\",\"Sinodo\",\"SOCIAL NETWORK\",\"Trending\",\"Vangelo\"],\"articleSection\":[\"Chiesa e Mondo\",\"Vaticano\"],\"inLanguage\":\"it-IT\"},{\"@type\":\"WebPage\",\"@id\":\"https:\\\/\\\/exaudi.org\\\/it\\\/i-missionari-digitali-di-tutto-il-mondo-pregano-insieme-per-il-sinodo\\\/\",\"url\":\"https:\\\/\\\/exaudi.org\\\/it\\\/i-missionari-digitali-di-tutto-il-mondo-pregano-insieme-per-il-sinodo\\\/\",\"name\":\"I missionari digitali di tutto il mondo pregano insieme per il Sinodo &#8211; Exaudi\",\"isPartOf\":{\"@id\":\"https:\\\/\\\/exaudi.org\\\/#website\"},\"primaryImageOfPage\":{\"@id\":\"https:\\\/\\\/exaudi.org\\\/it\\\/i-missionari-digitali-di-tutto-il-mondo-pregano-insieme-per-il-sinodo\\\/#primaryimage\"},\"image\":{\"@id\":\"https:\\\/\\\/exaudi.org\\\/it\\\/i-missionari-digitali-di-tutto-il-mondo-pregano-insieme-per-il-sinodo\\\/#primaryimage\"},\"thumbnailUrl\":\"https:\\\/\\\/exaudi.org\\\/wp-content\\\/uploads\\\/2024\\\/10\\\/pexels-thisisengineering-3861969-scaled.jpg\",\"datePublished\":\"2024-10-21T15:52:46+00:00\",\"author\":{\"@id\":\"https:\\\/\\\/exaudi.org\\\/#\\\/schema\\\/person\\\/e1ab6ed07c01774724dd96f925f3a5f0\"},\"breadcrumb\":{\"@id\":\"https:\\\/\\\/exaudi.org\\\/it\\\/i-missionari-digitali-di-tutto-il-mondo-pregano-insieme-per-il-sinodo\\\/#breadcrumb\"},\"inLanguage\":\"it-IT\",\"potentialAction\":[{\"@type\":\"ReadAction\",\"target\":[\"https:\\\/\\\/exaudi.org\\\/it\\\/i-missionari-digitali-di-tutto-il-mondo-pregano-insieme-per-il-sinodo\\\/\"]}]},{\"@type\":\"ImageObject\",\"inLanguage\":\"it-IT\",\"@id\":\"https:\\\/\\\/exaudi.org\\\/it\\\/i-missionari-digitali-di-tutto-il-mondo-pregano-insieme-per-il-sinodo\\\/#primaryimage\",\"url\":\"https:\\\/\\\/exaudi.org\\\/wp-content\\\/uploads\\\/2024\\\/10\\\/pexels-thisisengineering-3861969-scaled.jpg\",\"contentUrl\":\"https:\\\/\\\/exaudi.org\\\/wp-content\\\/uploads\\\/2024\\\/10\\\/pexels-thisisengineering-3861969-scaled.jpg\",\"width\":2560,\"height\":1707},{\"@type\":\"BreadcrumbList\",\"@id\":\"https:\\\/\\\/exaudi.org\\\/it\\\/i-missionari-digitali-di-tutto-il-mondo-pregano-insieme-per-il-sinodo\\\/#breadcrumb\",\"itemListElement\":[{\"@type\":\"ListItem\",\"position\":1,\"name\":\"Portada\",\"item\":\"https:\\\/\\\/exaudi.org\\\/it\\\/\"},{\"@type\":\"ListItem\",\"position\":2,\"name\":\"I missionari digitali di tutto il mondo pregano insieme per il Sinodo\"}]},{\"@type\":\"WebSite\",\"@id\":\"https:\\\/\\\/exaudi.org\\\/#website\",\"url\":\"https:\\\/\\\/exaudi.org\\\/\",\"name\":\"Exaudi\",\"description\":\"News\",\"potentialAction\":[{\"@type\":\"SearchAction\",\"target\":{\"@type\":\"EntryPoint\",\"urlTemplate\":\"https:\\\/\\\/exaudi.org\\\/?s={search_term_string}\"},\"query-input\":{\"@type\":\"PropertyValueSpecification\",\"valueRequired\":true,\"valueName\":\"search_term_string\"}}],\"inLanguage\":\"it-IT\"},{\"@type\":\"Person\",\"@id\":\"https:\\\/\\\/exaudi.org\\\/#\\\/schema\\\/person\\\/e1ab6ed07c01774724dd96f925f3a5f0\",\"name\":\"Exaudi Redazione\",\"image\":{\"@type\":\"ImageObject\",\"inLanguage\":\"it-IT\",\"@id\":\"https:\\\/\\\/secure.gravatar.com\\\/avatar\\\/ad6774b3ada023bf5b939d64f45c94b3adf91502dd883507d469b4308a943bb3?s=96&d=mm&r=g\",\"url\":\"https:\\\/\\\/secure.gravatar.com\\\/avatar\\\/ad6774b3ada023bf5b939d64f45c94b3adf91502dd883507d469b4308a943bb3?s=96&d=mm&r=g\",\"contentUrl\":\"https:\\\/\\\/secure.gravatar.com\\\/avatar\\\/ad6774b3ada023bf5b939d64f45c94b3adf91502dd883507d469b4308a943bb3?s=96&d=mm&r=g\",\"caption\":\"Exaudi Redazione\"},\"description\":\"Che cosa \u00e8 Exaudi News? Exaudi News \u00e8 un agenzia cattolica internazionale che informa, istruisce e trasforma quotidianamente in spagnolo, inglese e italiano. Attraverso notizie, articoli di analisi e trasmissioni in diretta degli eventi del Papa, Exaudi cerca di rafforzare l'unit\u00e0 dei cristiani e di contribuire all'evangelizzazione del mondo, sempre guidato dalla dottrina sociale della Chiesa. Lavoriamo per portare la verit\u00e0 e i valori cristiani in ogni angolo del pianeta. Aiutaci a trasformare il mondo con Exaudi! Noi di Exaudi crediamo che l'evangelizzazione e l'informazione di qualit\u00e0 possano cambiare la vita. Per continuare la nostra missione ed espandere la nostra portata, abbiamo bisogno del tuo aiuto. Stiamo anche cercando persone motivate che vogliano unirsi al nostro team. Grazie al vostro sostegno raggiungeremo pi\u00f9 persone, diffonderemo il messaggio di Cristo e rafforzeremo l'unit\u00e0 dei cristiani. Vuoi unirti alla nostra missione? Per maggiori informazioni su come contribuire, visita Exaudi.org\\\/it o contattaci direttamente: info@exaudi.org Exaudi: informa, forma e trasforma.\",\"sameAs\":[\"https:\\\/\\\/www.facebook.com\\\/ExaudiNotizie\\\/\",\"https:\\\/\\\/www.instagram.com\\\/Exaudi_notizie\\\/\",\"https:\\\/\\\/x.com\\\/Exaudi_Notizie\",\"https:\\\/\\\/www.youtube.com\\\/@exaudicatholicnews\"],\"url\":\"https:\\\/\\\/exaudi.org\\\/it\\\/author\\\/dlvedi-org\\\/\"}]}<\/script>\n<!-- \/ Yoast SEO plugin. -->","yoast_head_json":{"title":"I missionari digitali di tutto il mondo pregano insieme per il Sinodo &#8211; Exaudi","robots":{"index":"index","follow":"follow","max-snippet":"max-snippet:-1","max-image-preview":"max-image-preview:large","max-video-preview":"max-video-preview:-1"},"canonical":"https:\/\/exaudi.org\/it\/i-missionari-digitali-di-tutto-il-mondo-pregano-insieme-per-il-sinodo\/","og_locale":"it_IT","og_type":"article","og_title":"I missionari digitali di tutto il mondo pregano insieme per il Sinodo &#8211; Exaudi","og_description":"Un incontro globale di preghiera online dalla Basilica di San Pietro sottolinea la missione di evangelizzazione nell'ambiente digitale","og_url":"https:\/\/exaudi.org\/it\/i-missionari-digitali-di-tutto-il-mondo-pregano-insieme-per-il-sinodo\/","og_site_name":"Exaudi","article_publisher":"https:\/\/www.facebook.com\/ExaudiNews","article_author":"https:\/\/www.facebook.com\/ExaudiNotizie\/","article_published_time":"2024-10-21T15:52:46+00:00","og_image":[{"width":2560,"height":1707,"url":"https:\/\/exaudi.org\/wp-content\/uploads\/2024\/10\/pexels-thisisengineering-3861969-scaled.jpg","type":"image\/jpeg"}],"author":"Exaudi Redazione","twitter_card":"summary_large_image","twitter_creator":"@Exaudi_Notizie","twitter_site":"@Exaudi_News","twitter_misc":{"Scritto da":"Exaudi Redazione","Tempo di lettura stimato":"3 minuti"},"schema":{"@context":"https:\/\/schema.org","@graph":[{"@type":"Article","@id":"https:\/\/exaudi.org\/it\/i-missionari-digitali-di-tutto-il-mondo-pregano-insieme-per-il-sinodo\/#article","isPartOf":{"@id":"https:\/\/exaudi.org\/it\/i-missionari-digitali-di-tutto-il-mondo-pregano-insieme-per-il-sinodo\/"},"author":{"name":"Exaudi Redazione","@id":"https:\/\/exaudi.org\/#\/schema\/person\/e1ab6ed07c01774724dd96f925f3a5f0"},"headline":"I missionari digitali di tutto il mondo pregano insieme per il Sinodo","datePublished":"2024-10-21T15:52:46+00:00","mainEntityOfPage":{"@id":"https:\/\/exaudi.org\/it\/i-missionari-digitali-di-tutto-il-mondo-pregano-insieme-per-il-sinodo\/"},"wordCount":524,"image":{"@id":"https:\/\/exaudi.org\/it\/i-missionari-digitali-di-tutto-il-mondo-pregano-insieme-per-il-sinodo\/#primaryimage"},"thumbnailUrl":"https:\/\/exaudi.org\/wp-content\/uploads\/2024\/10\/pexels-thisisengineering-3861969-scaled.jpg","keywords":["Basilica di San Pietro","Cappella Clementina","Chiesa cattolica","comunione","Cristianesimo in Medio Oriente","EVANGELIZZAZIONE DIGITALE","Ges\u00f9","Giornata Missionaria Mondiale","Giubileo 2025","influencer cattolici","missionari digitali","MISSIONE DELLA CHIESA","Monsignor Lucio Ru\u00edz","Monsignor Luis Mar\u00edn De San Mart\u00edn","Paolo Ruffini","preghiera online","Responsabilit\u00e0 sociale","San Paolo","Sinodo","SOCIAL NETWORK","Trending","Vangelo"],"articleSection":["Chiesa e Mondo","Vaticano"],"inLanguage":"it-IT"},{"@type":"WebPage","@id":"https:\/\/exaudi.org\/it\/i-missionari-digitali-di-tutto-il-mondo-pregano-insieme-per-il-sinodo\/","url":"https:\/\/exaudi.org\/it\/i-missionari-digitali-di-tutto-il-mondo-pregano-insieme-per-il-sinodo\/","name":"I missionari digitali di tutto il mondo pregano insieme per il Sinodo &#8211; Exaudi","isPartOf":{"@id":"https:\/\/exaudi.org\/#website"},"primaryImageOfPage":{"@id":"https:\/\/exaudi.org\/it\/i-missionari-digitali-di-tutto-il-mondo-pregano-insieme-per-il-sinodo\/#primaryimage"},"image":{"@id":"https:\/\/exaudi.org\/it\/i-missionari-digitali-di-tutto-il-mondo-pregano-insieme-per-il-sinodo\/#primaryimage"},"thumbnailUrl":"https:\/\/exaudi.org\/wp-content\/uploads\/2024\/10\/pexels-thisisengineering-3861969-scaled.jpg","datePublished":"2024-10-21T15:52:46+00:00","author":{"@id":"https:\/\/exaudi.org\/#\/schema\/person\/e1ab6ed07c01774724dd96f925f3a5f0"},"breadcrumb":{"@id":"https:\/\/exaudi.org\/it\/i-missionari-digitali-di-tutto-il-mondo-pregano-insieme-per-il-sinodo\/#breadcrumb"},"inLanguage":"it-IT","potentialAction":[{"@type":"ReadAction","target":["https:\/\/exaudi.org\/it\/i-missionari-digitali-di-tutto-il-mondo-pregano-insieme-per-il-sinodo\/"]}]},{"@type":"ImageObject","inLanguage":"it-IT","@id":"https:\/\/exaudi.org\/it\/i-missionari-digitali-di-tutto-il-mondo-pregano-insieme-per-il-sinodo\/#primaryimage","url":"https:\/\/exaudi.org\/wp-content\/uploads\/2024\/10\/pexels-thisisengineering-3861969-scaled.jpg","contentUrl":"https:\/\/exaudi.org\/wp-content\/uploads\/2024\/10\/pexels-thisisengineering-3861969-scaled.jpg","width":2560,"height":1707},{"@type":"BreadcrumbList","@id":"https:\/\/exaudi.org\/it\/i-missionari-digitali-di-tutto-il-mondo-pregano-insieme-per-il-sinodo\/#breadcrumb","itemListElement":[{"@type":"ListItem","position":1,"name":"Portada","item":"https:\/\/exaudi.org\/it\/"},{"@type":"ListItem","position":2,"name":"I missionari digitali di tutto il mondo pregano insieme per il Sinodo"}]},{"@type":"WebSite","@id":"https:\/\/exaudi.org\/#website","url":"https:\/\/exaudi.org\/","name":"Exaudi","description":"News","potentialAction":[{"@type":"SearchAction","target":{"@type":"EntryPoint","urlTemplate":"https:\/\/exaudi.org\/?s={search_term_string}"},"query-input":{"@type":"PropertyValueSpecification","valueRequired":true,"valueName":"search_term_string"}}],"inLanguage":"it-IT"},{"@type":"Person","@id":"https:\/\/exaudi.org\/#\/schema\/person\/e1ab6ed07c01774724dd96f925f3a5f0","name":"Exaudi Redazione","image":{"@type":"ImageObject","inLanguage":"it-IT","@id":"https:\/\/secure.gravatar.com\/avatar\/ad6774b3ada023bf5b939d64f45c94b3adf91502dd883507d469b4308a943bb3?s=96&d=mm&r=g","url":"https:\/\/secure.gravatar.com\/avatar\/ad6774b3ada023bf5b939d64f45c94b3adf91502dd883507d469b4308a943bb3?s=96&d=mm&r=g","contentUrl":"https:\/\/secure.gravatar.com\/avatar\/ad6774b3ada023bf5b939d64f45c94b3adf91502dd883507d469b4308a943bb3?s=96&d=mm&r=g","caption":"Exaudi Redazione"},"description":"Che cosa \u00e8 Exaudi News? Exaudi News \u00e8 un agenzia cattolica internazionale che informa, istruisce e trasforma quotidianamente in spagnolo, inglese e italiano. Attraverso notizie, articoli di analisi e trasmissioni in diretta degli eventi del Papa, Exaudi cerca di rafforzare l'unit\u00e0 dei cristiani e di contribuire all'evangelizzazione del mondo, sempre guidato dalla dottrina sociale della Chiesa. Lavoriamo per portare la verit\u00e0 e i valori cristiani in ogni angolo del pianeta. Aiutaci a trasformare il mondo con Exaudi! Noi di Exaudi crediamo che l'evangelizzazione e l'informazione di qualit\u00e0 possano cambiare la vita. Per continuare la nostra missione ed espandere la nostra portata, abbiamo bisogno del tuo aiuto. Stiamo anche cercando persone motivate che vogliano unirsi al nostro team. Grazie al vostro sostegno raggiungeremo pi\u00f9 persone, diffonderemo il messaggio di Cristo e rafforzeremo l'unit\u00e0 dei cristiani. Vuoi unirti alla nostra missione? Per maggiori informazioni su come contribuire, visita Exaudi.org\/it o contattaci direttamente: info@exaudi.org Exaudi: informa, forma e trasforma.","sameAs":["https:\/\/www.facebook.com\/ExaudiNotizie\/","https:\/\/www.instagram.com\/Exaudi_notizie\/","https:\/\/x.com\/Exaudi_Notizie","https:\/\/www.youtube.com\/@exaudicatholicnews"],"url":"https:\/\/exaudi.org\/it\/author\/dlvedi-org\/"}]}},"jetpack_featured_media_url":"https:\/\/exaudi.org\/wp-content\/uploads\/2024\/10\/pexels-thisisengineering-3861969-scaled.jpg","jetpack_shortlink":"https:\/\/wp.me\/pgKjF2-sVv","_links":{"self":[{"href":"https:\/\/exaudi.org\/it\/wp-json\/wp\/v2\/posts\/111197","targetHints":{"allow":["GET"]}}],"collection":[{"href":"https:\/\/exaudi.org\/it\/wp-json\/wp\/v2\/posts"}],"about":[{"href":"https:\/\/exaudi.org\/it\/wp-json\/wp\/v2\/types\/post"}],"author":[{"embeddable":true,"href":"https:\/\/exaudi.org\/it\/wp-json\/wp\/v2\/users\/17"}],"replies":[{"embeddable":true,"href":"https:\/\/exaudi.org\/it\/wp-json\/wp\/v2\/comments?post=111197"}],"version-history":[{"count":0,"href":"https:\/\/exaudi.org\/it\/wp-json\/wp\/v2\/posts\/111197\/revisions"}],"wp:featuredmedia":[{"embeddable":true,"href":"https:\/\/exaudi.org\/it\/wp-json\/wp\/v2\/media\/111129"}],"wp:attachment":[{"href":"https:\/\/exaudi.org\/it\/wp-json\/wp\/v2\/media?parent=111197"}],"wp:term":[{"taxonomy":"category","embeddable":true,"href":"https:\/\/exaudi.org\/it\/wp-json\/wp\/v2\/categories?post=111197"},{"taxonomy":"post_tag","embeddable":true,"href":"https:\/\/exaudi.org\/it\/wp-json\/wp\/v2\/tags?post=111197"}],"curies":[{"name":"wp","href":"https:\/\/api.w.org\/{rel}","templated":true}]}}