{"id":111059,"date":"2024-10-19T19:11:15","date_gmt":"2024-10-19T17:11:15","guid":{"rendered":"https:\/\/exaudi.org\/?p=111059"},"modified":"2024-10-19T19:37:40","modified_gmt":"2024-10-19T17:37:40","slug":"il-figlio-delluomo-e-venuto-a-dare-la-sua-vita-in-riscatto-per-tutti-commento-di-p-jorge-miro","status":"publish","type":"post","link":"https:\/\/exaudi.org\/it\/il-figlio-delluomo-e-venuto-a-dare-la-sua-vita-in-riscatto-per-tutti-commento-di-p-jorge-miro\/","title":{"rendered":"Il Figlio dell&#8217;Uomo \u00e8 venuto a dare la sua vita in riscatto per tutti: Commento di p. Jorge Mir\u00f3"},"content":{"rendered":"<p>Padre Jorge Mir\u00f3 condivide con i lettori di Exaudi il suo commento al <a href=\"https:\/\/www.dominicos.org\/predicacion\/homilia\/20-10-2024\/lecturas\/\">Vangelo di questa domenica, 20 ottobre 2024<\/a>, intitolato <em>\u201cIl Figlio dell&#8217;uomo \u00e8 venuto a dare la sua vita in riscatto per tutti\u201d<\/em><\/p>\n<p>***<\/p>\n<p>La Parola di Dio ci ha detto domenica scorsa che le <em>ricchezze<\/em> rendono difficile seguire Cristo. Oggi la Parola di Dio ci dice che la stessa cosa accade con il <em>desiderio di potere<\/em>. Chi desidera il potere corre il pericolo della divinizzazione, dell&#8217;idolatria, di creare servit\u00f9 e servilismo, del narcisismo che tutto distrugge.<\/p>\n<p>La Parola di Dio propone oggi l&#8217;umilt\u00e0, l&#8217;atteggiamento di servizio, di donazione della propria vita, come <em>atteggiamenti essenziali<\/em> per poter essere <em>discepolo di Ges\u00f9 Cristo<\/em>. L&#8217;<em>umilt\u00e0<\/em> \u00e8 segno inequivocabile di chi ha incontrato Ges\u00f9 Cristo e lo proclama Signore della propria vita.<\/p>\n<p>L&#8217;<em>umilt\u00e0<\/em> \u00e8 la condizione di possibilit\u00e0 della fede: solo gli umili scoprono Dio, perch\u00e9 sentono bisogno di Lui e lo cercano, e, poich\u00e9 Lo cercano sinceramente, Lo trovano. Il Signore resiste ai superbi e si rivela agli umili.<\/p>\n<p>Inoltre, chi vive di umilt\u00e0 \u00e8 pieno di Dio ed \u00e8 ricco di vanit\u00e0 e di grandezza umana, che, viste dalla fede, sono spesso ostacoli alla sequela autentica di Ges\u00f9 Cristo.<\/p>\n<p>La Parola ci invita a non percorrere la strada dell\u2019<em>amicizia con il mondo<\/em>, che \u00e8 <em>inimicizia con Dio<\/em>. Non percorrere la strada dell\u2019<em>ambizione<\/em> o dell\u2019<em>invidia<\/em>, ma quella dell\u2019<em>umilt\u00e0<\/em>. Per scoprire che, al cielo, si sale, si <em>scende<\/em>.<\/p>\n<p>Cos\u00ec ha fatto Ges\u00f9,<em> il quale, da ricco che era, si \u00e8 fatto povero per voi affinch\u00e9 voi diventaste ricchi con la sua povert\u00e0 (cfr 2 Cor 8,9). Chi vuole essere grande tra voi, sia vostro servitore; e chi vuole essere il primo, sia schiavo di tutti. Perch\u00e9 il Figlio dell&#8217;uomo non \u00e8 venuto per essere servito, ma per servire e dare la sua vita in riscatto per molti<\/em>.<\/p>\n<p>E se vuoi incontrare Ges\u00f9, devi andare all&#8217;<em>ultimo posto<\/em>. Perch\u00e9 c&#8217;\u00e8 Ges\u00f9. Nascosto nella mangiatoia di Betlemme&#8230; nascosto nell&#8217;umiliazione della Croce. E l&#8217;incontro con Ges\u00f9 riempir\u00e0 la tua vita.<\/p>\n<p>Perci\u00f2 <em>chi vuole essere il primo, sia l&#8217;ultimo di tutti e il servitore di tutti<\/em>.<\/p>\n<p>La Parola di Dio invita a fuggire da ogni ipocrisia sociale, dal voler occupare i primi posti nella societ\u00e0 o nella Chiesa, dal voler fare bella figura davanti a tutti, dal voler fingere, dal voler essere tra i potenti, dal voler avere &#8220;prestigio sociale&#8221;. Tutto questo \u00e8 frutto di orgoglio e arroganza, e Dio ti vuole piccolo, umile, disponibile, dedito&#8230; Perch\u00e9 Dio ti vuole <em>felice<\/em>. Si tratta di vedere le cose da Dio e non dagli uomini.<\/p>\n<p>L&#8217;umile \u00e8 il <em>terreno buono<\/em> in cui il seme della Parola di Dio pu\u00f2 mettere radici e portare molto frutto. Come va il tuo cuore? Quali sono i tuoi desideri, le tue ambizioni? Dov\u2019\u00e8 il centro delle tue preoccupazioni? Dove metti il \u200b\u200btuo interesse, il tuo tempo&#8230;?<\/p>\n<p>Quanto sei umile? Chiedete allo Spirito Santo un cuore mite e umile, come quello di Ges\u00f9.<\/p>\n<p><em>Vieni Spirito Santo!<\/em> (cfr Lc 11,13).<\/p>\n","protected":false},"excerpt":{"rendered":"<p>Domenica 20 ottobre 2024<\/p>\n","protected":false},"author":20,"featured_media":111042,"comment_status":"closed","ping_status":"closed","sticky":false,"template":"","format":"standard","meta":{"_acf_changed":false,"_crdt_document":"","inline_featured_image":false,"footnotes":""},"categories":[73,95],"tags":[10807,10007,4952,706],"class_list":["post-111059","post","type-post","status-publish","format-standard","has-post-thumbnail","hentry","category-chiesa-e-mondo","category-spiritualita","tag-commento","tag-jorge-miro-2","tag-trending-it","tag-vangelo"],"acf":[],"yoast_head":"<!-- This site is optimized with the Yoast SEO plugin v27.5 - https:\/\/yoast.com\/product\/yoast-seo-wordpress\/ -->\n<title>Il Figlio dell&#039;Uomo \u00e8 venuto a dare la sua vita in riscatto per tutti: Commento di p. Jorge Mir\u00f3 &#8211; Exaudi<\/title>\n<meta name=\"robots\" content=\"index, follow, max-snippet:-1, max-image-preview:large, max-video-preview:-1\" \/>\n<link rel=\"canonical\" href=\"https:\/\/exaudi.org\/it\/il-figlio-delluomo-e-venuto-a-dare-la-sua-vita-in-riscatto-per-tutti-commento-di-p-jorge-miro\/\" \/>\n<meta property=\"og:locale\" content=\"it_IT\" \/>\n<meta property=\"og:type\" content=\"article\" \/>\n<meta property=\"og:title\" content=\"Il Figlio dell&#039;Uomo \u00e8 venuto a dare la sua vita in riscatto per tutti: Commento di p. Jorge Mir\u00f3 &#8211; Exaudi\" \/>\n<meta property=\"og:description\" content=\"Domenica 20 ottobre 2024\" \/>\n<meta property=\"og:url\" content=\"https:\/\/exaudi.org\/it\/il-figlio-delluomo-e-venuto-a-dare-la-sua-vita-in-riscatto-per-tutti-commento-di-p-jorge-miro\/\" \/>\n<meta property=\"og:site_name\" content=\"Exaudi\" \/>\n<meta property=\"article:publisher\" content=\"https:\/\/www.facebook.com\/ExaudiNews\" \/>\n<meta property=\"article:published_time\" content=\"2024-10-19T17:11:15+00:00\" \/>\n<meta property=\"article:modified_time\" content=\"2024-10-19T17:37:40+00:00\" \/>\n<meta property=\"og:image\" content=\"https:\/\/exaudi.org\/wp-content\/uploads\/2024\/10\/pexels-suissounet-2101187-scaled.jpg\" \/>\n\t<meta property=\"og:image:width\" content=\"2560\" \/>\n\t<meta property=\"og:image:height\" content=\"1732\" \/>\n\t<meta property=\"og:image:type\" content=\"image\/jpeg\" \/>\n<meta name=\"author\" content=\"Jorge Mir\u00f3\" \/>\n<meta name=\"twitter:card\" content=\"summary_large_image\" \/>\n<meta name=\"twitter:creator\" content=\"@Exaudi_News\" \/>\n<meta name=\"twitter:site\" content=\"@Exaudi_News\" \/>\n<meta name=\"twitter:label1\" content=\"Scritto da\" \/>\n\t<meta name=\"twitter:data1\" content=\"Jorge Mir\u00f3\" \/>\n\t<meta name=\"twitter:label2\" content=\"Tempo di lettura stimato\" \/>\n\t<meta name=\"twitter:data2\" content=\"2 minuti\" \/>\n<script type=\"application\/ld+json\" class=\"yoast-schema-graph\">{\"@context\":\"https:\\\/\\\/schema.org\",\"@graph\":[{\"@type\":\"Article\",\"@id\":\"https:\\\/\\\/exaudi.org\\\/it\\\/il-figlio-delluomo-e-venuto-a-dare-la-sua-vita-in-riscatto-per-tutti-commento-di-p-jorge-miro\\\/#article\",\"isPartOf\":{\"@id\":\"https:\\\/\\\/exaudi.org\\\/it\\\/il-figlio-delluomo-e-venuto-a-dare-la-sua-vita-in-riscatto-per-tutti-commento-di-p-jorge-miro\\\/\"},\"author\":{\"name\":\"Jorge Mir\u00f3\",\"@id\":\"https:\\\/\\\/exaudi.org\\\/#\\\/schema\\\/person\\\/a258c56b05e63b2b367bdca29e0ed3e3\"},\"headline\":\"Il Figlio dell&#8217;Uomo \u00e8 venuto a dare la sua vita in riscatto per tutti: Commento di p. Jorge Mir\u00f3\",\"datePublished\":\"2024-10-19T17:11:15+00:00\",\"dateModified\":\"2024-10-19T17:37:40+00:00\",\"mainEntityOfPage\":{\"@id\":\"https:\\\/\\\/exaudi.org\\\/it\\\/il-figlio-delluomo-e-venuto-a-dare-la-sua-vita-in-riscatto-per-tutti-commento-di-p-jorge-miro\\\/\"},\"wordCount\":515,\"image\":{\"@id\":\"https:\\\/\\\/exaudi.org\\\/it\\\/il-figlio-delluomo-e-venuto-a-dare-la-sua-vita-in-riscatto-per-tutti-commento-di-p-jorge-miro\\\/#primaryimage\"},\"thumbnailUrl\":\"https:\\\/\\\/exaudi.org\\\/wp-content\\\/uploads\\\/2024\\\/10\\\/pexels-suissounet-2101187-scaled.jpg\",\"keywords\":[\"Commento\",\"Jorge Mir\u00f3\",\"Trending\",\"Vangelo\"],\"articleSection\":[\"Chiesa e Mondo\",\"Spiritualit\u00e0\"],\"inLanguage\":\"it-IT\"},{\"@type\":\"WebPage\",\"@id\":\"https:\\\/\\\/exaudi.org\\\/it\\\/il-figlio-delluomo-e-venuto-a-dare-la-sua-vita-in-riscatto-per-tutti-commento-di-p-jorge-miro\\\/\",\"url\":\"https:\\\/\\\/exaudi.org\\\/it\\\/il-figlio-delluomo-e-venuto-a-dare-la-sua-vita-in-riscatto-per-tutti-commento-di-p-jorge-miro\\\/\",\"name\":\"Il Figlio dell'Uomo \u00e8 venuto a dare la sua vita in riscatto per tutti: Commento di p. Jorge Mir\u00f3 &#8211; Exaudi\",\"isPartOf\":{\"@id\":\"https:\\\/\\\/exaudi.org\\\/#website\"},\"primaryImageOfPage\":{\"@id\":\"https:\\\/\\\/exaudi.org\\\/it\\\/il-figlio-delluomo-e-venuto-a-dare-la-sua-vita-in-riscatto-per-tutti-commento-di-p-jorge-miro\\\/#primaryimage\"},\"image\":{\"@id\":\"https:\\\/\\\/exaudi.org\\\/it\\\/il-figlio-delluomo-e-venuto-a-dare-la-sua-vita-in-riscatto-per-tutti-commento-di-p-jorge-miro\\\/#primaryimage\"},\"thumbnailUrl\":\"https:\\\/\\\/exaudi.org\\\/wp-content\\\/uploads\\\/2024\\\/10\\\/pexels-suissounet-2101187-scaled.jpg\",\"datePublished\":\"2024-10-19T17:11:15+00:00\",\"dateModified\":\"2024-10-19T17:37:40+00:00\",\"author\":{\"@id\":\"https:\\\/\\\/exaudi.org\\\/#\\\/schema\\\/person\\\/a258c56b05e63b2b367bdca29e0ed3e3\"},\"breadcrumb\":{\"@id\":\"https:\\\/\\\/exaudi.org\\\/it\\\/il-figlio-delluomo-e-venuto-a-dare-la-sua-vita-in-riscatto-per-tutti-commento-di-p-jorge-miro\\\/#breadcrumb\"},\"inLanguage\":\"it-IT\",\"potentialAction\":[{\"@type\":\"ReadAction\",\"target\":[\"https:\\\/\\\/exaudi.org\\\/it\\\/il-figlio-delluomo-e-venuto-a-dare-la-sua-vita-in-riscatto-per-tutti-commento-di-p-jorge-miro\\\/\"]}]},{\"@type\":\"ImageObject\",\"inLanguage\":\"it-IT\",\"@id\":\"https:\\\/\\\/exaudi.org\\\/it\\\/il-figlio-delluomo-e-venuto-a-dare-la-sua-vita-in-riscatto-per-tutti-commento-di-p-jorge-miro\\\/#primaryimage\",\"url\":\"https:\\\/\\\/exaudi.org\\\/wp-content\\\/uploads\\\/2024\\\/10\\\/pexels-suissounet-2101187-scaled.jpg\",\"contentUrl\":\"https:\\\/\\\/exaudi.org\\\/wp-content\\\/uploads\\\/2024\\\/10\\\/pexels-suissounet-2101187-scaled.jpg\",\"width\":2560,\"height\":1732},{\"@type\":\"BreadcrumbList\",\"@id\":\"https:\\\/\\\/exaudi.org\\\/it\\\/il-figlio-delluomo-e-venuto-a-dare-la-sua-vita-in-riscatto-per-tutti-commento-di-p-jorge-miro\\\/#breadcrumb\",\"itemListElement\":[{\"@type\":\"ListItem\",\"position\":1,\"name\":\"Portada\",\"item\":\"https:\\\/\\\/exaudi.org\\\/it\\\/\"},{\"@type\":\"ListItem\",\"position\":2,\"name\":\"Il Figlio dell&#8217;Uomo \u00e8 venuto a dare la sua vita in riscatto per tutti: Commento di p. Jorge Mir\u00f3\"}]},{\"@type\":\"WebSite\",\"@id\":\"https:\\\/\\\/exaudi.org\\\/#website\",\"url\":\"https:\\\/\\\/exaudi.org\\\/\",\"name\":\"Exaudi\",\"description\":\"News\",\"potentialAction\":[{\"@type\":\"SearchAction\",\"target\":{\"@type\":\"EntryPoint\",\"urlTemplate\":\"https:\\\/\\\/exaudi.org\\\/?s={search_term_string}\"},\"query-input\":{\"@type\":\"PropertyValueSpecification\",\"valueRequired\":true,\"valueName\":\"search_term_string\"}}],\"inLanguage\":\"it-IT\"},{\"@type\":\"Person\",\"@id\":\"https:\\\/\\\/exaudi.org\\\/#\\\/schema\\\/person\\\/a258c56b05e63b2b367bdca29e0ed3e3\",\"name\":\"Jorge Mir\u00f3\",\"image\":{\"@type\":\"ImageObject\",\"inLanguage\":\"it-IT\",\"@id\":\"https:\\\/\\\/secure.gravatar.com\\\/avatar\\\/f5ea26c436669b01b7b02124bf13596df002525d6f392707d301543be365bd44?s=96&d=mm&r=g\",\"url\":\"https:\\\/\\\/secure.gravatar.com\\\/avatar\\\/f5ea26c436669b01b7b02124bf13596df002525d6f392707d301543be365bd44?s=96&d=mm&r=g\",\"contentUrl\":\"https:\\\/\\\/secure.gravatar.com\\\/avatar\\\/f5ea26c436669b01b7b02124bf13596df002525d6f392707d301543be365bd44?s=96&d=mm&r=g\",\"caption\":\"Jorge Mir\u00f3\"},\"description\":\"Sacerdote de la archidi\u00f3cesis de Valencia y profesor en la Facultad de Ciencias Jur\u00eddicas, Econ\u00f3micas y Sociales de la Universidad Cat\u00f3lica de Valencia\",\"url\":\"https:\\\/\\\/exaudi.org\\\/it\\\/author\\\/jorgemiro\\\/\"}]}<\/script>\n<!-- \/ Yoast SEO plugin. -->","yoast_head_json":{"title":"Il Figlio dell'Uomo \u00e8 venuto a dare la sua vita in riscatto per tutti: Commento di p. Jorge Mir\u00f3 &#8211; Exaudi","robots":{"index":"index","follow":"follow","max-snippet":"max-snippet:-1","max-image-preview":"max-image-preview:large","max-video-preview":"max-video-preview:-1"},"canonical":"https:\/\/exaudi.org\/it\/il-figlio-delluomo-e-venuto-a-dare-la-sua-vita-in-riscatto-per-tutti-commento-di-p-jorge-miro\/","og_locale":"it_IT","og_type":"article","og_title":"Il Figlio dell'Uomo \u00e8 venuto a dare la sua vita in riscatto per tutti: Commento di p. Jorge Mir\u00f3 &#8211; Exaudi","og_description":"Domenica 20 ottobre 2024","og_url":"https:\/\/exaudi.org\/it\/il-figlio-delluomo-e-venuto-a-dare-la-sua-vita-in-riscatto-per-tutti-commento-di-p-jorge-miro\/","og_site_name":"Exaudi","article_publisher":"https:\/\/www.facebook.com\/ExaudiNews","article_published_time":"2024-10-19T17:11:15+00:00","article_modified_time":"2024-10-19T17:37:40+00:00","og_image":[{"width":2560,"height":1732,"url":"https:\/\/exaudi.org\/wp-content\/uploads\/2024\/10\/pexels-suissounet-2101187-scaled.jpg","type":"image\/jpeg"}],"author":"Jorge Mir\u00f3","twitter_card":"summary_large_image","twitter_creator":"@Exaudi_News","twitter_site":"@Exaudi_News","twitter_misc":{"Scritto da":"Jorge Mir\u00f3","Tempo di lettura stimato":"2 minuti"},"schema":{"@context":"https:\/\/schema.org","@graph":[{"@type":"Article","@id":"https:\/\/exaudi.org\/it\/il-figlio-delluomo-e-venuto-a-dare-la-sua-vita-in-riscatto-per-tutti-commento-di-p-jorge-miro\/#article","isPartOf":{"@id":"https:\/\/exaudi.org\/it\/il-figlio-delluomo-e-venuto-a-dare-la-sua-vita-in-riscatto-per-tutti-commento-di-p-jorge-miro\/"},"author":{"name":"Jorge Mir\u00f3","@id":"https:\/\/exaudi.org\/#\/schema\/person\/a258c56b05e63b2b367bdca29e0ed3e3"},"headline":"Il Figlio dell&#8217;Uomo \u00e8 venuto a dare la sua vita in riscatto per tutti: Commento di p. Jorge Mir\u00f3","datePublished":"2024-10-19T17:11:15+00:00","dateModified":"2024-10-19T17:37:40+00:00","mainEntityOfPage":{"@id":"https:\/\/exaudi.org\/it\/il-figlio-delluomo-e-venuto-a-dare-la-sua-vita-in-riscatto-per-tutti-commento-di-p-jorge-miro\/"},"wordCount":515,"image":{"@id":"https:\/\/exaudi.org\/it\/il-figlio-delluomo-e-venuto-a-dare-la-sua-vita-in-riscatto-per-tutti-commento-di-p-jorge-miro\/#primaryimage"},"thumbnailUrl":"https:\/\/exaudi.org\/wp-content\/uploads\/2024\/10\/pexels-suissounet-2101187-scaled.jpg","keywords":["Commento","Jorge Mir\u00f3","Trending","Vangelo"],"articleSection":["Chiesa e Mondo","Spiritualit\u00e0"],"inLanguage":"it-IT"},{"@type":"WebPage","@id":"https:\/\/exaudi.org\/it\/il-figlio-delluomo-e-venuto-a-dare-la-sua-vita-in-riscatto-per-tutti-commento-di-p-jorge-miro\/","url":"https:\/\/exaudi.org\/it\/il-figlio-delluomo-e-venuto-a-dare-la-sua-vita-in-riscatto-per-tutti-commento-di-p-jorge-miro\/","name":"Il Figlio dell'Uomo \u00e8 venuto a dare la sua vita in riscatto per tutti: Commento di p. Jorge Mir\u00f3 &#8211; Exaudi","isPartOf":{"@id":"https:\/\/exaudi.org\/#website"},"primaryImageOfPage":{"@id":"https:\/\/exaudi.org\/it\/il-figlio-delluomo-e-venuto-a-dare-la-sua-vita-in-riscatto-per-tutti-commento-di-p-jorge-miro\/#primaryimage"},"image":{"@id":"https:\/\/exaudi.org\/it\/il-figlio-delluomo-e-venuto-a-dare-la-sua-vita-in-riscatto-per-tutti-commento-di-p-jorge-miro\/#primaryimage"},"thumbnailUrl":"https:\/\/exaudi.org\/wp-content\/uploads\/2024\/10\/pexels-suissounet-2101187-scaled.jpg","datePublished":"2024-10-19T17:11:15+00:00","dateModified":"2024-10-19T17:37:40+00:00","author":{"@id":"https:\/\/exaudi.org\/#\/schema\/person\/a258c56b05e63b2b367bdca29e0ed3e3"},"breadcrumb":{"@id":"https:\/\/exaudi.org\/it\/il-figlio-delluomo-e-venuto-a-dare-la-sua-vita-in-riscatto-per-tutti-commento-di-p-jorge-miro\/#breadcrumb"},"inLanguage":"it-IT","potentialAction":[{"@type":"ReadAction","target":["https:\/\/exaudi.org\/it\/il-figlio-delluomo-e-venuto-a-dare-la-sua-vita-in-riscatto-per-tutti-commento-di-p-jorge-miro\/"]}]},{"@type":"ImageObject","inLanguage":"it-IT","@id":"https:\/\/exaudi.org\/it\/il-figlio-delluomo-e-venuto-a-dare-la-sua-vita-in-riscatto-per-tutti-commento-di-p-jorge-miro\/#primaryimage","url":"https:\/\/exaudi.org\/wp-content\/uploads\/2024\/10\/pexels-suissounet-2101187-scaled.jpg","contentUrl":"https:\/\/exaudi.org\/wp-content\/uploads\/2024\/10\/pexels-suissounet-2101187-scaled.jpg","width":2560,"height":1732},{"@type":"BreadcrumbList","@id":"https:\/\/exaudi.org\/it\/il-figlio-delluomo-e-venuto-a-dare-la-sua-vita-in-riscatto-per-tutti-commento-di-p-jorge-miro\/#breadcrumb","itemListElement":[{"@type":"ListItem","position":1,"name":"Portada","item":"https:\/\/exaudi.org\/it\/"},{"@type":"ListItem","position":2,"name":"Il Figlio dell&#8217;Uomo \u00e8 venuto a dare la sua vita in riscatto per tutti: Commento di p. Jorge Mir\u00f3"}]},{"@type":"WebSite","@id":"https:\/\/exaudi.org\/#website","url":"https:\/\/exaudi.org\/","name":"Exaudi","description":"News","potentialAction":[{"@type":"SearchAction","target":{"@type":"EntryPoint","urlTemplate":"https:\/\/exaudi.org\/?s={search_term_string}"},"query-input":{"@type":"PropertyValueSpecification","valueRequired":true,"valueName":"search_term_string"}}],"inLanguage":"it-IT"},{"@type":"Person","@id":"https:\/\/exaudi.org\/#\/schema\/person\/a258c56b05e63b2b367bdca29e0ed3e3","name":"Jorge Mir\u00f3","image":{"@type":"ImageObject","inLanguage":"it-IT","@id":"https:\/\/secure.gravatar.com\/avatar\/f5ea26c436669b01b7b02124bf13596df002525d6f392707d301543be365bd44?s=96&d=mm&r=g","url":"https:\/\/secure.gravatar.com\/avatar\/f5ea26c436669b01b7b02124bf13596df002525d6f392707d301543be365bd44?s=96&d=mm&r=g","contentUrl":"https:\/\/secure.gravatar.com\/avatar\/f5ea26c436669b01b7b02124bf13596df002525d6f392707d301543be365bd44?s=96&d=mm&r=g","caption":"Jorge Mir\u00f3"},"description":"Sacerdote de la archidi\u00f3cesis de Valencia y profesor en la Facultad de Ciencias Jur\u00eddicas, Econ\u00f3micas y Sociales de la Universidad Cat\u00f3lica de Valencia","url":"https:\/\/exaudi.org\/it\/author\/jorgemiro\/"}]}},"jetpack_featured_media_url":"https:\/\/exaudi.org\/wp-content\/uploads\/2024\/10\/pexels-suissounet-2101187-scaled.jpg","jetpack_shortlink":"https:\/\/wp.me\/pgKjF2-sTh","_links":{"self":[{"href":"https:\/\/exaudi.org\/it\/wp-json\/wp\/v2\/posts\/111059","targetHints":{"allow":["GET"]}}],"collection":[{"href":"https:\/\/exaudi.org\/it\/wp-json\/wp\/v2\/posts"}],"about":[{"href":"https:\/\/exaudi.org\/it\/wp-json\/wp\/v2\/types\/post"}],"author":[{"embeddable":true,"href":"https:\/\/exaudi.org\/it\/wp-json\/wp\/v2\/users\/20"}],"replies":[{"embeddable":true,"href":"https:\/\/exaudi.org\/it\/wp-json\/wp\/v2\/comments?post=111059"}],"version-history":[{"count":0,"href":"https:\/\/exaudi.org\/it\/wp-json\/wp\/v2\/posts\/111059\/revisions"}],"wp:featuredmedia":[{"embeddable":true,"href":"https:\/\/exaudi.org\/it\/wp-json\/wp\/v2\/media\/111042"}],"wp:attachment":[{"href":"https:\/\/exaudi.org\/it\/wp-json\/wp\/v2\/media?parent=111059"}],"wp:term":[{"taxonomy":"category","embeddable":true,"href":"https:\/\/exaudi.org\/it\/wp-json\/wp\/v2\/categories?post=111059"},{"taxonomy":"post_tag","embeddable":true,"href":"https:\/\/exaudi.org\/it\/wp-json\/wp\/v2\/tags?post=111059"}],"curies":[{"name":"wp","href":"https:\/\/api.w.org\/{rel}","templated":true}]}}