{"id":110541,"date":"2024-10-11T08:45:57","date_gmt":"2024-10-11T06:45:57","guid":{"rendered":"https:\/\/exaudi.org\/?p=110541"},"modified":"2024-10-10T20:21:10","modified_gmt":"2024-10-10T18:21:10","slug":"restauro-del-baldacchino-e-della-cattedra-di-san-pietro-un-ritorno-allo-splendore","status":"publish","type":"post","link":"https:\/\/exaudi.org\/it\/restauro-del-baldacchino-e-della-cattedra-di-san-pietro-un-ritorno-allo-splendore\/","title":{"rendered":"Restauro del Baldacchino e della Cattedra di San Pietro: Un ritorno allo splendore"},"content":{"rendered":"<p>Stanno per essere rimosse le impalcature che da nove mesi ricoprono il Baldacchino del Bernini nella Basilica di San Pietro. Il restauro di questo capolavoro barocco culminer\u00e0 il 27 ottobre, durante la messa di chiusura del Sinodo, presieduta da Papa Francesco. In occasione della cerimonia verr\u00e0 temporaneamente esposta anche l&#8217;antica sede di epoca carolingia della Cattedrale, rimossa durante i restauri previsti fino a novembre.<\/p>\n<h3><strong>La rinascita del Baldacchino<\/strong><\/h3>\n<p>Il Baldacchino di San Pietro ritrova il suo splendore mentre si avvicina la cerimonia eucaristica che segner\u00e0 la fine del Sinodo. Il cardinale Mauro Gambetti, arciprete della Basilica, ha sottolineato il significato di questa data, ricordando che il 27 ottobre 1986 si svolse ad Assisi lo storico incontro interreligioso per la pace, promosso da Giovanni Paolo II. &#8220;Papa Francesco ha visitato l&#8217;opera e l&#8217;ha apprezzata moltissimo&#8221;, ha detto Gambetti, che ha anche commentato l&#8217;auspicio che questo restauro ispiri una rinascita spirituale: &#8220;Dovremmo pensare a un restauro del nostro cuore e della nostra interiorit\u00e0, perch\u00e9 spesso ci perdiamo in superficiale e dimentichiamo ci\u00f2 che \u00e8 essenziale: l&#8217;amore.<\/p>\n<h3><strong><img loading=\"lazy\" decoding=\"async\" class=\"size-medium wp-image-110460 alignleft\" src=\"https:\/\/exaudi.org\/wp-content\/uploads\/2024\/10\/cq5dam.thumbnail.cropped.750.422-6-1-300x169.jpeg\" alt=\"\" width=\"300\" height=\"169\" srcset=\"https:\/\/exaudi.org\/wp-content\/uploads\/2024\/10\/cq5dam.thumbnail.cropped.750.422-6-1-300x169.jpeg 300w, https:\/\/exaudi.org\/wp-content\/uploads\/2024\/10\/cq5dam.thumbnail.cropped.750.422-6-1-500x281.jpeg 500w, https:\/\/exaudi.org\/wp-content\/uploads\/2024\/10\/cq5dam.thumbnail.cropped.750.422-6-1-293x165.jpeg 293w, https:\/\/exaudi.org\/wp-content\/uploads\/2024\/10\/cq5dam.thumbnail.cropped.750.422-6-1-390x219.jpeg 390w, https:\/\/exaudi.org\/wp-content\/uploads\/2024\/10\/cq5dam.thumbnail.cropped.750.422-6-1.jpeg 750w\" sizes=\"auto, (max-width: 300px) 100vw, 300px\" \/>Preparativi per il Giubileo<\/strong><\/h3>\n<p>Padre Enzo Fortunato, Direttore della Comunicazione della Basilica, ha paragonato il restauro ai preparativi per un matrimonio di famiglia, dove tutto viene pulito e rinnovato. In questo senso ha sottolineato gli interventi realizzati nella Basilica in vista del prossimo Giubileo, come l&#8217;installazione di un nuovo vetro protettivo per la Piet\u00e0 di Michelangelo.<\/p>\n<h3><strong>Un&#8217;opera monumentale del Bernini<\/strong><\/h3>\n<p>Il Baldacchino, che si eleva quasi 29 metri su quattro colonne tortili, \u00e8 un monumento in bronzo dorato progettato da Gian Lorenzo Bernini tra il 1624 e il 1635. L&#8217;ultimo restauro significativo ebbe luogo nel 1758, dove una squadra di circa 60 operai collabor\u00f2 per tre mesi al restauro il suo splendore. Tuttavia, nel corso degli anni, uno strato di polvere ne aveva offuscato lo splendore. L&#8217;ingegnere Alberto Capitanucci, responsabile dell&#8217;area tecnica della Fabbrica San Pedro, ha evidenziato la complessit\u00e0 del trattamento che \u00e8 stato dato al bronzo, ottenendo un risultato di grande leggerezza e profondit\u00e0.<\/p>\n<h3><strong>Un lavoro di squadra<\/strong><\/h3>\n<p>Il restauro \u00e8 stato un lavoro congiunto che ha coinvolto tecnici, restauratori, storici dell&#8217;arte e ingegneri, che hanno lavorato a stretto contatto con l&#8217;Ufficio Ricerche Scientifiche dei Musei Vaticani per selezionare i materiali pi\u00f9 idonei. &#8220;\u00c8 stato un lavoro corale, dove ognuno ha contribuito con le proprie specifiche conoscenze&#8221;, ha affermato il ristoratore Giuseppe Mantella, sottolineando l&#8217;importanza di ogni fase della lavorazione.<\/p>\n<h3><strong><img loading=\"lazy\" decoding=\"async\" class=\"size-medium wp-image-110463 alignright\" src=\"https:\/\/exaudi.org\/wp-content\/uploads\/2024\/10\/cq5dam.thumbnail.cropped.750.422-5-1-300x169.jpeg\" alt=\"\" width=\"300\" height=\"169\" srcset=\"https:\/\/exaudi.org\/wp-content\/uploads\/2024\/10\/cq5dam.thumbnail.cropped.750.422-5-1-300x169.jpeg 300w, https:\/\/exaudi.org\/wp-content\/uploads\/2024\/10\/cq5dam.thumbnail.cropped.750.422-5-1-500x281.jpeg 500w, https:\/\/exaudi.org\/wp-content\/uploads\/2024\/10\/cq5dam.thumbnail.cropped.750.422-5-1-293x165.jpeg 293w, https:\/\/exaudi.org\/wp-content\/uploads\/2024\/10\/cq5dam.thumbnail.cropped.750.422-5-1-390x219.jpeg 390w, https:\/\/exaudi.org\/wp-content\/uploads\/2024\/10\/cq5dam.thumbnail.cropped.750.422-5-1.jpeg 750w\" sizes=\"auto, (max-width: 300px) 100vw, 300px\" \/>Tracce di storia<\/strong><\/h3>\n<p>Durante il recente press tour del ponteggio, i partecipanti hanno potuto vedere da vicino i risultati del restauro, compresi i raffinati dettagli degli angeli e la brillantezza degli elementi decorativi disegnati dal Bernini. Durante i lavori sono stati rinvenuti interessanti resti, come graffiti e firme di ex restauratori, oltre alla suola di una scarpa di un bambino che potrebbe aver imparato il mestiere dal padre.<\/p>\n<h3><strong>Restauro della Cattedra di San Pietro<\/strong><\/h3>\n<p>L&#8217;esperienza acquisita nel restauro del Baldacchino ha facilitato l&#8217;inizio del restauro della Cattedra di San Pietro, anch&#8217;esso opera del Bernini, eseguito nel 1666. Tale impalcatura sar\u00e0 smantellata nel mese di novembre. L&#8217;antico sedile in legno, noto come Cathedra Sancti Petri Apostoli, \u00e8 stato temporaneamente rimosso per essere mostrato a Papa Francesco e sar\u00e0 esposto al pubblico il 27 ottobre, prima di tornare nella sua collocazione originaria.<\/p>\n<h3><strong><img loading=\"lazy\" decoding=\"async\" class=\"size-medium wp-image-110470 alignleft\" src=\"https:\/\/exaudi.org\/wp-content\/uploads\/2024\/10\/cq5dam.thumbnail.cropped.750.422-3-3-300x169.jpeg\" alt=\"\" width=\"300\" height=\"169\" srcset=\"https:\/\/exaudi.org\/wp-content\/uploads\/2024\/10\/cq5dam.thumbnail.cropped.750.422-3-3-300x169.jpeg 300w, https:\/\/exaudi.org\/wp-content\/uploads\/2024\/10\/cq5dam.thumbnail.cropped.750.422-3-3-500x281.jpeg 500w, https:\/\/exaudi.org\/wp-content\/uploads\/2024\/10\/cq5dam.thumbnail.cropped.750.422-3-3-293x165.jpeg 293w, https:\/\/exaudi.org\/wp-content\/uploads\/2024\/10\/cq5dam.thumbnail.cropped.750.422-3-3-390x219.jpeg 390w, https:\/\/exaudi.org\/wp-content\/uploads\/2024\/10\/cq5dam.thumbnail.cropped.750.422-3-3.jpeg 750w\" sizes=\"auto, (max-width: 300px) 100vw, 300px\" \/>Un tesoro storico<\/strong><\/h3>\n<p>Quest&#8217;antica sede, rimasta intatta dal monumento per 50 anni, risale all&#8217;epoca carolingia e presenta un fregio in avorio raffigurante l&#8217;imperatore Carlo il Calvo, incoronato dagli angeli nell&#8217;875 nella Basilica di San Pietro. Sono in corso ricerche per valutarne lo stato di conservazione e potrebbero rivelare nuovi dettagli sulla sua storia. &#8220;\u00c8 possibile che questa sede contenga elementi ancora pi\u00f9 antichi che simboleggiano il primato del Papa nella Chiesa universale&#8221;, ha concluso Pietro Zander, responsabile della Sezione Necropoli e Beni Artistici della Fabbrica di San Pietro.<\/p>\n","protected":false},"excerpt":{"rendered":"<p>Le impalcature che coprivano il Baldacchino del Bernini nella Basilica di San Pietro verranno rimosse, segnando l&#8217;inizio di una nuova era per queste iconiche opere d&#8217;arte<\/p>\n","protected":false},"author":17,"featured_media":110466,"comment_status":"closed","ping_status":"closed","sticky":false,"template":"","format":"standard","meta":{"_acf_changed":false,"_crdt_document":"","inline_featured_image":false,"footnotes":""},"categories":[131],"tags":[27656,4557,27657,7103,1384,27658,10803,27659,251,27660,27661,12064,27662,1107,483,5522,4670,4952,266],"class_list":["post-110541","post","type-post","status-publish","format-standard","has-post-thumbnail","hentry","category-vaticano","tag-arte-barocca","tag-assisi-it","tag-baldacchino-di-san-pietro","tag-basilica-di-san-pietro","tag-eucaristia","tag-gian-lorenzo-bernini-2","tag-interreligioso","tag-opere-darte-giubilari","tag-papa-francesco","tag-patrimonio-artistico-2","tag-patrimonio-culturale","tag-restauro","tag-restauro-arte","tag-sinodo","tag-speranza","tag-spiritualita","tag-storia","tag-trending-it","tag-vaticano"],"acf":[],"yoast_head":"<!-- This site is optimized with the Yoast SEO plugin v27.5 - https:\/\/yoast.com\/product\/yoast-seo-wordpress\/ -->\n<title>Restauro del Baldacchino e della Cattedra di San Pietro: Un ritorno allo splendore &#8211; Exaudi<\/title>\n<meta name=\"robots\" content=\"index, follow, max-snippet:-1, max-image-preview:large, max-video-preview:-1\" \/>\n<link rel=\"canonical\" href=\"https:\/\/exaudi.org\/it\/restauro-del-baldacchino-e-della-cattedra-di-san-pietro-un-ritorno-allo-splendore\/\" \/>\n<meta property=\"og:locale\" content=\"it_IT\" \/>\n<meta property=\"og:type\" content=\"article\" \/>\n<meta property=\"og:title\" content=\"Restauro del Baldacchino e della Cattedra di San Pietro: Un ritorno allo splendore &#8211; Exaudi\" \/>\n<meta property=\"og:description\" content=\"Le impalcature che coprivano il Baldacchino del Bernini nella Basilica di San Pietro verranno rimosse, segnando l&#039;inizio di una nuova era per queste iconiche opere d&#039;arte\" \/>\n<meta property=\"og:url\" content=\"https:\/\/exaudi.org\/it\/restauro-del-baldacchino-e-della-cattedra-di-san-pietro-un-ritorno-allo-splendore\/\" \/>\n<meta property=\"og:site_name\" content=\"Exaudi\" \/>\n<meta property=\"article:publisher\" content=\"https:\/\/www.facebook.com\/ExaudiNews\" \/>\n<meta property=\"article:author\" content=\"https:\/\/www.facebook.com\/ExaudiNotizie\/\" \/>\n<meta property=\"article:published_time\" content=\"2024-10-11T06:45:57+00:00\" \/>\n<meta property=\"og:image\" content=\"https:\/\/exaudi.org\/wp-content\/uploads\/2024\/10\/cq5dam.thumbnail.cropped.750.422-4-1.jpeg\" \/>\n\t<meta property=\"og:image:width\" content=\"750\" \/>\n\t<meta property=\"og:image:height\" content=\"422\" \/>\n\t<meta property=\"og:image:type\" content=\"image\/jpeg\" \/>\n<meta name=\"author\" content=\"Exaudi Redazione\" \/>\n<meta name=\"twitter:card\" content=\"summary_large_image\" \/>\n<meta name=\"twitter:creator\" content=\"@Exaudi_Notizie\" \/>\n<meta name=\"twitter:site\" content=\"@Exaudi_News\" \/>\n<meta name=\"twitter:label1\" content=\"Scritto da\" \/>\n\t<meta name=\"twitter:data1\" content=\"Exaudi Redazione\" \/>\n\t<meta name=\"twitter:label2\" content=\"Tempo di lettura stimato\" \/>\n\t<meta name=\"twitter:data2\" content=\"3 minuti\" \/>\n<script type=\"application\/ld+json\" class=\"yoast-schema-graph\">{\"@context\":\"https:\\\/\\\/schema.org\",\"@graph\":[{\"@type\":\"Article\",\"@id\":\"https:\\\/\\\/exaudi.org\\\/it\\\/restauro-del-baldacchino-e-della-cattedra-di-san-pietro-un-ritorno-allo-splendore\\\/#article\",\"isPartOf\":{\"@id\":\"https:\\\/\\\/exaudi.org\\\/it\\\/restauro-del-baldacchino-e-della-cattedra-di-san-pietro-un-ritorno-allo-splendore\\\/\"},\"author\":{\"name\":\"Exaudi Redazione\",\"@id\":\"https:\\\/\\\/exaudi.org\\\/#\\\/schema\\\/person\\\/e1ab6ed07c01774724dd96f925f3a5f0\"},\"headline\":\"Restauro del Baldacchino e della Cattedra di San Pietro: Un ritorno allo splendore\",\"datePublished\":\"2024-10-11T06:45:57+00:00\",\"mainEntityOfPage\":{\"@id\":\"https:\\\/\\\/exaudi.org\\\/it\\\/restauro-del-baldacchino-e-della-cattedra-di-san-pietro-un-ritorno-allo-splendore\\\/\"},\"wordCount\":639,\"image\":{\"@id\":\"https:\\\/\\\/exaudi.org\\\/it\\\/restauro-del-baldacchino-e-della-cattedra-di-san-pietro-un-ritorno-allo-splendore\\\/#primaryimage\"},\"thumbnailUrl\":\"https:\\\/\\\/exaudi.org\\\/wp-content\\\/uploads\\\/2024\\\/10\\\/cq5dam.thumbnail.cropped.750.422-4-1.jpeg\",\"keywords\":[\"arte barocca\",\"assisi\",\"Baldacchino di San Pietro\",\"Basilica di San Pietro\",\"Eucaristia\",\"Gian Lorenzo Bernini\",\"INTERRELIGIOSO\",\"opere d'arte giubilari\",\"Papa Francesco\",\"patrimonio artistico\",\"patrimonio culturale\",\"restauro\",\"restauro arte\",\"Sinodo\",\"speranza\",\"spiritualit\u00e0\",\"storia\",\"Trending\",\"Vaticano\"],\"articleSection\":[\"Vaticano\"],\"inLanguage\":\"it-IT\"},{\"@type\":\"WebPage\",\"@id\":\"https:\\\/\\\/exaudi.org\\\/it\\\/restauro-del-baldacchino-e-della-cattedra-di-san-pietro-un-ritorno-allo-splendore\\\/\",\"url\":\"https:\\\/\\\/exaudi.org\\\/it\\\/restauro-del-baldacchino-e-della-cattedra-di-san-pietro-un-ritorno-allo-splendore\\\/\",\"name\":\"Restauro del Baldacchino e della Cattedra di San Pietro: Un ritorno allo splendore &#8211; Exaudi\",\"isPartOf\":{\"@id\":\"https:\\\/\\\/exaudi.org\\\/#website\"},\"primaryImageOfPage\":{\"@id\":\"https:\\\/\\\/exaudi.org\\\/it\\\/restauro-del-baldacchino-e-della-cattedra-di-san-pietro-un-ritorno-allo-splendore\\\/#primaryimage\"},\"image\":{\"@id\":\"https:\\\/\\\/exaudi.org\\\/it\\\/restauro-del-baldacchino-e-della-cattedra-di-san-pietro-un-ritorno-allo-splendore\\\/#primaryimage\"},\"thumbnailUrl\":\"https:\\\/\\\/exaudi.org\\\/wp-content\\\/uploads\\\/2024\\\/10\\\/cq5dam.thumbnail.cropped.750.422-4-1.jpeg\",\"datePublished\":\"2024-10-11T06:45:57+00:00\",\"author\":{\"@id\":\"https:\\\/\\\/exaudi.org\\\/#\\\/schema\\\/person\\\/e1ab6ed07c01774724dd96f925f3a5f0\"},\"breadcrumb\":{\"@id\":\"https:\\\/\\\/exaudi.org\\\/it\\\/restauro-del-baldacchino-e-della-cattedra-di-san-pietro-un-ritorno-allo-splendore\\\/#breadcrumb\"},\"inLanguage\":\"it-IT\",\"potentialAction\":[{\"@type\":\"ReadAction\",\"target\":[\"https:\\\/\\\/exaudi.org\\\/it\\\/restauro-del-baldacchino-e-della-cattedra-di-san-pietro-un-ritorno-allo-splendore\\\/\"]}]},{\"@type\":\"ImageObject\",\"inLanguage\":\"it-IT\",\"@id\":\"https:\\\/\\\/exaudi.org\\\/it\\\/restauro-del-baldacchino-e-della-cattedra-di-san-pietro-un-ritorno-allo-splendore\\\/#primaryimage\",\"url\":\"https:\\\/\\\/exaudi.org\\\/wp-content\\\/uploads\\\/2024\\\/10\\\/cq5dam.thumbnail.cropped.750.422-4-1.jpeg\",\"contentUrl\":\"https:\\\/\\\/exaudi.org\\\/wp-content\\\/uploads\\\/2024\\\/10\\\/cq5dam.thumbnail.cropped.750.422-4-1.jpeg\",\"width\":750,\"height\":422},{\"@type\":\"BreadcrumbList\",\"@id\":\"https:\\\/\\\/exaudi.org\\\/it\\\/restauro-del-baldacchino-e-della-cattedra-di-san-pietro-un-ritorno-allo-splendore\\\/#breadcrumb\",\"itemListElement\":[{\"@type\":\"ListItem\",\"position\":1,\"name\":\"Portada\",\"item\":\"https:\\\/\\\/exaudi.org\\\/it\\\/\"},{\"@type\":\"ListItem\",\"position\":2,\"name\":\"Restauro del Baldacchino e della Cattedra di San Pietro: Un ritorno allo splendore\"}]},{\"@type\":\"WebSite\",\"@id\":\"https:\\\/\\\/exaudi.org\\\/#website\",\"url\":\"https:\\\/\\\/exaudi.org\\\/\",\"name\":\"Exaudi\",\"description\":\"News\",\"potentialAction\":[{\"@type\":\"SearchAction\",\"target\":{\"@type\":\"EntryPoint\",\"urlTemplate\":\"https:\\\/\\\/exaudi.org\\\/?s={search_term_string}\"},\"query-input\":{\"@type\":\"PropertyValueSpecification\",\"valueRequired\":true,\"valueName\":\"search_term_string\"}}],\"inLanguage\":\"it-IT\"},{\"@type\":\"Person\",\"@id\":\"https:\\\/\\\/exaudi.org\\\/#\\\/schema\\\/person\\\/e1ab6ed07c01774724dd96f925f3a5f0\",\"name\":\"Exaudi Redazione\",\"image\":{\"@type\":\"ImageObject\",\"inLanguage\":\"it-IT\",\"@id\":\"https:\\\/\\\/secure.gravatar.com\\\/avatar\\\/ad6774b3ada023bf5b939d64f45c94b3adf91502dd883507d469b4308a943bb3?s=96&d=mm&r=g\",\"url\":\"https:\\\/\\\/secure.gravatar.com\\\/avatar\\\/ad6774b3ada023bf5b939d64f45c94b3adf91502dd883507d469b4308a943bb3?s=96&d=mm&r=g\",\"contentUrl\":\"https:\\\/\\\/secure.gravatar.com\\\/avatar\\\/ad6774b3ada023bf5b939d64f45c94b3adf91502dd883507d469b4308a943bb3?s=96&d=mm&r=g\",\"caption\":\"Exaudi Redazione\"},\"description\":\"Che cosa \u00e8 Exaudi News? Exaudi News \u00e8 un agenzia cattolica internazionale che informa, istruisce e trasforma quotidianamente in spagnolo, inglese e italiano. Attraverso notizie, articoli di analisi e trasmissioni in diretta degli eventi del Papa, Exaudi cerca di rafforzare l'unit\u00e0 dei cristiani e di contribuire all'evangelizzazione del mondo, sempre guidato dalla dottrina sociale della Chiesa. Lavoriamo per portare la verit\u00e0 e i valori cristiani in ogni angolo del pianeta. Aiutaci a trasformare il mondo con Exaudi! Noi di Exaudi crediamo che l'evangelizzazione e l'informazione di qualit\u00e0 possano cambiare la vita. Per continuare la nostra missione ed espandere la nostra portata, abbiamo bisogno del tuo aiuto. Stiamo anche cercando persone motivate che vogliano unirsi al nostro team. Grazie al vostro sostegno raggiungeremo pi\u00f9 persone, diffonderemo il messaggio di Cristo e rafforzeremo l'unit\u00e0 dei cristiani. Vuoi unirti alla nostra missione? Per maggiori informazioni su come contribuire, visita Exaudi.org\\\/it o contattaci direttamente: info@exaudi.org Exaudi: informa, forma e trasforma.\",\"sameAs\":[\"https:\\\/\\\/www.facebook.com\\\/ExaudiNotizie\\\/\",\"https:\\\/\\\/www.instagram.com\\\/Exaudi_notizie\\\/\",\"https:\\\/\\\/x.com\\\/Exaudi_Notizie\",\"https:\\\/\\\/www.youtube.com\\\/@exaudicatholicnews\"],\"url\":\"https:\\\/\\\/exaudi.org\\\/it\\\/author\\\/dlvedi-org\\\/\"}]}<\/script>\n<!-- \/ Yoast SEO plugin. -->","yoast_head_json":{"title":"Restauro del Baldacchino e della Cattedra di San Pietro: Un ritorno allo splendore &#8211; Exaudi","robots":{"index":"index","follow":"follow","max-snippet":"max-snippet:-1","max-image-preview":"max-image-preview:large","max-video-preview":"max-video-preview:-1"},"canonical":"https:\/\/exaudi.org\/it\/restauro-del-baldacchino-e-della-cattedra-di-san-pietro-un-ritorno-allo-splendore\/","og_locale":"it_IT","og_type":"article","og_title":"Restauro del Baldacchino e della Cattedra di San Pietro: Un ritorno allo splendore &#8211; Exaudi","og_description":"Le impalcature che coprivano il Baldacchino del Bernini nella Basilica di San Pietro verranno rimosse, segnando l'inizio di una nuova era per queste iconiche opere d'arte","og_url":"https:\/\/exaudi.org\/it\/restauro-del-baldacchino-e-della-cattedra-di-san-pietro-un-ritorno-allo-splendore\/","og_site_name":"Exaudi","article_publisher":"https:\/\/www.facebook.com\/ExaudiNews","article_author":"https:\/\/www.facebook.com\/ExaudiNotizie\/","article_published_time":"2024-10-11T06:45:57+00:00","og_image":[{"width":750,"height":422,"url":"https:\/\/exaudi.org\/wp-content\/uploads\/2024\/10\/cq5dam.thumbnail.cropped.750.422-4-1.jpeg","type":"image\/jpeg"}],"author":"Exaudi Redazione","twitter_card":"summary_large_image","twitter_creator":"@Exaudi_Notizie","twitter_site":"@Exaudi_News","twitter_misc":{"Scritto da":"Exaudi Redazione","Tempo di lettura stimato":"3 minuti"},"schema":{"@context":"https:\/\/schema.org","@graph":[{"@type":"Article","@id":"https:\/\/exaudi.org\/it\/restauro-del-baldacchino-e-della-cattedra-di-san-pietro-un-ritorno-allo-splendore\/#article","isPartOf":{"@id":"https:\/\/exaudi.org\/it\/restauro-del-baldacchino-e-della-cattedra-di-san-pietro-un-ritorno-allo-splendore\/"},"author":{"name":"Exaudi Redazione","@id":"https:\/\/exaudi.org\/#\/schema\/person\/e1ab6ed07c01774724dd96f925f3a5f0"},"headline":"Restauro del Baldacchino e della Cattedra di San Pietro: Un ritorno allo splendore","datePublished":"2024-10-11T06:45:57+00:00","mainEntityOfPage":{"@id":"https:\/\/exaudi.org\/it\/restauro-del-baldacchino-e-della-cattedra-di-san-pietro-un-ritorno-allo-splendore\/"},"wordCount":639,"image":{"@id":"https:\/\/exaudi.org\/it\/restauro-del-baldacchino-e-della-cattedra-di-san-pietro-un-ritorno-allo-splendore\/#primaryimage"},"thumbnailUrl":"https:\/\/exaudi.org\/wp-content\/uploads\/2024\/10\/cq5dam.thumbnail.cropped.750.422-4-1.jpeg","keywords":["arte barocca","assisi","Baldacchino di San Pietro","Basilica di San Pietro","Eucaristia","Gian Lorenzo Bernini","INTERRELIGIOSO","opere d'arte giubilari","Papa Francesco","patrimonio artistico","patrimonio culturale","restauro","restauro arte","Sinodo","speranza","spiritualit\u00e0","storia","Trending","Vaticano"],"articleSection":["Vaticano"],"inLanguage":"it-IT"},{"@type":"WebPage","@id":"https:\/\/exaudi.org\/it\/restauro-del-baldacchino-e-della-cattedra-di-san-pietro-un-ritorno-allo-splendore\/","url":"https:\/\/exaudi.org\/it\/restauro-del-baldacchino-e-della-cattedra-di-san-pietro-un-ritorno-allo-splendore\/","name":"Restauro del Baldacchino e della Cattedra di San Pietro: Un ritorno allo splendore &#8211; Exaudi","isPartOf":{"@id":"https:\/\/exaudi.org\/#website"},"primaryImageOfPage":{"@id":"https:\/\/exaudi.org\/it\/restauro-del-baldacchino-e-della-cattedra-di-san-pietro-un-ritorno-allo-splendore\/#primaryimage"},"image":{"@id":"https:\/\/exaudi.org\/it\/restauro-del-baldacchino-e-della-cattedra-di-san-pietro-un-ritorno-allo-splendore\/#primaryimage"},"thumbnailUrl":"https:\/\/exaudi.org\/wp-content\/uploads\/2024\/10\/cq5dam.thumbnail.cropped.750.422-4-1.jpeg","datePublished":"2024-10-11T06:45:57+00:00","author":{"@id":"https:\/\/exaudi.org\/#\/schema\/person\/e1ab6ed07c01774724dd96f925f3a5f0"},"breadcrumb":{"@id":"https:\/\/exaudi.org\/it\/restauro-del-baldacchino-e-della-cattedra-di-san-pietro-un-ritorno-allo-splendore\/#breadcrumb"},"inLanguage":"it-IT","potentialAction":[{"@type":"ReadAction","target":["https:\/\/exaudi.org\/it\/restauro-del-baldacchino-e-della-cattedra-di-san-pietro-un-ritorno-allo-splendore\/"]}]},{"@type":"ImageObject","inLanguage":"it-IT","@id":"https:\/\/exaudi.org\/it\/restauro-del-baldacchino-e-della-cattedra-di-san-pietro-un-ritorno-allo-splendore\/#primaryimage","url":"https:\/\/exaudi.org\/wp-content\/uploads\/2024\/10\/cq5dam.thumbnail.cropped.750.422-4-1.jpeg","contentUrl":"https:\/\/exaudi.org\/wp-content\/uploads\/2024\/10\/cq5dam.thumbnail.cropped.750.422-4-1.jpeg","width":750,"height":422},{"@type":"BreadcrumbList","@id":"https:\/\/exaudi.org\/it\/restauro-del-baldacchino-e-della-cattedra-di-san-pietro-un-ritorno-allo-splendore\/#breadcrumb","itemListElement":[{"@type":"ListItem","position":1,"name":"Portada","item":"https:\/\/exaudi.org\/it\/"},{"@type":"ListItem","position":2,"name":"Restauro del Baldacchino e della Cattedra di San Pietro: Un ritorno allo splendore"}]},{"@type":"WebSite","@id":"https:\/\/exaudi.org\/#website","url":"https:\/\/exaudi.org\/","name":"Exaudi","description":"News","potentialAction":[{"@type":"SearchAction","target":{"@type":"EntryPoint","urlTemplate":"https:\/\/exaudi.org\/?s={search_term_string}"},"query-input":{"@type":"PropertyValueSpecification","valueRequired":true,"valueName":"search_term_string"}}],"inLanguage":"it-IT"},{"@type":"Person","@id":"https:\/\/exaudi.org\/#\/schema\/person\/e1ab6ed07c01774724dd96f925f3a5f0","name":"Exaudi Redazione","image":{"@type":"ImageObject","inLanguage":"it-IT","@id":"https:\/\/secure.gravatar.com\/avatar\/ad6774b3ada023bf5b939d64f45c94b3adf91502dd883507d469b4308a943bb3?s=96&d=mm&r=g","url":"https:\/\/secure.gravatar.com\/avatar\/ad6774b3ada023bf5b939d64f45c94b3adf91502dd883507d469b4308a943bb3?s=96&d=mm&r=g","contentUrl":"https:\/\/secure.gravatar.com\/avatar\/ad6774b3ada023bf5b939d64f45c94b3adf91502dd883507d469b4308a943bb3?s=96&d=mm&r=g","caption":"Exaudi Redazione"},"description":"Che cosa \u00e8 Exaudi News? Exaudi News \u00e8 un agenzia cattolica internazionale che informa, istruisce e trasforma quotidianamente in spagnolo, inglese e italiano. Attraverso notizie, articoli di analisi e trasmissioni in diretta degli eventi del Papa, Exaudi cerca di rafforzare l'unit\u00e0 dei cristiani e di contribuire all'evangelizzazione del mondo, sempre guidato dalla dottrina sociale della Chiesa. Lavoriamo per portare la verit\u00e0 e i valori cristiani in ogni angolo del pianeta. Aiutaci a trasformare il mondo con Exaudi! Noi di Exaudi crediamo che l'evangelizzazione e l'informazione di qualit\u00e0 possano cambiare la vita. Per continuare la nostra missione ed espandere la nostra portata, abbiamo bisogno del tuo aiuto. Stiamo anche cercando persone motivate che vogliano unirsi al nostro team. Grazie al vostro sostegno raggiungeremo pi\u00f9 persone, diffonderemo il messaggio di Cristo e rafforzeremo l'unit\u00e0 dei cristiani. Vuoi unirti alla nostra missione? Per maggiori informazioni su come contribuire, visita Exaudi.org\/it o contattaci direttamente: info@exaudi.org Exaudi: informa, forma e trasforma.","sameAs":["https:\/\/www.facebook.com\/ExaudiNotizie\/","https:\/\/www.instagram.com\/Exaudi_notizie\/","https:\/\/x.com\/Exaudi_Notizie","https:\/\/www.youtube.com\/@exaudicatholicnews"],"url":"https:\/\/exaudi.org\/it\/author\/dlvedi-org\/"}]}},"jetpack_featured_media_url":"https:\/\/exaudi.org\/wp-content\/uploads\/2024\/10\/cq5dam.thumbnail.cropped.750.422-4-1.jpeg","jetpack_shortlink":"https:\/\/wp.me\/pgKjF2-sKV","_links":{"self":[{"href":"https:\/\/exaudi.org\/it\/wp-json\/wp\/v2\/posts\/110541","targetHints":{"allow":["GET"]}}],"collection":[{"href":"https:\/\/exaudi.org\/it\/wp-json\/wp\/v2\/posts"}],"about":[{"href":"https:\/\/exaudi.org\/it\/wp-json\/wp\/v2\/types\/post"}],"author":[{"embeddable":true,"href":"https:\/\/exaudi.org\/it\/wp-json\/wp\/v2\/users\/17"}],"replies":[{"embeddable":true,"href":"https:\/\/exaudi.org\/it\/wp-json\/wp\/v2\/comments?post=110541"}],"version-history":[{"count":0,"href":"https:\/\/exaudi.org\/it\/wp-json\/wp\/v2\/posts\/110541\/revisions"}],"wp:featuredmedia":[{"embeddable":true,"href":"https:\/\/exaudi.org\/it\/wp-json\/wp\/v2\/media\/110466"}],"wp:attachment":[{"href":"https:\/\/exaudi.org\/it\/wp-json\/wp\/v2\/media?parent=110541"}],"wp:term":[{"taxonomy":"category","embeddable":true,"href":"https:\/\/exaudi.org\/it\/wp-json\/wp\/v2\/categories?post=110541"},{"taxonomy":"post_tag","embeddable":true,"href":"https:\/\/exaudi.org\/it\/wp-json\/wp\/v2\/tags?post=110541"}],"curies":[{"name":"wp","href":"https:\/\/api.w.org\/{rel}","templated":true}]}}