{"id":109958,"date":"2024-10-03T18:45:18","date_gmt":"2024-10-03T16:45:18","guid":{"rendered":"https:\/\/exaudi.org\/?p=109958"},"modified":"2024-10-03T18:45:18","modified_gmt":"2024-10-03T16:45:18","slug":"il-grande-avvertimento","status":"publish","type":"post","link":"https:\/\/exaudi.org\/it\/il-grande-avvertimento\/","title":{"rendered":"Il grande avvertimento"},"content":{"rendered":"<p>Negli ultimi decenni, una costante del protestantesimo evangelico anglosassone \u00e8 stato l\u2019annuncio profetico di un <em>\u201cGrande Risveglio\u201d o \u201crinascita religiosa\u201d<\/em> (i grandi risvegli) sulla falsariga del primo riconosciuto come tale e avvenuto nel terzo decennio del secolo XVIII. Questo <em>\u201crisveglio\u201d<\/em> significherebbe una rinascita del sentimento e della pratica religiosa come risultato delle conversioni di massa al cristianesimo (i famosi <em>\u201cnati di nuovo\u201d<\/em>) prodotte dalla predicazione \u201cunta\u201d.<\/p>\n<p>Vale la pena chiedersi se nel cristianesimo cattolico sia in atto anche in alcune comunit\u00e0 una certa <em>&#8220;rinascita religiosa&#8221;<\/em> provocata da una predicazione diretta ed essenziale del Vangelo, una maggiore enfasi sull&#8217;incontro personale con Ges\u00f9 Cristo, una speciale attenzione all&#8217;ispirazione dello Spirito Santo, insieme a un crescente interesse per la conoscenza profetica derivata dalle Sacre Scritture.<\/p>\n<p>Nell\u2019era attuale, il cristianesimo del 21\u00b0 secolo \u00e8 in chiara concorrenza con la nuova \u201creligione secolare\u201d che intronizza la dea Ragione, separandola dalla Fede, che disconnette la nostra essenza dal Creatore e che impone una visione del mondo materialista, panteistica o neopagana lontano dall&#8217;esperienza soprannaturale e dalla trascendenza a cui aspira l&#8217;animo umano.<\/p>\n<p>In questo contesto storico possiamo osservare come in certi settori cattolici ci sia il desiderio di conoscere meglio quello straordinario evento profetizzato, chiamato il <em>\u201cGrande Avvertimento\u201d<\/em> di Dio all&#8217;umanit\u00e0 per questi Tempi specifici della storia della Salvezza.<\/p>\n<p>Cos\u00ec, nel mezzo dell\u2019incertezza, della confusione e della tribolazione, in un momento cruciale per l\u2019umanit\u00e0, quella visione profetica ci annuncia che l\u2019anima si risveglier\u00e0 all\u2019improvviso, come da un sogno. In questo modo, il \u201cGrande Avvertimento\u201d comporter\u00e0 l\u2019illuminazione della coscienza di ogni essere umano e dell\u2019umanit\u00e0 nel suo insieme.<\/p>\n<p>Questo evento spirituale che secondo la visione cristiana del mondo avverr\u00e0 alla Fine dei Tempi (che in termini di escatologia cristiana non \u00e8 la stessa Fine del mondo) sar\u00e0 una manifestazione inequivocabile per ogni uomo e donna dell&#8217;esistenza di Dio. Una grande opportunit\u00e0 per correggere la vita di ciascuno degli esseri umani che abitano la Terra. Allo stesso modo, significher\u00e0 una correzione della coscienza del mondo nel momento pi\u00f9 critico in cui detta coscienza \u00e8 totalmente disallineata rispetto all&#8217;ordine naturale della Creazione e in una direzione totalmente opposta alla volont\u00e0 amorevole del Creatore.<\/p>\n<p>In breve, il\u00a0<em>&#8220;Grande Avvertimento&#8221;<\/em>\u00a0sar\u00e0 un&#8217;effusione soprannaturale dello Spirito Santo che rafforzer\u00e0 e rinnover\u00e0 i cristiani per eventi futuri che rappresenteranno grandi prove per la purificazione della razza umana e per il ripristino della Creazione. Sar\u00e0, quindi, una \u201cSeconda Pentecoste\u201d.<\/p>\n<p>Dice il profeta Amos che <em>\u00abDio non fa nulla senza rivelare i suoi segreti ai suoi servi, i profeti\u00bb<\/em> (III,7).<\/p>\n<p>Per questo motivo i grandi profeti, come il gi\u00e0 citato Amos, ma anche Geremia e Isaia, una volta avvertirono il popolo d&#8217;Israele degli eventi imminenti che avrebbe patito a causa della sua conversione a Dio. Allo stesso modo ai nostri tempi, in particolare nell\u2019ultimo XX secolo, ma anche in questo XXI secolo, l\u2019umanit\u00e0 ha ricevuto avvertimenti da innumerevoli profeti \u2013 uomini e donne del nostro tempo, santi, umili e con una vita ordinaria \u2013 cos\u00ec come un sono numerosi i messaggi della Beata Vergine Maria nelle sue ripetute apparizioni in diversi luoghi del mondo, nei quali si rivolgono con insistenza amorosi inviti alla conversione personale e a volgere il nostro sguardo e il nostro cuore a Dio.<\/p>\n<p>Il <em>\u201cGrande Avvertimento\u201d<\/em> sar\u00e0, quindi, un atto di Giustizia e di infinita Misericordia di Dio. Dopo che si sar\u00e0 verificato quell&#8217;avvertimento, Dio riverser\u00e0 il Suo Spirito in un modo cos\u00ec grande come fece alla Prima Pentecoste.<\/p>\n<p><em>\u201cPrima di ritornare come Giusto Giudice, ritorner\u00f2 innanzitutto come Re della Misericordia. Prima che venga il giorno della Giustizia, sar\u00e0 dato agli uomini nei cieli un segno come questo: tutta la luce nel cielo si spegner\u00e0 e ci sar\u00e0 una grande oscurit\u00e0 su tutta la terra. Allora apparir\u00e0 nel cielo il segno della Croce e dalle aperture dove furono inchiodati le mani e i piedi del Salvatore sgorgher\u00e0 una grande Luce che illuminer\u00e0 per un tempo la terra\u201d<\/em>\u00a0(Diario della Divina Misericordia scritto da Suor Faustina Kowalska).<\/p>\n<p>Proseguendo nello studio del \u201cGrande Avvertimento\u201d, si segnala un&#8217;apparizione mariana di grande importanza, attualmente in attesa dell&#8217;approvazione gerarchica da parte della Chiesa cattolica. Ci riferiamo in particolare alle apparizioni di <a href=\"https:\/\/exaudi.org\/es\/la-situacion-actual-de-garabandal-y-la-postura-de-la-iglesia-catolica\/\">Garabandal<\/a>, cittadina vicino a Santander in Spagna. Fu l\u00ec che la Beata Vergine, apparendo con il titolo di Nostra Signora del Monte Carmelo, si manifest\u00f2 a quattro semplici ragazze e annunci\u00f2 loro con chiarezza e profondit\u00e0 i misteri del\u00a0<em>\u201cGrande Avvertimento\u201d<\/em>\u00a0di Dio per tutta l&#8217;umanit\u00e0. Questo evento, secondo il principale veggente di Garabandal, sar\u00e0 vissuto sia dai credenti che dai non credenti, cos\u00ec come dalle persone di tutte le religioni del mondo.<\/p>\n<p>A Garabandal ci viene rivelato da Nostra Madre che l&#8217;evento soprannaturale chiamato <em>\u201cL&#8217;Avvertimento\u201d<\/em> sar\u00e0 come una purificazione in vista della preparazione di un grande <em>\u201cMiracolo\u201d<\/em> che Dio conceder\u00e0 al mondo negli Ultimi Tempi affinch\u00e9 molte anime possano essere salvato e raggiungere la salvezza eterna.<\/p>\n<p>Il <em>\u201cGrande Avvertimento\u201d<\/em> sarebbe, in questo modo, un evento molto personale e intimo. Per questo motivo, ogni essere umano reagir\u00e0 diversamente quando riconoscer\u00e0 i propri peccati e le loro conseguenze fatali nell&#8217;anima, nel corpo, negli altri esseri umani e nell&#8217;intera Creazione, che \u00e8 stata concepita per dare gloria al Creatore. Ai loro tempi, coloro che sperimentano il\u00a0<em>&#8220;Grande Avvertimento&#8221;<\/em>\u00a0vedranno l&#8217;anima come la vede Dio. Qualcosa di simile a ci\u00f2 che accade quando siamo in agonia alle porte della morte e Dio illumina la nostra coscienza affinch\u00e9 possiamo pentirci e ottenere cos\u00ec la grazia necessaria a Lui per salvarci. Anche qualcosa di simile a ci\u00f2 che le persone di ogni tempo e luogo del mondo hanno mai sperimentato internamente nel loro cammino di conversione a Dio.<\/p>\n<p>Secondo la suddetta conoscenza profetica, tutti gli esseri umani sperimenteranno questa illuminazione della coscienza ovunque si trovino e qualunque sia la loro condizione o la loro conoscenza di Dio. Sar\u00e0 un&#8217;esperienza interiore e, allo stesso tempo, un evento cosmico. Sembrer\u00e0 che il mondo si sia fermato, ma nessuno se ne accorger\u00e0 perch\u00e9 ognuno sar\u00e0 completamente assorbito e vivr\u00e0 la propria esperienza della Misericordia di Dio, che \u00e8 Amore.<\/p>\n<p>\u00c8 chiaro che l&#8217;umanit\u00e0 attuale, razionalista, secolarizzata e senza riferimenti sacri e soprannaturali, non \u00e8 preparata a questo incontro frontale e chiarificatore con il suo Creatore. O forse s\u00ec, pi\u00f9 che mai? Proprio a causa dello stato di indebolimento in cui si trova la maggior parte delle persone nel regno spirituale, Dio invier\u00e0 questo <em>\u201cGrande Avvertimento\u201d<\/em>.<\/p>\n<p>E nel XXI secolo, la <em>\u201cdivinizzazione dell\u2019uomo\u201d<\/em> sta raggiungendo limiti insospettati attraverso ideologie contrarie alla condizione umana e all\u2019ordine naturale del Cosmo. Utopie come il transumanesimo e il postumanesimo cercano il<em> \u201cmiglioramento umano\u201d<\/em> attraverso, esclusivamente, le biotecnologie e la manipolazione genetica, ignorando la natura umana, che \u00e8 creata a immagine e somiglianza di Dio. L&#8217;Homo Deus emerge pieno di orgoglio e cerca di imitare il potere esclusivo di Dio: Creare.<\/p>\n<p>Pertanto, il\u00a0<strong>&#8220;Grande Avvertimento&#8221;<\/strong>\u00a0come evento straordinario e soprannaturale, avverr\u00e0, a tempo debito, affinch\u00e9 l&#8217;umanit\u00e0 si risvegli dal sonno profondo, irreale e distruttivo in cui vive la sua vita senza significato spirituale e senza scopo trascendente. Il <em>\u201cGrande Avvertimento\u201d<\/em> di Dio all&#8217;umanit\u00e0 coinciderebbe, quindi, con un <em>\u201cGrande Risveglio\u201d<\/em> spirituale o <em>\u201crinascita religiosa\u201d<\/em> i cui primi raggi di luce cominciano gi\u00e0 ad albeggiare ai nostri giorni. Cerchiamo quindi di avere speranza. <strong>NESSUN DORMIRE!<\/strong><\/p>\n","protected":false},"excerpt":{"rendered":"<p>L&#8217;illuminazione delle coscienze<\/p>\n","protected":false},"author":146,"featured_media":109873,"comment_status":"closed","ping_status":"closed","sticky":false,"template":"","format":"standard","meta":{"_acf_changed":false,"_crdt_document":"","inline_featured_image":false,"footnotes":""},"categories":[129],"tags":[14431,430,26663,1534,1209,22258,26664,26665,26666,2441,26667,26662,3987,5522,26668,4952],"class_list":["post-109958","post","type-post","status-publish","format-standard","has-post-thumbnail","hentry","category-voci","tag-albert-cortina-2","tag-conversione","tag-cristianesimo-cattolico","tag-divina-misericordia","tag-fede","tag-garabandal-2","tag-grande-avvertimento","tag-illuminazione-delle-coscienze","tag-nostra-signora-del-carmelo","tag-pentecoste","tag-profezia","tag-rinascita-religiosa","tag-salvezza","tag-spiritualita","tag-trasformazione-spirituale","tag-trending-it"],"acf":[],"yoast_head":"<!-- This site is optimized with the Yoast SEO plugin v27.5 - https:\/\/yoast.com\/product\/yoast-seo-wordpress\/ -->\n<title>Il grande avvertimento &#8211; Exaudi<\/title>\n<meta name=\"robots\" content=\"index, follow, max-snippet:-1, max-image-preview:large, max-video-preview:-1\" \/>\n<link rel=\"canonical\" href=\"https:\/\/exaudi.org\/it\/il-grande-avvertimento\/\" \/>\n<meta property=\"og:locale\" content=\"it_IT\" \/>\n<meta property=\"og:type\" content=\"article\" \/>\n<meta property=\"og:title\" content=\"Il grande avvertimento &#8211; Exaudi\" \/>\n<meta property=\"og:description\" content=\"L&#039;illuminazione delle coscienze\" \/>\n<meta property=\"og:url\" content=\"https:\/\/exaudi.org\/it\/il-grande-avvertimento\/\" \/>\n<meta property=\"og:site_name\" content=\"Exaudi\" \/>\n<meta property=\"article:publisher\" content=\"https:\/\/www.facebook.com\/ExaudiNews\" \/>\n<meta property=\"article:published_time\" content=\"2024-10-03T16:45:18+00:00\" \/>\n<meta property=\"og:image\" content=\"https:\/\/exaudi.org\/wp-content\/uploads\/2024\/10\/Firefly-Cruz-Catolica-con-destello-de-luz-por-detras.-Tonos-anaranjados-y-amarillos.-Sin-decoracion.-1-1024x796.jpg\" \/>\n\t<meta property=\"og:image:width\" content=\"1024\" \/>\n\t<meta property=\"og:image:height\" content=\"796\" \/>\n\t<meta property=\"og:image:type\" content=\"image\/jpeg\" \/>\n<meta name=\"author\" content=\"Albert Cortina\" \/>\n<meta name=\"twitter:card\" content=\"summary_large_image\" \/>\n<meta name=\"twitter:creator\" content=\"@Exaudi_News\" \/>\n<meta name=\"twitter:site\" content=\"@Exaudi_News\" \/>\n<meta name=\"twitter:label1\" content=\"Scritto da\" \/>\n\t<meta name=\"twitter:data1\" content=\"Albert Cortina\" \/>\n\t<meta name=\"twitter:label2\" content=\"Tempo di lettura stimato\" \/>\n\t<meta name=\"twitter:data2\" content=\"6 minuti\" \/>\n<script type=\"application\/ld+json\" class=\"yoast-schema-graph\">{\"@context\":\"https:\\\/\\\/schema.org\",\"@graph\":[{\"@type\":\"Article\",\"@id\":\"https:\\\/\\\/exaudi.org\\\/it\\\/il-grande-avvertimento\\\/#article\",\"isPartOf\":{\"@id\":\"https:\\\/\\\/exaudi.org\\\/it\\\/il-grande-avvertimento\\\/\"},\"author\":{\"name\":\"Albert Cortina\",\"@id\":\"https:\\\/\\\/exaudi.org\\\/#\\\/schema\\\/person\\\/eb838cd3b0de54952c6e6999dff746e0\"},\"headline\":\"Il grande avvertimento\",\"datePublished\":\"2024-10-03T16:45:18+00:00\",\"mainEntityOfPage\":{\"@id\":\"https:\\\/\\\/exaudi.org\\\/it\\\/il-grande-avvertimento\\\/\"},\"wordCount\":1219,\"image\":{\"@id\":\"https:\\\/\\\/exaudi.org\\\/it\\\/il-grande-avvertimento\\\/#primaryimage\"},\"thumbnailUrl\":\"https:\\\/\\\/exaudi.org\\\/wp-content\\\/uploads\\\/2024\\\/10\\\/Firefly-Cruz-Catolica-con-destello-de-luz-por-detras.-Tonos-anaranjados-y-amarillos.-Sin-decoracion.-1-e1727890430492.jpg\",\"keywords\":[\"Albert Cortina\",\"conversione\",\"Cristianesimo cattolico\",\"Divina misericordia\",\"fede\",\"Garabandal\",\"Grande Avvertimento\",\"illuminazione delle coscienze\",\"Nostra Signora del Carmelo\",\"Pentecoste\",\"profezia\",\"rinascita religiosa\",\"salvezza\",\"spiritualit\u00e0\",\"trasformazione spirituale\",\"Trending\"],\"articleSection\":[\"Voci\"],\"inLanguage\":\"it-IT\"},{\"@type\":\"WebPage\",\"@id\":\"https:\\\/\\\/exaudi.org\\\/it\\\/il-grande-avvertimento\\\/\",\"url\":\"https:\\\/\\\/exaudi.org\\\/it\\\/il-grande-avvertimento\\\/\",\"name\":\"Il grande avvertimento &#8211; Exaudi\",\"isPartOf\":{\"@id\":\"https:\\\/\\\/exaudi.org\\\/#website\"},\"primaryImageOfPage\":{\"@id\":\"https:\\\/\\\/exaudi.org\\\/it\\\/il-grande-avvertimento\\\/#primaryimage\"},\"image\":{\"@id\":\"https:\\\/\\\/exaudi.org\\\/it\\\/il-grande-avvertimento\\\/#primaryimage\"},\"thumbnailUrl\":\"https:\\\/\\\/exaudi.org\\\/wp-content\\\/uploads\\\/2024\\\/10\\\/Firefly-Cruz-Catolica-con-destello-de-luz-por-detras.-Tonos-anaranjados-y-amarillos.-Sin-decoracion.-1-e1727890430492.jpg\",\"datePublished\":\"2024-10-03T16:45:18+00:00\",\"author\":{\"@id\":\"https:\\\/\\\/exaudi.org\\\/#\\\/schema\\\/person\\\/eb838cd3b0de54952c6e6999dff746e0\"},\"breadcrumb\":{\"@id\":\"https:\\\/\\\/exaudi.org\\\/it\\\/il-grande-avvertimento\\\/#breadcrumb\"},\"inLanguage\":\"it-IT\",\"potentialAction\":[{\"@type\":\"ReadAction\",\"target\":[\"https:\\\/\\\/exaudi.org\\\/it\\\/il-grande-avvertimento\\\/\"]}]},{\"@type\":\"ImageObject\",\"inLanguage\":\"it-IT\",\"@id\":\"https:\\\/\\\/exaudi.org\\\/it\\\/il-grande-avvertimento\\\/#primaryimage\",\"url\":\"https:\\\/\\\/exaudi.org\\\/wp-content\\\/uploads\\\/2024\\\/10\\\/Firefly-Cruz-Catolica-con-destello-de-luz-por-detras.-Tonos-anaranjados-y-amarillos.-Sin-decoracion.-1-e1727890430492.jpg\",\"contentUrl\":\"https:\\\/\\\/exaudi.org\\\/wp-content\\\/uploads\\\/2024\\\/10\\\/Firefly-Cruz-Catolica-con-destello-de-luz-por-detras.-Tonos-anaranjados-y-amarillos.-Sin-decoracion.-1-e1727890430492.jpg\",\"width\":2304,\"height\":1792},{\"@type\":\"BreadcrumbList\",\"@id\":\"https:\\\/\\\/exaudi.org\\\/it\\\/il-grande-avvertimento\\\/#breadcrumb\",\"itemListElement\":[{\"@type\":\"ListItem\",\"position\":1,\"name\":\"Portada\",\"item\":\"https:\\\/\\\/exaudi.org\\\/it\\\/\"},{\"@type\":\"ListItem\",\"position\":2,\"name\":\"Il grande avvertimento\"}]},{\"@type\":\"WebSite\",\"@id\":\"https:\\\/\\\/exaudi.org\\\/#website\",\"url\":\"https:\\\/\\\/exaudi.org\\\/\",\"name\":\"Exaudi\",\"description\":\"News\",\"potentialAction\":[{\"@type\":\"SearchAction\",\"target\":{\"@type\":\"EntryPoint\",\"urlTemplate\":\"https:\\\/\\\/exaudi.org\\\/?s={search_term_string}\"},\"query-input\":{\"@type\":\"PropertyValueSpecification\",\"valueRequired\":true,\"valueName\":\"search_term_string\"}}],\"inLanguage\":\"it-IT\"},{\"@type\":\"Person\",\"@id\":\"https:\\\/\\\/exaudi.org\\\/#\\\/schema\\\/person\\\/eb838cd3b0de54952c6e6999dff746e0\",\"name\":\"Albert Cortina\",\"image\":{\"@type\":\"ImageObject\",\"inLanguage\":\"it-IT\",\"@id\":\"https:\\\/\\\/secure.gravatar.com\\\/avatar\\\/a6ff6f8f9d2f6d3dfd6a704e7dfe85e4f91abe27f2654610849fd7578b1d572d?s=96&d=mm&r=g\",\"url\":\"https:\\\/\\\/secure.gravatar.com\\\/avatar\\\/a6ff6f8f9d2f6d3dfd6a704e7dfe85e4f91abe27f2654610849fd7578b1d572d?s=96&d=mm&r=g\",\"contentUrl\":\"https:\\\/\\\/secure.gravatar.com\\\/avatar\\\/a6ff6f8f9d2f6d3dfd6a704e7dfe85e4f91abe27f2654610849fd7578b1d572d?s=96&d=mm&r=g\",\"caption\":\"Albert Cortina\"},\"description\":\"Albert Cortina es abogado y urbanista. Director del Estudio DTUM, impulsa un humanismo avanzado para una sociedad donde las biotecnolog\u00edas exponenciales est\u00e9n al servicio de las personas y de la vida. Promueve la integraci\u00f3n entre ciencia, \u00e9tica y espiritualidad. Actualmente focaliza su atenci\u00f3n en la preservaci\u00f3n de la naturaleza y condici\u00f3n humana desde una antropolog\u00eda adecuada que priorice el desarrollo integral de la persona. Cree en unos principios basados en una \u00e9tica universal que tenga su fundamento en la ley natural y en la espiritualidad del coraz\u00f3n. Desde su vocaci\u00f3n profesional gestiona ideas, valores y proyectos a favor del bien com\u00fan.\",\"url\":\"https:\\\/\\\/exaudi.org\\\/it\\\/author\\\/albert-cortina\\\/\"}]}<\/script>\n<!-- \/ Yoast SEO plugin. -->","yoast_head_json":{"title":"Il grande avvertimento &#8211; Exaudi","robots":{"index":"index","follow":"follow","max-snippet":"max-snippet:-1","max-image-preview":"max-image-preview:large","max-video-preview":"max-video-preview:-1"},"canonical":"https:\/\/exaudi.org\/it\/il-grande-avvertimento\/","og_locale":"it_IT","og_type":"article","og_title":"Il grande avvertimento &#8211; Exaudi","og_description":"L'illuminazione delle coscienze","og_url":"https:\/\/exaudi.org\/it\/il-grande-avvertimento\/","og_site_name":"Exaudi","article_publisher":"https:\/\/www.facebook.com\/ExaudiNews","article_published_time":"2024-10-03T16:45:18+00:00","og_image":[{"width":1024,"height":796,"url":"https:\/\/exaudi.org\/wp-content\/uploads\/2024\/10\/Firefly-Cruz-Catolica-con-destello-de-luz-por-detras.-Tonos-anaranjados-y-amarillos.-Sin-decoracion.-1-1024x796.jpg","type":"image\/jpeg"}],"author":"Albert Cortina","twitter_card":"summary_large_image","twitter_creator":"@Exaudi_News","twitter_site":"@Exaudi_News","twitter_misc":{"Scritto da":"Albert Cortina","Tempo di lettura stimato":"6 minuti"},"schema":{"@context":"https:\/\/schema.org","@graph":[{"@type":"Article","@id":"https:\/\/exaudi.org\/it\/il-grande-avvertimento\/#article","isPartOf":{"@id":"https:\/\/exaudi.org\/it\/il-grande-avvertimento\/"},"author":{"name":"Albert Cortina","@id":"https:\/\/exaudi.org\/#\/schema\/person\/eb838cd3b0de54952c6e6999dff746e0"},"headline":"Il grande avvertimento","datePublished":"2024-10-03T16:45:18+00:00","mainEntityOfPage":{"@id":"https:\/\/exaudi.org\/it\/il-grande-avvertimento\/"},"wordCount":1219,"image":{"@id":"https:\/\/exaudi.org\/it\/il-grande-avvertimento\/#primaryimage"},"thumbnailUrl":"https:\/\/exaudi.org\/wp-content\/uploads\/2024\/10\/Firefly-Cruz-Catolica-con-destello-de-luz-por-detras.-Tonos-anaranjados-y-amarillos.-Sin-decoracion.-1-e1727890430492.jpg","keywords":["Albert Cortina","conversione","Cristianesimo cattolico","Divina misericordia","fede","Garabandal","Grande Avvertimento","illuminazione delle coscienze","Nostra Signora del Carmelo","Pentecoste","profezia","rinascita religiosa","salvezza","spiritualit\u00e0","trasformazione spirituale","Trending"],"articleSection":["Voci"],"inLanguage":"it-IT"},{"@type":"WebPage","@id":"https:\/\/exaudi.org\/it\/il-grande-avvertimento\/","url":"https:\/\/exaudi.org\/it\/il-grande-avvertimento\/","name":"Il grande avvertimento &#8211; Exaudi","isPartOf":{"@id":"https:\/\/exaudi.org\/#website"},"primaryImageOfPage":{"@id":"https:\/\/exaudi.org\/it\/il-grande-avvertimento\/#primaryimage"},"image":{"@id":"https:\/\/exaudi.org\/it\/il-grande-avvertimento\/#primaryimage"},"thumbnailUrl":"https:\/\/exaudi.org\/wp-content\/uploads\/2024\/10\/Firefly-Cruz-Catolica-con-destello-de-luz-por-detras.-Tonos-anaranjados-y-amarillos.-Sin-decoracion.-1-e1727890430492.jpg","datePublished":"2024-10-03T16:45:18+00:00","author":{"@id":"https:\/\/exaudi.org\/#\/schema\/person\/eb838cd3b0de54952c6e6999dff746e0"},"breadcrumb":{"@id":"https:\/\/exaudi.org\/it\/il-grande-avvertimento\/#breadcrumb"},"inLanguage":"it-IT","potentialAction":[{"@type":"ReadAction","target":["https:\/\/exaudi.org\/it\/il-grande-avvertimento\/"]}]},{"@type":"ImageObject","inLanguage":"it-IT","@id":"https:\/\/exaudi.org\/it\/il-grande-avvertimento\/#primaryimage","url":"https:\/\/exaudi.org\/wp-content\/uploads\/2024\/10\/Firefly-Cruz-Catolica-con-destello-de-luz-por-detras.-Tonos-anaranjados-y-amarillos.-Sin-decoracion.-1-e1727890430492.jpg","contentUrl":"https:\/\/exaudi.org\/wp-content\/uploads\/2024\/10\/Firefly-Cruz-Catolica-con-destello-de-luz-por-detras.-Tonos-anaranjados-y-amarillos.-Sin-decoracion.-1-e1727890430492.jpg","width":2304,"height":1792},{"@type":"BreadcrumbList","@id":"https:\/\/exaudi.org\/it\/il-grande-avvertimento\/#breadcrumb","itemListElement":[{"@type":"ListItem","position":1,"name":"Portada","item":"https:\/\/exaudi.org\/it\/"},{"@type":"ListItem","position":2,"name":"Il grande avvertimento"}]},{"@type":"WebSite","@id":"https:\/\/exaudi.org\/#website","url":"https:\/\/exaudi.org\/","name":"Exaudi","description":"News","potentialAction":[{"@type":"SearchAction","target":{"@type":"EntryPoint","urlTemplate":"https:\/\/exaudi.org\/?s={search_term_string}"},"query-input":{"@type":"PropertyValueSpecification","valueRequired":true,"valueName":"search_term_string"}}],"inLanguage":"it-IT"},{"@type":"Person","@id":"https:\/\/exaudi.org\/#\/schema\/person\/eb838cd3b0de54952c6e6999dff746e0","name":"Albert Cortina","image":{"@type":"ImageObject","inLanguage":"it-IT","@id":"https:\/\/secure.gravatar.com\/avatar\/a6ff6f8f9d2f6d3dfd6a704e7dfe85e4f91abe27f2654610849fd7578b1d572d?s=96&d=mm&r=g","url":"https:\/\/secure.gravatar.com\/avatar\/a6ff6f8f9d2f6d3dfd6a704e7dfe85e4f91abe27f2654610849fd7578b1d572d?s=96&d=mm&r=g","contentUrl":"https:\/\/secure.gravatar.com\/avatar\/a6ff6f8f9d2f6d3dfd6a704e7dfe85e4f91abe27f2654610849fd7578b1d572d?s=96&d=mm&r=g","caption":"Albert Cortina"},"description":"Albert Cortina es abogado y urbanista. Director del Estudio DTUM, impulsa un humanismo avanzado para una sociedad donde las biotecnolog\u00edas exponenciales est\u00e9n al servicio de las personas y de la vida. Promueve la integraci\u00f3n entre ciencia, \u00e9tica y espiritualidad. Actualmente focaliza su atenci\u00f3n en la preservaci\u00f3n de la naturaleza y condici\u00f3n humana desde una antropolog\u00eda adecuada que priorice el desarrollo integral de la persona. Cree en unos principios basados en una \u00e9tica universal que tenga su fundamento en la ley natural y en la espiritualidad del coraz\u00f3n. Desde su vocaci\u00f3n profesional gestiona ideas, valores y proyectos a favor del bien com\u00fan.","url":"https:\/\/exaudi.org\/it\/author\/albert-cortina\/"}]}},"jetpack_featured_media_url":"https:\/\/exaudi.org\/wp-content\/uploads\/2024\/10\/Firefly-Cruz-Catolica-con-destello-de-luz-por-detras.-Tonos-anaranjados-y-amarillos.-Sin-decoracion.-1-e1727890430492.jpg","jetpack_shortlink":"https:\/\/wp.me\/pgKjF2-sBw","_links":{"self":[{"href":"https:\/\/exaudi.org\/it\/wp-json\/wp\/v2\/posts\/109958","targetHints":{"allow":["GET"]}}],"collection":[{"href":"https:\/\/exaudi.org\/it\/wp-json\/wp\/v2\/posts"}],"about":[{"href":"https:\/\/exaudi.org\/it\/wp-json\/wp\/v2\/types\/post"}],"author":[{"embeddable":true,"href":"https:\/\/exaudi.org\/it\/wp-json\/wp\/v2\/users\/146"}],"replies":[{"embeddable":true,"href":"https:\/\/exaudi.org\/it\/wp-json\/wp\/v2\/comments?post=109958"}],"version-history":[{"count":0,"href":"https:\/\/exaudi.org\/it\/wp-json\/wp\/v2\/posts\/109958\/revisions"}],"wp:featuredmedia":[{"embeddable":true,"href":"https:\/\/exaudi.org\/it\/wp-json\/wp\/v2\/media\/109873"}],"wp:attachment":[{"href":"https:\/\/exaudi.org\/it\/wp-json\/wp\/v2\/media?parent=109958"}],"wp:term":[{"taxonomy":"category","embeddable":true,"href":"https:\/\/exaudi.org\/it\/wp-json\/wp\/v2\/categories?post=109958"},{"taxonomy":"post_tag","embeddable":true,"href":"https:\/\/exaudi.org\/it\/wp-json\/wp\/v2\/tags?post=109958"}],"curies":[{"name":"wp","href":"https:\/\/api.w.org\/{rel}","templated":true}]}}