{"id":109630,"date":"2025-09-30T19:20:38","date_gmt":"2025-09-30T17:20:38","guid":{"rendered":"https:\/\/exaudi.org\/?p=109630"},"modified":"2025-09-30T19:30:22","modified_gmt":"2025-09-30T17:30:22","slug":"san-girolamo-30-settembre","status":"publish","type":"post","link":"https:\/\/exaudi.org\/it\/san-girolamo-30-settembre\/","title":{"rendered":"San Girolamo, 30 settembre"},"content":{"rendered":"<p>Il suo nome completo era Sofronio Eusebio Jer\u00f3nimo. La sua citt\u00e0 natale era Stridone, nell&#8217;attuale Croazia. Non si conosce esattamente la sua data di nascita, ma \u00e8 intorno all&#8217;anno 347. Proveniente da una ricca famiglia cristiana, ricevette una solida educazione e, sostenuto dai genitori, perfezion\u00f2 gli studi a Roma. L\u00ec si abbandon\u00f2 alla vita mondana, lasciandosi trasportare dai piaceri; ma presto si pent\u00ec, ricevette il battesimo e si innamor\u00f2 della vita contemplativa. Per questo motivo si trasfer\u00ec ad Aquileia ed entr\u00f2 a far parte di una comunit\u00e0 di asceti. Qualche tempo dopo la abbandon\u00f2, deluso dalle inimicizie che erano sorte in quell&#8217;ambiente. Part\u00ec quindi per l&#8217;Oriente e si ferm\u00f2 a Treviri, ritorn\u00f2 a Stridone e si distribu\u00ec nuovamente. Rimase alcuni anni ad Antiochia, dove perfezion\u00f2 la conoscenza del greco, per poi ritirarsi come eremita nel deserto della Calcide, a sud di Aleppo. Per quattro anni si dedic\u00f2 pienamente agli studi, impar\u00f2 l&#8217;ebraico e trascrisse codici e scritti dei Padri della Chiesa. Furono anni di meditazione, di solitudine e di intensa lettura della Parola di Dio, che lo portarono anche a riflettere sul divario tra la mentalit\u00e0 pagana e la vita cristiana. Amareggiato dalle invettive degli anacoreti provocate dalla dottrina ariana, ritorn\u00f2 ad Antiochia. Nel 379 fu ordinato sacerdote, per poi trasferirsi a Costantinopoli, dove continu\u00f2 a studiare il greco con san Gregorio Nazianzeno.<\/p>\n<h3><strong>Accanto a Papa Damaso<\/strong><\/h3>\n<p>Nel 382 Girolamo torn\u00f2 a Roma per partecipare a un incontro convocato da papa Damaso sullo scisma di Antiochia. Nota la sua fama di asceta ed erudito, il Pontefice lo scelse come suo segretario e consigliere e lo invit\u00f2 a realizzare una nuova traduzione dei testi biblici in latino. Nella capitale Girolamo fond\u00f2 anche un circolo biblico e diede inizio allo studio della Scrittura da parte di donne della nobilt\u00e0 romana che, desiderando intraprendere il cammino della perfezione cristiana e desiderando approfondire la conoscenza della Parola di Dio, lo nominarono loro maestro. e guida spirituale. Dato che le rigide regole che suggeriva ai suoi discepoli erano considerate troppo dure, si capisce perch\u00e9 il suo rigore morale non fosse condiviso da quel tipo di clero troppo permissivo. Anche Jer\u00f3nimo non era ben considerato dagli altri a causa dei suoi modi aggressivi e del suo carattere difficile. Inoltre, condannava severamente i vizi e le ipocrisie e spesso discuteva con i saggi e i sapienti. In queste condizioni contrastanti, quando Damaso mor\u00ec, decise di ritornare in Oriente e nell&#8217;agosto del 385 si imbarc\u00f2 a Ostia per raggiungere la Terra Santa, accompagnato da alcuni suoi fedeli monaci e da un gruppo di suoi seguaci, tra cui la nobile Paola con la figlia Eustoquia. Intraprese un pellegrinaggio, arriv\u00f2 in Egitto e poi si ferm\u00f2 a Betlemme, dove apr\u00ec una scuola che gli offriva la sua istruzione gratuitamente. Grazie alla generosit\u00e0 di Paola costru\u00ec un monastero maschile, uno femminile e un ospizio per i viaggiatori in visita ai Luoghi Santi.<\/p>\n<h3><strong>Il ritiro a Betlemme<\/strong><\/h3>\n<p>Girolamo trascorse il resto della sua vita a Betlemme, dedicandosi sempre alla Parola di Dio, alla difesa della fede, all&#8217;insegnamento della cultura classica e cristiana, e all&#8217;accoglienza dei pellegrini. Un uomo impetuoso, spesso polemico e litigioso, detestato ma anche molto amato. Non era facile parlargli; tuttavia, con la sua testimonianza di vita e i suoi scritti, lasci\u00f2 una grande eredit\u00e0 al cristianesimo. A lui si deve la prima traduzione latina della Bibbia, la cosiddetta Vulgata &#8211; con i Vangeli tradotti dal greco e l&#8217;Antico Testamento dall&#8217;ebraico &#8211; che ancora oggi, nella sua versione riveduta, rimane il testo ufficiale della Chiesa latina. La Parola di Dio, cos\u00ec studiata e commentata, \u00e8 stata anche &#8220;impegnata a viverla concretamente&#8221;, ha detto Benedetto XVI, che a Girolamo ha dedicato due catechismi nelle udienze generali del 7 e 14 novembre 2007. \u00c8 morto nella sua cella, vicino la Grotta della Nativit\u00e0, il 30 settembre, probabilmente nel 420.<\/p>\n<h3><strong>I suoi insegnamenti e le sue opere<\/strong><\/h3>\n<p><em>&#8220;Cosa possiamo imparare da san Girolamo? Mi sembra che soprattutto questo: amare la Parola di Dio nella Sacra Scrittura &#8211; ha suggerito Benedetto XVI &#8211; \u00e8 importante che ogni cristiano viva il contatto e il dialogo personale con la Parola di Dio, quella che ci \u00e8 donata nella Sacra Scrittura&#8230; \u00e8 anche una Parola che edifica la comunit\u00e0, che edifica la Chiesa. Perci\u00f2 dobbiamo leggerla in comunione con la Chiesa viva&#8221;<\/em>. Girolamo \u00e8 uno dei quattro Padri della Chiesa d&#8217;Occidente (insieme ad Ambrogio, Agostino e Gregorio Magno), proclamato Dottore della Chiesa nel 1567 da Pio V. In eredit\u00e0 ci hanno lasciato i suoi commenti, omelie, lettere, trattati, e opere storiografiche e agiografiche; Celebre \u00e8 il suo <em>De Viris Illustribus<\/em>, con le biografie di 135 autori, in maggioranza cristiani, ma anche ebrei e pagani, a dimostrare come la cultura cristiana fosse &#8220;una vera cultura degna di confronto con quella classica&#8221;. Non dobbiamo dimenticare la sua Cronaca (Chronicon) &#8211; traduzione e rielaborazione in latino della Cronaca greca di Eusebio di Cesarea, oggi perduta, &#8211; che contiene il racconto della storia universale, dove i dati storici si mescolano ai miti, a partire dalla nascita di Abramo fino all&#8217;anno 325. Infine, ricche di insegnamenti e consigli sinceri, ci restano molte epistole che rivelano la sua profonda spiritualit\u00e0.<\/p>\n","protected":false},"excerpt":{"rendered":"<p>Sacerdote e dottore della Chiesa<\/p>\n","protected":false},"author":17,"featured_media":109510,"comment_status":"closed","ping_status":"closed","sticky":false,"template":"","format":"standard","meta":{"_acf_changed":false,"_crdt_document":"","inline_featured_image":false,"footnotes":""},"categories":[73],"tags":[1722,11722,26205,17986,26204,17622,26206,5623,3356,12159,25101,1478,26207,5522,19400,26208,4952,64787,11269,26209,25102],"class_list":["post-109630","post","type-post","status-publish","format-standard","has-post-thumbnail","hentry","category-chiesa-e-mondo","tag-benedetto-xvi","tag-betlemme","tag-chiesa-latina","tag-cultura-cristiana-2","tag-dottore-della-chiesa","tag-fede-cristiana","tag-padre-della-chiesa-doccidente","tag-parola-di-dio","tag-sacerdote-it","tag-sacra-scrittura","tag-san-girolamo","tag-santi","tag-sofronio-eusebio-girolamo","tag-spiritualita","tag-storia-della-chiesa","tag-traduzione-della-bibbia","tag-trending-it","tag-trending-it-236","tag-vita-contemplativa","tag-vita-dei-santi","tag-vulgata-2"],"acf":[],"yoast_head":"<!-- This site is optimized with the Yoast SEO plugin v27.4 - https:\/\/yoast.com\/product\/yoast-seo-wordpress\/ -->\n<title>San Girolamo, 30 settembre &#8211; Exaudi<\/title>\n<meta name=\"robots\" content=\"index, follow, max-snippet:-1, max-image-preview:large, max-video-preview:-1\" \/>\n<link rel=\"canonical\" href=\"https:\/\/exaudi.org\/it\/san-girolamo-30-settembre\/\" \/>\n<meta property=\"og:locale\" content=\"it_IT\" \/>\n<meta property=\"og:type\" content=\"article\" \/>\n<meta property=\"og:title\" content=\"San Girolamo, 30 settembre &#8211; Exaudi\" \/>\n<meta property=\"og:description\" content=\"Sacerdote e dottore della Chiesa\" \/>\n<meta property=\"og:url\" content=\"https:\/\/exaudi.org\/it\/san-girolamo-30-settembre\/\" \/>\n<meta property=\"og:site_name\" content=\"Exaudi\" \/>\n<meta property=\"article:publisher\" content=\"https:\/\/www.facebook.com\/ExaudiNews\" \/>\n<meta property=\"article:author\" content=\"https:\/\/www.facebook.com\/ExaudiNotizie\/\" \/>\n<meta property=\"article:published_time\" content=\"2025-09-30T17:20:38+00:00\" \/>\n<meta property=\"article:modified_time\" content=\"2025-09-30T17:30:22+00:00\" \/>\n<meta property=\"og:image\" content=\"https:\/\/exaudi.org\/wp-content\/uploads\/2024\/09\/san-girolamo-caravaggio-large-0-large-0-large.jpg\" \/>\n\t<meta property=\"og:image:width\" content=\"690\" \/>\n\t<meta property=\"og:image:height\" content=\"504\" \/>\n\t<meta property=\"og:image:type\" content=\"image\/jpeg\" \/>\n<meta name=\"author\" content=\"Exaudi Redazione\" \/>\n<meta name=\"twitter:card\" content=\"summary_large_image\" \/>\n<meta name=\"twitter:creator\" content=\"@Exaudi_Notizie\" \/>\n<meta name=\"twitter:site\" content=\"@Exaudi_News\" \/>\n<meta name=\"twitter:label1\" content=\"Scritto da\" \/>\n\t<meta name=\"twitter:data1\" content=\"Exaudi Redazione\" \/>\n\t<meta name=\"twitter:label2\" content=\"Tempo di lettura stimato\" \/>\n\t<meta name=\"twitter:data2\" content=\"4 minuti\" \/>\n<script type=\"application\/ld+json\" class=\"yoast-schema-graph\">{\"@context\":\"https:\\\/\\\/schema.org\",\"@graph\":[{\"@type\":\"Article\",\"@id\":\"https:\\\/\\\/exaudi.org\\\/it\\\/san-girolamo-30-settembre\\\/#article\",\"isPartOf\":{\"@id\":\"https:\\\/\\\/exaudi.org\\\/it\\\/san-girolamo-30-settembre\\\/\"},\"author\":{\"name\":\"Exaudi Redazione\",\"@id\":\"https:\\\/\\\/exaudi.org\\\/#\\\/schema\\\/person\\\/e1ab6ed07c01774724dd96f925f3a5f0\"},\"headline\":\"San Girolamo, 30 settembre\",\"datePublished\":\"2025-09-30T17:20:38+00:00\",\"dateModified\":\"2025-09-30T17:30:22+00:00\",\"mainEntityOfPage\":{\"@id\":\"https:\\\/\\\/exaudi.org\\\/it\\\/san-girolamo-30-settembre\\\/\"},\"wordCount\":854,\"image\":{\"@id\":\"https:\\\/\\\/exaudi.org\\\/it\\\/san-girolamo-30-settembre\\\/#primaryimage\"},\"thumbnailUrl\":\"https:\\\/\\\/exaudi.org\\\/wp-content\\\/uploads\\\/2024\\\/09\\\/san-girolamo-caravaggio-large-0-large-0-large.jpg\",\"keywords\":[\"Benedetto XVI\",\"BETLEMME\",\"Chiesa latina\",\"CULTURA CRISTIANA\",\"Dottore della Chiesa\",\"FEDE CRISTIANA\",\"Padre della Chiesa d'Occidente\",\"Parola di Dio\",\"Sacerdote\",\"SACRA SCRITTURA\",\"San Girolamo\",\"santi\",\"Sofronio Eusebio Girolamo\",\"spiritualit\u00e0\",\"STORIA DELLA CHIESA\",\"traduzione della Bibbia\",\"Trending\",\"Trending\",\"VITA CONTEMPLATIVA\",\"vita dei santi\",\"Vulgata\"],\"articleSection\":[\"Chiesa e Mondo\"],\"inLanguage\":\"it-IT\"},{\"@type\":\"WebPage\",\"@id\":\"https:\\\/\\\/exaudi.org\\\/it\\\/san-girolamo-30-settembre\\\/\",\"url\":\"https:\\\/\\\/exaudi.org\\\/it\\\/san-girolamo-30-settembre\\\/\",\"name\":\"San Girolamo, 30 settembre &#8211; Exaudi\",\"isPartOf\":{\"@id\":\"https:\\\/\\\/exaudi.org\\\/#website\"},\"primaryImageOfPage\":{\"@id\":\"https:\\\/\\\/exaudi.org\\\/it\\\/san-girolamo-30-settembre\\\/#primaryimage\"},\"image\":{\"@id\":\"https:\\\/\\\/exaudi.org\\\/it\\\/san-girolamo-30-settembre\\\/#primaryimage\"},\"thumbnailUrl\":\"https:\\\/\\\/exaudi.org\\\/wp-content\\\/uploads\\\/2024\\\/09\\\/san-girolamo-caravaggio-large-0-large-0-large.jpg\",\"datePublished\":\"2025-09-30T17:20:38+00:00\",\"dateModified\":\"2025-09-30T17:30:22+00:00\",\"author\":{\"@id\":\"https:\\\/\\\/exaudi.org\\\/#\\\/schema\\\/person\\\/e1ab6ed07c01774724dd96f925f3a5f0\"},\"breadcrumb\":{\"@id\":\"https:\\\/\\\/exaudi.org\\\/it\\\/san-girolamo-30-settembre\\\/#breadcrumb\"},\"inLanguage\":\"it-IT\",\"potentialAction\":[{\"@type\":\"ReadAction\",\"target\":[\"https:\\\/\\\/exaudi.org\\\/it\\\/san-girolamo-30-settembre\\\/\"]}]},{\"@type\":\"ImageObject\",\"inLanguage\":\"it-IT\",\"@id\":\"https:\\\/\\\/exaudi.org\\\/it\\\/san-girolamo-30-settembre\\\/#primaryimage\",\"url\":\"https:\\\/\\\/exaudi.org\\\/wp-content\\\/uploads\\\/2024\\\/09\\\/san-girolamo-caravaggio-large-0-large-0-large.jpg\",\"contentUrl\":\"https:\\\/\\\/exaudi.org\\\/wp-content\\\/uploads\\\/2024\\\/09\\\/san-girolamo-caravaggio-large-0-large-0-large.jpg\",\"width\":690,\"height\":504},{\"@type\":\"BreadcrumbList\",\"@id\":\"https:\\\/\\\/exaudi.org\\\/it\\\/san-girolamo-30-settembre\\\/#breadcrumb\",\"itemListElement\":[{\"@type\":\"ListItem\",\"position\":1,\"name\":\"Portada\",\"item\":\"https:\\\/\\\/exaudi.org\\\/it\\\/\"},{\"@type\":\"ListItem\",\"position\":2,\"name\":\"San Girolamo, 30 settembre\"}]},{\"@type\":\"WebSite\",\"@id\":\"https:\\\/\\\/exaudi.org\\\/#website\",\"url\":\"https:\\\/\\\/exaudi.org\\\/\",\"name\":\"Exaudi\",\"description\":\"News\",\"potentialAction\":[{\"@type\":\"SearchAction\",\"target\":{\"@type\":\"EntryPoint\",\"urlTemplate\":\"https:\\\/\\\/exaudi.org\\\/?s={search_term_string}\"},\"query-input\":{\"@type\":\"PropertyValueSpecification\",\"valueRequired\":true,\"valueName\":\"search_term_string\"}}],\"inLanguage\":\"it-IT\"},{\"@type\":\"Person\",\"@id\":\"https:\\\/\\\/exaudi.org\\\/#\\\/schema\\\/person\\\/e1ab6ed07c01774724dd96f925f3a5f0\",\"name\":\"Exaudi Redazione\",\"image\":{\"@type\":\"ImageObject\",\"inLanguage\":\"it-IT\",\"@id\":\"https:\\\/\\\/secure.gravatar.com\\\/avatar\\\/ad6774b3ada023bf5b939d64f45c94b3adf91502dd883507d469b4308a943bb3?s=96&d=mm&r=g\",\"url\":\"https:\\\/\\\/secure.gravatar.com\\\/avatar\\\/ad6774b3ada023bf5b939d64f45c94b3adf91502dd883507d469b4308a943bb3?s=96&d=mm&r=g\",\"contentUrl\":\"https:\\\/\\\/secure.gravatar.com\\\/avatar\\\/ad6774b3ada023bf5b939d64f45c94b3adf91502dd883507d469b4308a943bb3?s=96&d=mm&r=g\",\"caption\":\"Exaudi Redazione\"},\"description\":\"Che cosa \u00e8 Exaudi News? Exaudi News \u00e8 un agenzia cattolica internazionale che informa, istruisce e trasforma quotidianamente in spagnolo, inglese e italiano. Attraverso notizie, articoli di analisi e trasmissioni in diretta degli eventi del Papa, Exaudi cerca di rafforzare l'unit\u00e0 dei cristiani e di contribuire all'evangelizzazione del mondo, sempre guidato dalla dottrina sociale della Chiesa. Lavoriamo per portare la verit\u00e0 e i valori cristiani in ogni angolo del pianeta. Aiutaci a trasformare il mondo con Exaudi! Noi di Exaudi crediamo che l'evangelizzazione e l'informazione di qualit\u00e0 possano cambiare la vita. Per continuare la nostra missione ed espandere la nostra portata, abbiamo bisogno del tuo aiuto. Stiamo anche cercando persone motivate che vogliano unirsi al nostro team. Grazie al vostro sostegno raggiungeremo pi\u00f9 persone, diffonderemo il messaggio di Cristo e rafforzeremo l'unit\u00e0 dei cristiani. Vuoi unirti alla nostra missione? Per maggiori informazioni su come contribuire, visita Exaudi.org\\\/it o contattaci direttamente: info@exaudi.org Exaudi: informa, forma e trasforma.\",\"sameAs\":[\"https:\\\/\\\/www.facebook.com\\\/ExaudiNotizie\\\/\",\"https:\\\/\\\/www.instagram.com\\\/Exaudi_notizie\\\/\",\"https:\\\/\\\/x.com\\\/Exaudi_Notizie\",\"https:\\\/\\\/www.youtube.com\\\/@exaudicatholicnews\"],\"url\":\"https:\\\/\\\/exaudi.org\\\/it\\\/author\\\/dlvedi-org\\\/\"}]}<\/script>\n<!-- \/ Yoast SEO plugin. -->","yoast_head_json":{"title":"San Girolamo, 30 settembre &#8211; Exaudi","robots":{"index":"index","follow":"follow","max-snippet":"max-snippet:-1","max-image-preview":"max-image-preview:large","max-video-preview":"max-video-preview:-1"},"canonical":"https:\/\/exaudi.org\/it\/san-girolamo-30-settembre\/","og_locale":"it_IT","og_type":"article","og_title":"San Girolamo, 30 settembre &#8211; Exaudi","og_description":"Sacerdote e dottore della Chiesa","og_url":"https:\/\/exaudi.org\/it\/san-girolamo-30-settembre\/","og_site_name":"Exaudi","article_publisher":"https:\/\/www.facebook.com\/ExaudiNews","article_author":"https:\/\/www.facebook.com\/ExaudiNotizie\/","article_published_time":"2025-09-30T17:20:38+00:00","article_modified_time":"2025-09-30T17:30:22+00:00","og_image":[{"width":690,"height":504,"url":"https:\/\/exaudi.org\/wp-content\/uploads\/2024\/09\/san-girolamo-caravaggio-large-0-large-0-large.jpg","type":"image\/jpeg"}],"author":"Exaudi Redazione","twitter_card":"summary_large_image","twitter_creator":"@Exaudi_Notizie","twitter_site":"@Exaudi_News","twitter_misc":{"Scritto da":"Exaudi Redazione","Tempo di lettura stimato":"4 minuti"},"schema":{"@context":"https:\/\/schema.org","@graph":[{"@type":"Article","@id":"https:\/\/exaudi.org\/it\/san-girolamo-30-settembre\/#article","isPartOf":{"@id":"https:\/\/exaudi.org\/it\/san-girolamo-30-settembre\/"},"author":{"name":"Exaudi Redazione","@id":"https:\/\/exaudi.org\/#\/schema\/person\/e1ab6ed07c01774724dd96f925f3a5f0"},"headline":"San Girolamo, 30 settembre","datePublished":"2025-09-30T17:20:38+00:00","dateModified":"2025-09-30T17:30:22+00:00","mainEntityOfPage":{"@id":"https:\/\/exaudi.org\/it\/san-girolamo-30-settembre\/"},"wordCount":854,"image":{"@id":"https:\/\/exaudi.org\/it\/san-girolamo-30-settembre\/#primaryimage"},"thumbnailUrl":"https:\/\/exaudi.org\/wp-content\/uploads\/2024\/09\/san-girolamo-caravaggio-large-0-large-0-large.jpg","keywords":["Benedetto XVI","BETLEMME","Chiesa latina","CULTURA CRISTIANA","Dottore della Chiesa","FEDE CRISTIANA","Padre della Chiesa d'Occidente","Parola di Dio","Sacerdote","SACRA SCRITTURA","San Girolamo","santi","Sofronio Eusebio Girolamo","spiritualit\u00e0","STORIA DELLA CHIESA","traduzione della Bibbia","Trending","Trending","VITA CONTEMPLATIVA","vita dei santi","Vulgata"],"articleSection":["Chiesa e Mondo"],"inLanguage":"it-IT"},{"@type":"WebPage","@id":"https:\/\/exaudi.org\/it\/san-girolamo-30-settembre\/","url":"https:\/\/exaudi.org\/it\/san-girolamo-30-settembre\/","name":"San Girolamo, 30 settembre &#8211; Exaudi","isPartOf":{"@id":"https:\/\/exaudi.org\/#website"},"primaryImageOfPage":{"@id":"https:\/\/exaudi.org\/it\/san-girolamo-30-settembre\/#primaryimage"},"image":{"@id":"https:\/\/exaudi.org\/it\/san-girolamo-30-settembre\/#primaryimage"},"thumbnailUrl":"https:\/\/exaudi.org\/wp-content\/uploads\/2024\/09\/san-girolamo-caravaggio-large-0-large-0-large.jpg","datePublished":"2025-09-30T17:20:38+00:00","dateModified":"2025-09-30T17:30:22+00:00","author":{"@id":"https:\/\/exaudi.org\/#\/schema\/person\/e1ab6ed07c01774724dd96f925f3a5f0"},"breadcrumb":{"@id":"https:\/\/exaudi.org\/it\/san-girolamo-30-settembre\/#breadcrumb"},"inLanguage":"it-IT","potentialAction":[{"@type":"ReadAction","target":["https:\/\/exaudi.org\/it\/san-girolamo-30-settembre\/"]}]},{"@type":"ImageObject","inLanguage":"it-IT","@id":"https:\/\/exaudi.org\/it\/san-girolamo-30-settembre\/#primaryimage","url":"https:\/\/exaudi.org\/wp-content\/uploads\/2024\/09\/san-girolamo-caravaggio-large-0-large-0-large.jpg","contentUrl":"https:\/\/exaudi.org\/wp-content\/uploads\/2024\/09\/san-girolamo-caravaggio-large-0-large-0-large.jpg","width":690,"height":504},{"@type":"BreadcrumbList","@id":"https:\/\/exaudi.org\/it\/san-girolamo-30-settembre\/#breadcrumb","itemListElement":[{"@type":"ListItem","position":1,"name":"Portada","item":"https:\/\/exaudi.org\/it\/"},{"@type":"ListItem","position":2,"name":"San Girolamo, 30 settembre"}]},{"@type":"WebSite","@id":"https:\/\/exaudi.org\/#website","url":"https:\/\/exaudi.org\/","name":"Exaudi","description":"News","potentialAction":[{"@type":"SearchAction","target":{"@type":"EntryPoint","urlTemplate":"https:\/\/exaudi.org\/?s={search_term_string}"},"query-input":{"@type":"PropertyValueSpecification","valueRequired":true,"valueName":"search_term_string"}}],"inLanguage":"it-IT"},{"@type":"Person","@id":"https:\/\/exaudi.org\/#\/schema\/person\/e1ab6ed07c01774724dd96f925f3a5f0","name":"Exaudi Redazione","image":{"@type":"ImageObject","inLanguage":"it-IT","@id":"https:\/\/secure.gravatar.com\/avatar\/ad6774b3ada023bf5b939d64f45c94b3adf91502dd883507d469b4308a943bb3?s=96&d=mm&r=g","url":"https:\/\/secure.gravatar.com\/avatar\/ad6774b3ada023bf5b939d64f45c94b3adf91502dd883507d469b4308a943bb3?s=96&d=mm&r=g","contentUrl":"https:\/\/secure.gravatar.com\/avatar\/ad6774b3ada023bf5b939d64f45c94b3adf91502dd883507d469b4308a943bb3?s=96&d=mm&r=g","caption":"Exaudi Redazione"},"description":"Che cosa \u00e8 Exaudi News? Exaudi News \u00e8 un agenzia cattolica internazionale che informa, istruisce e trasforma quotidianamente in spagnolo, inglese e italiano. Attraverso notizie, articoli di analisi e trasmissioni in diretta degli eventi del Papa, Exaudi cerca di rafforzare l'unit\u00e0 dei cristiani e di contribuire all'evangelizzazione del mondo, sempre guidato dalla dottrina sociale della Chiesa. Lavoriamo per portare la verit\u00e0 e i valori cristiani in ogni angolo del pianeta. Aiutaci a trasformare il mondo con Exaudi! Noi di Exaudi crediamo che l'evangelizzazione e l'informazione di qualit\u00e0 possano cambiare la vita. Per continuare la nostra missione ed espandere la nostra portata, abbiamo bisogno del tuo aiuto. Stiamo anche cercando persone motivate che vogliano unirsi al nostro team. Grazie al vostro sostegno raggiungeremo pi\u00f9 persone, diffonderemo il messaggio di Cristo e rafforzeremo l'unit\u00e0 dei cristiani. Vuoi unirti alla nostra missione? Per maggiori informazioni su come contribuire, visita Exaudi.org\/it o contattaci direttamente: info@exaudi.org Exaudi: informa, forma e trasforma.","sameAs":["https:\/\/www.facebook.com\/ExaudiNotizie\/","https:\/\/www.instagram.com\/Exaudi_notizie\/","https:\/\/x.com\/Exaudi_Notizie","https:\/\/www.youtube.com\/@exaudicatholicnews"],"url":"https:\/\/exaudi.org\/it\/author\/dlvedi-org\/"}]}},"jetpack_featured_media_url":"https:\/\/exaudi.org\/wp-content\/uploads\/2024\/09\/san-girolamo-caravaggio-large-0-large-0-large.jpg","jetpack_shortlink":"https:\/\/wp.me\/pgKjF2-swe","_links":{"self":[{"href":"https:\/\/exaudi.org\/it\/wp-json\/wp\/v2\/posts\/109630","targetHints":{"allow":["GET"]}}],"collection":[{"href":"https:\/\/exaudi.org\/it\/wp-json\/wp\/v2\/posts"}],"about":[{"href":"https:\/\/exaudi.org\/it\/wp-json\/wp\/v2\/types\/post"}],"author":[{"embeddable":true,"href":"https:\/\/exaudi.org\/it\/wp-json\/wp\/v2\/users\/17"}],"replies":[{"embeddable":true,"href":"https:\/\/exaudi.org\/it\/wp-json\/wp\/v2\/comments?post=109630"}],"version-history":[{"count":2,"href":"https:\/\/exaudi.org\/it\/wp-json\/wp\/v2\/posts\/109630\/revisions"}],"predecessor-version":[{"id":137067,"href":"https:\/\/exaudi.org\/it\/wp-json\/wp\/v2\/posts\/109630\/revisions\/137067"}],"wp:featuredmedia":[{"embeddable":true,"href":"https:\/\/exaudi.org\/it\/wp-json\/wp\/v2\/media\/109510"}],"wp:attachment":[{"href":"https:\/\/exaudi.org\/it\/wp-json\/wp\/v2\/media?parent=109630"}],"wp:term":[{"taxonomy":"category","embeddable":true,"href":"https:\/\/exaudi.org\/it\/wp-json\/wp\/v2\/categories?post=109630"},{"taxonomy":"post_tag","embeddable":true,"href":"https:\/\/exaudi.org\/it\/wp-json\/wp\/v2\/tags?post=109630"}],"curies":[{"name":"wp","href":"https:\/\/api.w.org\/{rel}","templated":true}]}}