{"id":109379,"date":"2024-09-27T23:48:12","date_gmt":"2024-09-27T21:48:12","guid":{"rendered":"https:\/\/exaudi.org\/?p=109379"},"modified":"2024-09-27T23:48:12","modified_gmt":"2024-09-27T21:48:12","slug":"il-papa-agli-insegnanti-belgi-allargare-i-confini-e-cercare-la-verita","status":"publish","type":"post","link":"https:\/\/exaudi.org\/it\/il-papa-agli-insegnanti-belgi-allargare-i-confini-e-cercare-la-verita\/","title":{"rendered":"Il Papa agli insegnanti belgi: Allargare i confini e cercare la verit\u00e0"},"content":{"rendered":"<p>Venerd\u00ec, nel secondo giorno del suo viaggio apostolico in Belgio, Papa Francesco si \u00e8 recato da Bruxelles a Lovanio per incontrare i professori universitari di questo Paese dell&#8217;Unione Europea.<\/p>\n<p>L&#8217;incontro si \u00e8 svolto presso l&#8217;Universit\u00e0 Cattolica di Lovanio, che quest&#8217;anno celebra il suo 600\u00b0 anniversario.<\/p>\n<p>Nel suo discorso, il Papa ha riflettuto sulla necessit\u00e0 che le universit\u00e0 cattoliche offrano una formazione completa agli studenti, affinch\u00e9 possano imparare a interpretare il presente e progettare il futuro.<\/p>\n<p>Le universit\u00e0, ha affermato, promuovono la ricerca di idee e ispirazioni, poich\u00e9 la formazione culturale non \u00e8 mai qualcosa di statico.<\/p>\n<p>\u201c\u00c8 una grande conquista vedere le universit\u00e0 come generatrici di cultura e di idee \u2013 ha aggiunto \u2013 ma soprattutto come promotrici della passione per la ricerca della verit\u00e0, al servizio del progresso umano\u201d.<\/p>\n<p>Nella loro missione di portare il Vangelo nella cultura, le universit\u00e0 cattoliche devono \u201callargare i confini della conoscenza\u201d, creando uno \u201cspazio critico che comprenda e parli della vita\u201d.<\/p>\n<p>Papa Francesco ha sottolineato che la nostra societ\u00e0 moderna sembra rifiutarsi di cercare la verit\u00e0 e ha perso la passione per la ricerca, cercando solo il conforto che finisce per uguagliare e relativizzare tutto.<\/p>\n<p>Questa prospettiva si traduce in una \u201cstanchezza intellettuale\u201d che ci chiude in noi stessi.<\/p>\n<p>\u201cC\u2019\u00e8 anche il pericolo di essere attratti da una \u2018fede\u2019 facile, senza sforzo e confortevole, che non mette in discussione nulla\u201d, ha aggiunto.<\/p>\n<p>Un altro tipo di confine da superare, ha detto il Papa, riguarda un \u201crazionalismo senz\u2019anima\u201d che riduce tutto a materiale e visibile.<\/p>\n<p>\u201cIn questo modo \u2013 ha aggiunto \u2013 perdiamo il senso dello stupore, la capacit\u00e0 di meravigliarci, che ci spinge a guardare oltre, ad alzare gli occhi al cielo, a scoprire quella verit\u00e0 nascosta, che risponde a domande fondamentali come: Perch\u00e9 sono vivo? Qual \u00e8 il significato della mia vita?\u201d<\/p>\n<p>Il papa ha esortato i professori universitari a chiedere a Dio la grazia di \u201callargare i nostri confini\u201d, citando una storia biblica tratta dal Libro delle Cronache su un uomo di nome Jabez (1 Cronache 4:10).<\/p>\n<p>La conoscenza dei nostri limiti, ha affermato, ci spinge avanti e ci invita a \u201crimanere una finestra aperta sul mondo di oggi\u201d.<\/p>\n<p>Papa Francesco ha anche elogiato l\u2019Universit\u00e0 Cattolica di Lovanio per aver ospitato i rifugiati in cerca di una casa migliore e della verit\u00e0.<\/p>\n<p>\u201cCi\u00f2 di cui abbiamo bisogno \u00e8 una cultura che allarghi i confini ed eviti il \u200b\u200b\u201csettarismo\u201d o l\u2019esaltazione di noi stessi al di sopra degli altri\u201d, ha affermato. \u201cAbbiamo bisogno di una cultura immersa come un buon \u201clievito\u201d nel nostro mondo, che contribuisca al bene comune dell\u2019umanit\u00e0\u201d.<\/p>\n<p>Papa Francesco ha concluso invitando i professori universitari a contribuire a costruire una cultura compassionevole e inclusiva che si prenda cura dei pi\u00f9 deboli.<\/p>\n<p>\u201cMantieni viva questa fiamma; Espandere i confini!\u201d, ha detto. \u201cSiate instancabili ricercatori della verit\u00e0 e non lasciate che il vostro entusiasmo diminuisca per non cadere nel letargo intellettuale\u201d.<br \/>\nEnviar comentarios<br \/>\nPaneles laterales<br \/>\nHistorial<br \/>\nGuardado<\/p>\n","protected":false},"excerpt":{"rendered":"<p>Papa Francesco incontra i professori universitari belgi dell&#8217;Universit\u00e0 Cattolica di Lovanio e li esorta a ricercare senza sosta la verit\u00e0 e ad ampliare i limiti della conoscenza<\/p>\n","protected":false},"author":17,"featured_media":109362,"comment_status":"closed","ping_status":"closed","sticky":false,"template":"","format":"standard","meta":{"_acf_changed":false,"_crdt_document":"","inline_featured_image":false,"footnotes":""},"categories":[67,119,125],"tags":[25731,25927,2747,2053,25750,1301,12225,941,25930,21635,25928,7626,2487,21921,25933,25931,25932,251,25934,25935,25929,15973,25756,706],"class_list":["post-109379","post","type-post","status-publish","format-standard","has-post-thumbnail","hentry","category-leone-xiv","category-viaggi","category-viaggi-papali","tag-46-viaggio-apostolico","tag-accoglienza-dei-rifugiati","tag-belgio","tag-bene-comune","tag-bruxelles","tag-compassione","tag-conoscenza","tag-cultura","tag-cultura-inclusiva-2","tag-educazione-cattolica","tag-espansione-delle-frontiere","tag-featured-it","tag-featured-3","tag-formazione-integrale","tag-insegnanti-belgi","tag-letargia-intellettuale","tag-lovanio","tag-papa-francesco","tag-progresso-umano","tag-razionalismo","tag-ricerca-della-verita","tag-senso-della-vita","tag-universita-cattolica-di-lovanio","tag-vangelo"],"acf":[],"yoast_head":"<!-- This site is optimized with the Yoast SEO plugin v27.4 - https:\/\/yoast.com\/product\/yoast-seo-wordpress\/ -->\n<title>Il Papa agli insegnanti belgi: Allargare i confini e cercare la verit\u00e0 &#8211; Exaudi<\/title>\n<meta name=\"robots\" content=\"index, follow, max-snippet:-1, max-image-preview:large, max-video-preview:-1\" \/>\n<link rel=\"canonical\" href=\"https:\/\/exaudi.org\/it\/il-papa-agli-insegnanti-belgi-allargare-i-confini-e-cercare-la-verita\/\" \/>\n<meta property=\"og:locale\" content=\"it_IT\" \/>\n<meta property=\"og:type\" content=\"article\" \/>\n<meta property=\"og:title\" content=\"Il Papa agli insegnanti belgi: Allargare i confini e cercare la verit\u00e0 &#8211; Exaudi\" \/>\n<meta property=\"og:description\" content=\"Papa Francesco incontra i professori universitari belgi dell&#039;Universit\u00e0 Cattolica di Lovanio e li esorta a ricercare senza sosta la verit\u00e0 e ad ampliare i limiti della conoscenza\" \/>\n<meta property=\"og:url\" content=\"https:\/\/exaudi.org\/it\/il-papa-agli-insegnanti-belgi-allargare-i-confini-e-cercare-la-verita\/\" \/>\n<meta property=\"og:site_name\" content=\"Exaudi\" \/>\n<meta property=\"article:publisher\" content=\"https:\/\/www.facebook.com\/ExaudiNews\" \/>\n<meta property=\"article:author\" content=\"https:\/\/www.facebook.com\/ExaudiNotizie\/\" \/>\n<meta property=\"article:published_time\" content=\"2024-09-27T21:48:12+00:00\" \/>\n<meta property=\"og:image\" content=\"https:\/\/exaudi.org\/wp-content\/uploads\/2024\/09\/cq5dam.thumbnail.cropped.750.422-1-5.jpeg\" \/>\n\t<meta property=\"og:image:width\" content=\"750\" \/>\n\t<meta property=\"og:image:height\" content=\"422\" \/>\n\t<meta property=\"og:image:type\" content=\"image\/jpeg\" \/>\n<meta name=\"author\" content=\"Exaudi Redazione\" \/>\n<meta name=\"twitter:card\" content=\"summary_large_image\" \/>\n<meta name=\"twitter:creator\" content=\"@Exaudi_Notizie\" \/>\n<meta name=\"twitter:site\" content=\"@Exaudi_News\" \/>\n<meta name=\"twitter:label1\" content=\"Scritto da\" \/>\n\t<meta name=\"twitter:data1\" content=\"Exaudi Redazione\" \/>\n\t<meta name=\"twitter:label2\" content=\"Tempo di lettura stimato\" \/>\n\t<meta name=\"twitter:data2\" content=\"2 minuti\" \/>\n<script type=\"application\/ld+json\" class=\"yoast-schema-graph\">{\"@context\":\"https:\\\/\\\/schema.org\",\"@graph\":[{\"@type\":\"Article\",\"@id\":\"https:\\\/\\\/exaudi.org\\\/it\\\/il-papa-agli-insegnanti-belgi-allargare-i-confini-e-cercare-la-verita\\\/#article\",\"isPartOf\":{\"@id\":\"https:\\\/\\\/exaudi.org\\\/it\\\/il-papa-agli-insegnanti-belgi-allargare-i-confini-e-cercare-la-verita\\\/\"},\"author\":{\"name\":\"Exaudi Redazione\",\"@id\":\"https:\\\/\\\/exaudi.org\\\/#\\\/schema\\\/person\\\/e1ab6ed07c01774724dd96f925f3a5f0\"},\"headline\":\"Il Papa agli insegnanti belgi: Allargare i confini e cercare la verit\u00e0\",\"datePublished\":\"2024-09-27T21:48:12+00:00\",\"mainEntityOfPage\":{\"@id\":\"https:\\\/\\\/exaudi.org\\\/it\\\/il-papa-agli-insegnanti-belgi-allargare-i-confini-e-cercare-la-verita\\\/\"},\"wordCount\":493,\"image\":{\"@id\":\"https:\\\/\\\/exaudi.org\\\/it\\\/il-papa-agli-insegnanti-belgi-allargare-i-confini-e-cercare-la-verita\\\/#primaryimage\"},\"thumbnailUrl\":\"https:\\\/\\\/exaudi.org\\\/wp-content\\\/uploads\\\/2024\\\/09\\\/cq5dam.thumbnail.cropped.750.422-1-5.jpeg\",\"keywords\":[\"46\u00b0 Viaggio Apostolico\",\"accoglienza dei rifugiati\",\"Belgio\",\"bene comune\",\"Bruxelles\",\"compassione\",\"CONOSCENZA\",\"cultura\",\"cultura inclusiva\",\"EDUCAZIONE CATTOLICA\",\"espansione delle frontiere\",\"Featured\",\"Featured\",\"FORMAZIONE INTEGRALE\",\"insegnanti belgi\",\"letargia intellettuale\",\"Lovanio\",\"Papa Francesco\",\"progresso umano\",\"razionalismo\",\"ricerca della verit\u00e0\",\"SENSO DELLA VITA\",\"Universit\u00e0 Cattolica di Lovanio\",\"Vangelo\"],\"articleSection\":[\"Leone XIV\",\"Viaggi\",\"Viaggi papali\"],\"inLanguage\":\"it-IT\"},{\"@type\":\"WebPage\",\"@id\":\"https:\\\/\\\/exaudi.org\\\/it\\\/il-papa-agli-insegnanti-belgi-allargare-i-confini-e-cercare-la-verita\\\/\",\"url\":\"https:\\\/\\\/exaudi.org\\\/it\\\/il-papa-agli-insegnanti-belgi-allargare-i-confini-e-cercare-la-verita\\\/\",\"name\":\"Il Papa agli insegnanti belgi: Allargare i confini e cercare la verit\u00e0 &#8211; Exaudi\",\"isPartOf\":{\"@id\":\"https:\\\/\\\/exaudi.org\\\/#website\"},\"primaryImageOfPage\":{\"@id\":\"https:\\\/\\\/exaudi.org\\\/it\\\/il-papa-agli-insegnanti-belgi-allargare-i-confini-e-cercare-la-verita\\\/#primaryimage\"},\"image\":{\"@id\":\"https:\\\/\\\/exaudi.org\\\/it\\\/il-papa-agli-insegnanti-belgi-allargare-i-confini-e-cercare-la-verita\\\/#primaryimage\"},\"thumbnailUrl\":\"https:\\\/\\\/exaudi.org\\\/wp-content\\\/uploads\\\/2024\\\/09\\\/cq5dam.thumbnail.cropped.750.422-1-5.jpeg\",\"datePublished\":\"2024-09-27T21:48:12+00:00\",\"author\":{\"@id\":\"https:\\\/\\\/exaudi.org\\\/#\\\/schema\\\/person\\\/e1ab6ed07c01774724dd96f925f3a5f0\"},\"breadcrumb\":{\"@id\":\"https:\\\/\\\/exaudi.org\\\/it\\\/il-papa-agli-insegnanti-belgi-allargare-i-confini-e-cercare-la-verita\\\/#breadcrumb\"},\"inLanguage\":\"it-IT\",\"potentialAction\":[{\"@type\":\"ReadAction\",\"target\":[\"https:\\\/\\\/exaudi.org\\\/it\\\/il-papa-agli-insegnanti-belgi-allargare-i-confini-e-cercare-la-verita\\\/\"]}]},{\"@type\":\"ImageObject\",\"inLanguage\":\"it-IT\",\"@id\":\"https:\\\/\\\/exaudi.org\\\/it\\\/il-papa-agli-insegnanti-belgi-allargare-i-confini-e-cercare-la-verita\\\/#primaryimage\",\"url\":\"https:\\\/\\\/exaudi.org\\\/wp-content\\\/uploads\\\/2024\\\/09\\\/cq5dam.thumbnail.cropped.750.422-1-5.jpeg\",\"contentUrl\":\"https:\\\/\\\/exaudi.org\\\/wp-content\\\/uploads\\\/2024\\\/09\\\/cq5dam.thumbnail.cropped.750.422-1-5.jpeg\",\"width\":750,\"height\":422},{\"@type\":\"BreadcrumbList\",\"@id\":\"https:\\\/\\\/exaudi.org\\\/it\\\/il-papa-agli-insegnanti-belgi-allargare-i-confini-e-cercare-la-verita\\\/#breadcrumb\",\"itemListElement\":[{\"@type\":\"ListItem\",\"position\":1,\"name\":\"Portada\",\"item\":\"https:\\\/\\\/exaudi.org\\\/it\\\/\"},{\"@type\":\"ListItem\",\"position\":2,\"name\":\"Il Papa agli insegnanti belgi: Allargare i confini e cercare la verit\u00e0\"}]},{\"@type\":\"WebSite\",\"@id\":\"https:\\\/\\\/exaudi.org\\\/#website\",\"url\":\"https:\\\/\\\/exaudi.org\\\/\",\"name\":\"Exaudi\",\"description\":\"News\",\"potentialAction\":[{\"@type\":\"SearchAction\",\"target\":{\"@type\":\"EntryPoint\",\"urlTemplate\":\"https:\\\/\\\/exaudi.org\\\/?s={search_term_string}\"},\"query-input\":{\"@type\":\"PropertyValueSpecification\",\"valueRequired\":true,\"valueName\":\"search_term_string\"}}],\"inLanguage\":\"it-IT\"},{\"@type\":\"Person\",\"@id\":\"https:\\\/\\\/exaudi.org\\\/#\\\/schema\\\/person\\\/e1ab6ed07c01774724dd96f925f3a5f0\",\"name\":\"Exaudi Redazione\",\"image\":{\"@type\":\"ImageObject\",\"inLanguage\":\"it-IT\",\"@id\":\"https:\\\/\\\/secure.gravatar.com\\\/avatar\\\/ad6774b3ada023bf5b939d64f45c94b3adf91502dd883507d469b4308a943bb3?s=96&d=mm&r=g\",\"url\":\"https:\\\/\\\/secure.gravatar.com\\\/avatar\\\/ad6774b3ada023bf5b939d64f45c94b3adf91502dd883507d469b4308a943bb3?s=96&d=mm&r=g\",\"contentUrl\":\"https:\\\/\\\/secure.gravatar.com\\\/avatar\\\/ad6774b3ada023bf5b939d64f45c94b3adf91502dd883507d469b4308a943bb3?s=96&d=mm&r=g\",\"caption\":\"Exaudi Redazione\"},\"description\":\"Che cosa \u00e8 Exaudi News? Exaudi News \u00e8 un agenzia cattolica internazionale che informa, istruisce e trasforma quotidianamente in spagnolo, inglese e italiano. Attraverso notizie, articoli di analisi e trasmissioni in diretta degli eventi del Papa, Exaudi cerca di rafforzare l'unit\u00e0 dei cristiani e di contribuire all'evangelizzazione del mondo, sempre guidato dalla dottrina sociale della Chiesa. Lavoriamo per portare la verit\u00e0 e i valori cristiani in ogni angolo del pianeta. Aiutaci a trasformare il mondo con Exaudi! Noi di Exaudi crediamo che l'evangelizzazione e l'informazione di qualit\u00e0 possano cambiare la vita. Per continuare la nostra missione ed espandere la nostra portata, abbiamo bisogno del tuo aiuto. Stiamo anche cercando persone motivate che vogliano unirsi al nostro team. Grazie al vostro sostegno raggiungeremo pi\u00f9 persone, diffonderemo il messaggio di Cristo e rafforzeremo l'unit\u00e0 dei cristiani. Vuoi unirti alla nostra missione? Per maggiori informazioni su come contribuire, visita Exaudi.org\\\/it o contattaci direttamente: info@exaudi.org Exaudi: informa, forma e trasforma.\",\"sameAs\":[\"https:\\\/\\\/www.facebook.com\\\/ExaudiNotizie\\\/\",\"https:\\\/\\\/www.instagram.com\\\/Exaudi_notizie\\\/\",\"https:\\\/\\\/x.com\\\/Exaudi_Notizie\",\"https:\\\/\\\/www.youtube.com\\\/@exaudicatholicnews\"],\"url\":\"https:\\\/\\\/exaudi.org\\\/it\\\/author\\\/dlvedi-org\\\/\"}]}<\/script>\n<!-- \/ Yoast SEO plugin. -->","yoast_head_json":{"title":"Il Papa agli insegnanti belgi: Allargare i confini e cercare la verit\u00e0 &#8211; Exaudi","robots":{"index":"index","follow":"follow","max-snippet":"max-snippet:-1","max-image-preview":"max-image-preview:large","max-video-preview":"max-video-preview:-1"},"canonical":"https:\/\/exaudi.org\/it\/il-papa-agli-insegnanti-belgi-allargare-i-confini-e-cercare-la-verita\/","og_locale":"it_IT","og_type":"article","og_title":"Il Papa agli insegnanti belgi: Allargare i confini e cercare la verit\u00e0 &#8211; Exaudi","og_description":"Papa Francesco incontra i professori universitari belgi dell'Universit\u00e0 Cattolica di Lovanio e li esorta a ricercare senza sosta la verit\u00e0 e ad ampliare i limiti della conoscenza","og_url":"https:\/\/exaudi.org\/it\/il-papa-agli-insegnanti-belgi-allargare-i-confini-e-cercare-la-verita\/","og_site_name":"Exaudi","article_publisher":"https:\/\/www.facebook.com\/ExaudiNews","article_author":"https:\/\/www.facebook.com\/ExaudiNotizie\/","article_published_time":"2024-09-27T21:48:12+00:00","og_image":[{"width":750,"height":422,"url":"https:\/\/exaudi.org\/wp-content\/uploads\/2024\/09\/cq5dam.thumbnail.cropped.750.422-1-5.jpeg","type":"image\/jpeg"}],"author":"Exaudi Redazione","twitter_card":"summary_large_image","twitter_creator":"@Exaudi_Notizie","twitter_site":"@Exaudi_News","twitter_misc":{"Scritto da":"Exaudi Redazione","Tempo di lettura stimato":"2 minuti"},"schema":{"@context":"https:\/\/schema.org","@graph":[{"@type":"Article","@id":"https:\/\/exaudi.org\/it\/il-papa-agli-insegnanti-belgi-allargare-i-confini-e-cercare-la-verita\/#article","isPartOf":{"@id":"https:\/\/exaudi.org\/it\/il-papa-agli-insegnanti-belgi-allargare-i-confini-e-cercare-la-verita\/"},"author":{"name":"Exaudi Redazione","@id":"https:\/\/exaudi.org\/#\/schema\/person\/e1ab6ed07c01774724dd96f925f3a5f0"},"headline":"Il Papa agli insegnanti belgi: Allargare i confini e cercare la verit\u00e0","datePublished":"2024-09-27T21:48:12+00:00","mainEntityOfPage":{"@id":"https:\/\/exaudi.org\/it\/il-papa-agli-insegnanti-belgi-allargare-i-confini-e-cercare-la-verita\/"},"wordCount":493,"image":{"@id":"https:\/\/exaudi.org\/it\/il-papa-agli-insegnanti-belgi-allargare-i-confini-e-cercare-la-verita\/#primaryimage"},"thumbnailUrl":"https:\/\/exaudi.org\/wp-content\/uploads\/2024\/09\/cq5dam.thumbnail.cropped.750.422-1-5.jpeg","keywords":["46\u00b0 Viaggio Apostolico","accoglienza dei rifugiati","Belgio","bene comune","Bruxelles","compassione","CONOSCENZA","cultura","cultura inclusiva","EDUCAZIONE CATTOLICA","espansione delle frontiere","Featured","Featured","FORMAZIONE INTEGRALE","insegnanti belgi","letargia intellettuale","Lovanio","Papa Francesco","progresso umano","razionalismo","ricerca della verit\u00e0","SENSO DELLA VITA","Universit\u00e0 Cattolica di Lovanio","Vangelo"],"articleSection":["Leone XIV","Viaggi","Viaggi papali"],"inLanguage":"it-IT"},{"@type":"WebPage","@id":"https:\/\/exaudi.org\/it\/il-papa-agli-insegnanti-belgi-allargare-i-confini-e-cercare-la-verita\/","url":"https:\/\/exaudi.org\/it\/il-papa-agli-insegnanti-belgi-allargare-i-confini-e-cercare-la-verita\/","name":"Il Papa agli insegnanti belgi: Allargare i confini e cercare la verit\u00e0 &#8211; Exaudi","isPartOf":{"@id":"https:\/\/exaudi.org\/#website"},"primaryImageOfPage":{"@id":"https:\/\/exaudi.org\/it\/il-papa-agli-insegnanti-belgi-allargare-i-confini-e-cercare-la-verita\/#primaryimage"},"image":{"@id":"https:\/\/exaudi.org\/it\/il-papa-agli-insegnanti-belgi-allargare-i-confini-e-cercare-la-verita\/#primaryimage"},"thumbnailUrl":"https:\/\/exaudi.org\/wp-content\/uploads\/2024\/09\/cq5dam.thumbnail.cropped.750.422-1-5.jpeg","datePublished":"2024-09-27T21:48:12+00:00","author":{"@id":"https:\/\/exaudi.org\/#\/schema\/person\/e1ab6ed07c01774724dd96f925f3a5f0"},"breadcrumb":{"@id":"https:\/\/exaudi.org\/it\/il-papa-agli-insegnanti-belgi-allargare-i-confini-e-cercare-la-verita\/#breadcrumb"},"inLanguage":"it-IT","potentialAction":[{"@type":"ReadAction","target":["https:\/\/exaudi.org\/it\/il-papa-agli-insegnanti-belgi-allargare-i-confini-e-cercare-la-verita\/"]}]},{"@type":"ImageObject","inLanguage":"it-IT","@id":"https:\/\/exaudi.org\/it\/il-papa-agli-insegnanti-belgi-allargare-i-confini-e-cercare-la-verita\/#primaryimage","url":"https:\/\/exaudi.org\/wp-content\/uploads\/2024\/09\/cq5dam.thumbnail.cropped.750.422-1-5.jpeg","contentUrl":"https:\/\/exaudi.org\/wp-content\/uploads\/2024\/09\/cq5dam.thumbnail.cropped.750.422-1-5.jpeg","width":750,"height":422},{"@type":"BreadcrumbList","@id":"https:\/\/exaudi.org\/it\/il-papa-agli-insegnanti-belgi-allargare-i-confini-e-cercare-la-verita\/#breadcrumb","itemListElement":[{"@type":"ListItem","position":1,"name":"Portada","item":"https:\/\/exaudi.org\/it\/"},{"@type":"ListItem","position":2,"name":"Il Papa agli insegnanti belgi: Allargare i confini e cercare la verit\u00e0"}]},{"@type":"WebSite","@id":"https:\/\/exaudi.org\/#website","url":"https:\/\/exaudi.org\/","name":"Exaudi","description":"News","potentialAction":[{"@type":"SearchAction","target":{"@type":"EntryPoint","urlTemplate":"https:\/\/exaudi.org\/?s={search_term_string}"},"query-input":{"@type":"PropertyValueSpecification","valueRequired":true,"valueName":"search_term_string"}}],"inLanguage":"it-IT"},{"@type":"Person","@id":"https:\/\/exaudi.org\/#\/schema\/person\/e1ab6ed07c01774724dd96f925f3a5f0","name":"Exaudi Redazione","image":{"@type":"ImageObject","inLanguage":"it-IT","@id":"https:\/\/secure.gravatar.com\/avatar\/ad6774b3ada023bf5b939d64f45c94b3adf91502dd883507d469b4308a943bb3?s=96&d=mm&r=g","url":"https:\/\/secure.gravatar.com\/avatar\/ad6774b3ada023bf5b939d64f45c94b3adf91502dd883507d469b4308a943bb3?s=96&d=mm&r=g","contentUrl":"https:\/\/secure.gravatar.com\/avatar\/ad6774b3ada023bf5b939d64f45c94b3adf91502dd883507d469b4308a943bb3?s=96&d=mm&r=g","caption":"Exaudi Redazione"},"description":"Che cosa \u00e8 Exaudi News? Exaudi News \u00e8 un agenzia cattolica internazionale che informa, istruisce e trasforma quotidianamente in spagnolo, inglese e italiano. Attraverso notizie, articoli di analisi e trasmissioni in diretta degli eventi del Papa, Exaudi cerca di rafforzare l'unit\u00e0 dei cristiani e di contribuire all'evangelizzazione del mondo, sempre guidato dalla dottrina sociale della Chiesa. Lavoriamo per portare la verit\u00e0 e i valori cristiani in ogni angolo del pianeta. Aiutaci a trasformare il mondo con Exaudi! Noi di Exaudi crediamo che l'evangelizzazione e l'informazione di qualit\u00e0 possano cambiare la vita. Per continuare la nostra missione ed espandere la nostra portata, abbiamo bisogno del tuo aiuto. Stiamo anche cercando persone motivate che vogliano unirsi al nostro team. Grazie al vostro sostegno raggiungeremo pi\u00f9 persone, diffonderemo il messaggio di Cristo e rafforzeremo l'unit\u00e0 dei cristiani. Vuoi unirti alla nostra missione? Per maggiori informazioni su come contribuire, visita Exaudi.org\/it o contattaci direttamente: info@exaudi.org Exaudi: informa, forma e trasforma.","sameAs":["https:\/\/www.facebook.com\/ExaudiNotizie\/","https:\/\/www.instagram.com\/Exaudi_notizie\/","https:\/\/x.com\/Exaudi_Notizie","https:\/\/www.youtube.com\/@exaudicatholicnews"],"url":"https:\/\/exaudi.org\/it\/author\/dlvedi-org\/"}]}},"jetpack_featured_media_url":"https:\/\/exaudi.org\/wp-content\/uploads\/2024\/09\/cq5dam.thumbnail.cropped.750.422-1-5.jpeg","jetpack_shortlink":"https:\/\/wp.me\/pgKjF2-ssb","_links":{"self":[{"href":"https:\/\/exaudi.org\/it\/wp-json\/wp\/v2\/posts\/109379","targetHints":{"allow":["GET"]}}],"collection":[{"href":"https:\/\/exaudi.org\/it\/wp-json\/wp\/v2\/posts"}],"about":[{"href":"https:\/\/exaudi.org\/it\/wp-json\/wp\/v2\/types\/post"}],"author":[{"embeddable":true,"href":"https:\/\/exaudi.org\/it\/wp-json\/wp\/v2\/users\/17"}],"replies":[{"embeddable":true,"href":"https:\/\/exaudi.org\/it\/wp-json\/wp\/v2\/comments?post=109379"}],"version-history":[{"count":0,"href":"https:\/\/exaudi.org\/it\/wp-json\/wp\/v2\/posts\/109379\/revisions"}],"wp:featuredmedia":[{"embeddable":true,"href":"https:\/\/exaudi.org\/it\/wp-json\/wp\/v2\/media\/109362"}],"wp:attachment":[{"href":"https:\/\/exaudi.org\/it\/wp-json\/wp\/v2\/media?parent=109379"}],"wp:term":[{"taxonomy":"category","embeddable":true,"href":"https:\/\/exaudi.org\/it\/wp-json\/wp\/v2\/categories?post=109379"},{"taxonomy":"post_tag","embeddable":true,"href":"https:\/\/exaudi.org\/it\/wp-json\/wp\/v2\/tags?post=109379"}],"curies":[{"name":"wp","href":"https:\/\/api.w.org\/{rel}","templated":true}]}}