{"id":109268,"date":"2024-09-27T08:30:40","date_gmt":"2024-09-27T06:30:40","guid":{"rendered":"https:\/\/exaudi.org\/?p=109268"},"modified":"2024-09-26T21:42:10","modified_gmt":"2024-09-26T19:42:10","slug":"per-i-fratelli-in-mobilita","status":"publish","type":"post","link":"https:\/\/exaudi.org\/it\/per-i-fratelli-in-mobilita\/","title":{"rendered":"Per i fratelli in mobilit\u00e0"},"content":{"rendered":"<p>Ogni anno, sia le Nazioni Unite che la Chiesa cattolica celebrano una giornata globale di preghiera e solidariet\u00e0 con migranti e rifugiati. \u00c8 una data per riflettere sul fenomeno dei grandi movimenti migratori e di rifugiati che si verificano oggi, in modo massiccio e in diversi angoli dell\u2019umanit\u00e0, con le conseguenti crisi umanitarie.<\/p>\n<p>Sono movimenti migratori che avvengono in molte nazioni all\u2019interno, come spostamenti forzati, soprattutto a causa di conflitti violenti o, a livello internazionale, compiuti da grandi gruppi di esseri umani che lasciano le loro terre d\u2019origine \u2013 per molteplici e complesse ragioni \u2013 e vanno, alla ricerca di migliori condizioni di vita \u2013 ad altre nazioni.<\/p>\n<p>Quest\u2019anno, 2024, domenica prossima, 29 settembre, si svolger\u00e0 la 110a GIORNATA MONDIALE DEL MIGRANTE E DEL RIFUGIATO organizzata dalla Chiesa cattolica, con il messaggio e il motto di Papa Francesco per quell\u2019occasione: <em>\u201cDio cammina con il suo popolo\u201d e nel contesto della conclusione della XVI sessione dell&#8217;Assemblea Generale Ordinaria del Sinodo sulla Sinodalit\u00e0, che si presenta come un \u201ccammino comune del Popolo di Dio\u201d e che \u201cpermette alla Chiesa di riscoprire la sua natura itinerante, come popolo di Dio, in cammino.\u201d Nel corso della storia, pellegrino, diremmo \u201cemigrante\u201d verso il Regno dei Cieli\u2026\u201d<\/em><\/p>\n<p><em>&#8220;Parimenti, dice il Papa, nel suddetto messaggio \u00e8 possibile vedere negli emigranti del nostro tempo, come in quelli di tutti i tempi, un&#8217;immagine viva del popolo di Dio in cammino verso la patria eterna. I loro viaggi di speranza ci ricordano che &#8220;siamo cittadini del cielo, e speriamo ardentemente che di l\u00e0 venga il Signore Ges\u00f9 Cristo&#8221; come Salvatore abusi, di insicurezza e discriminazione, di mancanza di progetti di sviluppo\u201d.<\/em><\/p>\n<p>Allo stesso modo, i riferimenti, il sostegno e le azioni della Conferenza dei Vescovi Cattolici degli Stati Uniti a favore dei migranti e dei rifugiati sono innumerevoli. Con altrettanta preoccupazione e interesse intervenne allora la V Conferenza Generale dell&#8217;Episcopato Latinoamericano, riunita ad Aparecida &#8211; Brasile, affermando che <em>&#8220;La globalizzazione fa emergere nuovi volti di poveri nel nostro popolo&#8230; fissiamo lo sguardo sulla volti dei nuovi esclusi: i migranti\u2026<\/em><\/p>\n<p><em>In America Latina e nei Caraibi, gli emigranti, gli sfollati e i rifugiati costituiscono un fatto nuovo e drammatico, soprattutto per cause economiche, politiche e di violenza. La Chiesa, come Madre, deve sentirsi Chiesa senza frontiere, Chiesa familiare, attenta al crescente fenomeno della mobilit\u00e0 umana nei suoi diversi settori.<\/em> (Aparecida, 402, 411 e 412)<\/p>\n<p>E i pastori latinoamericani sostengono, nella stessa Conferenza, una spiritualit\u00e0 e una pastorale al servizio dei migranti, la cooperazione e il dialogo tra le Chiese di partenza e di accoglienza, la denuncia profetica contro le cause delle migrazioni e gli abusi che subiscono migranti e rifugiati, ecc. (Cfr. Aparecida 413 \u2013 416)<\/p>\n<p>Siamo cittadini del mondo e ogni essere umano ha il diritto di cercare e garantire condizioni di vita dignitose. A tal fine, i governi e i governanti dei paesi che causano massicci movimenti migratori devono rispettare l\u2019obbligo di fornire ai propri cittadini le opportunit\u00e0 sociali, politiche ed economiche necessarie per una vita umana dignitosa, evitando e superando la corruzione, la violenza e la disuguaglianza. , ingiustizie, ecc., fattori che \u2013 per la maggior parte \u2013 sono la causa di enormi movimenti migratori umani.<\/p>\n<p>Le nazioni destinazioni dei migranti, dal canto loro, hanno l\u2019obbligo di proteggere le proprie frontiere e di ordinare e controllare la migrazione per preservare l\u2019ordine pubblico, la pace, la stabilit\u00e0 e la sicurezza dei propri cittadini da possibili alterazioni violente attuate da bande criminali mimetizzate tra le grandi masse di migranti.<\/p>\n<p>Nel suo messaggio per la Giornata internazionale dei migranti \u2013 2023, il Segretario generale delle Nazioni Unite, Ant\u00f3nio Guterres, ha ricordato che <em>\u201cla migrazione \u00e8 una realt\u00e0 e una forza positiva\u201d perch\u00e9 \u201cincoraggia lo scambio di conoscenze e idee e contribuisce alla crescita economica\u201d oltre a \u201cconsentire a milioni di persone di cercare opportunit\u00e0 e migliorare la propria vita\u201d.<\/em><\/p>\n<p>Ma, nello stesso messaggio, ha messo in guardia contro la \u201c<em>migrazione mal governata<\/em>\u201d come causa di grande sofferenza che proviene \u2013 soprattutto \u2013 dalle grandi bande di trafficanti di esseri umani, che sottopongono i migranti ad ogni tipo di abuso, abuso, sfruttamento, violenza e morte. Oltre al fenomeno legato a fenomeni di razzismo, odio, intolleranza e xenofobia che si diffondono come una piaga che mina e corrode i nostri valori e i nostri fondamenti come umanit\u00e0 che lotta per un presente migliore, un futuro migliore e un mondo vivibile, dignitoso e gentile destino comune per tutti.<\/p>\n<p>Cinque anni fa, le Nazioni Unite hanno approvato il cosiddetto \u201cPatto globale per una migrazione sicura, ordinata e regolare\u201d. \u00c8 uno strumento internazionale che sollecita i paesi firmatari a valutare le loro attivit\u00e0 e cooperazione sul tema della migrazione, per raggiungere il rispetto dei diritti umani, attraverso l&#8217;ordine, il controllo e la solidariet\u00e0 di tutti i soggetti coinvolti nella questione, soprattutto dei governi delle nazioni di origine, transito e destinazione dei movimenti migratori.<\/p>\n<p>Questa domenica, 29 settembre, \u00e8 un momento importante per la solidariet\u00e0 di tutti gli esseri umani verso i fratelli che soffrono per la perdita della loro patria e dei loro amori. La preghiera \u00e8 molto importante, ma ancora pi\u00f9 importante se \u00e8 accompagnata da opere, da azioni concrete a favore dei migranti e dei rifugiati nel mondo.<\/p>\n<p><strong><em>Mario J. Paredes \u00e8 CEO di SOMOS Community Care, una rete di assistenza sociale di oltre 2.500 fornitori indipendenti responsabili di raggiungere e fornire assistenza a oltre 1 milione di pazienti Medicaid in tutta New York City.<\/em><\/strong><\/p>\n","protected":false},"excerpt":{"rendered":"<p>110 Giornata Mondiale del Migrante e del Rifugiato. 29 settembre 2024<\/p>\n","protected":false},"author":114,"featured_media":109072,"comment_status":"closed","ping_status":"closed","sticky":false,"template":"","format":"standard","meta":{"_acf_changed":false,"_crdt_document":"","inline_featured_image":false,"footnotes":""},"categories":[129],"tags":[25765,25766,25767,4512,25768,25769,1466,25771,25773,25774,25777,25775,25776,23959,12468,25772,1667,251,25770,4952],"class_list":["post-109268","post","type-post","status-publish","format-standard","has-post-thumbnail","hentry","category-voci","tag-110-giornata-mondiale-del-migrante-e-del-rifugiato","tag-29-settembre-2024","tag-antonio-guterres-aparecida","tag-chiesa-cattolica","tag-conferenza-dei-vescovi-cattolici","tag-crisi-umanitarie","tag-diritti-umani","tag-fratelli-in-mobilita","tag-global-compact-per-le-migrazioni","tag-i-rifugiati","tag-la-cura-comunitaria-somos","tag-la-sinodalita","tag-la-solidarieta","tag-mario-j-paredes-4","tag-migrazione","tag-migrazione-sicura","tag-onu","tag-papa-francesco","tag-sfollamenti-forzati","tag-trending-it"],"acf":[],"yoast_head":"<!-- This site is optimized with the Yoast SEO plugin v27.4 - https:\/\/yoast.com\/product\/yoast-seo-wordpress\/ -->\n<title>Per i fratelli in mobilit\u00e0 &#8211; Exaudi<\/title>\n<meta name=\"robots\" content=\"index, follow, max-snippet:-1, max-image-preview:large, max-video-preview:-1\" \/>\n<link rel=\"canonical\" href=\"https:\/\/exaudi.org\/it\/per-i-fratelli-in-mobilita\/\" \/>\n<meta property=\"og:locale\" content=\"it_IT\" \/>\n<meta property=\"og:type\" content=\"article\" \/>\n<meta property=\"og:title\" content=\"Per i fratelli in mobilit\u00e0 &#8211; Exaudi\" \/>\n<meta property=\"og:description\" content=\"110 Giornata Mondiale del Migrante e del Rifugiato. 29 settembre 2024\" \/>\n<meta property=\"og:url\" content=\"https:\/\/exaudi.org\/it\/per-i-fratelli-in-mobilita\/\" \/>\n<meta property=\"og:site_name\" content=\"Exaudi\" \/>\n<meta property=\"article:publisher\" content=\"https:\/\/www.facebook.com\/ExaudiNews\" \/>\n<meta property=\"article:author\" content=\"https:\/\/www.facebook.com\/SOMOSCommunityCare\/\" \/>\n<meta property=\"article:published_time\" content=\"2024-09-27T06:30:40+00:00\" \/>\n<meta property=\"og:image\" content=\"https:\/\/exaudi.org\/wp-content\/uploads\/2024\/09\/Migrante.jpg\" \/>\n\t<meta property=\"og:image:width\" content=\"2216\" \/>\n\t<meta property=\"og:image:height\" content=\"1674\" \/>\n\t<meta property=\"og:image:type\" content=\"image\/jpeg\" \/>\n<meta name=\"author\" content=\"Mario J. Paredes\" \/>\n<meta name=\"twitter:card\" content=\"summary_large_image\" \/>\n<meta name=\"twitter:creator\" content=\"@SOMOSCare\" \/>\n<meta name=\"twitter:site\" content=\"@Exaudi_News\" \/>\n<meta name=\"twitter:label1\" content=\"Scritto da\" \/>\n\t<meta name=\"twitter:data1\" content=\"Mario J. Paredes\" \/>\n\t<meta name=\"twitter:label2\" content=\"Tempo di lettura stimato\" \/>\n\t<meta name=\"twitter:data2\" content=\"4 minuti\" \/>\n<script type=\"application\/ld+json\" class=\"yoast-schema-graph\">{\"@context\":\"https:\\\/\\\/schema.org\",\"@graph\":[{\"@type\":\"Article\",\"@id\":\"https:\\\/\\\/exaudi.org\\\/it\\\/per-i-fratelli-in-mobilita\\\/#article\",\"isPartOf\":{\"@id\":\"https:\\\/\\\/exaudi.org\\\/it\\\/per-i-fratelli-in-mobilita\\\/\"},\"author\":{\"name\":\"Mario J. Paredes\",\"@id\":\"https:\\\/\\\/exaudi.org\\\/#\\\/schema\\\/person\\\/f4babf785ff6e9ecd6850d1802095c1d\"},\"headline\":\"Per i fratelli in mobilit\u00e0\",\"datePublished\":\"2024-09-27T06:30:40+00:00\",\"mainEntityOfPage\":{\"@id\":\"https:\\\/\\\/exaudi.org\\\/it\\\/per-i-fratelli-in-mobilita\\\/\"},\"wordCount\":890,\"image\":{\"@id\":\"https:\\\/\\\/exaudi.org\\\/it\\\/per-i-fratelli-in-mobilita\\\/#primaryimage\"},\"thumbnailUrl\":\"https:\\\/\\\/exaudi.org\\\/wp-content\\\/uploads\\\/2024\\\/09\\\/Migrante.jpg\",\"keywords\":[\"110 Giornata mondiale del migrante e del rifugiato\",\"29 settembre 2024\",\"Ant\u00f3nio Guterres Aparecida\",\"Chiesa cattolica\",\"Conferenza dei vescovi cattolici\",\"crisi umanitarie\",\"diritti umani\",\"fratelli in mobilit\u00e0\",\"Global Compact per le migrazioni\",\"i rifugiati\",\"la cura comunitaria SOMOS\",\"la sinodalit\u00e0\",\"la solidariet\u00e0\",\"Mario J Paredes\",\"MIGRAZIONE\",\"migrazione sicura\",\"Onu\",\"Papa Francesco\",\"sfollamenti forzati\",\"Trending\"],\"articleSection\":[\"Voci\"],\"inLanguage\":\"it-IT\"},{\"@type\":\"WebPage\",\"@id\":\"https:\\\/\\\/exaudi.org\\\/it\\\/per-i-fratelli-in-mobilita\\\/\",\"url\":\"https:\\\/\\\/exaudi.org\\\/it\\\/per-i-fratelli-in-mobilita\\\/\",\"name\":\"Per i fratelli in mobilit\u00e0 &#8211; Exaudi\",\"isPartOf\":{\"@id\":\"https:\\\/\\\/exaudi.org\\\/#website\"},\"primaryImageOfPage\":{\"@id\":\"https:\\\/\\\/exaudi.org\\\/it\\\/per-i-fratelli-in-mobilita\\\/#primaryimage\"},\"image\":{\"@id\":\"https:\\\/\\\/exaudi.org\\\/it\\\/per-i-fratelli-in-mobilita\\\/#primaryimage\"},\"thumbnailUrl\":\"https:\\\/\\\/exaudi.org\\\/wp-content\\\/uploads\\\/2024\\\/09\\\/Migrante.jpg\",\"datePublished\":\"2024-09-27T06:30:40+00:00\",\"author\":{\"@id\":\"https:\\\/\\\/exaudi.org\\\/#\\\/schema\\\/person\\\/f4babf785ff6e9ecd6850d1802095c1d\"},\"breadcrumb\":{\"@id\":\"https:\\\/\\\/exaudi.org\\\/it\\\/per-i-fratelli-in-mobilita\\\/#breadcrumb\"},\"inLanguage\":\"it-IT\",\"potentialAction\":[{\"@type\":\"ReadAction\",\"target\":[\"https:\\\/\\\/exaudi.org\\\/it\\\/per-i-fratelli-in-mobilita\\\/\"]}]},{\"@type\":\"ImageObject\",\"inLanguage\":\"it-IT\",\"@id\":\"https:\\\/\\\/exaudi.org\\\/it\\\/per-i-fratelli-in-mobilita\\\/#primaryimage\",\"url\":\"https:\\\/\\\/exaudi.org\\\/wp-content\\\/uploads\\\/2024\\\/09\\\/Migrante.jpg\",\"contentUrl\":\"https:\\\/\\\/exaudi.org\\\/wp-content\\\/uploads\\\/2024\\\/09\\\/Migrante.jpg\",\"width\":2216,\"height\":1674,\"caption\":\"Pexels\"},{\"@type\":\"BreadcrumbList\",\"@id\":\"https:\\\/\\\/exaudi.org\\\/it\\\/per-i-fratelli-in-mobilita\\\/#breadcrumb\",\"itemListElement\":[{\"@type\":\"ListItem\",\"position\":1,\"name\":\"Portada\",\"item\":\"https:\\\/\\\/exaudi.org\\\/it\\\/\"},{\"@type\":\"ListItem\",\"position\":2,\"name\":\"Per i fratelli in mobilit\u00e0\"}]},{\"@type\":\"WebSite\",\"@id\":\"https:\\\/\\\/exaudi.org\\\/#website\",\"url\":\"https:\\\/\\\/exaudi.org\\\/\",\"name\":\"Exaudi\",\"description\":\"News\",\"potentialAction\":[{\"@type\":\"SearchAction\",\"target\":{\"@type\":\"EntryPoint\",\"urlTemplate\":\"https:\\\/\\\/exaudi.org\\\/?s={search_term_string}\"},\"query-input\":{\"@type\":\"PropertyValueSpecification\",\"valueRequired\":true,\"valueName\":\"search_term_string\"}}],\"inLanguage\":\"it-IT\"},{\"@type\":\"Person\",\"@id\":\"https:\\\/\\\/exaudi.org\\\/#\\\/schema\\\/person\\\/f4babf785ff6e9ecd6850d1802095c1d\",\"name\":\"Mario J. Paredes\",\"image\":{\"@type\":\"ImageObject\",\"inLanguage\":\"it-IT\",\"@id\":\"https:\\\/\\\/secure.gravatar.com\\\/avatar\\\/28c707f8b881139d324797c87373ccf8502494a7f73d0f6d23dcda1548e9d254?s=96&d=mm&r=g\",\"url\":\"https:\\\/\\\/secure.gravatar.com\\\/avatar\\\/28c707f8b881139d324797c87373ccf8502494a7f73d0f6d23dcda1548e9d254?s=96&d=mm&r=g\",\"contentUrl\":\"https:\\\/\\\/secure.gravatar.com\\\/avatar\\\/28c707f8b881139d324797c87373ccf8502494a7f73d0f6d23dcda1548e9d254?s=96&d=mm&r=g\",\"caption\":\"Mario J. Paredes\"},\"description\":\"Presidente ejecutivo de SOMOS Community Care, una red de 2,600 m\u00e9dicos independientes -en su mayor\u00eda de atenci\u00f3n primaria- que atienden a cerca de un mill\u00f3n de los pacientes m\u00e1s vulnerables del Medicaid de la Ciudad de Nueva York\",\"sameAs\":[\"http:\\\/\\\/somosnyhealth.org\",\"https:\\\/\\\/www.facebook.com\\\/SOMOSCommunityCare\\\/\",\"https:\\\/\\\/www.instagram.com\\\/somoscare\\\/\",\"https:\\\/\\\/www.linkedin.com\\\/company\\\/somoscommunitycare\\\/\",\"https:\\\/\\\/x.com\\\/SOMOSCare\",\"https:\\\/\\\/www.youtube.com\\\/channel\\\/UCUrnRjEHj5UrNvxU0jHSzQQ\"],\"url\":\"https:\\\/\\\/exaudi.org\\\/it\\\/author\\\/mario-j-paredes\\\/\"}]}<\/script>\n<!-- \/ Yoast SEO plugin. -->","yoast_head_json":{"title":"Per i fratelli in mobilit\u00e0 &#8211; Exaudi","robots":{"index":"index","follow":"follow","max-snippet":"max-snippet:-1","max-image-preview":"max-image-preview:large","max-video-preview":"max-video-preview:-1"},"canonical":"https:\/\/exaudi.org\/it\/per-i-fratelli-in-mobilita\/","og_locale":"it_IT","og_type":"article","og_title":"Per i fratelli in mobilit\u00e0 &#8211; Exaudi","og_description":"110 Giornata Mondiale del Migrante e del Rifugiato. 29 settembre 2024","og_url":"https:\/\/exaudi.org\/it\/per-i-fratelli-in-mobilita\/","og_site_name":"Exaudi","article_publisher":"https:\/\/www.facebook.com\/ExaudiNews","article_author":"https:\/\/www.facebook.com\/SOMOSCommunityCare\/","article_published_time":"2024-09-27T06:30:40+00:00","og_image":[{"width":2216,"height":1674,"url":"https:\/\/exaudi.org\/wp-content\/uploads\/2024\/09\/Migrante.jpg","type":"image\/jpeg"}],"author":"Mario J. Paredes","twitter_card":"summary_large_image","twitter_creator":"@SOMOSCare","twitter_site":"@Exaudi_News","twitter_misc":{"Scritto da":"Mario J. Paredes","Tempo di lettura stimato":"4 minuti"},"schema":{"@context":"https:\/\/schema.org","@graph":[{"@type":"Article","@id":"https:\/\/exaudi.org\/it\/per-i-fratelli-in-mobilita\/#article","isPartOf":{"@id":"https:\/\/exaudi.org\/it\/per-i-fratelli-in-mobilita\/"},"author":{"name":"Mario J. Paredes","@id":"https:\/\/exaudi.org\/#\/schema\/person\/f4babf785ff6e9ecd6850d1802095c1d"},"headline":"Per i fratelli in mobilit\u00e0","datePublished":"2024-09-27T06:30:40+00:00","mainEntityOfPage":{"@id":"https:\/\/exaudi.org\/it\/per-i-fratelli-in-mobilita\/"},"wordCount":890,"image":{"@id":"https:\/\/exaudi.org\/it\/per-i-fratelli-in-mobilita\/#primaryimage"},"thumbnailUrl":"https:\/\/exaudi.org\/wp-content\/uploads\/2024\/09\/Migrante.jpg","keywords":["110 Giornata mondiale del migrante e del rifugiato","29 settembre 2024","Ant\u00f3nio Guterres Aparecida","Chiesa cattolica","Conferenza dei vescovi cattolici","crisi umanitarie","diritti umani","fratelli in mobilit\u00e0","Global Compact per le migrazioni","i rifugiati","la cura comunitaria SOMOS","la sinodalit\u00e0","la solidariet\u00e0","Mario J Paredes","MIGRAZIONE","migrazione sicura","Onu","Papa Francesco","sfollamenti forzati","Trending"],"articleSection":["Voci"],"inLanguage":"it-IT"},{"@type":"WebPage","@id":"https:\/\/exaudi.org\/it\/per-i-fratelli-in-mobilita\/","url":"https:\/\/exaudi.org\/it\/per-i-fratelli-in-mobilita\/","name":"Per i fratelli in mobilit\u00e0 &#8211; Exaudi","isPartOf":{"@id":"https:\/\/exaudi.org\/#website"},"primaryImageOfPage":{"@id":"https:\/\/exaudi.org\/it\/per-i-fratelli-in-mobilita\/#primaryimage"},"image":{"@id":"https:\/\/exaudi.org\/it\/per-i-fratelli-in-mobilita\/#primaryimage"},"thumbnailUrl":"https:\/\/exaudi.org\/wp-content\/uploads\/2024\/09\/Migrante.jpg","datePublished":"2024-09-27T06:30:40+00:00","author":{"@id":"https:\/\/exaudi.org\/#\/schema\/person\/f4babf785ff6e9ecd6850d1802095c1d"},"breadcrumb":{"@id":"https:\/\/exaudi.org\/it\/per-i-fratelli-in-mobilita\/#breadcrumb"},"inLanguage":"it-IT","potentialAction":[{"@type":"ReadAction","target":["https:\/\/exaudi.org\/it\/per-i-fratelli-in-mobilita\/"]}]},{"@type":"ImageObject","inLanguage":"it-IT","@id":"https:\/\/exaudi.org\/it\/per-i-fratelli-in-mobilita\/#primaryimage","url":"https:\/\/exaudi.org\/wp-content\/uploads\/2024\/09\/Migrante.jpg","contentUrl":"https:\/\/exaudi.org\/wp-content\/uploads\/2024\/09\/Migrante.jpg","width":2216,"height":1674,"caption":"Pexels"},{"@type":"BreadcrumbList","@id":"https:\/\/exaudi.org\/it\/per-i-fratelli-in-mobilita\/#breadcrumb","itemListElement":[{"@type":"ListItem","position":1,"name":"Portada","item":"https:\/\/exaudi.org\/it\/"},{"@type":"ListItem","position":2,"name":"Per i fratelli in mobilit\u00e0"}]},{"@type":"WebSite","@id":"https:\/\/exaudi.org\/#website","url":"https:\/\/exaudi.org\/","name":"Exaudi","description":"News","potentialAction":[{"@type":"SearchAction","target":{"@type":"EntryPoint","urlTemplate":"https:\/\/exaudi.org\/?s={search_term_string}"},"query-input":{"@type":"PropertyValueSpecification","valueRequired":true,"valueName":"search_term_string"}}],"inLanguage":"it-IT"},{"@type":"Person","@id":"https:\/\/exaudi.org\/#\/schema\/person\/f4babf785ff6e9ecd6850d1802095c1d","name":"Mario J. Paredes","image":{"@type":"ImageObject","inLanguage":"it-IT","@id":"https:\/\/secure.gravatar.com\/avatar\/28c707f8b881139d324797c87373ccf8502494a7f73d0f6d23dcda1548e9d254?s=96&d=mm&r=g","url":"https:\/\/secure.gravatar.com\/avatar\/28c707f8b881139d324797c87373ccf8502494a7f73d0f6d23dcda1548e9d254?s=96&d=mm&r=g","contentUrl":"https:\/\/secure.gravatar.com\/avatar\/28c707f8b881139d324797c87373ccf8502494a7f73d0f6d23dcda1548e9d254?s=96&d=mm&r=g","caption":"Mario J. Paredes"},"description":"Presidente ejecutivo de SOMOS Community Care, una red de 2,600 m\u00e9dicos independientes -en su mayor\u00eda de atenci\u00f3n primaria- que atienden a cerca de un mill\u00f3n de los pacientes m\u00e1s vulnerables del Medicaid de la Ciudad de Nueva York","sameAs":["http:\/\/somosnyhealth.org","https:\/\/www.facebook.com\/SOMOSCommunityCare\/","https:\/\/www.instagram.com\/somoscare\/","https:\/\/www.linkedin.com\/company\/somoscommunitycare\/","https:\/\/x.com\/SOMOSCare","https:\/\/www.youtube.com\/channel\/UCUrnRjEHj5UrNvxU0jHSzQQ"],"url":"https:\/\/exaudi.org\/it\/author\/mario-j-paredes\/"}]}},"jetpack_featured_media_url":"https:\/\/exaudi.org\/wp-content\/uploads\/2024\/09\/Migrante.jpg","jetpack_shortlink":"https:\/\/wp.me\/pgKjF2-sqo","_links":{"self":[{"href":"https:\/\/exaudi.org\/it\/wp-json\/wp\/v2\/posts\/109268","targetHints":{"allow":["GET"]}}],"collection":[{"href":"https:\/\/exaudi.org\/it\/wp-json\/wp\/v2\/posts"}],"about":[{"href":"https:\/\/exaudi.org\/it\/wp-json\/wp\/v2\/types\/post"}],"author":[{"embeddable":true,"href":"https:\/\/exaudi.org\/it\/wp-json\/wp\/v2\/users\/114"}],"replies":[{"embeddable":true,"href":"https:\/\/exaudi.org\/it\/wp-json\/wp\/v2\/comments?post=109268"}],"version-history":[{"count":0,"href":"https:\/\/exaudi.org\/it\/wp-json\/wp\/v2\/posts\/109268\/revisions"}],"wp:featuredmedia":[{"embeddable":true,"href":"https:\/\/exaudi.org\/it\/wp-json\/wp\/v2\/media\/109072"}],"wp:attachment":[{"href":"https:\/\/exaudi.org\/it\/wp-json\/wp\/v2\/media?parent=109268"}],"wp:term":[{"taxonomy":"category","embeddable":true,"href":"https:\/\/exaudi.org\/it\/wp-json\/wp\/v2\/categories?post=109268"},{"taxonomy":"post_tag","embeddable":true,"href":"https:\/\/exaudi.org\/it\/wp-json\/wp\/v2\/tags?post=109268"}],"curies":[{"name":"wp","href":"https:\/\/api.w.org\/{rel}","templated":true}]}}