{"id":109244,"date":"2024-09-26T19:37:44","date_gmt":"2024-09-26T17:37:44","guid":{"rendered":"https:\/\/exaudi.org\/?p=109244"},"modified":"2024-09-26T19:37:44","modified_gmt":"2024-09-26T17:37:44","slug":"inizia-il-46-viaggio-apostolico-di-papa-francesco-in-lussemburgo-e-belgio","status":"publish","type":"post","link":"https:\/\/exaudi.org\/it\/inizia-il-46-viaggio-apostolico-di-papa-francesco-in-lussemburgo-e-belgio\/","title":{"rendered":"Inizia il 46\u00b0 Viaggio Apostolico di Papa Francesco in Lussemburgo e Belgio"},"content":{"rendered":"<p>Papa Francesco \u00e8 gi\u00e0 in viaggio verso il Lussemburgo, il primo Paese che visiter\u00e0 nel suo 46esimo viaggio apostolico, diretto al \u201ccuore dell\u2019Europa occidentale\u201d. Prima di partire, il Pontefice ha salutato un gruppo di senzatetto presso Casa Santa Marta, accompagnato dal cardinale Konrad Krajewski, elemosiniere di Sua Santit\u00e0.<\/p>\n<p>L&#8217;aereo del Papa \u00e8 decollato da Roma alle 8,29 del mattino di questo gioved\u00ec 26 settembre. In Lussemburgo il Santo Padre ha in programma diverse attivit\u00e0, tra cui incontri con le autorit\u00e0 e la comunit\u00e0 cattolica locale. Dopo il soggiorno in Lussemburgo, Francesco si recher\u00e0 in Belgio, dove concluder\u00e0 il suo viaggio a Bruxelles. Il rientro a Roma \u00e8 previsto nel pomeriggio di domenica 29 settembre.<\/p>\n<p>Nell&#8217;udienza generale di questa settimana, Papa Francesco ha chiesto preghiere per la buona riuscita del suo viaggio: &#8220;Partir\u00f2 per il Lussemburgo e il Belgio. &#8220;Vi chiedo di pregare per me e per i frutti di questo viaggio nel cuore dell&#8217;Europa occidentale&#8221;.<\/p>\n<h3><strong>Un incontro speciale prima della partenza<\/strong><\/h3>\n<p>Poco dopo le 7, un gruppo di una decina di uomini e donne senza dimora, che solitamente di notte si rifugiano sotto il colonnato di piazza San Pietro o nelle vie vicine, ha avuto l&#8217;opportunit\u00e0 di salutare Papa Francesco prima della sua partenza. Questo emozionante incontro \u00e8 stato organizzato dal cardinale Krajewski e si \u00e8 svolto presso Casa Santa Marta, dove risiede il Pontefice.<\/p>\n<h3><strong>Un messaggio di pace e speranza<\/strong><\/h3>\n<p>Come \u00e8 consuetudine, Papa Francesco ha inviato un telegramma al Presidente della Repubblica italiana dopo aver lasciato il Paese. Nel suo messaggio ha espresso i suoi saluti e ha espresso l&#8217;intenzione di portare un messaggio di pace e di speranza in Lussemburgo e in Belgio.<\/p>\n<p>Questo viaggio apostolico sottolinea non solo la vicinanza del Papa ai pi\u00f9 bisognosi, ma anche il suo continuo impegno nel promuovere la pace e la speranza in tutto il mondo, soprattutto nel cuore dell&#8217;Europa occidentale.<\/p>\n<p>Potrete seguire l&#8217;intero <a href=\"https:\/\/www.facebook.com\/ExaudiNoticias\/\">viaggio in diretta sulla nostra diretta Facebook<\/a>.<\/p>\n","protected":false},"excerpt":{"rendered":"<p>Papa Francesco \u00e8 gi\u00e0 in viaggio verso il Lussemburgo, il primo Paese che visiter\u00e0 nel suo 46esimo viaggio apostolico, diretto al \u201ccuore dell\u2019Europa occidentale\u201d. Prima di partire, il Pontefice ha salutato un gruppo di senzatetto presso Casa Santa Marta, accompagnato dal cardinale Konrad Krajewski, elemosiniere di Sua Santit\u00e0. L&#8217;aereo del Papa \u00e8 decollato da Roma [&hellip;]<\/p>\n","protected":false},"author":17,"featured_media":109150,"comment_status":"closed","ping_status":"closed","sticky":false,"template":"","format":"standard","meta":{"_acf_changed":false,"_crdt_document":"","inline_featured_image":false,"footnotes":""},"categories":[67,119,125],"tags":[25731,2487,7414,251],"class_list":["post-109244","post","type-post","status-publish","format-standard","has-post-thumbnail","hentry","category-leone-xiv","category-viaggi","category-viaggi-papali","tag-46-viaggio-apostolico","tag-featured-3","tag-lussemburgo","tag-papa-francesco"],"acf":[],"yoast_head":"<!-- This site is optimized with the Yoast SEO plugin v27.5 - https:\/\/yoast.com\/product\/yoast-seo-wordpress\/ -->\n<title>Inizia il 46\u00b0 Viaggio Apostolico di Papa Francesco in Lussemburgo e Belgio &#8211; Exaudi<\/title>\n<meta name=\"robots\" content=\"index, follow, max-snippet:-1, max-image-preview:large, max-video-preview:-1\" \/>\n<link rel=\"canonical\" href=\"https:\/\/exaudi.org\/it\/inizia-il-46-viaggio-apostolico-di-papa-francesco-in-lussemburgo-e-belgio\/\" \/>\n<meta property=\"og:locale\" content=\"it_IT\" \/>\n<meta property=\"og:type\" content=\"article\" \/>\n<meta property=\"og:title\" content=\"Inizia il 46\u00b0 Viaggio Apostolico di Papa Francesco in Lussemburgo e Belgio &#8211; Exaudi\" \/>\n<meta property=\"og:description\" content=\"Papa Francesco \u00e8 gi\u00e0 in viaggio verso il Lussemburgo, il primo Paese che visiter\u00e0 nel suo 46esimo viaggio apostolico, diretto al \u201ccuore dell\u2019Europa occidentale\u201d. Prima di partire, il Pontefice ha salutato un gruppo di senzatetto presso Casa Santa Marta, accompagnato dal cardinale Konrad Krajewski, elemosiniere di Sua Santit\u00e0. L&#8217;aereo del Papa \u00e8 decollato da Roma [&hellip;]\" \/>\n<meta property=\"og:url\" content=\"https:\/\/exaudi.org\/it\/inizia-il-46-viaggio-apostolico-di-papa-francesco-in-lussemburgo-e-belgio\/\" \/>\n<meta property=\"og:site_name\" content=\"Exaudi\" \/>\n<meta property=\"article:publisher\" content=\"https:\/\/www.facebook.com\/ExaudiNews\" \/>\n<meta property=\"article:author\" content=\"https:\/\/www.facebook.com\/ExaudiNotizie\/\" \/>\n<meta property=\"article:published_time\" content=\"2024-09-26T17:37:44+00:00\" \/>\n<meta property=\"og:image\" content=\"https:\/\/exaudi.org\/wp-content\/uploads\/2024\/09\/cq5dam.thumbnail.cropped.750.422-15.jpeg\" \/>\n\t<meta property=\"og:image:width\" content=\"750\" \/>\n\t<meta property=\"og:image:height\" content=\"422\" \/>\n\t<meta property=\"og:image:type\" content=\"image\/jpeg\" \/>\n<meta name=\"author\" content=\"Exaudi Redazione\" \/>\n<meta name=\"twitter:card\" content=\"summary_large_image\" \/>\n<meta name=\"twitter:creator\" content=\"@Exaudi_Notizie\" \/>\n<meta name=\"twitter:site\" content=\"@Exaudi_News\" \/>\n<meta name=\"twitter:label1\" content=\"Scritto da\" \/>\n\t<meta name=\"twitter:data1\" content=\"Exaudi Redazione\" \/>\n\t<meta name=\"twitter:label2\" content=\"Tempo di lettura stimato\" \/>\n\t<meta name=\"twitter:data2\" content=\"2 minuti\" \/>\n<script type=\"application\/ld+json\" class=\"yoast-schema-graph\">{\"@context\":\"https:\\\/\\\/schema.org\",\"@graph\":[{\"@type\":\"Article\",\"@id\":\"https:\\\/\\\/exaudi.org\\\/it\\\/inizia-il-46-viaggio-apostolico-di-papa-francesco-in-lussemburgo-e-belgio\\\/#article\",\"isPartOf\":{\"@id\":\"https:\\\/\\\/exaudi.org\\\/it\\\/inizia-il-46-viaggio-apostolico-di-papa-francesco-in-lussemburgo-e-belgio\\\/\"},\"author\":{\"name\":\"Exaudi Redazione\",\"@id\":\"https:\\\/\\\/exaudi.org\\\/#\\\/schema\\\/person\\\/e1ab6ed07c01774724dd96f925f3a5f0\"},\"headline\":\"Inizia il 46\u00b0 Viaggio Apostolico di Papa Francesco in Lussemburgo e Belgio\",\"datePublished\":\"2024-09-26T17:37:44+00:00\",\"mainEntityOfPage\":{\"@id\":\"https:\\\/\\\/exaudi.org\\\/it\\\/inizia-il-46-viaggio-apostolico-di-papa-francesco-in-lussemburgo-e-belgio\\\/\"},\"wordCount\":330,\"image\":{\"@id\":\"https:\\\/\\\/exaudi.org\\\/it\\\/inizia-il-46-viaggio-apostolico-di-papa-francesco-in-lussemburgo-e-belgio\\\/#primaryimage\"},\"thumbnailUrl\":\"https:\\\/\\\/exaudi.org\\\/wp-content\\\/uploads\\\/2024\\\/09\\\/cq5dam.thumbnail.cropped.750.422-15.jpeg\",\"keywords\":[\"46\u00b0 Viaggio Apostolico\",\"Featured\",\"Lussemburgo\",\"Papa Francesco\"],\"articleSection\":[\"Leone XIV\",\"Viaggi\",\"Viaggi papali\"],\"inLanguage\":\"it-IT\"},{\"@type\":\"WebPage\",\"@id\":\"https:\\\/\\\/exaudi.org\\\/it\\\/inizia-il-46-viaggio-apostolico-di-papa-francesco-in-lussemburgo-e-belgio\\\/\",\"url\":\"https:\\\/\\\/exaudi.org\\\/it\\\/inizia-il-46-viaggio-apostolico-di-papa-francesco-in-lussemburgo-e-belgio\\\/\",\"name\":\"Inizia il 46\u00b0 Viaggio Apostolico di Papa Francesco in Lussemburgo e Belgio &#8211; Exaudi\",\"isPartOf\":{\"@id\":\"https:\\\/\\\/exaudi.org\\\/#website\"},\"primaryImageOfPage\":{\"@id\":\"https:\\\/\\\/exaudi.org\\\/it\\\/inizia-il-46-viaggio-apostolico-di-papa-francesco-in-lussemburgo-e-belgio\\\/#primaryimage\"},\"image\":{\"@id\":\"https:\\\/\\\/exaudi.org\\\/it\\\/inizia-il-46-viaggio-apostolico-di-papa-francesco-in-lussemburgo-e-belgio\\\/#primaryimage\"},\"thumbnailUrl\":\"https:\\\/\\\/exaudi.org\\\/wp-content\\\/uploads\\\/2024\\\/09\\\/cq5dam.thumbnail.cropped.750.422-15.jpeg\",\"datePublished\":\"2024-09-26T17:37:44+00:00\",\"author\":{\"@id\":\"https:\\\/\\\/exaudi.org\\\/#\\\/schema\\\/person\\\/e1ab6ed07c01774724dd96f925f3a5f0\"},\"breadcrumb\":{\"@id\":\"https:\\\/\\\/exaudi.org\\\/it\\\/inizia-il-46-viaggio-apostolico-di-papa-francesco-in-lussemburgo-e-belgio\\\/#breadcrumb\"},\"inLanguage\":\"it-IT\",\"potentialAction\":[{\"@type\":\"ReadAction\",\"target\":[\"https:\\\/\\\/exaudi.org\\\/it\\\/inizia-il-46-viaggio-apostolico-di-papa-francesco-in-lussemburgo-e-belgio\\\/\"]}]},{\"@type\":\"ImageObject\",\"inLanguage\":\"it-IT\",\"@id\":\"https:\\\/\\\/exaudi.org\\\/it\\\/inizia-il-46-viaggio-apostolico-di-papa-francesco-in-lussemburgo-e-belgio\\\/#primaryimage\",\"url\":\"https:\\\/\\\/exaudi.org\\\/wp-content\\\/uploads\\\/2024\\\/09\\\/cq5dam.thumbnail.cropped.750.422-15.jpeg\",\"contentUrl\":\"https:\\\/\\\/exaudi.org\\\/wp-content\\\/uploads\\\/2024\\\/09\\\/cq5dam.thumbnail.cropped.750.422-15.jpeg\",\"width\":750,\"height\":422},{\"@type\":\"BreadcrumbList\",\"@id\":\"https:\\\/\\\/exaudi.org\\\/it\\\/inizia-il-46-viaggio-apostolico-di-papa-francesco-in-lussemburgo-e-belgio\\\/#breadcrumb\",\"itemListElement\":[{\"@type\":\"ListItem\",\"position\":1,\"name\":\"Portada\",\"item\":\"https:\\\/\\\/exaudi.org\\\/it\\\/\"},{\"@type\":\"ListItem\",\"position\":2,\"name\":\"Inizia il 46\u00b0 Viaggio Apostolico di Papa Francesco in Lussemburgo e Belgio\"}]},{\"@type\":\"WebSite\",\"@id\":\"https:\\\/\\\/exaudi.org\\\/#website\",\"url\":\"https:\\\/\\\/exaudi.org\\\/\",\"name\":\"Exaudi\",\"description\":\"News\",\"potentialAction\":[{\"@type\":\"SearchAction\",\"target\":{\"@type\":\"EntryPoint\",\"urlTemplate\":\"https:\\\/\\\/exaudi.org\\\/?s={search_term_string}\"},\"query-input\":{\"@type\":\"PropertyValueSpecification\",\"valueRequired\":true,\"valueName\":\"search_term_string\"}}],\"inLanguage\":\"it-IT\"},{\"@type\":\"Person\",\"@id\":\"https:\\\/\\\/exaudi.org\\\/#\\\/schema\\\/person\\\/e1ab6ed07c01774724dd96f925f3a5f0\",\"name\":\"Exaudi Redazione\",\"image\":{\"@type\":\"ImageObject\",\"inLanguage\":\"it-IT\",\"@id\":\"https:\\\/\\\/secure.gravatar.com\\\/avatar\\\/ad6774b3ada023bf5b939d64f45c94b3adf91502dd883507d469b4308a943bb3?s=96&d=mm&r=g\",\"url\":\"https:\\\/\\\/secure.gravatar.com\\\/avatar\\\/ad6774b3ada023bf5b939d64f45c94b3adf91502dd883507d469b4308a943bb3?s=96&d=mm&r=g\",\"contentUrl\":\"https:\\\/\\\/secure.gravatar.com\\\/avatar\\\/ad6774b3ada023bf5b939d64f45c94b3adf91502dd883507d469b4308a943bb3?s=96&d=mm&r=g\",\"caption\":\"Exaudi Redazione\"},\"description\":\"Che cosa \u00e8 Exaudi News? Exaudi News \u00e8 un agenzia cattolica internazionale che informa, istruisce e trasforma quotidianamente in spagnolo, inglese e italiano. Attraverso notizie, articoli di analisi e trasmissioni in diretta degli eventi del Papa, Exaudi cerca di rafforzare l'unit\u00e0 dei cristiani e di contribuire all'evangelizzazione del mondo, sempre guidato dalla dottrina sociale della Chiesa. Lavoriamo per portare la verit\u00e0 e i valori cristiani in ogni angolo del pianeta. Aiutaci a trasformare il mondo con Exaudi! Noi di Exaudi crediamo che l'evangelizzazione e l'informazione di qualit\u00e0 possano cambiare la vita. Per continuare la nostra missione ed espandere la nostra portata, abbiamo bisogno del tuo aiuto. Stiamo anche cercando persone motivate che vogliano unirsi al nostro team. Grazie al vostro sostegno raggiungeremo pi\u00f9 persone, diffonderemo il messaggio di Cristo e rafforzeremo l'unit\u00e0 dei cristiani. Vuoi unirti alla nostra missione? Per maggiori informazioni su come contribuire, visita Exaudi.org\\\/it o contattaci direttamente: info@exaudi.org Exaudi: informa, forma e trasforma.\",\"sameAs\":[\"https:\\\/\\\/www.facebook.com\\\/ExaudiNotizie\\\/\",\"https:\\\/\\\/www.instagram.com\\\/Exaudi_notizie\\\/\",\"https:\\\/\\\/x.com\\\/Exaudi_Notizie\",\"https:\\\/\\\/www.youtube.com\\\/@exaudicatholicnews\"],\"url\":\"https:\\\/\\\/exaudi.org\\\/it\\\/author\\\/dlvedi-org\\\/\"}]}<\/script>\n<!-- \/ Yoast SEO plugin. -->","yoast_head_json":{"title":"Inizia il 46\u00b0 Viaggio Apostolico di Papa Francesco in Lussemburgo e Belgio &#8211; Exaudi","robots":{"index":"index","follow":"follow","max-snippet":"max-snippet:-1","max-image-preview":"max-image-preview:large","max-video-preview":"max-video-preview:-1"},"canonical":"https:\/\/exaudi.org\/it\/inizia-il-46-viaggio-apostolico-di-papa-francesco-in-lussemburgo-e-belgio\/","og_locale":"it_IT","og_type":"article","og_title":"Inizia il 46\u00b0 Viaggio Apostolico di Papa Francesco in Lussemburgo e Belgio &#8211; Exaudi","og_description":"Papa Francesco \u00e8 gi\u00e0 in viaggio verso il Lussemburgo, il primo Paese che visiter\u00e0 nel suo 46esimo viaggio apostolico, diretto al \u201ccuore dell\u2019Europa occidentale\u201d. Prima di partire, il Pontefice ha salutato un gruppo di senzatetto presso Casa Santa Marta, accompagnato dal cardinale Konrad Krajewski, elemosiniere di Sua Santit\u00e0. L&#8217;aereo del Papa \u00e8 decollato da Roma [&hellip;]","og_url":"https:\/\/exaudi.org\/it\/inizia-il-46-viaggio-apostolico-di-papa-francesco-in-lussemburgo-e-belgio\/","og_site_name":"Exaudi","article_publisher":"https:\/\/www.facebook.com\/ExaudiNews","article_author":"https:\/\/www.facebook.com\/ExaudiNotizie\/","article_published_time":"2024-09-26T17:37:44+00:00","og_image":[{"width":750,"height":422,"url":"https:\/\/exaudi.org\/wp-content\/uploads\/2024\/09\/cq5dam.thumbnail.cropped.750.422-15.jpeg","type":"image\/jpeg"}],"author":"Exaudi Redazione","twitter_card":"summary_large_image","twitter_creator":"@Exaudi_Notizie","twitter_site":"@Exaudi_News","twitter_misc":{"Scritto da":"Exaudi Redazione","Tempo di lettura stimato":"2 minuti"},"schema":{"@context":"https:\/\/schema.org","@graph":[{"@type":"Article","@id":"https:\/\/exaudi.org\/it\/inizia-il-46-viaggio-apostolico-di-papa-francesco-in-lussemburgo-e-belgio\/#article","isPartOf":{"@id":"https:\/\/exaudi.org\/it\/inizia-il-46-viaggio-apostolico-di-papa-francesco-in-lussemburgo-e-belgio\/"},"author":{"name":"Exaudi Redazione","@id":"https:\/\/exaudi.org\/#\/schema\/person\/e1ab6ed07c01774724dd96f925f3a5f0"},"headline":"Inizia il 46\u00b0 Viaggio Apostolico di Papa Francesco in Lussemburgo e Belgio","datePublished":"2024-09-26T17:37:44+00:00","mainEntityOfPage":{"@id":"https:\/\/exaudi.org\/it\/inizia-il-46-viaggio-apostolico-di-papa-francesco-in-lussemburgo-e-belgio\/"},"wordCount":330,"image":{"@id":"https:\/\/exaudi.org\/it\/inizia-il-46-viaggio-apostolico-di-papa-francesco-in-lussemburgo-e-belgio\/#primaryimage"},"thumbnailUrl":"https:\/\/exaudi.org\/wp-content\/uploads\/2024\/09\/cq5dam.thumbnail.cropped.750.422-15.jpeg","keywords":["46\u00b0 Viaggio Apostolico","Featured","Lussemburgo","Papa Francesco"],"articleSection":["Leone XIV","Viaggi","Viaggi papali"],"inLanguage":"it-IT"},{"@type":"WebPage","@id":"https:\/\/exaudi.org\/it\/inizia-il-46-viaggio-apostolico-di-papa-francesco-in-lussemburgo-e-belgio\/","url":"https:\/\/exaudi.org\/it\/inizia-il-46-viaggio-apostolico-di-papa-francesco-in-lussemburgo-e-belgio\/","name":"Inizia il 46\u00b0 Viaggio Apostolico di Papa Francesco in Lussemburgo e Belgio &#8211; Exaudi","isPartOf":{"@id":"https:\/\/exaudi.org\/#website"},"primaryImageOfPage":{"@id":"https:\/\/exaudi.org\/it\/inizia-il-46-viaggio-apostolico-di-papa-francesco-in-lussemburgo-e-belgio\/#primaryimage"},"image":{"@id":"https:\/\/exaudi.org\/it\/inizia-il-46-viaggio-apostolico-di-papa-francesco-in-lussemburgo-e-belgio\/#primaryimage"},"thumbnailUrl":"https:\/\/exaudi.org\/wp-content\/uploads\/2024\/09\/cq5dam.thumbnail.cropped.750.422-15.jpeg","datePublished":"2024-09-26T17:37:44+00:00","author":{"@id":"https:\/\/exaudi.org\/#\/schema\/person\/e1ab6ed07c01774724dd96f925f3a5f0"},"breadcrumb":{"@id":"https:\/\/exaudi.org\/it\/inizia-il-46-viaggio-apostolico-di-papa-francesco-in-lussemburgo-e-belgio\/#breadcrumb"},"inLanguage":"it-IT","potentialAction":[{"@type":"ReadAction","target":["https:\/\/exaudi.org\/it\/inizia-il-46-viaggio-apostolico-di-papa-francesco-in-lussemburgo-e-belgio\/"]}]},{"@type":"ImageObject","inLanguage":"it-IT","@id":"https:\/\/exaudi.org\/it\/inizia-il-46-viaggio-apostolico-di-papa-francesco-in-lussemburgo-e-belgio\/#primaryimage","url":"https:\/\/exaudi.org\/wp-content\/uploads\/2024\/09\/cq5dam.thumbnail.cropped.750.422-15.jpeg","contentUrl":"https:\/\/exaudi.org\/wp-content\/uploads\/2024\/09\/cq5dam.thumbnail.cropped.750.422-15.jpeg","width":750,"height":422},{"@type":"BreadcrumbList","@id":"https:\/\/exaudi.org\/it\/inizia-il-46-viaggio-apostolico-di-papa-francesco-in-lussemburgo-e-belgio\/#breadcrumb","itemListElement":[{"@type":"ListItem","position":1,"name":"Portada","item":"https:\/\/exaudi.org\/it\/"},{"@type":"ListItem","position":2,"name":"Inizia il 46\u00b0 Viaggio Apostolico di Papa Francesco in Lussemburgo e Belgio"}]},{"@type":"WebSite","@id":"https:\/\/exaudi.org\/#website","url":"https:\/\/exaudi.org\/","name":"Exaudi","description":"News","potentialAction":[{"@type":"SearchAction","target":{"@type":"EntryPoint","urlTemplate":"https:\/\/exaudi.org\/?s={search_term_string}"},"query-input":{"@type":"PropertyValueSpecification","valueRequired":true,"valueName":"search_term_string"}}],"inLanguage":"it-IT"},{"@type":"Person","@id":"https:\/\/exaudi.org\/#\/schema\/person\/e1ab6ed07c01774724dd96f925f3a5f0","name":"Exaudi Redazione","image":{"@type":"ImageObject","inLanguage":"it-IT","@id":"https:\/\/secure.gravatar.com\/avatar\/ad6774b3ada023bf5b939d64f45c94b3adf91502dd883507d469b4308a943bb3?s=96&d=mm&r=g","url":"https:\/\/secure.gravatar.com\/avatar\/ad6774b3ada023bf5b939d64f45c94b3adf91502dd883507d469b4308a943bb3?s=96&d=mm&r=g","contentUrl":"https:\/\/secure.gravatar.com\/avatar\/ad6774b3ada023bf5b939d64f45c94b3adf91502dd883507d469b4308a943bb3?s=96&d=mm&r=g","caption":"Exaudi Redazione"},"description":"Che cosa \u00e8 Exaudi News? Exaudi News \u00e8 un agenzia cattolica internazionale che informa, istruisce e trasforma quotidianamente in spagnolo, inglese e italiano. Attraverso notizie, articoli di analisi e trasmissioni in diretta degli eventi del Papa, Exaudi cerca di rafforzare l'unit\u00e0 dei cristiani e di contribuire all'evangelizzazione del mondo, sempre guidato dalla dottrina sociale della Chiesa. Lavoriamo per portare la verit\u00e0 e i valori cristiani in ogni angolo del pianeta. Aiutaci a trasformare il mondo con Exaudi! Noi di Exaudi crediamo che l'evangelizzazione e l'informazione di qualit\u00e0 possano cambiare la vita. Per continuare la nostra missione ed espandere la nostra portata, abbiamo bisogno del tuo aiuto. Stiamo anche cercando persone motivate che vogliano unirsi al nostro team. Grazie al vostro sostegno raggiungeremo pi\u00f9 persone, diffonderemo il messaggio di Cristo e rafforzeremo l'unit\u00e0 dei cristiani. Vuoi unirti alla nostra missione? Per maggiori informazioni su come contribuire, visita Exaudi.org\/it o contattaci direttamente: info@exaudi.org Exaudi: informa, forma e trasforma.","sameAs":["https:\/\/www.facebook.com\/ExaudiNotizie\/","https:\/\/www.instagram.com\/Exaudi_notizie\/","https:\/\/x.com\/Exaudi_Notizie","https:\/\/www.youtube.com\/@exaudicatholicnews"],"url":"https:\/\/exaudi.org\/it\/author\/dlvedi-org\/"}]}},"jetpack_featured_media_url":"https:\/\/exaudi.org\/wp-content\/uploads\/2024\/09\/cq5dam.thumbnail.cropped.750.422-15.jpeg","jetpack_shortlink":"https:\/\/wp.me\/pgKjF2-sq0","_links":{"self":[{"href":"https:\/\/exaudi.org\/it\/wp-json\/wp\/v2\/posts\/109244","targetHints":{"allow":["GET"]}}],"collection":[{"href":"https:\/\/exaudi.org\/it\/wp-json\/wp\/v2\/posts"}],"about":[{"href":"https:\/\/exaudi.org\/it\/wp-json\/wp\/v2\/types\/post"}],"author":[{"embeddable":true,"href":"https:\/\/exaudi.org\/it\/wp-json\/wp\/v2\/users\/17"}],"replies":[{"embeddable":true,"href":"https:\/\/exaudi.org\/it\/wp-json\/wp\/v2\/comments?post=109244"}],"version-history":[{"count":0,"href":"https:\/\/exaudi.org\/it\/wp-json\/wp\/v2\/posts\/109244\/revisions"}],"wp:featuredmedia":[{"embeddable":true,"href":"https:\/\/exaudi.org\/it\/wp-json\/wp\/v2\/media\/109150"}],"wp:attachment":[{"href":"https:\/\/exaudi.org\/it\/wp-json\/wp\/v2\/media?parent=109244"}],"wp:term":[{"taxonomy":"category","embeddable":true,"href":"https:\/\/exaudi.org\/it\/wp-json\/wp\/v2\/categories?post=109244"},{"taxonomy":"post_tag","embeddable":true,"href":"https:\/\/exaudi.org\/it\/wp-json\/wp\/v2\/tags?post=109244"}],"curies":[{"name":"wp","href":"https:\/\/api.w.org\/{rel}","templated":true}]}}