{"id":108931,"date":"2024-09-24T19:30:58","date_gmt":"2024-09-24T17:30:58","guid":{"rendered":"https:\/\/exaudi.org\/?p=108931"},"modified":"2024-09-24T19:37:54","modified_gmt":"2024-09-24T17:37:54","slug":"chi-illumina-il-tuo-cammino","status":"publish","type":"post","link":"https:\/\/exaudi.org\/it\/chi-illumina-il-tuo-cammino\/","title":{"rendered":"Chi illumina il tuo cammino?"},"content":{"rendered":"<p>Non c\u2019\u00e8 dubbio su questo! Tutti gli esseri umani apprezzano l\u2019amicizia e tutti noi, nessuno escluso, abbiamo amici. Ma \u00e8 anche vero che alcune persone sono pi\u00f9 \u201cgregarie\u201d per natura, cio\u00e8 amano stare con altre persone, sono molto socievoli, amichevoli ed estroverse.<\/p>\n<p>A questo proposito, un anno fa, scrissi un articolo dal titolo \u201cAbitudini, virt\u00f9 e valori attraverso l\u2019educazione scolastica\u201d. In un paragrafo ho commentato che Aristotele diceva: &#8220;&#8230;l&#8217;amico \u00e8 un altro s\u00e9, senza l&#8217;amicizia l&#8217;uomo non pu\u00f2 essere felice&#8221;.<\/p>\n<p>A proposito, riguardo all&#8217;amicizia, Aristotele afferma che esistono tre tipi:<\/p>\n<ul>\n<li>Amicizia basata sull&#8217;utilit\u00e0.- Entrambe le persone hanno chiaro che il legame si basa sul fatto che appartengono, ad esempio, allo stesso gruppo di studio.<\/li>\n<li>Amicizia basata sul piacere. \u2013 Entrambe le persone godono reciprocamente della compagnia dell&#8217;altro.<\/li>\n<li>Amicizia, basata sul carattere. \u2013 Implica tempo, dedizione per conoscersi veramente, per questo avete pochi amici intimi.<\/li>\n<\/ul>\n<p>Nelle righe che seguono condivider\u00f2 con voi brevemente la storia di amicizia di uno dei miei cinque amici dei tempi dell&#8217;universit\u00e0, che continua ancora oggi, dopo pi\u00f9 di 35 anni. Questa volta parler\u00f2 nello specifico di Pablo e di come si \u00e8 evoluta l&#8217;amicizia basata sull&#8217;utilit\u00e0, fino a diventare ora un&#8217;amicizia basata sul carattere.<\/p>\n<p>In questo senso, sia Pablo che io siamo entrati all&#8217;Universit\u00e0 Ricardo Palma per specializzarci in Amministrazione lo stesso anno (marzo 1988), anche se in aule cachimbo diverse. Comunque dal secondo anno abbiamo seguito alcuni corsi insieme, abbiamo cominciato a fare lavori di gruppo, poi qualche uscita nei fine settimana e qualche gita o campeggio pasquale (che non erano esattamente riflessivi). Ricordo addirittura la minaccia di un litigio per un incarico del corso \u201corganizzazione della produzione\u201d, anche se ancora oggi non mi \u00e8 chiaro il motivo di quella discrepanza. Dopo aver terminato l&#8217;universit\u00e0 \u00e8 andato a vivere per un periodo all&#8217;estero con tutta la sua famiglia. Poi \u00e8 tornato, abbiamo continuato a vederci e l&#8217;ho reso anche testimone del mio matrimonio, visto che dovevo essere il primo a sposarmi in quel gruppo di cinque fratelli nella vita. Poi sono stato uno dei primi a sapere che si sarebbe sposato e cos\u00ec via.<\/p>\n<p>D&#8217;altra parte, sia io che Jessica (mia moglie) siamo padrini di due dei suoi tre figli (due femmine e un maschio). E come ho accennato negli articoli precedenti, da quasi tre anni viviamo con tutta la mia famiglia a Buenos Aires &#8211; Argentina. Tuttavia, nonostante la distanza fisica, Pablo \u00e8 il primo a chiamare al telefono per i compleanni delle mie figlie e a preoccuparsi di chiedere come va il lavoro, la salute di mia madre, dei miei fratelli e anche di mia suocera. Il quale, quando ha avuto un problema di salute, l&#8217;ha portata in ospedale e vi \u00e8 rimasta finch\u00e9 non ha preso il posto con il fratello di Jessica.<\/p>\n<p>Per quanto riguarda Pablo, qualche giorno fa, ci siamo sentiti al telefono e ho notato che era un po&#8217; spento (devo inoltre sottolineare che una delle sue caratteristiche \u00e8 quella di essere una persona molto tranquilla e introversa). Gli ho chiesto cosa stesse succedendo e mi ha detto che aveva alcune difficolt\u00e0 tipiche della vita quotidiana come il lavoro, con la neoplasia di uno dei suoi genitori e altre cose legate alla salute e allo studio con i ragazzi.<\/p>\n<p>Per\u00f2 subito dopo cambia tono di voce e quindi atteggiamento e mi dice: queste sono le croci della vita e dobbiamo sopportarle con gioia. Ecco&#8230;\u00a0 ne approfitto e gli dico, ovviamente Pablo, ANDIAMO! Questa \u00e8 una tipica arringa delle terre dei gaucho.<\/p>\n<p>Questo episodio mi ha fatto pensare che di fronte ai diversi eventi che tutti affrontiamo nella nostra vita, a volte reagiamo con:<\/p>\n<ul>\n<li>Entusiasmo, vedremo il lato divertente, bello, bello, ecc.<\/li>\n<li>Altri con espressioni, quanto fastidiosi, quanto pigri, per mettere la faccia migliore e colpire forte, ecc.<\/li>\n<li>Altre volte sentiremo che dobbiamo scalare l&#8217;Huascar\u00e1n, che siamo molto vicini al precipizio, ecc.<\/li>\n<\/ul>\n<p>E la vita \u00e8 cos\u00ec, ha valli e picchi, che dobbiamo sempre cercare, non perch\u00e9 accadono queste cose, ma perch\u00e9 accadono. Scopri qual \u00e8 il loro significato. Ricordatevi che anche Ges\u00f9 \u00e8 stato aiutato da Simone di Cirene a portare la sua croce.<\/p>\n<p>Quindi, seguendo il paragrafo precedente, vorrei condividere quanto segue:<\/p>\n<p>Viktor Frankl, nella sua opera, L&#8217;uomo in cerca di significato, ci invita a riflettere sulla forza dell&#8217;amore, sulla ricerca dell&#8217;umorismo e sul coraggio che dobbiamo avere di fronte alle difficolt\u00e0 che si presentano davanti a noi.<\/p>\n<p>Per questo motivo, In\u00e9s Temple, presidente della LHH Per\u00f9 e Cile, commenta sempre: &#8220;Non \u00e8 la faccia che hai, \u00e8 la faccia che fai&#8221; (atteggiamento).<\/p>\n<p>Il gruppo rock Enanitos Verdes nella loro canzone Amigos, ha un verso che dice.<\/p>\n<p>&#8220;Perch\u00e9 saranno sempre in me,<\/p>\n<p>Quei bei momenti che abbiamo trascorso senza saperlo<\/p>\n<p>Che un amico \u00e8 una luce che splende nell&#8217;oscurit\u00e0<\/p>\n<p>sarai sempre mio amico<\/p>\n<p>&#8220;Non importa nient&#8217;altro&#8221;<\/p>\n<p>Caro lettore, ti invito a essere attento e pronto ad andare incontro a quell&#8217;amico che \u00e8 sempre stato l\u00ec per te (Illuminazione del tuo cammino) ma che oggi potrebbe trovarsi ad affrontare qualche difficolt\u00e0 in silenzio. Oppure potrebbe essere caduto ed essersi fatto male. Dategli sostegno, senza paura, siate quel sostegno incondizionato adesso, ascoltatelo, dategli la spalla se ha bisogno di forza e aiutatelo ad alzarsi e ad acquisire lo slancio per andare avanti. Sii tu, colui che illumina il suo cammino.<\/p>\n<p>Che ne dici, sei pronto per uscire incontro al tuo amico e remare contro corrente!<\/p>\n","protected":false},"excerpt":{"rendered":"<p>Amicizia: un faro nell&#8217;oscurit\u00e0<\/p>\n","protected":false},"author":134,"featured_media":108813,"comment_status":"closed","ping_status":"closed","sticky":false,"template":"","format":"standard","meta":{"_acf_changed":false,"_crdt_document":"","inline_featured_image":false,"footnotes":""},"categories":[],"tags":[25380,15567,25381,3147,25382,25383,25384,25385,15661,16531,2701,15695,21308,25390,25387,21078,25391,25386,25388,25389,25392,4952,11259,21544],"class_list":["post-108931","post","type-post","status-publish","format-standard","has-post-thumbnail","hentry","tag-accompagnare-un-amico","tag-aiuto-alla-chiesa-che-soffre-acs","tag-amica-come-luce","tag-amicizia","tag-amicizia-duratura","tag-amicizia-e-carattere","tag-amicizia-e-piacere","tag-amicizia-e-utilita","tag-aristotele","tag-crescita-personale","tag-cuore","tag-hugo-saldana-estrada-2","tag-ispirazione","tag-lhh-peru-e-cile","tag-nani-verdi","tag-relazioni-umane","tag-riflessione-sullamicizia","tag-sostegno-incondizionato","tag-storia-di-amicizia","tag-tempio-di-ines","tag-tipi-di-amicizia","tag-trending-it","tag-valori","tag-viktor-frankl-2"],"acf":[],"yoast_head":"<!-- This site is optimized with the Yoast SEO plugin v27.5 - https:\/\/yoast.com\/product\/yoast-seo-wordpress\/ -->\n<title>Chi illumina il tuo cammino? &#8211; Exaudi<\/title>\n<meta name=\"robots\" content=\"index, follow, max-snippet:-1, max-image-preview:large, max-video-preview:-1\" \/>\n<link rel=\"canonical\" href=\"https:\/\/exaudi.org\/it\/chi-illumina-il-tuo-cammino\/\" \/>\n<meta property=\"og:locale\" content=\"it_IT\" \/>\n<meta property=\"og:type\" content=\"article\" \/>\n<meta property=\"og:title\" content=\"Chi illumina il tuo cammino? &#8211; Exaudi\" \/>\n<meta property=\"og:description\" content=\"Amicizia: un faro nell&#039;oscurit\u00e0\" \/>\n<meta property=\"og:url\" content=\"https:\/\/exaudi.org\/it\/chi-illumina-il-tuo-cammino\/\" \/>\n<meta property=\"og:site_name\" content=\"Exaudi\" \/>\n<meta property=\"article:publisher\" content=\"https:\/\/www.facebook.com\/ExaudiNews\" \/>\n<meta property=\"article:published_time\" content=\"2024-09-24T17:30:58+00:00\" \/>\n<meta property=\"article:modified_time\" content=\"2024-09-24T17:37:54+00:00\" \/>\n<meta property=\"og:image\" content=\"https:\/\/exaudi.org\/wp-content\/uploads\/2024\/09\/pexels-basmasseus-1187520-scaled.jpg\" \/>\n\t<meta property=\"og:image:width\" content=\"2560\" \/>\n\t<meta property=\"og:image:height\" content=\"1920\" \/>\n\t<meta property=\"og:image:type\" content=\"image\/jpeg\" \/>\n<meta name=\"author\" content=\"Hugo Salda\u00f1a Estrada\" \/>\n<meta name=\"twitter:card\" content=\"summary_large_image\" \/>\n<meta name=\"twitter:creator\" content=\"@Exaudi_News\" \/>\n<meta name=\"twitter:site\" content=\"@Exaudi_News\" \/>\n<meta name=\"twitter:label1\" content=\"Scritto da\" \/>\n\t<meta name=\"twitter:data1\" content=\"Hugo Salda\u00f1a Estrada\" \/>\n\t<meta name=\"twitter:label2\" content=\"Tempo di lettura stimato\" \/>\n\t<meta name=\"twitter:data2\" content=\"4 minuti\" \/>\n<script type=\"application\/ld+json\" class=\"yoast-schema-graph\">{\"@context\":\"https:\\\/\\\/schema.org\",\"@graph\":[{\"@type\":\"Article\",\"@id\":\"https:\\\/\\\/exaudi.org\\\/it\\\/chi-illumina-il-tuo-cammino\\\/#article\",\"isPartOf\":{\"@id\":\"https:\\\/\\\/exaudi.org\\\/it\\\/chi-illumina-il-tuo-cammino\\\/\"},\"author\":{\"name\":\"Hugo Salda\u00f1a Estrada\",\"@id\":\"https:\\\/\\\/exaudi.org\\\/#\\\/schema\\\/person\\\/353d70da24ff03991a0f19b1948992e3\"},\"headline\":\"Chi illumina il tuo cammino?\",\"datePublished\":\"2024-09-24T17:30:58+00:00\",\"dateModified\":\"2024-09-24T17:37:54+00:00\",\"mainEntityOfPage\":{\"@id\":\"https:\\\/\\\/exaudi.org\\\/it\\\/chi-illumina-il-tuo-cammino\\\/\"},\"wordCount\":907,\"image\":{\"@id\":\"https:\\\/\\\/exaudi.org\\\/it\\\/chi-illumina-il-tuo-cammino\\\/#primaryimage\"},\"thumbnailUrl\":\"https:\\\/\\\/exaudi.org\\\/wp-content\\\/uploads\\\/2024\\\/09\\\/pexels-basmasseus-1187520-scaled.jpg\",\"keywords\":[\"Accompagnare un amico\",\"AIUTO ALLA CHIESA CHE SOFFRE (ACS)\",\"Amica come luce\",\"amicizia\",\"amicizia duratura\",\"amicizia e carattere\",\"amicizia e piacere\",\"amicizia e utilit\u00e0\",\"ARISTOTELE\",\"CRESCITA PERSONALE\",\"cuore\",\"HUGO SALDA\u00d1A ESTRADA\",\"ISPIRAZIONE\",\"LHH Per\u00f9 e Cile\",\"Nani Verdi\",\"RELAZIONI UMANE\",\"riflessione sull'amicizia\",\"sostegno incondizionato\",\"storia di amicizia\",\"Tempio di In\u00e9s\",\"tipi di amicizia\",\"Trending\",\"VALORI\",\"VIKTOR FRANKL\"],\"inLanguage\":\"it-IT\"},{\"@type\":\"WebPage\",\"@id\":\"https:\\\/\\\/exaudi.org\\\/it\\\/chi-illumina-il-tuo-cammino\\\/\",\"url\":\"https:\\\/\\\/exaudi.org\\\/it\\\/chi-illumina-il-tuo-cammino\\\/\",\"name\":\"Chi illumina il tuo cammino? &#8211; Exaudi\",\"isPartOf\":{\"@id\":\"https:\\\/\\\/exaudi.org\\\/#website\"},\"primaryImageOfPage\":{\"@id\":\"https:\\\/\\\/exaudi.org\\\/it\\\/chi-illumina-il-tuo-cammino\\\/#primaryimage\"},\"image\":{\"@id\":\"https:\\\/\\\/exaudi.org\\\/it\\\/chi-illumina-il-tuo-cammino\\\/#primaryimage\"},\"thumbnailUrl\":\"https:\\\/\\\/exaudi.org\\\/wp-content\\\/uploads\\\/2024\\\/09\\\/pexels-basmasseus-1187520-scaled.jpg\",\"datePublished\":\"2024-09-24T17:30:58+00:00\",\"dateModified\":\"2024-09-24T17:37:54+00:00\",\"author\":{\"@id\":\"https:\\\/\\\/exaudi.org\\\/#\\\/schema\\\/person\\\/353d70da24ff03991a0f19b1948992e3\"},\"breadcrumb\":{\"@id\":\"https:\\\/\\\/exaudi.org\\\/it\\\/chi-illumina-il-tuo-cammino\\\/#breadcrumb\"},\"inLanguage\":\"it-IT\",\"potentialAction\":[{\"@type\":\"ReadAction\",\"target\":[\"https:\\\/\\\/exaudi.org\\\/it\\\/chi-illumina-il-tuo-cammino\\\/\"]}]},{\"@type\":\"ImageObject\",\"inLanguage\":\"it-IT\",\"@id\":\"https:\\\/\\\/exaudi.org\\\/it\\\/chi-illumina-il-tuo-cammino\\\/#primaryimage\",\"url\":\"https:\\\/\\\/exaudi.org\\\/wp-content\\\/uploads\\\/2024\\\/09\\\/pexels-basmasseus-1187520-scaled.jpg\",\"contentUrl\":\"https:\\\/\\\/exaudi.org\\\/wp-content\\\/uploads\\\/2024\\\/09\\\/pexels-basmasseus-1187520-scaled.jpg\",\"width\":2560,\"height\":1920,\"caption\":\"Pexels\"},{\"@type\":\"BreadcrumbList\",\"@id\":\"https:\\\/\\\/exaudi.org\\\/it\\\/chi-illumina-il-tuo-cammino\\\/#breadcrumb\",\"itemListElement\":[{\"@type\":\"ListItem\",\"position\":1,\"name\":\"Portada\",\"item\":\"https:\\\/\\\/exaudi.org\\\/it\\\/\"},{\"@type\":\"ListItem\",\"position\":2,\"name\":\"Chi illumina il tuo cammino?\"}]},{\"@type\":\"WebSite\",\"@id\":\"https:\\\/\\\/exaudi.org\\\/#website\",\"url\":\"https:\\\/\\\/exaudi.org\\\/\",\"name\":\"Exaudi\",\"description\":\"News\",\"potentialAction\":[{\"@type\":\"SearchAction\",\"target\":{\"@type\":\"EntryPoint\",\"urlTemplate\":\"https:\\\/\\\/exaudi.org\\\/?s={search_term_string}\"},\"query-input\":{\"@type\":\"PropertyValueSpecification\",\"valueRequired\":true,\"valueName\":\"search_term_string\"}}],\"inLanguage\":\"it-IT\"},{\"@type\":\"Person\",\"@id\":\"https:\\\/\\\/exaudi.org\\\/#\\\/schema\\\/person\\\/353d70da24ff03991a0f19b1948992e3\",\"name\":\"Hugo Salda\u00f1a Estrada\",\"image\":{\"@type\":\"ImageObject\",\"inLanguage\":\"it-IT\",\"@id\":\"https:\\\/\\\/secure.gravatar.com\\\/avatar\\\/aec371521ec3d7c6916577aaa96c57dd491f5cbb6c5480ff969ad34bc7f63c6a?s=96&d=mm&r=g\",\"url\":\"https:\\\/\\\/secure.gravatar.com\\\/avatar\\\/aec371521ec3d7c6916577aaa96c57dd491f5cbb6c5480ff969ad34bc7f63c6a?s=96&d=mm&r=g\",\"contentUrl\":\"https:\\\/\\\/secure.gravatar.com\\\/avatar\\\/aec371521ec3d7c6916577aaa96c57dd491f5cbb6c5480ff969ad34bc7f63c6a?s=96&d=mm&r=g\",\"caption\":\"Hugo Salda\u00f1a Estrada\"},\"description\":\"Gerente de Showroom Ventas en Roca SAC. Veinte a\u00f1os de experiencia, generando valor en empresas transnacionales y de primer nivel a trav\u00e9s de la gesti\u00f3n integral de procesos de recursos humanos, tales como selecci\u00f3n de talento, estrategias de compensaciones, evaluaci\u00f3n del desempe\u00f1o y gesti\u00f3n del clima laboral.\",\"sameAs\":[\"https:\\\/\\\/www.linkedin.com\\\/in\\\/hugosaldanaestrada\\\/\"],\"url\":\"https:\\\/\\\/exaudi.org\\\/it\\\/author\\\/hugo-saldana-estrada\\\/\"}]}<\/script>\n<!-- \/ Yoast SEO plugin. -->","yoast_head_json":{"title":"Chi illumina il tuo cammino? &#8211; Exaudi","robots":{"index":"index","follow":"follow","max-snippet":"max-snippet:-1","max-image-preview":"max-image-preview:large","max-video-preview":"max-video-preview:-1"},"canonical":"https:\/\/exaudi.org\/it\/chi-illumina-il-tuo-cammino\/","og_locale":"it_IT","og_type":"article","og_title":"Chi illumina il tuo cammino? &#8211; Exaudi","og_description":"Amicizia: un faro nell'oscurit\u00e0","og_url":"https:\/\/exaudi.org\/it\/chi-illumina-il-tuo-cammino\/","og_site_name":"Exaudi","article_publisher":"https:\/\/www.facebook.com\/ExaudiNews","article_published_time":"2024-09-24T17:30:58+00:00","article_modified_time":"2024-09-24T17:37:54+00:00","og_image":[{"width":2560,"height":1920,"url":"https:\/\/exaudi.org\/wp-content\/uploads\/2024\/09\/pexels-basmasseus-1187520-scaled.jpg","type":"image\/jpeg"}],"author":"Hugo Salda\u00f1a Estrada","twitter_card":"summary_large_image","twitter_creator":"@Exaudi_News","twitter_site":"@Exaudi_News","twitter_misc":{"Scritto da":"Hugo Salda\u00f1a Estrada","Tempo di lettura stimato":"4 minuti"},"schema":{"@context":"https:\/\/schema.org","@graph":[{"@type":"Article","@id":"https:\/\/exaudi.org\/it\/chi-illumina-il-tuo-cammino\/#article","isPartOf":{"@id":"https:\/\/exaudi.org\/it\/chi-illumina-il-tuo-cammino\/"},"author":{"name":"Hugo Salda\u00f1a Estrada","@id":"https:\/\/exaudi.org\/#\/schema\/person\/353d70da24ff03991a0f19b1948992e3"},"headline":"Chi illumina il tuo cammino?","datePublished":"2024-09-24T17:30:58+00:00","dateModified":"2024-09-24T17:37:54+00:00","mainEntityOfPage":{"@id":"https:\/\/exaudi.org\/it\/chi-illumina-il-tuo-cammino\/"},"wordCount":907,"image":{"@id":"https:\/\/exaudi.org\/it\/chi-illumina-il-tuo-cammino\/#primaryimage"},"thumbnailUrl":"https:\/\/exaudi.org\/wp-content\/uploads\/2024\/09\/pexels-basmasseus-1187520-scaled.jpg","keywords":["Accompagnare un amico","AIUTO ALLA CHIESA CHE SOFFRE (ACS)","Amica come luce","amicizia","amicizia duratura","amicizia e carattere","amicizia e piacere","amicizia e utilit\u00e0","ARISTOTELE","CRESCITA PERSONALE","cuore","HUGO SALDA\u00d1A ESTRADA","ISPIRAZIONE","LHH Per\u00f9 e Cile","Nani Verdi","RELAZIONI UMANE","riflessione sull'amicizia","sostegno incondizionato","storia di amicizia","Tempio di In\u00e9s","tipi di amicizia","Trending","VALORI","VIKTOR FRANKL"],"inLanguage":"it-IT"},{"@type":"WebPage","@id":"https:\/\/exaudi.org\/it\/chi-illumina-il-tuo-cammino\/","url":"https:\/\/exaudi.org\/it\/chi-illumina-il-tuo-cammino\/","name":"Chi illumina il tuo cammino? &#8211; Exaudi","isPartOf":{"@id":"https:\/\/exaudi.org\/#website"},"primaryImageOfPage":{"@id":"https:\/\/exaudi.org\/it\/chi-illumina-il-tuo-cammino\/#primaryimage"},"image":{"@id":"https:\/\/exaudi.org\/it\/chi-illumina-il-tuo-cammino\/#primaryimage"},"thumbnailUrl":"https:\/\/exaudi.org\/wp-content\/uploads\/2024\/09\/pexels-basmasseus-1187520-scaled.jpg","datePublished":"2024-09-24T17:30:58+00:00","dateModified":"2024-09-24T17:37:54+00:00","author":{"@id":"https:\/\/exaudi.org\/#\/schema\/person\/353d70da24ff03991a0f19b1948992e3"},"breadcrumb":{"@id":"https:\/\/exaudi.org\/it\/chi-illumina-il-tuo-cammino\/#breadcrumb"},"inLanguage":"it-IT","potentialAction":[{"@type":"ReadAction","target":["https:\/\/exaudi.org\/it\/chi-illumina-il-tuo-cammino\/"]}]},{"@type":"ImageObject","inLanguage":"it-IT","@id":"https:\/\/exaudi.org\/it\/chi-illumina-il-tuo-cammino\/#primaryimage","url":"https:\/\/exaudi.org\/wp-content\/uploads\/2024\/09\/pexels-basmasseus-1187520-scaled.jpg","contentUrl":"https:\/\/exaudi.org\/wp-content\/uploads\/2024\/09\/pexels-basmasseus-1187520-scaled.jpg","width":2560,"height":1920,"caption":"Pexels"},{"@type":"BreadcrumbList","@id":"https:\/\/exaudi.org\/it\/chi-illumina-il-tuo-cammino\/#breadcrumb","itemListElement":[{"@type":"ListItem","position":1,"name":"Portada","item":"https:\/\/exaudi.org\/it\/"},{"@type":"ListItem","position":2,"name":"Chi illumina il tuo cammino?"}]},{"@type":"WebSite","@id":"https:\/\/exaudi.org\/#website","url":"https:\/\/exaudi.org\/","name":"Exaudi","description":"News","potentialAction":[{"@type":"SearchAction","target":{"@type":"EntryPoint","urlTemplate":"https:\/\/exaudi.org\/?s={search_term_string}"},"query-input":{"@type":"PropertyValueSpecification","valueRequired":true,"valueName":"search_term_string"}}],"inLanguage":"it-IT"},{"@type":"Person","@id":"https:\/\/exaudi.org\/#\/schema\/person\/353d70da24ff03991a0f19b1948992e3","name":"Hugo Salda\u00f1a Estrada","image":{"@type":"ImageObject","inLanguage":"it-IT","@id":"https:\/\/secure.gravatar.com\/avatar\/aec371521ec3d7c6916577aaa96c57dd491f5cbb6c5480ff969ad34bc7f63c6a?s=96&d=mm&r=g","url":"https:\/\/secure.gravatar.com\/avatar\/aec371521ec3d7c6916577aaa96c57dd491f5cbb6c5480ff969ad34bc7f63c6a?s=96&d=mm&r=g","contentUrl":"https:\/\/secure.gravatar.com\/avatar\/aec371521ec3d7c6916577aaa96c57dd491f5cbb6c5480ff969ad34bc7f63c6a?s=96&d=mm&r=g","caption":"Hugo Salda\u00f1a Estrada"},"description":"Gerente de Showroom Ventas en Roca SAC. Veinte a\u00f1os de experiencia, generando valor en empresas transnacionales y de primer nivel a trav\u00e9s de la gesti\u00f3n integral de procesos de recursos humanos, tales como selecci\u00f3n de talento, estrategias de compensaciones, evaluaci\u00f3n del desempe\u00f1o y gesti\u00f3n del clima laboral.","sameAs":["https:\/\/www.linkedin.com\/in\/hugosaldanaestrada\/"],"url":"https:\/\/exaudi.org\/it\/author\/hugo-saldana-estrada\/"}]}},"jetpack_featured_media_url":"https:\/\/exaudi.org\/wp-content\/uploads\/2024\/09\/pexels-basmasseus-1187520-scaled.jpg","jetpack_shortlink":"https:\/\/wp.me\/pgKjF2-skX","_links":{"self":[{"href":"https:\/\/exaudi.org\/it\/wp-json\/wp\/v2\/posts\/108931","targetHints":{"allow":["GET"]}}],"collection":[{"href":"https:\/\/exaudi.org\/it\/wp-json\/wp\/v2\/posts"}],"about":[{"href":"https:\/\/exaudi.org\/it\/wp-json\/wp\/v2\/types\/post"}],"author":[{"embeddable":true,"href":"https:\/\/exaudi.org\/it\/wp-json\/wp\/v2\/users\/134"}],"replies":[{"embeddable":true,"href":"https:\/\/exaudi.org\/it\/wp-json\/wp\/v2\/comments?post=108931"}],"version-history":[{"count":0,"href":"https:\/\/exaudi.org\/it\/wp-json\/wp\/v2\/posts\/108931\/revisions"}],"wp:featuredmedia":[{"embeddable":true,"href":"https:\/\/exaudi.org\/it\/wp-json\/wp\/v2\/media\/108813"}],"wp:attachment":[{"href":"https:\/\/exaudi.org\/it\/wp-json\/wp\/v2\/media?parent=108931"}],"wp:term":[{"taxonomy":"category","embeddable":true,"href":"https:\/\/exaudi.org\/it\/wp-json\/wp\/v2\/categories?post=108931"},{"taxonomy":"post_tag","embeddable":true,"href":"https:\/\/exaudi.org\/it\/wp-json\/wp\/v2\/tags?post=108931"}],"curies":[{"name":"wp","href":"https:\/\/api.w.org\/{rel}","templated":true}]}}