{"id":108675,"date":"2024-09-20T17:53:20","date_gmt":"2024-09-20T15:53:20","guid":{"rendered":"https:\/\/exaudi.org\/?p=108675"},"modified":"2024-09-20T17:53:24","modified_gmt":"2024-09-20T15:53:24","slug":"5-idee-per-essere-un-cattolico-migliore-sul-lavoro","status":"publish","type":"post","link":"https:\/\/exaudi.org\/it\/5-idee-per-essere-un-cattolico-migliore-sul-lavoro\/","title":{"rendered":"5 idee per essere un cattolico migliore sul lavoro"},"content":{"rendered":"<p>In un ambiente lavorativo, pu\u00f2 essere difficile integrare le nostre convinzioni religiose con le esigenze e le dinamiche del lavoro. Tuttavia, vivere professionalmente la nostra fede cattolica non solo \u00e8 possibile, ma pu\u00f2 anche essere fonte di forza e di guida. Qui condividiamo cinque idee per essere un cattolico migliore nell\u2019ambiente imprenditoriale, sia come imprenditore che come dipendente.<\/p>\n<h3><strong>I. Agire con integrit\u00e0 e trasparenza<\/strong><\/h3>\n<p>Uno dei pilastri della vita cattolica \u00e8 l\u2019integrit\u00e0. Sul posto di lavoro, questo si traduce nell\u2019essere onesti e trasparenti in tutte le nostre azioni. L\u2019integrit\u00e0 non solo crea fiducia, ma rafforza anche il carattere. Ad esempio, se ti trovi di fronte a una decisione etica difficile, scegli sempre la strada in linea con i tuoi principi cattolici, anche se questo significa ammettere errori o prendere decisioni impopolari. Mantieni un comportamento coerente e sincero in tutte le interazioni lavorative, dimostrando che i tuoi valori non sono in vendita o compromessi.<\/p>\n<h3><strong>II. Promuovere la giustizia e il rispetto<\/strong><\/h3>\n<p>I valori cattolici ci chiamano a trattare tutti con dignit\u00e0 e rispetto. Sul lavoro, ci\u00f2 si traduce nella promozione di un ambiente di equit\u00e0 e giustizia. Tratta i tuoi colleghi con rispetto e agisci per risolvere i conflitti in modo giusto ed equilibrato. Se vedi una situazione in cui qualcuno viene trattato ingiustamente, cerca modi costruttivi per affrontare il problema e chiedi una soluzione che rispetti i diritti e la dignit\u00e0 di tutte le persone coinvolte.<\/p>\n<h3><strong>III. Praticate la Carit\u00e0 e la Solidariet\u00e0<\/strong><\/h3>\n<p>La carit\u00e0 \u00e8 un valore fondamentale nella fede cattolica. Nell&#8217;ambiente di lavoro, questo pu\u00f2 manifestarsi attraverso atti di sostegno e aiuto ai colleghi. Puoi offrire il tuo aiuto a qualcuno che sta attraversando un momento difficile o partecipare ad iniziative di responsabilit\u00e0 sociale a beneficio della comunit\u00e0. Inoltre, contribuire a cause di beneficenza attraverso la tua azienda pu\u00f2 essere un modo efficace per incanalare il tuo desiderio di fare del bene, rafforzando al tempo stesso il senso di comunit\u00e0 e di collaborazione all&#8217;interno del team.<\/p>\n<h3><strong>IV. Mantenere un atteggiamento di servizio<\/strong><\/h3>\n<p>Adottare un atteggiamento di servizio \u00e8 un modo per vivere i principi cattolici all\u2019opera. Invece di concentrarti solo sui tuoi interessi, cerca modi per servire gli altri e contribuire al bene comune. Ci\u00f2 pu\u00f2 significare guidare con umilt\u00e0, collaborare efficacemente con i colleghi o fare il possibile per aiutare gli altri nelle loro responsabilit\u00e0. L\u2019atteggiamento di servizio si riflette anche nella disponibilit\u00e0 ad ascoltare e valorizzare le opinioni degli altri, promuovendo un ambiente di lavoro pi\u00f9 inclusivo e solidale.<\/p>\n<h3><strong>V. Trovare spazi per la spiritualit\u00e0<\/strong><\/h3>\n<p>Incorporare momenti di spiritualit\u00e0 nella tua giornata lavorativa pu\u00f2 aiutarti a rimanere concentrato ed equilibrato e a mantenere Dio presente nelle tue attivit\u00e0 quotidiane. Ci\u00f2 pu\u00f2 includere pratiche come la preghiera personale, la meditazione o la partecipazione a gruppi religiosi all&#8217;interno dell&#8217;azienda. Se il tuo posto di lavoro lo consente, cerca opportunit\u00e0 per condividere la tua fede con gli altri o trova comunit\u00e0 di supporto che ti aiutino a crescere spiritualmente. Questi momenti di riflessione e connessione spirituale possono fornire pace e chiarezza, aiutandoti ad affrontare le sfide lavorative con una prospettiva rinnovata.<\/p>\n<h3><strong>Conclusione<\/strong><\/h3>\n<p>L\u2019integrazione dei valori cattolici nell\u2019ambiente imprenditoriale \u00e8 una potente forma di testimonianza e trasformazione personale. Agendo con integrit\u00e0, promuovendo la giustizia, praticando la carit\u00e0, mantenendo un atteggiamento di servizio e trovando spazi per la spiritualit\u00e0, potrete vivere la vostra fede in modo autentico e significativo nella vostra vita professionale. Questi principi non solo ti aiuteranno a essere un cattolico migliore, ma contribuiranno anche a creare un ambiente di lavoro pi\u00f9 etico e solidale. Abbi il coraggio di mettere in pratica questi suggerimenti e osserva la tua vita lavorativa trasformarsi positivamente.<\/p>\n","protected":false},"excerpt":{"rendered":"<p>Integrit\u00e0, giustizia, carit\u00e0, servizio e preghiera<\/p>\n","protected":false},"author":149,"featured_media":108436,"comment_status":"closed","ping_status":"closed","sticky":false,"template":"","format":"standard","meta":{"_acf_changed":false,"_crdt_document":"","inline_featured_image":false,"footnotes":""},"categories":[129],"tags":[25008,1045,25009,25010,25011,1738,25014,23410,25013,578,2118,25012,4952,25015],"class_list":["post-108675","post","type-post","status-publish","format-standard","has-post-thumbnail","hentry","category-voci","tag-atteggiamento-cattolico-di-servizio","tag-carita","tag-carita-nellambiente-di-lavoro","tag-cattolico-nel-lavoro","tag-consigli-cattolici-per-il-lavoro","tag-giustizia","tag-giustizia-e-rispetto-nel-lavoro","tag-integrita","tag-integrita-nel-lavoro","tag-preghiera","tag-servizio","tag-spiritualita-nel-lavoro","tag-trending-it","tag-valori-cattolici-nel-lavoro-azienda"],"acf":[],"yoast_head":"<!-- This site is optimized with the Yoast SEO plugin v27.4 - https:\/\/yoast.com\/product\/yoast-seo-wordpress\/ -->\n<title>5 idee per essere un cattolico migliore sul lavoro &#8211; Exaudi<\/title>\n<meta name=\"robots\" content=\"index, follow, max-snippet:-1, max-image-preview:large, max-video-preview:-1\" \/>\n<link rel=\"canonical\" href=\"https:\/\/exaudi.org\/it\/5-idee-per-essere-un-cattolico-migliore-sul-lavoro\/\" \/>\n<meta property=\"og:locale\" content=\"it_IT\" \/>\n<meta property=\"og:type\" content=\"article\" \/>\n<meta property=\"og:title\" content=\"5 idee per essere un cattolico migliore sul lavoro &#8211; Exaudi\" \/>\n<meta property=\"og:description\" content=\"Integrit\u00e0, giustizia, carit\u00e0, servizio e preghiera\" \/>\n<meta property=\"og:url\" content=\"https:\/\/exaudi.org\/it\/5-idee-per-essere-un-cattolico-migliore-sul-lavoro\/\" \/>\n<meta property=\"og:site_name\" content=\"Exaudi\" \/>\n<meta property=\"article:publisher\" content=\"https:\/\/www.facebook.com\/ExaudiNews\" \/>\n<meta property=\"article:published_time\" content=\"2024-09-20T15:53:20+00:00\" \/>\n<meta property=\"article:modified_time\" content=\"2024-09-20T15:53:24+00:00\" \/>\n<meta property=\"og:image\" content=\"https:\/\/exaudi.org\/wp-content\/uploads\/2024\/09\/pexels-fauxels-3184424-scaled.jpg\" \/>\n\t<meta property=\"og:image:width\" content=\"2560\" \/>\n\t<meta property=\"og:image:height\" content=\"1107\" \/>\n\t<meta property=\"og:image:type\" content=\"image\/jpeg\" \/>\n<meta name=\"author\" content=\"Javier Ferrer Garc\u00eda\" \/>\n<meta name=\"twitter:card\" content=\"summary_large_image\" \/>\n<meta name=\"twitter:creator\" content=\"@Exaudi_News\" \/>\n<meta name=\"twitter:site\" content=\"@Exaudi_News\" \/>\n<meta name=\"twitter:label1\" content=\"Scritto da\" \/>\n\t<meta name=\"twitter:data1\" content=\"Javier Ferrer Garc\u00eda\" \/>\n\t<meta name=\"twitter:label2\" content=\"Tempo di lettura stimato\" \/>\n\t<meta name=\"twitter:data2\" content=\"3 minuti\" \/>\n<script type=\"application\/ld+json\" class=\"yoast-schema-graph\">{\"@context\":\"https:\\\/\\\/schema.org\",\"@graph\":[{\"@type\":\"Article\",\"@id\":\"https:\\\/\\\/exaudi.org\\\/it\\\/5-idee-per-essere-un-cattolico-migliore-sul-lavoro\\\/#article\",\"isPartOf\":{\"@id\":\"https:\\\/\\\/exaudi.org\\\/it\\\/5-idee-per-essere-un-cattolico-migliore-sul-lavoro\\\/\"},\"author\":{\"name\":\"Javier Ferrer Garc\u00eda\",\"@id\":\"https:\\\/\\\/exaudi.org\\\/#\\\/schema\\\/person\\\/0428626ea256fe1d193098fe0ee2b91d\"},\"headline\":\"5 idee per essere un cattolico migliore sul lavoro\",\"datePublished\":\"2024-09-20T15:53:20+00:00\",\"dateModified\":\"2024-09-20T15:53:24+00:00\",\"mainEntityOfPage\":{\"@id\":\"https:\\\/\\\/exaudi.org\\\/it\\\/5-idee-per-essere-un-cattolico-migliore-sul-lavoro\\\/\"},\"wordCount\":618,\"image\":{\"@id\":\"https:\\\/\\\/exaudi.org\\\/it\\\/5-idee-per-essere-un-cattolico-migliore-sul-lavoro\\\/#primaryimage\"},\"thumbnailUrl\":\"https:\\\/\\\/exaudi.org\\\/wp-content\\\/uploads\\\/2024\\\/09\\\/pexels-fauxels-3184424-scaled.jpg\",\"keywords\":[\"Atteggiamento cattolico di servizio\",\"carit\u00e0\",\"Carit\u00e0 nell'ambiente di lavoro\",\"Cattolico nel lavoro\",\"Consigli cattolici per il lavoro\",\"giustizia\",\"giustizia e rispetto nel lavoro\",\"Integrit\u00e0\",\"integrit\u00e0 nel lavoro\",\"preghiera\",\"servizio\",\"Spiritualit\u00e0 nel lavoro\",\"Trending\",\"Valori cattolici nel lavoro azienda\"],\"articleSection\":[\"Voci\"],\"inLanguage\":\"it-IT\"},{\"@type\":\"WebPage\",\"@id\":\"https:\\\/\\\/exaudi.org\\\/it\\\/5-idee-per-essere-un-cattolico-migliore-sul-lavoro\\\/\",\"url\":\"https:\\\/\\\/exaudi.org\\\/it\\\/5-idee-per-essere-un-cattolico-migliore-sul-lavoro\\\/\",\"name\":\"5 idee per essere un cattolico migliore sul lavoro &#8211; Exaudi\",\"isPartOf\":{\"@id\":\"https:\\\/\\\/exaudi.org\\\/#website\"},\"primaryImageOfPage\":{\"@id\":\"https:\\\/\\\/exaudi.org\\\/it\\\/5-idee-per-essere-un-cattolico-migliore-sul-lavoro\\\/#primaryimage\"},\"image\":{\"@id\":\"https:\\\/\\\/exaudi.org\\\/it\\\/5-idee-per-essere-un-cattolico-migliore-sul-lavoro\\\/#primaryimage\"},\"thumbnailUrl\":\"https:\\\/\\\/exaudi.org\\\/wp-content\\\/uploads\\\/2024\\\/09\\\/pexels-fauxels-3184424-scaled.jpg\",\"datePublished\":\"2024-09-20T15:53:20+00:00\",\"dateModified\":\"2024-09-20T15:53:24+00:00\",\"author\":{\"@id\":\"https:\\\/\\\/exaudi.org\\\/#\\\/schema\\\/person\\\/0428626ea256fe1d193098fe0ee2b91d\"},\"breadcrumb\":{\"@id\":\"https:\\\/\\\/exaudi.org\\\/it\\\/5-idee-per-essere-un-cattolico-migliore-sul-lavoro\\\/#breadcrumb\"},\"inLanguage\":\"it-IT\",\"potentialAction\":[{\"@type\":\"ReadAction\",\"target\":[\"https:\\\/\\\/exaudi.org\\\/it\\\/5-idee-per-essere-un-cattolico-migliore-sul-lavoro\\\/\"]}]},{\"@type\":\"ImageObject\",\"inLanguage\":\"it-IT\",\"@id\":\"https:\\\/\\\/exaudi.org\\\/it\\\/5-idee-per-essere-un-cattolico-migliore-sul-lavoro\\\/#primaryimage\",\"url\":\"https:\\\/\\\/exaudi.org\\\/wp-content\\\/uploads\\\/2024\\\/09\\\/pexels-fauxels-3184424-scaled.jpg\",\"contentUrl\":\"https:\\\/\\\/exaudi.org\\\/wp-content\\\/uploads\\\/2024\\\/09\\\/pexels-fauxels-3184424-scaled.jpg\",\"width\":2560,\"height\":1107,\"caption\":\"Pexels\"},{\"@type\":\"BreadcrumbList\",\"@id\":\"https:\\\/\\\/exaudi.org\\\/it\\\/5-idee-per-essere-un-cattolico-migliore-sul-lavoro\\\/#breadcrumb\",\"itemListElement\":[{\"@type\":\"ListItem\",\"position\":1,\"name\":\"Portada\",\"item\":\"https:\\\/\\\/exaudi.org\\\/it\\\/\"},{\"@type\":\"ListItem\",\"position\":2,\"name\":\"5 idee per essere un cattolico migliore sul lavoro\"}]},{\"@type\":\"WebSite\",\"@id\":\"https:\\\/\\\/exaudi.org\\\/#website\",\"url\":\"https:\\\/\\\/exaudi.org\\\/\",\"name\":\"Exaudi\",\"description\":\"News\",\"potentialAction\":[{\"@type\":\"SearchAction\",\"target\":{\"@type\":\"EntryPoint\",\"urlTemplate\":\"https:\\\/\\\/exaudi.org\\\/?s={search_term_string}\"},\"query-input\":{\"@type\":\"PropertyValueSpecification\",\"valueRequired\":true,\"valueName\":\"search_term_string\"}}],\"inLanguage\":\"it-IT\"},{\"@type\":\"Person\",\"@id\":\"https:\\\/\\\/exaudi.org\\\/#\\\/schema\\\/person\\\/0428626ea256fe1d193098fe0ee2b91d\",\"name\":\"Javier Ferrer Garc\u00eda\",\"image\":{\"@type\":\"ImageObject\",\"inLanguage\":\"it-IT\",\"@id\":\"https:\\\/\\\/secure.gravatar.com\\\/avatar\\\/c7bc1aef05f4433794cef4a55499c99ae6c0d617e2aa24ba4876a5432af93b2d?s=96&d=mm&r=g\",\"url\":\"https:\\\/\\\/secure.gravatar.com\\\/avatar\\\/c7bc1aef05f4433794cef4a55499c99ae6c0d617e2aa24ba4876a5432af93b2d?s=96&d=mm&r=g\",\"contentUrl\":\"https:\\\/\\\/secure.gravatar.com\\\/avatar\\\/c7bc1aef05f4433794cef4a55499c99ae6c0d617e2aa24ba4876a5432af93b2d?s=96&d=mm&r=g\",\"caption\":\"Javier Ferrer Garc\u00eda\"},\"description\":\"Soy un apasionado de la vida. Fil\u00f3sofo y economista. Mi carrera profesional se ha enriquecido con el constante deseo de aprender y crecer tanto en el \u00e1mbito acad\u00e9mico como en el personal. Me considero un ferviente lector y amante del cine, lo cual me permite tener una perspectiva amplia y diversa sobre el mundo que nos rodea. Como cat\u00f3lico comprometido, busco integrar mis valores en cada aspecto de mi vida, desde mi carrera profesional hasta mi rol como esposo y padre de familia\",\"url\":\"https:\\\/\\\/exaudi.org\\\/it\\\/author\\\/javier-ferrer-garcia\\\/\"}]}<\/script>\n<!-- \/ Yoast SEO plugin. -->","yoast_head_json":{"title":"5 idee per essere un cattolico migliore sul lavoro &#8211; Exaudi","robots":{"index":"index","follow":"follow","max-snippet":"max-snippet:-1","max-image-preview":"max-image-preview:large","max-video-preview":"max-video-preview:-1"},"canonical":"https:\/\/exaudi.org\/it\/5-idee-per-essere-un-cattolico-migliore-sul-lavoro\/","og_locale":"it_IT","og_type":"article","og_title":"5 idee per essere un cattolico migliore sul lavoro &#8211; Exaudi","og_description":"Integrit\u00e0, giustizia, carit\u00e0, servizio e preghiera","og_url":"https:\/\/exaudi.org\/it\/5-idee-per-essere-un-cattolico-migliore-sul-lavoro\/","og_site_name":"Exaudi","article_publisher":"https:\/\/www.facebook.com\/ExaudiNews","article_published_time":"2024-09-20T15:53:20+00:00","article_modified_time":"2024-09-20T15:53:24+00:00","og_image":[{"width":2560,"height":1107,"url":"https:\/\/exaudi.org\/wp-content\/uploads\/2024\/09\/pexels-fauxels-3184424-scaled.jpg","type":"image\/jpeg"}],"author":"Javier Ferrer Garc\u00eda","twitter_card":"summary_large_image","twitter_creator":"@Exaudi_News","twitter_site":"@Exaudi_News","twitter_misc":{"Scritto da":"Javier Ferrer Garc\u00eda","Tempo di lettura stimato":"3 minuti"},"schema":{"@context":"https:\/\/schema.org","@graph":[{"@type":"Article","@id":"https:\/\/exaudi.org\/it\/5-idee-per-essere-un-cattolico-migliore-sul-lavoro\/#article","isPartOf":{"@id":"https:\/\/exaudi.org\/it\/5-idee-per-essere-un-cattolico-migliore-sul-lavoro\/"},"author":{"name":"Javier Ferrer Garc\u00eda","@id":"https:\/\/exaudi.org\/#\/schema\/person\/0428626ea256fe1d193098fe0ee2b91d"},"headline":"5 idee per essere un cattolico migliore sul lavoro","datePublished":"2024-09-20T15:53:20+00:00","dateModified":"2024-09-20T15:53:24+00:00","mainEntityOfPage":{"@id":"https:\/\/exaudi.org\/it\/5-idee-per-essere-un-cattolico-migliore-sul-lavoro\/"},"wordCount":618,"image":{"@id":"https:\/\/exaudi.org\/it\/5-idee-per-essere-un-cattolico-migliore-sul-lavoro\/#primaryimage"},"thumbnailUrl":"https:\/\/exaudi.org\/wp-content\/uploads\/2024\/09\/pexels-fauxels-3184424-scaled.jpg","keywords":["Atteggiamento cattolico di servizio","carit\u00e0","Carit\u00e0 nell'ambiente di lavoro","Cattolico nel lavoro","Consigli cattolici per il lavoro","giustizia","giustizia e rispetto nel lavoro","Integrit\u00e0","integrit\u00e0 nel lavoro","preghiera","servizio","Spiritualit\u00e0 nel lavoro","Trending","Valori cattolici nel lavoro azienda"],"articleSection":["Voci"],"inLanguage":"it-IT"},{"@type":"WebPage","@id":"https:\/\/exaudi.org\/it\/5-idee-per-essere-un-cattolico-migliore-sul-lavoro\/","url":"https:\/\/exaudi.org\/it\/5-idee-per-essere-un-cattolico-migliore-sul-lavoro\/","name":"5 idee per essere un cattolico migliore sul lavoro &#8211; Exaudi","isPartOf":{"@id":"https:\/\/exaudi.org\/#website"},"primaryImageOfPage":{"@id":"https:\/\/exaudi.org\/it\/5-idee-per-essere-un-cattolico-migliore-sul-lavoro\/#primaryimage"},"image":{"@id":"https:\/\/exaudi.org\/it\/5-idee-per-essere-un-cattolico-migliore-sul-lavoro\/#primaryimage"},"thumbnailUrl":"https:\/\/exaudi.org\/wp-content\/uploads\/2024\/09\/pexels-fauxels-3184424-scaled.jpg","datePublished":"2024-09-20T15:53:20+00:00","dateModified":"2024-09-20T15:53:24+00:00","author":{"@id":"https:\/\/exaudi.org\/#\/schema\/person\/0428626ea256fe1d193098fe0ee2b91d"},"breadcrumb":{"@id":"https:\/\/exaudi.org\/it\/5-idee-per-essere-un-cattolico-migliore-sul-lavoro\/#breadcrumb"},"inLanguage":"it-IT","potentialAction":[{"@type":"ReadAction","target":["https:\/\/exaudi.org\/it\/5-idee-per-essere-un-cattolico-migliore-sul-lavoro\/"]}]},{"@type":"ImageObject","inLanguage":"it-IT","@id":"https:\/\/exaudi.org\/it\/5-idee-per-essere-un-cattolico-migliore-sul-lavoro\/#primaryimage","url":"https:\/\/exaudi.org\/wp-content\/uploads\/2024\/09\/pexels-fauxels-3184424-scaled.jpg","contentUrl":"https:\/\/exaudi.org\/wp-content\/uploads\/2024\/09\/pexels-fauxels-3184424-scaled.jpg","width":2560,"height":1107,"caption":"Pexels"},{"@type":"BreadcrumbList","@id":"https:\/\/exaudi.org\/it\/5-idee-per-essere-un-cattolico-migliore-sul-lavoro\/#breadcrumb","itemListElement":[{"@type":"ListItem","position":1,"name":"Portada","item":"https:\/\/exaudi.org\/it\/"},{"@type":"ListItem","position":2,"name":"5 idee per essere un cattolico migliore sul lavoro"}]},{"@type":"WebSite","@id":"https:\/\/exaudi.org\/#website","url":"https:\/\/exaudi.org\/","name":"Exaudi","description":"News","potentialAction":[{"@type":"SearchAction","target":{"@type":"EntryPoint","urlTemplate":"https:\/\/exaudi.org\/?s={search_term_string}"},"query-input":{"@type":"PropertyValueSpecification","valueRequired":true,"valueName":"search_term_string"}}],"inLanguage":"it-IT"},{"@type":"Person","@id":"https:\/\/exaudi.org\/#\/schema\/person\/0428626ea256fe1d193098fe0ee2b91d","name":"Javier Ferrer Garc\u00eda","image":{"@type":"ImageObject","inLanguage":"it-IT","@id":"https:\/\/secure.gravatar.com\/avatar\/c7bc1aef05f4433794cef4a55499c99ae6c0d617e2aa24ba4876a5432af93b2d?s=96&d=mm&r=g","url":"https:\/\/secure.gravatar.com\/avatar\/c7bc1aef05f4433794cef4a55499c99ae6c0d617e2aa24ba4876a5432af93b2d?s=96&d=mm&r=g","contentUrl":"https:\/\/secure.gravatar.com\/avatar\/c7bc1aef05f4433794cef4a55499c99ae6c0d617e2aa24ba4876a5432af93b2d?s=96&d=mm&r=g","caption":"Javier Ferrer Garc\u00eda"},"description":"Soy un apasionado de la vida. Fil\u00f3sofo y economista. Mi carrera profesional se ha enriquecido con el constante deseo de aprender y crecer tanto en el \u00e1mbito acad\u00e9mico como en el personal. Me considero un ferviente lector y amante del cine, lo cual me permite tener una perspectiva amplia y diversa sobre el mundo que nos rodea. Como cat\u00f3lico comprometido, busco integrar mis valores en cada aspecto de mi vida, desde mi carrera profesional hasta mi rol como esposo y padre de familia","url":"https:\/\/exaudi.org\/it\/author\/javier-ferrer-garcia\/"}]}},"jetpack_featured_media_url":"https:\/\/exaudi.org\/wp-content\/uploads\/2024\/09\/pexels-fauxels-3184424-scaled.jpg","jetpack_shortlink":"https:\/\/wp.me\/pgKjF2-sgP","_links":{"self":[{"href":"https:\/\/exaudi.org\/it\/wp-json\/wp\/v2\/posts\/108675","targetHints":{"allow":["GET"]}}],"collection":[{"href":"https:\/\/exaudi.org\/it\/wp-json\/wp\/v2\/posts"}],"about":[{"href":"https:\/\/exaudi.org\/it\/wp-json\/wp\/v2\/types\/post"}],"author":[{"embeddable":true,"href":"https:\/\/exaudi.org\/it\/wp-json\/wp\/v2\/users\/149"}],"replies":[{"embeddable":true,"href":"https:\/\/exaudi.org\/it\/wp-json\/wp\/v2\/comments?post=108675"}],"version-history":[{"count":0,"href":"https:\/\/exaudi.org\/it\/wp-json\/wp\/v2\/posts\/108675\/revisions"}],"wp:featuredmedia":[{"embeddable":true,"href":"https:\/\/exaudi.org\/it\/wp-json\/wp\/v2\/media\/108436"}],"wp:attachment":[{"href":"https:\/\/exaudi.org\/it\/wp-json\/wp\/v2\/media?parent=108675"}],"wp:term":[{"taxonomy":"category","embeddable":true,"href":"https:\/\/exaudi.org\/it\/wp-json\/wp\/v2\/categories?post=108675"},{"taxonomy":"post_tag","embeddable":true,"href":"https:\/\/exaudi.org\/it\/wp-json\/wp\/v2\/tags?post=108675"}],"curies":[{"name":"wp","href":"https:\/\/api.w.org\/{rel}","templated":true}]}}