{"id":108400,"date":"2024-09-17T16:34:39","date_gmt":"2024-09-17T14:34:39","guid":{"rendered":"https:\/\/exaudi.org\/?p=108400"},"modified":"2024-09-17T16:34:39","modified_gmt":"2024-09-17T14:34:39","slug":"meriti-di-meglio","status":"publish","type":"post","link":"https:\/\/exaudi.org\/it\/meriti-di-meglio\/","title":{"rendered":"Meriti di meglio"},"content":{"rendered":"<p>Tutti noi che facciamo consulenza familiare sappiamo che \u201ci genitori che non hanno bisogno della scuola vengono alle scuole per genitori\u201d.<\/p>\n<p>Se chiediamo a qualcuno dei partecipanti \u201ccome stai come padre?\u201d, la stragrande maggioranza ritiene che \u201cho molto margine di miglioramento\u201d. Oserei dire che nessuno di loro sarebbe classificato come \u201cmagnifico\u201d.<\/p>\n<p>I buoni genitori non sono mai soddisfatti del nostro lavoro. Essere genitori significa commettere errori quotidiani e questi ci sono molto pi\u00f9 evidenti dei nostri successi, anch&#8217;essi quotidiani e probabilmente molto pi\u00f9 frequenti.<\/p>\n<p>Ma ci chiediamo o ci chiediamo con la stessa frequenza: \u201ccome sono come marito (o come moglie)\u201d? Purtroppo penso di no.<\/p>\n<p>Penso che la maggior parte di noi coppie sposate viva il nostro lavoro di coniugi come inevitabile. &#8220;Faccio del mio meglio.&#8221; \u201cFaccio tutto quello che dovrei\u201d, \u201cCosa ti aspetti che faccia?\u201d<\/p>\n<p>Non offenderti. Forse parlo per me.<\/p>\n<p>C\u2019\u00e8 una frase non meno sgradevole perch\u00e9 banale: \u201cTi meriti di meglio\u201d.<\/p>\n<p>La frase \u00e8 buona. Ed \u00e8 senza dubbio vero. Il problema \u00e8 quando viene utilizzato.<\/p>\n<p>&#8220;Ti meriti di meglio&#8221; \u00e8 inteso come un antidolorifico emotivo per &#8220;Sono fuori di qui&#8221;.<\/p>\n<p>(Chiss\u00e0 cosa dicono all&#8217;altra persona): \u201cGli ho detto che merita di meglio, e non \u00e8 rimasto calmo Ed eccomi qui, con te, che se devi accontentarti di qualcosa di mediocre come me, e per di pi\u00f9 \u00e8 offeso.\u201d)<\/p>\n<p>\u00c8 semplicemente vomito ed \u00e8 un peccato, perch\u00e9 usato col tempo sarebbe, forse, il balsamo di Fierabr\u00e1s.<\/p>\n<p>&#8220;Tesoro, meriti di meglio e prometto che lotter\u00f2 ogni giorno per diventarlo.&#8221;<\/p>\n<p>Ovviamente mia moglie merita di meglio! Ma non \u201cun altro\u201d migliore. Merita il meglio da me. Merita la migliore versione di Nacho Calder\u00f3n che possa esistere.<\/p>\n<p>Il problema \u00e8 che mi sento amato. E lei sa che io so che l&#8217;amore \u00e8 incondizionato. Mia moglie mi ama, qualunque sia la versione che le mostro. Lo so e mi dispiace. E questo mi permette di ambientarmi, rilassarmi e non essere all\u2019altezza \u2013 non delle circostanze \u2013 ma delle loro.<\/p>\n<p>\u00c8 cos\u00ec che a poco a poco stiamo diventando colui che ci permette di dire \u201cmeriti di meglio\u201d.<\/p>\n<p>E cosa stai aspettando? Forse vinci alla lotteria? Per avere un carico di lavoro inferiore? Riconoscilo, fisicamente ti \u00e8 difficile stare meglio, accontentati, al massimo, di mantenerti. Il tempo \u00e8 inesorabile. Come mi ha detto un mio amico: \u201cDopo una certa et\u00e0 il corpo va da solo. Non c\u2019\u00e8 nessuno che lo domi\u201d.<\/p>\n<p>E? \u00c8 il meglio che posso offrire? \u00c8 questo che mi preoccupa? Il mio corpo? \u2013 Mi piacerebbe tanto offrirgliene un altro, pi\u00f9 giovane, pi\u00f9 forte e pi\u00f9 attraente, ma se \u00e8 per questo che prenderemo in considerazione l&#8217;idea di mantenere il nostro matrimonio, preferisco chiudere qui. Se il nostro matrimonio viene preso in considerazione a causa del mio corpo, merito di meglio. E se ci avessi pensato, sarei stato cos\u00ec idiota che lei non si sarebbe mai accorta di me.<\/p>\n<p>No, non \u00e8 questione del corpo. Riguarda chi sei e cosa dai emotivamente. Si tratta di essere la persona che si diverte di pi\u00f9. La persona che vorrei di pi\u00f9 essere al mio fianco, perch\u00e9 la tua assenza, per quanto breve e forzata possa essere, mi mette a disagio.<\/p>\n<p>Il contrario \u00e8 l\u2019indifferenza. Non mi interessa se ci sei oppure no. Che terribile! Mi tormenta solo a pensarci.<\/p>\n<p>Probabilmente si tratta di far s\u00ec che, ogni volta che siamo al tuo fianco, tu ti senta la persona pi\u00f9 importante e pi\u00f9 amata del mondo. Si tratter\u00e0 di farle notare che la sua vicinanza ci basta per stare bene e che non c&#8217;\u00e8 niente nella vita che desideriamo di pi\u00f9 del suo stare bene.<\/p>\n<p>Si tratta di lottare per essere chi lei (o lui) merita. E s\u00ec, non c\u2019\u00e8 altro modo per farlo se non mettendo da parte il nostro S\u00c9. Dimenticarmi di cosa vorrei fare in questo momento per fare ci\u00f2 che lei vuole \u2013 o ci\u00f2 che pensa debba essere fatto \u2013.<\/p>\n<p>Forse devi rendere la sfida pi\u00f9 semplice. Forse baster\u00e0 lottare un giorno, oggi, per essere la migliore versione possibile di noi stessi. E domani, ancora.<\/p>\n<p>Perch\u00e9 se non faccio del mio meglio per essere il migliore possibile per lei, per chi?<\/p>\n<p>Se non lotto ogni giorno per essere il miglior marito possibile, non sar\u00f2 mai la persona che avrei potuto essere.<\/p>\n","protected":false},"excerpt":{"rendered":"<p>Tesoro, meriti di meglio e prometto che lotter\u00f2 ogni giorno per diventarlo<\/p>\n","protected":false},"author":113,"featured_media":108232,"comment_status":"closed","ping_status":"closed","sticky":false,"template":"","format":"standard","meta":{"_acf_changed":false,"_crdt_document":"","inline_featured_image":false,"footnotes":""},"categories":[129],"tags":[24543,24542,24548,24554,24553,2487,24545,24544,24549,834,24558,24551,24552,14194,13413,11581,24547,24546,24555,24556,24557,24550],"class_list":["post-108400","post","type-post","status-publish","format-standard","has-post-thumbnail","hentry","category-voci","tag-amore-e-rispetto","tag-amore-incondizionato","tag-coniugi","tag-coppia-felice","tag-famiglia-guida","tag-featured-3","tag-impegno-matrimoniale","tag-impegno-quotidiano","tag-lotta-per-lamore","tag-matrimonio","tag-meriti-di-meglio","tag-migliorare-in-coppia","tag-migliorare-la-relazione","tag-nacho-calderon-2","tag-nacho-calderon-castro-2","tag-relazione","tag-scuola-per-genitori","tag-sfida-matrimoniale","tag-sii-un-buon-marito","tag-sii-un-buon-padre","tag-sii-una-persona-migliore","tag-versione-migliore-di-se-stessi"],"acf":[],"yoast_head":"<!-- This site is optimized with the Yoast SEO plugin v27.4 - https:\/\/yoast.com\/product\/yoast-seo-wordpress\/ -->\n<title>Meriti di meglio &#8211; Exaudi<\/title>\n<meta name=\"robots\" content=\"index, follow, max-snippet:-1, max-image-preview:large, max-video-preview:-1\" \/>\n<link rel=\"canonical\" href=\"https:\/\/exaudi.org\/it\/meriti-di-meglio\/\" \/>\n<meta property=\"og:locale\" content=\"it_IT\" \/>\n<meta property=\"og:type\" content=\"article\" \/>\n<meta property=\"og:title\" content=\"Meriti di meglio &#8211; Exaudi\" \/>\n<meta property=\"og:description\" content=\"Tesoro, meriti di meglio e prometto che lotter\u00f2 ogni giorno per diventarlo\" \/>\n<meta property=\"og:url\" content=\"https:\/\/exaudi.org\/it\/meriti-di-meglio\/\" \/>\n<meta property=\"og:site_name\" content=\"Exaudi\" \/>\n<meta property=\"article:publisher\" content=\"https:\/\/www.facebook.com\/ExaudiNews\" \/>\n<meta property=\"article:published_time\" content=\"2024-09-17T14:34:39+00:00\" \/>\n<meta property=\"og:image\" content=\"https:\/\/exaudi.org\/wp-content\/uploads\/2024\/09\/pexels-asadphoto-1024960-scaled.jpg\" \/>\n\t<meta property=\"og:image:width\" content=\"2560\" \/>\n\t<meta property=\"og:image:height\" content=\"1707\" \/>\n\t<meta property=\"og:image:type\" content=\"image\/jpeg\" \/>\n<meta name=\"author\" content=\"Nacho Calder\u00f3n Castro\" \/>\n<meta name=\"twitter:card\" content=\"summary_large_image\" \/>\n<meta name=\"twitter:creator\" content=\"@Exaudi_News\" \/>\n<meta name=\"twitter:site\" content=\"@Exaudi_News\" \/>\n<meta name=\"twitter:label1\" content=\"Scritto da\" \/>\n\t<meta name=\"twitter:data1\" content=\"Nacho Calder\u00f3n Castro\" \/>\n\t<meta name=\"twitter:label2\" content=\"Tempo di lettura stimato\" \/>\n\t<meta name=\"twitter:data2\" content=\"3 minuti\" \/>\n<script type=\"application\/ld+json\" class=\"yoast-schema-graph\">{\"@context\":\"https:\\\/\\\/schema.org\",\"@graph\":[{\"@type\":\"Article\",\"@id\":\"https:\\\/\\\/exaudi.org\\\/it\\\/meriti-di-meglio\\\/#article\",\"isPartOf\":{\"@id\":\"https:\\\/\\\/exaudi.org\\\/it\\\/meriti-di-meglio\\\/\"},\"author\":{\"name\":\"Nacho Calder\u00f3n Castro\",\"@id\":\"https:\\\/\\\/exaudi.org\\\/#\\\/schema\\\/person\\\/81a36269482bc7d6a5a3ab8317a57a2f\"},\"headline\":\"Meriti di meglio\",\"datePublished\":\"2024-09-17T14:34:39+00:00\",\"mainEntityOfPage\":{\"@id\":\"https:\\\/\\\/exaudi.org\\\/it\\\/meriti-di-meglio\\\/\"},\"wordCount\":703,\"image\":{\"@id\":\"https:\\\/\\\/exaudi.org\\\/it\\\/meriti-di-meglio\\\/#primaryimage\"},\"thumbnailUrl\":\"https:\\\/\\\/exaudi.org\\\/wp-content\\\/uploads\\\/2024\\\/09\\\/pexels-asadphoto-1024960-scaled.jpg\",\"keywords\":[\"amore e rispetto\",\"amore incondizionato\",\"Coniugi\",\"coppia felice\",\"famiglia guida\",\"Featured\",\"impegno matrimoniale\",\"impegno quotidiano\",\"lotta per l'amore\",\"matrimonio\",\"meriti di meglio\",\"migliorare in coppia\",\"migliorare la relazione\",\"NACHO CALDER\u00d3N\",\"NACHO CALDER\u00d3N CASTRO\",\"RELAZIONE\",\"scuola per genitori\",\"sfida matrimoniale\",\"sii un buon marito\",\"sii un buon padre\",\"sii una persona migliore\",\"versione migliore di se stessi\"],\"articleSection\":[\"Voci\"],\"inLanguage\":\"it-IT\"},{\"@type\":\"WebPage\",\"@id\":\"https:\\\/\\\/exaudi.org\\\/it\\\/meriti-di-meglio\\\/\",\"url\":\"https:\\\/\\\/exaudi.org\\\/it\\\/meriti-di-meglio\\\/\",\"name\":\"Meriti di meglio &#8211; Exaudi\",\"isPartOf\":{\"@id\":\"https:\\\/\\\/exaudi.org\\\/#website\"},\"primaryImageOfPage\":{\"@id\":\"https:\\\/\\\/exaudi.org\\\/it\\\/meriti-di-meglio\\\/#primaryimage\"},\"image\":{\"@id\":\"https:\\\/\\\/exaudi.org\\\/it\\\/meriti-di-meglio\\\/#primaryimage\"},\"thumbnailUrl\":\"https:\\\/\\\/exaudi.org\\\/wp-content\\\/uploads\\\/2024\\\/09\\\/pexels-asadphoto-1024960-scaled.jpg\",\"datePublished\":\"2024-09-17T14:34:39+00:00\",\"author\":{\"@id\":\"https:\\\/\\\/exaudi.org\\\/#\\\/schema\\\/person\\\/81a36269482bc7d6a5a3ab8317a57a2f\"},\"breadcrumb\":{\"@id\":\"https:\\\/\\\/exaudi.org\\\/it\\\/meriti-di-meglio\\\/#breadcrumb\"},\"inLanguage\":\"it-IT\",\"potentialAction\":[{\"@type\":\"ReadAction\",\"target\":[\"https:\\\/\\\/exaudi.org\\\/it\\\/meriti-di-meglio\\\/\"]}]},{\"@type\":\"ImageObject\",\"inLanguage\":\"it-IT\",\"@id\":\"https:\\\/\\\/exaudi.org\\\/it\\\/meriti-di-meglio\\\/#primaryimage\",\"url\":\"https:\\\/\\\/exaudi.org\\\/wp-content\\\/uploads\\\/2024\\\/09\\\/pexels-asadphoto-1024960-scaled.jpg\",\"contentUrl\":\"https:\\\/\\\/exaudi.org\\\/wp-content\\\/uploads\\\/2024\\\/09\\\/pexels-asadphoto-1024960-scaled.jpg\",\"width\":2560,\"height\":1707,\"caption\":\"Pexels\"},{\"@type\":\"BreadcrumbList\",\"@id\":\"https:\\\/\\\/exaudi.org\\\/it\\\/meriti-di-meglio\\\/#breadcrumb\",\"itemListElement\":[{\"@type\":\"ListItem\",\"position\":1,\"name\":\"Portada\",\"item\":\"https:\\\/\\\/exaudi.org\\\/it\\\/\"},{\"@type\":\"ListItem\",\"position\":2,\"name\":\"Meriti di meglio\"}]},{\"@type\":\"WebSite\",\"@id\":\"https:\\\/\\\/exaudi.org\\\/#website\",\"url\":\"https:\\\/\\\/exaudi.org\\\/\",\"name\":\"Exaudi\",\"description\":\"News\",\"potentialAction\":[{\"@type\":\"SearchAction\",\"target\":{\"@type\":\"EntryPoint\",\"urlTemplate\":\"https:\\\/\\\/exaudi.org\\\/?s={search_term_string}\"},\"query-input\":{\"@type\":\"PropertyValueSpecification\",\"valueRequired\":true,\"valueName\":\"search_term_string\"}}],\"inLanguage\":\"it-IT\"},{\"@type\":\"Person\",\"@id\":\"https:\\\/\\\/exaudi.org\\\/#\\\/schema\\\/person\\\/81a36269482bc7d6a5a3ab8317a57a2f\",\"name\":\"Nacho Calder\u00f3n Castro\",\"image\":{\"@type\":\"ImageObject\",\"inLanguage\":\"it-IT\",\"@id\":\"https:\\\/\\\/secure.gravatar.com\\\/avatar\\\/9a83221fb83e62554f576fc80e7b576f2b3f5ebbb98b6adcdf828c6895c6c906?s=96&d=mm&r=g\",\"url\":\"https:\\\/\\\/secure.gravatar.com\\\/avatar\\\/9a83221fb83e62554f576fc80e7b576f2b3f5ebbb98b6adcdf828c6895c6c906?s=96&d=mm&r=g\",\"contentUrl\":\"https:\\\/\\\/secure.gravatar.com\\\/avatar\\\/9a83221fb83e62554f576fc80e7b576f2b3f5ebbb98b6adcdf828c6895c6c906?s=96&d=mm&r=g\",\"caption\":\"Nacho Calder\u00f3n Castro\"},\"description\":\"Nacho es el fundador y director del Instituto de Neuropsicolog\u00eda y Psicopedagog\u00eda Aplicadas (INPA) en Madrid, Espa\u00f1a y forma parte del equipo de Neurological Rehabilitation International Consultants, dirigiendo su centro en Laredo, Texas, tareas que compatibiliza impartiendo conferencias en centros de ense\u00f1anza, desde jardines de infancia hasta universidades. Ha sido colaborador con con el programa de radio La Ma\u00f1ana de COPE, dirigido por Javi Nieves durante los cursos 2012 \u2013 2014 y es profesor del Instituto de Estudios Familiares \u2013 IDEFA. En el a\u00f1o 2013 fue llamado por el Dr. Unruh para continuar su labor en Estados Unidos. Para realizar tal tarea y en reconocimiento a su trayectoria profesional, el gobierno de aquel pa\u00eds le ha concedido el visado 01, otorgado a personas con \u201chabilidades extraordinarias\u201d. Desde mayo de 2017 Nacho ha trasladado esta consulta a Pachuca, en el estado de Hidalgo, en M\u00e9xico, y de ese modo trabaja junto con Iliana Guevara Rivera, con quien comparte una trayectoria profesional desde noviembre de 1992. Nacho Calder\u00f3n atiende por tanto a pacientes en M\u00e9xico a lo largo de tres meses al a\u00f1o \u2013 febrero, junio y octubre -, dedicando ocho meses a la atenci\u00f3n de pacientes en Espa\u00f1a. Licenciado en Psicolog\u00eda, comenz\u00f3 su labor profesional en los Institutos para el Logro del Potencial Humano en Filadelfia, junto con Glenn, Janet y Douglas Doman, donde estuvo durante dos a\u00f1os completos. Durante este periodo atendi\u00f3 a familias en Filadelfia, Fauglia (Italia) y Tokio (Jap\u00f3n). A su regreso a Espa\u00f1a en 1995, fue co-fundador de la asociaci\u00f3n Institutos Fay para la Estimulaci\u00f3n Multisensorial. Nacho trajo el primer Audiokinetron (para el tratamiento B\u00e8rard) que hubo en nuestro pa\u00eds. En 1997 comenz\u00f3 su formaci\u00f3n como evaluador con el m\u00e9todo IRLEN, tras su paso por el IRLEN Center de Helen Irlen en California, se convirti\u00f3 en 1999 en el responsable de dicho m\u00e9todo en la pen\u00ednsula. En el curso de 1997-98, complet\u00f3 su formaci\u00f3n en reflejos primitivos de la mano de Peter Blythe y Sally Goddar. M\u00e1s tarde continuar\u00eda su formaci\u00f3n junto con Kjelt Johansen, Harald Blomberg y Beatriz y Sonia Padovan. Ha sido instructor KUMON durante m\u00e1s de 10 a\u00f1os y ha dado conferencias en B\u00e9lgica, Italia, Alemania y Reino Unido. Nacho ha sido profesor en el Master de dise\u00f1o infantil en espacio y producto del Instituto Europeo de dise\u00f1o y en la actualidad compagina toda su labor cl\u00ednica con la formaci\u00f3n en el Master para la formaci\u00f3n del profesorado de la Universidad Rey Juan Carlos.\",\"sameAs\":[\"https:\\\/\\\/inpa.info\\\/\"],\"url\":\"https:\\\/\\\/exaudi.org\\\/it\\\/author\\\/nacho-calderon-castro\\\/\"}]}<\/script>\n<!-- \/ Yoast SEO plugin. -->","yoast_head_json":{"title":"Meriti di meglio &#8211; Exaudi","robots":{"index":"index","follow":"follow","max-snippet":"max-snippet:-1","max-image-preview":"max-image-preview:large","max-video-preview":"max-video-preview:-1"},"canonical":"https:\/\/exaudi.org\/it\/meriti-di-meglio\/","og_locale":"it_IT","og_type":"article","og_title":"Meriti di meglio &#8211; Exaudi","og_description":"Tesoro, meriti di meglio e prometto che lotter\u00f2 ogni giorno per diventarlo","og_url":"https:\/\/exaudi.org\/it\/meriti-di-meglio\/","og_site_name":"Exaudi","article_publisher":"https:\/\/www.facebook.com\/ExaudiNews","article_published_time":"2024-09-17T14:34:39+00:00","og_image":[{"width":2560,"height":1707,"url":"https:\/\/exaudi.org\/wp-content\/uploads\/2024\/09\/pexels-asadphoto-1024960-scaled.jpg","type":"image\/jpeg"}],"author":"Nacho Calder\u00f3n Castro","twitter_card":"summary_large_image","twitter_creator":"@Exaudi_News","twitter_site":"@Exaudi_News","twitter_misc":{"Scritto da":"Nacho Calder\u00f3n Castro","Tempo di lettura stimato":"3 minuti"},"schema":{"@context":"https:\/\/schema.org","@graph":[{"@type":"Article","@id":"https:\/\/exaudi.org\/it\/meriti-di-meglio\/#article","isPartOf":{"@id":"https:\/\/exaudi.org\/it\/meriti-di-meglio\/"},"author":{"name":"Nacho Calder\u00f3n Castro","@id":"https:\/\/exaudi.org\/#\/schema\/person\/81a36269482bc7d6a5a3ab8317a57a2f"},"headline":"Meriti di meglio","datePublished":"2024-09-17T14:34:39+00:00","mainEntityOfPage":{"@id":"https:\/\/exaudi.org\/it\/meriti-di-meglio\/"},"wordCount":703,"image":{"@id":"https:\/\/exaudi.org\/it\/meriti-di-meglio\/#primaryimage"},"thumbnailUrl":"https:\/\/exaudi.org\/wp-content\/uploads\/2024\/09\/pexels-asadphoto-1024960-scaled.jpg","keywords":["amore e rispetto","amore incondizionato","Coniugi","coppia felice","famiglia guida","Featured","impegno matrimoniale","impegno quotidiano","lotta per l'amore","matrimonio","meriti di meglio","migliorare in coppia","migliorare la relazione","NACHO CALDER\u00d3N","NACHO CALDER\u00d3N CASTRO","RELAZIONE","scuola per genitori","sfida matrimoniale","sii un buon marito","sii un buon padre","sii una persona migliore","versione migliore di se stessi"],"articleSection":["Voci"],"inLanguage":"it-IT"},{"@type":"WebPage","@id":"https:\/\/exaudi.org\/it\/meriti-di-meglio\/","url":"https:\/\/exaudi.org\/it\/meriti-di-meglio\/","name":"Meriti di meglio &#8211; Exaudi","isPartOf":{"@id":"https:\/\/exaudi.org\/#website"},"primaryImageOfPage":{"@id":"https:\/\/exaudi.org\/it\/meriti-di-meglio\/#primaryimage"},"image":{"@id":"https:\/\/exaudi.org\/it\/meriti-di-meglio\/#primaryimage"},"thumbnailUrl":"https:\/\/exaudi.org\/wp-content\/uploads\/2024\/09\/pexels-asadphoto-1024960-scaled.jpg","datePublished":"2024-09-17T14:34:39+00:00","author":{"@id":"https:\/\/exaudi.org\/#\/schema\/person\/81a36269482bc7d6a5a3ab8317a57a2f"},"breadcrumb":{"@id":"https:\/\/exaudi.org\/it\/meriti-di-meglio\/#breadcrumb"},"inLanguage":"it-IT","potentialAction":[{"@type":"ReadAction","target":["https:\/\/exaudi.org\/it\/meriti-di-meglio\/"]}]},{"@type":"ImageObject","inLanguage":"it-IT","@id":"https:\/\/exaudi.org\/it\/meriti-di-meglio\/#primaryimage","url":"https:\/\/exaudi.org\/wp-content\/uploads\/2024\/09\/pexels-asadphoto-1024960-scaled.jpg","contentUrl":"https:\/\/exaudi.org\/wp-content\/uploads\/2024\/09\/pexels-asadphoto-1024960-scaled.jpg","width":2560,"height":1707,"caption":"Pexels"},{"@type":"BreadcrumbList","@id":"https:\/\/exaudi.org\/it\/meriti-di-meglio\/#breadcrumb","itemListElement":[{"@type":"ListItem","position":1,"name":"Portada","item":"https:\/\/exaudi.org\/it\/"},{"@type":"ListItem","position":2,"name":"Meriti di meglio"}]},{"@type":"WebSite","@id":"https:\/\/exaudi.org\/#website","url":"https:\/\/exaudi.org\/","name":"Exaudi","description":"News","potentialAction":[{"@type":"SearchAction","target":{"@type":"EntryPoint","urlTemplate":"https:\/\/exaudi.org\/?s={search_term_string}"},"query-input":{"@type":"PropertyValueSpecification","valueRequired":true,"valueName":"search_term_string"}}],"inLanguage":"it-IT"},{"@type":"Person","@id":"https:\/\/exaudi.org\/#\/schema\/person\/81a36269482bc7d6a5a3ab8317a57a2f","name":"Nacho Calder\u00f3n Castro","image":{"@type":"ImageObject","inLanguage":"it-IT","@id":"https:\/\/secure.gravatar.com\/avatar\/9a83221fb83e62554f576fc80e7b576f2b3f5ebbb98b6adcdf828c6895c6c906?s=96&d=mm&r=g","url":"https:\/\/secure.gravatar.com\/avatar\/9a83221fb83e62554f576fc80e7b576f2b3f5ebbb98b6adcdf828c6895c6c906?s=96&d=mm&r=g","contentUrl":"https:\/\/secure.gravatar.com\/avatar\/9a83221fb83e62554f576fc80e7b576f2b3f5ebbb98b6adcdf828c6895c6c906?s=96&d=mm&r=g","caption":"Nacho Calder\u00f3n Castro"},"description":"Nacho es el fundador y director del Instituto de Neuropsicolog\u00eda y Psicopedagog\u00eda Aplicadas (INPA) en Madrid, Espa\u00f1a y forma parte del equipo de Neurological Rehabilitation International Consultants, dirigiendo su centro en Laredo, Texas, tareas que compatibiliza impartiendo conferencias en centros de ense\u00f1anza, desde jardines de infancia hasta universidades. Ha sido colaborador con con el programa de radio La Ma\u00f1ana de COPE, dirigido por Javi Nieves durante los cursos 2012 \u2013 2014 y es profesor del Instituto de Estudios Familiares \u2013 IDEFA. En el a\u00f1o 2013 fue llamado por el Dr. Unruh para continuar su labor en Estados Unidos. Para realizar tal tarea y en reconocimiento a su trayectoria profesional, el gobierno de aquel pa\u00eds le ha concedido el visado 01, otorgado a personas con \u201chabilidades extraordinarias\u201d. Desde mayo de 2017 Nacho ha trasladado esta consulta a Pachuca, en el estado de Hidalgo, en M\u00e9xico, y de ese modo trabaja junto con Iliana Guevara Rivera, con quien comparte una trayectoria profesional desde noviembre de 1992. Nacho Calder\u00f3n atiende por tanto a pacientes en M\u00e9xico a lo largo de tres meses al a\u00f1o \u2013 febrero, junio y octubre -, dedicando ocho meses a la atenci\u00f3n de pacientes en Espa\u00f1a. Licenciado en Psicolog\u00eda, comenz\u00f3 su labor profesional en los Institutos para el Logro del Potencial Humano en Filadelfia, junto con Glenn, Janet y Douglas Doman, donde estuvo durante dos a\u00f1os completos. Durante este periodo atendi\u00f3 a familias en Filadelfia, Fauglia (Italia) y Tokio (Jap\u00f3n). A su regreso a Espa\u00f1a en 1995, fue co-fundador de la asociaci\u00f3n Institutos Fay para la Estimulaci\u00f3n Multisensorial. Nacho trajo el primer Audiokinetron (para el tratamiento B\u00e8rard) que hubo en nuestro pa\u00eds. En 1997 comenz\u00f3 su formaci\u00f3n como evaluador con el m\u00e9todo IRLEN, tras su paso por el IRLEN Center de Helen Irlen en California, se convirti\u00f3 en 1999 en el responsable de dicho m\u00e9todo en la pen\u00ednsula. En el curso de 1997-98, complet\u00f3 su formaci\u00f3n en reflejos primitivos de la mano de Peter Blythe y Sally Goddar. M\u00e1s tarde continuar\u00eda su formaci\u00f3n junto con Kjelt Johansen, Harald Blomberg y Beatriz y Sonia Padovan. Ha sido instructor KUMON durante m\u00e1s de 10 a\u00f1os y ha dado conferencias en B\u00e9lgica, Italia, Alemania y Reino Unido. Nacho ha sido profesor en el Master de dise\u00f1o infantil en espacio y producto del Instituto Europeo de dise\u00f1o y en la actualidad compagina toda su labor cl\u00ednica con la formaci\u00f3n en el Master para la formaci\u00f3n del profesorado de la Universidad Rey Juan Carlos.","sameAs":["https:\/\/inpa.info\/"],"url":"https:\/\/exaudi.org\/it\/author\/nacho-calderon-castro\/"}]}},"jetpack_featured_media_url":"https:\/\/exaudi.org\/wp-content\/uploads\/2024\/09\/pexels-asadphoto-1024960-scaled.jpg","jetpack_shortlink":"https:\/\/wp.me\/pgKjF2-sco","_links":{"self":[{"href":"https:\/\/exaudi.org\/it\/wp-json\/wp\/v2\/posts\/108400","targetHints":{"allow":["GET"]}}],"collection":[{"href":"https:\/\/exaudi.org\/it\/wp-json\/wp\/v2\/posts"}],"about":[{"href":"https:\/\/exaudi.org\/it\/wp-json\/wp\/v2\/types\/post"}],"author":[{"embeddable":true,"href":"https:\/\/exaudi.org\/it\/wp-json\/wp\/v2\/users\/113"}],"replies":[{"embeddable":true,"href":"https:\/\/exaudi.org\/it\/wp-json\/wp\/v2\/comments?post=108400"}],"version-history":[{"count":0,"href":"https:\/\/exaudi.org\/it\/wp-json\/wp\/v2\/posts\/108400\/revisions"}],"wp:featuredmedia":[{"embeddable":true,"href":"https:\/\/exaudi.org\/it\/wp-json\/wp\/v2\/media\/108232"}],"wp:attachment":[{"href":"https:\/\/exaudi.org\/it\/wp-json\/wp\/v2\/media?parent=108400"}],"wp:term":[{"taxonomy":"category","embeddable":true,"href":"https:\/\/exaudi.org\/it\/wp-json\/wp\/v2\/categories?post=108400"},{"taxonomy":"post_tag","embeddable":true,"href":"https:\/\/exaudi.org\/it\/wp-json\/wp\/v2\/tags?post=108400"}],"curies":[{"name":"wp","href":"https:\/\/api.w.org\/{rel}","templated":true}]}}