{"id":107816,"date":"2024-09-10T11:46:58","date_gmt":"2024-09-10T09:46:58","guid":{"rendered":"https:\/\/exaudi.org\/?p=107816"},"modified":"2024-09-10T11:52:30","modified_gmt":"2024-09-10T09:52:30","slug":"papa-francesco-a-timor-est-un-viaggio-di-speranza-e-di-fede","status":"publish","type":"post","link":"https:\/\/exaudi.org\/it\/papa-francesco-a-timor-est-un-viaggio-di-speranza-e-di-fede\/","title":{"rendered":"Papa Francesco a Timor Est: Un Viaggio di Speranza e di Fede"},"content":{"rendered":"<p>Papa Francesco ha visitato la Irm\u00e3s Alma House a Dili, Timor Est, il 10 settembre 2024, durante il suo viaggio apostolico. Questa istituzione, che offre assistenza ai bambini affetti da gravi malattie, ha accolto il Pontefice con canti e doni. Francesco ha sottolineato l&#8217;importanza di prendersi cura dei pi\u00f9 vulnerabili e si \u00e8 commosso nel vedere la sofferenza dei bambini e delle loro famiglie. Ha sottolineato l&#8217;esempio di Silvano, un bambino affetto da una malattia neurodegenerativa, come simbolo dell&#8217;insegnamento sulla necessit\u00e0 di imparare a farsi curare da Dio.<\/p>\n<p>Nel suo 45\u00b0 viaggio apostolico, Papa Francesco ha visitato la Casa Irm\u00e3s Alma a Dili, Timor Est, luogo dedicato alla cura dei bambini affetti da gravi malattie. Il suo arrivo \u00e8 stato accolto con grande calore dai pi\u00f9 piccoli, che lo hanno intrattenuto con canti e doni. Profondamente commosso dalla sofferenza e dal coraggio dei bambini, il Pontefice ha sottolineato l&#8217;importanza di prendersi cura dei pi\u00f9 fragili, paragonando questo atto al \u201csacramento dei poveri\u201d. Durante la sua visita, Francesco ha espresso la sua gratitudine alle suore per la loro dedizione e ai bambini per la loro capacit\u00e0 di lasciarsi curare da Dio. Inoltre, ha firmato il diario di un giovane su una sedia a rotelle e ha lasciato una statua della Nativit\u00e0 come simbolo di amore e cura. Mentre si salutava, \u00e8 stato abbracciato dai genitori in lutto, offrendogli conforto in mezzo al loro dolore.<\/p>\n<p><img loading=\"lazy\" decoding=\"async\" class=\"size-full wp-image-107778 alignnone\" src=\"https:\/\/exaudi.org\/wp-content\/uploads\/2024\/09\/cq5dam.thumbnail.cropped.750.422-2-1.jpeg\" alt=\"\" width=\"750\" height=\"422\" srcset=\"https:\/\/exaudi.org\/wp-content\/uploads\/2024\/09\/cq5dam.thumbnail.cropped.750.422-2-1.jpeg 750w, https:\/\/exaudi.org\/wp-content\/uploads\/2024\/09\/cq5dam.thumbnail.cropped.750.422-2-1-300x169.jpeg 300w, https:\/\/exaudi.org\/wp-content\/uploads\/2024\/09\/cq5dam.thumbnail.cropped.750.422-2-1-500x281.jpeg 500w, https:\/\/exaudi.org\/wp-content\/uploads\/2024\/09\/cq5dam.thumbnail.cropped.750.422-2-1-293x165.jpeg 293w, https:\/\/exaudi.org\/wp-content\/uploads\/2024\/09\/cq5dam.thumbnail.cropped.750.422-2-1-390x219.jpeg 390w\" sizes=\"auto, (max-width: 750px) 100vw, 750px\" \/><\/p>\n<p>Durante la visita, il Papa ha sottolineato che l&#8217;amore e la cura per i poveri sono essenziali nella vita cristiana, definendolo \u201cil sacramento dei poveri\u201d. Ha interagito anche con i bambini e ha ringraziato le suore per la loro dedizione, sottolineando che questi piccoli sono maestri nella lezione di permettere a Dio di prendersi cura di loro.<\/p>\n<p>Nella Cattedrale dell&#8217;Immacolata Concezione a Dili, Papa Francesco ha ascoltato le testimonianze di tre figure di spicco della Chiesa locale:<\/p>\n<p><strong>Suor Rosa Sarmento<\/strong>\u00a0ha celebrato la crescita delle vocazioni a Timor Est, sottolineando l&#8217;impatto positivo dell&#8217;accoglienza e dell&#8217;invio di missionari. Ha espresso la sua gratitudine per la visita del Papa e ha mostrato ottimismo riguardo al futuro della Chiesa e del Paese.<\/p>\n<p><strong>Don Sancho Amaral<\/strong>\u00a0ha condiviso il suo coraggio durante la lotta per l&#8217;indipendenza di Timor Est, quando ha rischiato la vita per accompagnare il comandante della resistenza, Xanana Gusm\u00e3o. La loro fede e determinazione in tempi di guerra riflettono l&#8217;impegno della Chiesa nei momenti difficili.<\/p>\n<p><strong>Florentino de Jes\u00fas Martins<\/strong>\u00a0, catechista di 89 anni, ha raccontato la sua esperienza di oltre cinquant&#8217;anni portando il Vangelo nelle regioni pi\u00f9 remote del Paese. Il suo sacrificio e la sua dedizione furono lodati dal Papa, che lo paragon\u00f2 a San Paolo in un gesto di ammirazione.<\/p>\n<p>Queste testimonianze mettono in luce il coraggio, la dedizione e il fervore apostolico della Chiesa timorese, che continua ad affrontare le sfide con fede e speranza.<\/p>\n<p><img loading=\"lazy\" decoding=\"async\" class=\"size-full wp-image-107784 alignnone\" src=\"https:\/\/exaudi.org\/wp-content\/uploads\/2024\/09\/cq5dam.thumbnail.cropped.750.422-4.jpeg\" alt=\"\" width=\"750\" height=\"422\" srcset=\"https:\/\/exaudi.org\/wp-content\/uploads\/2024\/09\/cq5dam.thumbnail.cropped.750.422-4.jpeg 750w, https:\/\/exaudi.org\/wp-content\/uploads\/2024\/09\/cq5dam.thumbnail.cropped.750.422-4-300x169.jpeg 300w, https:\/\/exaudi.org\/wp-content\/uploads\/2024\/09\/cq5dam.thumbnail.cropped.750.422-4-500x281.jpeg 500w, https:\/\/exaudi.org\/wp-content\/uploads\/2024\/09\/cq5dam.thumbnail.cropped.750.422-4-293x165.jpeg 293w, https:\/\/exaudi.org\/wp-content\/uploads\/2024\/09\/cq5dam.thumbnail.cropped.750.422-4-390x219.jpeg 390w\" sizes=\"auto, (max-width: 750px) 100vw, 750px\" \/><\/p>\n<p>Nel suo discorso al Palazzo presidenziale, Francesco ha riflettuto sulla storia di Timor Est, sottolineando l&#8217;importanza della fede e dell&#8217;unit\u00e0 per superare i conflitti. Ha parlato della necessit\u00e0 dell&#8217;inculturazione della fede e dell&#8217;evangelizzazione della cultura, del fenomeno dell&#8217;emigrazione e del ruolo dei giovani nel Paese. Ha concluso il suo intervento incoraggiando gli investimenti nell&#8217;istruzione e la fiducia nella saggezza della gente, affidando Timor Est alla protezione della Vergine di Aitara.<\/p>\n<p>Nel suo discorso Papa Francesco ha sottolineato l&#8217;importanza della fede nella formazione dei progetti e delle decisioni nella societ\u00e0. Ha sottolineato la necessit\u00e0 di inculturare la fede ed evangelizzare la cultura, integrando il cristianesimo nelle culture locali ed esercitando su di esse un influsso positivo.<\/p>\n<p>Il Papa ha ricordato la sofferenza di Timor Est durante la sua lotta per l&#8217;indipendenza e ha ringraziato per la speranza mantenuta nonostante i tempi difficili. Ha invitato a valorizzare l\u2019unit\u00e0 rispetto al conflitto e a promuovere la riconciliazione e la collaborazione.<\/p>\n<p>Ha affrontato anche il fenomeno dell&#8217;emigrazione e dell&#8217;abuso di alcol tra i giovani, esortandoli ad affrontare queste sfide con ideali positivi e attenzione all&#8217;educazione. Ha elogiato la ricchezza dei giovani del Paese e ha consigliato di investire nell&#8217;istruzione e nell&#8217;incontro intergenerazionale tra figli e nonni.<\/p>\n<p>Ha concluso il suo intervento affidando il Paese alla Vergine di Aitara, chiedendo che Timor Est avanzi come nazione libera, democratica, solidale e gioiosa.<\/p>\n","protected":false},"excerpt":{"rendered":"<p>Riepilogo della giornata<\/p>\n","protected":false},"author":17,"featured_media":107790,"comment_status":"closed","ping_status":"closed","sticky":false,"template":"","format":"standard","meta":{"_acf_changed":false,"_crdt_document":"","inline_featured_image":false,"footnotes":""},"categories":[67,119,125],"tags":[23614,23617,23616,23615,1110,23619,2487,1141,23618,23620,251,11449,483,21056,22978,6592,1023,16567],"class_list":["post-107816","post","type-post","status-publish","format-standard","has-post-thumbnail","hentry","category-leone-xiv","category-viaggi","category-viaggi-papali","tag-casa-irmas-alma-3","tag-cattedrale-dellimmacolata-concezione","tag-chiesa-timorese","tag-cura-dei-bambini","tag-educazione","tag-emigrazione","tag-featured-3","tag-giovani","tag-indipendenza","tag-madonna-di-aitara","tag-papa-francesco","tag-sacrificio","tag-speranza","tag-testimonianze","tag-timor-est-2","tag-viaggio-apostolico","tag-vocazioni","tag-vulnerabilita"],"acf":[],"yoast_head":"<!-- This site is optimized with the Yoast SEO plugin v27.5 - https:\/\/yoast.com\/product\/yoast-seo-wordpress\/ -->\n<title>Papa Francesco a Timor Est: Un Viaggio di Speranza e di Fede &#8211; Exaudi<\/title>\n<meta name=\"robots\" content=\"index, follow, max-snippet:-1, max-image-preview:large, max-video-preview:-1\" \/>\n<link rel=\"canonical\" href=\"https:\/\/exaudi.org\/it\/papa-francesco-a-timor-est-un-viaggio-di-speranza-e-di-fede\/\" \/>\n<meta property=\"og:locale\" content=\"it_IT\" \/>\n<meta property=\"og:type\" content=\"article\" \/>\n<meta property=\"og:title\" content=\"Papa Francesco a Timor Est: Un Viaggio di Speranza e di Fede &#8211; Exaudi\" \/>\n<meta property=\"og:description\" content=\"Riepilogo della giornata\" \/>\n<meta property=\"og:url\" content=\"https:\/\/exaudi.org\/it\/papa-francesco-a-timor-est-un-viaggio-di-speranza-e-di-fede\/\" \/>\n<meta property=\"og:site_name\" content=\"Exaudi\" \/>\n<meta property=\"article:publisher\" content=\"https:\/\/www.facebook.com\/ExaudiNews\" \/>\n<meta property=\"article:author\" content=\"https:\/\/www.facebook.com\/ExaudiNotizie\/\" \/>\n<meta property=\"article:published_time\" content=\"2024-09-10T09:46:58+00:00\" \/>\n<meta property=\"article:modified_time\" content=\"2024-09-10T09:52:30+00:00\" \/>\n<meta property=\"og:image\" content=\"https:\/\/exaudi.org\/wp-content\/uploads\/2024\/09\/cq5dam.thumbnail.cropped.750.422-6.jpeg\" \/>\n\t<meta property=\"og:image:width\" content=\"750\" \/>\n\t<meta property=\"og:image:height\" content=\"422\" \/>\n\t<meta property=\"og:image:type\" content=\"image\/jpeg\" \/>\n<meta name=\"author\" content=\"Exaudi Redazione\" \/>\n<meta name=\"twitter:card\" content=\"summary_large_image\" \/>\n<meta name=\"twitter:creator\" content=\"@Exaudi_Notizie\" \/>\n<meta name=\"twitter:site\" content=\"@Exaudi_News\" \/>\n<meta name=\"twitter:label1\" content=\"Scritto da\" \/>\n\t<meta name=\"twitter:data1\" content=\"Exaudi Redazione\" \/>\n\t<meta name=\"twitter:label2\" content=\"Tempo di lettura stimato\" \/>\n\t<meta name=\"twitter:data2\" content=\"3 minuti\" \/>\n<script type=\"application\/ld+json\" class=\"yoast-schema-graph\">{\"@context\":\"https:\\\/\\\/schema.org\",\"@graph\":[{\"@type\":\"Article\",\"@id\":\"https:\\\/\\\/exaudi.org\\\/it\\\/papa-francesco-a-timor-est-un-viaggio-di-speranza-e-di-fede\\\/#article\",\"isPartOf\":{\"@id\":\"https:\\\/\\\/exaudi.org\\\/it\\\/papa-francesco-a-timor-est-un-viaggio-di-speranza-e-di-fede\\\/\"},\"author\":{\"name\":\"Exaudi Redazione\",\"@id\":\"https:\\\/\\\/exaudi.org\\\/#\\\/schema\\\/person\\\/e1ab6ed07c01774724dd96f925f3a5f0\"},\"headline\":\"Papa Francesco a Timor Est: Un Viaggio di Speranza e di Fede\",\"datePublished\":\"2024-09-10T09:46:58+00:00\",\"dateModified\":\"2024-09-10T09:52:30+00:00\",\"mainEntityOfPage\":{\"@id\":\"https:\\\/\\\/exaudi.org\\\/it\\\/papa-francesco-a-timor-est-un-viaggio-di-speranza-e-di-fede\\\/\"},\"wordCount\":731,\"image\":{\"@id\":\"https:\\\/\\\/exaudi.org\\\/it\\\/papa-francesco-a-timor-est-un-viaggio-di-speranza-e-di-fede\\\/#primaryimage\"},\"thumbnailUrl\":\"https:\\\/\\\/exaudi.org\\\/wp-content\\\/uploads\\\/2024\\\/09\\\/cq5dam.thumbnail.cropped.750.422-6.jpeg\",\"keywords\":[\"Casa Irm\u00e3s Alma\",\"Cattedrale dell'Immacolata Concezione\",\"Chiesa Timorese\",\"cura dei bambini\",\"educazione\",\"emigrazione\",\"Featured\",\"giovani\",\"indipendenza\",\"Madonna di Aitara\",\"Papa Francesco\",\"sacrificio\",\"speranza\",\"TESTIMONIANZE\",\"Timor Est\",\"Viaggio Apostolico\",\"Vocazioni\",\"VULNERABILIT\u00c0\"],\"articleSection\":[\"Leone XIV\",\"Viaggi\",\"Viaggi papali\"],\"inLanguage\":\"it-IT\"},{\"@type\":\"WebPage\",\"@id\":\"https:\\\/\\\/exaudi.org\\\/it\\\/papa-francesco-a-timor-est-un-viaggio-di-speranza-e-di-fede\\\/\",\"url\":\"https:\\\/\\\/exaudi.org\\\/it\\\/papa-francesco-a-timor-est-un-viaggio-di-speranza-e-di-fede\\\/\",\"name\":\"Papa Francesco a Timor Est: Un Viaggio di Speranza e di Fede &#8211; Exaudi\",\"isPartOf\":{\"@id\":\"https:\\\/\\\/exaudi.org\\\/#website\"},\"primaryImageOfPage\":{\"@id\":\"https:\\\/\\\/exaudi.org\\\/it\\\/papa-francesco-a-timor-est-un-viaggio-di-speranza-e-di-fede\\\/#primaryimage\"},\"image\":{\"@id\":\"https:\\\/\\\/exaudi.org\\\/it\\\/papa-francesco-a-timor-est-un-viaggio-di-speranza-e-di-fede\\\/#primaryimage\"},\"thumbnailUrl\":\"https:\\\/\\\/exaudi.org\\\/wp-content\\\/uploads\\\/2024\\\/09\\\/cq5dam.thumbnail.cropped.750.422-6.jpeg\",\"datePublished\":\"2024-09-10T09:46:58+00:00\",\"dateModified\":\"2024-09-10T09:52:30+00:00\",\"author\":{\"@id\":\"https:\\\/\\\/exaudi.org\\\/#\\\/schema\\\/person\\\/e1ab6ed07c01774724dd96f925f3a5f0\"},\"breadcrumb\":{\"@id\":\"https:\\\/\\\/exaudi.org\\\/it\\\/papa-francesco-a-timor-est-un-viaggio-di-speranza-e-di-fede\\\/#breadcrumb\"},\"inLanguage\":\"it-IT\",\"potentialAction\":[{\"@type\":\"ReadAction\",\"target\":[\"https:\\\/\\\/exaudi.org\\\/it\\\/papa-francesco-a-timor-est-un-viaggio-di-speranza-e-di-fede\\\/\"]}]},{\"@type\":\"ImageObject\",\"inLanguage\":\"it-IT\",\"@id\":\"https:\\\/\\\/exaudi.org\\\/it\\\/papa-francesco-a-timor-est-un-viaggio-di-speranza-e-di-fede\\\/#primaryimage\",\"url\":\"https:\\\/\\\/exaudi.org\\\/wp-content\\\/uploads\\\/2024\\\/09\\\/cq5dam.thumbnail.cropped.750.422-6.jpeg\",\"contentUrl\":\"https:\\\/\\\/exaudi.org\\\/wp-content\\\/uploads\\\/2024\\\/09\\\/cq5dam.thumbnail.cropped.750.422-6.jpeg\",\"width\":750,\"height\":422},{\"@type\":\"BreadcrumbList\",\"@id\":\"https:\\\/\\\/exaudi.org\\\/it\\\/papa-francesco-a-timor-est-un-viaggio-di-speranza-e-di-fede\\\/#breadcrumb\",\"itemListElement\":[{\"@type\":\"ListItem\",\"position\":1,\"name\":\"Portada\",\"item\":\"https:\\\/\\\/exaudi.org\\\/it\\\/\"},{\"@type\":\"ListItem\",\"position\":2,\"name\":\"Papa Francesco a Timor Est: Un Viaggio di Speranza e di Fede\"}]},{\"@type\":\"WebSite\",\"@id\":\"https:\\\/\\\/exaudi.org\\\/#website\",\"url\":\"https:\\\/\\\/exaudi.org\\\/\",\"name\":\"Exaudi\",\"description\":\"News\",\"potentialAction\":[{\"@type\":\"SearchAction\",\"target\":{\"@type\":\"EntryPoint\",\"urlTemplate\":\"https:\\\/\\\/exaudi.org\\\/?s={search_term_string}\"},\"query-input\":{\"@type\":\"PropertyValueSpecification\",\"valueRequired\":true,\"valueName\":\"search_term_string\"}}],\"inLanguage\":\"it-IT\"},{\"@type\":\"Person\",\"@id\":\"https:\\\/\\\/exaudi.org\\\/#\\\/schema\\\/person\\\/e1ab6ed07c01774724dd96f925f3a5f0\",\"name\":\"Exaudi Redazione\",\"image\":{\"@type\":\"ImageObject\",\"inLanguage\":\"it-IT\",\"@id\":\"https:\\\/\\\/secure.gravatar.com\\\/avatar\\\/ad6774b3ada023bf5b939d64f45c94b3adf91502dd883507d469b4308a943bb3?s=96&d=mm&r=g\",\"url\":\"https:\\\/\\\/secure.gravatar.com\\\/avatar\\\/ad6774b3ada023bf5b939d64f45c94b3adf91502dd883507d469b4308a943bb3?s=96&d=mm&r=g\",\"contentUrl\":\"https:\\\/\\\/secure.gravatar.com\\\/avatar\\\/ad6774b3ada023bf5b939d64f45c94b3adf91502dd883507d469b4308a943bb3?s=96&d=mm&r=g\",\"caption\":\"Exaudi Redazione\"},\"description\":\"Che cosa \u00e8 Exaudi News? Exaudi News \u00e8 un agenzia cattolica internazionale che informa, istruisce e trasforma quotidianamente in spagnolo, inglese e italiano. Attraverso notizie, articoli di analisi e trasmissioni in diretta degli eventi del Papa, Exaudi cerca di rafforzare l'unit\u00e0 dei cristiani e di contribuire all'evangelizzazione del mondo, sempre guidato dalla dottrina sociale della Chiesa. Lavoriamo per portare la verit\u00e0 e i valori cristiani in ogni angolo del pianeta. Aiutaci a trasformare il mondo con Exaudi! Noi di Exaudi crediamo che l'evangelizzazione e l'informazione di qualit\u00e0 possano cambiare la vita. Per continuare la nostra missione ed espandere la nostra portata, abbiamo bisogno del tuo aiuto. Stiamo anche cercando persone motivate che vogliano unirsi al nostro team. Grazie al vostro sostegno raggiungeremo pi\u00f9 persone, diffonderemo il messaggio di Cristo e rafforzeremo l'unit\u00e0 dei cristiani. Vuoi unirti alla nostra missione? Per maggiori informazioni su come contribuire, visita Exaudi.org\\\/it o contattaci direttamente: info@exaudi.org Exaudi: informa, forma e trasforma.\",\"sameAs\":[\"https:\\\/\\\/www.facebook.com\\\/ExaudiNotizie\\\/\",\"https:\\\/\\\/www.instagram.com\\\/Exaudi_notizie\\\/\",\"https:\\\/\\\/x.com\\\/Exaudi_Notizie\",\"https:\\\/\\\/www.youtube.com\\\/@exaudicatholicnews\"],\"url\":\"https:\\\/\\\/exaudi.org\\\/it\\\/author\\\/dlvedi-org\\\/\"}]}<\/script>\n<!-- \/ Yoast SEO plugin. -->","yoast_head_json":{"title":"Papa Francesco a Timor Est: Un Viaggio di Speranza e di Fede &#8211; Exaudi","robots":{"index":"index","follow":"follow","max-snippet":"max-snippet:-1","max-image-preview":"max-image-preview:large","max-video-preview":"max-video-preview:-1"},"canonical":"https:\/\/exaudi.org\/it\/papa-francesco-a-timor-est-un-viaggio-di-speranza-e-di-fede\/","og_locale":"it_IT","og_type":"article","og_title":"Papa Francesco a Timor Est: Un Viaggio di Speranza e di Fede &#8211; Exaudi","og_description":"Riepilogo della giornata","og_url":"https:\/\/exaudi.org\/it\/papa-francesco-a-timor-est-un-viaggio-di-speranza-e-di-fede\/","og_site_name":"Exaudi","article_publisher":"https:\/\/www.facebook.com\/ExaudiNews","article_author":"https:\/\/www.facebook.com\/ExaudiNotizie\/","article_published_time":"2024-09-10T09:46:58+00:00","article_modified_time":"2024-09-10T09:52:30+00:00","og_image":[{"width":750,"height":422,"url":"https:\/\/exaudi.org\/wp-content\/uploads\/2024\/09\/cq5dam.thumbnail.cropped.750.422-6.jpeg","type":"image\/jpeg"}],"author":"Exaudi Redazione","twitter_card":"summary_large_image","twitter_creator":"@Exaudi_Notizie","twitter_site":"@Exaudi_News","twitter_misc":{"Scritto da":"Exaudi Redazione","Tempo di lettura stimato":"3 minuti"},"schema":{"@context":"https:\/\/schema.org","@graph":[{"@type":"Article","@id":"https:\/\/exaudi.org\/it\/papa-francesco-a-timor-est-un-viaggio-di-speranza-e-di-fede\/#article","isPartOf":{"@id":"https:\/\/exaudi.org\/it\/papa-francesco-a-timor-est-un-viaggio-di-speranza-e-di-fede\/"},"author":{"name":"Exaudi Redazione","@id":"https:\/\/exaudi.org\/#\/schema\/person\/e1ab6ed07c01774724dd96f925f3a5f0"},"headline":"Papa Francesco a Timor Est: Un Viaggio di Speranza e di Fede","datePublished":"2024-09-10T09:46:58+00:00","dateModified":"2024-09-10T09:52:30+00:00","mainEntityOfPage":{"@id":"https:\/\/exaudi.org\/it\/papa-francesco-a-timor-est-un-viaggio-di-speranza-e-di-fede\/"},"wordCount":731,"image":{"@id":"https:\/\/exaudi.org\/it\/papa-francesco-a-timor-est-un-viaggio-di-speranza-e-di-fede\/#primaryimage"},"thumbnailUrl":"https:\/\/exaudi.org\/wp-content\/uploads\/2024\/09\/cq5dam.thumbnail.cropped.750.422-6.jpeg","keywords":["Casa Irm\u00e3s Alma","Cattedrale dell'Immacolata Concezione","Chiesa Timorese","cura dei bambini","educazione","emigrazione","Featured","giovani","indipendenza","Madonna di Aitara","Papa Francesco","sacrificio","speranza","TESTIMONIANZE","Timor Est","Viaggio Apostolico","Vocazioni","VULNERABILIT\u00c0"],"articleSection":["Leone XIV","Viaggi","Viaggi papali"],"inLanguage":"it-IT"},{"@type":"WebPage","@id":"https:\/\/exaudi.org\/it\/papa-francesco-a-timor-est-un-viaggio-di-speranza-e-di-fede\/","url":"https:\/\/exaudi.org\/it\/papa-francesco-a-timor-est-un-viaggio-di-speranza-e-di-fede\/","name":"Papa Francesco a Timor Est: Un Viaggio di Speranza e di Fede &#8211; Exaudi","isPartOf":{"@id":"https:\/\/exaudi.org\/#website"},"primaryImageOfPage":{"@id":"https:\/\/exaudi.org\/it\/papa-francesco-a-timor-est-un-viaggio-di-speranza-e-di-fede\/#primaryimage"},"image":{"@id":"https:\/\/exaudi.org\/it\/papa-francesco-a-timor-est-un-viaggio-di-speranza-e-di-fede\/#primaryimage"},"thumbnailUrl":"https:\/\/exaudi.org\/wp-content\/uploads\/2024\/09\/cq5dam.thumbnail.cropped.750.422-6.jpeg","datePublished":"2024-09-10T09:46:58+00:00","dateModified":"2024-09-10T09:52:30+00:00","author":{"@id":"https:\/\/exaudi.org\/#\/schema\/person\/e1ab6ed07c01774724dd96f925f3a5f0"},"breadcrumb":{"@id":"https:\/\/exaudi.org\/it\/papa-francesco-a-timor-est-un-viaggio-di-speranza-e-di-fede\/#breadcrumb"},"inLanguage":"it-IT","potentialAction":[{"@type":"ReadAction","target":["https:\/\/exaudi.org\/it\/papa-francesco-a-timor-est-un-viaggio-di-speranza-e-di-fede\/"]}]},{"@type":"ImageObject","inLanguage":"it-IT","@id":"https:\/\/exaudi.org\/it\/papa-francesco-a-timor-est-un-viaggio-di-speranza-e-di-fede\/#primaryimage","url":"https:\/\/exaudi.org\/wp-content\/uploads\/2024\/09\/cq5dam.thumbnail.cropped.750.422-6.jpeg","contentUrl":"https:\/\/exaudi.org\/wp-content\/uploads\/2024\/09\/cq5dam.thumbnail.cropped.750.422-6.jpeg","width":750,"height":422},{"@type":"BreadcrumbList","@id":"https:\/\/exaudi.org\/it\/papa-francesco-a-timor-est-un-viaggio-di-speranza-e-di-fede\/#breadcrumb","itemListElement":[{"@type":"ListItem","position":1,"name":"Portada","item":"https:\/\/exaudi.org\/it\/"},{"@type":"ListItem","position":2,"name":"Papa Francesco a Timor Est: Un Viaggio di Speranza e di Fede"}]},{"@type":"WebSite","@id":"https:\/\/exaudi.org\/#website","url":"https:\/\/exaudi.org\/","name":"Exaudi","description":"News","potentialAction":[{"@type":"SearchAction","target":{"@type":"EntryPoint","urlTemplate":"https:\/\/exaudi.org\/?s={search_term_string}"},"query-input":{"@type":"PropertyValueSpecification","valueRequired":true,"valueName":"search_term_string"}}],"inLanguage":"it-IT"},{"@type":"Person","@id":"https:\/\/exaudi.org\/#\/schema\/person\/e1ab6ed07c01774724dd96f925f3a5f0","name":"Exaudi Redazione","image":{"@type":"ImageObject","inLanguage":"it-IT","@id":"https:\/\/secure.gravatar.com\/avatar\/ad6774b3ada023bf5b939d64f45c94b3adf91502dd883507d469b4308a943bb3?s=96&d=mm&r=g","url":"https:\/\/secure.gravatar.com\/avatar\/ad6774b3ada023bf5b939d64f45c94b3adf91502dd883507d469b4308a943bb3?s=96&d=mm&r=g","contentUrl":"https:\/\/secure.gravatar.com\/avatar\/ad6774b3ada023bf5b939d64f45c94b3adf91502dd883507d469b4308a943bb3?s=96&d=mm&r=g","caption":"Exaudi Redazione"},"description":"Che cosa \u00e8 Exaudi News? Exaudi News \u00e8 un agenzia cattolica internazionale che informa, istruisce e trasforma quotidianamente in spagnolo, inglese e italiano. Attraverso notizie, articoli di analisi e trasmissioni in diretta degli eventi del Papa, Exaudi cerca di rafforzare l'unit\u00e0 dei cristiani e di contribuire all'evangelizzazione del mondo, sempre guidato dalla dottrina sociale della Chiesa. Lavoriamo per portare la verit\u00e0 e i valori cristiani in ogni angolo del pianeta. Aiutaci a trasformare il mondo con Exaudi! Noi di Exaudi crediamo che l'evangelizzazione e l'informazione di qualit\u00e0 possano cambiare la vita. Per continuare la nostra missione ed espandere la nostra portata, abbiamo bisogno del tuo aiuto. Stiamo anche cercando persone motivate che vogliano unirsi al nostro team. Grazie al vostro sostegno raggiungeremo pi\u00f9 persone, diffonderemo il messaggio di Cristo e rafforzeremo l'unit\u00e0 dei cristiani. Vuoi unirti alla nostra missione? Per maggiori informazioni su come contribuire, visita Exaudi.org\/it o contattaci direttamente: info@exaudi.org Exaudi: informa, forma e trasforma.","sameAs":["https:\/\/www.facebook.com\/ExaudiNotizie\/","https:\/\/www.instagram.com\/Exaudi_notizie\/","https:\/\/x.com\/Exaudi_Notizie","https:\/\/www.youtube.com\/@exaudicatholicnews"],"url":"https:\/\/exaudi.org\/it\/author\/dlvedi-org\/"}]}},"jetpack_featured_media_url":"https:\/\/exaudi.org\/wp-content\/uploads\/2024\/09\/cq5dam.thumbnail.cropped.750.422-6.jpeg","jetpack_shortlink":"https:\/\/wp.me\/pgKjF2-s2Y","_links":{"self":[{"href":"https:\/\/exaudi.org\/it\/wp-json\/wp\/v2\/posts\/107816","targetHints":{"allow":["GET"]}}],"collection":[{"href":"https:\/\/exaudi.org\/it\/wp-json\/wp\/v2\/posts"}],"about":[{"href":"https:\/\/exaudi.org\/it\/wp-json\/wp\/v2\/types\/post"}],"author":[{"embeddable":true,"href":"https:\/\/exaudi.org\/it\/wp-json\/wp\/v2\/users\/17"}],"replies":[{"embeddable":true,"href":"https:\/\/exaudi.org\/it\/wp-json\/wp\/v2\/comments?post=107816"}],"version-history":[{"count":0,"href":"https:\/\/exaudi.org\/it\/wp-json\/wp\/v2\/posts\/107816\/revisions"}],"wp:featuredmedia":[{"embeddable":true,"href":"https:\/\/exaudi.org\/it\/wp-json\/wp\/v2\/media\/107790"}],"wp:attachment":[{"href":"https:\/\/exaudi.org\/it\/wp-json\/wp\/v2\/media?parent=107816"}],"wp:term":[{"taxonomy":"category","embeddable":true,"href":"https:\/\/exaudi.org\/it\/wp-json\/wp\/v2\/categories?post=107816"},{"taxonomy":"post_tag","embeddable":true,"href":"https:\/\/exaudi.org\/it\/wp-json\/wp\/v2\/tags?post=107816"}],"curies":[{"name":"wp","href":"https:\/\/api.w.org\/{rel}","templated":true}]}}