{"id":107430,"date":"2024-09-03T18:17:49","date_gmt":"2024-09-03T16:17:49","guid":{"rendered":"https:\/\/exaudi.org\/?p=107430"},"modified":"2024-09-03T18:17:49","modified_gmt":"2024-09-03T16:17:49","slug":"papa-francesco-ringrazia-i-giornalisti-per-il-suo-viaggio-piu-lungo","status":"publish","type":"post","link":"https:\/\/exaudi.org\/it\/papa-francesco-ringrazia-i-giornalisti-per-il-suo-viaggio-piu-lungo\/","title":{"rendered":"Papa Francesco ringrazia i giornalisti per il suo viaggio pi\u00f9 lungo"},"content":{"rendered":"<p>Durante il volo per l&#8217;Indonesia, prima tappa di un lungo viaggio apostolico che si svolger\u00e0 dal 2 al 13 settembre, Papa Francesco si \u00e8 rivolto ai giornalisti che lo accompagnavano nel suo 45esimo viaggio internazionale. Questo itinerario ti porter\u00e0 in diversi paesi del Sud-Est asiatico e dell&#8217;Oceania, tra cui Indonesia, Papua Nuova Guinea, Timor Est e Singapore. Con il calore che lo caratterizza, il Papa ha espresso la sua gratitudine agli 80 giornalisti provenienti da diverse parti del mondo che stanno seguendo questa missione, sottolineando che si tratta del viaggio pi\u00f9 lungo del suo pontificato.<\/p>\n<h3><strong>Ringraziamenti e Doni Simbolici<\/strong><\/h3>\n<p>Papa Francesco, noto per la sua vicinanza e apertura, ha dedicato un momento speciale per salutare ciascuno dei giornalisti a bordo dell&#8217;aereo Ita Airways. Prendendo il microfono nella parte posteriore dell&#8217;aereo, ha ringraziato i giornalisti per la loro compagnia in questo viaggio significativo. Durante questo incontro, i giornalisti hanno colto l&#8217;occasione per fargli diversi doni carichi di simbolismo.<\/p>\n<p>Uno dei doni pi\u00f9 notevoli \u00e8 stata la riproduzione di una stele di Xian, donata dalla giornalista Stefania Falasca. Questa stele, risalente all&#8217;anno 635, \u00e8 una testimonianza storica dell&#8217;evangelizzazione in Cina da parte del missionario persiano Aluoben, che port\u00f2 in quel Paese il messaggio del Vangelo. Il Papa, noto per il suo interesse e affetto per la Cina, ha accolto il dono con particolare emozione, riconoscendo l&#8217;importanza storica e spirituale di questo dono.<\/p>\n<h3><strong>La tragedia della migrazione riflessa in un dono<\/strong><\/h3>\n<p>Inoltre, Francisco ha ricevuto altri due doni che riecheggiavano il dramma dell\u2019immigrazione che ha sconvolto il mondo. Cl\u00e9ment Melki, corrispondente dell&#8217;AFP, ha consegnato al Papa una torcia utilizzata dai rifugiati in mare aperto per orientarsi o per essere soccorsi durante un naufragio. Questo gesto ha avuto una risonanza profonda nel cuore del Papa, che \u00e8 stato un costante difensore dei diritti dei migranti e dei rifugiati.<\/p>\n<h3><strong><img loading=\"lazy\" decoding=\"async\" class=\"size-medium wp-image-107393 alignleft\" src=\"https:\/\/exaudi.org\/wp-content\/uploads\/2024\/09\/cq5dam.thumbnail.cropped.500.281-4-300x169.jpeg\" alt=\"\" width=\"300\" height=\"169\" srcset=\"https:\/\/exaudi.org\/wp-content\/uploads\/2024\/09\/cq5dam.thumbnail.cropped.500.281-4-300x169.jpeg 300w, https:\/\/exaudi.org\/wp-content\/uploads\/2024\/09\/cq5dam.thumbnail.cropped.500.281-4-293x165.jpeg 293w, https:\/\/exaudi.org\/wp-content\/uploads\/2024\/09\/cq5dam.thumbnail.cropped.500.281-4-390x219.jpeg 390w, https:\/\/exaudi.org\/wp-content\/uploads\/2024\/09\/cq5dam.thumbnail.cropped.500.281-4.jpeg 500w\" sizes=\"auto, (max-width: 300px) 100vw, 300px\" \/>Un omaggio a una vittima innocente<\/strong><\/h3>\n<p>Un&#8217;altra consegna emozionante \u00e8 stata quella della giornalista Eva Fern\u00e1ndez, di Radio Cope, che ha portato un messaggio commovente dalla famiglia di Mateo, un bambino di 11 anni assassinato in una cittadina di Toledo, in Spagna. Nel mezzo di una tragica confusione in cui alcuni politici attribuivano il crimine agli immigrati locali, la famiglia del ragazzo ha sempre negato tali accuse. Eva ha regalato al Papa la maglia rossa da calcio di Mateo con il numero 11, insieme a una lettera della madre del ragazzo. Francisco, commosso dalla storia, ha benedetto la maglietta e ha tenuto la lettera vicino al petto, in un gesto di solidariet\u00e0 e compassione verso la famiglia colpita.<\/p>\n<p><img loading=\"lazy\" decoding=\"async\" class=\"size-medium wp-image-107396 alignright\" src=\"https:\/\/exaudi.org\/wp-content\/uploads\/2024\/09\/cq5dam.thumbnail.cropped.500.281-5-300x169.jpeg\" alt=\"\" width=\"300\" height=\"169\" srcset=\"https:\/\/exaudi.org\/wp-content\/uploads\/2024\/09\/cq5dam.thumbnail.cropped.500.281-5-300x169.jpeg 300w, https:\/\/exaudi.org\/wp-content\/uploads\/2024\/09\/cq5dam.thumbnail.cropped.500.281-5-293x165.jpeg 293w, https:\/\/exaudi.org\/wp-content\/uploads\/2024\/09\/cq5dam.thumbnail.cropped.500.281-5-390x219.jpeg 390w, https:\/\/exaudi.org\/wp-content\/uploads\/2024\/09\/cq5dam.thumbnail.cropped.500.281-5.jpeg 500w\" sizes=\"auto, (max-width: 300px) 100vw, 300px\" \/>Con questi momenti di profonda umanit\u00e0, Papa Francesco ha iniziato il suo viaggio pi\u00f9 lungo fino a oggi, un pellegrinaggio che percorrer\u00e0 circa 33mila chilometri, portando il suo messaggio di pace e speranza in diversi angoli del mondo.<\/p>\n","protected":false},"excerpt":{"rendered":"<p>A bordo dell&#8217;aereo diretto in Indonesia, prima tappa del suo lungo viaggio apostolico dal 2 al 13 settembre, Papa Francesco ha salutato i giornalisti internazionali che lo accompagnano nel suo 45esimo viaggio fuori dal Vaticano<\/p>\n","protected":false},"author":17,"featured_media":107389,"comment_status":"closed","ping_status":"closed","sticky":false,"template":"","format":"standard","meta":{"_acf_changed":false,"_crdt_document":"","inline_featured_image":false,"footnotes":""},"categories":[125],"tags":[23206,23207,23217,23208,1301,23209,23221,23210,23212,23213,2487,4082,23219,23214,23215,23216,20754,251,23218,23220,640,510,23222,23211,23223,23224,23225,6592,23226,23227],"class_list":["post-107430","post","type-post","status-publish","format-standard","has-post-thumbnail","hentry","category-viaggi-papali","tag-45-viaggio-apostolico","tag-45-viaggio-internazionale","tag-bambino-assassinato","tag-clement-melki-2","tag-compassione","tag-diritti-dei-migranti","tag-dono-simbolico","tag-dramma-migratorio","tag-eva-fernandez-2","tag-evangelizzazione-in-cina","tag-featured-3","tag-giornalisti","tag-giornalisti-internazionali","tag-indonesia-ita-airways","tag-mateo-2","tag-messaggio-di-pace","tag-oceania","tag-papa-francesco","tag-pellegrinaggio-del-papa","tag-radio-cope-2","tag-rifugiati","tag-solidarieta","tag-stefania-falasca-2","tag-stele-di-xian","tag-sud-est-asiatico","tag-toledo-3","tag-tragedia-delle-migrazioni","tag-viaggio-apostolico","tag-viaggio-piu-lungo","tag-volo-papale"],"acf":[],"yoast_head":"<!-- This site is optimized with the Yoast SEO plugin v27.4 - https:\/\/yoast.com\/product\/yoast-seo-wordpress\/ -->\n<title>Papa Francesco ringrazia i giornalisti per il suo viaggio pi\u00f9 lungo &#8211; Exaudi<\/title>\n<meta name=\"robots\" content=\"index, follow, max-snippet:-1, max-image-preview:large, max-video-preview:-1\" \/>\n<link rel=\"canonical\" href=\"https:\/\/exaudi.org\/it\/papa-francesco-ringrazia-i-giornalisti-per-il-suo-viaggio-piu-lungo\/\" \/>\n<meta property=\"og:locale\" content=\"it_IT\" \/>\n<meta property=\"og:type\" content=\"article\" \/>\n<meta property=\"og:title\" content=\"Papa Francesco ringrazia i giornalisti per il suo viaggio pi\u00f9 lungo &#8211; Exaudi\" \/>\n<meta property=\"og:description\" content=\"A bordo dell&#039;aereo diretto in Indonesia, prima tappa del suo lungo viaggio apostolico dal 2 al 13 settembre, Papa Francesco ha salutato i giornalisti internazionali che lo accompagnano nel suo 45esimo viaggio fuori dal Vaticano\" \/>\n<meta property=\"og:url\" content=\"https:\/\/exaudi.org\/it\/papa-francesco-ringrazia-i-giornalisti-per-il-suo-viaggio-piu-lungo\/\" \/>\n<meta property=\"og:site_name\" content=\"Exaudi\" \/>\n<meta property=\"article:publisher\" content=\"https:\/\/www.facebook.com\/ExaudiNews\" \/>\n<meta property=\"article:author\" content=\"https:\/\/www.facebook.com\/ExaudiNotizie\/\" \/>\n<meta property=\"article:published_time\" content=\"2024-09-03T16:17:49+00:00\" \/>\n<meta property=\"og:image\" content=\"https:\/\/exaudi.org\/wp-content\/uploads\/2024\/09\/cq5dam.thumbnail.cropped.500.281-3.jpeg\" \/>\n\t<meta property=\"og:image:width\" content=\"500\" \/>\n\t<meta property=\"og:image:height\" content=\"281\" \/>\n\t<meta property=\"og:image:type\" content=\"image\/jpeg\" \/>\n<meta name=\"author\" content=\"Exaudi Redazione\" \/>\n<meta name=\"twitter:card\" content=\"summary_large_image\" \/>\n<meta name=\"twitter:creator\" content=\"@Exaudi_Notizie\" \/>\n<meta name=\"twitter:site\" content=\"@Exaudi_News\" \/>\n<meta name=\"twitter:label1\" content=\"Scritto da\" \/>\n\t<meta name=\"twitter:data1\" content=\"Exaudi Redazione\" \/>\n\t<meta name=\"twitter:label2\" content=\"Tempo di lettura stimato\" \/>\n\t<meta name=\"twitter:data2\" content=\"2 minuti\" \/>\n<script type=\"application\/ld+json\" class=\"yoast-schema-graph\">{\"@context\":\"https:\\\/\\\/schema.org\",\"@graph\":[{\"@type\":\"Article\",\"@id\":\"https:\\\/\\\/exaudi.org\\\/it\\\/papa-francesco-ringrazia-i-giornalisti-per-il-suo-viaggio-piu-lungo\\\/#article\",\"isPartOf\":{\"@id\":\"https:\\\/\\\/exaudi.org\\\/it\\\/papa-francesco-ringrazia-i-giornalisti-per-il-suo-viaggio-piu-lungo\\\/\"},\"author\":{\"name\":\"Exaudi Redazione\",\"@id\":\"https:\\\/\\\/exaudi.org\\\/#\\\/schema\\\/person\\\/e1ab6ed07c01774724dd96f925f3a5f0\"},\"headline\":\"Papa Francesco ringrazia i giornalisti per il suo viaggio pi\u00f9 lungo\",\"datePublished\":\"2024-09-03T16:17:49+00:00\",\"mainEntityOfPage\":{\"@id\":\"https:\\\/\\\/exaudi.org\\\/it\\\/papa-francesco-ringrazia-i-giornalisti-per-il-suo-viaggio-piu-lungo\\\/\"},\"wordCount\":473,\"image\":{\"@id\":\"https:\\\/\\\/exaudi.org\\\/it\\\/papa-francesco-ringrazia-i-giornalisti-per-il-suo-viaggio-piu-lungo\\\/#primaryimage\"},\"thumbnailUrl\":\"https:\\\/\\\/exaudi.org\\\/wp-content\\\/uploads\\\/2024\\\/09\\\/cq5dam.thumbnail.cropped.500.281-3.jpeg\",\"keywords\":[\"45\u00b0 viaggio apostolico\",\"45\u00b0 viaggio internazionale\",\"bambino assassinato\",\"Cl\u00e9ment Melki\",\"compassione\",\"diritti dei migranti\",\"dono simbolico\",\"dramma migratorio\",\"Eva Fern\u00e1ndez\",\"evangelizzazione in Cina\",\"Featured\",\"giornalisti\",\"giornalisti internazionali\",\"Indonesia Ita Airways\",\"Mateo\",\"messaggio di pace\",\"Ocean\u00eda\",\"Papa Francesco\",\"pellegrinaggio del Papa\",\"Radio Cope\",\"rifugiati\",\"solidariet\u00e0\",\"Stefania Falasca\",\"stele di Xian\",\"Sud-Est asiatico\",\"Toledo\",\"tragedia delle migrazioni\",\"Viaggio Apostolico\",\"viaggio pi\u00f9 lungo\",\"Volo papale\"],\"articleSection\":[\"Viaggi papali\"],\"inLanguage\":\"it-IT\"},{\"@type\":\"WebPage\",\"@id\":\"https:\\\/\\\/exaudi.org\\\/it\\\/papa-francesco-ringrazia-i-giornalisti-per-il-suo-viaggio-piu-lungo\\\/\",\"url\":\"https:\\\/\\\/exaudi.org\\\/it\\\/papa-francesco-ringrazia-i-giornalisti-per-il-suo-viaggio-piu-lungo\\\/\",\"name\":\"Papa Francesco ringrazia i giornalisti per il suo viaggio pi\u00f9 lungo &#8211; Exaudi\",\"isPartOf\":{\"@id\":\"https:\\\/\\\/exaudi.org\\\/#website\"},\"primaryImageOfPage\":{\"@id\":\"https:\\\/\\\/exaudi.org\\\/it\\\/papa-francesco-ringrazia-i-giornalisti-per-il-suo-viaggio-piu-lungo\\\/#primaryimage\"},\"image\":{\"@id\":\"https:\\\/\\\/exaudi.org\\\/it\\\/papa-francesco-ringrazia-i-giornalisti-per-il-suo-viaggio-piu-lungo\\\/#primaryimage\"},\"thumbnailUrl\":\"https:\\\/\\\/exaudi.org\\\/wp-content\\\/uploads\\\/2024\\\/09\\\/cq5dam.thumbnail.cropped.500.281-3.jpeg\",\"datePublished\":\"2024-09-03T16:17:49+00:00\",\"author\":{\"@id\":\"https:\\\/\\\/exaudi.org\\\/#\\\/schema\\\/person\\\/e1ab6ed07c01774724dd96f925f3a5f0\"},\"breadcrumb\":{\"@id\":\"https:\\\/\\\/exaudi.org\\\/it\\\/papa-francesco-ringrazia-i-giornalisti-per-il-suo-viaggio-piu-lungo\\\/#breadcrumb\"},\"inLanguage\":\"it-IT\",\"potentialAction\":[{\"@type\":\"ReadAction\",\"target\":[\"https:\\\/\\\/exaudi.org\\\/it\\\/papa-francesco-ringrazia-i-giornalisti-per-il-suo-viaggio-piu-lungo\\\/\"]}]},{\"@type\":\"ImageObject\",\"inLanguage\":\"it-IT\",\"@id\":\"https:\\\/\\\/exaudi.org\\\/it\\\/papa-francesco-ringrazia-i-giornalisti-per-il-suo-viaggio-piu-lungo\\\/#primaryimage\",\"url\":\"https:\\\/\\\/exaudi.org\\\/wp-content\\\/uploads\\\/2024\\\/09\\\/cq5dam.thumbnail.cropped.500.281-3.jpeg\",\"contentUrl\":\"https:\\\/\\\/exaudi.org\\\/wp-content\\\/uploads\\\/2024\\\/09\\\/cq5dam.thumbnail.cropped.500.281-3.jpeg\",\"width\":500,\"height\":281},{\"@type\":\"BreadcrumbList\",\"@id\":\"https:\\\/\\\/exaudi.org\\\/it\\\/papa-francesco-ringrazia-i-giornalisti-per-il-suo-viaggio-piu-lungo\\\/#breadcrumb\",\"itemListElement\":[{\"@type\":\"ListItem\",\"position\":1,\"name\":\"Portada\",\"item\":\"https:\\\/\\\/exaudi.org\\\/it\\\/\"},{\"@type\":\"ListItem\",\"position\":2,\"name\":\"Papa Francesco ringrazia i giornalisti per il suo viaggio pi\u00f9 lungo\"}]},{\"@type\":\"WebSite\",\"@id\":\"https:\\\/\\\/exaudi.org\\\/#website\",\"url\":\"https:\\\/\\\/exaudi.org\\\/\",\"name\":\"Exaudi\",\"description\":\"News\",\"potentialAction\":[{\"@type\":\"SearchAction\",\"target\":{\"@type\":\"EntryPoint\",\"urlTemplate\":\"https:\\\/\\\/exaudi.org\\\/?s={search_term_string}\"},\"query-input\":{\"@type\":\"PropertyValueSpecification\",\"valueRequired\":true,\"valueName\":\"search_term_string\"}}],\"inLanguage\":\"it-IT\"},{\"@type\":\"Person\",\"@id\":\"https:\\\/\\\/exaudi.org\\\/#\\\/schema\\\/person\\\/e1ab6ed07c01774724dd96f925f3a5f0\",\"name\":\"Exaudi Redazione\",\"image\":{\"@type\":\"ImageObject\",\"inLanguage\":\"it-IT\",\"@id\":\"https:\\\/\\\/secure.gravatar.com\\\/avatar\\\/ad6774b3ada023bf5b939d64f45c94b3adf91502dd883507d469b4308a943bb3?s=96&d=mm&r=g\",\"url\":\"https:\\\/\\\/secure.gravatar.com\\\/avatar\\\/ad6774b3ada023bf5b939d64f45c94b3adf91502dd883507d469b4308a943bb3?s=96&d=mm&r=g\",\"contentUrl\":\"https:\\\/\\\/secure.gravatar.com\\\/avatar\\\/ad6774b3ada023bf5b939d64f45c94b3adf91502dd883507d469b4308a943bb3?s=96&d=mm&r=g\",\"caption\":\"Exaudi Redazione\"},\"description\":\"Che cosa \u00e8 Exaudi News? Exaudi News \u00e8 un agenzia cattolica internazionale che informa, istruisce e trasforma quotidianamente in spagnolo, inglese e italiano. Attraverso notizie, articoli di analisi e trasmissioni in diretta degli eventi del Papa, Exaudi cerca di rafforzare l'unit\u00e0 dei cristiani e di contribuire all'evangelizzazione del mondo, sempre guidato dalla dottrina sociale della Chiesa. Lavoriamo per portare la verit\u00e0 e i valori cristiani in ogni angolo del pianeta. Aiutaci a trasformare il mondo con Exaudi! Noi di Exaudi crediamo che l'evangelizzazione e l'informazione di qualit\u00e0 possano cambiare la vita. Per continuare la nostra missione ed espandere la nostra portata, abbiamo bisogno del tuo aiuto. Stiamo anche cercando persone motivate che vogliano unirsi al nostro team. Grazie al vostro sostegno raggiungeremo pi\u00f9 persone, diffonderemo il messaggio di Cristo e rafforzeremo l'unit\u00e0 dei cristiani. Vuoi unirti alla nostra missione? Per maggiori informazioni su come contribuire, visita Exaudi.org\\\/it o contattaci direttamente: info@exaudi.org Exaudi: informa, forma e trasforma.\",\"sameAs\":[\"https:\\\/\\\/www.facebook.com\\\/ExaudiNotizie\\\/\",\"https:\\\/\\\/www.instagram.com\\\/Exaudi_notizie\\\/\",\"https:\\\/\\\/x.com\\\/Exaudi_Notizie\",\"https:\\\/\\\/www.youtube.com\\\/@exaudicatholicnews\"],\"url\":\"https:\\\/\\\/exaudi.org\\\/it\\\/author\\\/dlvedi-org\\\/\"}]}<\/script>\n<!-- \/ Yoast SEO plugin. -->","yoast_head_json":{"title":"Papa Francesco ringrazia i giornalisti per il suo viaggio pi\u00f9 lungo &#8211; Exaudi","robots":{"index":"index","follow":"follow","max-snippet":"max-snippet:-1","max-image-preview":"max-image-preview:large","max-video-preview":"max-video-preview:-1"},"canonical":"https:\/\/exaudi.org\/it\/papa-francesco-ringrazia-i-giornalisti-per-il-suo-viaggio-piu-lungo\/","og_locale":"it_IT","og_type":"article","og_title":"Papa Francesco ringrazia i giornalisti per il suo viaggio pi\u00f9 lungo &#8211; Exaudi","og_description":"A bordo dell'aereo diretto in Indonesia, prima tappa del suo lungo viaggio apostolico dal 2 al 13 settembre, Papa Francesco ha salutato i giornalisti internazionali che lo accompagnano nel suo 45esimo viaggio fuori dal Vaticano","og_url":"https:\/\/exaudi.org\/it\/papa-francesco-ringrazia-i-giornalisti-per-il-suo-viaggio-piu-lungo\/","og_site_name":"Exaudi","article_publisher":"https:\/\/www.facebook.com\/ExaudiNews","article_author":"https:\/\/www.facebook.com\/ExaudiNotizie\/","article_published_time":"2024-09-03T16:17:49+00:00","og_image":[{"width":500,"height":281,"url":"https:\/\/exaudi.org\/wp-content\/uploads\/2024\/09\/cq5dam.thumbnail.cropped.500.281-3.jpeg","type":"image\/jpeg"}],"author":"Exaudi Redazione","twitter_card":"summary_large_image","twitter_creator":"@Exaudi_Notizie","twitter_site":"@Exaudi_News","twitter_misc":{"Scritto da":"Exaudi Redazione","Tempo di lettura stimato":"2 minuti"},"schema":{"@context":"https:\/\/schema.org","@graph":[{"@type":"Article","@id":"https:\/\/exaudi.org\/it\/papa-francesco-ringrazia-i-giornalisti-per-il-suo-viaggio-piu-lungo\/#article","isPartOf":{"@id":"https:\/\/exaudi.org\/it\/papa-francesco-ringrazia-i-giornalisti-per-il-suo-viaggio-piu-lungo\/"},"author":{"name":"Exaudi Redazione","@id":"https:\/\/exaudi.org\/#\/schema\/person\/e1ab6ed07c01774724dd96f925f3a5f0"},"headline":"Papa Francesco ringrazia i giornalisti per il suo viaggio pi\u00f9 lungo","datePublished":"2024-09-03T16:17:49+00:00","mainEntityOfPage":{"@id":"https:\/\/exaudi.org\/it\/papa-francesco-ringrazia-i-giornalisti-per-il-suo-viaggio-piu-lungo\/"},"wordCount":473,"image":{"@id":"https:\/\/exaudi.org\/it\/papa-francesco-ringrazia-i-giornalisti-per-il-suo-viaggio-piu-lungo\/#primaryimage"},"thumbnailUrl":"https:\/\/exaudi.org\/wp-content\/uploads\/2024\/09\/cq5dam.thumbnail.cropped.500.281-3.jpeg","keywords":["45\u00b0 viaggio apostolico","45\u00b0 viaggio internazionale","bambino assassinato","Cl\u00e9ment Melki","compassione","diritti dei migranti","dono simbolico","dramma migratorio","Eva Fern\u00e1ndez","evangelizzazione in Cina","Featured","giornalisti","giornalisti internazionali","Indonesia Ita Airways","Mateo","messaggio di pace","Ocean\u00eda","Papa Francesco","pellegrinaggio del Papa","Radio Cope","rifugiati","solidariet\u00e0","Stefania Falasca","stele di Xian","Sud-Est asiatico","Toledo","tragedia delle migrazioni","Viaggio Apostolico","viaggio pi\u00f9 lungo","Volo papale"],"articleSection":["Viaggi papali"],"inLanguage":"it-IT"},{"@type":"WebPage","@id":"https:\/\/exaudi.org\/it\/papa-francesco-ringrazia-i-giornalisti-per-il-suo-viaggio-piu-lungo\/","url":"https:\/\/exaudi.org\/it\/papa-francesco-ringrazia-i-giornalisti-per-il-suo-viaggio-piu-lungo\/","name":"Papa Francesco ringrazia i giornalisti per il suo viaggio pi\u00f9 lungo &#8211; Exaudi","isPartOf":{"@id":"https:\/\/exaudi.org\/#website"},"primaryImageOfPage":{"@id":"https:\/\/exaudi.org\/it\/papa-francesco-ringrazia-i-giornalisti-per-il-suo-viaggio-piu-lungo\/#primaryimage"},"image":{"@id":"https:\/\/exaudi.org\/it\/papa-francesco-ringrazia-i-giornalisti-per-il-suo-viaggio-piu-lungo\/#primaryimage"},"thumbnailUrl":"https:\/\/exaudi.org\/wp-content\/uploads\/2024\/09\/cq5dam.thumbnail.cropped.500.281-3.jpeg","datePublished":"2024-09-03T16:17:49+00:00","author":{"@id":"https:\/\/exaudi.org\/#\/schema\/person\/e1ab6ed07c01774724dd96f925f3a5f0"},"breadcrumb":{"@id":"https:\/\/exaudi.org\/it\/papa-francesco-ringrazia-i-giornalisti-per-il-suo-viaggio-piu-lungo\/#breadcrumb"},"inLanguage":"it-IT","potentialAction":[{"@type":"ReadAction","target":["https:\/\/exaudi.org\/it\/papa-francesco-ringrazia-i-giornalisti-per-il-suo-viaggio-piu-lungo\/"]}]},{"@type":"ImageObject","inLanguage":"it-IT","@id":"https:\/\/exaudi.org\/it\/papa-francesco-ringrazia-i-giornalisti-per-il-suo-viaggio-piu-lungo\/#primaryimage","url":"https:\/\/exaudi.org\/wp-content\/uploads\/2024\/09\/cq5dam.thumbnail.cropped.500.281-3.jpeg","contentUrl":"https:\/\/exaudi.org\/wp-content\/uploads\/2024\/09\/cq5dam.thumbnail.cropped.500.281-3.jpeg","width":500,"height":281},{"@type":"BreadcrumbList","@id":"https:\/\/exaudi.org\/it\/papa-francesco-ringrazia-i-giornalisti-per-il-suo-viaggio-piu-lungo\/#breadcrumb","itemListElement":[{"@type":"ListItem","position":1,"name":"Portada","item":"https:\/\/exaudi.org\/it\/"},{"@type":"ListItem","position":2,"name":"Papa Francesco ringrazia i giornalisti per il suo viaggio pi\u00f9 lungo"}]},{"@type":"WebSite","@id":"https:\/\/exaudi.org\/#website","url":"https:\/\/exaudi.org\/","name":"Exaudi","description":"News","potentialAction":[{"@type":"SearchAction","target":{"@type":"EntryPoint","urlTemplate":"https:\/\/exaudi.org\/?s={search_term_string}"},"query-input":{"@type":"PropertyValueSpecification","valueRequired":true,"valueName":"search_term_string"}}],"inLanguage":"it-IT"},{"@type":"Person","@id":"https:\/\/exaudi.org\/#\/schema\/person\/e1ab6ed07c01774724dd96f925f3a5f0","name":"Exaudi Redazione","image":{"@type":"ImageObject","inLanguage":"it-IT","@id":"https:\/\/secure.gravatar.com\/avatar\/ad6774b3ada023bf5b939d64f45c94b3adf91502dd883507d469b4308a943bb3?s=96&d=mm&r=g","url":"https:\/\/secure.gravatar.com\/avatar\/ad6774b3ada023bf5b939d64f45c94b3adf91502dd883507d469b4308a943bb3?s=96&d=mm&r=g","contentUrl":"https:\/\/secure.gravatar.com\/avatar\/ad6774b3ada023bf5b939d64f45c94b3adf91502dd883507d469b4308a943bb3?s=96&d=mm&r=g","caption":"Exaudi Redazione"},"description":"Che cosa \u00e8 Exaudi News? Exaudi News \u00e8 un agenzia cattolica internazionale che informa, istruisce e trasforma quotidianamente in spagnolo, inglese e italiano. Attraverso notizie, articoli di analisi e trasmissioni in diretta degli eventi del Papa, Exaudi cerca di rafforzare l'unit\u00e0 dei cristiani e di contribuire all'evangelizzazione del mondo, sempre guidato dalla dottrina sociale della Chiesa. Lavoriamo per portare la verit\u00e0 e i valori cristiani in ogni angolo del pianeta. Aiutaci a trasformare il mondo con Exaudi! Noi di Exaudi crediamo che l'evangelizzazione e l'informazione di qualit\u00e0 possano cambiare la vita. Per continuare la nostra missione ed espandere la nostra portata, abbiamo bisogno del tuo aiuto. Stiamo anche cercando persone motivate che vogliano unirsi al nostro team. Grazie al vostro sostegno raggiungeremo pi\u00f9 persone, diffonderemo il messaggio di Cristo e rafforzeremo l'unit\u00e0 dei cristiani. Vuoi unirti alla nostra missione? Per maggiori informazioni su come contribuire, visita Exaudi.org\/it o contattaci direttamente: info@exaudi.org Exaudi: informa, forma e trasforma.","sameAs":["https:\/\/www.facebook.com\/ExaudiNotizie\/","https:\/\/www.instagram.com\/Exaudi_notizie\/","https:\/\/x.com\/Exaudi_Notizie","https:\/\/www.youtube.com\/@exaudicatholicnews"],"url":"https:\/\/exaudi.org\/it\/author\/dlvedi-org\/"}]}},"jetpack_featured_media_url":"https:\/\/exaudi.org\/wp-content\/uploads\/2024\/09\/cq5dam.thumbnail.cropped.500.281-3.jpeg","jetpack_shortlink":"https:\/\/wp.me\/pgKjF2-rWK","_links":{"self":[{"href":"https:\/\/exaudi.org\/it\/wp-json\/wp\/v2\/posts\/107430","targetHints":{"allow":["GET"]}}],"collection":[{"href":"https:\/\/exaudi.org\/it\/wp-json\/wp\/v2\/posts"}],"about":[{"href":"https:\/\/exaudi.org\/it\/wp-json\/wp\/v2\/types\/post"}],"author":[{"embeddable":true,"href":"https:\/\/exaudi.org\/it\/wp-json\/wp\/v2\/users\/17"}],"replies":[{"embeddable":true,"href":"https:\/\/exaudi.org\/it\/wp-json\/wp\/v2\/comments?post=107430"}],"version-history":[{"count":0,"href":"https:\/\/exaudi.org\/it\/wp-json\/wp\/v2\/posts\/107430\/revisions"}],"wp:featuredmedia":[{"embeddable":true,"href":"https:\/\/exaudi.org\/it\/wp-json\/wp\/v2\/media\/107389"}],"wp:attachment":[{"href":"https:\/\/exaudi.org\/it\/wp-json\/wp\/v2\/media?parent=107430"}],"wp:term":[{"taxonomy":"category","embeddable":true,"href":"https:\/\/exaudi.org\/it\/wp-json\/wp\/v2\/categories?post=107430"},{"taxonomy":"post_tag","embeddable":true,"href":"https:\/\/exaudi.org\/it\/wp-json\/wp\/v2\/tags?post=107430"}],"curies":[{"name":"wp","href":"https:\/\/api.w.org\/{rel}","templated":true}]}}