{"id":107422,"date":"2024-09-03T17:22:58","date_gmt":"2024-09-03T15:22:58","guid":{"rendered":"https:\/\/exaudi.org\/?p=107422"},"modified":"2024-09-03T17:22:58","modified_gmt":"2024-09-03T15:22:58","slug":"panoramica-famiglia-scuola-religione","status":"publish","type":"post","link":"https:\/\/exaudi.org\/it\/panoramica-famiglia-scuola-religione\/","title":{"rendered":"Panoramica: famiglia, scuola, religione"},"content":{"rendered":"<p>Ogni uomo \u00e8 immagine di Dio. Riflette, in parte, l&#8217;infinita bellezza della divinit\u00e0. Ogni vita umana \u00e8 una realt\u00e0 meravigliosa e irripetibile. Come gi\u00e0 diceva il grande sant&#8217;Agostino, l&#8217;uomo \u00e8 un essere per Dio. Siamo capaci di conoscere e amare Dio!<\/p>\n<p>Uomini e donne hanno la stessa dignit\u00e0 personale. Gi\u00e0 all&#8217;inizio sono diversi e complementari. Differiscono nella loro costituzione cromosomica. Tutti gli esseri umani sono sessuali. Quindi non pu\u00f2 esistere alcun trattamento in grado di modificare la condizione sessuale. L\u2019affermazione contraria \u00e8 meramente ideologica e contraddice la biologia.<\/p>\n<p>Ammiriamo solo l&#8217;atleta laborioso che domina il suo corpo. In modo simile, poi, ammiriamo coloro che hanno il coraggio di vivere la santa purezza, vincitore!; non chi ha la vilt\u00e0 di lasciarsi trasportare dalle passioni, sconfitto! La civilt\u00e0 attuale \u00e8 minacciata dal neopaganesimo che, come diceva don Javier Echevarr\u00eda, \u00e8 il ritorno alla selva.<\/p>\n<p>La giovinezza \u00e8 una realt\u00e0 in bella crescita. Tipico dei giovani \u00e8 la gioia, l&#8217;entusiasmo, avere il cuore pieno di ideali di bella brillantezza, prendere il volo.<\/p>\n<p>Rinchiudere la libert\u00e0 nelle fantasie \u00e8 imprigionarla. Vederlo come se guardaste solo voi stessi non servirebbe a diventare buoni mariti e mogli, padri e madri di figli. Come insegnava San Tommaso, la libert\u00e0 liberata non \u00e8 vera libert\u00e0, \u00e8 una chimera. Interessa solo una libert\u00e0 legata, legata al bene. E, quindi, liberato dal male, liberato. Serve solo una libert\u00e0 cos\u00ec grande da essere capace di impegnarsi e di servire.<\/p>\n<p>La cosa pi\u00f9 grande \u00e8 fare la volont\u00e0 di Dio. La grandezza delle donne \u00e8 tale che non possono accontentarsi di modelli inferiori a Cristo e alla Madre di Dio. Dio vuole che la natura umana sia elevata alla vita soprannaturale e celeste.<\/p>\n<p>Poich\u00e9 l\u2019essere umano \u00e8 vulnerabile, deve essere sostenuto. Poi la famiglia, realt\u00e0 molto importante, va garantita e difesa con legami forti. Il vero amore \u00e8 quello che dice veramente: tu, per me, non morirai mai.<\/p>\n<p>Dobbiamo aprirci. Nel matrimonio l&#8217;io si apre al tu e al noi. Il momento della fecondazione \u00e8 quello del concepimento di una nuova vita umana; momento in cui Dio crea direttamente, dal nulla, l&#8217;anima spirituale, unita al corpo. L&#8217;anima d\u00e0 vita al corpo. L&#8217;unione dei due gameti forma un&#8217;unica cellula, nella quale \u00e8 gi\u00e0 presente l&#8217;uomo intero, un qualcuno, un s\u00e9. Ogni vita umana \u00e8 un grande dono. L&#8217;essere appena concepito \u00e8 degno quanto l&#8217;uomo maturo. Il resto della vita non \u00e8 altro che lo sviluppo di questa cellula che si suddivide.<\/p>\n<p>Come ha sottolineato Papa Francesco, nel 2019, se una donna ha concepito un bambino che presenta gravi carenze e interpreta questa gravidanza come un problema, non pu\u00f2 assumere un sicario per risolverlo. Non esiste il diritto alla morte, esiste solo il diritto alla vita. Quel bambino deve essere particolarmente amato.<\/p>\n<p>Tutti ammiriamo il calciatore che si dona molto generosamente nelle sue partite. E siamo delusi da chi, mancando di generosit\u00e0, si nasconde fuori dal campo. Ebbene, in molti casi la generosit\u00e0 nel matrimonio porta a formare una famiglia numerosa. Ora che non ci sono bambini e l\u2019Europa invecchia, \u00e8 molto bello, ad esempio, vedere tante famiglie grandi, generose e giovani partecipare alla Giornata Mariana a Torreciudad.<\/p>\n<p>L\u2019amore \u00e8 la vera chiave della vita. Quindi nel matrimonio, se c\u2019\u00e8 il vero amore, va tutto bene. Paolo VI, nella <em>Humanae Vitae<\/em>, affermava: chi ama si dona totalmente, senza trucchi.<\/p>\n<p>Dato che la cosa principale nell&#8217;uomo \u00e8 la sua anima spirituale, capace di Dio, una scuola che non coltivasse la formazione spirituale contribuirebbe alla disumanizzazione. Perch\u00e9 ci sia cultura, o civilt\u00e0, occorrono intelligenza e moralit\u00e0, verit\u00e0 e bene. L&#8217;intelligenza deve cogliere le grandi verit\u00e0: la verit\u00e0 di Dio e quella dell&#8217;uomo. L&#8217;uomo non pu\u00f2 accontentarsi di meno che possedere Dio, tesoro infinito. Una scuola senza religione taglia le ali. I bambini non meritano una scuola senza formazione spirituale e senza religione.<\/p>\n<p>Gli uomini, rispetto all&#8217;Altissimo, sono nani. Il vero protagonista della storia \u00e8 Dio. L\u2019opera di Dio \u00e8 pi\u00f9 grande dell\u2019opera dell\u2019uomo. Nella virt\u00f9 c&#8217;\u00e8 l&#8217;aiuto di Dio e la collaborazione umana. Nell&#8217;atto meritorio tutto \u00e8 grazia.<\/p>\n<p>Come ha sottolineato Giovanni Paolo II, il mondo, per salvare la cultura e per realizzare una semina copiosa di valori, ha urgente bisogno di ri-cristianizzazione. Tutto deve essere elevato dalla religione. La Chiesa cattolica \u00e8 quella pi\u00f9 qualificata per portare avanti un&#8217;opera cos\u00ec immane.<\/p>\n<p>Come ha detto Benedetto XVI, la Chiesa \u00e8 sempre giovane. Il mondo non conosce una gioia cos\u00ec grande come quella che si trova nella religione cattolica, un&#8217;oasi in mezzo al deserto. Poich\u00e9 la Chiesa cattolica porta Dio e il paradiso nel modo pi\u00f9 eccellente, \u00e8 la pi\u00f9 grande e ci\u00f2 che rende pi\u00f9 felici.<\/p>\n","protected":false},"excerpt":{"rendered":"<p>Il mondo, per salvare la cultura e per realizzare una copiosa semina di valori, ha urgente bisogno di ri-cristianizzazione<\/p>\n","protected":false},"author":45,"featured_media":107260,"comment_status":"closed","ping_status":"closed","sticky":false,"template":"","format":"standard","meta":{"_acf_changed":false,"_crdt_document":"","inline_featured_image":false,"footnotes":""},"categories":[],"tags":[1722,4512,941,17986,13988,758,19961,1141,1671,23177,17800,3120,834,2654,23178,251,20157,5435,23179,23180,22549,1874,4952,11259,6082],"class_list":["post-107422","post","type-post","status-publish","format-standard","has-post-thumbnail","hentry","tag-benedetto-xvi","tag-chiesa-cattolica","tag-cultura","tag-cultura-cristiana-2","tag-dignita-umana","tag-famiglia","tag-formazione-spirituale","tag-giovani","tag-giovanni-paolo-ii","tag-humanae-vitae-2","tag-jose-maria-montiu-de-nuix-3","tag-liberta","tag-matrimonio","tag-morale","tag-neopaganesimo","tag-papa-francesco","tag-purezza","tag-religione","tag-ri-cristianizzazione","tag-san-tommasotorrecitta","tag-santagostino","tag-scuola","tag-trending-it","tag-valori","tag-vita-umana"],"acf":[],"yoast_head":"<!-- This site is optimized with the Yoast SEO plugin v27.4 - https:\/\/yoast.com\/product\/yoast-seo-wordpress\/ -->\n<title>Panoramica: famiglia, scuola, religione &#8211; Exaudi<\/title>\n<meta name=\"robots\" content=\"index, follow, max-snippet:-1, max-image-preview:large, max-video-preview:-1\" \/>\n<link rel=\"canonical\" href=\"https:\/\/exaudi.org\/it\/panoramica-famiglia-scuola-religione\/\" \/>\n<meta property=\"og:locale\" content=\"it_IT\" \/>\n<meta property=\"og:type\" content=\"article\" \/>\n<meta property=\"og:title\" content=\"Panoramica: famiglia, scuola, religione &#8211; Exaudi\" \/>\n<meta property=\"og:description\" content=\"Il mondo, per salvare la cultura e per realizzare una copiosa semina di valori, ha urgente bisogno di ri-cristianizzazione\" \/>\n<meta property=\"og:url\" content=\"https:\/\/exaudi.org\/it\/panoramica-famiglia-scuola-religione\/\" \/>\n<meta property=\"og:site_name\" content=\"Exaudi\" \/>\n<meta property=\"article:publisher\" content=\"https:\/\/www.facebook.com\/ExaudiNews\" \/>\n<meta property=\"article:published_time\" content=\"2024-09-03T15:22:58+00:00\" \/>\n<meta property=\"og:image\" content=\"https:\/\/exaudi.org\/wp-content\/uploads\/2024\/09\/pexels-eye4dtail-136348-scaled.jpg\" \/>\n\t<meta property=\"og:image:width\" content=\"2560\" \/>\n\t<meta property=\"og:image:height\" content=\"1704\" \/>\n\t<meta property=\"og:image:type\" content=\"image\/jpeg\" \/>\n<meta name=\"author\" content=\"Jos\u00e9 Mar\u00eda Montiu de Nuix\" \/>\n<meta name=\"twitter:card\" content=\"summary_large_image\" \/>\n<meta name=\"twitter:creator\" content=\"@Exaudi_News\" \/>\n<meta name=\"twitter:site\" content=\"@Exaudi_News\" \/>\n<meta name=\"twitter:label1\" content=\"Scritto da\" \/>\n\t<meta name=\"twitter:data1\" content=\"Jos\u00e9 Mar\u00eda Montiu de Nuix\" \/>\n\t<meta name=\"twitter:label2\" content=\"Tempo di lettura stimato\" \/>\n\t<meta name=\"twitter:data2\" content=\"4 minuti\" \/>\n<script type=\"application\/ld+json\" class=\"yoast-schema-graph\">{\"@context\":\"https:\\\/\\\/schema.org\",\"@graph\":[{\"@type\":\"Article\",\"@id\":\"https:\\\/\\\/exaudi.org\\\/it\\\/panoramica-famiglia-scuola-religione\\\/#article\",\"isPartOf\":{\"@id\":\"https:\\\/\\\/exaudi.org\\\/it\\\/panoramica-famiglia-scuola-religione\\\/\"},\"author\":{\"name\":\"Jos\u00e9 Mar\u00eda Montiu de Nuix\",\"@id\":\"https:\\\/\\\/exaudi.org\\\/#\\\/schema\\\/person\\\/63aa8d363a4039100348c8036010e9fa\"},\"headline\":\"Panoramica: famiglia, scuola, religione\",\"datePublished\":\"2024-09-03T15:22:58+00:00\",\"mainEntityOfPage\":{\"@id\":\"https:\\\/\\\/exaudi.org\\\/it\\\/panoramica-famiglia-scuola-religione\\\/\"},\"wordCount\":775,\"image\":{\"@id\":\"https:\\\/\\\/exaudi.org\\\/it\\\/panoramica-famiglia-scuola-religione\\\/#primaryimage\"},\"thumbnailUrl\":\"https:\\\/\\\/exaudi.org\\\/wp-content\\\/uploads\\\/2024\\\/09\\\/pexels-eye4dtail-136348-scaled.jpg\",\"keywords\":[\"Benedetto XVI\",\"Chiesa cattolica\",\"cultura\",\"CULTURA CRISTIANA\",\"DIGNIT\u00c0 UMANA\",\"famiglia\",\"FORMAZIONE SPIRITUALE\",\"giovani\",\"Giovanni Paolo II\",\"Humanae vitae\",\"JOS\u00c9 MAR\u00cdA MONTIU DE NUIX\",\"libert\u00e0\",\"matrimonio\",\"Morale\",\"neopaganesimo\",\"Papa Francesco\",\"PUREZZA\",\"religione\",\"ri-cristianizzazione\",\"San TommasoTorrecitt\u00e0\",\"Sant'Agostino\",\"scuola\",\"Trending\",\"VALORI\",\"vita umana\"],\"inLanguage\":\"it-IT\"},{\"@type\":\"WebPage\",\"@id\":\"https:\\\/\\\/exaudi.org\\\/it\\\/panoramica-famiglia-scuola-religione\\\/\",\"url\":\"https:\\\/\\\/exaudi.org\\\/it\\\/panoramica-famiglia-scuola-religione\\\/\",\"name\":\"Panoramica: famiglia, scuola, religione &#8211; Exaudi\",\"isPartOf\":{\"@id\":\"https:\\\/\\\/exaudi.org\\\/#website\"},\"primaryImageOfPage\":{\"@id\":\"https:\\\/\\\/exaudi.org\\\/it\\\/panoramica-famiglia-scuola-religione\\\/#primaryimage\"},\"image\":{\"@id\":\"https:\\\/\\\/exaudi.org\\\/it\\\/panoramica-famiglia-scuola-religione\\\/#primaryimage\"},\"thumbnailUrl\":\"https:\\\/\\\/exaudi.org\\\/wp-content\\\/uploads\\\/2024\\\/09\\\/pexels-eye4dtail-136348-scaled.jpg\",\"datePublished\":\"2024-09-03T15:22:58+00:00\",\"author\":{\"@id\":\"https:\\\/\\\/exaudi.org\\\/#\\\/schema\\\/person\\\/63aa8d363a4039100348c8036010e9fa\"},\"breadcrumb\":{\"@id\":\"https:\\\/\\\/exaudi.org\\\/it\\\/panoramica-famiglia-scuola-religione\\\/#breadcrumb\"},\"inLanguage\":\"it-IT\",\"potentialAction\":[{\"@type\":\"ReadAction\",\"target\":[\"https:\\\/\\\/exaudi.org\\\/it\\\/panoramica-famiglia-scuola-religione\\\/\"]}]},{\"@type\":\"ImageObject\",\"inLanguage\":\"it-IT\",\"@id\":\"https:\\\/\\\/exaudi.org\\\/it\\\/panoramica-famiglia-scuola-religione\\\/#primaryimage\",\"url\":\"https:\\\/\\\/exaudi.org\\\/wp-content\\\/uploads\\\/2024\\\/09\\\/pexels-eye4dtail-136348-scaled.jpg\",\"contentUrl\":\"https:\\\/\\\/exaudi.org\\\/wp-content\\\/uploads\\\/2024\\\/09\\\/pexels-eye4dtail-136348-scaled.jpg\",\"width\":2560,\"height\":1704,\"caption\":\"Pexels\"},{\"@type\":\"BreadcrumbList\",\"@id\":\"https:\\\/\\\/exaudi.org\\\/it\\\/panoramica-famiglia-scuola-religione\\\/#breadcrumb\",\"itemListElement\":[{\"@type\":\"ListItem\",\"position\":1,\"name\":\"Portada\",\"item\":\"https:\\\/\\\/exaudi.org\\\/it\\\/\"},{\"@type\":\"ListItem\",\"position\":2,\"name\":\"Panoramica: famiglia, scuola, religione\"}]},{\"@type\":\"WebSite\",\"@id\":\"https:\\\/\\\/exaudi.org\\\/#website\",\"url\":\"https:\\\/\\\/exaudi.org\\\/\",\"name\":\"Exaudi\",\"description\":\"News\",\"potentialAction\":[{\"@type\":\"SearchAction\",\"target\":{\"@type\":\"EntryPoint\",\"urlTemplate\":\"https:\\\/\\\/exaudi.org\\\/?s={search_term_string}\"},\"query-input\":{\"@type\":\"PropertyValueSpecification\",\"valueRequired\":true,\"valueName\":\"search_term_string\"}}],\"inLanguage\":\"it-IT\"},{\"@type\":\"Person\",\"@id\":\"https:\\\/\\\/exaudi.org\\\/#\\\/schema\\\/person\\\/63aa8d363a4039100348c8036010e9fa\",\"name\":\"Jos\u00e9 Mar\u00eda Montiu de Nuix\",\"image\":{\"@type\":\"ImageObject\",\"inLanguage\":\"it-IT\",\"@id\":\"https:\\\/\\\/secure.gravatar.com\\\/avatar\\\/f3d1e54272060740a50258cef7d916098d4ffe7ad9f6a7a8603d12c508634d10?s=96&d=mm&r=g\",\"url\":\"https:\\\/\\\/secure.gravatar.com\\\/avatar\\\/f3d1e54272060740a50258cef7d916098d4ffe7ad9f6a7a8603d12c508634d10?s=96&d=mm&r=g\",\"contentUrl\":\"https:\\\/\\\/secure.gravatar.com\\\/avatar\\\/f3d1e54272060740a50258cef7d916098d4ffe7ad9f6a7a8603d12c508634d10?s=96&d=mm&r=g\",\"caption\":\"Jos\u00e9 Mar\u00eda Montiu de Nuix\"},\"description\":\"Nacido en Cervera, L\u00e9rida, Espa\u00f1a, en 1960 y bautizado ese mismo a\u00f1o. Ordenado sacerdote en 1992. Doctor en Filosof\u00eda. Licenciado en Filosof\u00eda y Ciencias de la Educaci\u00f3n por la Universidad de Barcelona (UB). Licenciado (especialidad: Matem\u00e1tica Fundamental), cursos de doctorado y suficiencia investigadora en Ciencias Exactas por la UB. Licenciado en Filosof\u00eda por la Universidad de Navarra. Licenciado en Estudios Eclesi\u00e1sticos por la Facultad de Teolog\u00eda San Vicente Ferrer, Valencia. Docente e investigador con m\u00e1s de medio millar de publicaciones. Acad\u00e9mico de la Academia Hispanoamericana de Doctores.\",\"url\":\"https:\\\/\\\/exaudi.org\\\/it\\\/author\\\/josepmariamontiudenuix\\\/\"}]}<\/script>\n<!-- \/ Yoast SEO plugin. -->","yoast_head_json":{"title":"Panoramica: famiglia, scuola, religione &#8211; Exaudi","robots":{"index":"index","follow":"follow","max-snippet":"max-snippet:-1","max-image-preview":"max-image-preview:large","max-video-preview":"max-video-preview:-1"},"canonical":"https:\/\/exaudi.org\/it\/panoramica-famiglia-scuola-religione\/","og_locale":"it_IT","og_type":"article","og_title":"Panoramica: famiglia, scuola, religione &#8211; Exaudi","og_description":"Il mondo, per salvare la cultura e per realizzare una copiosa semina di valori, ha urgente bisogno di ri-cristianizzazione","og_url":"https:\/\/exaudi.org\/it\/panoramica-famiglia-scuola-religione\/","og_site_name":"Exaudi","article_publisher":"https:\/\/www.facebook.com\/ExaudiNews","article_published_time":"2024-09-03T15:22:58+00:00","og_image":[{"width":2560,"height":1704,"url":"https:\/\/exaudi.org\/wp-content\/uploads\/2024\/09\/pexels-eye4dtail-136348-scaled.jpg","type":"image\/jpeg"}],"author":"Jos\u00e9 Mar\u00eda Montiu de Nuix","twitter_card":"summary_large_image","twitter_creator":"@Exaudi_News","twitter_site":"@Exaudi_News","twitter_misc":{"Scritto da":"Jos\u00e9 Mar\u00eda Montiu de Nuix","Tempo di lettura stimato":"4 minuti"},"schema":{"@context":"https:\/\/schema.org","@graph":[{"@type":"Article","@id":"https:\/\/exaudi.org\/it\/panoramica-famiglia-scuola-religione\/#article","isPartOf":{"@id":"https:\/\/exaudi.org\/it\/panoramica-famiglia-scuola-religione\/"},"author":{"name":"Jos\u00e9 Mar\u00eda Montiu de Nuix","@id":"https:\/\/exaudi.org\/#\/schema\/person\/63aa8d363a4039100348c8036010e9fa"},"headline":"Panoramica: famiglia, scuola, religione","datePublished":"2024-09-03T15:22:58+00:00","mainEntityOfPage":{"@id":"https:\/\/exaudi.org\/it\/panoramica-famiglia-scuola-religione\/"},"wordCount":775,"image":{"@id":"https:\/\/exaudi.org\/it\/panoramica-famiglia-scuola-religione\/#primaryimage"},"thumbnailUrl":"https:\/\/exaudi.org\/wp-content\/uploads\/2024\/09\/pexels-eye4dtail-136348-scaled.jpg","keywords":["Benedetto XVI","Chiesa cattolica","cultura","CULTURA CRISTIANA","DIGNIT\u00c0 UMANA","famiglia","FORMAZIONE SPIRITUALE","giovani","Giovanni Paolo II","Humanae vitae","JOS\u00c9 MAR\u00cdA MONTIU DE NUIX","libert\u00e0","matrimonio","Morale","neopaganesimo","Papa Francesco","PUREZZA","religione","ri-cristianizzazione","San TommasoTorrecitt\u00e0","Sant'Agostino","scuola","Trending","VALORI","vita umana"],"inLanguage":"it-IT"},{"@type":"WebPage","@id":"https:\/\/exaudi.org\/it\/panoramica-famiglia-scuola-religione\/","url":"https:\/\/exaudi.org\/it\/panoramica-famiglia-scuola-religione\/","name":"Panoramica: famiglia, scuola, religione &#8211; Exaudi","isPartOf":{"@id":"https:\/\/exaudi.org\/#website"},"primaryImageOfPage":{"@id":"https:\/\/exaudi.org\/it\/panoramica-famiglia-scuola-religione\/#primaryimage"},"image":{"@id":"https:\/\/exaudi.org\/it\/panoramica-famiglia-scuola-religione\/#primaryimage"},"thumbnailUrl":"https:\/\/exaudi.org\/wp-content\/uploads\/2024\/09\/pexels-eye4dtail-136348-scaled.jpg","datePublished":"2024-09-03T15:22:58+00:00","author":{"@id":"https:\/\/exaudi.org\/#\/schema\/person\/63aa8d363a4039100348c8036010e9fa"},"breadcrumb":{"@id":"https:\/\/exaudi.org\/it\/panoramica-famiglia-scuola-religione\/#breadcrumb"},"inLanguage":"it-IT","potentialAction":[{"@type":"ReadAction","target":["https:\/\/exaudi.org\/it\/panoramica-famiglia-scuola-religione\/"]}]},{"@type":"ImageObject","inLanguage":"it-IT","@id":"https:\/\/exaudi.org\/it\/panoramica-famiglia-scuola-religione\/#primaryimage","url":"https:\/\/exaudi.org\/wp-content\/uploads\/2024\/09\/pexels-eye4dtail-136348-scaled.jpg","contentUrl":"https:\/\/exaudi.org\/wp-content\/uploads\/2024\/09\/pexels-eye4dtail-136348-scaled.jpg","width":2560,"height":1704,"caption":"Pexels"},{"@type":"BreadcrumbList","@id":"https:\/\/exaudi.org\/it\/panoramica-famiglia-scuola-religione\/#breadcrumb","itemListElement":[{"@type":"ListItem","position":1,"name":"Portada","item":"https:\/\/exaudi.org\/it\/"},{"@type":"ListItem","position":2,"name":"Panoramica: famiglia, scuola, religione"}]},{"@type":"WebSite","@id":"https:\/\/exaudi.org\/#website","url":"https:\/\/exaudi.org\/","name":"Exaudi","description":"News","potentialAction":[{"@type":"SearchAction","target":{"@type":"EntryPoint","urlTemplate":"https:\/\/exaudi.org\/?s={search_term_string}"},"query-input":{"@type":"PropertyValueSpecification","valueRequired":true,"valueName":"search_term_string"}}],"inLanguage":"it-IT"},{"@type":"Person","@id":"https:\/\/exaudi.org\/#\/schema\/person\/63aa8d363a4039100348c8036010e9fa","name":"Jos\u00e9 Mar\u00eda Montiu de Nuix","image":{"@type":"ImageObject","inLanguage":"it-IT","@id":"https:\/\/secure.gravatar.com\/avatar\/f3d1e54272060740a50258cef7d916098d4ffe7ad9f6a7a8603d12c508634d10?s=96&d=mm&r=g","url":"https:\/\/secure.gravatar.com\/avatar\/f3d1e54272060740a50258cef7d916098d4ffe7ad9f6a7a8603d12c508634d10?s=96&d=mm&r=g","contentUrl":"https:\/\/secure.gravatar.com\/avatar\/f3d1e54272060740a50258cef7d916098d4ffe7ad9f6a7a8603d12c508634d10?s=96&d=mm&r=g","caption":"Jos\u00e9 Mar\u00eda Montiu de Nuix"},"description":"Nacido en Cervera, L\u00e9rida, Espa\u00f1a, en 1960 y bautizado ese mismo a\u00f1o. Ordenado sacerdote en 1992. Doctor en Filosof\u00eda. Licenciado en Filosof\u00eda y Ciencias de la Educaci\u00f3n por la Universidad de Barcelona (UB). Licenciado (especialidad: Matem\u00e1tica Fundamental), cursos de doctorado y suficiencia investigadora en Ciencias Exactas por la UB. Licenciado en Filosof\u00eda por la Universidad de Navarra. Licenciado en Estudios Eclesi\u00e1sticos por la Facultad de Teolog\u00eda San Vicente Ferrer, Valencia. Docente e investigador con m\u00e1s de medio millar de publicaciones. Acad\u00e9mico de la Academia Hispanoamericana de Doctores.","url":"https:\/\/exaudi.org\/it\/author\/josepmariamontiudenuix\/"}]}},"jetpack_featured_media_url":"https:\/\/exaudi.org\/wp-content\/uploads\/2024\/09\/pexels-eye4dtail-136348-scaled.jpg","jetpack_shortlink":"https:\/\/wp.me\/pgKjF2-rWC","_links":{"self":[{"href":"https:\/\/exaudi.org\/it\/wp-json\/wp\/v2\/posts\/107422","targetHints":{"allow":["GET"]}}],"collection":[{"href":"https:\/\/exaudi.org\/it\/wp-json\/wp\/v2\/posts"}],"about":[{"href":"https:\/\/exaudi.org\/it\/wp-json\/wp\/v2\/types\/post"}],"author":[{"embeddable":true,"href":"https:\/\/exaudi.org\/it\/wp-json\/wp\/v2\/users\/45"}],"replies":[{"embeddable":true,"href":"https:\/\/exaudi.org\/it\/wp-json\/wp\/v2\/comments?post=107422"}],"version-history":[{"count":0,"href":"https:\/\/exaudi.org\/it\/wp-json\/wp\/v2\/posts\/107422\/revisions"}],"wp:featuredmedia":[{"embeddable":true,"href":"https:\/\/exaudi.org\/it\/wp-json\/wp\/v2\/media\/107260"}],"wp:attachment":[{"href":"https:\/\/exaudi.org\/it\/wp-json\/wp\/v2\/media?parent=107422"}],"wp:term":[{"taxonomy":"category","embeddable":true,"href":"https:\/\/exaudi.org\/it\/wp-json\/wp\/v2\/categories?post=107422"},{"taxonomy":"post_tag","embeddable":true,"href":"https:\/\/exaudi.org\/it\/wp-json\/wp\/v2\/tags?post=107422"}],"curies":[{"name":"wp","href":"https:\/\/api.w.org\/{rel}","templated":true}]}}