{"id":107253,"date":"2024-09-02T00:18:13","date_gmt":"2024-09-01T22:18:13","guid":{"rendered":"https:\/\/exaudi.org\/?p=107253"},"modified":"2024-09-02T00:18:13","modified_gmt":"2024-09-01T22:18:13","slug":"facciamo-della-nostra-vita-nellamore-sentito-e-praticato-un-culto-gradito-a-dio","status":"publish","type":"post","link":"https:\/\/exaudi.org\/it\/facciamo-della-nostra-vita-nellamore-sentito-e-praticato-un-culto-gradito-a-dio\/","title":{"rendered":"Facciamo della nostra vita, nell&#8217;amore sentito e praticato, un culto gradito a Dio"},"content":{"rendered":"<p>Alle ore 12 di oggi, il Santo Padre Francesco si \u00e8 affacciato alla finestra dello studio nel Palazzo Apostolico Vaticano per recitare l\u2019Angelus con i circa 15mila fedeli e pellegrini riuniti in Piazza San Pietro.<\/p>\n<p>Queste le parole del Papa nell\u2019introdurre la preghiera mariana:<\/p>\n<h3><strong>***<\/strong><\/h3>\n<h3><strong>Le parole del Papa<\/strong><\/h3>\n<p>Cari fratelli e sorelle, buona domenica!<\/p>\n<p>Oggi, nel Vangelo della liturgia (cfr\u00a0<i>Mc<\/i>\u00a07,1-8.14-15.21-23), Ges\u00f9 parla del puro e dell\u2019impuro: un argomento molto caro ai suoi contemporanei, che veniva collegato principalmente all\u2019osservanza di riti e di regole di comportamento, per evitare qualsiasi contatto con cose o persone considerate immonde e, nel caso che ci\u00f2 avvenisse, cancellarne la \u201cmacchia\u201d (cfr\u00a0<i>Lv<\/i>\u00a011-15). Era quasi un\u2019ossessione di alcuni religiosi di quei tempi, la purit\u00e0 e l\u2019impurit\u00e0.<\/p>\n<p>Alcuni scribi e farisei, stretti osservanti di tali norme, accusano Ges\u00f9 di permettere che i suoi discepoli prendano cibo senza lavarsi le mani. E Ges\u00f9 coglie questo rimprovero dei farisei ai suoi discepoli per parlare del significato della \u201cpurezza\u201d.<\/p>\n<p>La purezza \u2013 dice Ges\u00f9 \u2013 non \u00e8 legata a riti esterni, ma prima di tutto a disposizioni interiori. Per essere puri, perci\u00f2, non serve lavarsi pi\u00f9 volte le mani, se poi si nutrono dentro il cuore sentimenti malvagi come avidit\u00e0, invidia o superbia, oppure propositi cattivi come inganni, furti, tradimenti e calunnie (cfr\u00a0<i>Mc<\/i>\u00a07,21-22). Ges\u00f9 attira l\u2019attenzione per mettere in guardia dal ritualismo, che non fa crescere nel bene, anzi, a volte pu\u00f2 portare a trascurare, o addirittura a giustificare, in s\u00e9 e negli altri, scelte e atteggiamenti contrari alla carit\u00e0, che feriscono l\u2019anima e chiudono il cuore.<\/p>\n<p>E questo, fratelli e sorelle, \u00e8 importante anche per noi: non si pu\u00f2, ad esempio, uscire dalla Santa Messa e, gi\u00e0 sul sagrato della chiesa, fermarsi a fare pettegolezzi cattivi e privi di misericordia su tutto e tutti. Quel chiacchiericcio che rovina il cuore, che rovina l\u2019anima. Non si pu\u00f2! Tu vai a Messa e poi fai queste cose, \u00e8 una cosa brutta! Oppure mostrarsi pii nella preghiera, ma poi a casa trattare con freddezza e distacco i propri familiari, o trascurare i genitori anziani, che hanno bisogno di aiuto e compagnia (cfr\u00a0<i>Mc<\/i>\u00a07,10-13). Questa \u00e8 una doppia vita e non si pu\u00f2. E questo \u00e8 quello che facevano i farisei. La purit\u00e0 esterna senza gli atteggiamenti buoni, atteggiamenti misericordiosi con gli altri. O, ancora, non si pu\u00f2 essere apparentemente molto corretti con tutti, magari fare anche un po\u2019 di volontariato e qualche gesto filantropico, ma poi dentro coltivare odio verso gli altri, disprezzare i poveri e gli ultimi o comportarsi in modo disonesto nel proprio lavoro.<\/p>\n<p>Facendo cos\u00ec si riduce il rapporto con Dio ai gesti esteriori, e dentro si rimane impermeabili all\u2019azione purificatrice della sua grazia, indugiando in pensieri, messaggi e comportamenti privi di amore.<\/p>\n<p>Noi siamo fatti per un\u2019altra cosa.<\/p>\n<p>Chiediamoci, allora: io vivo la mia fede in modo coerente, cio\u00e8, quello che faccio in chiesa cerco con lo stesso spirito di farlo fuori? Coi sentimenti, con le parole e con le opere, rendo concreto nella prossimit\u00e0 e nel rispetto dei fratelli quello che dico nella preghiera? Pensiamoci.<\/p>\n<p>E Maria, Madre purissima, ci aiuti a fare della nostra vita, nell\u2019amore sentito e praticato, un culto gradito a Dio (cfr\u00a0<i>Rm<\/i>\u00a012,1).<\/p>\n<p>______________________<\/p>\n<p><b>Dopo l\u2019Angelus<\/b><\/p>\n<p>Cari fratelli e sorelle!<\/p>\n<p>Ieri a\u00a0<i>\u0160a\u0161t\u00edn<\/i>, in Slovacchia, \u00e8 stato beatificato J\u00e1n Havl\u00edk, seminarista della Congregazione della Missione, fondata da San Vincenzo de\u2019 Paoli. Questo giovane \u00e8 stato ucciso nel 1965, durante la persecuzione del regime contro la Chiesa nell\u2019allora Cecoslovacchia. La sua perseveranza nel testimoniare la fede in Cristo sia di incoraggiamento a quanti ancora oggi subiscono simili prove. Un applauso al nuovo Beato!<\/p>\n<p>Con dolore ho appreso che sabato 24 agosto, nel comune di Barsalogho, in Burkina Faso, centinaia di persone, tra le quali donne e bambini, sono state uccise e molte altre ferite in un attacco terroristico. Nel condannare questi esecrabili attentati contro la vita umana, esprimo la mia vicinanza alla Nazione intera e il mio sentito cordoglio alle famiglie delle vittime. La Vergine Maria aiuti l\u2019amato popolo del Burkina Faso a ritrovare la pace e la sicurezza.<\/p>\n<p>Prego anche per le vittime dell\u2019incidente avvenuto nel Santuario di Nossa Senhora da Concei\u00e7\u00e3o, nella citt\u00e0 di Recife, in Brasile. Il Signore risorto conforti i feriti e i familiari.<\/p>\n<p>E sempre sono vicino al martoriato popolo ucraino, duramente colpito da attacchi contro le infrastrutture energetiche. Oltre a causare morti e feriti, essi hanno lasciato pi\u00f9 di un milione di persone senza elettricit\u00e0 e acqua. Ricordiamoci che la voce degli innocenti trova sempre ascolto presso Dio, che non rimane indifferente alla loro sofferenza!<\/p>\n<p>Ancora una volta rivolgo con preoccupazione il mio pensiero al conflitto in Palestina e Israele, che rischia di allargarsi ad altre citt\u00e0 palestinesi. Faccio appello affinch\u00e9 non si fermino i negoziati e si cessi subito il fuoco, si rilascino gli ostaggi, si soccorra la popolazione a Gaza, dove si stanno anche diffondendo tante malattie, inclusa la poliomielite. Sia pace in Terra Santa, sia pace in Gerusalemme! La Citt\u00e0 Santa sia luogo d\u2019incontro dove i cristiani, gli ebrei e i musulmani si sentano rispettati e accolti, e nessuno metta in discussione lo Status Quo nei rispettivi Luoghi Santi.<\/p>\n<p>Oggi si celebra la\u00a0<i>Giornata Mondiale di Preghiera per la Cura del Creato<\/i>. Auspico da parte di tutti, istituzioni, associazioni, famiglie e ogni persona, un concreto impegno per la nostra casa comune. Il grido della Terra ferita sta diventando sempre pi\u00f9 allarmante e richiede un\u2019azione decisiva e improrogabile.<\/p>\n<p>Domani inizier\u00f2 un viaggio apostolico in alcuni Paesi dell\u2019Asia e dell\u2019Oceania. Per favore, pregate per il frutto di questo viaggio!<\/p>\n<p>Saluto tutti voi, romani e pellegrini! In particolare, saluto i giovani di Lucca, accompagnati dal loro Arcivescovo Mons. Paolo Giulietti e da alcuni sacerdoti; saluto i bravi ragazzi dell\u2019Immacolata e i ragazzi di Campocroce di Mirano.<\/p>\n<p>A tutti auguro buona domenica! Per favore, non dimenticatevi di pregare per me. Buon pranzo e arrivederci.<\/p>\n","protected":false},"excerpt":{"rendered":"<p>Le parole del Papa all&#8217;Angelus<\/p>\n","protected":false},"author":17,"featured_media":79215,"comment_status":"closed","ping_status":"closed","sticky":false,"template":"","format":"standard","meta":{"_acf_changed":false,"_crdt_document":"","inline_featured_image":false,"footnotes":""},"categories":[69,67],"tags":[22981,2487],"class_list":["post-107253","post","type-post","status-publish","format-standard","has-post-thumbnail","hentry","category-angelus-it","category-leone-xiv","tag-angelus-1-settembre-2024","tag-featured-3"],"acf":[],"yoast_head":"<!-- This site is optimized with the Yoast SEO plugin v27.5 - https:\/\/yoast.com\/product\/yoast-seo-wordpress\/ -->\n<title>Facciamo della nostra vita, nell&#039;amore sentito e praticato, un culto gradito a Dio &#8211; Exaudi<\/title>\n<meta name=\"robots\" content=\"index, follow, max-snippet:-1, max-image-preview:large, max-video-preview:-1\" \/>\n<link rel=\"canonical\" href=\"https:\/\/exaudi.org\/it\/facciamo-della-nostra-vita-nellamore-sentito-e-praticato-un-culto-gradito-a-dio\/\" \/>\n<meta property=\"og:locale\" content=\"it_IT\" \/>\n<meta property=\"og:type\" content=\"article\" \/>\n<meta property=\"og:title\" content=\"Facciamo della nostra vita, nell&#039;amore sentito e praticato, un culto gradito a Dio &#8211; Exaudi\" \/>\n<meta property=\"og:description\" content=\"Le parole del Papa all&#039;Angelus\" \/>\n<meta property=\"og:url\" content=\"https:\/\/exaudi.org\/it\/facciamo-della-nostra-vita-nellamore-sentito-e-praticato-un-culto-gradito-a-dio\/\" \/>\n<meta property=\"og:site_name\" content=\"Exaudi\" \/>\n<meta property=\"article:publisher\" content=\"https:\/\/www.facebook.com\/ExaudiNews\" \/>\n<meta property=\"article:author\" content=\"https:\/\/www.facebook.com\/ExaudiNotizie\/\" \/>\n<meta property=\"article:published_time\" content=\"2024-09-01T22:18:13+00:00\" \/>\n<meta property=\"og:image\" content=\"https:\/\/exaudi.org\/wp-content\/uploads\/2023\/06\/cq5dam.web_.800.800-13.jpeg\" \/>\n\t<meta property=\"og:image:width\" content=\"800\" \/>\n\t<meta property=\"og:image:height\" content=\"533\" \/>\n\t<meta property=\"og:image:type\" content=\"image\/jpeg\" \/>\n<meta name=\"author\" content=\"Exaudi Redazione\" \/>\n<meta name=\"twitter:card\" content=\"summary_large_image\" \/>\n<meta name=\"twitter:creator\" content=\"@Exaudi_Notizie\" \/>\n<meta name=\"twitter:site\" content=\"@Exaudi_News\" \/>\n<meta name=\"twitter:label1\" content=\"Scritto da\" \/>\n\t<meta name=\"twitter:data1\" content=\"Exaudi Redazione\" \/>\n\t<meta name=\"twitter:label2\" content=\"Tempo di lettura stimato\" \/>\n\t<meta name=\"twitter:data2\" content=\"5 minuti\" \/>\n<script type=\"application\/ld+json\" class=\"yoast-schema-graph\">{\"@context\":\"https:\\\/\\\/schema.org\",\"@graph\":[{\"@type\":\"Article\",\"@id\":\"https:\\\/\\\/exaudi.org\\\/it\\\/facciamo-della-nostra-vita-nellamore-sentito-e-praticato-un-culto-gradito-a-dio\\\/#article\",\"isPartOf\":{\"@id\":\"https:\\\/\\\/exaudi.org\\\/it\\\/facciamo-della-nostra-vita-nellamore-sentito-e-praticato-un-culto-gradito-a-dio\\\/\"},\"author\":{\"name\":\"Exaudi Redazione\",\"@id\":\"https:\\\/\\\/exaudi.org\\\/#\\\/schema\\\/person\\\/e1ab6ed07c01774724dd96f925f3a5f0\"},\"headline\":\"Facciamo della nostra vita, nell&#8217;amore sentito e praticato, un culto gradito a Dio\",\"datePublished\":\"2024-09-01T22:18:13+00:00\",\"mainEntityOfPage\":{\"@id\":\"https:\\\/\\\/exaudi.org\\\/it\\\/facciamo-della-nostra-vita-nellamore-sentito-e-praticato-un-culto-gradito-a-dio\\\/\"},\"wordCount\":1008,\"image\":{\"@id\":\"https:\\\/\\\/exaudi.org\\\/it\\\/facciamo-della-nostra-vita-nellamore-sentito-e-praticato-un-culto-gradito-a-dio\\\/#primaryimage\"},\"thumbnailUrl\":\"https:\\\/\\\/exaudi.org\\\/wp-content\\\/uploads\\\/2023\\\/06\\\/cq5dam.web_.800.800-13.jpeg\",\"keywords\":[\"Angelus 1 settembre 2024\",\"Featured\"],\"articleSection\":[\"Angelus\",\"Leone XIV\"],\"inLanguage\":\"it-IT\"},{\"@type\":\"WebPage\",\"@id\":\"https:\\\/\\\/exaudi.org\\\/it\\\/facciamo-della-nostra-vita-nellamore-sentito-e-praticato-un-culto-gradito-a-dio\\\/\",\"url\":\"https:\\\/\\\/exaudi.org\\\/it\\\/facciamo-della-nostra-vita-nellamore-sentito-e-praticato-un-culto-gradito-a-dio\\\/\",\"name\":\"Facciamo della nostra vita, nell'amore sentito e praticato, un culto gradito a Dio &#8211; Exaudi\",\"isPartOf\":{\"@id\":\"https:\\\/\\\/exaudi.org\\\/#website\"},\"primaryImageOfPage\":{\"@id\":\"https:\\\/\\\/exaudi.org\\\/it\\\/facciamo-della-nostra-vita-nellamore-sentito-e-praticato-un-culto-gradito-a-dio\\\/#primaryimage\"},\"image\":{\"@id\":\"https:\\\/\\\/exaudi.org\\\/it\\\/facciamo-della-nostra-vita-nellamore-sentito-e-praticato-un-culto-gradito-a-dio\\\/#primaryimage\"},\"thumbnailUrl\":\"https:\\\/\\\/exaudi.org\\\/wp-content\\\/uploads\\\/2023\\\/06\\\/cq5dam.web_.800.800-13.jpeg\",\"datePublished\":\"2024-09-01T22:18:13+00:00\",\"author\":{\"@id\":\"https:\\\/\\\/exaudi.org\\\/#\\\/schema\\\/person\\\/e1ab6ed07c01774724dd96f925f3a5f0\"},\"breadcrumb\":{\"@id\":\"https:\\\/\\\/exaudi.org\\\/it\\\/facciamo-della-nostra-vita-nellamore-sentito-e-praticato-un-culto-gradito-a-dio\\\/#breadcrumb\"},\"inLanguage\":\"it-IT\",\"potentialAction\":[{\"@type\":\"ReadAction\",\"target\":[\"https:\\\/\\\/exaudi.org\\\/it\\\/facciamo-della-nostra-vita-nellamore-sentito-e-praticato-un-culto-gradito-a-dio\\\/\"]}]},{\"@type\":\"ImageObject\",\"inLanguage\":\"it-IT\",\"@id\":\"https:\\\/\\\/exaudi.org\\\/it\\\/facciamo-della-nostra-vita-nellamore-sentito-e-praticato-un-culto-gradito-a-dio\\\/#primaryimage\",\"url\":\"https:\\\/\\\/exaudi.org\\\/wp-content\\\/uploads\\\/2023\\\/06\\\/cq5dam.web_.800.800-13.jpeg\",\"contentUrl\":\"https:\\\/\\\/exaudi.org\\\/wp-content\\\/uploads\\\/2023\\\/06\\\/cq5dam.web_.800.800-13.jpeg\",\"width\":800,\"height\":533,\"caption\":\"Vatican Media\"},{\"@type\":\"BreadcrumbList\",\"@id\":\"https:\\\/\\\/exaudi.org\\\/it\\\/facciamo-della-nostra-vita-nellamore-sentito-e-praticato-un-culto-gradito-a-dio\\\/#breadcrumb\",\"itemListElement\":[{\"@type\":\"ListItem\",\"position\":1,\"name\":\"Portada\",\"item\":\"https:\\\/\\\/exaudi.org\\\/it\\\/\"},{\"@type\":\"ListItem\",\"position\":2,\"name\":\"Facciamo della nostra vita, nell&#8217;amore sentito e praticato, un culto gradito a Dio\"}]},{\"@type\":\"WebSite\",\"@id\":\"https:\\\/\\\/exaudi.org\\\/#website\",\"url\":\"https:\\\/\\\/exaudi.org\\\/\",\"name\":\"Exaudi\",\"description\":\"News\",\"potentialAction\":[{\"@type\":\"SearchAction\",\"target\":{\"@type\":\"EntryPoint\",\"urlTemplate\":\"https:\\\/\\\/exaudi.org\\\/?s={search_term_string}\"},\"query-input\":{\"@type\":\"PropertyValueSpecification\",\"valueRequired\":true,\"valueName\":\"search_term_string\"}}],\"inLanguage\":\"it-IT\"},{\"@type\":\"Person\",\"@id\":\"https:\\\/\\\/exaudi.org\\\/#\\\/schema\\\/person\\\/e1ab6ed07c01774724dd96f925f3a5f0\",\"name\":\"Exaudi Redazione\",\"image\":{\"@type\":\"ImageObject\",\"inLanguage\":\"it-IT\",\"@id\":\"https:\\\/\\\/secure.gravatar.com\\\/avatar\\\/ad6774b3ada023bf5b939d64f45c94b3adf91502dd883507d469b4308a943bb3?s=96&d=mm&r=g\",\"url\":\"https:\\\/\\\/secure.gravatar.com\\\/avatar\\\/ad6774b3ada023bf5b939d64f45c94b3adf91502dd883507d469b4308a943bb3?s=96&d=mm&r=g\",\"contentUrl\":\"https:\\\/\\\/secure.gravatar.com\\\/avatar\\\/ad6774b3ada023bf5b939d64f45c94b3adf91502dd883507d469b4308a943bb3?s=96&d=mm&r=g\",\"caption\":\"Exaudi Redazione\"},\"description\":\"Che cosa \u00e8 Exaudi News? Exaudi News \u00e8 un agenzia cattolica internazionale che informa, istruisce e trasforma quotidianamente in spagnolo, inglese e italiano. Attraverso notizie, articoli di analisi e trasmissioni in diretta degli eventi del Papa, Exaudi cerca di rafforzare l'unit\u00e0 dei cristiani e di contribuire all'evangelizzazione del mondo, sempre guidato dalla dottrina sociale della Chiesa. Lavoriamo per portare la verit\u00e0 e i valori cristiani in ogni angolo del pianeta. Aiutaci a trasformare il mondo con Exaudi! Noi di Exaudi crediamo che l'evangelizzazione e l'informazione di qualit\u00e0 possano cambiare la vita. Per continuare la nostra missione ed espandere la nostra portata, abbiamo bisogno del tuo aiuto. Stiamo anche cercando persone motivate che vogliano unirsi al nostro team. Grazie al vostro sostegno raggiungeremo pi\u00f9 persone, diffonderemo il messaggio di Cristo e rafforzeremo l'unit\u00e0 dei cristiani. Vuoi unirti alla nostra missione? Per maggiori informazioni su come contribuire, visita Exaudi.org\\\/it o contattaci direttamente: info@exaudi.org Exaudi: informa, forma e trasforma.\",\"sameAs\":[\"https:\\\/\\\/www.facebook.com\\\/ExaudiNotizie\\\/\",\"https:\\\/\\\/www.instagram.com\\\/Exaudi_notizie\\\/\",\"https:\\\/\\\/x.com\\\/Exaudi_Notizie\",\"https:\\\/\\\/www.youtube.com\\\/@exaudicatholicnews\"],\"url\":\"https:\\\/\\\/exaudi.org\\\/it\\\/author\\\/dlvedi-org\\\/\"}]}<\/script>\n<!-- \/ Yoast SEO plugin. -->","yoast_head_json":{"title":"Facciamo della nostra vita, nell'amore sentito e praticato, un culto gradito a Dio &#8211; Exaudi","robots":{"index":"index","follow":"follow","max-snippet":"max-snippet:-1","max-image-preview":"max-image-preview:large","max-video-preview":"max-video-preview:-1"},"canonical":"https:\/\/exaudi.org\/it\/facciamo-della-nostra-vita-nellamore-sentito-e-praticato-un-culto-gradito-a-dio\/","og_locale":"it_IT","og_type":"article","og_title":"Facciamo della nostra vita, nell'amore sentito e praticato, un culto gradito a Dio &#8211; Exaudi","og_description":"Le parole del Papa all'Angelus","og_url":"https:\/\/exaudi.org\/it\/facciamo-della-nostra-vita-nellamore-sentito-e-praticato-un-culto-gradito-a-dio\/","og_site_name":"Exaudi","article_publisher":"https:\/\/www.facebook.com\/ExaudiNews","article_author":"https:\/\/www.facebook.com\/ExaudiNotizie\/","article_published_time":"2024-09-01T22:18:13+00:00","og_image":[{"width":800,"height":533,"url":"https:\/\/exaudi.org\/wp-content\/uploads\/2023\/06\/cq5dam.web_.800.800-13.jpeg","type":"image\/jpeg"}],"author":"Exaudi Redazione","twitter_card":"summary_large_image","twitter_creator":"@Exaudi_Notizie","twitter_site":"@Exaudi_News","twitter_misc":{"Scritto da":"Exaudi Redazione","Tempo di lettura stimato":"5 minuti"},"schema":{"@context":"https:\/\/schema.org","@graph":[{"@type":"Article","@id":"https:\/\/exaudi.org\/it\/facciamo-della-nostra-vita-nellamore-sentito-e-praticato-un-culto-gradito-a-dio\/#article","isPartOf":{"@id":"https:\/\/exaudi.org\/it\/facciamo-della-nostra-vita-nellamore-sentito-e-praticato-un-culto-gradito-a-dio\/"},"author":{"name":"Exaudi Redazione","@id":"https:\/\/exaudi.org\/#\/schema\/person\/e1ab6ed07c01774724dd96f925f3a5f0"},"headline":"Facciamo della nostra vita, nell&#8217;amore sentito e praticato, un culto gradito a Dio","datePublished":"2024-09-01T22:18:13+00:00","mainEntityOfPage":{"@id":"https:\/\/exaudi.org\/it\/facciamo-della-nostra-vita-nellamore-sentito-e-praticato-un-culto-gradito-a-dio\/"},"wordCount":1008,"image":{"@id":"https:\/\/exaudi.org\/it\/facciamo-della-nostra-vita-nellamore-sentito-e-praticato-un-culto-gradito-a-dio\/#primaryimage"},"thumbnailUrl":"https:\/\/exaudi.org\/wp-content\/uploads\/2023\/06\/cq5dam.web_.800.800-13.jpeg","keywords":["Angelus 1 settembre 2024","Featured"],"articleSection":["Angelus","Leone XIV"],"inLanguage":"it-IT"},{"@type":"WebPage","@id":"https:\/\/exaudi.org\/it\/facciamo-della-nostra-vita-nellamore-sentito-e-praticato-un-culto-gradito-a-dio\/","url":"https:\/\/exaudi.org\/it\/facciamo-della-nostra-vita-nellamore-sentito-e-praticato-un-culto-gradito-a-dio\/","name":"Facciamo della nostra vita, nell'amore sentito e praticato, un culto gradito a Dio &#8211; Exaudi","isPartOf":{"@id":"https:\/\/exaudi.org\/#website"},"primaryImageOfPage":{"@id":"https:\/\/exaudi.org\/it\/facciamo-della-nostra-vita-nellamore-sentito-e-praticato-un-culto-gradito-a-dio\/#primaryimage"},"image":{"@id":"https:\/\/exaudi.org\/it\/facciamo-della-nostra-vita-nellamore-sentito-e-praticato-un-culto-gradito-a-dio\/#primaryimage"},"thumbnailUrl":"https:\/\/exaudi.org\/wp-content\/uploads\/2023\/06\/cq5dam.web_.800.800-13.jpeg","datePublished":"2024-09-01T22:18:13+00:00","author":{"@id":"https:\/\/exaudi.org\/#\/schema\/person\/e1ab6ed07c01774724dd96f925f3a5f0"},"breadcrumb":{"@id":"https:\/\/exaudi.org\/it\/facciamo-della-nostra-vita-nellamore-sentito-e-praticato-un-culto-gradito-a-dio\/#breadcrumb"},"inLanguage":"it-IT","potentialAction":[{"@type":"ReadAction","target":["https:\/\/exaudi.org\/it\/facciamo-della-nostra-vita-nellamore-sentito-e-praticato-un-culto-gradito-a-dio\/"]}]},{"@type":"ImageObject","inLanguage":"it-IT","@id":"https:\/\/exaudi.org\/it\/facciamo-della-nostra-vita-nellamore-sentito-e-praticato-un-culto-gradito-a-dio\/#primaryimage","url":"https:\/\/exaudi.org\/wp-content\/uploads\/2023\/06\/cq5dam.web_.800.800-13.jpeg","contentUrl":"https:\/\/exaudi.org\/wp-content\/uploads\/2023\/06\/cq5dam.web_.800.800-13.jpeg","width":800,"height":533,"caption":"Vatican Media"},{"@type":"BreadcrumbList","@id":"https:\/\/exaudi.org\/it\/facciamo-della-nostra-vita-nellamore-sentito-e-praticato-un-culto-gradito-a-dio\/#breadcrumb","itemListElement":[{"@type":"ListItem","position":1,"name":"Portada","item":"https:\/\/exaudi.org\/it\/"},{"@type":"ListItem","position":2,"name":"Facciamo della nostra vita, nell&#8217;amore sentito e praticato, un culto gradito a Dio"}]},{"@type":"WebSite","@id":"https:\/\/exaudi.org\/#website","url":"https:\/\/exaudi.org\/","name":"Exaudi","description":"News","potentialAction":[{"@type":"SearchAction","target":{"@type":"EntryPoint","urlTemplate":"https:\/\/exaudi.org\/?s={search_term_string}"},"query-input":{"@type":"PropertyValueSpecification","valueRequired":true,"valueName":"search_term_string"}}],"inLanguage":"it-IT"},{"@type":"Person","@id":"https:\/\/exaudi.org\/#\/schema\/person\/e1ab6ed07c01774724dd96f925f3a5f0","name":"Exaudi Redazione","image":{"@type":"ImageObject","inLanguage":"it-IT","@id":"https:\/\/secure.gravatar.com\/avatar\/ad6774b3ada023bf5b939d64f45c94b3adf91502dd883507d469b4308a943bb3?s=96&d=mm&r=g","url":"https:\/\/secure.gravatar.com\/avatar\/ad6774b3ada023bf5b939d64f45c94b3adf91502dd883507d469b4308a943bb3?s=96&d=mm&r=g","contentUrl":"https:\/\/secure.gravatar.com\/avatar\/ad6774b3ada023bf5b939d64f45c94b3adf91502dd883507d469b4308a943bb3?s=96&d=mm&r=g","caption":"Exaudi Redazione"},"description":"Che cosa \u00e8 Exaudi News? Exaudi News \u00e8 un agenzia cattolica internazionale che informa, istruisce e trasforma quotidianamente in spagnolo, inglese e italiano. Attraverso notizie, articoli di analisi e trasmissioni in diretta degli eventi del Papa, Exaudi cerca di rafforzare l'unit\u00e0 dei cristiani e di contribuire all'evangelizzazione del mondo, sempre guidato dalla dottrina sociale della Chiesa. Lavoriamo per portare la verit\u00e0 e i valori cristiani in ogni angolo del pianeta. Aiutaci a trasformare il mondo con Exaudi! Noi di Exaudi crediamo che l'evangelizzazione e l'informazione di qualit\u00e0 possano cambiare la vita. Per continuare la nostra missione ed espandere la nostra portata, abbiamo bisogno del tuo aiuto. Stiamo anche cercando persone motivate che vogliano unirsi al nostro team. Grazie al vostro sostegno raggiungeremo pi\u00f9 persone, diffonderemo il messaggio di Cristo e rafforzeremo l'unit\u00e0 dei cristiani. Vuoi unirti alla nostra missione? Per maggiori informazioni su come contribuire, visita Exaudi.org\/it o contattaci direttamente: info@exaudi.org Exaudi: informa, forma e trasforma.","sameAs":["https:\/\/www.facebook.com\/ExaudiNotizie\/","https:\/\/www.instagram.com\/Exaudi_notizie\/","https:\/\/x.com\/Exaudi_Notizie","https:\/\/www.youtube.com\/@exaudicatholicnews"],"url":"https:\/\/exaudi.org\/it\/author\/dlvedi-org\/"}]}},"jetpack_featured_media_url":"https:\/\/exaudi.org\/wp-content\/uploads\/2023\/06\/cq5dam.web_.800.800-13.jpeg","jetpack_shortlink":"https:\/\/wp.me\/pgKjF2-rTT","_links":{"self":[{"href":"https:\/\/exaudi.org\/it\/wp-json\/wp\/v2\/posts\/107253","targetHints":{"allow":["GET"]}}],"collection":[{"href":"https:\/\/exaudi.org\/it\/wp-json\/wp\/v2\/posts"}],"about":[{"href":"https:\/\/exaudi.org\/it\/wp-json\/wp\/v2\/types\/post"}],"author":[{"embeddable":true,"href":"https:\/\/exaudi.org\/it\/wp-json\/wp\/v2\/users\/17"}],"replies":[{"embeddable":true,"href":"https:\/\/exaudi.org\/it\/wp-json\/wp\/v2\/comments?post=107253"}],"version-history":[{"count":0,"href":"https:\/\/exaudi.org\/it\/wp-json\/wp\/v2\/posts\/107253\/revisions"}],"wp:featuredmedia":[{"embeddable":true,"href":"https:\/\/exaudi.org\/it\/wp-json\/wp\/v2\/media\/79215"}],"wp:attachment":[{"href":"https:\/\/exaudi.org\/it\/wp-json\/wp\/v2\/media?parent=107253"}],"wp:term":[{"taxonomy":"category","embeddable":true,"href":"https:\/\/exaudi.org\/it\/wp-json\/wp\/v2\/categories?post=107253"},{"taxonomy":"post_tag","embeddable":true,"href":"https:\/\/exaudi.org\/it\/wp-json\/wp\/v2\/tags?post=107253"}],"curies":[{"name":"wp","href":"https:\/\/api.w.org\/{rel}","templated":true}]}}