{"id":107015,"date":"2024-08-28T16:28:11","date_gmt":"2024-08-28T14:28:11","guid":{"rendered":"https:\/\/exaudi.org\/?p=107015"},"modified":"2024-08-29T17:10:18","modified_gmt":"2024-08-29T15:10:18","slug":"dimas-kusuma-seminarista-indonesiano-racconta-come-sua-madre-musulmana-si-e-convertita-al-cattolicesimo","status":"publish","type":"post","link":"https:\/\/exaudi.org\/it\/dimas-kusuma-seminarista-indonesiano-racconta-come-sua-madre-musulmana-si-e-convertita-al-cattolicesimo\/","title":{"rendered":"Dimas Kusuma, seminarista indonesiano, racconta come sua madre musulmana si \u00e8 convertita al cattolicesimo"},"content":{"rendered":"<p>&#8220;Mi chiamo Dimas, come il buon ladrone&#8221;, dice con quel sorriso che caratterizza molti asiatici. Ci racconta la sua vita e come sua madre, musulmana, si \u00e8 convertita al cattolicesimo.<\/p>\n<p>Dimas Kusuma Wijaya \u00e8 un giovane seminarista indonesiano che studia a Pamplona presso l&#8217;Universit\u00e0 di Navarra e risiede e si forma presso il Seminario Internazionale di Bidasoa. Ci accoglie con un sorriso mentre facciamo un&#8217;intervista sulla sua vita, sulla sua famiglia e sulla sua chiamata alla vocazione.<\/p>\n<h3><strong>Seminarista in una famiglia di tredici fratelli musulmani<\/strong><\/h3>\n<p>&#8220;L&#8217;Indonesia \u00e8 uno dei paesi al mondo con il maggior numero di musulmani. Mia madre proviene da una numerosa famiglia musulmana, i suoi genitori e tredici fratelli. Quando ha incontrato mio padre, ha sentito la chiamata a convertirsi al cristianesimo\u201d, dice Dimas.<\/p>\n<p><img loading=\"lazy\" decoding=\"async\" class=\"size-medium wp-image-106971 alignleft\" src=\"https:\/\/exaudi.org\/wp-content\/uploads\/2024\/08\/seminarista-indonesia-familia-dimas-300x233.jpg\" alt=\"\" width=\"300\" height=\"233\" srcset=\"https:\/\/exaudi.org\/wp-content\/uploads\/2024\/08\/seminarista-indonesia-familia-dimas-300x233.jpg 300w, https:\/\/exaudi.org\/wp-content\/uploads\/2024\/08\/seminarista-indonesia-familia-dimas-770x597.jpg 770w, https:\/\/exaudi.org\/wp-content\/uploads\/2024\/08\/seminarista-indonesia-familia-dimas-500x388.jpg 500w, https:\/\/exaudi.org\/wp-content\/uploads\/2024\/08\/seminarista-indonesia-familia-dimas-293x227.jpg 293w, https:\/\/exaudi.org\/wp-content\/uploads\/2024\/08\/seminarista-indonesia-familia-dimas-390x302.jpg 390w, https:\/\/exaudi.org\/wp-content\/uploads\/2024\/08\/seminarista-indonesia-familia-dimas.jpg 800w\" sizes=\"auto, (max-width: 300px) 100vw, 300px\" \/>Durante il corteggiamento, suo padre le spieg\u00f2 come i cristiani vivono la fede cattolica. &#8220;Mia madre era chiaramente molto emozionata. D&#8217;altra parte, quando mia madre parlava con suo padre, mio \u200b\u200bnonno, le ha detto una cosa molto carina: &#8220;se hai conosciuto un&#8217;altra religione che \u00e8 buona, devi approfondirla&#8221;. \u201cMio nonno ha sostenuto e rispettato mia madre\u201d, dice questo seminarista indonesiano.<\/p>\n<h3><strong>All&#8217;et\u00e0 di 8 anni, dopo aver sposato suo padre<\/strong><\/h3>\n<p>Nel 2000, otto anni dopo aver sposato suo padre, sua madre si convert\u00ec al cristianesimo. &#8220;Fu un grande momento, un grande impatto nella sua vita, perch\u00e9 da quel momento in poi, ormai cattolica, si sforz\u00f2 di vivere da buona cristiana. Ero molto felice e felice. E sentiva veramente che questa religione \u00e8 quella vera. Perch\u00e9 alla fine, l\u2019incontro con Ges\u00f9, il Figlio di Dio, ha cambiato la sua vita e il suo modo di vedere la vita e la famiglia&#8221;, dice Dimas.<\/p>\n<p>Spiega anche che gli ci sono voluti otto anni per convertirsi perch\u00e9 i suoi genitori lavoravano da un posto all&#8217;altro e non avevano una casa permanente. Questa fu una difficolt\u00e0 per stabilirsi in una parrocchia e per sua madre ricevere il catechismo e la formazione dottrinale.<\/p>\n<h3><strong>&#8220;La fede di mia madre \u00e8 stata tutto per me&#8221;<\/strong><\/h3>\n<p>Emozionato, Dimas dice che la fede di sua madre gli ha insegnato tutto. &#8220;Il suo modo di vivere in un Paese come l&#8217;Indonesia, e il suo esempio nel modo in cui professava la fede, sono stati il \u200b\u200bseme che ha acceso la mia vocazione al sacerdozio. Mi ha insegnato a pregare ogni mattina e ogni sera. Mi ha portato in Chiesa e mi ha sempre mostrato come dovrebbe vivere un cristiano e come affrontare le sfide. La fede di mia madre \u00e8 stata tutto per me. Una fede cos\u00ec viva e reale che mi ha insegnato tutto.<\/p>\n<p>Ora sua madre \u00e8 molto felice di avere un figlio sulla strada del sacerdozio. Inoltre, tutta la famiglia di sua madre, che \u00e8 musulmana, con grande rispetto reciproco, lo sostiene nella sua vocazione di sacerdote cattolico.<\/p>\n<h3><strong>Nella sua preadolescenza voleva cambiare vita<\/strong><\/h3>\n<p>Ma ha attraversato anche una preadolescenza un po\u2019 ribelle. &#8220;Quando ero adolescente volevo cambiare vita. Non avevo voglia di studiare, solo di divertirmi. Insomma, ho fatto quello che volevo. E per cambiare tutto ci\u00f2, ho pensato che la strada migliore fosse entrare nel seminario minore, un luogo dove mi avrebbero aiutato a diventare migliore. Ma, naturalmente, alla fine Dio non ha cambiato solo la mia vita, ma anche la mia vocazione&#8221;, dice impressionato.<\/p>\n<p>Ricorda il momento pi\u00f9 intenso della sua chiamata, un giorno in cui davanti al Santissimo Sacramento ha provato una pace enorme, una gioia grandissima quando ha sperimentato che Dio gli chiedeva di donarsi agli altri. Alla fine, ha sentito come Dio lo ha chiamato.<\/p>\n<p>&#8220;Ho sentito una voce che mi diceva: Dimas, guarda, c&#8217;\u00e8 gente che ha bisogno di te, e ci saranno altre persone che avranno bisogno di te. Da quel momento in cui pregavo e sentivo che potevo aiutare gli altri, ho voluto diventare prete. &#8220;Voglio stare con Dio e voglio aiutare le persone bisognose in tutti i loro desideri.&#8221;<\/p>\n<h3><strong>Una facolt\u00e0 di teologia a Surabaya<\/strong><\/h3>\n<p>Cos\u00ec, all\u2019et\u00e0 di 15 anni, Dimas entr\u00f2 nel seminario minore. A 18 anni, nel seminario preparatorio. E, quando aveva 20 anni, il suo vescovo lo mand\u00f2 in Spagna, al Seminario Internazionale di Bidasoa, per prepararmi bene a diventare sacerdote nelle facolt\u00e0 ecclesiastiche dell&#8217;Universit\u00e0 di Navarra.<\/p>\n<p>&#8220;Ho appena terminato il mio primo corso di formazione. Ci\u00f2 che il mio vescovo vuole \u00e8 istituire la facolt\u00e0 di teologia a Surabaya, la mia diocesi, e per questo ogni due anni cerca di mandare seminaristi a studiare a Bidasoa&#8221;, spiega.<\/p>\n<h3><strong>Suo fratello minore \u00e8 dominicano<\/strong><\/h3>\n<p>Dimas ha un altro fratellino che \u00e8 seminarista dell&#8217;Ordo Predicatorum domenicano, studia filosofia a Manila, nelle Filippine. Ha anche due sorelle maggiori: una sposata che vive a Tokyo e la seconda sorella che insegna psicologia all&#8217;universit\u00e0 di Giakarta.<\/p>\n<p><img loading=\"lazy\" decoding=\"async\" class=\"size-medium wp-image-106974 alignright\" src=\"https:\/\/exaudi.org\/wp-content\/uploads\/2024\/08\/seminaristas-indonesia-familia-dimas-300x220.jpg\" alt=\"\" width=\"300\" height=\"220\" srcset=\"https:\/\/exaudi.org\/wp-content\/uploads\/2024\/08\/seminaristas-indonesia-familia-dimas-300x220.jpg 300w, https:\/\/exaudi.org\/wp-content\/uploads\/2024\/08\/seminaristas-indonesia-familia-dimas-770x563.jpg 770w, https:\/\/exaudi.org\/wp-content\/uploads\/2024\/08\/seminaristas-indonesia-familia-dimas-500x366.jpg 500w, https:\/\/exaudi.org\/wp-content\/uploads\/2024\/08\/seminaristas-indonesia-familia-dimas-293x214.jpg 293w, https:\/\/exaudi.org\/wp-content\/uploads\/2024\/08\/seminaristas-indonesia-familia-dimas-390x285.jpg 390w, https:\/\/exaudi.org\/wp-content\/uploads\/2024\/08\/seminaristas-indonesia-familia-dimas.jpg 820w\" sizes=\"auto, (max-width: 300px) 100vw, 300px\" \/>Indonesia, un paese con sei religioni principali<\/p>\n<p>Come vivono i cattolici in Indonesia, Paese a grande maggioranza musulmana? C&#8217;\u00e8 rispetto tra le confessioni?Dimas ci risponde: &#8220;Devo dire che in questo momento tra noi c&#8217;\u00e8 pi\u00f9 tolleranza, ma dipende da dove vivono i cristiani. Ci sono citt\u00e0 dove \u00e8 molto difficile costruire una parrocchia o una chiesa. Bisogna anche tenere conto del fatto che l&#8217;Indonesia \u00e8 molto plurale. Ci sono musulmani, cattolici, buddisti, ind\u00f9, seguaci del confucianesimo e cristiani protestanti. Sei grandi religioni che convivono in Indonesia.<\/p>\n<h3><strong>Le caratteristiche di un giovane prete<\/strong><\/h3>\n<p>\u00c8 consapevole che, quando torner\u00e0 nel suo Paese, una delle sfide che dovr\u00e0 affrontare sar\u00e0 la tolleranza e il rispetto tra le religioni. E in questo cammino, appena iniziato verso il sacerdozio, ritiene che una delle caratteristiche principali che deve avere un giovane sacerdote \u00e8 l&#8217;umilt\u00e0.<\/p>\n<p>&#8220;Un giovane prete \u00e8 come un bambino appena nato. Deve imparare molto nella sua vocazione sacerdotale. Bisogna saper ascoltare gli altri e soprattutto ascoltare Dio. Con l&#8217;umilt\u00e0 si pu\u00f2 vivere bene, perch\u00e9 non sar\u00e0 il suo ego e la sua ambizione a dirigerlo, ma sar\u00e0 Dio stesso a dirigerlo e ad accompagnarlo nella sua vita. Solo con umilt\u00e0 un sacerdote pu\u00f2 vivere molto bene la sua vocazione sacerdotale, perch\u00e9 allora sperimenter\u00e0 che in realt\u00e0 la forza di Dio lo accompagner\u00e0 in tutto il suo lavoro pastorale&#8221;, conclude questo giovane seminarista indonesiano.<\/p>\n","protected":false},"excerpt":{"rendered":"<p>Dimas Kusuma Wijaya, giovane seminarista indonesiano, della diocesi di Surabaya<\/p>\n","protected":false},"author":119,"featured_media":106967,"comment_status":"closed","ping_status":"closed","sticky":false,"template":"","format":"standard","meta":{"_acf_changed":false,"_crdt_document":"","inline_featured_image":false,"footnotes":""},"categories":[73,97],"tags":[11577,3356,2461,4952,22812],"class_list":["post-107015","post","type-post","status-publish","format-standard","has-post-thumbnail","hentry","category-chiesa-e-mondo","category-testimoni","tag-fondazione-carf","tag-sacerdote-it","tag-testimonianza","tag-trending-it","tag-vocation-2"],"acf":[],"yoast_head":"<!-- This site is optimized with the Yoast SEO plugin v27.5 - https:\/\/yoast.com\/product\/yoast-seo-wordpress\/ -->\n<title>Dimas Kusuma, seminarista indonesiano, racconta come sua madre musulmana si \u00e8 convertita al cattolicesimo &#8211; Exaudi<\/title>\n<meta name=\"robots\" content=\"index, follow, max-snippet:-1, max-image-preview:large, max-video-preview:-1\" \/>\n<link rel=\"canonical\" href=\"https:\/\/exaudi.org\/it\/dimas-kusuma-seminarista-indonesiano-racconta-come-sua-madre-musulmana-si-e-convertita-al-cattolicesimo\/\" \/>\n<meta property=\"og:locale\" content=\"it_IT\" \/>\n<meta property=\"og:type\" content=\"article\" \/>\n<meta property=\"og:title\" content=\"Dimas Kusuma, seminarista indonesiano, racconta come sua madre musulmana si \u00e8 convertita al cattolicesimo &#8211; Exaudi\" \/>\n<meta property=\"og:description\" content=\"Dimas Kusuma Wijaya, giovane seminarista indonesiano, della diocesi di Surabaya\" \/>\n<meta property=\"og:url\" content=\"https:\/\/exaudi.org\/it\/dimas-kusuma-seminarista-indonesiano-racconta-come-sua-madre-musulmana-si-e-convertita-al-cattolicesimo\/\" \/>\n<meta property=\"og:site_name\" content=\"Exaudi\" \/>\n<meta property=\"article:publisher\" content=\"https:\/\/www.facebook.com\/ExaudiNews\" \/>\n<meta property=\"article:author\" content=\"https:\/\/www.facebook.com\/fundacioncarf\/\" \/>\n<meta property=\"article:published_time\" content=\"2024-08-28T14:28:11+00:00\" \/>\n<meta property=\"article:modified_time\" content=\"2024-08-29T15:10:18+00:00\" \/>\n<meta property=\"og:image\" content=\"https:\/\/exaudi.org\/wp-content\/uploads\/2024\/08\/dimas-seminarista-indonesia-e1724855257211.jpg\" \/>\n\t<meta property=\"og:image:width\" content=\"800\" \/>\n\t<meta property=\"og:image:height\" content=\"620\" \/>\n\t<meta property=\"og:image:type\" content=\"image\/jpeg\" \/>\n<meta name=\"author\" content=\"Fundaci\u00f3n CARF\" \/>\n<meta name=\"twitter:card\" content=\"summary_large_image\" \/>\n<meta name=\"twitter:creator\" content=\"@https:\/\/x.com\/fundacioncarf\" \/>\n<meta name=\"twitter:site\" content=\"@Exaudi_News\" \/>\n<meta name=\"twitter:label1\" content=\"Scritto da\" \/>\n\t<meta name=\"twitter:data1\" content=\"Fundaci\u00f3n CARF\" \/>\n\t<meta name=\"twitter:label2\" content=\"Tempo di lettura stimato\" \/>\n\t<meta name=\"twitter:data2\" content=\"5 minuti\" \/>\n<script type=\"application\/ld+json\" class=\"yoast-schema-graph\">{\"@context\":\"https:\\\/\\\/schema.org\",\"@graph\":[{\"@type\":\"Article\",\"@id\":\"https:\\\/\\\/exaudi.org\\\/it\\\/dimas-kusuma-seminarista-indonesiano-racconta-come-sua-madre-musulmana-si-e-convertita-al-cattolicesimo\\\/#article\",\"isPartOf\":{\"@id\":\"https:\\\/\\\/exaudi.org\\\/it\\\/dimas-kusuma-seminarista-indonesiano-racconta-come-sua-madre-musulmana-si-e-convertita-al-cattolicesimo\\\/\"},\"author\":{\"name\":\"Fundaci\u00f3n CARF\",\"@id\":\"https:\\\/\\\/exaudi.org\\\/#\\\/schema\\\/person\\\/fab8261a088ccf38cb54b3c50baa7baf\"},\"headline\":\"Dimas Kusuma, seminarista indonesiano, racconta come sua madre musulmana si \u00e8 convertita al cattolicesimo\",\"datePublished\":\"2024-08-28T14:28:11+00:00\",\"dateModified\":\"2024-08-29T15:10:18+00:00\",\"mainEntityOfPage\":{\"@id\":\"https:\\\/\\\/exaudi.org\\\/it\\\/dimas-kusuma-seminarista-indonesiano-racconta-come-sua-madre-musulmana-si-e-convertita-al-cattolicesimo\\\/\"},\"wordCount\":1020,\"image\":{\"@id\":\"https:\\\/\\\/exaudi.org\\\/it\\\/dimas-kusuma-seminarista-indonesiano-racconta-come-sua-madre-musulmana-si-e-convertita-al-cattolicesimo\\\/#primaryimage\"},\"thumbnailUrl\":\"https:\\\/\\\/exaudi.org\\\/wp-content\\\/uploads\\\/2024\\\/08\\\/dimas-seminarista-indonesia-e1724855257211.jpg\",\"keywords\":[\"FONDAZIONE CARF\",\"Sacerdote\",\"testimonianza\",\"Trending\",\"Vocation\"],\"articleSection\":[\"Chiesa e Mondo\",\"Testimoni\"],\"inLanguage\":\"it-IT\"},{\"@type\":\"WebPage\",\"@id\":\"https:\\\/\\\/exaudi.org\\\/it\\\/dimas-kusuma-seminarista-indonesiano-racconta-come-sua-madre-musulmana-si-e-convertita-al-cattolicesimo\\\/\",\"url\":\"https:\\\/\\\/exaudi.org\\\/it\\\/dimas-kusuma-seminarista-indonesiano-racconta-come-sua-madre-musulmana-si-e-convertita-al-cattolicesimo\\\/\",\"name\":\"Dimas Kusuma, seminarista indonesiano, racconta come sua madre musulmana si \u00e8 convertita al cattolicesimo &#8211; Exaudi\",\"isPartOf\":{\"@id\":\"https:\\\/\\\/exaudi.org\\\/#website\"},\"primaryImageOfPage\":{\"@id\":\"https:\\\/\\\/exaudi.org\\\/it\\\/dimas-kusuma-seminarista-indonesiano-racconta-come-sua-madre-musulmana-si-e-convertita-al-cattolicesimo\\\/#primaryimage\"},\"image\":{\"@id\":\"https:\\\/\\\/exaudi.org\\\/it\\\/dimas-kusuma-seminarista-indonesiano-racconta-come-sua-madre-musulmana-si-e-convertita-al-cattolicesimo\\\/#primaryimage\"},\"thumbnailUrl\":\"https:\\\/\\\/exaudi.org\\\/wp-content\\\/uploads\\\/2024\\\/08\\\/dimas-seminarista-indonesia-e1724855257211.jpg\",\"datePublished\":\"2024-08-28T14:28:11+00:00\",\"dateModified\":\"2024-08-29T15:10:18+00:00\",\"author\":{\"@id\":\"https:\\\/\\\/exaudi.org\\\/#\\\/schema\\\/person\\\/fab8261a088ccf38cb54b3c50baa7baf\"},\"breadcrumb\":{\"@id\":\"https:\\\/\\\/exaudi.org\\\/it\\\/dimas-kusuma-seminarista-indonesiano-racconta-come-sua-madre-musulmana-si-e-convertita-al-cattolicesimo\\\/#breadcrumb\"},\"inLanguage\":\"it-IT\",\"potentialAction\":[{\"@type\":\"ReadAction\",\"target\":[\"https:\\\/\\\/exaudi.org\\\/it\\\/dimas-kusuma-seminarista-indonesiano-racconta-come-sua-madre-musulmana-si-e-convertita-al-cattolicesimo\\\/\"]}]},{\"@type\":\"ImageObject\",\"inLanguage\":\"it-IT\",\"@id\":\"https:\\\/\\\/exaudi.org\\\/it\\\/dimas-kusuma-seminarista-indonesiano-racconta-come-sua-madre-musulmana-si-e-convertita-al-cattolicesimo\\\/#primaryimage\",\"url\":\"https:\\\/\\\/exaudi.org\\\/wp-content\\\/uploads\\\/2024\\\/08\\\/dimas-seminarista-indonesia-e1724855257211.jpg\",\"contentUrl\":\"https:\\\/\\\/exaudi.org\\\/wp-content\\\/uploads\\\/2024\\\/08\\\/dimas-seminarista-indonesia-e1724855257211.jpg\",\"width\":800,\"height\":620},{\"@type\":\"BreadcrumbList\",\"@id\":\"https:\\\/\\\/exaudi.org\\\/it\\\/dimas-kusuma-seminarista-indonesiano-racconta-come-sua-madre-musulmana-si-e-convertita-al-cattolicesimo\\\/#breadcrumb\",\"itemListElement\":[{\"@type\":\"ListItem\",\"position\":1,\"name\":\"Portada\",\"item\":\"https:\\\/\\\/exaudi.org\\\/it\\\/\"},{\"@type\":\"ListItem\",\"position\":2,\"name\":\"Dimas Kusuma, seminarista indonesiano, racconta come sua madre musulmana si \u00e8 convertita al cattolicesimo\"}]},{\"@type\":\"WebSite\",\"@id\":\"https:\\\/\\\/exaudi.org\\\/#website\",\"url\":\"https:\\\/\\\/exaudi.org\\\/\",\"name\":\"Exaudi\",\"description\":\"News\",\"potentialAction\":[{\"@type\":\"SearchAction\",\"target\":{\"@type\":\"EntryPoint\",\"urlTemplate\":\"https:\\\/\\\/exaudi.org\\\/?s={search_term_string}\"},\"query-input\":{\"@type\":\"PropertyValueSpecification\",\"valueRequired\":true,\"valueName\":\"search_term_string\"}}],\"inLanguage\":\"it-IT\"},{\"@type\":\"Person\",\"@id\":\"https:\\\/\\\/exaudi.org\\\/#\\\/schema\\\/person\\\/fab8261a088ccf38cb54b3c50baa7baf\",\"name\":\"Fundaci\u00f3n CARF\",\"image\":{\"@type\":\"ImageObject\",\"inLanguage\":\"it-IT\",\"@id\":\"https:\\\/\\\/secure.gravatar.com\\\/avatar\\\/ab292d3529973c0d1cf4cda9208c6a8a7ee52923f0a291c39104715fa46aae4b?s=96&d=mm&r=g\",\"url\":\"https:\\\/\\\/secure.gravatar.com\\\/avatar\\\/ab292d3529973c0d1cf4cda9208c6a8a7ee52923f0a291c39104715fa46aae4b?s=96&d=mm&r=g\",\"contentUrl\":\"https:\\\/\\\/secure.gravatar.com\\\/avatar\\\/ab292d3529973c0d1cf4cda9208c6a8a7ee52923f0a291c39104715fa46aae4b?s=96&d=mm&r=g\",\"caption\":\"Fundaci\u00f3n CARF\"},\"description\":\"Trabajamos para llevar la sonrisa de Dios a todos los rincones del mundo a trav\u00e9s de los sacerdotes y ayudando a su formaci\u00f3n. Gracias a nuestros benefactores, ayudamos a la formaci\u00f3n de los sacerdotes, difundimos su buen nombre y rezamos por su fidelidad y las vocaciones. Trabajamos para servir a la Iglesia y que ninguna vocaci\u00f3n se pierda y luego ellos puedan transmitir en su labor pastoral toda la luz, ciencia y doctrina recibida. Acad\u00e9mico Las licenciaturas, programas de especializacio\u0301n o doctorados, otorgan a cada candidato una formaci\u00f3n espec\u00edfica en Teologi\u0301a, Filosofi\u0301a, Derecho Cano\u0301nico o Comunicacio\u0301n Social Institucional. Espiritual Los seminaristas y sacerdotes complementan su formacio\u0301n acade\u0301mica y humana con la espiritual, ya que deben estar preparados para seguir su vocaci\u00f3n y prestar su cuerpo y su espi\u0301ritu al Sen\u0303or. Humano A trave\u0301s del ambiente de familia y de preparaci\u00f3n, se consigue el desarrollo de actitudes, capacidades y valores que impactan en el crecimiento personal y social de los sacerdotes.\",\"sameAs\":[\"https:\\\/\\\/fundacioncarf.org\\\/\",\"https:\\\/\\\/www.facebook.com\\\/fundacioncarf\\\/\",\"https:\\\/\\\/www.instagram.com\\\/fundacioncarf\\\/\",\"https:\\\/\\\/www.linkedin.com\\\/company\\\/fundacioncarf\\\/posts\\\/?feedView=all\",\"https:\\\/\\\/x.com\\\/https:\\\/\\\/x.com\\\/fundacioncarf\",\"https:\\\/\\\/www.youtube.com\\\/c\\\/fundacioncarf\"],\"url\":\"https:\\\/\\\/exaudi.org\\\/it\\\/author\\\/carf\\\/\"}]}<\/script>\n<!-- \/ Yoast SEO plugin. -->","yoast_head_json":{"title":"Dimas Kusuma, seminarista indonesiano, racconta come sua madre musulmana si \u00e8 convertita al cattolicesimo &#8211; Exaudi","robots":{"index":"index","follow":"follow","max-snippet":"max-snippet:-1","max-image-preview":"max-image-preview:large","max-video-preview":"max-video-preview:-1"},"canonical":"https:\/\/exaudi.org\/it\/dimas-kusuma-seminarista-indonesiano-racconta-come-sua-madre-musulmana-si-e-convertita-al-cattolicesimo\/","og_locale":"it_IT","og_type":"article","og_title":"Dimas Kusuma, seminarista indonesiano, racconta come sua madre musulmana si \u00e8 convertita al cattolicesimo &#8211; Exaudi","og_description":"Dimas Kusuma Wijaya, giovane seminarista indonesiano, della diocesi di Surabaya","og_url":"https:\/\/exaudi.org\/it\/dimas-kusuma-seminarista-indonesiano-racconta-come-sua-madre-musulmana-si-e-convertita-al-cattolicesimo\/","og_site_name":"Exaudi","article_publisher":"https:\/\/www.facebook.com\/ExaudiNews","article_author":"https:\/\/www.facebook.com\/fundacioncarf\/","article_published_time":"2024-08-28T14:28:11+00:00","article_modified_time":"2024-08-29T15:10:18+00:00","og_image":[{"width":800,"height":620,"url":"https:\/\/exaudi.org\/wp-content\/uploads\/2024\/08\/dimas-seminarista-indonesia-e1724855257211.jpg","type":"image\/jpeg"}],"author":"Fundaci\u00f3n CARF","twitter_card":"summary_large_image","twitter_creator":"@https:\/\/x.com\/fundacioncarf","twitter_site":"@Exaudi_News","twitter_misc":{"Scritto da":"Fundaci\u00f3n CARF","Tempo di lettura stimato":"5 minuti"},"schema":{"@context":"https:\/\/schema.org","@graph":[{"@type":"Article","@id":"https:\/\/exaudi.org\/it\/dimas-kusuma-seminarista-indonesiano-racconta-come-sua-madre-musulmana-si-e-convertita-al-cattolicesimo\/#article","isPartOf":{"@id":"https:\/\/exaudi.org\/it\/dimas-kusuma-seminarista-indonesiano-racconta-come-sua-madre-musulmana-si-e-convertita-al-cattolicesimo\/"},"author":{"name":"Fundaci\u00f3n CARF","@id":"https:\/\/exaudi.org\/#\/schema\/person\/fab8261a088ccf38cb54b3c50baa7baf"},"headline":"Dimas Kusuma, seminarista indonesiano, racconta come sua madre musulmana si \u00e8 convertita al cattolicesimo","datePublished":"2024-08-28T14:28:11+00:00","dateModified":"2024-08-29T15:10:18+00:00","mainEntityOfPage":{"@id":"https:\/\/exaudi.org\/it\/dimas-kusuma-seminarista-indonesiano-racconta-come-sua-madre-musulmana-si-e-convertita-al-cattolicesimo\/"},"wordCount":1020,"image":{"@id":"https:\/\/exaudi.org\/it\/dimas-kusuma-seminarista-indonesiano-racconta-come-sua-madre-musulmana-si-e-convertita-al-cattolicesimo\/#primaryimage"},"thumbnailUrl":"https:\/\/exaudi.org\/wp-content\/uploads\/2024\/08\/dimas-seminarista-indonesia-e1724855257211.jpg","keywords":["FONDAZIONE CARF","Sacerdote","testimonianza","Trending","Vocation"],"articleSection":["Chiesa e Mondo","Testimoni"],"inLanguage":"it-IT"},{"@type":"WebPage","@id":"https:\/\/exaudi.org\/it\/dimas-kusuma-seminarista-indonesiano-racconta-come-sua-madre-musulmana-si-e-convertita-al-cattolicesimo\/","url":"https:\/\/exaudi.org\/it\/dimas-kusuma-seminarista-indonesiano-racconta-come-sua-madre-musulmana-si-e-convertita-al-cattolicesimo\/","name":"Dimas Kusuma, seminarista indonesiano, racconta come sua madre musulmana si \u00e8 convertita al cattolicesimo &#8211; Exaudi","isPartOf":{"@id":"https:\/\/exaudi.org\/#website"},"primaryImageOfPage":{"@id":"https:\/\/exaudi.org\/it\/dimas-kusuma-seminarista-indonesiano-racconta-come-sua-madre-musulmana-si-e-convertita-al-cattolicesimo\/#primaryimage"},"image":{"@id":"https:\/\/exaudi.org\/it\/dimas-kusuma-seminarista-indonesiano-racconta-come-sua-madre-musulmana-si-e-convertita-al-cattolicesimo\/#primaryimage"},"thumbnailUrl":"https:\/\/exaudi.org\/wp-content\/uploads\/2024\/08\/dimas-seminarista-indonesia-e1724855257211.jpg","datePublished":"2024-08-28T14:28:11+00:00","dateModified":"2024-08-29T15:10:18+00:00","author":{"@id":"https:\/\/exaudi.org\/#\/schema\/person\/fab8261a088ccf38cb54b3c50baa7baf"},"breadcrumb":{"@id":"https:\/\/exaudi.org\/it\/dimas-kusuma-seminarista-indonesiano-racconta-come-sua-madre-musulmana-si-e-convertita-al-cattolicesimo\/#breadcrumb"},"inLanguage":"it-IT","potentialAction":[{"@type":"ReadAction","target":["https:\/\/exaudi.org\/it\/dimas-kusuma-seminarista-indonesiano-racconta-come-sua-madre-musulmana-si-e-convertita-al-cattolicesimo\/"]}]},{"@type":"ImageObject","inLanguage":"it-IT","@id":"https:\/\/exaudi.org\/it\/dimas-kusuma-seminarista-indonesiano-racconta-come-sua-madre-musulmana-si-e-convertita-al-cattolicesimo\/#primaryimage","url":"https:\/\/exaudi.org\/wp-content\/uploads\/2024\/08\/dimas-seminarista-indonesia-e1724855257211.jpg","contentUrl":"https:\/\/exaudi.org\/wp-content\/uploads\/2024\/08\/dimas-seminarista-indonesia-e1724855257211.jpg","width":800,"height":620},{"@type":"BreadcrumbList","@id":"https:\/\/exaudi.org\/it\/dimas-kusuma-seminarista-indonesiano-racconta-come-sua-madre-musulmana-si-e-convertita-al-cattolicesimo\/#breadcrumb","itemListElement":[{"@type":"ListItem","position":1,"name":"Portada","item":"https:\/\/exaudi.org\/it\/"},{"@type":"ListItem","position":2,"name":"Dimas Kusuma, seminarista indonesiano, racconta come sua madre musulmana si \u00e8 convertita al cattolicesimo"}]},{"@type":"WebSite","@id":"https:\/\/exaudi.org\/#website","url":"https:\/\/exaudi.org\/","name":"Exaudi","description":"News","potentialAction":[{"@type":"SearchAction","target":{"@type":"EntryPoint","urlTemplate":"https:\/\/exaudi.org\/?s={search_term_string}"},"query-input":{"@type":"PropertyValueSpecification","valueRequired":true,"valueName":"search_term_string"}}],"inLanguage":"it-IT"},{"@type":"Person","@id":"https:\/\/exaudi.org\/#\/schema\/person\/fab8261a088ccf38cb54b3c50baa7baf","name":"Fundaci\u00f3n CARF","image":{"@type":"ImageObject","inLanguage":"it-IT","@id":"https:\/\/secure.gravatar.com\/avatar\/ab292d3529973c0d1cf4cda9208c6a8a7ee52923f0a291c39104715fa46aae4b?s=96&d=mm&r=g","url":"https:\/\/secure.gravatar.com\/avatar\/ab292d3529973c0d1cf4cda9208c6a8a7ee52923f0a291c39104715fa46aae4b?s=96&d=mm&r=g","contentUrl":"https:\/\/secure.gravatar.com\/avatar\/ab292d3529973c0d1cf4cda9208c6a8a7ee52923f0a291c39104715fa46aae4b?s=96&d=mm&r=g","caption":"Fundaci\u00f3n CARF"},"description":"Trabajamos para llevar la sonrisa de Dios a todos los rincones del mundo a trav\u00e9s de los sacerdotes y ayudando a su formaci\u00f3n. Gracias a nuestros benefactores, ayudamos a la formaci\u00f3n de los sacerdotes, difundimos su buen nombre y rezamos por su fidelidad y las vocaciones. Trabajamos para servir a la Iglesia y que ninguna vocaci\u00f3n se pierda y luego ellos puedan transmitir en su labor pastoral toda la luz, ciencia y doctrina recibida. Acad\u00e9mico Las licenciaturas, programas de especializacio\u0301n o doctorados, otorgan a cada candidato una formaci\u00f3n espec\u00edfica en Teologi\u0301a, Filosofi\u0301a, Derecho Cano\u0301nico o Comunicacio\u0301n Social Institucional. Espiritual Los seminaristas y sacerdotes complementan su formacio\u0301n acade\u0301mica y humana con la espiritual, ya que deben estar preparados para seguir su vocaci\u00f3n y prestar su cuerpo y su espi\u0301ritu al Sen\u0303or. Humano A trave\u0301s del ambiente de familia y de preparaci\u00f3n, se consigue el desarrollo de actitudes, capacidades y valores que impactan en el crecimiento personal y social de los sacerdotes.","sameAs":["https:\/\/fundacioncarf.org\/","https:\/\/www.facebook.com\/fundacioncarf\/","https:\/\/www.instagram.com\/fundacioncarf\/","https:\/\/www.linkedin.com\/company\/fundacioncarf\/posts\/?feedView=all","https:\/\/x.com\/https:\/\/x.com\/fundacioncarf","https:\/\/www.youtube.com\/c\/fundacioncarf"],"url":"https:\/\/exaudi.org\/it\/author\/carf\/"}]}},"jetpack_featured_media_url":"https:\/\/exaudi.org\/wp-content\/uploads\/2024\/08\/dimas-seminarista-indonesia-e1724855257211.jpg","jetpack_shortlink":"https:\/\/wp.me\/pgKjF2-rQ3","_links":{"self":[{"href":"https:\/\/exaudi.org\/it\/wp-json\/wp\/v2\/posts\/107015","targetHints":{"allow":["GET"]}}],"collection":[{"href":"https:\/\/exaudi.org\/it\/wp-json\/wp\/v2\/posts"}],"about":[{"href":"https:\/\/exaudi.org\/it\/wp-json\/wp\/v2\/types\/post"}],"author":[{"embeddable":true,"href":"https:\/\/exaudi.org\/it\/wp-json\/wp\/v2\/users\/119"}],"replies":[{"embeddable":true,"href":"https:\/\/exaudi.org\/it\/wp-json\/wp\/v2\/comments?post=107015"}],"version-history":[{"count":0,"href":"https:\/\/exaudi.org\/it\/wp-json\/wp\/v2\/posts\/107015\/revisions"}],"wp:featuredmedia":[{"embeddable":true,"href":"https:\/\/exaudi.org\/it\/wp-json\/wp\/v2\/media\/106967"}],"wp:attachment":[{"href":"https:\/\/exaudi.org\/it\/wp-json\/wp\/v2\/media?parent=107015"}],"wp:term":[{"taxonomy":"category","embeddable":true,"href":"https:\/\/exaudi.org\/it\/wp-json\/wp\/v2\/categories?post=107015"},{"taxonomy":"post_tag","embeddable":true,"href":"https:\/\/exaudi.org\/it\/wp-json\/wp\/v2\/tags?post=107015"}],"curies":[{"name":"wp","href":"https:\/\/api.w.org\/{rel}","templated":true}]}}