{"id":106918,"date":"2024-08-25T19:17:48","date_gmt":"2024-08-25T17:17:48","guid":{"rendered":"https:\/\/exaudi.org\/?p=106918"},"modified":"2024-08-25T19:17:48","modified_gmt":"2024-08-25T17:17:48","slug":"ascolto-e-accompagnamento-lessenza-della-formazione-alla-fede","status":"publish","type":"post","link":"https:\/\/exaudi.org\/it\/ascolto-e-accompagnamento-lessenza-della-formazione-alla-fede\/","title":{"rendered":"&#8220;Ascolto e accompagnamento: l&#8217;essenza della formazione alla fede&#8221;"},"content":{"rendered":"<p>In un messaggio rivolto ai partecipanti al Cammino delle Comunit\u00e0 di animatori Agesci, che si conclude oggi, 25 agosto, a Verona, il Papa sottolinea l&#8217;attualit\u00e0 dell'&#8221;impegno educativo&#8221; verso &#8220;i bambini, gli adolescenti e i giovani, che devono essere guidati con saggezza e sostenuto con amore. Francesco consiglia loro che l&#8217;Associazione Guide e Scout cattolici italiani sia \u201cuno spazio per vivere la fede cristiana, un&#8217;opportunit\u00e0 per favorire la fraternit\u00e0 e una scuola di servizio verso gli altri, soprattutto verso coloro che sono pi\u00f9 vulnerabili e bisognosi di aiuto\u201d.<\/p>\n<p>Nel messaggio ai 18mila presenti, il Papa li incoraggia a non lasciarsi fermare dalle difficolt\u00e0, ma ad andare avanti nella ricerca del progetto che Dio ha per ciascuno di loro. Invita inoltre a trovare \u201cnuovo entusiasmo nella fede in Ges\u00f9, che \u00e8 maestro e amico\u201d, affinch\u00e9 possano proseguire con gioia il loro cammino umano e spirituale all&#8217;interno della Chiesa, essendo testimoni del Vangelo nella societ\u00e0.<\/p>\n<h3><strong>Messaggio del Santo Padre<\/strong><\/h3>\n<p><i>Al Reverendo Don Andrea TURCHINI<br \/>\nAssistente Generale<br \/>\ndell\u2019Associazione Italiana Guide e Scout Cattolici Italiani<\/i><\/p>\n<p>Rivolgo il mio cordiale saluto ai partecipanti alla\u00a0<i>Route delle Comunit\u00e0 Capi<\/i>, esortando ad attingere nuovo entusiasmo dalla fede in Ges\u00f9, maestro e amico, per proseguire con gioia il cammino umano e spirituale all\u2019interno della Chiesa, testimoniando il Vangelo nella societ\u00e0.<\/p>\n<p>I giorni di riflessione possano favorire in ciascuno la consapevolezza di quanto sia delicato il vostro impegno educativo nei confronti di ragazzi, adolescenti e giovani che vanno accompagnati con sapienza e sostenuti con affetto. Ci\u00f2 richiede una formazione di qualit\u00e0 per coloro che sono chiamati a svolgere questa importante missione: anzitutto la disposizione ad ascoltare e a empatizzare con gli altri, quale ambito in cui germina e d\u00e0 frutti l\u2019evangelizzazione.<\/p>\n<p>Si tratta, in particolare, di sviluppare la capacit\u00e0 di ascolto e l\u2019arte del dialogo, che sono naturalmente ancorati a una vita di preghiera, dove si entra in dialogo con il Signore, si sosta alla sua presenza per imparare da Lui l\u2019arte dell\u2019amore che si dona, di modo che poco a poco l\u2019esistenza sia in sintonia con il cuore del Maestro.<\/p>\n<p>Le pagine del Vangelo ci permettono di vedere come Ges\u00f9 sapeva rendersi presente o assente, sapeva qual era il momento di correggere o quello di elogiare, di accompagnare o l\u2019occasione per inviare e lasciare che gli Apostoli affrontassero la sfida missionaria. \u00c8 in mezzo a questi, che potremmo chiamare, \u201cinterventi formativi\u201d di Cristo che Pietro, Andrea, Giacomo, Giovanni e il resto dei chiamati, configurarono, poco a poco, la loro vita a quella del Signore.<\/p>\n<p>\u00c8 necessario anche considerare l\u2019impatto formativo che la vita e il comportamento dei formatori hanno sulle Branche che compongono l\u2019Associazione. I formatori educano\u00a0<i>in primis\u00a0<\/i>con la loro vita, pi\u00f9 che con le parole. La vita del formatore, la sua costante crescita umana e spirituale come discepolo di Cristo, sostenuto dalla grazia di Dio, \u00e8 un fattore fondamentale di cui dispone per conferire efficienza al suo servizio alle giovani generazioni. Di fatto, la sua stessa vita testimonia quello che le sue parole e i suoi gesti cercano di trasmettere nel dialogo e nell\u2019accompagnamento formativo.<\/p>\n<p>Rinnovo il mio apprezzamento all\u2019intera vostra Associazione, rilevante realt\u00e0 educativa nella Chiesa e vi incoraggio a fare sempre pi\u00f9 di essa una palestra di vita cristiana, occasione di comunione fraterna, scuola di servizio al prossimo, specialmente ai pi\u00f9 disagiati e bisognosi. Non lasciatevi paralizzare dalle difficolt\u00e0, ma mettetevi sempre in marcia alla ricerca del progetto che Dio ha su ciascuno.<\/p>\n<p>Con questi auspici, assicuro l\u2019orante ricordo e, mentre affido tutti alla protezione della Vergine Maria e di San Giorgio, chiedo per favore di pregare per me, di cuore invio la mia Benedizione.<\/p>\n<p><i>Roma, San Giovanni in Laterano, 1\u00b0 agosto 2024<\/i><\/p>\n<p>FRANCESCO<\/p>\n","protected":false},"excerpt":{"rendered":"<p>Messaggio del Papa all&#8217;Associazione Guide e Scout Cattolici Italiani (AGESCI)<\/p>\n","protected":false},"author":17,"featured_media":106922,"comment_status":"closed","ping_status":"closed","sticky":false,"template":"","format":"standard","meta":{"_acf_changed":false,"_crdt_document":"","inline_featured_image":false,"footnotes":""},"categories":[67,117],"tags":[668,669,1141,2044,18802,251,4952],"class_list":["post-106918","post","type-post","status-publish","format-standard","has-post-thumbnail","hentry","category-leone-xiv","category-messaggi","tag-chiesa","tag-gesu","tag-giovani","tag-italia-it","tag-movimenti-ecclesiali","tag-papa-francesco","tag-trending-it"],"acf":[],"yoast_head":"<!-- This site is optimized with the Yoast SEO plugin v27.5 - https:\/\/yoast.com\/product\/yoast-seo-wordpress\/ -->\n<title>&quot;Ascolto e accompagnamento: l&#039;essenza della formazione alla fede&quot; &#8211; Exaudi<\/title>\n<meta name=\"robots\" content=\"index, follow, max-snippet:-1, max-image-preview:large, max-video-preview:-1\" \/>\n<link rel=\"canonical\" href=\"https:\/\/exaudi.org\/it\/ascolto-e-accompagnamento-lessenza-della-formazione-alla-fede\/\" \/>\n<meta property=\"og:locale\" content=\"it_IT\" \/>\n<meta property=\"og:type\" content=\"article\" \/>\n<meta property=\"og:title\" content=\"&quot;Ascolto e accompagnamento: l&#039;essenza della formazione alla fede&quot; &#8211; Exaudi\" \/>\n<meta property=\"og:description\" content=\"Messaggio del Papa all&#039;Associazione Guide e Scout Cattolici Italiani (AGESCI)\" \/>\n<meta property=\"og:url\" content=\"https:\/\/exaudi.org\/it\/ascolto-e-accompagnamento-lessenza-della-formazione-alla-fede\/\" \/>\n<meta property=\"og:site_name\" content=\"Exaudi\" \/>\n<meta property=\"article:publisher\" content=\"https:\/\/www.facebook.com\/ExaudiNews\" \/>\n<meta property=\"article:author\" content=\"https:\/\/www.facebook.com\/ExaudiNotizie\/\" \/>\n<meta property=\"article:published_time\" content=\"2024-08-25T17:17:48+00:00\" \/>\n<meta property=\"og:image\" content=\"https:\/\/exaudi.org\/wp-content\/uploads\/2024\/08\/cq5dam.thumbnail.cropped.750.422-1-2.jpeg\" \/>\n\t<meta property=\"og:image:width\" content=\"750\" \/>\n\t<meta property=\"og:image:height\" content=\"422\" \/>\n\t<meta property=\"og:image:type\" content=\"image\/jpeg\" \/>\n<meta name=\"author\" content=\"Exaudi Redazione\" \/>\n<meta name=\"twitter:card\" content=\"summary_large_image\" \/>\n<meta name=\"twitter:creator\" content=\"@Exaudi_Notizie\" \/>\n<meta name=\"twitter:site\" content=\"@Exaudi_News\" \/>\n<meta name=\"twitter:label1\" content=\"Scritto da\" \/>\n\t<meta name=\"twitter:data1\" content=\"Exaudi Redazione\" \/>\n\t<meta name=\"twitter:label2\" content=\"Tempo di lettura stimato\" \/>\n\t<meta name=\"twitter:data2\" content=\"3 minuti\" \/>\n<script type=\"application\/ld+json\" class=\"yoast-schema-graph\">{\"@context\":\"https:\\\/\\\/schema.org\",\"@graph\":[{\"@type\":\"Article\",\"@id\":\"https:\\\/\\\/exaudi.org\\\/it\\\/ascolto-e-accompagnamento-lessenza-della-formazione-alla-fede\\\/#article\",\"isPartOf\":{\"@id\":\"https:\\\/\\\/exaudi.org\\\/it\\\/ascolto-e-accompagnamento-lessenza-della-formazione-alla-fede\\\/\"},\"author\":{\"name\":\"Exaudi Redazione\",\"@id\":\"https:\\\/\\\/exaudi.org\\\/#\\\/schema\\\/person\\\/e1ab6ed07c01774724dd96f925f3a5f0\"},\"headline\":\"&#8220;Ascolto e accompagnamento: l&#8217;essenza della formazione alla fede&#8221;\",\"datePublished\":\"2024-08-25T17:17:48+00:00\",\"mainEntityOfPage\":{\"@id\":\"https:\\\/\\\/exaudi.org\\\/it\\\/ascolto-e-accompagnamento-lessenza-della-formazione-alla-fede\\\/\"},\"wordCount\":630,\"image\":{\"@id\":\"https:\\\/\\\/exaudi.org\\\/it\\\/ascolto-e-accompagnamento-lessenza-della-formazione-alla-fede\\\/#primaryimage\"},\"thumbnailUrl\":\"https:\\\/\\\/exaudi.org\\\/wp-content\\\/uploads\\\/2024\\\/08\\\/cq5dam.thumbnail.cropped.750.422-1-2.jpeg\",\"keywords\":[\"Chiesa\",\"Ges\u00f9\",\"giovani\",\"Italia\",\"MOVIMENTI ECCLESIALI\",\"Papa Francesco\",\"Trending\"],\"articleSection\":[\"Leone XIV\",\"Messaggi\"],\"inLanguage\":\"it-IT\"},{\"@type\":\"WebPage\",\"@id\":\"https:\\\/\\\/exaudi.org\\\/it\\\/ascolto-e-accompagnamento-lessenza-della-formazione-alla-fede\\\/\",\"url\":\"https:\\\/\\\/exaudi.org\\\/it\\\/ascolto-e-accompagnamento-lessenza-della-formazione-alla-fede\\\/\",\"name\":\"\\\"Ascolto e accompagnamento: l'essenza della formazione alla fede\\\" &#8211; Exaudi\",\"isPartOf\":{\"@id\":\"https:\\\/\\\/exaudi.org\\\/#website\"},\"primaryImageOfPage\":{\"@id\":\"https:\\\/\\\/exaudi.org\\\/it\\\/ascolto-e-accompagnamento-lessenza-della-formazione-alla-fede\\\/#primaryimage\"},\"image\":{\"@id\":\"https:\\\/\\\/exaudi.org\\\/it\\\/ascolto-e-accompagnamento-lessenza-della-formazione-alla-fede\\\/#primaryimage\"},\"thumbnailUrl\":\"https:\\\/\\\/exaudi.org\\\/wp-content\\\/uploads\\\/2024\\\/08\\\/cq5dam.thumbnail.cropped.750.422-1-2.jpeg\",\"datePublished\":\"2024-08-25T17:17:48+00:00\",\"author\":{\"@id\":\"https:\\\/\\\/exaudi.org\\\/#\\\/schema\\\/person\\\/e1ab6ed07c01774724dd96f925f3a5f0\"},\"breadcrumb\":{\"@id\":\"https:\\\/\\\/exaudi.org\\\/it\\\/ascolto-e-accompagnamento-lessenza-della-formazione-alla-fede\\\/#breadcrumb\"},\"inLanguage\":\"it-IT\",\"potentialAction\":[{\"@type\":\"ReadAction\",\"target\":[\"https:\\\/\\\/exaudi.org\\\/it\\\/ascolto-e-accompagnamento-lessenza-della-formazione-alla-fede\\\/\"]}]},{\"@type\":\"ImageObject\",\"inLanguage\":\"it-IT\",\"@id\":\"https:\\\/\\\/exaudi.org\\\/it\\\/ascolto-e-accompagnamento-lessenza-della-formazione-alla-fede\\\/#primaryimage\",\"url\":\"https:\\\/\\\/exaudi.org\\\/wp-content\\\/uploads\\\/2024\\\/08\\\/cq5dam.thumbnail.cropped.750.422-1-2.jpeg\",\"contentUrl\":\"https:\\\/\\\/exaudi.org\\\/wp-content\\\/uploads\\\/2024\\\/08\\\/cq5dam.thumbnail.cropped.750.422-1-2.jpeg\",\"width\":750,\"height\":422,\"caption\":\"Vatican News\"},{\"@type\":\"BreadcrumbList\",\"@id\":\"https:\\\/\\\/exaudi.org\\\/it\\\/ascolto-e-accompagnamento-lessenza-della-formazione-alla-fede\\\/#breadcrumb\",\"itemListElement\":[{\"@type\":\"ListItem\",\"position\":1,\"name\":\"Portada\",\"item\":\"https:\\\/\\\/exaudi.org\\\/it\\\/\"},{\"@type\":\"ListItem\",\"position\":2,\"name\":\"&#8220;Ascolto e accompagnamento: l&#8217;essenza della formazione alla fede&#8221;\"}]},{\"@type\":\"WebSite\",\"@id\":\"https:\\\/\\\/exaudi.org\\\/#website\",\"url\":\"https:\\\/\\\/exaudi.org\\\/\",\"name\":\"Exaudi\",\"description\":\"News\",\"potentialAction\":[{\"@type\":\"SearchAction\",\"target\":{\"@type\":\"EntryPoint\",\"urlTemplate\":\"https:\\\/\\\/exaudi.org\\\/?s={search_term_string}\"},\"query-input\":{\"@type\":\"PropertyValueSpecification\",\"valueRequired\":true,\"valueName\":\"search_term_string\"}}],\"inLanguage\":\"it-IT\"},{\"@type\":\"Person\",\"@id\":\"https:\\\/\\\/exaudi.org\\\/#\\\/schema\\\/person\\\/e1ab6ed07c01774724dd96f925f3a5f0\",\"name\":\"Exaudi Redazione\",\"image\":{\"@type\":\"ImageObject\",\"inLanguage\":\"it-IT\",\"@id\":\"https:\\\/\\\/secure.gravatar.com\\\/avatar\\\/ad6774b3ada023bf5b939d64f45c94b3adf91502dd883507d469b4308a943bb3?s=96&d=mm&r=g\",\"url\":\"https:\\\/\\\/secure.gravatar.com\\\/avatar\\\/ad6774b3ada023bf5b939d64f45c94b3adf91502dd883507d469b4308a943bb3?s=96&d=mm&r=g\",\"contentUrl\":\"https:\\\/\\\/secure.gravatar.com\\\/avatar\\\/ad6774b3ada023bf5b939d64f45c94b3adf91502dd883507d469b4308a943bb3?s=96&d=mm&r=g\",\"caption\":\"Exaudi Redazione\"},\"description\":\"Che cosa \u00e8 Exaudi News? Exaudi News \u00e8 un agenzia cattolica internazionale che informa, istruisce e trasforma quotidianamente in spagnolo, inglese e italiano. Attraverso notizie, articoli di analisi e trasmissioni in diretta degli eventi del Papa, Exaudi cerca di rafforzare l'unit\u00e0 dei cristiani e di contribuire all'evangelizzazione del mondo, sempre guidato dalla dottrina sociale della Chiesa. Lavoriamo per portare la verit\u00e0 e i valori cristiani in ogni angolo del pianeta. Aiutaci a trasformare il mondo con Exaudi! Noi di Exaudi crediamo che l'evangelizzazione e l'informazione di qualit\u00e0 possano cambiare la vita. Per continuare la nostra missione ed espandere la nostra portata, abbiamo bisogno del tuo aiuto. Stiamo anche cercando persone motivate che vogliano unirsi al nostro team. Grazie al vostro sostegno raggiungeremo pi\u00f9 persone, diffonderemo il messaggio di Cristo e rafforzeremo l'unit\u00e0 dei cristiani. Vuoi unirti alla nostra missione? Per maggiori informazioni su come contribuire, visita Exaudi.org\\\/it o contattaci direttamente: info@exaudi.org Exaudi: informa, forma e trasforma.\",\"sameAs\":[\"https:\\\/\\\/www.facebook.com\\\/ExaudiNotizie\\\/\",\"https:\\\/\\\/www.instagram.com\\\/Exaudi_notizie\\\/\",\"https:\\\/\\\/x.com\\\/Exaudi_Notizie\",\"https:\\\/\\\/www.youtube.com\\\/@exaudicatholicnews\"],\"url\":\"https:\\\/\\\/exaudi.org\\\/it\\\/author\\\/dlvedi-org\\\/\"}]}<\/script>\n<!-- \/ Yoast SEO plugin. -->","yoast_head_json":{"title":"\"Ascolto e accompagnamento: l'essenza della formazione alla fede\" &#8211; Exaudi","robots":{"index":"index","follow":"follow","max-snippet":"max-snippet:-1","max-image-preview":"max-image-preview:large","max-video-preview":"max-video-preview:-1"},"canonical":"https:\/\/exaudi.org\/it\/ascolto-e-accompagnamento-lessenza-della-formazione-alla-fede\/","og_locale":"it_IT","og_type":"article","og_title":"\"Ascolto e accompagnamento: l'essenza della formazione alla fede\" &#8211; Exaudi","og_description":"Messaggio del Papa all'Associazione Guide e Scout Cattolici Italiani (AGESCI)","og_url":"https:\/\/exaudi.org\/it\/ascolto-e-accompagnamento-lessenza-della-formazione-alla-fede\/","og_site_name":"Exaudi","article_publisher":"https:\/\/www.facebook.com\/ExaudiNews","article_author":"https:\/\/www.facebook.com\/ExaudiNotizie\/","article_published_time":"2024-08-25T17:17:48+00:00","og_image":[{"width":750,"height":422,"url":"https:\/\/exaudi.org\/wp-content\/uploads\/2024\/08\/cq5dam.thumbnail.cropped.750.422-1-2.jpeg","type":"image\/jpeg"}],"author":"Exaudi Redazione","twitter_card":"summary_large_image","twitter_creator":"@Exaudi_Notizie","twitter_site":"@Exaudi_News","twitter_misc":{"Scritto da":"Exaudi Redazione","Tempo di lettura stimato":"3 minuti"},"schema":{"@context":"https:\/\/schema.org","@graph":[{"@type":"Article","@id":"https:\/\/exaudi.org\/it\/ascolto-e-accompagnamento-lessenza-della-formazione-alla-fede\/#article","isPartOf":{"@id":"https:\/\/exaudi.org\/it\/ascolto-e-accompagnamento-lessenza-della-formazione-alla-fede\/"},"author":{"name":"Exaudi Redazione","@id":"https:\/\/exaudi.org\/#\/schema\/person\/e1ab6ed07c01774724dd96f925f3a5f0"},"headline":"&#8220;Ascolto e accompagnamento: l&#8217;essenza della formazione alla fede&#8221;","datePublished":"2024-08-25T17:17:48+00:00","mainEntityOfPage":{"@id":"https:\/\/exaudi.org\/it\/ascolto-e-accompagnamento-lessenza-della-formazione-alla-fede\/"},"wordCount":630,"image":{"@id":"https:\/\/exaudi.org\/it\/ascolto-e-accompagnamento-lessenza-della-formazione-alla-fede\/#primaryimage"},"thumbnailUrl":"https:\/\/exaudi.org\/wp-content\/uploads\/2024\/08\/cq5dam.thumbnail.cropped.750.422-1-2.jpeg","keywords":["Chiesa","Ges\u00f9","giovani","Italia","MOVIMENTI ECCLESIALI","Papa Francesco","Trending"],"articleSection":["Leone XIV","Messaggi"],"inLanguage":"it-IT"},{"@type":"WebPage","@id":"https:\/\/exaudi.org\/it\/ascolto-e-accompagnamento-lessenza-della-formazione-alla-fede\/","url":"https:\/\/exaudi.org\/it\/ascolto-e-accompagnamento-lessenza-della-formazione-alla-fede\/","name":"\"Ascolto e accompagnamento: l'essenza della formazione alla fede\" &#8211; Exaudi","isPartOf":{"@id":"https:\/\/exaudi.org\/#website"},"primaryImageOfPage":{"@id":"https:\/\/exaudi.org\/it\/ascolto-e-accompagnamento-lessenza-della-formazione-alla-fede\/#primaryimage"},"image":{"@id":"https:\/\/exaudi.org\/it\/ascolto-e-accompagnamento-lessenza-della-formazione-alla-fede\/#primaryimage"},"thumbnailUrl":"https:\/\/exaudi.org\/wp-content\/uploads\/2024\/08\/cq5dam.thumbnail.cropped.750.422-1-2.jpeg","datePublished":"2024-08-25T17:17:48+00:00","author":{"@id":"https:\/\/exaudi.org\/#\/schema\/person\/e1ab6ed07c01774724dd96f925f3a5f0"},"breadcrumb":{"@id":"https:\/\/exaudi.org\/it\/ascolto-e-accompagnamento-lessenza-della-formazione-alla-fede\/#breadcrumb"},"inLanguage":"it-IT","potentialAction":[{"@type":"ReadAction","target":["https:\/\/exaudi.org\/it\/ascolto-e-accompagnamento-lessenza-della-formazione-alla-fede\/"]}]},{"@type":"ImageObject","inLanguage":"it-IT","@id":"https:\/\/exaudi.org\/it\/ascolto-e-accompagnamento-lessenza-della-formazione-alla-fede\/#primaryimage","url":"https:\/\/exaudi.org\/wp-content\/uploads\/2024\/08\/cq5dam.thumbnail.cropped.750.422-1-2.jpeg","contentUrl":"https:\/\/exaudi.org\/wp-content\/uploads\/2024\/08\/cq5dam.thumbnail.cropped.750.422-1-2.jpeg","width":750,"height":422,"caption":"Vatican News"},{"@type":"BreadcrumbList","@id":"https:\/\/exaudi.org\/it\/ascolto-e-accompagnamento-lessenza-della-formazione-alla-fede\/#breadcrumb","itemListElement":[{"@type":"ListItem","position":1,"name":"Portada","item":"https:\/\/exaudi.org\/it\/"},{"@type":"ListItem","position":2,"name":"&#8220;Ascolto e accompagnamento: l&#8217;essenza della formazione alla fede&#8221;"}]},{"@type":"WebSite","@id":"https:\/\/exaudi.org\/#website","url":"https:\/\/exaudi.org\/","name":"Exaudi","description":"News","potentialAction":[{"@type":"SearchAction","target":{"@type":"EntryPoint","urlTemplate":"https:\/\/exaudi.org\/?s={search_term_string}"},"query-input":{"@type":"PropertyValueSpecification","valueRequired":true,"valueName":"search_term_string"}}],"inLanguage":"it-IT"},{"@type":"Person","@id":"https:\/\/exaudi.org\/#\/schema\/person\/e1ab6ed07c01774724dd96f925f3a5f0","name":"Exaudi Redazione","image":{"@type":"ImageObject","inLanguage":"it-IT","@id":"https:\/\/secure.gravatar.com\/avatar\/ad6774b3ada023bf5b939d64f45c94b3adf91502dd883507d469b4308a943bb3?s=96&d=mm&r=g","url":"https:\/\/secure.gravatar.com\/avatar\/ad6774b3ada023bf5b939d64f45c94b3adf91502dd883507d469b4308a943bb3?s=96&d=mm&r=g","contentUrl":"https:\/\/secure.gravatar.com\/avatar\/ad6774b3ada023bf5b939d64f45c94b3adf91502dd883507d469b4308a943bb3?s=96&d=mm&r=g","caption":"Exaudi Redazione"},"description":"Che cosa \u00e8 Exaudi News? Exaudi News \u00e8 un agenzia cattolica internazionale che informa, istruisce e trasforma quotidianamente in spagnolo, inglese e italiano. Attraverso notizie, articoli di analisi e trasmissioni in diretta degli eventi del Papa, Exaudi cerca di rafforzare l'unit\u00e0 dei cristiani e di contribuire all'evangelizzazione del mondo, sempre guidato dalla dottrina sociale della Chiesa. Lavoriamo per portare la verit\u00e0 e i valori cristiani in ogni angolo del pianeta. Aiutaci a trasformare il mondo con Exaudi! Noi di Exaudi crediamo che l'evangelizzazione e l'informazione di qualit\u00e0 possano cambiare la vita. Per continuare la nostra missione ed espandere la nostra portata, abbiamo bisogno del tuo aiuto. Stiamo anche cercando persone motivate che vogliano unirsi al nostro team. Grazie al vostro sostegno raggiungeremo pi\u00f9 persone, diffonderemo il messaggio di Cristo e rafforzeremo l'unit\u00e0 dei cristiani. Vuoi unirti alla nostra missione? Per maggiori informazioni su come contribuire, visita Exaudi.org\/it o contattaci direttamente: info@exaudi.org Exaudi: informa, forma e trasforma.","sameAs":["https:\/\/www.facebook.com\/ExaudiNotizie\/","https:\/\/www.instagram.com\/Exaudi_notizie\/","https:\/\/x.com\/Exaudi_Notizie","https:\/\/www.youtube.com\/@exaudicatholicnews"],"url":"https:\/\/exaudi.org\/it\/author\/dlvedi-org\/"}]}},"jetpack_featured_media_url":"https:\/\/exaudi.org\/wp-content\/uploads\/2024\/08\/cq5dam.thumbnail.cropped.750.422-1-2.jpeg","jetpack_shortlink":"https:\/\/wp.me\/pgKjF2-rOu","_links":{"self":[{"href":"https:\/\/exaudi.org\/it\/wp-json\/wp\/v2\/posts\/106918","targetHints":{"allow":["GET"]}}],"collection":[{"href":"https:\/\/exaudi.org\/it\/wp-json\/wp\/v2\/posts"}],"about":[{"href":"https:\/\/exaudi.org\/it\/wp-json\/wp\/v2\/types\/post"}],"author":[{"embeddable":true,"href":"https:\/\/exaudi.org\/it\/wp-json\/wp\/v2\/users\/17"}],"replies":[{"embeddable":true,"href":"https:\/\/exaudi.org\/it\/wp-json\/wp\/v2\/comments?post=106918"}],"version-history":[{"count":0,"href":"https:\/\/exaudi.org\/it\/wp-json\/wp\/v2\/posts\/106918\/revisions"}],"wp:featuredmedia":[{"embeddable":true,"href":"https:\/\/exaudi.org\/it\/wp-json\/wp\/v2\/media\/106922"}],"wp:attachment":[{"href":"https:\/\/exaudi.org\/it\/wp-json\/wp\/v2\/media?parent=106918"}],"wp:term":[{"taxonomy":"category","embeddable":true,"href":"https:\/\/exaudi.org\/it\/wp-json\/wp\/v2\/categories?post=106918"},{"taxonomy":"post_tag","embeddable":true,"href":"https:\/\/exaudi.org\/it\/wp-json\/wp\/v2\/tags?post=106918"}],"curies":[{"name":"wp","href":"https:\/\/api.w.org\/{rel}","templated":true}]}}