{"id":106878,"date":"2024-08-24T18:45:00","date_gmt":"2024-08-24T16:45:00","guid":{"rendered":"https:\/\/exaudi.org\/?p=106878"},"modified":"2024-08-24T18:45:00","modified_gmt":"2024-08-24T16:45:00","slug":"costruire-ponti-la-ricerca-della-pace-in-tempi-di-conflitto","status":"publish","type":"post","link":"https:\/\/exaudi.org\/it\/costruire-ponti-la-ricerca-della-pace-in-tempi-di-conflitto\/","title":{"rendered":"&#8220;Costruire ponti: la ricerca della pace in tempi di conflitto&#8221;"},"content":{"rendered":"<p>Questa mattina, nel Palazzo Apostolico Vaticano, il Santo Padre Francesco ha ricevuto in Udienza i partecipanti al XV Incontro promosso dall\u2019International Catholic Legislators Network, in corso a Frascati (Roma) dal 22 al 25 agosto 2024.<\/p>\n<p>Nell&#8217;udienza ai partecipanti al Meeting, il Papa ha ribadito che la guerra \u00e8 un fallimento. Ha sottolineato anche che dalle crisi non si esce da soli, \u201csi esce con gli altri\u201d: sono necessari negoziazione, mediazione e arbitrato. Allo stesso modo, ha chiesto basi giuridiche sempre pi\u00f9 solide per difendere il diritto internazionale umanitario.<\/p>\n<p>Pubblichiamo di seguito il <strong>discorso che il Papa<\/strong> ha rivolto ai presenti nel corso dell\u2019Udienza:<\/p>\n<p><i>Eminenza,<br \/>\nEccellenze,<br \/>\nillustri Signore e Signori,<br \/>\ncari amici,<\/i><\/p>\n<p>porgo un caloroso benvenuto a tutti voi, membri dell\u2019<i>International Catholic Legislator Network<\/i>, in occasione del vostro quindicesimo incontro annuale. Saluto il Cardinale Christoph Sch\u00f6nborn e il Dottor Christiaan Alting von Geusau, e li ringrazio per le cortesi parole di introduzione, che ho letto \u2013 le avevano scritte, perch\u00e9 adesso non si fa l\u2019introduzione, qui, per risparmiare tempo, cos\u00ec posso avere pi\u00f9 udienze.<\/p>\n<p>Il tema dell\u2019incontro di quest\u2019anno, \u201c<i>Il mondo in guerra: crisi permanenti e conflitti \u2013 Cosa significa per noi?<\/i>\u201d, \u00e8 quanto mai attuale. La presente situazione di \u201cterza guerra mondiale combattuta a pezzi\u201d \u2013 ma c\u2019\u00e8, la terza guerra mondiale \u2013 sembra permanente e inarrestabile. La crisi in corso minaccia seriamente i pazienti sforzi compiuti dalla Comunit\u00e0 internazionale, soprattutto attraverso la diplomazia multilaterale, al fine di incoraggiare la cooperazione nell\u2019affrontare le gravi ingiustizie e le pressanti sfide sociali, economiche e ambientali che la famiglia umana si trova ad affrontare. E questo \u00e8 cos\u00ec, non esagero.<\/p>\n<p>Qual \u00e8, allora, la risposta che ci si attende, non solo da parte dei legislatori, ma di tutti gli uomini e le donne di buona volont\u00e0, particolarmente di quelli ispirati da una visione evangelica dell\u2019unit\u00e0 della famiglia umana e della sua vocazione a costruire un mondo \u2013 a coltivare un giardino (cfr\u00a0<i>Gen<\/i>\u00a02,15;\u00a0<i>Is<\/i>\u00a061,11) \u2013 caratterizzato da fraternit\u00e0, giustizia e pace? Questa \u00e8 la domanda. Permettetemi di proporre alcuni spunti alla vostra riflessione.<\/p>\n<p>Primo: l\u2019imperativo di rinunciare alla guerra come mezzo per risolvere i conflitti e stabilire la giustizia. Non dimentichiamo che \u00abogni guerra lascia il mondo peggiore di come lo ha trovato \u2013 questo \u00e8 sicuro e ne abbiamo l\u2019esperienza \u2013. La guerra \u00e8 un fallimento della politica e dell\u2019umanit\u00e0, una resa vergognosa, una sconfitta di fronte alle forze del male\u00bb (Lett. Enc.\u00a0<i><a href=\"https:\/\/www.vatican.va\/content\/francesco\/it\/encyclicals\/documents\/papa-francesco_20201003_enciclica-fratelli-tutti.html#261\">Fratelli tutti<\/a><\/i>, 261). La resa non \u00e8 di un Paese nei confronti di un altro, la resa \u00e8 la guerra stessa. \u00c8 davvero una sconfitta. In effetti, l\u2019enorme capacit\u00e0 distruttiva degli armamenti contemporanei ha di fatto reso obsoleti i tradizionali criteri di limite della guerra. In molti casi, la distinzione tra obiettivi militari e civili \u00e8 sempre pi\u00f9 inconsistente. Le nostre coscienze non possono non commuoversi per le scene di morte e distruzione che quotidianamente abbiamo davanti agli occhi. Abbiamo bisogno di ascoltare il grido del povero, delle vedove e degli orfani di cui parla la Bibbia, per vedere l\u2019abisso di male che sta nel cuore della guerra e per decidere con ogni possibile mezzo di scegliere la pace.<\/p>\n<p>Secondo: il bisogno di perseveranza e pazienza, la proverbiale \u201cvirt\u00f9 dei forti\u201d, nel perseguire la via della pace, in ogni occasione opportuna e inopportuna, attraverso la negoziazione, la mediazione e l\u2019arbitrato. \u00abIl dialogo [\u2026] dev\u2019essere l\u2019anima della Comunit\u00e0 internazionale\u00bb (<i><a href=\"https:\/\/www.vatican.va\/content\/francesco\/it\/speeches\/2024\/january\/documents\/20240108-corpo-diplomatico.html\">Discorso al Corpo Diplomatico<\/a><\/i>, 8 gennaio 2024), facilitato da una rinnovata fiducia nelle strutture della cooperazione internazionale. Nonostante la loro efficacia, comprovata nel corso degli anni, nel promuovere sforzi globali per la pace e per il rispetto del diritto internazionale, queste strutture hanno continuamente bisogno di riforma e di rinnovamento per adattarsi alle circostanze attuali, alle nuove circostanze. In proposito, una particolare attenzione va posta nel sostenere il diritto umanitario internazionale e nel fornirlo di basi giuridiche sempre pi\u00f9 solide. Ci\u00f2 naturalmente richiede di lavorare per una distribuzione sempre pi\u00f9 equa dei beni della terra, assicurando lo sviluppo integrale delle persone e dei popoli, e superando cos\u00ec le scandalose disuguaglianze e ingiustizie che alimentano conflitti a lungo termine e generano ulteriori torti e atti di violenza in tutto il mondo.<\/p>\n<p>Nella vostra esperienza quotidiana di legislatori cattolici e leader politici, voi sapete anche cosa significa affrontare un conflitto, su scala pi\u00f9 piccola, ma forse non meno intensa, all\u2019interno delle comunit\u00e0 che rappresentate e servite. Come cristiani, riconosciamo che le radici del conflitto, della frammentazione e della disgregazione della societ\u00e0 vanno ricercate, in ultima analisi, come ha sottolineato il\u00a0<a href=\"https:\/\/www.vatican.va\/archive\/hist_councils\/ii_vatican_council\/index_it.htm\">Concilio Vaticano II<\/a>, in un conflitto pi\u00f9 profondo, presente nel cuore dell\u2019uomo (cfr Cost. past.\u00a0<i><a href=\"https:\/\/www.vatican.va\/archive\/hist_councils\/ii_vatican_council\/documents\/vat-ii_const_19651207_gaudium-et-spes_it.html#10\">Gaudium et spes<\/a><\/i>, 10). A volte i conflitti possono essere inevitabili, ma sar\u00e0 possibile risolverli con frutto solo in uno spirito di dialogo e di sensibilit\u00e0 nei confronti degli altri e delle loro ragioni, e in un comune impegno per la giustizia nel perseguimento del bene comune. Non dimenticate questo: dal conflitto non si pu\u00f2 uscire da soli. No. Si esce con gli altri. Da solo, nessuno pu\u00f2 uscire dal conflitto.<\/p>\n<p>Infine, cari amici, mentre vi porgo nella preghiera i miei migliori auguri per le vostre deliberazioni, permettetemi di suggerire che, forse pi\u00f9 di ogni altra cosa, il nostro mondo, stanco della guerra \u2013 sembra che non possa vivere, senza guerra \u2013, ha bisogno di rinnovare lo spirito di speranza che ha portato a fondare le strutture di cooperazione a servizio della pace all\u2019indomani della seconda guerra mondiale. Vorrei chiedere a voi, il cui servizio ai nostri fratelli e sorelle \u00e8 ispirato e sostenuto da quella pace che il mondo non pu\u00f2 dare (cfr\u00a0<i>Gv\u00a0<\/i>14,27), di essere testimoni di speranza, specialmente nei confronti delle nuove generazioni. La guerra non \u00e8 speranza, la guerra non d\u00e0 speranza. Possa il vostro impegno per il bene comune, sostenuto dalla fede nelle promesse di Cristo, servire da esempio per i nostri giovani. Quanto \u00e8 importante per loro vedere modelli di speranza e ideali che contrastino i messaggi di pessimismo e cinismo \u2013 non dimentichiamo i messaggi cinici, sono terribili! \u2013 a cui i giovani sono cos\u00ec spesso esposti! Insomma, per noi che viviamo in un mondo in guerra, con permanenti crisi e conflitti, si tratta di trovare sapienza e forza per vedere oltre le nubi, di leggere i segni dei tempi e, con la speranza generata dalla fede, ispirare altri, specialmente i giovani, a lavorare per un domani migliore.<\/p>\n<p>E con questi sentimenti, vi assicuro la mia preghiera per voi, per le vostre famiglie, e per tutti coloro a cui prestate il vostro servizio. Vi benedico di cuore e vi chiedo, per favore, di pregare per me. Grazie.<\/p>\n<p>&nbsp;<\/p>\n<p>&nbsp;<\/p>\n","protected":false},"excerpt":{"rendered":"<p>Udienza ai partecipanti all\u2019Incontro promosso dall\u2019\u201cInternational Catholic Legislators Network\u201d<\/p>\n","protected":false},"author":17,"featured_media":106879,"comment_status":"closed","ping_status":"closed","sticky":false,"template":"","format":"standard","meta":{"_acf_changed":false,"_crdt_document":"","inline_featured_image":false,"footnotes":""},"categories":[73],"tags":[251,4952,1843],"class_list":["post-106878","post","type-post","status-publish","format-standard","has-post-thumbnail","hentry","category-chiesa-e-mondo","tag-papa-francesco","tag-trending-it","tag-udienza"],"acf":[],"yoast_head":"<!-- This site is optimized with the Yoast SEO plugin v27.5 - https:\/\/yoast.com\/product\/yoast-seo-wordpress\/ -->\n<title>&quot;Costruire ponti: la ricerca della pace in tempi di conflitto&quot; &#8211; Exaudi<\/title>\n<meta name=\"robots\" content=\"index, follow, max-snippet:-1, max-image-preview:large, max-video-preview:-1\" \/>\n<link rel=\"canonical\" href=\"https:\/\/exaudi.org\/it\/costruire-ponti-la-ricerca-della-pace-in-tempi-di-conflitto\/\" \/>\n<meta property=\"og:locale\" content=\"it_IT\" \/>\n<meta property=\"og:type\" content=\"article\" \/>\n<meta property=\"og:title\" content=\"&quot;Costruire ponti: la ricerca della pace in tempi di conflitto&quot; &#8211; Exaudi\" \/>\n<meta property=\"og:description\" content=\"Udienza ai partecipanti all\u2019Incontro promosso dall\u2019\u201cInternational Catholic Legislators Network\u201d\" \/>\n<meta property=\"og:url\" content=\"https:\/\/exaudi.org\/it\/costruire-ponti-la-ricerca-della-pace-in-tempi-di-conflitto\/\" \/>\n<meta property=\"og:site_name\" content=\"Exaudi\" \/>\n<meta property=\"article:publisher\" content=\"https:\/\/www.facebook.com\/ExaudiNews\" \/>\n<meta property=\"article:author\" content=\"https:\/\/www.facebook.com\/ExaudiNotizie\/\" \/>\n<meta property=\"article:published_time\" content=\"2024-08-24T16:45:00+00:00\" \/>\n<meta property=\"og:image\" content=\"https:\/\/exaudi.org\/wp-content\/uploads\/2024\/08\/cq5dam.web_.800.800-5.jpeg\" \/>\n\t<meta property=\"og:image:width\" content=\"800\" \/>\n\t<meta property=\"og:image:height\" content=\"533\" \/>\n\t<meta property=\"og:image:type\" content=\"image\/jpeg\" \/>\n<meta name=\"author\" content=\"Exaudi Redazione\" \/>\n<meta name=\"twitter:card\" content=\"summary_large_image\" \/>\n<meta name=\"twitter:creator\" content=\"@Exaudi_Notizie\" \/>\n<meta name=\"twitter:site\" content=\"@Exaudi_News\" \/>\n<meta name=\"twitter:label1\" content=\"Scritto da\" \/>\n\t<meta name=\"twitter:data1\" content=\"Exaudi Redazione\" \/>\n\t<meta name=\"twitter:label2\" content=\"Tempo di lettura stimato\" \/>\n\t<meta name=\"twitter:data2\" content=\"5 minuti\" \/>\n<script type=\"application\/ld+json\" class=\"yoast-schema-graph\">{\"@context\":\"https:\\\/\\\/schema.org\",\"@graph\":[{\"@type\":\"Article\",\"@id\":\"https:\\\/\\\/exaudi.org\\\/it\\\/costruire-ponti-la-ricerca-della-pace-in-tempi-di-conflitto\\\/#article\",\"isPartOf\":{\"@id\":\"https:\\\/\\\/exaudi.org\\\/it\\\/costruire-ponti-la-ricerca-della-pace-in-tempi-di-conflitto\\\/\"},\"author\":{\"name\":\"Exaudi Redazione\",\"@id\":\"https:\\\/\\\/exaudi.org\\\/#\\\/schema\\\/person\\\/e1ab6ed07c01774724dd96f925f3a5f0\"},\"headline\":\"&#8220;Costruire ponti: la ricerca della pace in tempi di conflitto&#8221;\",\"datePublished\":\"2024-08-24T16:45:00+00:00\",\"mainEntityOfPage\":{\"@id\":\"https:\\\/\\\/exaudi.org\\\/it\\\/costruire-ponti-la-ricerca-della-pace-in-tempi-di-conflitto\\\/\"},\"wordCount\":1095,\"image\":{\"@id\":\"https:\\\/\\\/exaudi.org\\\/it\\\/costruire-ponti-la-ricerca-della-pace-in-tempi-di-conflitto\\\/#primaryimage\"},\"thumbnailUrl\":\"https:\\\/\\\/exaudi.org\\\/wp-content\\\/uploads\\\/2024\\\/08\\\/cq5dam.web_.800.800-5.jpeg\",\"keywords\":[\"Papa Francesco\",\"Trending\",\"udienza\"],\"articleSection\":[\"Chiesa e Mondo\"],\"inLanguage\":\"it-IT\"},{\"@type\":\"WebPage\",\"@id\":\"https:\\\/\\\/exaudi.org\\\/it\\\/costruire-ponti-la-ricerca-della-pace-in-tempi-di-conflitto\\\/\",\"url\":\"https:\\\/\\\/exaudi.org\\\/it\\\/costruire-ponti-la-ricerca-della-pace-in-tempi-di-conflitto\\\/\",\"name\":\"\\\"Costruire ponti: la ricerca della pace in tempi di conflitto\\\" &#8211; Exaudi\",\"isPartOf\":{\"@id\":\"https:\\\/\\\/exaudi.org\\\/#website\"},\"primaryImageOfPage\":{\"@id\":\"https:\\\/\\\/exaudi.org\\\/it\\\/costruire-ponti-la-ricerca-della-pace-in-tempi-di-conflitto\\\/#primaryimage\"},\"image\":{\"@id\":\"https:\\\/\\\/exaudi.org\\\/it\\\/costruire-ponti-la-ricerca-della-pace-in-tempi-di-conflitto\\\/#primaryimage\"},\"thumbnailUrl\":\"https:\\\/\\\/exaudi.org\\\/wp-content\\\/uploads\\\/2024\\\/08\\\/cq5dam.web_.800.800-5.jpeg\",\"datePublished\":\"2024-08-24T16:45:00+00:00\",\"author\":{\"@id\":\"https:\\\/\\\/exaudi.org\\\/#\\\/schema\\\/person\\\/e1ab6ed07c01774724dd96f925f3a5f0\"},\"breadcrumb\":{\"@id\":\"https:\\\/\\\/exaudi.org\\\/it\\\/costruire-ponti-la-ricerca-della-pace-in-tempi-di-conflitto\\\/#breadcrumb\"},\"inLanguage\":\"it-IT\",\"potentialAction\":[{\"@type\":\"ReadAction\",\"target\":[\"https:\\\/\\\/exaudi.org\\\/it\\\/costruire-ponti-la-ricerca-della-pace-in-tempi-di-conflitto\\\/\"]}]},{\"@type\":\"ImageObject\",\"inLanguage\":\"it-IT\",\"@id\":\"https:\\\/\\\/exaudi.org\\\/it\\\/costruire-ponti-la-ricerca-della-pace-in-tempi-di-conflitto\\\/#primaryimage\",\"url\":\"https:\\\/\\\/exaudi.org\\\/wp-content\\\/uploads\\\/2024\\\/08\\\/cq5dam.web_.800.800-5.jpeg\",\"contentUrl\":\"https:\\\/\\\/exaudi.org\\\/wp-content\\\/uploads\\\/2024\\\/08\\\/cq5dam.web_.800.800-5.jpeg\",\"width\":800,\"height\":533,\"caption\":\"Vatican Media\"},{\"@type\":\"BreadcrumbList\",\"@id\":\"https:\\\/\\\/exaudi.org\\\/it\\\/costruire-ponti-la-ricerca-della-pace-in-tempi-di-conflitto\\\/#breadcrumb\",\"itemListElement\":[{\"@type\":\"ListItem\",\"position\":1,\"name\":\"Portada\",\"item\":\"https:\\\/\\\/exaudi.org\\\/it\\\/\"},{\"@type\":\"ListItem\",\"position\":2,\"name\":\"&#8220;Costruire ponti: la ricerca della pace in tempi di conflitto&#8221;\"}]},{\"@type\":\"WebSite\",\"@id\":\"https:\\\/\\\/exaudi.org\\\/#website\",\"url\":\"https:\\\/\\\/exaudi.org\\\/\",\"name\":\"Exaudi\",\"description\":\"News\",\"potentialAction\":[{\"@type\":\"SearchAction\",\"target\":{\"@type\":\"EntryPoint\",\"urlTemplate\":\"https:\\\/\\\/exaudi.org\\\/?s={search_term_string}\"},\"query-input\":{\"@type\":\"PropertyValueSpecification\",\"valueRequired\":true,\"valueName\":\"search_term_string\"}}],\"inLanguage\":\"it-IT\"},{\"@type\":\"Person\",\"@id\":\"https:\\\/\\\/exaudi.org\\\/#\\\/schema\\\/person\\\/e1ab6ed07c01774724dd96f925f3a5f0\",\"name\":\"Exaudi Redazione\",\"image\":{\"@type\":\"ImageObject\",\"inLanguage\":\"it-IT\",\"@id\":\"https:\\\/\\\/secure.gravatar.com\\\/avatar\\\/ad6774b3ada023bf5b939d64f45c94b3adf91502dd883507d469b4308a943bb3?s=96&d=mm&r=g\",\"url\":\"https:\\\/\\\/secure.gravatar.com\\\/avatar\\\/ad6774b3ada023bf5b939d64f45c94b3adf91502dd883507d469b4308a943bb3?s=96&d=mm&r=g\",\"contentUrl\":\"https:\\\/\\\/secure.gravatar.com\\\/avatar\\\/ad6774b3ada023bf5b939d64f45c94b3adf91502dd883507d469b4308a943bb3?s=96&d=mm&r=g\",\"caption\":\"Exaudi Redazione\"},\"description\":\"Che cosa \u00e8 Exaudi News? Exaudi News \u00e8 un agenzia cattolica internazionale che informa, istruisce e trasforma quotidianamente in spagnolo, inglese e italiano. Attraverso notizie, articoli di analisi e trasmissioni in diretta degli eventi del Papa, Exaudi cerca di rafforzare l'unit\u00e0 dei cristiani e di contribuire all'evangelizzazione del mondo, sempre guidato dalla dottrina sociale della Chiesa. Lavoriamo per portare la verit\u00e0 e i valori cristiani in ogni angolo del pianeta. Aiutaci a trasformare il mondo con Exaudi! Noi di Exaudi crediamo che l'evangelizzazione e l'informazione di qualit\u00e0 possano cambiare la vita. Per continuare la nostra missione ed espandere la nostra portata, abbiamo bisogno del tuo aiuto. Stiamo anche cercando persone motivate che vogliano unirsi al nostro team. Grazie al vostro sostegno raggiungeremo pi\u00f9 persone, diffonderemo il messaggio di Cristo e rafforzeremo l'unit\u00e0 dei cristiani. Vuoi unirti alla nostra missione? Per maggiori informazioni su come contribuire, visita Exaudi.org\\\/it o contattaci direttamente: info@exaudi.org Exaudi: informa, forma e trasforma.\",\"sameAs\":[\"https:\\\/\\\/www.facebook.com\\\/ExaudiNotizie\\\/\",\"https:\\\/\\\/www.instagram.com\\\/Exaudi_notizie\\\/\",\"https:\\\/\\\/x.com\\\/Exaudi_Notizie\",\"https:\\\/\\\/www.youtube.com\\\/@exaudicatholicnews\"],\"url\":\"https:\\\/\\\/exaudi.org\\\/it\\\/author\\\/dlvedi-org\\\/\"}]}<\/script>\n<!-- \/ Yoast SEO plugin. -->","yoast_head_json":{"title":"\"Costruire ponti: la ricerca della pace in tempi di conflitto\" &#8211; Exaudi","robots":{"index":"index","follow":"follow","max-snippet":"max-snippet:-1","max-image-preview":"max-image-preview:large","max-video-preview":"max-video-preview:-1"},"canonical":"https:\/\/exaudi.org\/it\/costruire-ponti-la-ricerca-della-pace-in-tempi-di-conflitto\/","og_locale":"it_IT","og_type":"article","og_title":"\"Costruire ponti: la ricerca della pace in tempi di conflitto\" &#8211; Exaudi","og_description":"Udienza ai partecipanti all\u2019Incontro promosso dall\u2019\u201cInternational Catholic Legislators Network\u201d","og_url":"https:\/\/exaudi.org\/it\/costruire-ponti-la-ricerca-della-pace-in-tempi-di-conflitto\/","og_site_name":"Exaudi","article_publisher":"https:\/\/www.facebook.com\/ExaudiNews","article_author":"https:\/\/www.facebook.com\/ExaudiNotizie\/","article_published_time":"2024-08-24T16:45:00+00:00","og_image":[{"width":800,"height":533,"url":"https:\/\/exaudi.org\/wp-content\/uploads\/2024\/08\/cq5dam.web_.800.800-5.jpeg","type":"image\/jpeg"}],"author":"Exaudi Redazione","twitter_card":"summary_large_image","twitter_creator":"@Exaudi_Notizie","twitter_site":"@Exaudi_News","twitter_misc":{"Scritto da":"Exaudi Redazione","Tempo di lettura stimato":"5 minuti"},"schema":{"@context":"https:\/\/schema.org","@graph":[{"@type":"Article","@id":"https:\/\/exaudi.org\/it\/costruire-ponti-la-ricerca-della-pace-in-tempi-di-conflitto\/#article","isPartOf":{"@id":"https:\/\/exaudi.org\/it\/costruire-ponti-la-ricerca-della-pace-in-tempi-di-conflitto\/"},"author":{"name":"Exaudi Redazione","@id":"https:\/\/exaudi.org\/#\/schema\/person\/e1ab6ed07c01774724dd96f925f3a5f0"},"headline":"&#8220;Costruire ponti: la ricerca della pace in tempi di conflitto&#8221;","datePublished":"2024-08-24T16:45:00+00:00","mainEntityOfPage":{"@id":"https:\/\/exaudi.org\/it\/costruire-ponti-la-ricerca-della-pace-in-tempi-di-conflitto\/"},"wordCount":1095,"image":{"@id":"https:\/\/exaudi.org\/it\/costruire-ponti-la-ricerca-della-pace-in-tempi-di-conflitto\/#primaryimage"},"thumbnailUrl":"https:\/\/exaudi.org\/wp-content\/uploads\/2024\/08\/cq5dam.web_.800.800-5.jpeg","keywords":["Papa Francesco","Trending","udienza"],"articleSection":["Chiesa e Mondo"],"inLanguage":"it-IT"},{"@type":"WebPage","@id":"https:\/\/exaudi.org\/it\/costruire-ponti-la-ricerca-della-pace-in-tempi-di-conflitto\/","url":"https:\/\/exaudi.org\/it\/costruire-ponti-la-ricerca-della-pace-in-tempi-di-conflitto\/","name":"\"Costruire ponti: la ricerca della pace in tempi di conflitto\" &#8211; Exaudi","isPartOf":{"@id":"https:\/\/exaudi.org\/#website"},"primaryImageOfPage":{"@id":"https:\/\/exaudi.org\/it\/costruire-ponti-la-ricerca-della-pace-in-tempi-di-conflitto\/#primaryimage"},"image":{"@id":"https:\/\/exaudi.org\/it\/costruire-ponti-la-ricerca-della-pace-in-tempi-di-conflitto\/#primaryimage"},"thumbnailUrl":"https:\/\/exaudi.org\/wp-content\/uploads\/2024\/08\/cq5dam.web_.800.800-5.jpeg","datePublished":"2024-08-24T16:45:00+00:00","author":{"@id":"https:\/\/exaudi.org\/#\/schema\/person\/e1ab6ed07c01774724dd96f925f3a5f0"},"breadcrumb":{"@id":"https:\/\/exaudi.org\/it\/costruire-ponti-la-ricerca-della-pace-in-tempi-di-conflitto\/#breadcrumb"},"inLanguage":"it-IT","potentialAction":[{"@type":"ReadAction","target":["https:\/\/exaudi.org\/it\/costruire-ponti-la-ricerca-della-pace-in-tempi-di-conflitto\/"]}]},{"@type":"ImageObject","inLanguage":"it-IT","@id":"https:\/\/exaudi.org\/it\/costruire-ponti-la-ricerca-della-pace-in-tempi-di-conflitto\/#primaryimage","url":"https:\/\/exaudi.org\/wp-content\/uploads\/2024\/08\/cq5dam.web_.800.800-5.jpeg","contentUrl":"https:\/\/exaudi.org\/wp-content\/uploads\/2024\/08\/cq5dam.web_.800.800-5.jpeg","width":800,"height":533,"caption":"Vatican Media"},{"@type":"BreadcrumbList","@id":"https:\/\/exaudi.org\/it\/costruire-ponti-la-ricerca-della-pace-in-tempi-di-conflitto\/#breadcrumb","itemListElement":[{"@type":"ListItem","position":1,"name":"Portada","item":"https:\/\/exaudi.org\/it\/"},{"@type":"ListItem","position":2,"name":"&#8220;Costruire ponti: la ricerca della pace in tempi di conflitto&#8221;"}]},{"@type":"WebSite","@id":"https:\/\/exaudi.org\/#website","url":"https:\/\/exaudi.org\/","name":"Exaudi","description":"News","potentialAction":[{"@type":"SearchAction","target":{"@type":"EntryPoint","urlTemplate":"https:\/\/exaudi.org\/?s={search_term_string}"},"query-input":{"@type":"PropertyValueSpecification","valueRequired":true,"valueName":"search_term_string"}}],"inLanguage":"it-IT"},{"@type":"Person","@id":"https:\/\/exaudi.org\/#\/schema\/person\/e1ab6ed07c01774724dd96f925f3a5f0","name":"Exaudi Redazione","image":{"@type":"ImageObject","inLanguage":"it-IT","@id":"https:\/\/secure.gravatar.com\/avatar\/ad6774b3ada023bf5b939d64f45c94b3adf91502dd883507d469b4308a943bb3?s=96&d=mm&r=g","url":"https:\/\/secure.gravatar.com\/avatar\/ad6774b3ada023bf5b939d64f45c94b3adf91502dd883507d469b4308a943bb3?s=96&d=mm&r=g","contentUrl":"https:\/\/secure.gravatar.com\/avatar\/ad6774b3ada023bf5b939d64f45c94b3adf91502dd883507d469b4308a943bb3?s=96&d=mm&r=g","caption":"Exaudi Redazione"},"description":"Che cosa \u00e8 Exaudi News? Exaudi News \u00e8 un agenzia cattolica internazionale che informa, istruisce e trasforma quotidianamente in spagnolo, inglese e italiano. Attraverso notizie, articoli di analisi e trasmissioni in diretta degli eventi del Papa, Exaudi cerca di rafforzare l'unit\u00e0 dei cristiani e di contribuire all'evangelizzazione del mondo, sempre guidato dalla dottrina sociale della Chiesa. Lavoriamo per portare la verit\u00e0 e i valori cristiani in ogni angolo del pianeta. Aiutaci a trasformare il mondo con Exaudi! Noi di Exaudi crediamo che l'evangelizzazione e l'informazione di qualit\u00e0 possano cambiare la vita. Per continuare la nostra missione ed espandere la nostra portata, abbiamo bisogno del tuo aiuto. Stiamo anche cercando persone motivate che vogliano unirsi al nostro team. Grazie al vostro sostegno raggiungeremo pi\u00f9 persone, diffonderemo il messaggio di Cristo e rafforzeremo l'unit\u00e0 dei cristiani. Vuoi unirti alla nostra missione? Per maggiori informazioni su come contribuire, visita Exaudi.org\/it o contattaci direttamente: info@exaudi.org Exaudi: informa, forma e trasforma.","sameAs":["https:\/\/www.facebook.com\/ExaudiNotizie\/","https:\/\/www.instagram.com\/Exaudi_notizie\/","https:\/\/x.com\/Exaudi_Notizie","https:\/\/www.youtube.com\/@exaudicatholicnews"],"url":"https:\/\/exaudi.org\/it\/author\/dlvedi-org\/"}]}},"jetpack_featured_media_url":"https:\/\/exaudi.org\/wp-content\/uploads\/2024\/08\/cq5dam.web_.800.800-5.jpeg","jetpack_shortlink":"https:\/\/wp.me\/pgKjF2-rNQ","_links":{"self":[{"href":"https:\/\/exaudi.org\/it\/wp-json\/wp\/v2\/posts\/106878","targetHints":{"allow":["GET"]}}],"collection":[{"href":"https:\/\/exaudi.org\/it\/wp-json\/wp\/v2\/posts"}],"about":[{"href":"https:\/\/exaudi.org\/it\/wp-json\/wp\/v2\/types\/post"}],"author":[{"embeddable":true,"href":"https:\/\/exaudi.org\/it\/wp-json\/wp\/v2\/users\/17"}],"replies":[{"embeddable":true,"href":"https:\/\/exaudi.org\/it\/wp-json\/wp\/v2\/comments?post=106878"}],"version-history":[{"count":0,"href":"https:\/\/exaudi.org\/it\/wp-json\/wp\/v2\/posts\/106878\/revisions"}],"wp:featuredmedia":[{"embeddable":true,"href":"https:\/\/exaudi.org\/it\/wp-json\/wp\/v2\/media\/106879"}],"wp:attachment":[{"href":"https:\/\/exaudi.org\/it\/wp-json\/wp\/v2\/media?parent=106878"}],"wp:term":[{"taxonomy":"category","embeddable":true,"href":"https:\/\/exaudi.org\/it\/wp-json\/wp\/v2\/categories?post=106878"},{"taxonomy":"post_tag","embeddable":true,"href":"https:\/\/exaudi.org\/it\/wp-json\/wp\/v2\/tags?post=106878"}],"curies":[{"name":"wp","href":"https:\/\/api.w.org\/{rel}","templated":true}]}}