{"id":106837,"date":"2024-08-23T18:14:01","date_gmt":"2024-08-23T16:14:01","guid":{"rendered":"https:\/\/exaudi.org\/?p=106837"},"modified":"2024-08-23T18:14:01","modified_gmt":"2024-08-23T16:14:01","slug":"la-ricchezza-della-liturgia-cattolica","status":"publish","type":"post","link":"https:\/\/exaudi.org\/it\/la-ricchezza-della-liturgia-cattolica\/","title":{"rendered":"La ricchezza della liturgia cattolica"},"content":{"rendered":"<p>In pochi giorni, durante questo mese di agosto, ho potuto assistere a diverse messe in luoghi diversi e ho visto come possiamo ancora godere dell&#8217;immensa ricchezza liturgica cattolica e della celebrazione ben fatta dell&#8217;Eucaristia.<\/p>\n<p>Vorrei condividere questa esperienza non come farebbe un teologo o un liturgista \u2013 per la cui valutazione disciplinare non sono qualificato \u2013 ma dalla prospettiva di un semplice laico che, giorno dopo giorno, scopre il valore centrale della Santa Messa nella sua Vita cristiana, che rende grazie al Signore per l&#8217;evento meraviglioso in cui il Figlio di Dio \u00e8 realmente presente in ogni Eucaristia, e, infine, che si commuove davanti alla bellezza della liturgia volta a lodare, adorare e glorificare Dio.<\/p>\n<p><strong>Liturgia Straordinaria della Messa in Rito Romano Tradizionale (<em>Vetus Ordo<\/em>)<\/strong><\/p>\n<p>Da tempo desideravo assistere alla tradizionale messa di rito romano (<em>Vetus Ordo<\/em>) che continua ininterrottamente ogni domenica nella Cappella di Nostra Signora della Misericordia e di San Pietro Apostolo a Barcellona.<\/p>\n<p>In quella piccola cappella situata in via Laforja a Barcellona, \u200b\u200bla messa viene celebrata esclusivamente nella forma straordinaria del rito romano, solitamente cantata la domenica a mezzogiorno e recitata il mercoled\u00ec pomeriggio.<\/p>\n<figure id=\"attachment_106823\" aria-describedby=\"caption-attachment-106823\" style=\"width: 189px\" class=\"wp-caption alignleft\"><img loading=\"lazy\" decoding=\"async\" class=\"size-medium wp-image-106823\" src=\"https:\/\/exaudi.org\/wp-content\/uploads\/2024\/08\/IMG_1852-189x300.jpg\" alt=\"\" width=\"189\" height=\"300\" srcset=\"https:\/\/exaudi.org\/wp-content\/uploads\/2024\/08\/IMG_1852-189x300.jpg 189w, https:\/\/exaudi.org\/wp-content\/uploads\/2024\/08\/IMG_1852-645x1024.jpg 645w, https:\/\/exaudi.org\/wp-content\/uploads\/2024\/08\/IMG_1852-770x1223.jpg 770w, https:\/\/exaudi.org\/wp-content\/uploads\/2024\/08\/IMG_1852-967x1536.jpg 967w, https:\/\/exaudi.org\/wp-content\/uploads\/2024\/08\/IMG_1852-1290x2048.jpg 1290w, https:\/\/exaudi.org\/wp-content\/uploads\/2024\/08\/IMG_1852-500x794.jpg 500w, https:\/\/exaudi.org\/wp-content\/uploads\/2024\/08\/IMG_1852-293x465.jpg 293w, https:\/\/exaudi.org\/wp-content\/uploads\/2024\/08\/IMG_1852-1400x2223.jpg 1400w, https:\/\/exaudi.org\/wp-content\/uploads\/2024\/08\/IMG_1852-390x619.jpg 390w, https:\/\/exaudi.org\/wp-content\/uploads\/2024\/08\/IMG_1852-scaled.jpg 1612w\" sizes=\"auto, (max-width: 189px) 100vw, 189px\" \/><figcaption id=\"caption-attachment-106823\" class=\"wp-caption-text\"><em>Cappella di Nostra Signora della Misericordia e San Pietro Apostolo di Barcellona. Foto: Alberto Cortina<\/em><\/figcaption><\/figure>\n<p>La bellezza dei canti latini e gregoriani, la celebrazione rivolta verso Dio (non voltando le spalle al popolo), il mistero, l&#8217;adorazione, l&#8217;incenso, la croce e il silenzio in molte parti della liturgia, elevano l&#8217;anima e lo spirito verso il Cielo, mentre risvegliare spiritualmente tutti i sensi del nostro corpo.<\/p>\n<p>Non sorprende, quindi, che Papa Benedetto XVI, costantemente preoccupato che la Chiesa di Cristo offrisse alla Divina Maest\u00e0 un culto degno di \u201clode e gloria del suo nome\u201d, attraverso il motu proprio <a href=\"https:\/\/www.vatican.va\/content\/benedict-xvi\/es\/motu_proprio\/documents\/hf_ben-xvi_motu-proprio_20070707_summorum-pontificum.html\">Summorum Pontificum<\/a>, ha stabilito nel 2007 quanto segue:<\/p>\n<p>&#8220;Arte. 1.- Il Messale Romano promulgato da Paolo VI \u00e8 l&#8217;espressione ordinaria della &#8220;Lex orandi&#8221; (&#8220;Legge della preghiera&#8221;), della Chiesa cattolica di rito latino. Tuttavia, il Messale Romano promulgato da San Pio V, e ancora dal Beato Giovanni XXIII, deve considerarsi espressione straordinaria della stessa \u201cLex orandi\u201d e godere del dovuto rispetto per il suo uso venerabile e antico. Queste due espressioni della &#8220;Lex orandi&#8221; della Chiesa non inducono in alcun modo una divisione della &#8220;Lex credendi&#8221; (&#8220;Legge della fede&#8221;) della Chiesa; in effetti, sono due usi dell&#8217;unico rito romano.<\/p>\n<p>Per questo \u00e8 lecito celebrare il Sacrificio della Messa secondo l&#8217;edizione tipica del Messale Romano promulgata dal Beato Giovanni XXIII nel 1962, e mai abrogata, come forma straordinaria della Liturgia della Chiesa. Le condizioni per l&#8217;uso del presente messale stabilite nei documenti precedenti, \u201cQuattuor abhinc annis\u201d ed \u201cEcclesia Dei\u201d, saranno sostituite, come di seguito riportate \/&#8230;\/.\u201d<\/p>\n<p>Secondo esperti e studiosi della materia, il desiderio di unit\u00e0 \u00e8 ci\u00f2 che ha spinto Benedetto XVI a preparare il motu proprio Summorum Pontificum sull&#8217;uso della liturgia romana precedente alla riforma del 1970, cio\u00e8 il Messale promulgato da Giovanni XXIII nel 1962, pochi mesi prima dell\u2019inizio del Concilio Vaticano II e che stava ancora contemplando la messa di san Pio V, detto il Tridentino.<\/p>\n<p>In un&#8217;altra parte del citato motu proprio, Papa Benedetto XVI presenta la seguente rassegna storica che interessa attualmente:<\/p>\n<p>\u00abTra i pontefici che ebbero questa preoccupazione (per la liturgia), spicca il nome di san Gregorio Magno, che fece tutto il possibile per trasmettere ai nuovi popoli d&#8217;Europa sia la fede cattolica che i tesori di culto e di cultura accumulati i romani nei secoli precedenti. Ordin\u00f2 che fosse definita e conservata la forma della Sacra Liturgia relativa sia al Sacrificio della Messa che all&#8217;Ufficio Divino, cos\u00ec come veniva celebrata nell&#8217;Urbe. Promosse con la massima attenzione la diffusione di monaci e monache che, agendo secondo la regola di san Benedetto, sempre insieme all&#8217;annuncio del Vangelo, esemplificavano con la loro vita la sana massima della Regola: \u00abNiente viene prima dell&#8217;opera di Dio.&#8221; (cap. 43). In questo modo la Sacra Liturgia, celebrata secondo l&#8217;uso romano, ha arricchito non solo la fede e la piet\u00e0, ma anche la cultura di tanti popoli. \u00c8 infatti chiaro che la liturgia latina della Chiesa, nelle sue diverse forme, in tutti i secoli dell&#8217;era cristiana, ha incoraggiato numerosi santi alla vita spirituale e ha rafforzato tanti popoli nella virt\u00f9 della religione e ne ha fecondato la piet\u00e0. &#8221;<\/p>\n<p>Bisogna tener conto anche dell&#8217;Istruzione Universae Ecclesiae, della Congregazione per la Dottrina della Fede, in applicazione del citato Motu Proprio, che nel 2011 ne ha completato la ragion d&#8217;essere.<\/p>\n<p>In relazione al valore patrimoniale e culturale della liturgia cattolica, nel suo rito romano tradizionale, la lettera inviata nel 1971 dal Primate d&#8217;Inghilterra, mons. Heenan, che la fece anche sua, a Paolo VI, che si stup\u00ec di vedere tra i firmatari , pi\u00f9 di ottanta rappresentanti della cultura del XX secolo. Di seguito riproduciamo parte del testo:<\/p>\n<p>\u201cSe qualche decreto insensato ordinasse la distruzione totale o parziale di basiliche o cattedrali, ovviamente sarebbero i fruitori della cultura \u2013 qualunque sia il loro credo personale \u2013 ad insorgere con orrore contro una simile possibilit\u00e0. Ora, basiliche e cattedrali furono costruite per celebrare\u2026 la Messa Romana Tradizionale. Ciononostante&#8230;, c&#8217;\u00e8 un progetto per far scomparire detta Messa&#8230; Oggi, come in passato, le persone colte&#8230;, quando la tradizione \u00e8 minacciata, sono le prime a dare l&#8217;allarme. Non stiamo considerando in questo momento l\u2019esperienza religiosa o spirituale di milioni di individui. Il Rito in questione, nel suo magnifico testo latino, ha ispirato una pletora di realizzazioni artistiche di inestimabile valore, non solo opere mistiche, ma anche poeti, filosofi, musicisti, architetti, pittori e scultori di tutti i paesi ed epoche. E cos\u00ec il Rito appartiene alla cultura universale, cos\u00ec come appartiene agli uomini di Chiesa e ai cristiani&#8230; I firmatari di questa richiesta, del tutto ecumenica e apolitica, da ciascuno dei rami della cultura europea e altrove, vogliono per richiamare l\u2019attenzione della Santa Sede sull\u2019enorme responsabilit\u00e0 che essa incorrerebbe nella storia dello spirito umano se rifiutasse di permettere la sussistenza della Messa Tradizionale\u201d.<\/p>\n<p>Tra gli 84 firmatari c&#8217;erano gli scrittori Robert Graves, Graham Greene, Jorge Luis Borges, Cecil Day Lewis, Julien Green, Fran\u00e7ois Mauriac, Eugenio Montale, Salvador de Madariaga; i filosofi Augusto Del Noce, Jacques Maritain, Mar\u00eda Zambrano, Gabriel Marcel; il chitarrista Andr\u00e9s Segovia ecc.<\/p>\n<p>E la critica che si sollev\u00f2 allora riguardo alla concessione dell\u2019uso gratuito del messale romano del 1962 non riguarda solo l\u2019aspetto liturgico, ma suggerisce anche una certa concezione del Concilio Vaticano II e della riforma liturgica che lo ispir\u00f2 in chiave \u201cermeneutica\u201d. di rottura\u201d. Papa Benedetto XVI vi ha fatto riferimento, pochi mesi dopo la sua elezione, nel suo famoso discorso alla Curia Romana prima del Natale del 2005, in cui ha invitato a mettere da parte quella matrice interpretativa e ad adottare, invece, una posizione costruttiva e stabile nella Tradizione viva della Chiesa, da lui chiamata \u201cermeneutica della continuit\u00e0\u201d.<\/p>\n<p>Questa scelta di Benedetto XVI rispetto al rito romano tradizionale nella sua forma straordinaria non \u00e8 stata tanto, come dicono alcuni, un ritorno al passato, quanto piuttosto l&#8217;esigenza di riequilibrare pienamente gli aspetti eterni, trascendenti e celesti con gli aspetti terrestri e comunitari della la liturgia. Lo scopo era quello di contribuire a stabilire finalmente un equilibrio e un&#8217;armonia tra il senso del sacro e del mistero, da un lato, e i gesti esterni, gli atteggiamenti e gli impegni socioculturali che derivano dalla Liturgia.<\/p>\n<p>Fu san Pio X ad attribuire alla liturgia l&#8217;espressione \u201cfonte primaria\u201d dell&#8217;autentico spirito cristiano. La liturgia, possiamo dire, \u00e8 nell&#8217;occhio del ciclone, perch\u00e9 ci\u00f2 che si celebra \u00e8 ci\u00f2 che si crede e ci\u00f2 che si vive: il famoso assioma \u201cLex orandi\u201d, \u201clex credenti\u201d.<\/p>\n<p>Tuttavia, come ha affermato Papa san Giovanni Paolo II: \u00abLa cultura europea d\u00e0 l\u2019impressione di un\u2019apostasia silenziosa da parte dell\u2019uomo autosufficiente che vive come se Dio non esistesse\u00bb (Ecclesia in Europa, 9).<\/p>\n<p>Per approfondire questi temi si consiglia, tra le altre pubblicazioni, la lettura del libro di Alberto Soria Jim\u00e9nez \u201cI principi interpretativi del motu proprio Summorum Pontificum\u201d (Ediciones Cristiandad, Madrid, 2014) commentato da Jaime Alcalde Silva, professore presso l&#8217;Universit\u00e0 Cattolica del Cile.<\/p>\n<p>Consigliamo anche il libro \u201cIl cardinale Ferdinando Antonelli e la riforma liturgica\u201d di Nicola Giampietro (Ediciones Cristiandad, Madrid, 2005) per avere una versione diversa degli obiettivi inizialmente previsti e dei risultati ottenuti. Conoscere un giorno i diari segreti di monsignor Annibale Bugnini servir\u00e0 a capire meglio cosa sia stata realmente la riforma liturgica postconciliare.<\/p>\n<p>Segnaliamo infine il libro \u201cLa riforma della liturgia romana\u201d di monsignor Klaus Gamber, fondatore dell\u2019Istituto Liturgico di Ratisbona (Ediciones Buen Combate, Collezione Sacerdocio y Culto, Buenos Aires, 2013). In quest&#8217;opera si sottolinea che \u00e8 necessario vedere, nella celebrazione della Santa Messa, un culto rivolto a Dio, un&#8217;azione culturale solenne, al centro della quale sta Dio e non l&#8217;uomo.<\/p>\n<p>In questa prospettiva, la liturgia \u00e8 intesa soprattutto come un servizio sacro compiuto davanti a Dio; il che significa anche, come scrive Papa San Gregorio nei suoi \u201cDialoghi\u201d (IV, 60) che:<\/p>\n<p>\u201cNell&#8217;ora del sacrificio, il cielo si apre alla voce del sacerdote; che in questo mistero di Ges\u00f9 Cristo sono presenti i cori degli angeli, ci\u00f2 che \u00e8 in alto si unisce con ci\u00f2 che \u00e8 in basso; che il cielo e la terra si uniscono; che il visibile e l\u2019invisibile si fondono in uno.\u201d<\/p>\n<p>Monsignor Klaus Gamber, in conclusione, si chiede: \u00abPerch\u00e9 due forme, quella del vecchio rito e quella del nuovo rito, non potevano coesistere pacificamente? Come in Oriente, dove esistono numerosi riti e liturgie, e anche in Occidente, dove ancora oggi esistono riti particolari, come a Milano.&#8221;<\/p>\n<p>Tuttavia, questa non sembra essere la direzione che la Chiesa cattolica ha intrapreso in questi tempi. Come noto, il motu proprio Traditionis Custodes regola attualmente l\u2019uso della liturgia romana prima della riforma del 1970 promulgata da Papa Francesco nel 2021.<\/p>\n<p><a href=\"https:\/\/www.vatican.va\/content\/francesco\/es\/motu_proprio\/documents\/20210716-motu-proprio-traditionis-custodes.html\">https:\/\/www.vatican.va\/content\/francesco\/es\/motu_proprio\/documents\/20210716-motu-proprio-traditionis-custodes.html<\/a><\/p>\n<p><strong>Liturgia Ordinaria della Messa del Nuovo Rito Romano (Novus Ordo)<\/strong><\/p>\n<p>Desidero poi condividere la mia esperienza personale durante questi giorni di vacanza con la mia famiglia in diversi luoghi di culto, dove abbiamo assistito alle eucaristiche celebrate con rigore e devozione secondo il messale romano promulgato da Papa Paolo VI (Novus Ordo).<\/p>\n<ol>\n<li>Messa nella Basilica del Pilar a Saragozza.<\/li>\n<li>Messa nel Monastero di Leyre in Navarra.<\/li>\n<li>Messa nella Cattedrale di Pamplona in Navarra.<\/li>\n<li>Messa al Santuario di Lourdes in Francia.<\/li>\n<\/ol>\n<p><strong>Messa nella Basilica del Pilar<\/strong><\/p>\n<p>Abbiamo iniziato il nostro viaggio in famiglia, fermandoci, come \u00e8 consuetudine su questo itinerario, nella Basilica del Pilar a Saragozza, per onorare nostra Madre.<\/p>\n<p>La Santa Cappella di Nostra Signora del Pilar a Saragozza \u00e8 un tempio barocco costruito tra il 1750 e il 1765 all&#8217;interno della Basilica dove \u00e8 ospitata la colonna (il \u201cpilastro\u201d) su cui, secondo la tradizione, la Vergine Maria apparve all&#8217;apostolo Santiago nel anno 40, e l&#8217;immagine della Vergine che tiene in mano.<\/p>\n<p>Lo spazio \u00e8 concepito come un baldacchino all&#8217;interno del tempio situato sotto il secondo settore della navata centrale. Lo spazio interno, nel presbiterio, \u00e8 l&#8217;Altare che prepara il sacerdote a celebrare la messa Ad orientem, cio\u00e8 rivolto verso Dio.<\/p>\n<p>Quando quel giorno assistetti alla messa del Novus Ordo con la mia famiglia in detta cappella, celebrata con tutto rigore e devozione dal sacerdote, alcune delle riflessioni di padre Alberto Jos\u00e9 Gonz\u00e1lez Chaves fatte in una serie di suoi articoli sulla messa tradizionale come celebrazione liturgica eredit\u00e0 di Benedetto XVI.<\/p>\n<p>Padre Gonz\u00e1lez afferma che \u201cnella Messa tradizionale guardiamo al futuro della Chiesa, al cui centro sta la croce di Cristo, come al centro dell&#8217;altare sta il Sommo Sacerdote, che la Chiesa contempla e adora oggi come ieri. e sempre. Lo sguardo su Dio \u00e8 decisivo: tutto \u00e8 orientato verso di Lui; Per questo il sacerdote guarda la croce, ovvero il tabernacolo, rivolto ad Dominum: ad Orientem\u00bb.<\/p>\n<p><img loading=\"lazy\" decoding=\"async\" class=\"size-medium wp-image-106820 alignright\" src=\"https:\/\/exaudi.org\/wp-content\/uploads\/2024\/08\/57de0186-0aeb-4269-b06d-68ce23afa13c-225x300.jpg\" alt=\"\" width=\"225\" height=\"300\" srcset=\"https:\/\/exaudi.org\/wp-content\/uploads\/2024\/08\/57de0186-0aeb-4269-b06d-68ce23afa13c-225x300.jpg 225w, https:\/\/exaudi.org\/wp-content\/uploads\/2024\/08\/57de0186-0aeb-4269-b06d-68ce23afa13c-768x1024.jpg 768w, https:\/\/exaudi.org\/wp-content\/uploads\/2024\/08\/57de0186-0aeb-4269-b06d-68ce23afa13c-770x1027.jpg 770w, https:\/\/exaudi.org\/wp-content\/uploads\/2024\/08\/57de0186-0aeb-4269-b06d-68ce23afa13c-1152x1536.jpg 1152w, https:\/\/exaudi.org\/wp-content\/uploads\/2024\/08\/57de0186-0aeb-4269-b06d-68ce23afa13c-500x667.jpg 500w, https:\/\/exaudi.org\/wp-content\/uploads\/2024\/08\/57de0186-0aeb-4269-b06d-68ce23afa13c-293x391.jpg 293w, https:\/\/exaudi.org\/wp-content\/uploads\/2024\/08\/57de0186-0aeb-4269-b06d-68ce23afa13c-1400x1867.jpg 1400w, https:\/\/exaudi.org\/wp-content\/uploads\/2024\/08\/57de0186-0aeb-4269-b06d-68ce23afa13c-390x520.jpg 390w, https:\/\/exaudi.org\/wp-content\/uploads\/2024\/08\/57de0186-0aeb-4269-b06d-68ce23afa13c.jpg 1536w\" sizes=\"auto, (max-width: 225px) 100vw, 225px\" \/>Secondo padre Gonz\u00e1lez, Benedetto XVI ha lamentato che \u201cil sacerdote che si rivolge al popolo d\u00e0 alla comunit\u00e0 l\u2019apparenza di un tutto chiuso in se stesso\u201d.<\/p>\n<p>Padre Gonz\u00e1lez ci ricorda che tutta la piccola e media opera di Ratzinger su temi liturgici \u00e8 stata raccolta nell&#8217;anno giubilare del 2000 sotto il titolo Lo Spirito della Liturgia. Un\u2019introduzione, di cui quasi tutte le recensioni si sono concentrate su un capitolo di 10 pagine su 250: \u201cL\u2019altare e l\u2019orientamento della preghiera nella liturgia\u201d. Ci\u00f2 che Ratzinger dice \u00e8, in sostanza, il seguente:<\/p>\n<p>\u00abL&#8217;idea che sacerdote e persone in preghiera debbano guardarsi reciprocamente \u00e8 nata solo nel cristianesimo moderno ed \u00e8 del tutto estranea al cristianesimo antico. Sacerdote e popolo non pregano certamente gli uni verso gli altri, ma verso l&#8217;unico Signore. Pertanto, durante la preghiera guardano nella stessa direzione: o verso l&#8217;Oriente come simbolo cosmico del Signore che viene, oppure, dove ci\u00f2 non \u00e8 possibile, verso un&#8217;immagine di Cristo nell&#8217;abside, verso una croce o semplicemente verso il cielo.<\/p>\n<p>Secondo Ratzinger, dopo la riforma liturgica abbiamo perso di vista ci\u00f2 che sta al centro: \u00abLa Croce \u00e8 al centro della liturgia cristiana, in tutta la sua seriet\u00e0: un ottimismo banale, che nega la sofferenza e l&#8217;ingiustizia nel mondo riduce l\u2019essere cristiano a essere educati, non ha niente a che vedere con la liturgia della Croce\u00bb. Predicando nella Cattedrale di Westminster nel 2010, Benedetto XVI ha affermato che il grande crocifisso che domina la navata ricorda che Cristo, \u201cil nostro eterno sommo sacerdote, unisce ogni giorno ai meriti infiniti del Suo sacrificio i nostri propri sacrifici\u201d.<\/p>\n<p><strong>Messa al Monastero di Leyre<\/strong><\/p>\n<p>Abbiamo continuato il nostro viaggio di famiglia entrando in Navarra verso Yesa, dove abbiamo avuto l&#8217;immensa gioia di assistere alla messa conventuale del Novus Ordo nel monastero di San Salvador de Leyre, abitato da un dinamico ordine di monaci benedettini.<\/p>\n<p>Questo monastero \u00e8 un complesso architettonico in stile romanico, costruito su un balcone naturale sul versante meridionale della catena montuosa del Leyre, da dove si domina la valle del fiume Arag\u00f3n. I primi re di Pamplona riposano nel pantheon di questo monastero.<\/p>\n<p>Colpisce il motto che mantengono questi monaci, derivato dalla Regola di San Benedetto: \u201cNiente viene prima della celebrazione della Sacra Liturgia, Opera di Dio\u201d.<\/p>\n<p>Per i monaci di Leyre \u201ctutto il culto cristiano \u00e8 rivolto a Dio attraverso Ges\u00f9 Cristo, mediatore tra Dio e gli uomini. La liturgia \u00e8 il \u201cluogo\u201d principale dell&#8217;incontro con Dio attraverso Cristo. La liturgia cristiana \u00e8 sempre celebrazione dei misteri di Cristo, specialmente del suo mistero pasquale. Nella santa liturgia Cristo ci rende partecipi della sua vita e della sua salvezza\u00bb.<\/p>\n<figure id=\"attachment_106811\" aria-describedby=\"caption-attachment-106811\" style=\"width: 225px\" class=\"wp-caption alignleft\"><img loading=\"lazy\" decoding=\"async\" class=\"size-medium wp-image-106811\" src=\"https:\/\/exaudi.org\/wp-content\/uploads\/2024\/08\/IMG_2163-225x300.jpg\" alt=\"\" width=\"225\" height=\"300\" srcset=\"https:\/\/exaudi.org\/wp-content\/uploads\/2024\/08\/IMG_2163-225x300.jpg 225w, https:\/\/exaudi.org\/wp-content\/uploads\/2024\/08\/IMG_2163-768x1024.jpg 768w, https:\/\/exaudi.org\/wp-content\/uploads\/2024\/08\/IMG_2163-770x1027.jpg 770w, https:\/\/exaudi.org\/wp-content\/uploads\/2024\/08\/IMG_2163-1152x1536.jpg 1152w, https:\/\/exaudi.org\/wp-content\/uploads\/2024\/08\/IMG_2163-1536x2048.jpg 1536w, https:\/\/exaudi.org\/wp-content\/uploads\/2024\/08\/IMG_2163-500x667.jpg 500w, https:\/\/exaudi.org\/wp-content\/uploads\/2024\/08\/IMG_2163-293x391.jpg 293w, https:\/\/exaudi.org\/wp-content\/uploads\/2024\/08\/IMG_2163-1400x1867.jpg 1400w, https:\/\/exaudi.org\/wp-content\/uploads\/2024\/08\/IMG_2163-390x520.jpg 390w, https:\/\/exaudi.org\/wp-content\/uploads\/2024\/08\/IMG_2163-scaled.jpg 1920w\" sizes=\"auto, (max-width: 225px) 100vw, 225px\" \/><figcaption id=\"caption-attachment-106811\" class=\"wp-caption-text\"><em>Monastero di Leyre. Foto: Alberto Cortina<\/em><\/figcaption><\/figure>\n<p>La sua proposta ai visitatori e ai credenti del nostro tempo si riflette nel sito web del monastero come segue: \u201cLa santa liturgia deve essere celebrata con cuore puro e umile e con il massimo decoro e solennit\u00e0 possibile. La bellezza della liturgia \u00e8 espressione della grandezza, della saggezza e della bont\u00e0 di Dio, uno scorcio del Cielo in terra. Nel nostro monastero di Leyre manteniamo vivo il tradizionale canto gregoriano, perch\u00e9 \u201c\u00e8 parte integrante della solenne liturgia\u201d (Vaticano II). In effetti, il Gregoriano \u00e8 pieno di ispirazione artistica e di unzione religiosa. Erede del canto delle prime comunit\u00e0 cristiane, il canto gregoriano cominci\u00f2 a diventare in Occidente l&#8217;espressione musicale della fede cristiana a partire dall&#8217;VIII secolo e il commento musicale di maggior successo alla Parola di Dio. Dato il suo interesse culturale, \u00e8 stato anche dichiarato patrimonio dell\u2019umanit\u00e0\u201d.<\/p>\n<p><strong>Messa nella Cattedrale di Pamplona<\/strong><\/p>\n<p>Seguendo il percorso del nostro viaggio di famiglia, siamo arrivati \u200b\u200bnella bellissima citt\u00e0 di Pamplona. Quel giorno, 12 agosto, coincideva con il settimo anniversario della morte di mia madre e abbiamo voluto pregare per lei nella Cattedrale Metropolitana di Santa Mar\u00eda la Real.<\/p>\n<p>Di prima mattina abbiamo assistito alle Lodi e poi alla messa capitolare del Novus Ordo celebrata interamente in latino presso l&#8217;altare maggiore del bellissimo edificio gotico della Cattedrale.<\/p>\n<figure id=\"attachment_106814\" aria-describedby=\"caption-attachment-106814\" style=\"width: 225px\" class=\"wp-caption alignright\"><img loading=\"lazy\" decoding=\"async\" class=\"size-medium wp-image-106814\" src=\"https:\/\/exaudi.org\/wp-content\/uploads\/2024\/08\/IMG_2296-225x300.jpg\" alt=\"\" width=\"225\" height=\"300\" srcset=\"https:\/\/exaudi.org\/wp-content\/uploads\/2024\/08\/IMG_2296-225x300.jpg 225w, https:\/\/exaudi.org\/wp-content\/uploads\/2024\/08\/IMG_2296-768x1024.jpg 768w, https:\/\/exaudi.org\/wp-content\/uploads\/2024\/08\/IMG_2296-770x1027.jpg 770w, https:\/\/exaudi.org\/wp-content\/uploads\/2024\/08\/IMG_2296-1152x1536.jpg 1152w, https:\/\/exaudi.org\/wp-content\/uploads\/2024\/08\/IMG_2296-1536x2048.jpg 1536w, https:\/\/exaudi.org\/wp-content\/uploads\/2024\/08\/IMG_2296-500x667.jpg 500w, https:\/\/exaudi.org\/wp-content\/uploads\/2024\/08\/IMG_2296-293x391.jpg 293w, https:\/\/exaudi.org\/wp-content\/uploads\/2024\/08\/IMG_2296-1400x1867.jpg 1400w, https:\/\/exaudi.org\/wp-content\/uploads\/2024\/08\/IMG_2296-390x520.jpg 390w, https:\/\/exaudi.org\/wp-content\/uploads\/2024\/08\/IMG_2296-scaled.jpg 1920w\" sizes=\"auto, (max-width: 225px) 100vw, 225px\" \/><figcaption id=\"caption-attachment-106814\" class=\"wp-caption-text\"><em>Cattedrale Metropolitana di Santa Mar\u00eda Foto: Albert Cortina<\/em><\/figcaption><\/figure>\n<p>Pi\u00f9 tardi abbiamo avuto un&#8217;interessante conversazione con i miei figli Anna e \u00c0lex sull&#8217;uso del latino nella messa.<\/p>\n<p>Per rafforzare le mie argomentazioni, sono state molto utili le riflessioni di padre Alberto Jos\u00e9 Gonz\u00e1lez Chaves sull&#8217;argomento. &#8220;La domanda \u00e8: \u00e8 davvero d&#8217;intralcio il latino? Le persone sono davvero incapaci di comprendere la Messa tradizionale e capaci di comprendere il Novus Ordo? Anche se lo sentiamo nella nostra lingua, capiamo cosa succede realmente nella Santa Messa? Messa? Il volgare ha davvero aiutato ad aumentare la fede nella transustanziazione?&#8221;<\/p>\n<p>Secondo padre Gonz\u00e1lez, \u201cla gente non capisce la Messa in latino. Ma nemmeno in volgare! La &#8216;comprensione&#8217; che molti cattolici hanno oggi della Messa \u00e8 soggettiva e superficiale, perch\u00e9 per &#8216;capire&#8217; (a parte il fatto che \u00e8 impossibile comprendere il mysterium fidei) occorre qualcosa di pi\u00f9 del volgare. Il Novus Ordo richiede anche una catechesi pi\u00f9 ortodossa e una predicazione pi\u00f9 solida di quelle offerte oggi ai fedeli. Di per s\u00e9, il volgare non contribuisce a creare una coscienza profonda della transustanziazione e dell\u2019adorazione del Santissimo Sacramento\u201d.<\/p>\n<p>D&#8217;altra parte, secondo padre Gonz\u00e1lez, la precisione dottrinale del latino preserva l&#8217;ortodossia di un testo liturgico non soggetto a mode o vicissitudini temporali o sociologiche. Nella sua monumentale enciclica Mediator Dei, il Venerabile Pio XII ricorda che \u00abl\u2019uso della lingua latina\u2026 \u00e8 un segno manifesto e bello di unit\u00e0, nonch\u00e9 un efficace antidoto contro ogni corruzione della verit\u00e0 dottrinale. Il Vaticano II ha voluto preservare il latino nei riti latini. Alla vigilia dell\u2019apertura del Concilio, con la Costituzione apostolica Veterum Sapientia, san Giovanni XXIII ricordava che se le verit\u00e0 cattoliche fossero affidate a linguaggi moderni soggetti a mutamento, il loro significato non sarebbe rivelato con sufficiente chiarezza. La Messa in latino ci ricorda, oltre al primato del Romano Pontefice, che apparteniamo ad una comunione universale, cattolica. Papa Pio e non volgare&#8217;. E san Giovanni Paolo II scriveva nel 1980, nella Dominicae Coenae, che \u00abla Chiesa romana ha un debito speciale nei confronti del latino, la splendida lingua dell&#8217;antica Roma, e deve manifestarlo in tutte le occasioni che si presentano\u00bb. Anche se alcuni fedeli (non tanti quanto vorrebbero far credere) non sono amici del latino, sarebbe del tutto contrario alla mente della Chiesa affermare che la Messa debba essere celebrata interamente in volgare. Trento dichiarava: \u00abSe qualcuno dice&#8230; che la Messa deve essere celebrata solo in lingua volgare&#8230; sia anatema\u00bb (Sessione XXII, canone 9). Colpisce che il Concilio esprima questo punto con un anatema in un canone dogmatico e non in un decreto disciplinare.<\/p>\n<p>Eppure, per tutto quanto sopra, oggi nella Chiesa subiamo una vera e propria Damnatio del latino, che, trascinando con s\u00e9 il gregoriano, ha fatto s\u00ec che esso non si oda pi\u00f9 nelle chiese, nei monasteri e nei seminari, ma nei concerti profani, convertiti in un veicolo di profitto al di fuori della fede.<\/p>\n<p>Anche se come abbiamo visto ci sono luoghi dove la messa del Novus Ordo in latino \u00e8 meravigliosamente conservata, accompagnata da bellissimi canti gregoriani.<\/p>\n<p><strong>Messa al Santuario di Lourdes<\/strong><\/p>\n<p>Il nostro viaggio di famiglia si \u00e8 concluso con il pellegrinaggio al Santuario di Nostra Signora di Lourdes in Francia, la vigilia e il giorno &#8211; 15 agosto &#8211; in cui la Chiesa celebra l&#8217;Assunzione della Beata Vergine Maria al cielo.<\/p>\n<p>Il complesso del Santuario comprende le basiliche dell&#8217;Immacolata, quella della Madonna del Rosario e quella di San Pio<\/p>\n<p>In quei giorni abbiamo assistito a diverse messe secondo il rito del Novus Ordo in diversi luoghi di culto del Santuario. Particolarmente degna di nota \u00e8 stata la messa solenne della festa dell&#8217;Assunta celebrata sulla spianata davanti a migliaia di pellegrini, molti dei quali provenienti dai paesi africani e dall&#8217;India. In questa Santa Messa si sono uniti armoniosamente il latino, il francese e diverse lingue vernacolari. Da sottolineare anche la musica, i canti e gli inni scelti per quell&#8217;occasione, di grande bellezza.<\/p>\n<figure id=\"attachment_106817\" aria-describedby=\"caption-attachment-106817\" style=\"width: 300px\" class=\"wp-caption alignleft\"><img loading=\"lazy\" decoding=\"async\" class=\"size-medium wp-image-106817\" src=\"https:\/\/exaudi.org\/wp-content\/uploads\/2024\/08\/IMG_2756-300x225.jpg\" alt=\"\" width=\"300\" height=\"225\" srcset=\"https:\/\/exaudi.org\/wp-content\/uploads\/2024\/08\/IMG_2756-300x225.jpg 300w, https:\/\/exaudi.org\/wp-content\/uploads\/2024\/08\/IMG_2756-1024x768.jpg 1024w, https:\/\/exaudi.org\/wp-content\/uploads\/2024\/08\/IMG_2756-770x578.jpg 770w, https:\/\/exaudi.org\/wp-content\/uploads\/2024\/08\/IMG_2756-1536x1152.jpg 1536w, https:\/\/exaudi.org\/wp-content\/uploads\/2024\/08\/IMG_2756-2048x1536.jpg 2048w, https:\/\/exaudi.org\/wp-content\/uploads\/2024\/08\/IMG_2756-500x375.jpg 500w, https:\/\/exaudi.org\/wp-content\/uploads\/2024\/08\/IMG_2756-293x220.jpg 293w, https:\/\/exaudi.org\/wp-content\/uploads\/2024\/08\/IMG_2756-1400x1050.jpg 1400w, https:\/\/exaudi.org\/wp-content\/uploads\/2024\/08\/IMG_2756-390x293.jpg 390w\" sizes=\"auto, (max-width: 300px) 100vw, 300px\" \/><figcaption id=\"caption-attachment-106817\" class=\"wp-caption-text\"><em>Grotta delle apparizioni nel Santuario di Lourdes. Foto: Alberto Cortina<\/em><\/figcaption><\/figure>\n<p>Voglio per\u00f2 sottolineare il silenzio e il sentimento di profonda adorazione che si \u00e8 sentito in tutte le celebrazioni e gli eventi del Santuario. Mi hanno particolarmente colpito i gesti e l&#8217;atteggiamento di umilt\u00e0 \u2013 inginocchiarsi davanti al Signore \u2013 dei pellegrini provenienti dai Paesi africani.<\/p>\n<p>Come ricorda padre Alberto Jos\u00e9 Gonz\u00e1lez, per Benedetto XVI \u00e8 intrinseco il rapporto tra Eucaristia e adorazione, che \u00e8 come l&#8217;\u201cambiente\u201d spirituale entro il quale la comunit\u00e0 pu\u00f2 ben celebrare. La liturgia deve essere preceduta, accompagnata e seguita da un atteggiamento interiore di fede e di adorazione, perch\u00e9 nell&#8217;Eucaristia Colui che ci viene incontro e desidera unirsi a noi \u00e8 il Figlio di Dio, e davanti a Cristo crocifisso l&#8217;intero cosmo, il cielo , la terra e l&#8217;abisso, si inginocchiano (cfr Fil 2,10-11)\u2026 L&#8217;umilt\u00e0 di Dio, l&#8217;amore fino alla croce, ci mostra chi \u00e8 Dio. Davanti a Lui ci inginocchiamo, adoriamo. Essere in ginocchio non \u00e8 pi\u00f9 espressione di servit\u00f9, ma proprio della libert\u00e0 che ci dona l&#8217;amore di Dio, della gioia di essere redenti.<\/p>\n<p>Di qui la lezione silenziosa di Benedetto XVI sulla Comunione in bocca e in ginocchio, poich\u00e9 la Comunione in mano \u00e8 una cosa consentita da un indulto, cio\u00e8 da un atto di durata limitata, divenuto invece di regola, con la conseguente sottovalutazione della sacralit\u00e0 del gesto e della presenza reale stessa.<\/p>\n<p>Padre Gonz\u00e1lez prosegue nella sua riflessione: \u201cCi sono ambienti, non poco influenti, che cercano di convincerci che non c&#8217;\u00e8 bisogno di inginocchiarsi. Dicono che sia un gesto che non si adatta alla nostra cultura (ma quale si adatta?); Non conviene all&#8217;uomo maturo, che va incontro a Dio e si presenta integro. (\u2026) Pu\u00f2 darsi che la cultura moderna non comprenda il gesto dell\u2019inginocchiarsi, nella misura in cui \u00e8 una cultura che si \u00e8 allontanata dalla fede, e non conosce pi\u00f9 Colui davanti al quale inginocchiarsi \u00e8 il gesto appropriato, infatti, internamente necessario. Chi impara a credere, impara anche a inginocchiarsi. Una fede o una liturgia che non conoscesse l\u2019atto di inginocchiarsi sarebbe malata in un punto centrale\u00bb.<\/p>\n<p>Infine, padre Gonz\u00e1lez ci indica come gesto adorante non solo la prostrazione, ma anche il silenzio. Il silenzio profondo di un milione di giovani davanti al Santissimo Sacramento a Colonia \u00e8 stato indimenticabile per Benedetto XVI, che dir\u00e0: \u00abQuel silenzio orante ci ha unito, ci ha dato una grande consolazione. In un mondo in cui c\u2019\u00e8 tanto rumore, tanta confusione, c\u2019\u00e8 bisogno dell\u2019adorazione silenziosa di Ges\u00f9 nascosto nell\u2019Ostia\u201d. Nella Messa tradizionale, il \u201csilenzio\u201d del Canone Romano e della consacrazione ci ricorda che il mondo rimase in silenzio durante la crocifissione. Solo il timido suono delle campane attraversa quel sacrum silentium, annunciando l&#8217;elevazione dell&#8217;Ostia e del Calice.<\/p>\n<p>Nonostante le migliaia di pellegrini e malati che hanno riempito i diversi luoghi del Santuario di Lourdes nel giorno della festa dell&#8217;Assunta, il silenzio e l&#8217;atteggiamento di adorazione sono stati la nota che risaltava, guidati da nostra Madre, la Beata Vergine. Maria che ci indica sempre la strada giusta verso Ges\u00f9.<\/p>\n<p><strong>Conclusione<\/strong><\/p>\n<p>Come ha suggerito Benedetto XVI, \u00e8 essenziale che in questi tempi di perdita della fede di molti cattolici, il Novus Ordo si lasci influenzare dal Vetus Ordo, in ci\u00f2 che riflette la grande visione teologica della Sacrosanctum Concilium del Concilio Vaticano II .<\/p>\n<p>Nella celebrazione, secondo il Messale Romano promulgato da Papa Paolo VI (Novus Ordo), \u00e8 possibile manifestare, in modo pi\u00f9 intenso di quanto spesso fatto finora, quella sacralit\u00e0 che attira tanti \u2013 soprattutto tanti giovani \u2013 verso uso antico o tradizionale (Vetus Ordo).<\/p>\n<p>Come ha ritenuto Benedetto XVI, la garanzia pi\u00f9 sicura che la Messa celebrata secondo il rito ordinario romano secondo il messale di Paolo VI possa unire le comunit\u00e0 parrocchiali ed essere da esse amata consiste nel celebrare con grande riverenza secondo le prescrizioni; Ci\u00f2 rende visibile la ricchezza spirituale e la profondit\u00e0 teologica di questo Messale. Riceviamo entrambe le forme (Vetus Ordo e Novus Ordo) dalla Chiesa; non dovrebbero esserci rifiuti. Sarebbe bello se ognuno potesse scegliere il modo che meglio lo aiuta a celebrare e alimentare la propria fede. Ci\u00f2 contribuirebbe a mantenere la ricchezza della santa liturgia cattolica anche nel nostro tempo.<\/p>\n<p>Come affermano eminenti teologi, se la liturgia \u00e8 fondamentale per la vita della Chiesa, \u00e8 necessario il suo vero rinnovamento per rinnovare la Chiesa, perch\u00e9 \u00abnella cura che diamo alla liturgia si decide il destino della fede e della Chiesa\u00bb. poich\u00e9 \u00abdietro i diversi modi di concepire la liturgia ci sono&#8230; diversi modi di intendere la Chiesa e, di conseguenza, il rapporto dell&#8217;uomo con Lui. Il tema della liturgia non \u00e8 affatto marginale: tocchiamo qui il cuore della Fede cristiana\u201d.<\/p>\n","protected":false},"excerpt":{"rendered":"<p>Il destino della fede e della Chiesa si decide nel trattamento che diamo alla liturgia.<\/p>\n","protected":false},"author":146,"featured_media":106808,"comment_status":"closed","ping_status":"closed","sticky":false,"template":"","format":"standard","meta":{"_acf_changed":false,"_crdt_document":"","inline_featured_image":false,"footnotes":""},"categories":[129],"tags":[14431,4512,2487,3805],"class_list":["post-106837","post","type-post","status-publish","format-standard","has-post-thumbnail","hentry","category-voci","tag-albert-cortina-2","tag-chiesa-cattolica","tag-featured-3","tag-liturgia"],"acf":[],"yoast_head":"<!-- This site is optimized with the Yoast SEO plugin v27.5 - https:\/\/yoast.com\/product\/yoast-seo-wordpress\/ -->\n<title>La ricchezza della liturgia cattolica &#8211; Exaudi<\/title>\n<meta name=\"robots\" content=\"index, follow, max-snippet:-1, max-image-preview:large, max-video-preview:-1\" \/>\n<link rel=\"canonical\" href=\"https:\/\/exaudi.org\/it\/la-ricchezza-della-liturgia-cattolica\/\" \/>\n<meta property=\"og:locale\" content=\"it_IT\" \/>\n<meta property=\"og:type\" content=\"article\" \/>\n<meta property=\"og:title\" content=\"La ricchezza della liturgia cattolica &#8211; Exaudi\" \/>\n<meta property=\"og:description\" content=\"Il destino della fede e della Chiesa si decide nel trattamento che diamo alla liturgia.\" \/>\n<meta property=\"og:url\" content=\"https:\/\/exaudi.org\/it\/la-ricchezza-della-liturgia-cattolica\/\" \/>\n<meta property=\"og:site_name\" content=\"Exaudi\" \/>\n<meta property=\"article:publisher\" content=\"https:\/\/www.facebook.com\/ExaudiNews\" \/>\n<meta property=\"article:published_time\" content=\"2024-08-23T16:14:01+00:00\" \/>\n<meta property=\"og:image\" content=\"https:\/\/exaudi.org\/wp-content\/uploads\/2024\/08\/IMG_1867.jpg\" \/>\n\t<meta property=\"og:image:width\" content=\"786\" \/>\n\t<meta property=\"og:image:height\" content=\"373\" \/>\n\t<meta property=\"og:image:type\" content=\"image\/jpeg\" \/>\n<meta name=\"author\" content=\"Albert Cortina\" \/>\n<meta name=\"twitter:card\" content=\"summary_large_image\" \/>\n<meta name=\"twitter:creator\" content=\"@Exaudi_News\" \/>\n<meta name=\"twitter:site\" content=\"@Exaudi_News\" \/>\n<meta name=\"twitter:label1\" content=\"Scritto da\" \/>\n\t<meta name=\"twitter:data1\" content=\"Albert Cortina\" \/>\n\t<meta name=\"twitter:label2\" content=\"Tempo di lettura stimato\" \/>\n\t<meta name=\"twitter:data2\" content=\"20 minuti\" \/>\n<script type=\"application\/ld+json\" class=\"yoast-schema-graph\">{\"@context\":\"https:\\\/\\\/schema.org\",\"@graph\":[{\"@type\":\"Article\",\"@id\":\"https:\\\/\\\/exaudi.org\\\/it\\\/la-ricchezza-della-liturgia-cattolica\\\/#article\",\"isPartOf\":{\"@id\":\"https:\\\/\\\/exaudi.org\\\/it\\\/la-ricchezza-della-liturgia-cattolica\\\/\"},\"author\":{\"name\":\"Albert Cortina\",\"@id\":\"https:\\\/\\\/exaudi.org\\\/#\\\/schema\\\/person\\\/eb838cd3b0de54952c6e6999dff746e0\"},\"headline\":\"La ricchezza della liturgia cattolica\",\"datePublished\":\"2024-08-23T16:14:01+00:00\",\"mainEntityOfPage\":{\"@id\":\"https:\\\/\\\/exaudi.org\\\/it\\\/la-ricchezza-della-liturgia-cattolica\\\/\"},\"wordCount\":4064,\"image\":{\"@id\":\"https:\\\/\\\/exaudi.org\\\/it\\\/la-ricchezza-della-liturgia-cattolica\\\/#primaryimage\"},\"thumbnailUrl\":\"https:\\\/\\\/exaudi.org\\\/wp-content\\\/uploads\\\/2024\\\/08\\\/IMG_1867.jpg\",\"keywords\":[\"Albert Cortina\",\"Chiesa cattolica\",\"Featured\",\"liturgia\"],\"articleSection\":[\"Voci\"],\"inLanguage\":\"it-IT\"},{\"@type\":\"WebPage\",\"@id\":\"https:\\\/\\\/exaudi.org\\\/it\\\/la-ricchezza-della-liturgia-cattolica\\\/\",\"url\":\"https:\\\/\\\/exaudi.org\\\/it\\\/la-ricchezza-della-liturgia-cattolica\\\/\",\"name\":\"La ricchezza della liturgia cattolica &#8211; Exaudi\",\"isPartOf\":{\"@id\":\"https:\\\/\\\/exaudi.org\\\/#website\"},\"primaryImageOfPage\":{\"@id\":\"https:\\\/\\\/exaudi.org\\\/it\\\/la-ricchezza-della-liturgia-cattolica\\\/#primaryimage\"},\"image\":{\"@id\":\"https:\\\/\\\/exaudi.org\\\/it\\\/la-ricchezza-della-liturgia-cattolica\\\/#primaryimage\"},\"thumbnailUrl\":\"https:\\\/\\\/exaudi.org\\\/wp-content\\\/uploads\\\/2024\\\/08\\\/IMG_1867.jpg\",\"datePublished\":\"2024-08-23T16:14:01+00:00\",\"author\":{\"@id\":\"https:\\\/\\\/exaudi.org\\\/#\\\/schema\\\/person\\\/eb838cd3b0de54952c6e6999dff746e0\"},\"breadcrumb\":{\"@id\":\"https:\\\/\\\/exaudi.org\\\/it\\\/la-ricchezza-della-liturgia-cattolica\\\/#breadcrumb\"},\"inLanguage\":\"it-IT\",\"potentialAction\":[{\"@type\":\"ReadAction\",\"target\":[\"https:\\\/\\\/exaudi.org\\\/it\\\/la-ricchezza-della-liturgia-cattolica\\\/\"]}]},{\"@type\":\"ImageObject\",\"inLanguage\":\"it-IT\",\"@id\":\"https:\\\/\\\/exaudi.org\\\/it\\\/la-ricchezza-della-liturgia-cattolica\\\/#primaryimage\",\"url\":\"https:\\\/\\\/exaudi.org\\\/wp-content\\\/uploads\\\/2024\\\/08\\\/IMG_1867.jpg\",\"contentUrl\":\"https:\\\/\\\/exaudi.org\\\/wp-content\\\/uploads\\\/2024\\\/08\\\/IMG_1867.jpg\",\"width\":786,\"height\":373},{\"@type\":\"BreadcrumbList\",\"@id\":\"https:\\\/\\\/exaudi.org\\\/it\\\/la-ricchezza-della-liturgia-cattolica\\\/#breadcrumb\",\"itemListElement\":[{\"@type\":\"ListItem\",\"position\":1,\"name\":\"Portada\",\"item\":\"https:\\\/\\\/exaudi.org\\\/it\\\/\"},{\"@type\":\"ListItem\",\"position\":2,\"name\":\"La ricchezza della liturgia cattolica\"}]},{\"@type\":\"WebSite\",\"@id\":\"https:\\\/\\\/exaudi.org\\\/#website\",\"url\":\"https:\\\/\\\/exaudi.org\\\/\",\"name\":\"Exaudi\",\"description\":\"News\",\"potentialAction\":[{\"@type\":\"SearchAction\",\"target\":{\"@type\":\"EntryPoint\",\"urlTemplate\":\"https:\\\/\\\/exaudi.org\\\/?s={search_term_string}\"},\"query-input\":{\"@type\":\"PropertyValueSpecification\",\"valueRequired\":true,\"valueName\":\"search_term_string\"}}],\"inLanguage\":\"it-IT\"},{\"@type\":\"Person\",\"@id\":\"https:\\\/\\\/exaudi.org\\\/#\\\/schema\\\/person\\\/eb838cd3b0de54952c6e6999dff746e0\",\"name\":\"Albert Cortina\",\"image\":{\"@type\":\"ImageObject\",\"inLanguage\":\"it-IT\",\"@id\":\"https:\\\/\\\/secure.gravatar.com\\\/avatar\\\/a6ff6f8f9d2f6d3dfd6a704e7dfe85e4f91abe27f2654610849fd7578b1d572d?s=96&d=mm&r=g\",\"url\":\"https:\\\/\\\/secure.gravatar.com\\\/avatar\\\/a6ff6f8f9d2f6d3dfd6a704e7dfe85e4f91abe27f2654610849fd7578b1d572d?s=96&d=mm&r=g\",\"contentUrl\":\"https:\\\/\\\/secure.gravatar.com\\\/avatar\\\/a6ff6f8f9d2f6d3dfd6a704e7dfe85e4f91abe27f2654610849fd7578b1d572d?s=96&d=mm&r=g\",\"caption\":\"Albert Cortina\"},\"description\":\"Albert Cortina es abogado y urbanista. Director del Estudio DTUM, impulsa un humanismo avanzado para una sociedad donde las biotecnolog\u00edas exponenciales est\u00e9n al servicio de las personas y de la vida. Promueve la integraci\u00f3n entre ciencia, \u00e9tica y espiritualidad. Actualmente focaliza su atenci\u00f3n en la preservaci\u00f3n de la naturaleza y condici\u00f3n humana desde una antropolog\u00eda adecuada que priorice el desarrollo integral de la persona. Cree en unos principios basados en una \u00e9tica universal que tenga su fundamento en la ley natural y en la espiritualidad del coraz\u00f3n. Desde su vocaci\u00f3n profesional gestiona ideas, valores y proyectos a favor del bien com\u00fan.\",\"url\":\"https:\\\/\\\/exaudi.org\\\/it\\\/author\\\/albert-cortina\\\/\"}]}<\/script>\n<!-- \/ Yoast SEO plugin. -->","yoast_head_json":{"title":"La ricchezza della liturgia cattolica &#8211; Exaudi","robots":{"index":"index","follow":"follow","max-snippet":"max-snippet:-1","max-image-preview":"max-image-preview:large","max-video-preview":"max-video-preview:-1"},"canonical":"https:\/\/exaudi.org\/it\/la-ricchezza-della-liturgia-cattolica\/","og_locale":"it_IT","og_type":"article","og_title":"La ricchezza della liturgia cattolica &#8211; Exaudi","og_description":"Il destino della fede e della Chiesa si decide nel trattamento che diamo alla liturgia.","og_url":"https:\/\/exaudi.org\/it\/la-ricchezza-della-liturgia-cattolica\/","og_site_name":"Exaudi","article_publisher":"https:\/\/www.facebook.com\/ExaudiNews","article_published_time":"2024-08-23T16:14:01+00:00","og_image":[{"width":786,"height":373,"url":"https:\/\/exaudi.org\/wp-content\/uploads\/2024\/08\/IMG_1867.jpg","type":"image\/jpeg"}],"author":"Albert Cortina","twitter_card":"summary_large_image","twitter_creator":"@Exaudi_News","twitter_site":"@Exaudi_News","twitter_misc":{"Scritto da":"Albert Cortina","Tempo di lettura stimato":"20 minuti"},"schema":{"@context":"https:\/\/schema.org","@graph":[{"@type":"Article","@id":"https:\/\/exaudi.org\/it\/la-ricchezza-della-liturgia-cattolica\/#article","isPartOf":{"@id":"https:\/\/exaudi.org\/it\/la-ricchezza-della-liturgia-cattolica\/"},"author":{"name":"Albert Cortina","@id":"https:\/\/exaudi.org\/#\/schema\/person\/eb838cd3b0de54952c6e6999dff746e0"},"headline":"La ricchezza della liturgia cattolica","datePublished":"2024-08-23T16:14:01+00:00","mainEntityOfPage":{"@id":"https:\/\/exaudi.org\/it\/la-ricchezza-della-liturgia-cattolica\/"},"wordCount":4064,"image":{"@id":"https:\/\/exaudi.org\/it\/la-ricchezza-della-liturgia-cattolica\/#primaryimage"},"thumbnailUrl":"https:\/\/exaudi.org\/wp-content\/uploads\/2024\/08\/IMG_1867.jpg","keywords":["Albert Cortina","Chiesa cattolica","Featured","liturgia"],"articleSection":["Voci"],"inLanguage":"it-IT"},{"@type":"WebPage","@id":"https:\/\/exaudi.org\/it\/la-ricchezza-della-liturgia-cattolica\/","url":"https:\/\/exaudi.org\/it\/la-ricchezza-della-liturgia-cattolica\/","name":"La ricchezza della liturgia cattolica &#8211; Exaudi","isPartOf":{"@id":"https:\/\/exaudi.org\/#website"},"primaryImageOfPage":{"@id":"https:\/\/exaudi.org\/it\/la-ricchezza-della-liturgia-cattolica\/#primaryimage"},"image":{"@id":"https:\/\/exaudi.org\/it\/la-ricchezza-della-liturgia-cattolica\/#primaryimage"},"thumbnailUrl":"https:\/\/exaudi.org\/wp-content\/uploads\/2024\/08\/IMG_1867.jpg","datePublished":"2024-08-23T16:14:01+00:00","author":{"@id":"https:\/\/exaudi.org\/#\/schema\/person\/eb838cd3b0de54952c6e6999dff746e0"},"breadcrumb":{"@id":"https:\/\/exaudi.org\/it\/la-ricchezza-della-liturgia-cattolica\/#breadcrumb"},"inLanguage":"it-IT","potentialAction":[{"@type":"ReadAction","target":["https:\/\/exaudi.org\/it\/la-ricchezza-della-liturgia-cattolica\/"]}]},{"@type":"ImageObject","inLanguage":"it-IT","@id":"https:\/\/exaudi.org\/it\/la-ricchezza-della-liturgia-cattolica\/#primaryimage","url":"https:\/\/exaudi.org\/wp-content\/uploads\/2024\/08\/IMG_1867.jpg","contentUrl":"https:\/\/exaudi.org\/wp-content\/uploads\/2024\/08\/IMG_1867.jpg","width":786,"height":373},{"@type":"BreadcrumbList","@id":"https:\/\/exaudi.org\/it\/la-ricchezza-della-liturgia-cattolica\/#breadcrumb","itemListElement":[{"@type":"ListItem","position":1,"name":"Portada","item":"https:\/\/exaudi.org\/it\/"},{"@type":"ListItem","position":2,"name":"La ricchezza della liturgia cattolica"}]},{"@type":"WebSite","@id":"https:\/\/exaudi.org\/#website","url":"https:\/\/exaudi.org\/","name":"Exaudi","description":"News","potentialAction":[{"@type":"SearchAction","target":{"@type":"EntryPoint","urlTemplate":"https:\/\/exaudi.org\/?s={search_term_string}"},"query-input":{"@type":"PropertyValueSpecification","valueRequired":true,"valueName":"search_term_string"}}],"inLanguage":"it-IT"},{"@type":"Person","@id":"https:\/\/exaudi.org\/#\/schema\/person\/eb838cd3b0de54952c6e6999dff746e0","name":"Albert Cortina","image":{"@type":"ImageObject","inLanguage":"it-IT","@id":"https:\/\/secure.gravatar.com\/avatar\/a6ff6f8f9d2f6d3dfd6a704e7dfe85e4f91abe27f2654610849fd7578b1d572d?s=96&d=mm&r=g","url":"https:\/\/secure.gravatar.com\/avatar\/a6ff6f8f9d2f6d3dfd6a704e7dfe85e4f91abe27f2654610849fd7578b1d572d?s=96&d=mm&r=g","contentUrl":"https:\/\/secure.gravatar.com\/avatar\/a6ff6f8f9d2f6d3dfd6a704e7dfe85e4f91abe27f2654610849fd7578b1d572d?s=96&d=mm&r=g","caption":"Albert Cortina"},"description":"Albert Cortina es abogado y urbanista. Director del Estudio DTUM, impulsa un humanismo avanzado para una sociedad donde las biotecnolog\u00edas exponenciales est\u00e9n al servicio de las personas y de la vida. Promueve la integraci\u00f3n entre ciencia, \u00e9tica y espiritualidad. Actualmente focaliza su atenci\u00f3n en la preservaci\u00f3n de la naturaleza y condici\u00f3n humana desde una antropolog\u00eda adecuada que priorice el desarrollo integral de la persona. Cree en unos principios basados en una \u00e9tica universal que tenga su fundamento en la ley natural y en la espiritualidad del coraz\u00f3n. Desde su vocaci\u00f3n profesional gestiona ideas, valores y proyectos a favor del bien com\u00fan.","url":"https:\/\/exaudi.org\/it\/author\/albert-cortina\/"}]}},"jetpack_featured_media_url":"https:\/\/exaudi.org\/wp-content\/uploads\/2024\/08\/IMG_1867.jpg","jetpack_shortlink":"https:\/\/wp.me\/pgKjF2-rNb","_links":{"self":[{"href":"https:\/\/exaudi.org\/it\/wp-json\/wp\/v2\/posts\/106837","targetHints":{"allow":["GET"]}}],"collection":[{"href":"https:\/\/exaudi.org\/it\/wp-json\/wp\/v2\/posts"}],"about":[{"href":"https:\/\/exaudi.org\/it\/wp-json\/wp\/v2\/types\/post"}],"author":[{"embeddable":true,"href":"https:\/\/exaudi.org\/it\/wp-json\/wp\/v2\/users\/146"}],"replies":[{"embeddable":true,"href":"https:\/\/exaudi.org\/it\/wp-json\/wp\/v2\/comments?post=106837"}],"version-history":[{"count":0,"href":"https:\/\/exaudi.org\/it\/wp-json\/wp\/v2\/posts\/106837\/revisions"}],"wp:featuredmedia":[{"embeddable":true,"href":"https:\/\/exaudi.org\/it\/wp-json\/wp\/v2\/media\/106808"}],"wp:attachment":[{"href":"https:\/\/exaudi.org\/it\/wp-json\/wp\/v2\/media?parent=106837"}],"wp:term":[{"taxonomy":"category","embeddable":true,"href":"https:\/\/exaudi.org\/it\/wp-json\/wp\/v2\/categories?post=106837"},{"taxonomy":"post_tag","embeddable":true,"href":"https:\/\/exaudi.org\/it\/wp-json\/wp\/v2\/tags?post=106837"}],"curies":[{"name":"wp","href":"https:\/\/api.w.org\/{rel}","templated":true}]}}