{"id":106706,"date":"2024-08-19T17:38:37","date_gmt":"2024-08-19T15:38:37","guid":{"rendered":"https:\/\/exaudi.org\/?p=106706"},"modified":"2024-08-20T18:01:42","modified_gmt":"2024-08-20T16:01:42","slug":"dare-implica-avere","status":"publish","type":"post","link":"https:\/\/exaudi.org\/it\/dare-implica-avere\/","title":{"rendered":"Dare implica avere"},"content":{"rendered":"<p>Quella notte, il tempo e il freddo cospirarono per fargli decidere \u2013 non era sua abitudine \u2013 di fermarsi, tornando a casa, a prendere un caff\u00e8. Assorto nei suoi pensieri, mescol\u00f2 lo zucchero, pronto a bere il primo sorso, quando sent\u00ec il suo nome. Pos\u00f2 la tazza sul piattino. Alz\u00f2 lo sguardo. Era Roberto, un amico che conoscevo fin dall&#8217;infanzia.<\/p>\n<p>&#8211; &#8220;Cosa fai qui a quest&#8217;ora?&#8221;, chiese.<\/p>\n<p>&#8211; \u201cI miei suoceri sono tornati a casa come una sorpresa. Con niente di speciale nell&#8217;armadio, mi \u00e8 sembrato un bel gesto comprare qualcosa di speciale per intrattenerli. E tu?&#8221;<\/p>\n<p>&#8211; &#8220;Vengo dal lavoro.&#8221; &#8211; Cos\u00ec tardi? Sei in una campagna, di fine mese o qualcosa di simile? \u2013 No. Di solito, a quest\u2019ora, torno a casa. Conoscete la storia della mia famiglia, siamo cresciuti quasi insieme, quindi ho deciso di impegnarmi per dare ai miei figli ci\u00f2 che non avevo.<\/p>\n<p>&#8211; \u201cMa cosa non avevi?\u201d &#8211; &#8220;BENE. \u2013 Tacque e aggiunse \u2013 casa propria, comodit\u00e0, buona scuola e viaggi\u2026 tra le altre cose.<\/p>\n<p>&#8211; Wow, Roberto, vuol dire che difficilmente vedi o sei con i tuoi cari!&#8221; \u2013 &#8220;Guarda, la domenica mi dedico completamente a loro. Tuttavia, la posizione che ricopro all&#8217;interno dell&#8217;azienda mi \u00e8 costata molto da raggiungere, \u00e8 molto impegnativa e, inoltre, veniamo valutati per il raggiungimento degli obiettivi. \u2013 &#8220;Vero, ma\u2026 &#8220;balbett\u00f2 l&#8217;amico. Al che Roberto ha risposto deciso, come se volesse giustificarsi: \u201cSono sicuro che quando sar\u00f2 direttore generale questa situazione cambier\u00e0 sostanzialmente. Nel frattempo\u2026 penso che ne valga la pena\u201d. \u2013 \u201cDimmi, la tua infanzia \u00e8 stata infelice?\u201d \u2013 \u201cNiente affatto, ho dei ricordi molto belli.\u201d &#8211; \u201cQuindi hai molte cose da condividere della tua infanzia\u201d? Roberto non ci ha pensato molto e ha aggiunto:<\/p>\n<p>&#8220;La verit\u00e0 \u00e8 che molte cose&#8230; non so da dove cominciare. La prima cosa che mi viene in mente \u00e8 il rumore della porta del garage, sentirlo per i miei fratelli significava che mio padre era tornato a casa. Mi chiedeva come era andata la scuola, ridevamo alle sue battute, quasi sempre le stesse. Diede a mia madre un bacio affettuoso. Mi \u00e8 piaciuto molto quel gesto! A casa mia c&#8217;era gioia, mi sentivo al sicuro, ci amavamo. Inoltre, di solito portava qualche dettaglio per la cena che ci piaceva in famiglia. \u2013&#8221;Ti sono mancati beni o comodit\u00e0 per essere felice? \u2013 &#8220;Per quanto ricordo, niente. Avevamo ci\u00f2 di cui avevamo bisogno. Ho condiviso poco o molto con i miei fratelli, penso che anche la nostra inventiva sia stata acuita per intrattenerci realizzando i nostri giocattoli. I miei genitori erano divertiti dalla nostra ingegnosit\u00e0. A Natale ho chiesto tanti regali, ma alla fine sono stato contento di quello ricevuto, forse perch\u00e9 i miei genitori li nascondevano cos\u00ec gelosamente che ritrovarli \u00e8 stata un&#8217;odissea e, quando l&#8217;abbiamo fatto, gli applausi e l&#8217;eccitazione della famiglia \u00e8 stata immediata.<\/p>\n<p>&#8211; &#8220;Roberto, una cosa mi \u00e8 chiara: in tutti i momenti teneri che hai evocato, la presenza di tuo padre \u00e8 stata significativa. Qualcosa che non ho mai assaggiato&#8230; mio padre \u00e8 morto quando ho compiuto due anni. D&#8217;altra parte, hai vissuto quell&#8217;esperienza con cos\u00ec tanto affetto che \u00e8 rimasta impressa nella tua memoria. Non lasciare che il trambusto quotidiano e l'&#8221;urgenza&#8221; impediscano ai tuoi figli di apprezzare la presenza del padre. Devo andare a casa, i miei ospiti e i miei stanno aspettando.<\/p>\n<p>Ne prov\u00f2 un sorso. Il caff\u00e8 era freddo. Ha chiamato il cameriere. Volevo pensare&#8230; accompagnato da una bevanda calda. La conversazione era stata piacevole e intensamente suggestiva. Idee e sentimenti contrastanti attraversarono la sua mente e il suo cuore. Ancora una volta trov\u00f2 il caff\u00e8 freddo. Sorrise e chiese il conto. Accese il motore della sua macchina e cominci\u00f2 il viaggio di ritorno.<\/p>\n<p>Nella sua casa la luce dell&#8217;ingresso era l&#8217;unica che la illuminava. Tutti dormivano, di solito \u00e8 cos\u00ec che ritrovava moglie e figli. Ha parcheggiato l&#8217;auto all&#8217;interno del garage. Non scese, pass\u00f2 molto tempo dentro a pensare. All&#8217;improvviso si disse: Perch\u00e9 non cerco seriamente di dare alla mia famiglia, a mia moglie e ai miei figli, quello che avevo in casa dei miei genitori? Vale di pi\u00f9 la gestione del lavoro che contemplare il sorriso dei miei figli? Non \u00e8 meglio rimandare quell&#8217;incontro con un fornitore piuttosto che rimandare la conversazione o quell&#8217;uscita con mia moglie? Il pensionamento metter\u00e0 fine alla mia carriera professionale, tuttavia non smetter\u00f2 mai di essere padre o marito. Entr\u00f2 nella sua stanza, rimanendo lo stesso, la luce della luna dandole un tocco di novit\u00e0. Sicuramente sar\u00e0 difficile per lui raggiungere il suo obiettivo&#8230; almeno, quella notte avr\u00e0 sicuramente dormito bene sapendo di aver scelto la strada giusta.<\/p>\n","protected":false},"excerpt":{"rendered":"<p>Non smetter\u00f2 mai di essere padre o marito<\/p>\n","protected":false},"author":108,"featured_media":106695,"comment_status":"closed","ping_status":"closed","sticky":false,"template":"","format":"standard","meta":{"_acf_changed":false,"_crdt_document":"","inline_featured_image":false,"footnotes":""},"categories":[129],"tags":[22603,22601,12278,758,2487,22602,11888],"class_list":["post-106706","post","type-post","status-publish","format-standard","has-post-thumbnail","hentry","category-voci","tag-avere","tag-dare","tag-edistio-camere-2","tag-famiglia","tag-featured-3","tag-marito","tag-padre-2"],"acf":[],"yoast_head":"<!-- This site is optimized with the Yoast SEO plugin v27.4 - https:\/\/yoast.com\/product\/yoast-seo-wordpress\/ -->\n<title>Dare implica avere &#8211; Exaudi<\/title>\n<meta name=\"robots\" content=\"index, follow, max-snippet:-1, max-image-preview:large, max-video-preview:-1\" \/>\n<link rel=\"canonical\" href=\"https:\/\/exaudi.org\/it\/dare-implica-avere\/\" \/>\n<meta property=\"og:locale\" content=\"it_IT\" \/>\n<meta property=\"og:type\" content=\"article\" \/>\n<meta property=\"og:title\" content=\"Dare implica avere &#8211; Exaudi\" \/>\n<meta property=\"og:description\" content=\"Non smetter\u00f2 mai di essere padre o marito\" \/>\n<meta property=\"og:url\" content=\"https:\/\/exaudi.org\/it\/dare-implica-avere\/\" \/>\n<meta property=\"og:site_name\" content=\"Exaudi\" \/>\n<meta property=\"article:publisher\" content=\"https:\/\/www.facebook.com\/ExaudiNews\" \/>\n<meta property=\"article:published_time\" content=\"2024-08-19T15:38:37+00:00\" \/>\n<meta property=\"article:modified_time\" content=\"2024-08-20T16:01:42+00:00\" \/>\n<meta property=\"og:image\" content=\"https:\/\/exaudi.org\/wp-content\/uploads\/2024\/08\/pexels-minan1398-1004014-scaled.jpg\" \/>\n\t<meta property=\"og:image:width\" content=\"2560\" \/>\n\t<meta property=\"og:image:height\" content=\"1440\" \/>\n\t<meta property=\"og:image:type\" content=\"image\/jpeg\" \/>\n<meta name=\"author\" content=\"Edistio C\u00e1mere\" \/>\n<meta name=\"twitter:card\" content=\"summary_large_image\" \/>\n<meta name=\"twitter:creator\" content=\"@Exaudi_News\" \/>\n<meta name=\"twitter:site\" content=\"@Exaudi_News\" \/>\n<meta name=\"twitter:label1\" content=\"Scritto da\" \/>\n\t<meta name=\"twitter:data1\" content=\"Edistio C\u00e1mere\" \/>\n\t<meta name=\"twitter:label2\" content=\"Tempo di lettura stimato\" \/>\n\t<meta name=\"twitter:data2\" content=\"4 minuti\" \/>\n<script type=\"application\/ld+json\" class=\"yoast-schema-graph\">{\"@context\":\"https:\\\/\\\/schema.org\",\"@graph\":[{\"@type\":\"Article\",\"@id\":\"https:\\\/\\\/exaudi.org\\\/it\\\/dare-implica-avere\\\/#article\",\"isPartOf\":{\"@id\":\"https:\\\/\\\/exaudi.org\\\/it\\\/dare-implica-avere\\\/\"},\"author\":{\"name\":\"Edistio C\u00e1mere\",\"@id\":\"https:\\\/\\\/exaudi.org\\\/#\\\/schema\\\/person\\\/aa92f55756693d1030b8b20e6cc7a60e\"},\"headline\":\"Dare implica avere\",\"datePublished\":\"2024-08-19T15:38:37+00:00\",\"dateModified\":\"2024-08-20T16:01:42+00:00\",\"mainEntityOfPage\":{\"@id\":\"https:\\\/\\\/exaudi.org\\\/it\\\/dare-implica-avere\\\/\"},\"wordCount\":771,\"image\":{\"@id\":\"https:\\\/\\\/exaudi.org\\\/it\\\/dare-implica-avere\\\/#primaryimage\"},\"thumbnailUrl\":\"https:\\\/\\\/exaudi.org\\\/wp-content\\\/uploads\\\/2024\\\/08\\\/pexels-minan1398-1004014-scaled.jpg\",\"keywords\":[\"Avere\",\"Dare\",\"EDISTIO C\u00c1MERE\",\"famiglia\",\"Featured\",\"Marito\",\"PADRE\"],\"articleSection\":[\"Voci\"],\"inLanguage\":\"it-IT\"},{\"@type\":\"WebPage\",\"@id\":\"https:\\\/\\\/exaudi.org\\\/it\\\/dare-implica-avere\\\/\",\"url\":\"https:\\\/\\\/exaudi.org\\\/it\\\/dare-implica-avere\\\/\",\"name\":\"Dare implica avere &#8211; Exaudi\",\"isPartOf\":{\"@id\":\"https:\\\/\\\/exaudi.org\\\/#website\"},\"primaryImageOfPage\":{\"@id\":\"https:\\\/\\\/exaudi.org\\\/it\\\/dare-implica-avere\\\/#primaryimage\"},\"image\":{\"@id\":\"https:\\\/\\\/exaudi.org\\\/it\\\/dare-implica-avere\\\/#primaryimage\"},\"thumbnailUrl\":\"https:\\\/\\\/exaudi.org\\\/wp-content\\\/uploads\\\/2024\\\/08\\\/pexels-minan1398-1004014-scaled.jpg\",\"datePublished\":\"2024-08-19T15:38:37+00:00\",\"dateModified\":\"2024-08-20T16:01:42+00:00\",\"author\":{\"@id\":\"https:\\\/\\\/exaudi.org\\\/#\\\/schema\\\/person\\\/aa92f55756693d1030b8b20e6cc7a60e\"},\"breadcrumb\":{\"@id\":\"https:\\\/\\\/exaudi.org\\\/it\\\/dare-implica-avere\\\/#breadcrumb\"},\"inLanguage\":\"it-IT\",\"potentialAction\":[{\"@type\":\"ReadAction\",\"target\":[\"https:\\\/\\\/exaudi.org\\\/it\\\/dare-implica-avere\\\/\"]}]},{\"@type\":\"ImageObject\",\"inLanguage\":\"it-IT\",\"@id\":\"https:\\\/\\\/exaudi.org\\\/it\\\/dare-implica-avere\\\/#primaryimage\",\"url\":\"https:\\\/\\\/exaudi.org\\\/wp-content\\\/uploads\\\/2024\\\/08\\\/pexels-minan1398-1004014-scaled.jpg\",\"contentUrl\":\"https:\\\/\\\/exaudi.org\\\/wp-content\\\/uploads\\\/2024\\\/08\\\/pexels-minan1398-1004014-scaled.jpg\",\"width\":2560,\"height\":1440},{\"@type\":\"BreadcrumbList\",\"@id\":\"https:\\\/\\\/exaudi.org\\\/it\\\/dare-implica-avere\\\/#breadcrumb\",\"itemListElement\":[{\"@type\":\"ListItem\",\"position\":1,\"name\":\"Portada\",\"item\":\"https:\\\/\\\/exaudi.org\\\/it\\\/\"},{\"@type\":\"ListItem\",\"position\":2,\"name\":\"Dare implica avere\"}]},{\"@type\":\"WebSite\",\"@id\":\"https:\\\/\\\/exaudi.org\\\/#website\",\"url\":\"https:\\\/\\\/exaudi.org\\\/\",\"name\":\"Exaudi\",\"description\":\"News\",\"potentialAction\":[{\"@type\":\"SearchAction\",\"target\":{\"@type\":\"EntryPoint\",\"urlTemplate\":\"https:\\\/\\\/exaudi.org\\\/?s={search_term_string}\"},\"query-input\":{\"@type\":\"PropertyValueSpecification\",\"valueRequired\":true,\"valueName\":\"search_term_string\"}}],\"inLanguage\":\"it-IT\"},{\"@type\":\"Person\",\"@id\":\"https:\\\/\\\/exaudi.org\\\/#\\\/schema\\\/person\\\/aa92f55756693d1030b8b20e6cc7a60e\",\"name\":\"Edistio C\u00e1mere\",\"image\":{\"@type\":\"ImageObject\",\"inLanguage\":\"it-IT\",\"@id\":\"https:\\\/\\\/secure.gravatar.com\\\/avatar\\\/1775fbe340de944caeeb45f274a80a5a62f77fdffaafcadc491856f815f04f35?s=96&d=mm&r=g\",\"url\":\"https:\\\/\\\/secure.gravatar.com\\\/avatar\\\/1775fbe340de944caeeb45f274a80a5a62f77fdffaafcadc491856f815f04f35?s=96&d=mm&r=g\",\"contentUrl\":\"https:\\\/\\\/secure.gravatar.com\\\/avatar\\\/1775fbe340de944caeeb45f274a80a5a62f77fdffaafcadc491856f815f04f35?s=96&d=mm&r=g\",\"caption\":\"Edistio C\u00e1mere\"},\"description\":\"Especialista en Liderazgo y Direcci\u00f3n educativa\",\"url\":\"https:\\\/\\\/exaudi.org\\\/it\\\/author\\\/edistiocamere\\\/\"}]}<\/script>\n<!-- \/ Yoast SEO plugin. -->","yoast_head_json":{"title":"Dare implica avere &#8211; Exaudi","robots":{"index":"index","follow":"follow","max-snippet":"max-snippet:-1","max-image-preview":"max-image-preview:large","max-video-preview":"max-video-preview:-1"},"canonical":"https:\/\/exaudi.org\/it\/dare-implica-avere\/","og_locale":"it_IT","og_type":"article","og_title":"Dare implica avere &#8211; Exaudi","og_description":"Non smetter\u00f2 mai di essere padre o marito","og_url":"https:\/\/exaudi.org\/it\/dare-implica-avere\/","og_site_name":"Exaudi","article_publisher":"https:\/\/www.facebook.com\/ExaudiNews","article_published_time":"2024-08-19T15:38:37+00:00","article_modified_time":"2024-08-20T16:01:42+00:00","og_image":[{"width":2560,"height":1440,"url":"https:\/\/exaudi.org\/wp-content\/uploads\/2024\/08\/pexels-minan1398-1004014-scaled.jpg","type":"image\/jpeg"}],"author":"Edistio C\u00e1mere","twitter_card":"summary_large_image","twitter_creator":"@Exaudi_News","twitter_site":"@Exaudi_News","twitter_misc":{"Scritto da":"Edistio C\u00e1mere","Tempo di lettura stimato":"4 minuti"},"schema":{"@context":"https:\/\/schema.org","@graph":[{"@type":"Article","@id":"https:\/\/exaudi.org\/it\/dare-implica-avere\/#article","isPartOf":{"@id":"https:\/\/exaudi.org\/it\/dare-implica-avere\/"},"author":{"name":"Edistio C\u00e1mere","@id":"https:\/\/exaudi.org\/#\/schema\/person\/aa92f55756693d1030b8b20e6cc7a60e"},"headline":"Dare implica avere","datePublished":"2024-08-19T15:38:37+00:00","dateModified":"2024-08-20T16:01:42+00:00","mainEntityOfPage":{"@id":"https:\/\/exaudi.org\/it\/dare-implica-avere\/"},"wordCount":771,"image":{"@id":"https:\/\/exaudi.org\/it\/dare-implica-avere\/#primaryimage"},"thumbnailUrl":"https:\/\/exaudi.org\/wp-content\/uploads\/2024\/08\/pexels-minan1398-1004014-scaled.jpg","keywords":["Avere","Dare","EDISTIO C\u00c1MERE","famiglia","Featured","Marito","PADRE"],"articleSection":["Voci"],"inLanguage":"it-IT"},{"@type":"WebPage","@id":"https:\/\/exaudi.org\/it\/dare-implica-avere\/","url":"https:\/\/exaudi.org\/it\/dare-implica-avere\/","name":"Dare implica avere &#8211; Exaudi","isPartOf":{"@id":"https:\/\/exaudi.org\/#website"},"primaryImageOfPage":{"@id":"https:\/\/exaudi.org\/it\/dare-implica-avere\/#primaryimage"},"image":{"@id":"https:\/\/exaudi.org\/it\/dare-implica-avere\/#primaryimage"},"thumbnailUrl":"https:\/\/exaudi.org\/wp-content\/uploads\/2024\/08\/pexels-minan1398-1004014-scaled.jpg","datePublished":"2024-08-19T15:38:37+00:00","dateModified":"2024-08-20T16:01:42+00:00","author":{"@id":"https:\/\/exaudi.org\/#\/schema\/person\/aa92f55756693d1030b8b20e6cc7a60e"},"breadcrumb":{"@id":"https:\/\/exaudi.org\/it\/dare-implica-avere\/#breadcrumb"},"inLanguage":"it-IT","potentialAction":[{"@type":"ReadAction","target":["https:\/\/exaudi.org\/it\/dare-implica-avere\/"]}]},{"@type":"ImageObject","inLanguage":"it-IT","@id":"https:\/\/exaudi.org\/it\/dare-implica-avere\/#primaryimage","url":"https:\/\/exaudi.org\/wp-content\/uploads\/2024\/08\/pexels-minan1398-1004014-scaled.jpg","contentUrl":"https:\/\/exaudi.org\/wp-content\/uploads\/2024\/08\/pexels-minan1398-1004014-scaled.jpg","width":2560,"height":1440},{"@type":"BreadcrumbList","@id":"https:\/\/exaudi.org\/it\/dare-implica-avere\/#breadcrumb","itemListElement":[{"@type":"ListItem","position":1,"name":"Portada","item":"https:\/\/exaudi.org\/it\/"},{"@type":"ListItem","position":2,"name":"Dare implica avere"}]},{"@type":"WebSite","@id":"https:\/\/exaudi.org\/#website","url":"https:\/\/exaudi.org\/","name":"Exaudi","description":"News","potentialAction":[{"@type":"SearchAction","target":{"@type":"EntryPoint","urlTemplate":"https:\/\/exaudi.org\/?s={search_term_string}"},"query-input":{"@type":"PropertyValueSpecification","valueRequired":true,"valueName":"search_term_string"}}],"inLanguage":"it-IT"},{"@type":"Person","@id":"https:\/\/exaudi.org\/#\/schema\/person\/aa92f55756693d1030b8b20e6cc7a60e","name":"Edistio C\u00e1mere","image":{"@type":"ImageObject","inLanguage":"it-IT","@id":"https:\/\/secure.gravatar.com\/avatar\/1775fbe340de944caeeb45f274a80a5a62f77fdffaafcadc491856f815f04f35?s=96&d=mm&r=g","url":"https:\/\/secure.gravatar.com\/avatar\/1775fbe340de944caeeb45f274a80a5a62f77fdffaafcadc491856f815f04f35?s=96&d=mm&r=g","contentUrl":"https:\/\/secure.gravatar.com\/avatar\/1775fbe340de944caeeb45f274a80a5a62f77fdffaafcadc491856f815f04f35?s=96&d=mm&r=g","caption":"Edistio C\u00e1mere"},"description":"Especialista en Liderazgo y Direcci\u00f3n educativa","url":"https:\/\/exaudi.org\/it\/author\/edistiocamere\/"}]}},"jetpack_featured_media_url":"https:\/\/exaudi.org\/wp-content\/uploads\/2024\/08\/pexels-minan1398-1004014-scaled.jpg","jetpack_shortlink":"https:\/\/wp.me\/pgKjF2-rL4","_links":{"self":[{"href":"https:\/\/exaudi.org\/it\/wp-json\/wp\/v2\/posts\/106706","targetHints":{"allow":["GET"]}}],"collection":[{"href":"https:\/\/exaudi.org\/it\/wp-json\/wp\/v2\/posts"}],"about":[{"href":"https:\/\/exaudi.org\/it\/wp-json\/wp\/v2\/types\/post"}],"author":[{"embeddable":true,"href":"https:\/\/exaudi.org\/it\/wp-json\/wp\/v2\/users\/108"}],"replies":[{"embeddable":true,"href":"https:\/\/exaudi.org\/it\/wp-json\/wp\/v2\/comments?post=106706"}],"version-history":[{"count":0,"href":"https:\/\/exaudi.org\/it\/wp-json\/wp\/v2\/posts\/106706\/revisions"}],"wp:featuredmedia":[{"embeddable":true,"href":"https:\/\/exaudi.org\/it\/wp-json\/wp\/v2\/media\/106695"}],"wp:attachment":[{"href":"https:\/\/exaudi.org\/it\/wp-json\/wp\/v2\/media?parent=106706"}],"wp:term":[{"taxonomy":"category","embeddable":true,"href":"https:\/\/exaudi.org\/it\/wp-json\/wp\/v2\/categories?post=106706"},{"taxonomy":"post_tag","embeddable":true,"href":"https:\/\/exaudi.org\/it\/wp-json\/wp\/v2\/tags?post=106706"}],"curies":[{"name":"wp","href":"https:\/\/api.w.org\/{rel}","templated":true}]}}