{"id":106390,"date":"2024-08-07T16:47:53","date_gmt":"2024-08-07T14:47:53","guid":{"rendered":"https:\/\/exaudi.org\/?p=106390"},"modified":"2024-08-07T16:47:53","modified_gmt":"2024-08-07T14:47:53","slug":"cardinale-arizmendi-valiamo-tutti-lo-stesso","status":"publish","type":"post","link":"https:\/\/exaudi.org\/it\/cardinale-arizmendi-valiamo-tutti-lo-stesso\/","title":{"rendered":"Cardinale Arizmendi: Valiamo tutti lo stesso"},"content":{"rendered":"<p>Il cardinale Felipe Arizmendi, vescovo emerito di San Crist\u00f3bal de Las Casas e responsabile della Dottrina della Fede presso la Conferenza dell&#8217;Episcopato Messicano (CEM), offre ai lettori di Exaudi il suo articolo settimanale dal titolo <em><strong>\u201cViamo tutti uguali\u201d<\/strong><\/em>.<\/p>\n<h3><strong>***<\/strong><\/h3>\n<h3><strong>ASPETTO<\/strong><\/h3>\n<p>Quando ero parroco a San Andr\u00e9s Cuexcontitl\u00e1n (1967-70), una comunit\u00e0 Otomi indigena al 100%, ho visto con tristezza e preoccupazione come, quando si recavano nella vicina citt\u00e0 di Temoaya, i non indigeni li disprezzavano e maltrattavano , li emarginavano e li sfruttavano, solo perch\u00e9 erano poveri e non parlavano bene lo spagnolo. In quel periodo cominciavo a scoprire che esiste un altro modo di essere persona, di essere famiglia, di essere popolo, di essere credente, e stavo anche cambiando il mio atteggiamento nei loro confronti. Che grande grazia di Dio \u00e8 stata per me iniziare a vivere con gli indigeni! Ci\u00f2 ha segnato molto la mia vita.<\/p>\n<p>In tutti i tempi e in tutte le culture, coloro che hanno pi\u00f9 potere, denaro e istruzione hanno sempre disprezzato coloro che non li hanno. Nei nostri ambienti sessisti, gli uomini credono che valiamo la pena e sappiamo pi\u00f9 delle donne; In alcuni casi, \u00e8 il contrario. Chi ha una casa migliore, un veicolo migliore e vestiti pi\u00f9 eleganti \u00e8 considerato valere di pi\u00f9 e disprezza chi ne \u00e8 privo. Questo accade anche tra paesi: molti europei hanno disprezzato noi latinoamericani e ancor pi\u00f9 gli africani; Ma anche noi messicani non guardiamo ai paesi dell\u2019America centrale e meridionale o dei Caraibi. Il peccato \u00e8 ovunque.<\/p>\n<p>Nelle nostre chiese, i chierici di diverso rango a volte credono che noi sappiamo e abbiamo molto pi\u00f9 potere dei laici e delle religiose. Questo \u00e8 clericalismo. Tanto che molti nostri collaboratori non parlano n\u00e9 propongono nulla, se non per eseguire le decisioni del parroco o del vescovo. Come cardinale, non mancano coloro che mi esaltano pi\u00f9 del dovuto e mi tentano a credermi pi\u00f9 di quello che sono, poich\u00e9 valiamo tutti lo stesso, come persone e come battezzati.<\/p>\n<h3><strong>DISCERNERE<\/strong><\/h3>\n<p>Il Concilio Vaticano II (1962-65), nella sua Costituzione sulla Chiesa, afferma categoricamente qualcosa che molti chierici non hanno pienamente accettato: \u00abAnche se alcuni, per volont\u00e0 di Cristo, sono stati costituiti dottori, dispensatori dei misteri e pastori Del resto esiste un&#8217;autentica uguaglianza tra tutti quanto alla dignit\u00e0 e all&#8217;azione comune di tutti i fedeli per l&#8217;edificazione del Corpo di Cristo\u201d (LG 32). Vale a dire: siamo tutti uguali. Come siamo uguali? In due cose. Innanzitutto nella dignit\u00e0. S\u00ec; Come cristiani, il Papa o un cardinale valgono quanto un battezzato povero e analfabeta. Attraverso il battesimo siamo fratelli, membra del Corpo di Cristo. In secondo luogo, siamo uguali riguardo all&#8217;azione comune di tutti i fedeli; Ci sono cio\u00e8 azioni comuni a tutti i credenti, come la diffusione della Parola di Dio, la santificazione della famiglia, della scuola, della politica, dell&#8217;economia, dello sport, dell&#8217;educazione, della preghiera per s\u00e9 e per gli altri, della partecipazione attiva alle celebrazioni liturgiche, ecc. . Siamo una Chiesa gerarchica e non democratica, per volont\u00e0 di Ges\u00f9, e la gerarchia \u00e8 responsabile di alcune azioni non comuni agli altri fedeli, come presiedere la comunit\u00e0 e decidere in alcuni casi, celebrare alcuni riti, discernere cos&#8217;\u00e8 la rivelazione di Dio, ma tutto questo sempre con la collaborazione degli altri membri della comunit\u00e0. La gerarchia non \u00e8 proprietaria della Chiesa, ma serva degli altri, poich\u00e9 insieme formiamo un solo corpo, una famiglia, una comunit\u00e0.<\/p>\n<p>Il 2 aprile il Dicastero per la Dottrina della Fede, organismo che aiuta il Papa soprattutto sulle questioni dottrinali, ha pubblicato la Dichiarazione Dignitas Infinita sulla dignit\u00e0 umana. Innanzitutto, ci ricorda che la Chiesa \u00e8 profondamente convinta che la fede non pu\u00f2 essere separata dalla difesa della dignit\u00e0 umana, l&#8217;evangelizzazione dalla promozione di una vita dignitosa, e la spiritualit\u00e0 dall&#8217;impegno per la dignit\u00e0 di tutti gli esseri umani. La dignit\u00e0 di ogni essere umano va oltre ogni apparenza esteriore o caratteristica della vita concreta delle persone. Siamo di fronte a una verit\u00e0 universale, che tutti siamo chiamati a riconoscere, come condizione fondamentale affinch\u00e9 le nostre societ\u00e0 siano veramente giuste, pacifiche, sane e, in definitiva, autenticamente umane.<\/p>\n<p>Ad ogni persona umana, al di l\u00e0 di ogni circostanza e in qualunque stato o situazione in cui si trova, corrisponde una dignit\u00e0 infinita, che trova fondamento inalienabile nel proprio essere. Questo principio, pienamente riconoscibile anche dalla sola ragione, fonda il primato della persona umana e la tutela dei suoi diritti. La Chiesa, alla luce della Rivelazione, riafferma e conferma in modo assoluto questa dignit\u00e0 ontologica della persona umana, creata a immagine e somiglianza di Dio e redenta in Cristo Ges\u00f9. Da questa verit\u00e0 trae le ragioni del suo impegno a favore dei pi\u00f9 deboli e meno capaci, insistendo sempre sul primato della persona umana e sulla difesa della sua dignit\u00e0 al di l\u00e0 di ogni circostanza.<\/p>\n<p>Creato da Dio e redento da Cristo, ogni essere umano deve essere riconosciuto e trattato con rispetto e amore, proprio a causa della sua inalienabile dignit\u00e0. Solo riconoscendo la dignit\u00e0 di ogni persona umana possiamo risvegliare tra tutti un desiderio globale di fraternit\u00e0. Secondo Papa Francesco, questa fonte della dignit\u00e0 umana e della fraternit\u00e0 \u00e8 nel Vangelo di Ges\u00f9 Cristo, ma \u00e8 anche una convinzione a cui la ragione umana pu\u00f2 attingere attraverso la riflessione e il dialogo. Che ogni essere umano abbia una dignit\u00e0 inalienabile \u00e8 una verit\u00e0 che risponde alla natura umana al di l\u00e0 di ogni cambiamento culturale. L&#8217;essere umano ha la stessa inviolabile dignit\u00e0 in ogni momento della storia e nessuno pu\u00f2 sentirsi autorizzato dalle circostanze a negare questa convinzione o a non agire di conseguenza.<\/p>\n<p>Questo principio fondamentale viene ripetuto con forza in tutto il documento. E su questa base affronta temi molto discussi, come i diritti dei poveri e dei migranti, degli omosessuali e dei disabili, e altri di cui tratter\u00f2 nei prossimi articoli.<\/p>\n<h3><strong>ATTO<\/strong><\/h3>\n<p>Valorizza la tua dignit\u00e0 e quella degli altri. Vali molto, anche se non hai tanti soldi n\u00e9 titoli universitari. Rispetta la dignit\u00e0 degli altri, anche se il loro aspetto ti disgusta o ti d\u00e0 fastidio. Siamo tutti figli e figlie di Dio, creati a sua immagine e somiglianza, anche se a volte confondiamo quell&#8217;immagine!<\/p>\n","protected":false},"excerpt":{"rendered":"<p>Il cardinale Felipe Arizmendi, vescovo emerito di San Crist\u00f3bal de Las Casas e responsabile della Dottrina della Fede presso la Conferenza dell&#8217;Episcopato Messicano (CEM), offre ai lettori di Exaudi il suo articolo settimanale dal titolo \u201cViamo tutti uguali\u201d. *** ASPETTO Quando ero parroco a San Andr\u00e9s Cuexcontitl\u00e1n (1967-70), una comunit\u00e0 Otomi indigena al 100%, ho [&hellip;]<\/p>\n","protected":false},"author":24,"featured_media":106365,"comment_status":"closed","ping_status":"closed","sticky":false,"template":"","format":"standard","meta":{"_acf_changed":false,"_crdt_document":"","inline_featured_image":false,"footnotes":""},"categories":[129],"tags":[15413,4512,22490,11664,11786,4952,22491],"class_list":["post-106390","post","type-post","status-publish","format-standard","has-post-thumbnail","hentry","category-voci","tag-cardinale-felipe-arizmendi-esquivel","tag-chiesa-cattolica","tag-consiglio-episcopale-latinoamericano-celam","tag-persone","tag-societa","tag-trending-it","tag-valore"],"acf":[],"yoast_head":"<!-- This site is optimized with the Yoast SEO plugin v27.4 - https:\/\/yoast.com\/product\/yoast-seo-wordpress\/ -->\n<title>Cardinale Arizmendi: Valiamo tutti lo stesso &#8211; Exaudi<\/title>\n<meta name=\"robots\" content=\"index, follow, max-snippet:-1, max-image-preview:large, max-video-preview:-1\" \/>\n<link rel=\"canonical\" href=\"https:\/\/exaudi.org\/it\/cardinale-arizmendi-valiamo-tutti-lo-stesso\/\" \/>\n<meta property=\"og:locale\" content=\"it_IT\" \/>\n<meta property=\"og:type\" content=\"article\" \/>\n<meta property=\"og:title\" content=\"Cardinale Arizmendi: Valiamo tutti lo stesso &#8211; Exaudi\" \/>\n<meta property=\"og:description\" content=\"Il cardinale Felipe Arizmendi, vescovo emerito di San Crist\u00f3bal de Las Casas e responsabile della Dottrina della Fede presso la Conferenza dell&#8217;Episcopato Messicano (CEM), offre ai lettori di Exaudi il suo articolo settimanale dal titolo \u201cViamo tutti uguali\u201d. *** ASPETTO Quando ero parroco a San Andr\u00e9s Cuexcontitl\u00e1n (1967-70), una comunit\u00e0 Otomi indigena al 100%, ho [&hellip;]\" \/>\n<meta property=\"og:url\" content=\"https:\/\/exaudi.org\/it\/cardinale-arizmendi-valiamo-tutti-lo-stesso\/\" \/>\n<meta property=\"og:site_name\" content=\"Exaudi\" \/>\n<meta property=\"article:publisher\" content=\"https:\/\/www.facebook.com\/ExaudiNews\" \/>\n<meta property=\"article:published_time\" content=\"2024-08-07T14:47:53+00:00\" \/>\n<meta property=\"og:image\" content=\"https:\/\/exaudi.org\/wp-content\/uploads\/2024\/08\/pexels-olly-3830745-scaled.jpg\" \/>\n\t<meta property=\"og:image:width\" content=\"2560\" \/>\n\t<meta property=\"og:image:height\" content=\"1707\" \/>\n\t<meta property=\"og:image:type\" content=\"image\/jpeg\" \/>\n<meta name=\"author\" content=\"Cardenal Felipe Arizmendi\" \/>\n<meta name=\"twitter:card\" content=\"summary_large_image\" \/>\n<meta name=\"twitter:creator\" content=\"@Exaudi_News\" \/>\n<meta name=\"twitter:site\" content=\"@Exaudi_News\" \/>\n<meta name=\"twitter:label1\" content=\"Scritto da\" \/>\n\t<meta name=\"twitter:data1\" content=\"Cardenal Felipe Arizmendi\" \/>\n\t<meta name=\"twitter:label2\" content=\"Tempo di lettura stimato\" \/>\n\t<meta name=\"twitter:data2\" content=\"5 minuti\" \/>\n<script type=\"application\/ld+json\" class=\"yoast-schema-graph\">{\"@context\":\"https:\\\/\\\/schema.org\",\"@graph\":[{\"@type\":\"Article\",\"@id\":\"https:\\\/\\\/exaudi.org\\\/it\\\/cardinale-arizmendi-valiamo-tutti-lo-stesso\\\/#article\",\"isPartOf\":{\"@id\":\"https:\\\/\\\/exaudi.org\\\/it\\\/cardinale-arizmendi-valiamo-tutti-lo-stesso\\\/\"},\"author\":{\"name\":\"Cardenal Felipe Arizmendi\",\"@id\":\"https:\\\/\\\/exaudi.org\\\/#\\\/schema\\\/person\\\/c7d223f87e58f1105d044d8da1439102\"},\"headline\":\"Cardinale Arizmendi: Valiamo tutti lo stesso\",\"datePublished\":\"2024-08-07T14:47:53+00:00\",\"mainEntityOfPage\":{\"@id\":\"https:\\\/\\\/exaudi.org\\\/it\\\/cardinale-arizmendi-valiamo-tutti-lo-stesso\\\/\"},\"wordCount\":1025,\"image\":{\"@id\":\"https:\\\/\\\/exaudi.org\\\/it\\\/cardinale-arizmendi-valiamo-tutti-lo-stesso\\\/#primaryimage\"},\"thumbnailUrl\":\"https:\\\/\\\/exaudi.org\\\/wp-content\\\/uploads\\\/2024\\\/08\\\/pexels-olly-3830745-scaled.jpg\",\"keywords\":[\"CARDINALE FELIPE ARIZMENDI ESQUIVEL\",\"Chiesa cattolica\",\"Consiglio Episcopale Latinoamericano (CELAM)\",\"PERSONE\",\"SOCIET\u00c0\",\"Trending\",\"valore\"],\"articleSection\":[\"Voci\"],\"inLanguage\":\"it-IT\"},{\"@type\":\"WebPage\",\"@id\":\"https:\\\/\\\/exaudi.org\\\/it\\\/cardinale-arizmendi-valiamo-tutti-lo-stesso\\\/\",\"url\":\"https:\\\/\\\/exaudi.org\\\/it\\\/cardinale-arizmendi-valiamo-tutti-lo-stesso\\\/\",\"name\":\"Cardinale Arizmendi: Valiamo tutti lo stesso &#8211; Exaudi\",\"isPartOf\":{\"@id\":\"https:\\\/\\\/exaudi.org\\\/#website\"},\"primaryImageOfPage\":{\"@id\":\"https:\\\/\\\/exaudi.org\\\/it\\\/cardinale-arizmendi-valiamo-tutti-lo-stesso\\\/#primaryimage\"},\"image\":{\"@id\":\"https:\\\/\\\/exaudi.org\\\/it\\\/cardinale-arizmendi-valiamo-tutti-lo-stesso\\\/#primaryimage\"},\"thumbnailUrl\":\"https:\\\/\\\/exaudi.org\\\/wp-content\\\/uploads\\\/2024\\\/08\\\/pexels-olly-3830745-scaled.jpg\",\"datePublished\":\"2024-08-07T14:47:53+00:00\",\"author\":{\"@id\":\"https:\\\/\\\/exaudi.org\\\/#\\\/schema\\\/person\\\/c7d223f87e58f1105d044d8da1439102\"},\"breadcrumb\":{\"@id\":\"https:\\\/\\\/exaudi.org\\\/it\\\/cardinale-arizmendi-valiamo-tutti-lo-stesso\\\/#breadcrumb\"},\"inLanguage\":\"it-IT\",\"potentialAction\":[{\"@type\":\"ReadAction\",\"target\":[\"https:\\\/\\\/exaudi.org\\\/it\\\/cardinale-arizmendi-valiamo-tutti-lo-stesso\\\/\"]}]},{\"@type\":\"ImageObject\",\"inLanguage\":\"it-IT\",\"@id\":\"https:\\\/\\\/exaudi.org\\\/it\\\/cardinale-arizmendi-valiamo-tutti-lo-stesso\\\/#primaryimage\",\"url\":\"https:\\\/\\\/exaudi.org\\\/wp-content\\\/uploads\\\/2024\\\/08\\\/pexels-olly-3830745-scaled.jpg\",\"contentUrl\":\"https:\\\/\\\/exaudi.org\\\/wp-content\\\/uploads\\\/2024\\\/08\\\/pexels-olly-3830745-scaled.jpg\",\"width\":2560,\"height\":1707},{\"@type\":\"BreadcrumbList\",\"@id\":\"https:\\\/\\\/exaudi.org\\\/it\\\/cardinale-arizmendi-valiamo-tutti-lo-stesso\\\/#breadcrumb\",\"itemListElement\":[{\"@type\":\"ListItem\",\"position\":1,\"name\":\"Portada\",\"item\":\"https:\\\/\\\/exaudi.org\\\/it\\\/\"},{\"@type\":\"ListItem\",\"position\":2,\"name\":\"Cardinale Arizmendi: Valiamo tutti lo stesso\"}]},{\"@type\":\"WebSite\",\"@id\":\"https:\\\/\\\/exaudi.org\\\/#website\",\"url\":\"https:\\\/\\\/exaudi.org\\\/\",\"name\":\"Exaudi\",\"description\":\"News\",\"potentialAction\":[{\"@type\":\"SearchAction\",\"target\":{\"@type\":\"EntryPoint\",\"urlTemplate\":\"https:\\\/\\\/exaudi.org\\\/?s={search_term_string}\"},\"query-input\":{\"@type\":\"PropertyValueSpecification\",\"valueRequired\":true,\"valueName\":\"search_term_string\"}}],\"inLanguage\":\"it-IT\"},{\"@type\":\"Person\",\"@id\":\"https:\\\/\\\/exaudi.org\\\/#\\\/schema\\\/person\\\/c7d223f87e58f1105d044d8da1439102\",\"name\":\"Cardenal Felipe Arizmendi\",\"image\":{\"@type\":\"ImageObject\",\"inLanguage\":\"it-IT\",\"@id\":\"https:\\\/\\\/secure.gravatar.com\\\/avatar\\\/4ffc5520d896b86d39346168903de33a17ef0f23d16de0ff45062c1ff422ed2f?s=96&d=mm&r=g\",\"url\":\"https:\\\/\\\/secure.gravatar.com\\\/avatar\\\/4ffc5520d896b86d39346168903de33a17ef0f23d16de0ff45062c1ff422ed2f?s=96&d=mm&r=g\",\"contentUrl\":\"https:\\\/\\\/secure.gravatar.com\\\/avatar\\\/4ffc5520d896b86d39346168903de33a17ef0f23d16de0ff45062c1ff422ed2f?s=96&d=mm&r=g\",\"caption\":\"Cardenal Felipe Arizmendi\"},\"description\":\"Nacido en Chiltepec el 1 de mayo de 1940. Estudi\u00f3 Humanidades y Filosof\u00eda en el Seminario de Toluca, de 1952 a 1959. Curs\u00f3 la Teolog\u00eda en la Universidad Pontificia de Salamanca, Espa\u00f1a, de 1959 a 1963, obteniendo la licenciatura en Teolog\u00eda Dogm\u00e1tica. Por su cuenta, se especializ\u00f3 en Liturgia. Fue ordenado sacerdote el 25 de agosto de 1963 en Toluca. Sirvi\u00f3 como Vicario Parroquial en tres parroquias por tres a\u00f1os y medio y fue p\u00e1rroco de una comunidad ind\u00edgena otom\u00ed, de 1967 a 1970. Fue Director Espiritual del Seminario de Toluca por diez a\u00f1os, y Rector del mismo de 1981 a 1991. El 7 de marzo de 1991, fue ordenado obispo de la di\u00f3cesis de Tapachula, donde estuvo hasta el 30 de abril del a\u00f1o 2000. El 1 de mayo del 2000, inici\u00f3 su ministerio episcopal como XLVI obispo de la di\u00f3cesis de San Crist\u00f3bal de las Casas, Chiapas, una de las di\u00f3cesis m\u00e1s antiguas de M\u00e9xico, erigida en 1539; all\u00ed sirvi\u00f3 por casi 18 a\u00f1os. Ha ocupado diversos cargos en la Conferencia del Episcopado Mexicano y en el CELAM. El 3 de noviembre de 2017, el Papa Francisco le acept\u00f3, por edad, su renuncia al servicio episcopal en esta di\u00f3cesis, que entreg\u00f3 a su sucesor el 3 de enero de 2018. Desde entonces, reside en la ciudad de Toluca. Desde 1979, escribe art\u00edculos de actualidad en varios medios religiosos y civiles. Es autor de varias publicaciones.\",\"url\":\"https:\\\/\\\/exaudi.org\\\/it\\\/author\\\/felipearizmendi\\\/\"}]}<\/script>\n<!-- \/ Yoast SEO plugin. -->","yoast_head_json":{"title":"Cardinale Arizmendi: Valiamo tutti lo stesso &#8211; Exaudi","robots":{"index":"index","follow":"follow","max-snippet":"max-snippet:-1","max-image-preview":"max-image-preview:large","max-video-preview":"max-video-preview:-1"},"canonical":"https:\/\/exaudi.org\/it\/cardinale-arizmendi-valiamo-tutti-lo-stesso\/","og_locale":"it_IT","og_type":"article","og_title":"Cardinale Arizmendi: Valiamo tutti lo stesso &#8211; Exaudi","og_description":"Il cardinale Felipe Arizmendi, vescovo emerito di San Crist\u00f3bal de Las Casas e responsabile della Dottrina della Fede presso la Conferenza dell&#8217;Episcopato Messicano (CEM), offre ai lettori di Exaudi il suo articolo settimanale dal titolo \u201cViamo tutti uguali\u201d. *** ASPETTO Quando ero parroco a San Andr\u00e9s Cuexcontitl\u00e1n (1967-70), una comunit\u00e0 Otomi indigena al 100%, ho [&hellip;]","og_url":"https:\/\/exaudi.org\/it\/cardinale-arizmendi-valiamo-tutti-lo-stesso\/","og_site_name":"Exaudi","article_publisher":"https:\/\/www.facebook.com\/ExaudiNews","article_published_time":"2024-08-07T14:47:53+00:00","og_image":[{"width":2560,"height":1707,"url":"https:\/\/exaudi.org\/wp-content\/uploads\/2024\/08\/pexels-olly-3830745-scaled.jpg","type":"image\/jpeg"}],"author":"Cardenal Felipe Arizmendi","twitter_card":"summary_large_image","twitter_creator":"@Exaudi_News","twitter_site":"@Exaudi_News","twitter_misc":{"Scritto da":"Cardenal Felipe Arizmendi","Tempo di lettura stimato":"5 minuti"},"schema":{"@context":"https:\/\/schema.org","@graph":[{"@type":"Article","@id":"https:\/\/exaudi.org\/it\/cardinale-arizmendi-valiamo-tutti-lo-stesso\/#article","isPartOf":{"@id":"https:\/\/exaudi.org\/it\/cardinale-arizmendi-valiamo-tutti-lo-stesso\/"},"author":{"name":"Cardenal Felipe Arizmendi","@id":"https:\/\/exaudi.org\/#\/schema\/person\/c7d223f87e58f1105d044d8da1439102"},"headline":"Cardinale Arizmendi: Valiamo tutti lo stesso","datePublished":"2024-08-07T14:47:53+00:00","mainEntityOfPage":{"@id":"https:\/\/exaudi.org\/it\/cardinale-arizmendi-valiamo-tutti-lo-stesso\/"},"wordCount":1025,"image":{"@id":"https:\/\/exaudi.org\/it\/cardinale-arizmendi-valiamo-tutti-lo-stesso\/#primaryimage"},"thumbnailUrl":"https:\/\/exaudi.org\/wp-content\/uploads\/2024\/08\/pexels-olly-3830745-scaled.jpg","keywords":["CARDINALE FELIPE ARIZMENDI ESQUIVEL","Chiesa cattolica","Consiglio Episcopale Latinoamericano (CELAM)","PERSONE","SOCIET\u00c0","Trending","valore"],"articleSection":["Voci"],"inLanguage":"it-IT"},{"@type":"WebPage","@id":"https:\/\/exaudi.org\/it\/cardinale-arizmendi-valiamo-tutti-lo-stesso\/","url":"https:\/\/exaudi.org\/it\/cardinale-arizmendi-valiamo-tutti-lo-stesso\/","name":"Cardinale Arizmendi: Valiamo tutti lo stesso &#8211; Exaudi","isPartOf":{"@id":"https:\/\/exaudi.org\/#website"},"primaryImageOfPage":{"@id":"https:\/\/exaudi.org\/it\/cardinale-arizmendi-valiamo-tutti-lo-stesso\/#primaryimage"},"image":{"@id":"https:\/\/exaudi.org\/it\/cardinale-arizmendi-valiamo-tutti-lo-stesso\/#primaryimage"},"thumbnailUrl":"https:\/\/exaudi.org\/wp-content\/uploads\/2024\/08\/pexels-olly-3830745-scaled.jpg","datePublished":"2024-08-07T14:47:53+00:00","author":{"@id":"https:\/\/exaudi.org\/#\/schema\/person\/c7d223f87e58f1105d044d8da1439102"},"breadcrumb":{"@id":"https:\/\/exaudi.org\/it\/cardinale-arizmendi-valiamo-tutti-lo-stesso\/#breadcrumb"},"inLanguage":"it-IT","potentialAction":[{"@type":"ReadAction","target":["https:\/\/exaudi.org\/it\/cardinale-arizmendi-valiamo-tutti-lo-stesso\/"]}]},{"@type":"ImageObject","inLanguage":"it-IT","@id":"https:\/\/exaudi.org\/it\/cardinale-arizmendi-valiamo-tutti-lo-stesso\/#primaryimage","url":"https:\/\/exaudi.org\/wp-content\/uploads\/2024\/08\/pexels-olly-3830745-scaled.jpg","contentUrl":"https:\/\/exaudi.org\/wp-content\/uploads\/2024\/08\/pexels-olly-3830745-scaled.jpg","width":2560,"height":1707},{"@type":"BreadcrumbList","@id":"https:\/\/exaudi.org\/it\/cardinale-arizmendi-valiamo-tutti-lo-stesso\/#breadcrumb","itemListElement":[{"@type":"ListItem","position":1,"name":"Portada","item":"https:\/\/exaudi.org\/it\/"},{"@type":"ListItem","position":2,"name":"Cardinale Arizmendi: Valiamo tutti lo stesso"}]},{"@type":"WebSite","@id":"https:\/\/exaudi.org\/#website","url":"https:\/\/exaudi.org\/","name":"Exaudi","description":"News","potentialAction":[{"@type":"SearchAction","target":{"@type":"EntryPoint","urlTemplate":"https:\/\/exaudi.org\/?s={search_term_string}"},"query-input":{"@type":"PropertyValueSpecification","valueRequired":true,"valueName":"search_term_string"}}],"inLanguage":"it-IT"},{"@type":"Person","@id":"https:\/\/exaudi.org\/#\/schema\/person\/c7d223f87e58f1105d044d8da1439102","name":"Cardenal Felipe Arizmendi","image":{"@type":"ImageObject","inLanguage":"it-IT","@id":"https:\/\/secure.gravatar.com\/avatar\/4ffc5520d896b86d39346168903de33a17ef0f23d16de0ff45062c1ff422ed2f?s=96&d=mm&r=g","url":"https:\/\/secure.gravatar.com\/avatar\/4ffc5520d896b86d39346168903de33a17ef0f23d16de0ff45062c1ff422ed2f?s=96&d=mm&r=g","contentUrl":"https:\/\/secure.gravatar.com\/avatar\/4ffc5520d896b86d39346168903de33a17ef0f23d16de0ff45062c1ff422ed2f?s=96&d=mm&r=g","caption":"Cardenal Felipe Arizmendi"},"description":"Nacido en Chiltepec el 1 de mayo de 1940. Estudi\u00f3 Humanidades y Filosof\u00eda en el Seminario de Toluca, de 1952 a 1959. Curs\u00f3 la Teolog\u00eda en la Universidad Pontificia de Salamanca, Espa\u00f1a, de 1959 a 1963, obteniendo la licenciatura en Teolog\u00eda Dogm\u00e1tica. Por su cuenta, se especializ\u00f3 en Liturgia. Fue ordenado sacerdote el 25 de agosto de 1963 en Toluca. Sirvi\u00f3 como Vicario Parroquial en tres parroquias por tres a\u00f1os y medio y fue p\u00e1rroco de una comunidad ind\u00edgena otom\u00ed, de 1967 a 1970. Fue Director Espiritual del Seminario de Toluca por diez a\u00f1os, y Rector del mismo de 1981 a 1991. El 7 de marzo de 1991, fue ordenado obispo de la di\u00f3cesis de Tapachula, donde estuvo hasta el 30 de abril del a\u00f1o 2000. El 1 de mayo del 2000, inici\u00f3 su ministerio episcopal como XLVI obispo de la di\u00f3cesis de San Crist\u00f3bal de las Casas, Chiapas, una de las di\u00f3cesis m\u00e1s antiguas de M\u00e9xico, erigida en 1539; all\u00ed sirvi\u00f3 por casi 18 a\u00f1os. Ha ocupado diversos cargos en la Conferencia del Episcopado Mexicano y en el CELAM. El 3 de noviembre de 2017, el Papa Francisco le acept\u00f3, por edad, su renuncia al servicio episcopal en esta di\u00f3cesis, que entreg\u00f3 a su sucesor el 3 de enero de 2018. Desde entonces, reside en la ciudad de Toluca. Desde 1979, escribe art\u00edculos de actualidad en varios medios religiosos y civiles. Es autor de varias publicaciones.","url":"https:\/\/exaudi.org\/it\/author\/felipearizmendi\/"}]}},"jetpack_featured_media_url":"https:\/\/exaudi.org\/wp-content\/uploads\/2024\/08\/pexels-olly-3830745-scaled.jpg","jetpack_shortlink":"https:\/\/wp.me\/pgKjF2-rFY","_links":{"self":[{"href":"https:\/\/exaudi.org\/it\/wp-json\/wp\/v2\/posts\/106390","targetHints":{"allow":["GET"]}}],"collection":[{"href":"https:\/\/exaudi.org\/it\/wp-json\/wp\/v2\/posts"}],"about":[{"href":"https:\/\/exaudi.org\/it\/wp-json\/wp\/v2\/types\/post"}],"author":[{"embeddable":true,"href":"https:\/\/exaudi.org\/it\/wp-json\/wp\/v2\/users\/24"}],"replies":[{"embeddable":true,"href":"https:\/\/exaudi.org\/it\/wp-json\/wp\/v2\/comments?post=106390"}],"version-history":[{"count":0,"href":"https:\/\/exaudi.org\/it\/wp-json\/wp\/v2\/posts\/106390\/revisions"}],"wp:featuredmedia":[{"embeddable":true,"href":"https:\/\/exaudi.org\/it\/wp-json\/wp\/v2\/media\/106365"}],"wp:attachment":[{"href":"https:\/\/exaudi.org\/it\/wp-json\/wp\/v2\/media?parent=106390"}],"wp:term":[{"taxonomy":"category","embeddable":true,"href":"https:\/\/exaudi.org\/it\/wp-json\/wp\/v2\/categories?post=106390"},{"taxonomy":"post_tag","embeddable":true,"href":"https:\/\/exaudi.org\/it\/wp-json\/wp\/v2\/tags?post=106390"}],"curies":[{"name":"wp","href":"https:\/\/api.w.org\/{rel}","templated":true}]}}