{"id":106382,"date":"2024-08-07T16:18:50","date_gmt":"2024-08-07T14:18:50","guid":{"rendered":"https:\/\/exaudi.org\/?p=106382"},"modified":"2024-08-07T16:18:50","modified_gmt":"2024-08-07T14:18:50","slug":"laccademia-internazionale-dei-leader-cattolici-convoca-un-forum-per-conoscere-attraverso-gli-esperti-la-situazione-in-venezuela","status":"publish","type":"post","link":"https:\/\/exaudi.org\/it\/laccademia-internazionale-dei-leader-cattolici-convoca-un-forum-per-conoscere-attraverso-gli-esperti-la-situazione-in-venezuela\/","title":{"rendered":"L&#8217;Accademia Internazionale dei Leader Cattolici convoca un forum per conoscere attraverso gli esperti la situazione in Venezuela"},"content":{"rendered":"<p>Oggi, 7 agosto, l&#8217;Accademia Internazionale dei Leader Cattolici ha organizzato un forum di conversazione per analizzare la situazione in Venezuela dopo le elezioni presidenziali del 28 luglio. In questo evento virtuale verranno discussi i possibili scenari politici per il partito al governo e per l&#8217;opposizione di tale Paese, con la partecipazione di eminenti esperti.<\/p>\n<p>Interverranno al colloquio il cardinale Diego Padr\u00f3n, gi\u00e0 presidente della Conferenza episcopale del Venezuela, e Fernando Carrillo Fl\u00f3rez, vicepresidente mondiale del gruppo PRISA. Insieme offriranno un&#8217;analisi approfondita della situazione attuale e delle possibili ripercussioni sul futuro politico del Venezuela.<\/p>\n<p>Per seguire questa interessante conversazione, gli orari sono i seguenti:<\/p>\n<ul>\n<li>10:00 del mattino. -Messico, Costa Rica<\/li>\n<li>11:00. &#8211; Chicago, Panama, Colombia, Ecuador, Per\u00f9<\/li>\n<li>12:00. &#8211; Venezuela, Cile, New York, Paraguay<\/li>\n<li>13:00. &#8211; Argentina, Brasile, Uruguay<\/li>\n<li>17:00 &#8211; Guinea Equatoriale, Portogallo<\/li>\n<li>18:00. &#8211; Spagna Italia<\/li>\n<\/ul>\n<p>L&#8217;Accademia Internazionale dei Leader Cattolici \u00e8 un centro di formazione alla Dottrina Sociale della Chiesa, presente in 40 diocesi di 14 paesi. A oggi ha diplomato pi\u00f9 di 35.000 studenti in programmi in presenza e virtuali, affermandosi come punto di riferimento nella formazione di leader impegnati nella costruzione di una societ\u00e0 pi\u00f9 giusta.<\/p>\n","protected":false},"excerpt":{"rendered":"<p>Oggi, 7 agosto, l&#8217;Accademia Internazionale dei Leader Cattolici ha organizzato un forum di conversazione per analizzare la situazione in Venezuela dopo le elezioni presidenziali del 28 luglio. In questo evento virtuale verranno discussi i possibili scenari politici per il partito al governo e per l&#8217;opposizione di tale Paese, con la partecipazione di eminenti esperti. Interverranno [&hellip;]<\/p>\n","protected":false},"author":107,"featured_media":106377,"comment_status":"closed","ping_status":"closed","sticky":false,"template":"","format":"standard","meta":{"_acf_changed":false,"_crdt_document":"","inline_featured_image":false,"footnotes":""},"categories":[73],"tags":[17082,22478,22479,22480,4952,2040],"class_list":["post-106382","post","type-post","status-publish","format-standard","has-post-thumbnail","hentry","category-chiesa-e-mondo","tag-accademia-internazionale-dei-leader-cattolici","tag-cardinale-diego-padron","tag-fernando-cariilo-florez-2","tag-prisa-2","tag-trending-it","tag-venezuela-it"],"acf":[],"yoast_head":"<!-- This site is optimized with the Yoast SEO plugin v27.5 - https:\/\/yoast.com\/product\/yoast-seo-wordpress\/ -->\n<title>L&#039;Accademia Internazionale dei Leader Cattolici convoca un forum per conoscere attraverso gli esperti la situazione in Venezuela &#8211; Exaudi<\/title>\n<meta name=\"robots\" content=\"index, follow, max-snippet:-1, max-image-preview:large, max-video-preview:-1\" \/>\n<link rel=\"canonical\" href=\"https:\/\/exaudi.org\/it\/laccademia-internazionale-dei-leader-cattolici-convoca-un-forum-per-conoscere-attraverso-gli-esperti-la-situazione-in-venezuela\/\" \/>\n<meta property=\"og:locale\" content=\"it_IT\" \/>\n<meta property=\"og:type\" content=\"article\" \/>\n<meta property=\"og:title\" content=\"L&#039;Accademia Internazionale dei Leader Cattolici convoca un forum per conoscere attraverso gli esperti la situazione in Venezuela &#8211; Exaudi\" \/>\n<meta property=\"og:description\" content=\"Oggi, 7 agosto, l&#8217;Accademia Internazionale dei Leader Cattolici ha organizzato un forum di conversazione per analizzare la situazione in Venezuela dopo le elezioni presidenziali del 28 luglio. In questo evento virtuale verranno discussi i possibili scenari politici per il partito al governo e per l&#8217;opposizione di tale Paese, con la partecipazione di eminenti esperti. Interverranno [&hellip;]\" \/>\n<meta property=\"og:url\" content=\"https:\/\/exaudi.org\/it\/laccademia-internazionale-dei-leader-cattolici-convoca-un-forum-per-conoscere-attraverso-gli-esperti-la-situazione-in-venezuela\/\" \/>\n<meta property=\"og:site_name\" content=\"Exaudi\" \/>\n<meta property=\"article:publisher\" content=\"https:\/\/www.facebook.com\/ExaudiNews\" \/>\n<meta property=\"article:published_time\" content=\"2024-08-07T14:18:50+00:00\" \/>\n<meta property=\"og:image\" content=\"https:\/\/exaudi.org\/wp-content\/uploads\/2024\/08\/WhatsApp-Image-2024-08-03-at-22.46.51.jpeg\" \/>\n\t<meta property=\"og:image:width\" content=\"1600\" \/>\n\t<meta property=\"og:image:height\" content=\"1600\" \/>\n\t<meta property=\"og:image:type\" content=\"image\/jpeg\" \/>\n<meta name=\"author\" content=\"Academia de L\u00edderes Cat\u00f3licos\" \/>\n<meta name=\"twitter:card\" content=\"summary_large_image\" \/>\n<meta name=\"twitter:creator\" content=\"@Exaudi_News\" \/>\n<meta name=\"twitter:site\" content=\"@Exaudi_News\" \/>\n<meta name=\"twitter:label1\" content=\"Scritto da\" \/>\n\t<meta name=\"twitter:data1\" content=\"Academia de L\u00edderes Cat\u00f3licos\" \/>\n\t<meta name=\"twitter:label2\" content=\"Tempo di lettura stimato\" \/>\n\t<meta name=\"twitter:data2\" content=\"1 minuto\" \/>\n<script type=\"application\/ld+json\" class=\"yoast-schema-graph\">{\"@context\":\"https:\\\/\\\/schema.org\",\"@graph\":[{\"@type\":\"Article\",\"@id\":\"https:\\\/\\\/exaudi.org\\\/it\\\/laccademia-internazionale-dei-leader-cattolici-convoca-un-forum-per-conoscere-attraverso-gli-esperti-la-situazione-in-venezuela\\\/#article\",\"isPartOf\":{\"@id\":\"https:\\\/\\\/exaudi.org\\\/it\\\/laccademia-internazionale-dei-leader-cattolici-convoca-un-forum-per-conoscere-attraverso-gli-esperti-la-situazione-in-venezuela\\\/\"},\"author\":{\"name\":\"Academia de L\u00edderes Cat\u00f3licos\",\"@id\":\"https:\\\/\\\/exaudi.org\\\/#\\\/schema\\\/person\\\/334968a332d5dad9f94e08897852c6af\"},\"headline\":\"L&#8217;Accademia Internazionale dei Leader Cattolici convoca un forum per conoscere attraverso gli esperti la situazione in Venezuela\",\"datePublished\":\"2024-08-07T14:18:50+00:00\",\"mainEntityOfPage\":{\"@id\":\"https:\\\/\\\/exaudi.org\\\/it\\\/laccademia-internazionale-dei-leader-cattolici-convoca-un-forum-per-conoscere-attraverso-gli-esperti-la-situazione-in-venezuela\\\/\"},\"wordCount\":202,\"image\":{\"@id\":\"https:\\\/\\\/exaudi.org\\\/it\\\/laccademia-internazionale-dei-leader-cattolici-convoca-un-forum-per-conoscere-attraverso-gli-esperti-la-situazione-in-venezuela\\\/#primaryimage\"},\"thumbnailUrl\":\"https:\\\/\\\/exaudi.org\\\/wp-content\\\/uploads\\\/2024\\\/08\\\/WhatsApp-Image-2024-08-03-at-22.46.51.jpeg\",\"keywords\":[\"ACCADEMIA INTERNAZIONALE DEI LEADER CATTOLICI\",\"Cardinale Diego Padr\u00f3n\",\"Fernando Cariilo Fl\u00f3rez\",\"Prisa\",\"Trending\",\"Venezuela\"],\"articleSection\":[\"Chiesa e Mondo\"],\"inLanguage\":\"it-IT\"},{\"@type\":\"WebPage\",\"@id\":\"https:\\\/\\\/exaudi.org\\\/it\\\/laccademia-internazionale-dei-leader-cattolici-convoca-un-forum-per-conoscere-attraverso-gli-esperti-la-situazione-in-venezuela\\\/\",\"url\":\"https:\\\/\\\/exaudi.org\\\/it\\\/laccademia-internazionale-dei-leader-cattolici-convoca-un-forum-per-conoscere-attraverso-gli-esperti-la-situazione-in-venezuela\\\/\",\"name\":\"L'Accademia Internazionale dei Leader Cattolici convoca un forum per conoscere attraverso gli esperti la situazione in Venezuela &#8211; Exaudi\",\"isPartOf\":{\"@id\":\"https:\\\/\\\/exaudi.org\\\/#website\"},\"primaryImageOfPage\":{\"@id\":\"https:\\\/\\\/exaudi.org\\\/it\\\/laccademia-internazionale-dei-leader-cattolici-convoca-un-forum-per-conoscere-attraverso-gli-esperti-la-situazione-in-venezuela\\\/#primaryimage\"},\"image\":{\"@id\":\"https:\\\/\\\/exaudi.org\\\/it\\\/laccademia-internazionale-dei-leader-cattolici-convoca-un-forum-per-conoscere-attraverso-gli-esperti-la-situazione-in-venezuela\\\/#primaryimage\"},\"thumbnailUrl\":\"https:\\\/\\\/exaudi.org\\\/wp-content\\\/uploads\\\/2024\\\/08\\\/WhatsApp-Image-2024-08-03-at-22.46.51.jpeg\",\"datePublished\":\"2024-08-07T14:18:50+00:00\",\"author\":{\"@id\":\"https:\\\/\\\/exaudi.org\\\/#\\\/schema\\\/person\\\/334968a332d5dad9f94e08897852c6af\"},\"breadcrumb\":{\"@id\":\"https:\\\/\\\/exaudi.org\\\/it\\\/laccademia-internazionale-dei-leader-cattolici-convoca-un-forum-per-conoscere-attraverso-gli-esperti-la-situazione-in-venezuela\\\/#breadcrumb\"},\"inLanguage\":\"it-IT\",\"potentialAction\":[{\"@type\":\"ReadAction\",\"target\":[\"https:\\\/\\\/exaudi.org\\\/it\\\/laccademia-internazionale-dei-leader-cattolici-convoca-un-forum-per-conoscere-attraverso-gli-esperti-la-situazione-in-venezuela\\\/\"]}]},{\"@type\":\"ImageObject\",\"inLanguage\":\"it-IT\",\"@id\":\"https:\\\/\\\/exaudi.org\\\/it\\\/laccademia-internazionale-dei-leader-cattolici-convoca-un-forum-per-conoscere-attraverso-gli-esperti-la-situazione-in-venezuela\\\/#primaryimage\",\"url\":\"https:\\\/\\\/exaudi.org\\\/wp-content\\\/uploads\\\/2024\\\/08\\\/WhatsApp-Image-2024-08-03-at-22.46.51.jpeg\",\"contentUrl\":\"https:\\\/\\\/exaudi.org\\\/wp-content\\\/uploads\\\/2024\\\/08\\\/WhatsApp-Image-2024-08-03-at-22.46.51.jpeg\",\"width\":1600,\"height\":1600},{\"@type\":\"BreadcrumbList\",\"@id\":\"https:\\\/\\\/exaudi.org\\\/it\\\/laccademia-internazionale-dei-leader-cattolici-convoca-un-forum-per-conoscere-attraverso-gli-esperti-la-situazione-in-venezuela\\\/#breadcrumb\",\"itemListElement\":[{\"@type\":\"ListItem\",\"position\":1,\"name\":\"Portada\",\"item\":\"https:\\\/\\\/exaudi.org\\\/it\\\/\"},{\"@type\":\"ListItem\",\"position\":2,\"name\":\"L&#8217;Accademia Internazionale dei Leader Cattolici convoca un forum per conoscere attraverso gli esperti la situazione in Venezuela\"}]},{\"@type\":\"WebSite\",\"@id\":\"https:\\\/\\\/exaudi.org\\\/#website\",\"url\":\"https:\\\/\\\/exaudi.org\\\/\",\"name\":\"Exaudi\",\"description\":\"News\",\"potentialAction\":[{\"@type\":\"SearchAction\",\"target\":{\"@type\":\"EntryPoint\",\"urlTemplate\":\"https:\\\/\\\/exaudi.org\\\/?s={search_term_string}\"},\"query-input\":{\"@type\":\"PropertyValueSpecification\",\"valueRequired\":true,\"valueName\":\"search_term_string\"}}],\"inLanguage\":\"it-IT\"},{\"@type\":\"Person\",\"@id\":\"https:\\\/\\\/exaudi.org\\\/#\\\/schema\\\/person\\\/334968a332d5dad9f94e08897852c6af\",\"name\":\"Academia de L\u00edderes Cat\u00f3licos\",\"image\":{\"@type\":\"ImageObject\",\"inLanguage\":\"it-IT\",\"@id\":\"https:\\\/\\\/secure.gravatar.com\\\/avatar\\\/80d80b1e34d8fa01f6b95d10e695853ca4ea7e054050e21ad1a15d546d4600ca?s=96&d=mm&r=g\",\"url\":\"https:\\\/\\\/secure.gravatar.com\\\/avatar\\\/80d80b1e34d8fa01f6b95d10e695853ca4ea7e054050e21ad1a15d546d4600ca?s=96&d=mm&r=g\",\"contentUrl\":\"https:\\\/\\\/secure.gravatar.com\\\/avatar\\\/80d80b1e34d8fa01f6b95d10e695853ca4ea7e054050e21ad1a15d546d4600ca?s=96&d=mm&r=g\",\"caption\":\"Academia de L\u00edderes Cat\u00f3licos\"},\"description\":\"Es una fundaci\u00f3n de derecho privado sin fines de lucro que busca formar cat\u00f3licos que a partir de la experiencia cristiana desarrollen su vocaci\u00f3n pol\u00edtica con la ayuda de la Doctrina Social de la Iglesia. La Academia Latinoamericana de L\u00edderes Cat\u00f3licos tiene como misi\u00f3n, formar l\u00edderes desde una perspectiva cat\u00f3lica, arraigados en la fe de la Iglesia, para transformar el mundo social, pol\u00edtico y econ\u00f3mico a la luz de la Doctrina Social de la Iglesia. Formar una nueva generaci\u00f3n de cat\u00f3licos latinoamericanos con responsabilidades pol\u00edticas y sociales para que transformen el rostro del continente al servicio de sus pueblos, a la luz del Magisterio de la Iglesia y de cara a los Jubileos del V Centenario Guadalupano y de los dos mil a\u00f1os de la redenci\u00f3n.\",\"sameAs\":[\"https:\\\/\\\/liderescatolicos.net\\\/\",\"https:\\\/\\\/www.youtube.com\\\/c\\\/LderesCatlicos\"],\"url\":\"https:\\\/\\\/exaudi.org\\\/it\\\/author\\\/academia-de-lideres-catolicos\\\/\"}]}<\/script>\n<!-- \/ Yoast SEO plugin. -->","yoast_head_json":{"title":"L'Accademia Internazionale dei Leader Cattolici convoca un forum per conoscere attraverso gli esperti la situazione in Venezuela &#8211; Exaudi","robots":{"index":"index","follow":"follow","max-snippet":"max-snippet:-1","max-image-preview":"max-image-preview:large","max-video-preview":"max-video-preview:-1"},"canonical":"https:\/\/exaudi.org\/it\/laccademia-internazionale-dei-leader-cattolici-convoca-un-forum-per-conoscere-attraverso-gli-esperti-la-situazione-in-venezuela\/","og_locale":"it_IT","og_type":"article","og_title":"L'Accademia Internazionale dei Leader Cattolici convoca un forum per conoscere attraverso gli esperti la situazione in Venezuela &#8211; Exaudi","og_description":"Oggi, 7 agosto, l&#8217;Accademia Internazionale dei Leader Cattolici ha organizzato un forum di conversazione per analizzare la situazione in Venezuela dopo le elezioni presidenziali del 28 luglio. In questo evento virtuale verranno discussi i possibili scenari politici per il partito al governo e per l&#8217;opposizione di tale Paese, con la partecipazione di eminenti esperti. Interverranno [&hellip;]","og_url":"https:\/\/exaudi.org\/it\/laccademia-internazionale-dei-leader-cattolici-convoca-un-forum-per-conoscere-attraverso-gli-esperti-la-situazione-in-venezuela\/","og_site_name":"Exaudi","article_publisher":"https:\/\/www.facebook.com\/ExaudiNews","article_published_time":"2024-08-07T14:18:50+00:00","og_image":[{"width":1600,"height":1600,"url":"https:\/\/exaudi.org\/wp-content\/uploads\/2024\/08\/WhatsApp-Image-2024-08-03-at-22.46.51.jpeg","type":"image\/jpeg"}],"author":"Academia de L\u00edderes Cat\u00f3licos","twitter_card":"summary_large_image","twitter_creator":"@Exaudi_News","twitter_site":"@Exaudi_News","twitter_misc":{"Scritto da":"Academia de L\u00edderes Cat\u00f3licos","Tempo di lettura stimato":"1 minuto"},"schema":{"@context":"https:\/\/schema.org","@graph":[{"@type":"Article","@id":"https:\/\/exaudi.org\/it\/laccademia-internazionale-dei-leader-cattolici-convoca-un-forum-per-conoscere-attraverso-gli-esperti-la-situazione-in-venezuela\/#article","isPartOf":{"@id":"https:\/\/exaudi.org\/it\/laccademia-internazionale-dei-leader-cattolici-convoca-un-forum-per-conoscere-attraverso-gli-esperti-la-situazione-in-venezuela\/"},"author":{"name":"Academia de L\u00edderes Cat\u00f3licos","@id":"https:\/\/exaudi.org\/#\/schema\/person\/334968a332d5dad9f94e08897852c6af"},"headline":"L&#8217;Accademia Internazionale dei Leader Cattolici convoca un forum per conoscere attraverso gli esperti la situazione in Venezuela","datePublished":"2024-08-07T14:18:50+00:00","mainEntityOfPage":{"@id":"https:\/\/exaudi.org\/it\/laccademia-internazionale-dei-leader-cattolici-convoca-un-forum-per-conoscere-attraverso-gli-esperti-la-situazione-in-venezuela\/"},"wordCount":202,"image":{"@id":"https:\/\/exaudi.org\/it\/laccademia-internazionale-dei-leader-cattolici-convoca-un-forum-per-conoscere-attraverso-gli-esperti-la-situazione-in-venezuela\/#primaryimage"},"thumbnailUrl":"https:\/\/exaudi.org\/wp-content\/uploads\/2024\/08\/WhatsApp-Image-2024-08-03-at-22.46.51.jpeg","keywords":["ACCADEMIA INTERNAZIONALE DEI LEADER CATTOLICI","Cardinale Diego Padr\u00f3n","Fernando Cariilo Fl\u00f3rez","Prisa","Trending","Venezuela"],"articleSection":["Chiesa e Mondo"],"inLanguage":"it-IT"},{"@type":"WebPage","@id":"https:\/\/exaudi.org\/it\/laccademia-internazionale-dei-leader-cattolici-convoca-un-forum-per-conoscere-attraverso-gli-esperti-la-situazione-in-venezuela\/","url":"https:\/\/exaudi.org\/it\/laccademia-internazionale-dei-leader-cattolici-convoca-un-forum-per-conoscere-attraverso-gli-esperti-la-situazione-in-venezuela\/","name":"L'Accademia Internazionale dei Leader Cattolici convoca un forum per conoscere attraverso gli esperti la situazione in Venezuela &#8211; Exaudi","isPartOf":{"@id":"https:\/\/exaudi.org\/#website"},"primaryImageOfPage":{"@id":"https:\/\/exaudi.org\/it\/laccademia-internazionale-dei-leader-cattolici-convoca-un-forum-per-conoscere-attraverso-gli-esperti-la-situazione-in-venezuela\/#primaryimage"},"image":{"@id":"https:\/\/exaudi.org\/it\/laccademia-internazionale-dei-leader-cattolici-convoca-un-forum-per-conoscere-attraverso-gli-esperti-la-situazione-in-venezuela\/#primaryimage"},"thumbnailUrl":"https:\/\/exaudi.org\/wp-content\/uploads\/2024\/08\/WhatsApp-Image-2024-08-03-at-22.46.51.jpeg","datePublished":"2024-08-07T14:18:50+00:00","author":{"@id":"https:\/\/exaudi.org\/#\/schema\/person\/334968a332d5dad9f94e08897852c6af"},"breadcrumb":{"@id":"https:\/\/exaudi.org\/it\/laccademia-internazionale-dei-leader-cattolici-convoca-un-forum-per-conoscere-attraverso-gli-esperti-la-situazione-in-venezuela\/#breadcrumb"},"inLanguage":"it-IT","potentialAction":[{"@type":"ReadAction","target":["https:\/\/exaudi.org\/it\/laccademia-internazionale-dei-leader-cattolici-convoca-un-forum-per-conoscere-attraverso-gli-esperti-la-situazione-in-venezuela\/"]}]},{"@type":"ImageObject","inLanguage":"it-IT","@id":"https:\/\/exaudi.org\/it\/laccademia-internazionale-dei-leader-cattolici-convoca-un-forum-per-conoscere-attraverso-gli-esperti-la-situazione-in-venezuela\/#primaryimage","url":"https:\/\/exaudi.org\/wp-content\/uploads\/2024\/08\/WhatsApp-Image-2024-08-03-at-22.46.51.jpeg","contentUrl":"https:\/\/exaudi.org\/wp-content\/uploads\/2024\/08\/WhatsApp-Image-2024-08-03-at-22.46.51.jpeg","width":1600,"height":1600},{"@type":"BreadcrumbList","@id":"https:\/\/exaudi.org\/it\/laccademia-internazionale-dei-leader-cattolici-convoca-un-forum-per-conoscere-attraverso-gli-esperti-la-situazione-in-venezuela\/#breadcrumb","itemListElement":[{"@type":"ListItem","position":1,"name":"Portada","item":"https:\/\/exaudi.org\/it\/"},{"@type":"ListItem","position":2,"name":"L&#8217;Accademia Internazionale dei Leader Cattolici convoca un forum per conoscere attraverso gli esperti la situazione in Venezuela"}]},{"@type":"WebSite","@id":"https:\/\/exaudi.org\/#website","url":"https:\/\/exaudi.org\/","name":"Exaudi","description":"News","potentialAction":[{"@type":"SearchAction","target":{"@type":"EntryPoint","urlTemplate":"https:\/\/exaudi.org\/?s={search_term_string}"},"query-input":{"@type":"PropertyValueSpecification","valueRequired":true,"valueName":"search_term_string"}}],"inLanguage":"it-IT"},{"@type":"Person","@id":"https:\/\/exaudi.org\/#\/schema\/person\/334968a332d5dad9f94e08897852c6af","name":"Academia de L\u00edderes Cat\u00f3licos","image":{"@type":"ImageObject","inLanguage":"it-IT","@id":"https:\/\/secure.gravatar.com\/avatar\/80d80b1e34d8fa01f6b95d10e695853ca4ea7e054050e21ad1a15d546d4600ca?s=96&d=mm&r=g","url":"https:\/\/secure.gravatar.com\/avatar\/80d80b1e34d8fa01f6b95d10e695853ca4ea7e054050e21ad1a15d546d4600ca?s=96&d=mm&r=g","contentUrl":"https:\/\/secure.gravatar.com\/avatar\/80d80b1e34d8fa01f6b95d10e695853ca4ea7e054050e21ad1a15d546d4600ca?s=96&d=mm&r=g","caption":"Academia de L\u00edderes Cat\u00f3licos"},"description":"Es una fundaci\u00f3n de derecho privado sin fines de lucro que busca formar cat\u00f3licos que a partir de la experiencia cristiana desarrollen su vocaci\u00f3n pol\u00edtica con la ayuda de la Doctrina Social de la Iglesia. La Academia Latinoamericana de L\u00edderes Cat\u00f3licos tiene como misi\u00f3n, formar l\u00edderes desde una perspectiva cat\u00f3lica, arraigados en la fe de la Iglesia, para transformar el mundo social, pol\u00edtico y econ\u00f3mico a la luz de la Doctrina Social de la Iglesia. Formar una nueva generaci\u00f3n de cat\u00f3licos latinoamericanos con responsabilidades pol\u00edticas y sociales para que transformen el rostro del continente al servicio de sus pueblos, a la luz del Magisterio de la Iglesia y de cara a los Jubileos del V Centenario Guadalupano y de los dos mil a\u00f1os de la redenci\u00f3n.","sameAs":["https:\/\/liderescatolicos.net\/","https:\/\/www.youtube.com\/c\/LderesCatlicos"],"url":"https:\/\/exaudi.org\/it\/author\/academia-de-lideres-catolicos\/"}]}},"jetpack_featured_media_url":"https:\/\/exaudi.org\/wp-content\/uploads\/2024\/08\/WhatsApp-Image-2024-08-03-at-22.46.51.jpeg","jetpack_shortlink":"https:\/\/wp.me\/pgKjF2-rFQ","_links":{"self":[{"href":"https:\/\/exaudi.org\/it\/wp-json\/wp\/v2\/posts\/106382","targetHints":{"allow":["GET"]}}],"collection":[{"href":"https:\/\/exaudi.org\/it\/wp-json\/wp\/v2\/posts"}],"about":[{"href":"https:\/\/exaudi.org\/it\/wp-json\/wp\/v2\/types\/post"}],"author":[{"embeddable":true,"href":"https:\/\/exaudi.org\/it\/wp-json\/wp\/v2\/users\/107"}],"replies":[{"embeddable":true,"href":"https:\/\/exaudi.org\/it\/wp-json\/wp\/v2\/comments?post=106382"}],"version-history":[{"count":0,"href":"https:\/\/exaudi.org\/it\/wp-json\/wp\/v2\/posts\/106382\/revisions"}],"wp:featuredmedia":[{"embeddable":true,"href":"https:\/\/exaudi.org\/it\/wp-json\/wp\/v2\/media\/106377"}],"wp:attachment":[{"href":"https:\/\/exaudi.org\/it\/wp-json\/wp\/v2\/media?parent=106382"}],"wp:term":[{"taxonomy":"category","embeddable":true,"href":"https:\/\/exaudi.org\/it\/wp-json\/wp\/v2\/categories?post=106382"},{"taxonomy":"post_tag","embeddable":true,"href":"https:\/\/exaudi.org\/it\/wp-json\/wp\/v2\/tags?post=106382"}],"curies":[{"name":"wp","href":"https:\/\/api.w.org\/{rel}","templated":true}]}}