{"id":106122,"date":"2024-07-29T21:06:47","date_gmt":"2024-07-29T19:06:47","guid":{"rendered":"https:\/\/exaudi.org\/?p=106122"},"modified":"2024-07-29T21:06:47","modified_gmt":"2024-07-29T19:06:47","slug":"la-speranza","status":"publish","type":"post","link":"https:\/\/exaudi.org\/it\/la-speranza\/","title":{"rendered":"La speranza"},"content":{"rendered":"<p>Il cristiano sa che pu\u00f2 sempre rivolgersi a Dio e che la mano di Dio sar\u00e0 sempre a sua disposizione per aiutarlo.<br \/>\nIl tema della speranza \u00e8 molto attuale. Ultimamente il Papa insiste molto affinch\u00e9 eleviamo i nostri cuori verso questa virt\u00f9. Ha stabilito che il messaggio centrale del nuovo giubileo \u00e8 la speranza. Inoltre, oggi, ci sono molti che sono caduti nel pessimismo, nella disperazione, nella depressione e in altre malattie mentali e, in breve, coloro che se la passano molto male, perch\u00e9 hanno perso la speranza e la speranza. Il nostro mondo ha un disperato bisogno di speranza. In questo la Chiesa pu\u00f2 aiutare molto, perch\u00e9 la fede \u00e8 ci\u00f2 che d\u00e0 pi\u00f9 speranza. Donare speranza \u00e8 uno dei grandi compiti della Chiesa nel mondo di oggi.<\/p>\n<p>Dio \u00e8 amore, e nient&#8217;altro che amore, amore infinito. Il mondo creato risponde a un disegno d&#8217;amore, a un cuore paterno, a un cuore grande. Il cosmo \u00e8 la casa che Dio ha preparato per l&#8217;uomo. La storia non si sviluppa in modo cieco. C&#8217;\u00e8 la divina provvidenza, Dio ci accompagna. Dio si prende cura di noi e ci fa molto bene. Dio permette il male solo affinch\u00e9 si possa ottenere un bene maggiore. Quindi tutto ha un senso meraviglioso. In mezzo a tutto ci\u00f2 che non riusciamo a comprendere, sappiamo che siamo piccole creature di Dio, che la nostra situazione \u00e8 come quella di un bambino riparato nella sua culla, baciato con grande effusione dal padre. E, sentirsi cos\u00ec amati, \u00e8 meraviglioso!<\/p>\n<p>Tutto \u00e8 per il bene di coloro che amano Dio. Basta che tu lo ami, affinch\u00e9 tutto ci\u00f2 che ti accade, qualunque esso sia, sia per il tuo bene e, per questo, tutto ha una dimensione molto positiva.<\/p>\n<p>Inoltre, chi vive amando Dio, qualunque siano le circostanze in cui si trova, vive la vita pi\u00f9 piena possibile, si realizza pienamente come uomo e la sua anima \u00e8 soddisfatta, felice e contenta.<\/p>\n<p>Ges\u00f9 \u00e8 colui che ti ama di pi\u00f9. La Provvidenza \u00e8 arrivata addirittura al punto che Cristo, Uomo-Dio, ha donato la sua vita, per amore nostro, e perch\u00e9 potessimo raggiungere il Cielo, con grande felicit\u00e0.<\/p>\n<p>In una parola, la fede ci fa vedere che la vita umana \u00e8 stata concepita per essere completamente avvolta in un manto fantastico. La fede cristiana mette davanti ai nostri occhi orizzonti meravigliosi.<\/p>\n<p>Per coloro che hanno la sensazione che il mondo gli stia cadendo addosso e, allo stesso tempo, non sanno nulla dell&#8217;azione benefica di Dio sul mondo, deve essere difficile non scoraggiarsi e disperarsi. Se poi credete che tutto avviene in maniera inflessibile, cieca e totalmente spietata, quanto sar\u00e0 difficile che le vostre notti non siano insonni e atroci. Come poteva non aspettare che i fatti gli esplodessero in testa? Come non sentirsi completamente impotenti e immersi in una notte cupa e buia, in attesa della sentenza fatale sull&#8217;esito degli eventi? Ma aspettare, senza avere motivo di aspettarsi nulla di positivo, non \u00e8 disperazione? Come non sentirsi allora invasi da uno strano sentimento, una sorta di depressione totale, assoluta di tutto il proprio essere, un infinito abbandono? E, con il passare del tempo, come potranno l&#8217;angoscia e l&#8217;angoscia non raggiungere il parossismo?<\/p>\n<p>La disperazione \u00e8 un problema molto serio, che \u00e8 stato la causa di tanti suicidi. Attualmente, ad esempio, in Catalogna (Spagna), la principale causa di mortalit\u00e0 tra i giovani \u00e8 il suicidio.<\/p>\n<p>Certamente quello che vive chi \u00e8 caduto in mare e non sa dove aggrapparsi \u00e8 molto diverso da chi sa di avere sempre un appiglio. Il cristiano sa che pu\u00f2 sempre rivolgersi a Dio e che la mano di Dio sar\u00e0 sempre a sua disposizione per aiutarlo.<\/p>\n<p>C&#8217;\u00e8 molta differenza tra vedere questo mondo come un mostro che mi divorer\u00e0, e che segue la legge di una necessit\u00e0 inflessibile, e vedere la realt\u00e0 come una mano pi\u00f9 forte del mondo, sul cui aiuto posso contare, grazie a l&#8217;amore, che in ogni circostanza vuole accarezzarmi.<\/p>\n<p>Quale felicit\u00e0, allora, \u00e8 quella di chi vive la fede cattolica, e la conseguente speranza, che dona tanta luce, speranza, gioia e pace alla vita. Entusiasti!<\/p>\n<p>Del resto, come diceva monsignor Josemar\u00eda Escriv\u00e1 de Balaguer: non voglio questo n\u00e9 quello, sono pi\u00f9 invidioso, voglio tutto, voglio Dio, voglio l&#8217;Ideale degli ideali! Il grande ideale: Lui!<\/p>\n","protected":false},"excerpt":{"rendered":"<p>Il cristiano sa che pu\u00f2 sempre rivolgersi a Dio e che la mano di Dio sar\u00e0 sempre a sua disposizione per aiutarlo<\/p>\n","protected":false},"author":45,"featured_media":106123,"comment_status":"closed","ping_status":"closed","sticky":false,"template":"","format":"standard","meta":{"_acf_changed":false,"_crdt_document":"","inline_featured_image":false,"footnotes":""},"categories":[],"tags":[17800,483,22427],"class_list":["post-106122","post","type-post","status-publish","format-standard","has-post-thumbnail","hentry","tag-jose-maria-montiu-de-nuix-3","tag-speranza","tag-voci"],"acf":[],"yoast_head":"<!-- This site is optimized with the Yoast SEO plugin v27.4 - https:\/\/yoast.com\/product\/yoast-seo-wordpress\/ -->\n<title>La speranza &#8211; Exaudi<\/title>\n<meta name=\"robots\" content=\"index, follow, max-snippet:-1, max-image-preview:large, max-video-preview:-1\" \/>\n<link rel=\"canonical\" href=\"https:\/\/exaudi.org\/it\/la-speranza\/\" \/>\n<meta property=\"og:locale\" content=\"it_IT\" \/>\n<meta property=\"og:type\" content=\"article\" \/>\n<meta property=\"og:title\" content=\"La speranza &#8211; Exaudi\" \/>\n<meta property=\"og:description\" content=\"Il cristiano sa che pu\u00f2 sempre rivolgersi a Dio e che la mano di Dio sar\u00e0 sempre a sua disposizione per aiutarlo\" \/>\n<meta property=\"og:url\" content=\"https:\/\/exaudi.org\/it\/la-speranza\/\" \/>\n<meta property=\"og:site_name\" content=\"Exaudi\" \/>\n<meta property=\"article:publisher\" content=\"https:\/\/www.facebook.com\/ExaudiNews\" \/>\n<meta property=\"article:published_time\" content=\"2024-07-29T19:06:47+00:00\" \/>\n<meta property=\"og:image\" content=\"https:\/\/exaudi.org\/wp-content\/uploads\/2024\/07\/Nuestra-bendita-esperanza-e1722276853172.jpg\" \/>\n\t<meta property=\"og:image:width\" content=\"420\" \/>\n\t<meta property=\"og:image:height\" content=\"183\" \/>\n\t<meta property=\"og:image:type\" content=\"image\/jpeg\" \/>\n<meta name=\"author\" content=\"Jos\u00e9 Mar\u00eda Montiu de Nuix\" \/>\n<meta name=\"twitter:card\" content=\"summary_large_image\" \/>\n<meta name=\"twitter:creator\" content=\"@Exaudi_News\" \/>\n<meta name=\"twitter:site\" content=\"@Exaudi_News\" \/>\n<meta name=\"twitter:label1\" content=\"Scritto da\" \/>\n\t<meta name=\"twitter:data1\" content=\"Jos\u00e9 Mar\u00eda Montiu de Nuix\" \/>\n\t<meta name=\"twitter:label2\" content=\"Tempo di lettura stimato\" \/>\n\t<meta name=\"twitter:data2\" content=\"3 minuti\" \/>\n<script type=\"application\/ld+json\" class=\"yoast-schema-graph\">{\"@context\":\"https:\\\/\\\/schema.org\",\"@graph\":[{\"@type\":\"Article\",\"@id\":\"https:\\\/\\\/exaudi.org\\\/it\\\/la-speranza\\\/#article\",\"isPartOf\":{\"@id\":\"https:\\\/\\\/exaudi.org\\\/it\\\/la-speranza\\\/\"},\"author\":{\"name\":\"Jos\u00e9 Mar\u00eda Montiu de Nuix\",\"@id\":\"https:\\\/\\\/exaudi.org\\\/#\\\/schema\\\/person\\\/63aa8d363a4039100348c8036010e9fa\"},\"headline\":\"La speranza\",\"datePublished\":\"2024-07-29T19:06:47+00:00\",\"mainEntityOfPage\":{\"@id\":\"https:\\\/\\\/exaudi.org\\\/it\\\/la-speranza\\\/\"},\"wordCount\":705,\"image\":{\"@id\":\"https:\\\/\\\/exaudi.org\\\/it\\\/la-speranza\\\/#primaryimage\"},\"thumbnailUrl\":\"https:\\\/\\\/exaudi.org\\\/wp-content\\\/uploads\\\/2024\\\/07\\\/Nuestra-bendita-esperanza-e1722276853172.jpg\",\"keywords\":[\"JOS\u00c9 MAR\u00cdA MONTIU DE NUIX\",\"speranza\",\"Voci\"],\"inLanguage\":\"it-IT\"},{\"@type\":\"WebPage\",\"@id\":\"https:\\\/\\\/exaudi.org\\\/it\\\/la-speranza\\\/\",\"url\":\"https:\\\/\\\/exaudi.org\\\/it\\\/la-speranza\\\/\",\"name\":\"La speranza &#8211; Exaudi\",\"isPartOf\":{\"@id\":\"https:\\\/\\\/exaudi.org\\\/#website\"},\"primaryImageOfPage\":{\"@id\":\"https:\\\/\\\/exaudi.org\\\/it\\\/la-speranza\\\/#primaryimage\"},\"image\":{\"@id\":\"https:\\\/\\\/exaudi.org\\\/it\\\/la-speranza\\\/#primaryimage\"},\"thumbnailUrl\":\"https:\\\/\\\/exaudi.org\\\/wp-content\\\/uploads\\\/2024\\\/07\\\/Nuestra-bendita-esperanza-e1722276853172.jpg\",\"datePublished\":\"2024-07-29T19:06:47+00:00\",\"author\":{\"@id\":\"https:\\\/\\\/exaudi.org\\\/#\\\/schema\\\/person\\\/63aa8d363a4039100348c8036010e9fa\"},\"breadcrumb\":{\"@id\":\"https:\\\/\\\/exaudi.org\\\/it\\\/la-speranza\\\/#breadcrumb\"},\"inLanguage\":\"it-IT\",\"potentialAction\":[{\"@type\":\"ReadAction\",\"target\":[\"https:\\\/\\\/exaudi.org\\\/it\\\/la-speranza\\\/\"]}]},{\"@type\":\"ImageObject\",\"inLanguage\":\"it-IT\",\"@id\":\"https:\\\/\\\/exaudi.org\\\/it\\\/la-speranza\\\/#primaryimage\",\"url\":\"https:\\\/\\\/exaudi.org\\\/wp-content\\\/uploads\\\/2024\\\/07\\\/Nuestra-bendita-esperanza-e1722276853172.jpg\",\"contentUrl\":\"https:\\\/\\\/exaudi.org\\\/wp-content\\\/uploads\\\/2024\\\/07\\\/Nuestra-bendita-esperanza-e1722276853172.jpg\",\"width\":420,\"height\":183},{\"@type\":\"BreadcrumbList\",\"@id\":\"https:\\\/\\\/exaudi.org\\\/it\\\/la-speranza\\\/#breadcrumb\",\"itemListElement\":[{\"@type\":\"ListItem\",\"position\":1,\"name\":\"Portada\",\"item\":\"https:\\\/\\\/exaudi.org\\\/it\\\/\"},{\"@type\":\"ListItem\",\"position\":2,\"name\":\"La speranza\"}]},{\"@type\":\"WebSite\",\"@id\":\"https:\\\/\\\/exaudi.org\\\/#website\",\"url\":\"https:\\\/\\\/exaudi.org\\\/\",\"name\":\"Exaudi\",\"description\":\"News\",\"potentialAction\":[{\"@type\":\"SearchAction\",\"target\":{\"@type\":\"EntryPoint\",\"urlTemplate\":\"https:\\\/\\\/exaudi.org\\\/?s={search_term_string}\"},\"query-input\":{\"@type\":\"PropertyValueSpecification\",\"valueRequired\":true,\"valueName\":\"search_term_string\"}}],\"inLanguage\":\"it-IT\"},{\"@type\":\"Person\",\"@id\":\"https:\\\/\\\/exaudi.org\\\/#\\\/schema\\\/person\\\/63aa8d363a4039100348c8036010e9fa\",\"name\":\"Jos\u00e9 Mar\u00eda Montiu de Nuix\",\"image\":{\"@type\":\"ImageObject\",\"inLanguage\":\"it-IT\",\"@id\":\"https:\\\/\\\/secure.gravatar.com\\\/avatar\\\/f3d1e54272060740a50258cef7d916098d4ffe7ad9f6a7a8603d12c508634d10?s=96&d=mm&r=g\",\"url\":\"https:\\\/\\\/secure.gravatar.com\\\/avatar\\\/f3d1e54272060740a50258cef7d916098d4ffe7ad9f6a7a8603d12c508634d10?s=96&d=mm&r=g\",\"contentUrl\":\"https:\\\/\\\/secure.gravatar.com\\\/avatar\\\/f3d1e54272060740a50258cef7d916098d4ffe7ad9f6a7a8603d12c508634d10?s=96&d=mm&r=g\",\"caption\":\"Jos\u00e9 Mar\u00eda Montiu de Nuix\"},\"description\":\"Nacido en Cervera, L\u00e9rida, Espa\u00f1a, en 1960 y bautizado ese mismo a\u00f1o. Ordenado sacerdote en 1992. Doctor en Filosof\u00eda. Licenciado en Filosof\u00eda y Ciencias de la Educaci\u00f3n por la Universidad de Barcelona (UB). Licenciado (especialidad: Matem\u00e1tica Fundamental), cursos de doctorado y suficiencia investigadora en Ciencias Exactas por la UB. Licenciado en Filosof\u00eda por la Universidad de Navarra. Licenciado en Estudios Eclesi\u00e1sticos por la Facultad de Teolog\u00eda San Vicente Ferrer, Valencia. Docente e investigador con m\u00e1s de medio millar de publicaciones. Acad\u00e9mico de la Academia Hispanoamericana de Doctores.\",\"url\":\"https:\\\/\\\/exaudi.org\\\/it\\\/author\\\/josepmariamontiudenuix\\\/\"}]}<\/script>\n<!-- \/ Yoast SEO plugin. -->","yoast_head_json":{"title":"La speranza &#8211; Exaudi","robots":{"index":"index","follow":"follow","max-snippet":"max-snippet:-1","max-image-preview":"max-image-preview:large","max-video-preview":"max-video-preview:-1"},"canonical":"https:\/\/exaudi.org\/it\/la-speranza\/","og_locale":"it_IT","og_type":"article","og_title":"La speranza &#8211; Exaudi","og_description":"Il cristiano sa che pu\u00f2 sempre rivolgersi a Dio e che la mano di Dio sar\u00e0 sempre a sua disposizione per aiutarlo","og_url":"https:\/\/exaudi.org\/it\/la-speranza\/","og_site_name":"Exaudi","article_publisher":"https:\/\/www.facebook.com\/ExaudiNews","article_published_time":"2024-07-29T19:06:47+00:00","og_image":[{"width":420,"height":183,"url":"https:\/\/exaudi.org\/wp-content\/uploads\/2024\/07\/Nuestra-bendita-esperanza-e1722276853172.jpg","type":"image\/jpeg"}],"author":"Jos\u00e9 Mar\u00eda Montiu de Nuix","twitter_card":"summary_large_image","twitter_creator":"@Exaudi_News","twitter_site":"@Exaudi_News","twitter_misc":{"Scritto da":"Jos\u00e9 Mar\u00eda Montiu de Nuix","Tempo di lettura stimato":"3 minuti"},"schema":{"@context":"https:\/\/schema.org","@graph":[{"@type":"Article","@id":"https:\/\/exaudi.org\/it\/la-speranza\/#article","isPartOf":{"@id":"https:\/\/exaudi.org\/it\/la-speranza\/"},"author":{"name":"Jos\u00e9 Mar\u00eda Montiu de Nuix","@id":"https:\/\/exaudi.org\/#\/schema\/person\/63aa8d363a4039100348c8036010e9fa"},"headline":"La speranza","datePublished":"2024-07-29T19:06:47+00:00","mainEntityOfPage":{"@id":"https:\/\/exaudi.org\/it\/la-speranza\/"},"wordCount":705,"image":{"@id":"https:\/\/exaudi.org\/it\/la-speranza\/#primaryimage"},"thumbnailUrl":"https:\/\/exaudi.org\/wp-content\/uploads\/2024\/07\/Nuestra-bendita-esperanza-e1722276853172.jpg","keywords":["JOS\u00c9 MAR\u00cdA MONTIU DE NUIX","speranza","Voci"],"inLanguage":"it-IT"},{"@type":"WebPage","@id":"https:\/\/exaudi.org\/it\/la-speranza\/","url":"https:\/\/exaudi.org\/it\/la-speranza\/","name":"La speranza &#8211; Exaudi","isPartOf":{"@id":"https:\/\/exaudi.org\/#website"},"primaryImageOfPage":{"@id":"https:\/\/exaudi.org\/it\/la-speranza\/#primaryimage"},"image":{"@id":"https:\/\/exaudi.org\/it\/la-speranza\/#primaryimage"},"thumbnailUrl":"https:\/\/exaudi.org\/wp-content\/uploads\/2024\/07\/Nuestra-bendita-esperanza-e1722276853172.jpg","datePublished":"2024-07-29T19:06:47+00:00","author":{"@id":"https:\/\/exaudi.org\/#\/schema\/person\/63aa8d363a4039100348c8036010e9fa"},"breadcrumb":{"@id":"https:\/\/exaudi.org\/it\/la-speranza\/#breadcrumb"},"inLanguage":"it-IT","potentialAction":[{"@type":"ReadAction","target":["https:\/\/exaudi.org\/it\/la-speranza\/"]}]},{"@type":"ImageObject","inLanguage":"it-IT","@id":"https:\/\/exaudi.org\/it\/la-speranza\/#primaryimage","url":"https:\/\/exaudi.org\/wp-content\/uploads\/2024\/07\/Nuestra-bendita-esperanza-e1722276853172.jpg","contentUrl":"https:\/\/exaudi.org\/wp-content\/uploads\/2024\/07\/Nuestra-bendita-esperanza-e1722276853172.jpg","width":420,"height":183},{"@type":"BreadcrumbList","@id":"https:\/\/exaudi.org\/it\/la-speranza\/#breadcrumb","itemListElement":[{"@type":"ListItem","position":1,"name":"Portada","item":"https:\/\/exaudi.org\/it\/"},{"@type":"ListItem","position":2,"name":"La speranza"}]},{"@type":"WebSite","@id":"https:\/\/exaudi.org\/#website","url":"https:\/\/exaudi.org\/","name":"Exaudi","description":"News","potentialAction":[{"@type":"SearchAction","target":{"@type":"EntryPoint","urlTemplate":"https:\/\/exaudi.org\/?s={search_term_string}"},"query-input":{"@type":"PropertyValueSpecification","valueRequired":true,"valueName":"search_term_string"}}],"inLanguage":"it-IT"},{"@type":"Person","@id":"https:\/\/exaudi.org\/#\/schema\/person\/63aa8d363a4039100348c8036010e9fa","name":"Jos\u00e9 Mar\u00eda Montiu de Nuix","image":{"@type":"ImageObject","inLanguage":"it-IT","@id":"https:\/\/secure.gravatar.com\/avatar\/f3d1e54272060740a50258cef7d916098d4ffe7ad9f6a7a8603d12c508634d10?s=96&d=mm&r=g","url":"https:\/\/secure.gravatar.com\/avatar\/f3d1e54272060740a50258cef7d916098d4ffe7ad9f6a7a8603d12c508634d10?s=96&d=mm&r=g","contentUrl":"https:\/\/secure.gravatar.com\/avatar\/f3d1e54272060740a50258cef7d916098d4ffe7ad9f6a7a8603d12c508634d10?s=96&d=mm&r=g","caption":"Jos\u00e9 Mar\u00eda Montiu de Nuix"},"description":"Nacido en Cervera, L\u00e9rida, Espa\u00f1a, en 1960 y bautizado ese mismo a\u00f1o. Ordenado sacerdote en 1992. Doctor en Filosof\u00eda. Licenciado en Filosof\u00eda y Ciencias de la Educaci\u00f3n por la Universidad de Barcelona (UB). Licenciado (especialidad: Matem\u00e1tica Fundamental), cursos de doctorado y suficiencia investigadora en Ciencias Exactas por la UB. Licenciado en Filosof\u00eda por la Universidad de Navarra. Licenciado en Estudios Eclesi\u00e1sticos por la Facultad de Teolog\u00eda San Vicente Ferrer, Valencia. Docente e investigador con m\u00e1s de medio millar de publicaciones. Acad\u00e9mico de la Academia Hispanoamericana de Doctores.","url":"https:\/\/exaudi.org\/it\/author\/josepmariamontiudenuix\/"}]}},"jetpack_featured_media_url":"https:\/\/exaudi.org\/wp-content\/uploads\/2024\/07\/Nuestra-bendita-esperanza-e1722276853172.jpg","jetpack_shortlink":"https:\/\/wp.me\/pgKjF2-rBE","_links":{"self":[{"href":"https:\/\/exaudi.org\/it\/wp-json\/wp\/v2\/posts\/106122","targetHints":{"allow":["GET"]}}],"collection":[{"href":"https:\/\/exaudi.org\/it\/wp-json\/wp\/v2\/posts"}],"about":[{"href":"https:\/\/exaudi.org\/it\/wp-json\/wp\/v2\/types\/post"}],"author":[{"embeddable":true,"href":"https:\/\/exaudi.org\/it\/wp-json\/wp\/v2\/users\/45"}],"replies":[{"embeddable":true,"href":"https:\/\/exaudi.org\/it\/wp-json\/wp\/v2\/comments?post=106122"}],"version-history":[{"count":0,"href":"https:\/\/exaudi.org\/it\/wp-json\/wp\/v2\/posts\/106122\/revisions"}],"wp:featuredmedia":[{"embeddable":true,"href":"https:\/\/exaudi.org\/it\/wp-json\/wp\/v2\/media\/106123"}],"wp:attachment":[{"href":"https:\/\/exaudi.org\/it\/wp-json\/wp\/v2\/media?parent=106122"}],"wp:term":[{"taxonomy":"category","embeddable":true,"href":"https:\/\/exaudi.org\/it\/wp-json\/wp\/v2\/categories?post=106122"},{"taxonomy":"post_tag","embeddable":true,"href":"https:\/\/exaudi.org\/it\/wp-json\/wp\/v2\/tags?post=106122"}],"curies":[{"name":"wp","href":"https:\/\/api.w.org\/{rel}","templated":true}]}}