{"id":106118,"date":"2024-07-29T19:50:59","date_gmt":"2024-07-29T17:50:59","guid":{"rendered":"https:\/\/exaudi.org\/?p=106118"},"modified":"2024-07-30T21:31:31","modified_gmt":"2024-07-30T19:31:31","slug":"parigi-citta-delle-tenebre","status":"publish","type":"post","link":"https:\/\/exaudi.org\/it\/parigi-citta-delle-tenebre\/","title":{"rendered":"Parigi, citt\u00e0 delle tenebre?"},"content":{"rendered":"<p>Qualcosa di molto oscuro incombeva su Parigi &#8211; l&#8217;autoproclamata &#8220;Citt\u00e0 della Luce&#8221; &#8211; durante la cerimonia di apertura dei Giochi Olimpici del 2024, diffondendo questa oscurit\u00e0 in tutto il mondo.<\/p>\n<h3><strong>Il cavaliere sul cavallo bianco dell&#8217;Apocalisse\u00a0 \u00a0 sul dorso di un cavallo bianco, seguito dalle bandiere<\/strong><\/h3>\n<p>Nella parte finale dell&#8217;apertura di questo evento sportivo, un cavaliere misterioso e intrigante ha cavalcato rapidamente su un cavallo meccanico d&#8217;argento attraverso la Senna per culminare la sua corsa alla Torre Eiffel.<\/p>\n<p>Secondo il direttore artistico della cerimonia, Thomas Jolly, l&#8217;immagine era &#8220;l&#8217;incarnazione di Sequana, dea del fiume e simbolo della resistenza&#8221;. Nella mitologia gallica, Sequana \u00e8 la ninfa delle sorgenti della Senna. Situate in un parco, antico santuario gallo-romano di Source-Seine, nella Franca Contea di Borgogna, queste fontane sono ancora visitabili e sono di propriet\u00e0 della citt\u00e0 di Parigi.<\/p>\n<p>Al termine di questa passeggiata lungo la Senna, il personaggio misterioso e oscuro, che nascondeva il volto ed era coperto da un mantello su cui erano stampati gli anelli olimpici, arriv\u00f2 al Trocadero, di fronte alla Torre Eiffel, sul dorso di un cavallo bianco,\u00a0 sorretto dalle bandiere dei comitati olimpici delle nazioni partecipanti. Tutte le nazioni del mondo lo seguirono.<\/p>\n<p><img loading=\"lazy\" decoding=\"async\" class=\"alignnone size-medium wp-image-106066\" src=\"https:\/\/exaudi.org\/wp-content\/uploads\/2024\/07\/IMG-20240728-WA0039-283x300.jpg\" alt=\"\" width=\"283\" height=\"300\" srcset=\"https:\/\/exaudi.org\/wp-content\/uploads\/2024\/07\/IMG-20240728-WA0039-283x300.jpg 283w, https:\/\/exaudi.org\/wp-content\/uploads\/2024\/07\/IMG-20240728-WA0039-770x816.jpg 770w, https:\/\/exaudi.org\/wp-content\/uploads\/2024\/07\/IMG-20240728-WA0039-500x530.jpg 500w, https:\/\/exaudi.org\/wp-content\/uploads\/2024\/07\/IMG-20240728-WA0039-293x311.jpg 293w, https:\/\/exaudi.org\/wp-content\/uploads\/2024\/07\/IMG-20240728-WA0039-390x413.jpg 390w, https:\/\/exaudi.org\/wp-content\/uploads\/2024\/07\/IMG-20240728-WA0039.jpg 849w\" sizes=\"auto, (max-width: 283px) 100vw, 283px\" \/><\/p>\n<h5><em>Immagine dalla trasmissione della cerimonia di apertura delle Olimpiadi del 2024. (Foto: Alberto Cortina)<\/em><\/h5>\n<p>In una cerimonia in cui a volte si \u00e8 giocato con il simbolismo esoterico e occulto &#8211; come in tutti questi eventi di massa trasmessi in tutto il mondo &#8211; e in particolare con l&#8217;ideologia emanata dalla cultura del risveglio (un chiaro esempio \u00e8 stata l&#8217;infelice parodia dell&#8217;Ultima Cena, in cui Ges\u00f9 Cristo istitu\u00ec l&#8217;Eucaristia, mistero centrale della fede cristiana), \u00e8 inquietante ci\u00f2 che in realt\u00e0 si intendeva mostrare al mondo con immagini cos\u00ec controverse.<\/p>\n<p>Sicuramente pochi si sono accorti (o forse s\u00ec, data la scarsa preparazione in escatologia, materia sconosciuta a molti cattolici di questi tempi) che il cavaliere sul cavallo bianco &#8211; uno dei quattro cavalieri dell&#8217;Apocalisse &#8211; potesse ben rappresentare l&#8217;Anticristo. .<\/p>\n<p>In effetti, per alcuni interpreti di questo testo biblico, il cavaliere sul cavallo bianco di Apocalisse 6 non \u00e8 lo stesso di Apocalisse 19. L&#8217;apertura del primo sigillo in Apocalisse 6 inaugura l&#8217;apparizione dell&#8217;Anticristo sulla scena mondiale. Il cavaliere sul cavallo bianco in quel versetto sarebbe, secondo questa interpretazione, la rappresentazione simbolica dell&#8217;apparizione reale dell&#8217;Anticristo.<\/p>\n<p>Apocalisse 19 narra invece l&#8217;apparizione letterale di Ges\u00f9 Cristo in Cielo accompagnato dai suoi angeli che gli rendono gloria e adorazione, facendo conoscere che il suo Nome \u00e8 la Parola di Dio.<\/p>\n<p>\u00abAllora vidi il cielo aperto; ed ecco un cavallo bianco, e colui che lo cavalcava si chiamava Fedele e Verace, e con giustizia giudica e combatte. I suoi occhi erano come una fiamma di fuoco e sul suo capo c&#8217;erano molti diademi; e aveva scritto un nome che nessuno conosceva tranne lui. (Apocalisse 19, 11-13).<\/p>\n<p><img loading=\"lazy\" decoding=\"async\" class=\"alignnone size-medium wp-image-106070\" src=\"https:\/\/exaudi.org\/wp-content\/uploads\/2024\/07\/IMG-20240728-WA0040-247x300.jpg\" alt=\"\" width=\"247\" height=\"300\" srcset=\"https:\/\/exaudi.org\/wp-content\/uploads\/2024\/07\/IMG-20240728-WA0040-247x300.jpg 247w, https:\/\/exaudi.org\/wp-content\/uploads\/2024\/07\/IMG-20240728-WA0040-500x608.jpg 500w, https:\/\/exaudi.org\/wp-content\/uploads\/2024\/07\/IMG-20240728-WA0040-293x356.jpg 293w, https:\/\/exaudi.org\/wp-content\/uploads\/2024\/07\/IMG-20240728-WA0040-390x474.jpg 390w, https:\/\/exaudi.org\/wp-content\/uploads\/2024\/07\/IMG-20240728-WA0040.jpg 600w\" sizes=\"auto, (max-width: 247px) 100vw, 247px\" \/><\/p>\n<p>In un interessante libro di Alfredo S\u00e1enz, S. J. intitolato &#8220;L&#8217;Apocalisse secondo Leonardo Castellani&#8221; (Fondazione Free Date, Pamplona, \u200b\u200b2005), l&#8217;autore chiarisce che il nome &#8220;Anticristo&#8221; \u00e8 stato inventato da San Giovanni. San Paolo, invece, lo chiamava \u201c\u00c1-nomos\u201d, l&#8217;illegale (Ts 2,8). Infine, Cristo lo chiam\u00f2 \u201cl&#8217;Altro\u201d quando disse: \u201cPoich\u00e9 sono venuto nel nome del Padre mio e non mi avete accolto; Ma un altro verr\u00e0 nel suo nome e tu lo accoglierai. (Gv 5,43).<\/p>\n<p>Per molti cristiani contemporanei, non \u00e8 noto che l&#8217;Anticristo, nella sua manifestazione, non si accontenter\u00e0 di negare che Cristo \u00e8 Dio e Redentore, ma star\u00e0 al suo posto, il vero Salvatore dell&#8217;umanit\u00e0. Cercher\u00e0 anche di assomigliare il pi\u00f9 possibile a Cristo. Sar\u00e0 &#8220;la scimmia di Dio&#8221;, la scimmia di Cristo. Egli incarner\u00e0 la sostanziale ipocrisia dei farisei del I secolo, che non solo erano considerati santi, ma credevano di esserlo. Riunir\u00e0 presunte \u201cvirt\u00f9\u201d e immenso orgoglio.<\/p>\n<p>Come ci racconta padre S\u00e1enz nel suo saggio, l\u2019Anticristo realizzer\u00e0 una sintesi globale di tutti gli avversari del cristianesimo, sia in Oriente che in Occidente.<\/p>\n<p>D&#8217;altra parte, nel libro sull&#8217;Apocalisse, Castellani dice che questo personaggio realizzer\u00e0 una sorta di collusione tra capitalismo e comunismo. Entrambi cercano la stessa cosa, lo stesso Paradiso Terrestre attraverso la \u201ctecnica\u201d, in vista della divinizzazione dell&#8217;uomo. L&#8217;ideologia che li unisce \u00e8 comune: quella dell&#8217;immanenza, del paradiso in terra, dell&#8217;edonismo senza limiti. \u00abLa cupa dottrina del \u201cbolscevismo\u201d \u2013 scrive Castellani \u2013 non sar\u00e0 l&#8217;ultima eresia, ma piuttosto la sua fase preparatoria ed euforica, \u201cmessianica\u201d. Il bolscevismo vi sar\u00e0 incorporato, vi sar\u00e0 integrato. Questa fusione del capitalismo e del comunismo in un\u2019unit\u00e0 comprensiva sar\u00e0 proprio l\u2019impresa dell\u2019Anticristo. \u00abDinanzi a lui si prostreranno tutti gli abitanti della terra\u00bb (Ap 13,8). Sembra che Padre Castellani stesse descrivendo con grande precisione il Globalitarismo o Nuovo Ordine Mondiale che si sta imponendo nel nostro tempo.<\/p>\n<p>Qualunque cosa accada a tali ipotesi, per padre S\u00e1enz e padre Castellani, l&#8217;importante \u00e8 che \u00abil Mistero dell&#8217;Iniquit\u00e0, incarnato in un corpo politico dotato di immensi poteri, si incarner\u00e0 in quell&#8217;Uomo di satanica grandezza, genio plebeo e perverso, del male raffinato, al quale Satana comunicher\u00e0 la sua potenza e la sua furia accumulata.<\/p>\n<p>Cos\u00ec S\u00e1enz aggiunge nel suo commento all&#8217;Anticristo: \u00abNel mondo antico la tirannia era feroce e devastante; eppure quella tirannia era fisicamente limitata, perch\u00e9 gli Stati erano piccoli e le relazioni universali erano del tutto impossibili. Ma attualmente le strade sono preparate per un tiranno gigantesco, colossale, universale, immenso&#8230; Non c&#8217;\u00e8 pi\u00f9 alcuna resistenza, n\u00e9 fisica n\u00e9 morale. Fisico, perch\u00e9 attualmente non ci sono confini, con il telefono e internet non ci sono pi\u00f9 distanze. E non c\u2019\u00e8 resistenza morale, perch\u00e9 tutte le menti sono divise e tutti i particolarismi sono morti. Ricordiamo quel Felsenburgh di Benson e la sua abbagliante ascesa al trono del mondo. Attorno a lui si raduneranno tutti quelli che Castellani chiama i \u201coneworlders\u201d, cio\u00e8 i \u201cmundounistas\u201d, coloro che oggi sostengono il Nuovo Ordine Mondiale.<\/p>\n<p>Una volta prese in mano le redini del potere, l&#8217;Anticristo si dedicher\u00e0 alla sua opera, che agli occhi del mondo apparir\u00e0 come \u201cbenefica\u201d.<\/p>\n<p>Metter\u00e0 fine alle guerre, soprattutto, realizzando il desiderio pi\u00f9 profondo dell&#8217;umanit\u00e0, che \u00e8 la pace universale, una pace sacrilega e bugiarda, certamente, la pace del mondo, stigmatizzata da Cristo. Castellani ritiene che questa \u201cconcordia\u201d globale si realizzer\u00e0 soprattutto attraverso il commercio. Perch\u00e9 il commercio moderno, scrive, ha qualcosa di satanico. Il capitalismo si arricchisce automaticamente, non espone nulla; l&#8217;oro genera oro, come se fosse una cosa viva, e questa sembra un&#8217;invenzione di Satana. Il commercio \u00e8 oggi la cosa pi\u00f9 importante nelle relazioni internazionali; Il resto, nazioni comprese, sembrano epifenomeni, secondo Marx.<\/p>\n<p>Secondo Castellani \u201cl&#8217;Anticristo risolver\u00e0 anche i problemi economico-sociali, offrendo non solo abbondanza ma anche uguaglianza, fosse anche quella di un formicaio. Corregger\u00e0 cos\u00ec il piano del suo Rivale, acconsentendo alle tre tentazioni che Ges\u00f9 una volta si ostinava a respingere: \u00abDi&#8217; a queste pietre che diventino pane\u00bb, e lui dar\u00e0 da mangiare al mondo intero; \u00abGettati gi\u00f9 dal Tempio, affinch\u00e9 tutti ti applaudano\u00bb, e acquisirai fama universale attraverso i media; \u00abtutti i regni della terra sono miei e ve li dar\u00f2, se mi adorerete\u00bb (cfr Mt 4,1-11), e li ricever\u00e0. Questo \u00e8 ci\u00f2 che Dostoevskij vide cos\u00ec chiaramente nella sua &#8220;Leggenda del Grande Inquisitore&#8221;. Le Tentazioni, respinte da Cristo, sono rimaste come sospese nell&#8217;aria, finch\u00e9, scomparso il Kat\u00e9jon, non vengono formalmente accettate dal Vicario del Drago. Tenter\u00e0 anche di distruggere ci\u00f2 che resta del cristianesimo, approfittando per\u00f2 dei suoi resti. Le macerie dell&#8217;ordine pubblico, i resti della tradizione culturale, i meccanismi e gli strumenti politici e giuridici, tutto questo sar\u00e0 utilizzato nella costruzione della nuova Babele, la grande ed empia confederazione mondiale. Altrimenti come avrebbe potuto alzarsi in cos\u00ec poco tempo?<\/p>\n<p>E padre S\u00e1enz prosegue nella sua analisi dell&#8217;opera di Castellani: &#8220;Egli perseguiter\u00e0 duramente soprattutto la Chiesa e uccider\u00e0 i profeti, perch\u00e9 vedr\u00e0 in loro coloro che denunciano il suo inganno, i guastatori della felicit\u00e0 collettiva, i profeti di sventure&#8221;. Ma li sostituir\u00e0 subito con profeti mercenari, pronti a cantare la maturit\u00e0 dei tempi, gli incanti del vento della storia, i domani fortunati. Egli favorir\u00e0 favorevolmente lo spirito di immanenza, motivo per cui odier\u00e0 soprattutto coloro che mettono in guardia le persone rendendole consapevoli delle profezie dell&#8217;Apocalisse. E, ovviamente, non vorr\u00e0 nemmeno sentir parlare della Parusia.&#8221;<\/p>\n<p>Perch\u00e9 non bisogna dimenticare, come sottolinea Alfredo S\u00e1enz, che la figura dell&#8217;Anticristo non \u00e8 innanzitutto politica, ma piuttosto teologica. Ci\u00f2 \u00e8 reso evidente dai traguardi che la Scrittura gli attribuisce: 1) negher\u00e0 che Ges\u00f9 \u00e8 il Dio Salvatore (cfr 1 Gv 2,22); 2) sar\u00e0 ricevuto dall&#8217;umanit\u00e0 al posto di Cristo (cfr Gv 5,43); 3) deificher\u00e0 se stesso (cfr 2 Ts 2,4); 4) sopprimer\u00e0, combatter\u00e0 o falsificher\u00e0 le altre religioni (cfr Dan 7,25). Il suo progetto \u00e8, quindi, prevalentemente teologico. Il Mistero dell&#8217;Iniquit\u00e0, che l&#8217;Anticristo incarna, si riassume nell&#8217;odio verso Dio e nel culto dell&#8217;uomo. Perch\u00e9, paradossalmente, colui la cui bocca pronuncer\u00e0 bestemmie contro tutto ci\u00f2 che \u00e8 divino (cfr Ap 13,5-6), invece, cercher\u00e0 di essere adorato come Dio (cfr 2 Ts 2,4). Questa sar\u00e0 la cosa pi\u00f9 grave. In questo senso Leonardo Castellani avverte come i tempi moderni stiano preparando il letto all&#8217;Anticristo, propagando senza tregua l&#8217;idolatria dell&#8217;uomo e le opere delle sue mani.<\/p>\n<p>Secondo me, in questa parte finale della cerimonia dei Giochi Olimpici, tutto questo \u00e8 stato espresso simbolicamente, in modo che potesse essere compreso solo dagli iniziati. In questo modo, Parigi, la bellissima Citt\u00e0 della Luce, fu ricoperta dall&#8217;oscurit\u00e0, e all&#8217;improvviso, una fitta oscurit\u00e0 pot\u00e8 essere avvertita da milioni di abitanti in tutto il mondo che seguirono il \u201crito\u201d attraverso i diversi canali di comunicazione globali.<\/p>\n<h3><strong>Il cavaliere dal destriero bianco<\/strong><\/h3>\n<p>Tuttavia, i cristiani sanno che sulla terra i giorni dell&#8217;Anticristo sono contati. L&#8217;Apocalisse descrive la vittoria finale e definitiva di Cristo e l&#8217;instaurazione del suo Regno. Lui \u00e8 la vera Luce del mondo!<\/p>\n<p>Al culmine della persecuzione, al culmine della Grande Apostasia e della pi\u00f9 terribile tribolazione della storia, quando i fedeli sono quasi sul punto di venir meno, secondo le parole di Cristo stesso: &#8220;Quando il Figlio dell&#8217;Uomo verr\u00e0, trover\u00e0 la fede sulla terra? (Lc 18,8), il momento della vittoria arriver\u00e0 inaspettato.<\/p>\n<p><img loading=\"lazy\" decoding=\"async\" class=\"alignnone size-medium wp-image-106073\" src=\"https:\/\/exaudi.org\/wp-content\/uploads\/2024\/07\/IMG-20240728-WA0034-213x300.jpg\" alt=\"\" width=\"213\" height=\"300\" srcset=\"https:\/\/exaudi.org\/wp-content\/uploads\/2024\/07\/IMG-20240728-WA0034-213x300.jpg 213w, https:\/\/exaudi.org\/wp-content\/uploads\/2024\/07\/IMG-20240728-WA0034-726x1024.jpg 726w, https:\/\/exaudi.org\/wp-content\/uploads\/2024\/07\/IMG-20240728-WA0034-770x1085.jpg 770w, https:\/\/exaudi.org\/wp-content\/uploads\/2024\/07\/IMG-20240728-WA0034-1090x1536.jpg 1090w, https:\/\/exaudi.org\/wp-content\/uploads\/2024\/07\/IMG-20240728-WA0034-500x705.jpg 500w, https:\/\/exaudi.org\/wp-content\/uploads\/2024\/07\/IMG-20240728-WA0034-293x413.jpg 293w, https:\/\/exaudi.org\/wp-content\/uploads\/2024\/07\/IMG-20240728-WA0034-390x550.jpg 390w, https:\/\/exaudi.org\/wp-content\/uploads\/2024\/07\/IMG-20240728-WA0034.jpg 1135w\" sizes=\"auto, (max-width: 213px) 100vw, 213px\" \/><\/p>\n<h5><strong><em>Egli \u00e8 l&#8217;autentica \u201cLuce del mondo\u201d. (Foto: Alberto Cortina)<\/em><\/strong><\/h5>\n<p>\u00abAllora vidi il cielo aperto, e c&#8217;era un cavallo bianco; Colui che lo cavalca \u00e8 chiamato \u201cFedele\u201d e \u201cVeridico\u201d; e giudicate e combattete con giustizia\u201d (Ap 19,11). \u00c8 Cristo che viene a deporre il suo Avversario. \u00abE gli eserciti del cielo &#8211; prosegue il testo &#8211; lo seguivano sopra cavalli bianchi, vestiti di lino bianco puro\u00bb (ibid. 14). Gi\u00e0 il profeta lo aveva annunciato quando aveva detto: \u00abVerr\u00e0 il Signore mio Dio e con lui tutti i santi\u00bb (Zc 14,5), cosa che san Giuda fece propria nella sua epistola: \u00abEcco, il Signore viene con migliaia di santi.&#8221; suoi&#8221; (1, 14).<\/p>\n<h3><strong>Conclusione<\/strong><\/h3>\n<p>Non so se chi ha ideato la storia e le scene del misterioso e oscuro cavaliere che cavalca lungo la Senna sul cavallo meccanico e poi sfila su un cavallo bianco che scandisce il passo di tutti i popoli del mondo (rappresentati dalle bandiere dei diversi paesi partecipanti) ai Giochi Olimpici di Parigi 2024), hanno voluto realizzare una parodia della futura manifestazione dell&#8217;Anticristo sulla Terra e del suo dominio su tutte le nazioni.<\/p>\n<p>Ci\u00f2 era ben evidente nel caso della parodia cruda e blasfema dell&#8217;Ultima Cena del Signore, in un altro momento della cerimonia-rito.<\/p>\n<p>E il fatto \u00e8 che nemmeno lo spettacolo tecnologico di luce che regalava la Torre Eiffel \u00e8 riuscito a superare quella sensazione di fitta oscurit\u00e0 che, per\u00f2, ci veniva trasmessa dalle immagini che abbiamo analizzato in precedenza.<\/p>\n<p>Naturalmente, in segno di speranza, la bellissima Basilica del Sacro Cuore di Ges\u00f9 (Sacr\u00e9 Coeur), situata in cima alla collina di Montmartre, risplendeva e continuava a illuminare, dalla citt\u00e0 di Parigi, il mondo intero.<\/p>\n<p><img loading=\"lazy\" decoding=\"async\" class=\"alignnone size-medium wp-image-106076\" src=\"https:\/\/exaudi.org\/wp-content\/uploads\/2024\/07\/IMG-20240728-WA0046-300x225.jpg\" alt=\"\" width=\"300\" height=\"225\" srcset=\"https:\/\/exaudi.org\/wp-content\/uploads\/2024\/07\/IMG-20240728-WA0046-300x225.jpg 300w, https:\/\/exaudi.org\/wp-content\/uploads\/2024\/07\/IMG-20240728-WA0046-1024x768.jpg 1024w, https:\/\/exaudi.org\/wp-content\/uploads\/2024\/07\/IMG-20240728-WA0046-770x578.jpg 770w, https:\/\/exaudi.org\/wp-content\/uploads\/2024\/07\/IMG-20240728-WA0046-500x375.jpg 500w, https:\/\/exaudi.org\/wp-content\/uploads\/2024\/07\/IMG-20240728-WA0046-293x220.jpg 293w, https:\/\/exaudi.org\/wp-content\/uploads\/2024\/07\/IMG-20240728-WA0046-390x293.jpg 390w, https:\/\/exaudi.org\/wp-content\/uploads\/2024\/07\/IMG-20240728-WA0046.jpg 1280w\" sizes=\"auto, (max-width: 300px) 100vw, 300px\" \/><\/p>\n","protected":false},"excerpt":{"rendered":"<p>Qualcosa di molto oscuro incombeva su Parigi &#8211; l&#8217;autoproclamata &#8220;Citt\u00e0 della Luce&#8221; &#8211; durante la cerimonia di apertura dei Giochi Olimpici del 2024, diffondendo questa oscurit\u00e0 in tutto il mondo. Il cavaliere sul cavallo bianco dell&#8217;Apocalisse\u00a0 \u00a0 sul dorso di un cavallo bianco, seguito dalle bandiere Nella parte finale dell&#8217;apertura di questo evento sportivo, un [&hellip;]<\/p>\n","protected":false},"author":146,"featured_media":106063,"comment_status":"closed","ping_status":"closed","sticky":false,"template":"","format":"standard","meta":{"_acf_changed":false,"_crdt_document":"","inline_featured_image":false,"footnotes":""},"categories":[129],"tags":[14431,10648,3377,14636,4952],"class_list":["post-106118","post","type-post","status-publish","format-standard","has-post-thumbnail","hentry","category-voci","tag-albert-cortina-2","tag-inaugurazione","tag-olimpiadi","tag-parigi","tag-trending-it"],"acf":[],"yoast_head":"<!-- This site is optimized with the Yoast SEO plugin v27.5 - https:\/\/yoast.com\/product\/yoast-seo-wordpress\/ -->\n<title>Parigi, citt\u00e0 delle tenebre? &#8211; Exaudi<\/title>\n<meta name=\"robots\" content=\"index, follow, max-snippet:-1, max-image-preview:large, max-video-preview:-1\" \/>\n<link rel=\"canonical\" href=\"https:\/\/exaudi.org\/it\/parigi-citta-delle-tenebre\/\" \/>\n<meta property=\"og:locale\" content=\"it_IT\" \/>\n<meta property=\"og:type\" content=\"article\" \/>\n<meta property=\"og:title\" content=\"Parigi, citt\u00e0 delle tenebre? &#8211; Exaudi\" \/>\n<meta property=\"og:description\" content=\"Qualcosa di molto oscuro incombeva su Parigi &#8211; l&#8217;autoproclamata &#8220;Citt\u00e0 della Luce&#8221; &#8211; durante la cerimonia di apertura dei Giochi Olimpici del 2024, diffondendo questa oscurit\u00e0 in tutto il mondo. Il cavaliere sul cavallo bianco dell&#8217;Apocalisse\u00a0 \u00a0 sul dorso di un cavallo bianco, seguito dalle bandiere Nella parte finale dell&#8217;apertura di questo evento sportivo, un [&hellip;]\" \/>\n<meta property=\"og:url\" content=\"https:\/\/exaudi.org\/it\/parigi-citta-delle-tenebre\/\" \/>\n<meta property=\"og:site_name\" content=\"Exaudi\" \/>\n<meta property=\"article:publisher\" content=\"https:\/\/www.facebook.com\/ExaudiNews\" \/>\n<meta property=\"article:published_time\" content=\"2024-07-29T17:50:59+00:00\" \/>\n<meta property=\"article:modified_time\" content=\"2024-07-30T19:31:31+00:00\" \/>\n<meta property=\"og:image\" content=\"https:\/\/exaudi.org\/wp-content\/uploads\/2024\/07\/IMG-20240728-WA0038.jpg\" \/>\n\t<meta property=\"og:image:width\" content=\"768\" \/>\n\t<meta property=\"og:image:height\" content=\"512\" \/>\n\t<meta property=\"og:image:type\" content=\"image\/jpeg\" \/>\n<meta name=\"author\" content=\"Albert Cortina\" \/>\n<meta name=\"twitter:card\" content=\"summary_large_image\" \/>\n<meta name=\"twitter:creator\" content=\"@Exaudi_News\" \/>\n<meta name=\"twitter:site\" content=\"@Exaudi_News\" \/>\n<meta name=\"twitter:label1\" content=\"Scritto da\" \/>\n\t<meta name=\"twitter:data1\" content=\"Albert Cortina\" \/>\n\t<meta name=\"twitter:label2\" content=\"Tempo di lettura stimato\" \/>\n\t<meta name=\"twitter:data2\" content=\"9 minuti\" \/>\n<script type=\"application\/ld+json\" class=\"yoast-schema-graph\">{\"@context\":\"https:\\\/\\\/schema.org\",\"@graph\":[{\"@type\":\"Article\",\"@id\":\"https:\\\/\\\/exaudi.org\\\/it\\\/parigi-citta-delle-tenebre\\\/#article\",\"isPartOf\":{\"@id\":\"https:\\\/\\\/exaudi.org\\\/it\\\/parigi-citta-delle-tenebre\\\/\"},\"author\":{\"name\":\"Albert Cortina\",\"@id\":\"https:\\\/\\\/exaudi.org\\\/#\\\/schema\\\/person\\\/eb838cd3b0de54952c6e6999dff746e0\"},\"headline\":\"Parigi, citt\u00e0 delle tenebre?\",\"datePublished\":\"2024-07-29T17:50:59+00:00\",\"dateModified\":\"2024-07-30T19:31:31+00:00\",\"mainEntityOfPage\":{\"@id\":\"https:\\\/\\\/exaudi.org\\\/it\\\/parigi-citta-delle-tenebre\\\/\"},\"wordCount\":1943,\"image\":{\"@id\":\"https:\\\/\\\/exaudi.org\\\/it\\\/parigi-citta-delle-tenebre\\\/#primaryimage\"},\"thumbnailUrl\":\"https:\\\/\\\/exaudi.org\\\/wp-content\\\/uploads\\\/2024\\\/07\\\/IMG-20240728-WA0038.jpg\",\"keywords\":[\"Albert Cortina\",\"Inaugurazione\",\"Olimpiadi\",\"Parigi\",\"Trending\"],\"articleSection\":[\"Voci\"],\"inLanguage\":\"it-IT\"},{\"@type\":\"WebPage\",\"@id\":\"https:\\\/\\\/exaudi.org\\\/it\\\/parigi-citta-delle-tenebre\\\/\",\"url\":\"https:\\\/\\\/exaudi.org\\\/it\\\/parigi-citta-delle-tenebre\\\/\",\"name\":\"Parigi, citt\u00e0 delle tenebre? &#8211; Exaudi\",\"isPartOf\":{\"@id\":\"https:\\\/\\\/exaudi.org\\\/#website\"},\"primaryImageOfPage\":{\"@id\":\"https:\\\/\\\/exaudi.org\\\/it\\\/parigi-citta-delle-tenebre\\\/#primaryimage\"},\"image\":{\"@id\":\"https:\\\/\\\/exaudi.org\\\/it\\\/parigi-citta-delle-tenebre\\\/#primaryimage\"},\"thumbnailUrl\":\"https:\\\/\\\/exaudi.org\\\/wp-content\\\/uploads\\\/2024\\\/07\\\/IMG-20240728-WA0038.jpg\",\"datePublished\":\"2024-07-29T17:50:59+00:00\",\"dateModified\":\"2024-07-30T19:31:31+00:00\",\"author\":{\"@id\":\"https:\\\/\\\/exaudi.org\\\/#\\\/schema\\\/person\\\/eb838cd3b0de54952c6e6999dff746e0\"},\"breadcrumb\":{\"@id\":\"https:\\\/\\\/exaudi.org\\\/it\\\/parigi-citta-delle-tenebre\\\/#breadcrumb\"},\"inLanguage\":\"it-IT\",\"potentialAction\":[{\"@type\":\"ReadAction\",\"target\":[\"https:\\\/\\\/exaudi.org\\\/it\\\/parigi-citta-delle-tenebre\\\/\"]}]},{\"@type\":\"ImageObject\",\"inLanguage\":\"it-IT\",\"@id\":\"https:\\\/\\\/exaudi.org\\\/it\\\/parigi-citta-delle-tenebre\\\/#primaryimage\",\"url\":\"https:\\\/\\\/exaudi.org\\\/wp-content\\\/uploads\\\/2024\\\/07\\\/IMG-20240728-WA0038.jpg\",\"contentUrl\":\"https:\\\/\\\/exaudi.org\\\/wp-content\\\/uploads\\\/2024\\\/07\\\/IMG-20240728-WA0038.jpg\",\"width\":768,\"height\":512,\"caption\":\"Foto: Natalia KOLESNIKOVA\"},{\"@type\":\"BreadcrumbList\",\"@id\":\"https:\\\/\\\/exaudi.org\\\/it\\\/parigi-citta-delle-tenebre\\\/#breadcrumb\",\"itemListElement\":[{\"@type\":\"ListItem\",\"position\":1,\"name\":\"Portada\",\"item\":\"https:\\\/\\\/exaudi.org\\\/it\\\/\"},{\"@type\":\"ListItem\",\"position\":2,\"name\":\"Parigi, citt\u00e0 delle tenebre?\"}]},{\"@type\":\"WebSite\",\"@id\":\"https:\\\/\\\/exaudi.org\\\/#website\",\"url\":\"https:\\\/\\\/exaudi.org\\\/\",\"name\":\"Exaudi\",\"description\":\"News\",\"potentialAction\":[{\"@type\":\"SearchAction\",\"target\":{\"@type\":\"EntryPoint\",\"urlTemplate\":\"https:\\\/\\\/exaudi.org\\\/?s={search_term_string}\"},\"query-input\":{\"@type\":\"PropertyValueSpecification\",\"valueRequired\":true,\"valueName\":\"search_term_string\"}}],\"inLanguage\":\"it-IT\"},{\"@type\":\"Person\",\"@id\":\"https:\\\/\\\/exaudi.org\\\/#\\\/schema\\\/person\\\/eb838cd3b0de54952c6e6999dff746e0\",\"name\":\"Albert Cortina\",\"image\":{\"@type\":\"ImageObject\",\"inLanguage\":\"it-IT\",\"@id\":\"https:\\\/\\\/secure.gravatar.com\\\/avatar\\\/a6ff6f8f9d2f6d3dfd6a704e7dfe85e4f91abe27f2654610849fd7578b1d572d?s=96&d=mm&r=g\",\"url\":\"https:\\\/\\\/secure.gravatar.com\\\/avatar\\\/a6ff6f8f9d2f6d3dfd6a704e7dfe85e4f91abe27f2654610849fd7578b1d572d?s=96&d=mm&r=g\",\"contentUrl\":\"https:\\\/\\\/secure.gravatar.com\\\/avatar\\\/a6ff6f8f9d2f6d3dfd6a704e7dfe85e4f91abe27f2654610849fd7578b1d572d?s=96&d=mm&r=g\",\"caption\":\"Albert Cortina\"},\"description\":\"Albert Cortina es abogado y urbanista. Director del Estudio DTUM, impulsa un humanismo avanzado para una sociedad donde las biotecnolog\u00edas exponenciales est\u00e9n al servicio de las personas y de la vida. Promueve la integraci\u00f3n entre ciencia, \u00e9tica y espiritualidad. Actualmente focaliza su atenci\u00f3n en la preservaci\u00f3n de la naturaleza y condici\u00f3n humana desde una antropolog\u00eda adecuada que priorice el desarrollo integral de la persona. Cree en unos principios basados en una \u00e9tica universal que tenga su fundamento en la ley natural y en la espiritualidad del coraz\u00f3n. Desde su vocaci\u00f3n profesional gestiona ideas, valores y proyectos a favor del bien com\u00fan.\",\"url\":\"https:\\\/\\\/exaudi.org\\\/it\\\/author\\\/albert-cortina\\\/\"}]}<\/script>\n<!-- \/ Yoast SEO plugin. -->","yoast_head_json":{"title":"Parigi, citt\u00e0 delle tenebre? &#8211; Exaudi","robots":{"index":"index","follow":"follow","max-snippet":"max-snippet:-1","max-image-preview":"max-image-preview:large","max-video-preview":"max-video-preview:-1"},"canonical":"https:\/\/exaudi.org\/it\/parigi-citta-delle-tenebre\/","og_locale":"it_IT","og_type":"article","og_title":"Parigi, citt\u00e0 delle tenebre? &#8211; Exaudi","og_description":"Qualcosa di molto oscuro incombeva su Parigi &#8211; l&#8217;autoproclamata &#8220;Citt\u00e0 della Luce&#8221; &#8211; durante la cerimonia di apertura dei Giochi Olimpici del 2024, diffondendo questa oscurit\u00e0 in tutto il mondo. Il cavaliere sul cavallo bianco dell&#8217;Apocalisse\u00a0 \u00a0 sul dorso di un cavallo bianco, seguito dalle bandiere Nella parte finale dell&#8217;apertura di questo evento sportivo, un [&hellip;]","og_url":"https:\/\/exaudi.org\/it\/parigi-citta-delle-tenebre\/","og_site_name":"Exaudi","article_publisher":"https:\/\/www.facebook.com\/ExaudiNews","article_published_time":"2024-07-29T17:50:59+00:00","article_modified_time":"2024-07-30T19:31:31+00:00","og_image":[{"width":768,"height":512,"url":"https:\/\/exaudi.org\/wp-content\/uploads\/2024\/07\/IMG-20240728-WA0038.jpg","type":"image\/jpeg"}],"author":"Albert Cortina","twitter_card":"summary_large_image","twitter_creator":"@Exaudi_News","twitter_site":"@Exaudi_News","twitter_misc":{"Scritto da":"Albert Cortina","Tempo di lettura stimato":"9 minuti"},"schema":{"@context":"https:\/\/schema.org","@graph":[{"@type":"Article","@id":"https:\/\/exaudi.org\/it\/parigi-citta-delle-tenebre\/#article","isPartOf":{"@id":"https:\/\/exaudi.org\/it\/parigi-citta-delle-tenebre\/"},"author":{"name":"Albert Cortina","@id":"https:\/\/exaudi.org\/#\/schema\/person\/eb838cd3b0de54952c6e6999dff746e0"},"headline":"Parigi, citt\u00e0 delle tenebre?","datePublished":"2024-07-29T17:50:59+00:00","dateModified":"2024-07-30T19:31:31+00:00","mainEntityOfPage":{"@id":"https:\/\/exaudi.org\/it\/parigi-citta-delle-tenebre\/"},"wordCount":1943,"image":{"@id":"https:\/\/exaudi.org\/it\/parigi-citta-delle-tenebre\/#primaryimage"},"thumbnailUrl":"https:\/\/exaudi.org\/wp-content\/uploads\/2024\/07\/IMG-20240728-WA0038.jpg","keywords":["Albert Cortina","Inaugurazione","Olimpiadi","Parigi","Trending"],"articleSection":["Voci"],"inLanguage":"it-IT"},{"@type":"WebPage","@id":"https:\/\/exaudi.org\/it\/parigi-citta-delle-tenebre\/","url":"https:\/\/exaudi.org\/it\/parigi-citta-delle-tenebre\/","name":"Parigi, citt\u00e0 delle tenebre? &#8211; Exaudi","isPartOf":{"@id":"https:\/\/exaudi.org\/#website"},"primaryImageOfPage":{"@id":"https:\/\/exaudi.org\/it\/parigi-citta-delle-tenebre\/#primaryimage"},"image":{"@id":"https:\/\/exaudi.org\/it\/parigi-citta-delle-tenebre\/#primaryimage"},"thumbnailUrl":"https:\/\/exaudi.org\/wp-content\/uploads\/2024\/07\/IMG-20240728-WA0038.jpg","datePublished":"2024-07-29T17:50:59+00:00","dateModified":"2024-07-30T19:31:31+00:00","author":{"@id":"https:\/\/exaudi.org\/#\/schema\/person\/eb838cd3b0de54952c6e6999dff746e0"},"breadcrumb":{"@id":"https:\/\/exaudi.org\/it\/parigi-citta-delle-tenebre\/#breadcrumb"},"inLanguage":"it-IT","potentialAction":[{"@type":"ReadAction","target":["https:\/\/exaudi.org\/it\/parigi-citta-delle-tenebre\/"]}]},{"@type":"ImageObject","inLanguage":"it-IT","@id":"https:\/\/exaudi.org\/it\/parigi-citta-delle-tenebre\/#primaryimage","url":"https:\/\/exaudi.org\/wp-content\/uploads\/2024\/07\/IMG-20240728-WA0038.jpg","contentUrl":"https:\/\/exaudi.org\/wp-content\/uploads\/2024\/07\/IMG-20240728-WA0038.jpg","width":768,"height":512,"caption":"Foto: Natalia KOLESNIKOVA"},{"@type":"BreadcrumbList","@id":"https:\/\/exaudi.org\/it\/parigi-citta-delle-tenebre\/#breadcrumb","itemListElement":[{"@type":"ListItem","position":1,"name":"Portada","item":"https:\/\/exaudi.org\/it\/"},{"@type":"ListItem","position":2,"name":"Parigi, citt\u00e0 delle tenebre?"}]},{"@type":"WebSite","@id":"https:\/\/exaudi.org\/#website","url":"https:\/\/exaudi.org\/","name":"Exaudi","description":"News","potentialAction":[{"@type":"SearchAction","target":{"@type":"EntryPoint","urlTemplate":"https:\/\/exaudi.org\/?s={search_term_string}"},"query-input":{"@type":"PropertyValueSpecification","valueRequired":true,"valueName":"search_term_string"}}],"inLanguage":"it-IT"},{"@type":"Person","@id":"https:\/\/exaudi.org\/#\/schema\/person\/eb838cd3b0de54952c6e6999dff746e0","name":"Albert Cortina","image":{"@type":"ImageObject","inLanguage":"it-IT","@id":"https:\/\/secure.gravatar.com\/avatar\/a6ff6f8f9d2f6d3dfd6a704e7dfe85e4f91abe27f2654610849fd7578b1d572d?s=96&d=mm&r=g","url":"https:\/\/secure.gravatar.com\/avatar\/a6ff6f8f9d2f6d3dfd6a704e7dfe85e4f91abe27f2654610849fd7578b1d572d?s=96&d=mm&r=g","contentUrl":"https:\/\/secure.gravatar.com\/avatar\/a6ff6f8f9d2f6d3dfd6a704e7dfe85e4f91abe27f2654610849fd7578b1d572d?s=96&d=mm&r=g","caption":"Albert Cortina"},"description":"Albert Cortina es abogado y urbanista. Director del Estudio DTUM, impulsa un humanismo avanzado para una sociedad donde las biotecnolog\u00edas exponenciales est\u00e9n al servicio de las personas y de la vida. Promueve la integraci\u00f3n entre ciencia, \u00e9tica y espiritualidad. Actualmente focaliza su atenci\u00f3n en la preservaci\u00f3n de la naturaleza y condici\u00f3n humana desde una antropolog\u00eda adecuada que priorice el desarrollo integral de la persona. Cree en unos principios basados en una \u00e9tica universal que tenga su fundamento en la ley natural y en la espiritualidad del coraz\u00f3n. Desde su vocaci\u00f3n profesional gestiona ideas, valores y proyectos a favor del bien com\u00fan.","url":"https:\/\/exaudi.org\/it\/author\/albert-cortina\/"}]}},"jetpack_featured_media_url":"https:\/\/exaudi.org\/wp-content\/uploads\/2024\/07\/IMG-20240728-WA0038.jpg","jetpack_shortlink":"https:\/\/wp.me\/pgKjF2-rBA","_links":{"self":[{"href":"https:\/\/exaudi.org\/it\/wp-json\/wp\/v2\/posts\/106118","targetHints":{"allow":["GET"]}}],"collection":[{"href":"https:\/\/exaudi.org\/it\/wp-json\/wp\/v2\/posts"}],"about":[{"href":"https:\/\/exaudi.org\/it\/wp-json\/wp\/v2\/types\/post"}],"author":[{"embeddable":true,"href":"https:\/\/exaudi.org\/it\/wp-json\/wp\/v2\/users\/146"}],"replies":[{"embeddable":true,"href":"https:\/\/exaudi.org\/it\/wp-json\/wp\/v2\/comments?post=106118"}],"version-history":[{"count":0,"href":"https:\/\/exaudi.org\/it\/wp-json\/wp\/v2\/posts\/106118\/revisions"}],"wp:featuredmedia":[{"embeddable":true,"href":"https:\/\/exaudi.org\/it\/wp-json\/wp\/v2\/media\/106063"}],"wp:attachment":[{"href":"https:\/\/exaudi.org\/it\/wp-json\/wp\/v2\/media?parent=106118"}],"wp:term":[{"taxonomy":"category","embeddable":true,"href":"https:\/\/exaudi.org\/it\/wp-json\/wp\/v2\/categories?post=106118"},{"taxonomy":"post_tag","embeddable":true,"href":"https:\/\/exaudi.org\/it\/wp-json\/wp\/v2\/tags?post=106118"}],"curies":[{"name":"wp","href":"https:\/\/api.w.org\/{rel}","templated":true}]}}