{"id":105457,"date":"2024-07-17T09:00:56","date_gmt":"2024-07-17T07:00:56","guid":{"rendered":"https:\/\/exaudi.org\/?p=105457"},"modified":"2024-07-19T18:09:09","modified_gmt":"2024-07-19T16:09:09","slug":"cardinale-arizmendi-democrazia-o-populismo","status":"publish","type":"post","link":"https:\/\/exaudi.org\/it\/cardinale-arizmendi-democrazia-o-populismo\/","title":{"rendered":"Cardinale Arizmendi: Democrazia o populismo"},"content":{"rendered":"<p>Il <a href=\"https:\/\/exaudi.org\/es\/author\/felipearizmendi\/\">cardinale Felipe Arizmendi<\/a>, vescovo emerito di San Crist\u00f3bal de Las Casas e responsabile della Dottrina della Fede presso la <a href=\"https:\/\/www.cem.org.mx\/\">Conferenza dell&#8217;Episcopato Messicano (CEM)<\/a>, offre ai lettori di Exaudi il suo articolo settimanale intitolato <strong>\u201cDemocrazia o populismo\u201d<\/strong>.<\/p>\n<h3><strong>***<\/strong><\/h3>\n<h3><strong>ASPETTO<\/strong><\/h3>\n<p>Da quando ero vicario generale a Toluca, e poi come vescovo in Chiapas, di tanto in tanto arrivavano piccoli gruppi o manifestazioni tumultuose, per chiedere qualcosa, come che fosse cambiato il loro parroco, o che non fossero cambiati loro, e il leader, che non manca mai, ha detto che il popolo <em>chiedeva questo e quest&#8217;altro<\/em>, e che lui non rappresentava la maggioranza del popolo, ma piuttosto il gruppo da lui guidato, a volte con valide ragioni e, in altre, motivato da interessi diversi. Il nostro compito era ascoltarli con attenzione, dare loro una parola, magari approfondire la questione, talvolta accettare la loro proposta, ma non lasciarci impressionare dal linguaggio del leader.<\/p>\n<p>Non mancano mai i demagoghi, che si definiscono interpreti del popolo, ma che sanno solo gestirlo. Quando vengono organizzate consultazioni o forum, potrebbe essere per ascoltare veramente ci\u00f2 che dicono coloro che sanno di cosa si tratta ed essere disposti a modificare o ritirare una proposta, o potrebbe essere solo una facciata per nascondere ci\u00f2 che il leader vuole o impone. . Non sempre quando si parla di popolo si tratta realmente del popolo, ma di gruppi dipendenti dal leader, o di folle gestite dalla propaganda, dall&#8217;elemosina del governo o da altri interessi. Nelle votazioni a cui partecipa la maggioranza dei cittadini, i loro risultati vengono rispettati, perch\u00e9 sono un&#8217;espressione verificabile dei sentimenti della gente, anche se in questi casi bisogna anche discernere se si \u00e8 trattato di un voto ragionato o solo interessato.<\/p>\n<p>I vescovi del Venezuela, in occasione delle prossime elezioni presidenziali del 28 luglio, hanno emanato un importante documento. Dopo aver analizzato la grave situazione mondiale in cui si trova il Paese, invitano ad andare a votare, affinch\u00e9 la partecipazione maggioritaria esprima se si vuole continuare con un regime populista e quasi dittatoriale, che ha costretto migliaia di migranti a fuggire dal paese povert\u00e0 e oppressione, oppure vogliono un cambiamento.<\/p>\n<h3><strong>DISCERNERE<\/strong><\/h3>\n<p>Papa Francesco ha partecipato alla chiusura del cinquantesimo. Settimana Sociale dei Cattolici d&#8217;Italia, tenutasi a Trieste, nel nord di quel Paese, che aveva come tema: <em>Nel cuore della democrazia. Partecipare tra storia e futuro. Perch\u00e9 il Papa parla di questi temi, se la Chiesa non \u00e8 democratica? VERO; La Chiesa \u00e8 comunitaria, condivisa, corresponsabile tra tutti i suoi membri, sinodale, ma non \u00e8 democratica; \u00e8 gerarchico per istituzione divina. A questo proposito, ha affermato il Papa, \u00abla Chiesa \u00e8 sensibile alle trasformazioni della societ\u00e0 e si sforza di contribuire al bene comune. \u00c8 evidente che nel mondo di oggi la democrazia, diciamo la verit\u00e0, non gode di buona salute. Questo ci interessa e ci preoccupa, perch\u00e9 \u00e8 in gioco il bene dell\u2019uomo, e nulla di ci\u00f2 che \u00e8 umano pu\u00f2 esserci estraneo.<\/em><\/p>\n<p><em>C&#8217;\u00e8 una \u201ccrisi della democrazia\u2026 Il potere diventa autoreferenziale \u2013 \u00e8 una brutta malattia \u2013, incapace di ascoltare e servire il popolo. La stessa parola \u201cdemocrazia\u201d non coincide semplicemente con il voto del popolo. Che cosa significa? Non \u00e8 solo il voto del popolo, ma richiede che si creino le condizioni affinch\u00e9 tutti possano esprimersi e partecipare. E la partecipazione non si improvvisa: si apprende da bambini, da giovani, e va \u201callenata\u201d, anche in senso critico rispetto alle tentazioni ideologiche e populiste. La democrazia richiede sempre il passaggio dalla partigianeria alla partecipazione, dall\u2019ovazione al dialogo. Tutti devono sentirsi parte di un progetto comunitario; nessuno dovrebbe sentirsi inutile.Il welfare, di per s\u00e9, \u00e8 nemico della democrazia, nemico dell&#8217;amore per il prossimo. E certe forme di welfare che non riconoscono la dignit\u00e0 delle persone sono ipocrisia sociale.<\/em><\/p>\n<p><em>Il cuore della politica \u00e8 la partecipazione. Ci vuole coraggio per pensare a se stessi come a un popolo e non come a me o al mio clan, alla mia famiglia, ai miei amici. Purtroppo, questa categoria \u2013 \u201cpopolo\u201d \u2013 \u00e8 spesso fraintesa e potrebbe portare all\u2019eliminazione della stessa parola \u201cdemocrazia\u201d (governo del popolo). Ma per affermare che la societ\u00e0 \u00e8 qualcosa di pi\u00f9 della mera somma di individui \u00e8 necessario il termine \u201cpopolo\u201d, che non \u00e8 populismo. No, \u00e8 un&#8217;altra cosa: la gente. Infatti, \u00e8 molto difficile progettare qualcosa di grande a lungo termine se non pu\u00f2 diventare un sogno collettivo.<\/em><\/p>\n<p><em>Non lasciamoci ingannare dalle soluzioni facili. Impegniamoci, invece, per il bene comune. Non manipoliamo la parola democrazia n\u00e9 distorciamola con titoli vuoti che possano giustificare qualsiasi azione. La democrazia non \u00e8 una scatola vuota, ma \u00e8 legata ai valori della persona, della fraternit\u00e0 e anche dell\u2019ecologia integrale.<\/em><\/p>\n<p><em>Come cattolici, in questo orizzonte, non possiamo accontentarci di una fede marginale o privata. Abbiate il coraggio di avanzare proposte per la giustizia e la pace nel dibattito pubblico. Abbiamo qualcosa da dire, ma non per difendere i privilegi. No. Dobbiamo essere una voce, una voce che denuncia e propone in una societ\u00e0 che spesso \u00e8 senza voce e dove troppi non hanno voce. L\u2019amore politico non si accontenta di trattare gli effetti, ma cerca piuttosto le cause.\u00c8 una forma di carit\u00e0 che permette alla politica di essere all\u2019altezza delle proprie responsabilit\u00e0 e di uscire dalle polarizzazioni, quelle polarizzazioni che non aiutano a comprendere e ad affrontare le sfide.<\/em><\/p>\n<p><em>Impariamo di pi\u00f9 e meglio a camminare insieme come popolo di Dio, per essere fermento di partecipazione tra il popolo di cui facciamo parte. E questa \u00e8 una cosa importante nella nostra azione politica, anche nei nostri pastori: conoscere la gente, avvicinarsi alla gente. Tante volte pensiamo che il lavoro politico consista nel occupare spazio: no! \u00c8 avviare processi, non occupare posti\u00bb<\/em> (7-VII-2024).<\/p>\n<h3><strong>ATTO<\/strong><\/h3>\n<p>Come cittadini, non giudichiamo solo ci\u00f2 che fanno i governanti; Partecipiamo pi\u00f9 attivamente. Nella tua strada, nel tuo quartiere, nella tua comunit\u00e0, fai proposte affinch\u00e9 ci sia giustizia e pace, sviluppo integrale e rispetto dell\u2019ecologia integrale. Come credenti, non aspettatevi che il tuo sacerdote faccia tutto. Chiedigli a cosa puoi partecipare o dai suggerimenti per migliorare il servizio religioso.<\/p>\n","protected":false},"excerpt":{"rendered":"<p>Fare proposte affinch\u00e9 ci sia giustizia e pace, sviluppo globale e rispetto<\/p>\n","protected":false},"author":24,"featured_media":105348,"comment_status":"closed","ping_status":"closed","sticky":false,"template":"","format":"standard","meta":{"_acf_changed":false,"_crdt_document":"","inline_featured_image":false,"footnotes":""},"categories":[129],"tags":[16215,15413,21774,21266,12090,21775,4952],"class_list":["post-105457","post","type-post","status-publish","format-standard","has-post-thumbnail","hentry","category-voci","tag-cardinale-arizmendi","tag-cardinale-felipe-arizmendi-esquivel","tag-democrazia-o-populismo","tag-giustizia-e-pace","tag-rispetto","tag-sviluppo-integrale","tag-trending-it"],"acf":[],"yoast_head":"<!-- This site is optimized with the Yoast SEO plugin v27.5 - https:\/\/yoast.com\/product\/yoast-seo-wordpress\/ -->\n<title>Cardinale Arizmendi: Democrazia o populismo &#8211; Exaudi<\/title>\n<meta name=\"robots\" content=\"index, follow, max-snippet:-1, max-image-preview:large, max-video-preview:-1\" \/>\n<link rel=\"canonical\" href=\"https:\/\/exaudi.org\/it\/cardinale-arizmendi-democrazia-o-populismo\/\" \/>\n<meta property=\"og:locale\" content=\"it_IT\" \/>\n<meta property=\"og:type\" content=\"article\" \/>\n<meta property=\"og:title\" content=\"Cardinale Arizmendi: Democrazia o populismo &#8211; Exaudi\" \/>\n<meta property=\"og:description\" content=\"Fare proposte affinch\u00e9 ci sia giustizia e pace, sviluppo globale e rispetto\" \/>\n<meta property=\"og:url\" content=\"https:\/\/exaudi.org\/it\/cardinale-arizmendi-democrazia-o-populismo\/\" \/>\n<meta property=\"og:site_name\" content=\"Exaudi\" \/>\n<meta property=\"article:publisher\" content=\"https:\/\/www.facebook.com\/ExaudiNews\" \/>\n<meta property=\"article:published_time\" content=\"2024-07-17T07:00:56+00:00\" \/>\n<meta property=\"article:modified_time\" content=\"2024-07-19T16:09:09+00:00\" \/>\n<meta property=\"og:image\" content=\"https:\/\/exaudi.org\/wp-content\/uploads\/2024\/07\/pexels-wendywei-4945353-scaled.jpg\" \/>\n\t<meta property=\"og:image:width\" content=\"2560\" \/>\n\t<meta property=\"og:image:height\" content=\"1707\" \/>\n\t<meta property=\"og:image:type\" content=\"image\/jpeg\" \/>\n<meta name=\"author\" content=\"Cardenal Felipe Arizmendi\" \/>\n<meta name=\"twitter:card\" content=\"summary_large_image\" \/>\n<meta name=\"twitter:creator\" content=\"@Exaudi_News\" \/>\n<meta name=\"twitter:site\" content=\"@Exaudi_News\" \/>\n<meta name=\"twitter:label1\" content=\"Scritto da\" \/>\n\t<meta name=\"twitter:data1\" content=\"Cardenal Felipe Arizmendi\" \/>\n\t<meta name=\"twitter:label2\" content=\"Tempo di lettura stimato\" \/>\n\t<meta name=\"twitter:data2\" content=\"5 minuti\" \/>\n<script type=\"application\/ld+json\" class=\"yoast-schema-graph\">{\"@context\":\"https:\\\/\\\/schema.org\",\"@graph\":[{\"@type\":\"Article\",\"@id\":\"https:\\\/\\\/exaudi.org\\\/it\\\/cardinale-arizmendi-democrazia-o-populismo\\\/#article\",\"isPartOf\":{\"@id\":\"https:\\\/\\\/exaudi.org\\\/it\\\/cardinale-arizmendi-democrazia-o-populismo\\\/\"},\"author\":{\"name\":\"Cardenal Felipe Arizmendi\",\"@id\":\"https:\\\/\\\/exaudi.org\\\/#\\\/schema\\\/person\\\/c7d223f87e58f1105d044d8da1439102\"},\"headline\":\"Cardinale Arizmendi: Democrazia o populismo\",\"datePublished\":\"2024-07-17T07:00:56+00:00\",\"dateModified\":\"2024-07-19T16:09:09+00:00\",\"mainEntityOfPage\":{\"@id\":\"https:\\\/\\\/exaudi.org\\\/it\\\/cardinale-arizmendi-democrazia-o-populismo\\\/\"},\"wordCount\":992,\"image\":{\"@id\":\"https:\\\/\\\/exaudi.org\\\/it\\\/cardinale-arizmendi-democrazia-o-populismo\\\/#primaryimage\"},\"thumbnailUrl\":\"https:\\\/\\\/exaudi.org\\\/wp-content\\\/uploads\\\/2024\\\/07\\\/pexels-wendywei-4945353-scaled.jpg\",\"keywords\":[\"CARDINALE ARIZMENDI\",\"CARDINALE FELIPE ARIZMENDI ESQUIVEL\",\"DEMOCRAZIA O POPULISMO\",\"GIUSTIZIA E PACE\",\"rispetto\",\"SVILUPPO INTEGRALE\",\"Trending\"],\"articleSection\":[\"Voci\"],\"inLanguage\":\"it-IT\"},{\"@type\":\"WebPage\",\"@id\":\"https:\\\/\\\/exaudi.org\\\/it\\\/cardinale-arizmendi-democrazia-o-populismo\\\/\",\"url\":\"https:\\\/\\\/exaudi.org\\\/it\\\/cardinale-arizmendi-democrazia-o-populismo\\\/\",\"name\":\"Cardinale Arizmendi: Democrazia o populismo &#8211; Exaudi\",\"isPartOf\":{\"@id\":\"https:\\\/\\\/exaudi.org\\\/#website\"},\"primaryImageOfPage\":{\"@id\":\"https:\\\/\\\/exaudi.org\\\/it\\\/cardinale-arizmendi-democrazia-o-populismo\\\/#primaryimage\"},\"image\":{\"@id\":\"https:\\\/\\\/exaudi.org\\\/it\\\/cardinale-arizmendi-democrazia-o-populismo\\\/#primaryimage\"},\"thumbnailUrl\":\"https:\\\/\\\/exaudi.org\\\/wp-content\\\/uploads\\\/2024\\\/07\\\/pexels-wendywei-4945353-scaled.jpg\",\"datePublished\":\"2024-07-17T07:00:56+00:00\",\"dateModified\":\"2024-07-19T16:09:09+00:00\",\"author\":{\"@id\":\"https:\\\/\\\/exaudi.org\\\/#\\\/schema\\\/person\\\/c7d223f87e58f1105d044d8da1439102\"},\"breadcrumb\":{\"@id\":\"https:\\\/\\\/exaudi.org\\\/it\\\/cardinale-arizmendi-democrazia-o-populismo\\\/#breadcrumb\"},\"inLanguage\":\"it-IT\",\"potentialAction\":[{\"@type\":\"ReadAction\",\"target\":[\"https:\\\/\\\/exaudi.org\\\/it\\\/cardinale-arizmendi-democrazia-o-populismo\\\/\"]}]},{\"@type\":\"ImageObject\",\"inLanguage\":\"it-IT\",\"@id\":\"https:\\\/\\\/exaudi.org\\\/it\\\/cardinale-arizmendi-democrazia-o-populismo\\\/#primaryimage\",\"url\":\"https:\\\/\\\/exaudi.org\\\/wp-content\\\/uploads\\\/2024\\\/07\\\/pexels-wendywei-4945353-scaled.jpg\",\"contentUrl\":\"https:\\\/\\\/exaudi.org\\\/wp-content\\\/uploads\\\/2024\\\/07\\\/pexels-wendywei-4945353-scaled.jpg\",\"width\":2560,\"height\":1707,\"caption\":\"Pexels\"},{\"@type\":\"BreadcrumbList\",\"@id\":\"https:\\\/\\\/exaudi.org\\\/it\\\/cardinale-arizmendi-democrazia-o-populismo\\\/#breadcrumb\",\"itemListElement\":[{\"@type\":\"ListItem\",\"position\":1,\"name\":\"Portada\",\"item\":\"https:\\\/\\\/exaudi.org\\\/it\\\/\"},{\"@type\":\"ListItem\",\"position\":2,\"name\":\"Cardinale Arizmendi: Democrazia o populismo\"}]},{\"@type\":\"WebSite\",\"@id\":\"https:\\\/\\\/exaudi.org\\\/#website\",\"url\":\"https:\\\/\\\/exaudi.org\\\/\",\"name\":\"Exaudi\",\"description\":\"News\",\"potentialAction\":[{\"@type\":\"SearchAction\",\"target\":{\"@type\":\"EntryPoint\",\"urlTemplate\":\"https:\\\/\\\/exaudi.org\\\/?s={search_term_string}\"},\"query-input\":{\"@type\":\"PropertyValueSpecification\",\"valueRequired\":true,\"valueName\":\"search_term_string\"}}],\"inLanguage\":\"it-IT\"},{\"@type\":\"Person\",\"@id\":\"https:\\\/\\\/exaudi.org\\\/#\\\/schema\\\/person\\\/c7d223f87e58f1105d044d8da1439102\",\"name\":\"Cardenal Felipe Arizmendi\",\"image\":{\"@type\":\"ImageObject\",\"inLanguage\":\"it-IT\",\"@id\":\"https:\\\/\\\/secure.gravatar.com\\\/avatar\\\/4ffc5520d896b86d39346168903de33a17ef0f23d16de0ff45062c1ff422ed2f?s=96&d=mm&r=g\",\"url\":\"https:\\\/\\\/secure.gravatar.com\\\/avatar\\\/4ffc5520d896b86d39346168903de33a17ef0f23d16de0ff45062c1ff422ed2f?s=96&d=mm&r=g\",\"contentUrl\":\"https:\\\/\\\/secure.gravatar.com\\\/avatar\\\/4ffc5520d896b86d39346168903de33a17ef0f23d16de0ff45062c1ff422ed2f?s=96&d=mm&r=g\",\"caption\":\"Cardenal Felipe Arizmendi\"},\"description\":\"Nacido en Chiltepec el 1 de mayo de 1940. Estudi\u00f3 Humanidades y Filosof\u00eda en el Seminario de Toluca, de 1952 a 1959. Curs\u00f3 la Teolog\u00eda en la Universidad Pontificia de Salamanca, Espa\u00f1a, de 1959 a 1963, obteniendo la licenciatura en Teolog\u00eda Dogm\u00e1tica. Por su cuenta, se especializ\u00f3 en Liturgia. Fue ordenado sacerdote el 25 de agosto de 1963 en Toluca. Sirvi\u00f3 como Vicario Parroquial en tres parroquias por tres a\u00f1os y medio y fue p\u00e1rroco de una comunidad ind\u00edgena otom\u00ed, de 1967 a 1970. Fue Director Espiritual del Seminario de Toluca por diez a\u00f1os, y Rector del mismo de 1981 a 1991. El 7 de marzo de 1991, fue ordenado obispo de la di\u00f3cesis de Tapachula, donde estuvo hasta el 30 de abril del a\u00f1o 2000. El 1 de mayo del 2000, inici\u00f3 su ministerio episcopal como XLVI obispo de la di\u00f3cesis de San Crist\u00f3bal de las Casas, Chiapas, una de las di\u00f3cesis m\u00e1s antiguas de M\u00e9xico, erigida en 1539; all\u00ed sirvi\u00f3 por casi 18 a\u00f1os. Ha ocupado diversos cargos en la Conferencia del Episcopado Mexicano y en el CELAM. El 3 de noviembre de 2017, el Papa Francisco le acept\u00f3, por edad, su renuncia al servicio episcopal en esta di\u00f3cesis, que entreg\u00f3 a su sucesor el 3 de enero de 2018. Desde entonces, reside en la ciudad de Toluca. Desde 1979, escribe art\u00edculos de actualidad en varios medios religiosos y civiles. Es autor de varias publicaciones.\",\"url\":\"https:\\\/\\\/exaudi.org\\\/it\\\/author\\\/felipearizmendi\\\/\"}]}<\/script>\n<!-- \/ Yoast SEO plugin. -->","yoast_head_json":{"title":"Cardinale Arizmendi: Democrazia o populismo &#8211; Exaudi","robots":{"index":"index","follow":"follow","max-snippet":"max-snippet:-1","max-image-preview":"max-image-preview:large","max-video-preview":"max-video-preview:-1"},"canonical":"https:\/\/exaudi.org\/it\/cardinale-arizmendi-democrazia-o-populismo\/","og_locale":"it_IT","og_type":"article","og_title":"Cardinale Arizmendi: Democrazia o populismo &#8211; Exaudi","og_description":"Fare proposte affinch\u00e9 ci sia giustizia e pace, sviluppo globale e rispetto","og_url":"https:\/\/exaudi.org\/it\/cardinale-arizmendi-democrazia-o-populismo\/","og_site_name":"Exaudi","article_publisher":"https:\/\/www.facebook.com\/ExaudiNews","article_published_time":"2024-07-17T07:00:56+00:00","article_modified_time":"2024-07-19T16:09:09+00:00","og_image":[{"width":2560,"height":1707,"url":"https:\/\/exaudi.org\/wp-content\/uploads\/2024\/07\/pexels-wendywei-4945353-scaled.jpg","type":"image\/jpeg"}],"author":"Cardenal Felipe Arizmendi","twitter_card":"summary_large_image","twitter_creator":"@Exaudi_News","twitter_site":"@Exaudi_News","twitter_misc":{"Scritto da":"Cardenal Felipe Arizmendi","Tempo di lettura stimato":"5 minuti"},"schema":{"@context":"https:\/\/schema.org","@graph":[{"@type":"Article","@id":"https:\/\/exaudi.org\/it\/cardinale-arizmendi-democrazia-o-populismo\/#article","isPartOf":{"@id":"https:\/\/exaudi.org\/it\/cardinale-arizmendi-democrazia-o-populismo\/"},"author":{"name":"Cardenal Felipe Arizmendi","@id":"https:\/\/exaudi.org\/#\/schema\/person\/c7d223f87e58f1105d044d8da1439102"},"headline":"Cardinale Arizmendi: Democrazia o populismo","datePublished":"2024-07-17T07:00:56+00:00","dateModified":"2024-07-19T16:09:09+00:00","mainEntityOfPage":{"@id":"https:\/\/exaudi.org\/it\/cardinale-arizmendi-democrazia-o-populismo\/"},"wordCount":992,"image":{"@id":"https:\/\/exaudi.org\/it\/cardinale-arizmendi-democrazia-o-populismo\/#primaryimage"},"thumbnailUrl":"https:\/\/exaudi.org\/wp-content\/uploads\/2024\/07\/pexels-wendywei-4945353-scaled.jpg","keywords":["CARDINALE ARIZMENDI","CARDINALE FELIPE ARIZMENDI ESQUIVEL","DEMOCRAZIA O POPULISMO","GIUSTIZIA E PACE","rispetto","SVILUPPO INTEGRALE","Trending"],"articleSection":["Voci"],"inLanguage":"it-IT"},{"@type":"WebPage","@id":"https:\/\/exaudi.org\/it\/cardinale-arizmendi-democrazia-o-populismo\/","url":"https:\/\/exaudi.org\/it\/cardinale-arizmendi-democrazia-o-populismo\/","name":"Cardinale Arizmendi: Democrazia o populismo &#8211; Exaudi","isPartOf":{"@id":"https:\/\/exaudi.org\/#website"},"primaryImageOfPage":{"@id":"https:\/\/exaudi.org\/it\/cardinale-arizmendi-democrazia-o-populismo\/#primaryimage"},"image":{"@id":"https:\/\/exaudi.org\/it\/cardinale-arizmendi-democrazia-o-populismo\/#primaryimage"},"thumbnailUrl":"https:\/\/exaudi.org\/wp-content\/uploads\/2024\/07\/pexels-wendywei-4945353-scaled.jpg","datePublished":"2024-07-17T07:00:56+00:00","dateModified":"2024-07-19T16:09:09+00:00","author":{"@id":"https:\/\/exaudi.org\/#\/schema\/person\/c7d223f87e58f1105d044d8da1439102"},"breadcrumb":{"@id":"https:\/\/exaudi.org\/it\/cardinale-arizmendi-democrazia-o-populismo\/#breadcrumb"},"inLanguage":"it-IT","potentialAction":[{"@type":"ReadAction","target":["https:\/\/exaudi.org\/it\/cardinale-arizmendi-democrazia-o-populismo\/"]}]},{"@type":"ImageObject","inLanguage":"it-IT","@id":"https:\/\/exaudi.org\/it\/cardinale-arizmendi-democrazia-o-populismo\/#primaryimage","url":"https:\/\/exaudi.org\/wp-content\/uploads\/2024\/07\/pexels-wendywei-4945353-scaled.jpg","contentUrl":"https:\/\/exaudi.org\/wp-content\/uploads\/2024\/07\/pexels-wendywei-4945353-scaled.jpg","width":2560,"height":1707,"caption":"Pexels"},{"@type":"BreadcrumbList","@id":"https:\/\/exaudi.org\/it\/cardinale-arizmendi-democrazia-o-populismo\/#breadcrumb","itemListElement":[{"@type":"ListItem","position":1,"name":"Portada","item":"https:\/\/exaudi.org\/it\/"},{"@type":"ListItem","position":2,"name":"Cardinale Arizmendi: Democrazia o populismo"}]},{"@type":"WebSite","@id":"https:\/\/exaudi.org\/#website","url":"https:\/\/exaudi.org\/","name":"Exaudi","description":"News","potentialAction":[{"@type":"SearchAction","target":{"@type":"EntryPoint","urlTemplate":"https:\/\/exaudi.org\/?s={search_term_string}"},"query-input":{"@type":"PropertyValueSpecification","valueRequired":true,"valueName":"search_term_string"}}],"inLanguage":"it-IT"},{"@type":"Person","@id":"https:\/\/exaudi.org\/#\/schema\/person\/c7d223f87e58f1105d044d8da1439102","name":"Cardenal Felipe Arizmendi","image":{"@type":"ImageObject","inLanguage":"it-IT","@id":"https:\/\/secure.gravatar.com\/avatar\/4ffc5520d896b86d39346168903de33a17ef0f23d16de0ff45062c1ff422ed2f?s=96&d=mm&r=g","url":"https:\/\/secure.gravatar.com\/avatar\/4ffc5520d896b86d39346168903de33a17ef0f23d16de0ff45062c1ff422ed2f?s=96&d=mm&r=g","contentUrl":"https:\/\/secure.gravatar.com\/avatar\/4ffc5520d896b86d39346168903de33a17ef0f23d16de0ff45062c1ff422ed2f?s=96&d=mm&r=g","caption":"Cardenal Felipe Arizmendi"},"description":"Nacido en Chiltepec el 1 de mayo de 1940. Estudi\u00f3 Humanidades y Filosof\u00eda en el Seminario de Toluca, de 1952 a 1959. Curs\u00f3 la Teolog\u00eda en la Universidad Pontificia de Salamanca, Espa\u00f1a, de 1959 a 1963, obteniendo la licenciatura en Teolog\u00eda Dogm\u00e1tica. Por su cuenta, se especializ\u00f3 en Liturgia. Fue ordenado sacerdote el 25 de agosto de 1963 en Toluca. Sirvi\u00f3 como Vicario Parroquial en tres parroquias por tres a\u00f1os y medio y fue p\u00e1rroco de una comunidad ind\u00edgena otom\u00ed, de 1967 a 1970. Fue Director Espiritual del Seminario de Toluca por diez a\u00f1os, y Rector del mismo de 1981 a 1991. El 7 de marzo de 1991, fue ordenado obispo de la di\u00f3cesis de Tapachula, donde estuvo hasta el 30 de abril del a\u00f1o 2000. El 1 de mayo del 2000, inici\u00f3 su ministerio episcopal como XLVI obispo de la di\u00f3cesis de San Crist\u00f3bal de las Casas, Chiapas, una de las di\u00f3cesis m\u00e1s antiguas de M\u00e9xico, erigida en 1539; all\u00ed sirvi\u00f3 por casi 18 a\u00f1os. Ha ocupado diversos cargos en la Conferencia del Episcopado Mexicano y en el CELAM. El 3 de noviembre de 2017, el Papa Francisco le acept\u00f3, por edad, su renuncia al servicio episcopal en esta di\u00f3cesis, que entreg\u00f3 a su sucesor el 3 de enero de 2018. Desde entonces, reside en la ciudad de Toluca. Desde 1979, escribe art\u00edculos de actualidad en varios medios religiosos y civiles. Es autor de varias publicaciones.","url":"https:\/\/exaudi.org\/it\/author\/felipearizmendi\/"}]}},"jetpack_featured_media_url":"https:\/\/exaudi.org\/wp-content\/uploads\/2024\/07\/pexels-wendywei-4945353-scaled.jpg","jetpack_shortlink":"https:\/\/wp.me\/pgKjF2-rqV","_links":{"self":[{"href":"https:\/\/exaudi.org\/it\/wp-json\/wp\/v2\/posts\/105457","targetHints":{"allow":["GET"]}}],"collection":[{"href":"https:\/\/exaudi.org\/it\/wp-json\/wp\/v2\/posts"}],"about":[{"href":"https:\/\/exaudi.org\/it\/wp-json\/wp\/v2\/types\/post"}],"author":[{"embeddable":true,"href":"https:\/\/exaudi.org\/it\/wp-json\/wp\/v2\/users\/24"}],"replies":[{"embeddable":true,"href":"https:\/\/exaudi.org\/it\/wp-json\/wp\/v2\/comments?post=105457"}],"version-history":[{"count":0,"href":"https:\/\/exaudi.org\/it\/wp-json\/wp\/v2\/posts\/105457\/revisions"}],"wp:featuredmedia":[{"embeddable":true,"href":"https:\/\/exaudi.org\/it\/wp-json\/wp\/v2\/media\/105348"}],"wp:attachment":[{"href":"https:\/\/exaudi.org\/it\/wp-json\/wp\/v2\/media?parent=105457"}],"wp:term":[{"taxonomy":"category","embeddable":true,"href":"https:\/\/exaudi.org\/it\/wp-json\/wp\/v2\/categories?post=105457"},{"taxonomy":"post_tag","embeddable":true,"href":"https:\/\/exaudi.org\/it\/wp-json\/wp\/v2\/tags?post=105457"}],"curies":[{"name":"wp","href":"https:\/\/api.w.org\/{rel}","templated":true}]}}