{"id":10514,"date":"2021-04-08T08:00:48","date_gmt":"2021-04-08T06:00:48","guid":{"rendered":"https:\/\/exaudi.org\/?p=10514"},"modified":"2021-04-08T11:18:54","modified_gmt":"2021-04-08T09:18:54","slug":"celam-evento-sinodale-nel-solco-di-aparecida","status":"publish","type":"post","link":"https:\/\/exaudi.org\/it\/celam-evento-sinodale-nel-solco-di-aparecida\/","title":{"rendered":"INTERVISTA ESCLUSIVA: CELAM, evento sinodale nel solco di Aparecida"},"content":{"rendered":"<p>Monsignor Miguel Cabrejos, presidente del Consiglio Episcopale Latinoamericano (CELAM), concede un&#8217;intervista esclusiva a Exaudi in cui informa che la prossima Assemblea ecclesiale dell&#8217;America Latina e dei Caraibi, che si terr\u00e0 a novembre del 2021 in Messico, costituisce un \u201cevento sinodale\u201d con il quale si cerca di \u201ctrovare nuovi cammini per la Chiesa nella Regione, alla luce della fede e secondo i segni dei tempi, in conversione integrale e che assuma una prospettiva della missione emergente della Chiesa, in quanto \u00abdiscepoli e missionari di Ges\u00f9 Cristo, perch\u00e9 in Lui abbiano vita\u00bb, come proposto dal Santo Padre\u201d.<\/p>\n<p>Durante questo dialogo, il presidente della Conferenza Episcopale Peruviana (CEP) e Arcivescovo di Trujillo, ha parlato, tra gli altri argomenti, della preparazione dell\u2019assemblea; dell&#8217;anniversario del Sinodo dell&#8217;Amazzonia e della pubblicazione di <em>Querida Amazonia<\/em>; della situazione del coronavirus in Panamazzonia; della migrazione di persone dal Venezuela e dall&#8217;America centrale; della situazione economica e sociale in America Latina e nei Caraibi in quest&#8217;anno di pandemia; oltre a soffermarsi sull&#8217;opera pastorale e caritativa della Chiesa in questi tempi straordinari.<\/p>\n<p>Inoltre, il prelato invia la sua &#8220;benedizione fraterna&#8221; a Exaudi, con le sue &#8220;parole di incoraggiamento, apprezzamento e gratitudine per il lavoro cos\u00ec encomiabile che \u00e8 stato iniziato\u201d.<\/p>\n<p><strong>Exaudi: L&#8217;Assemblea ecclesiale dell&#8217;America Latina e dei Caraibi \u00e8 stata presentata il 24 gennaio e si svolger\u00e0 in Messico, nel novembre del 2021, con il tema &#8220;Siamo tutti discepoli missionari in uscita&#8221;. State gi\u00e0 muovendo i primi passi nel lavoro di riflessione, ascolto e spiritualit\u00e0 al riguardo? Cosa significa questo evento ecclesiale? Come si prepara questo itinerario che mira a promuovere la partecipazione del Popolo di Dio di questo Continente?<\/strong><\/p>\n<p><strong>Monsignor Cabrejos<\/strong>: Il riferimento e l&#8217;ispirazione per questa Assemblea ecclesiale \u00e8 la V Conferenza Generale dell&#8217;Episcopato Latinoamericano e Caraibico tenutasi ad Aparecida, in Brasile, nel 2007, che ha lasciato una sfida al Continente e che \u00e8 contenuta nel Documento finale. Per questo, in dialogo con Papa Francesco, nell&#8217;Udienza concessa alla Presidenza del CELAM nel settembre del 2019, il Santo Padre ci ha detto che molte di queste sfide erano ancora in sospeso, cos\u00ec come il significato profondo della Missione Continentale, come Chiesa in uscita e, quindi, sarebbe importante avere un evento per riprendere, riflettere e discernere le conclusioni di Aparecida nell&#8217;attualit\u00e0 che viviamo nella Regione e nella Chiesa Universale.<\/p>\n<p>In questo modo, la Presidenza del CELAM, insieme alla Presidenza della Conferenza Episcopale Messicana (CEM), ha convocato un incontro preparatorio presso la sede del CEM, alla fine di gennaio 2020, con la partecipazione del Cardinale Oscar Andr\u00e9s Rodr\u00edguez Maradiaga, e un gruppo di lavoro per discernere quale potrebbe essere l&#8217;evento pi\u00f9 significativo da realizzare. In questo incontro, sono state discusse l&#8217;eredit\u00e0 e le sfide di Aparecida, e le principali conclusioni del Sinodo panamazzonico terminato pochi mesi prima in Vaticano che a sua volta ha posto la sfida della conversione integrale &#8211; sociale, culturale, ecologica e pastorale \u2013 oltre all&#8217;imperativo del camminare sinodalmente, percorrendo nuove strade per la Chiesa e l&#8217;ecologia integrale.<\/p>\n<p>Facendo una riflessione approfondita, in questo incontro, abbiamo scoperto che l&#8217;evento da tenersi doveva essere un evento sinodale, che avrebbe convocato i rappresentanti dell&#8217;intero Popolo di Dio pellegrino in America Latina e nei Caraibi, poi si \u00e8 convenuto che la proposta dovesse essere un\u2019Assemblea ecclesiale, che sar\u00e0 la prima del genere nella nostra Regione, ma anche per la Chiesa universale, poich\u00e9 mai prima nella storia della Chiesa c&#8217;\u00e8 stata un&#8217;Assemblea ecclesiale di questa portata, che coinvolgesse un intero continente.<\/p>\n<p>Per la preparazione dell&#8217;Assemblea sono state costituite varie Commissioni ed \u00e8 stato preparato un Documento di Lavoro &#8211; chiamato <em>Documento per il Cammino <\/em>&#8211; una Guida Metodologica per incoraggiare le comunit\u00e0 di tutto il continente a partecipare e inviare i loro contributi.<\/p>\n<p>In questa prospettiva, stiamo percorrendo un itinerario sinodale simile a quello attuato per il Sinodo Panamazzonico, con un ascolto attento delle comunit\u00e0, dei vari agenti pastorali e anche delle stesse popolazioni indigene.<\/p>\n<p>Seguendo questo esempio, a partire da questo mese di aprile, si svolger\u00e0 in tutta la Regione un processo di ascolto che permetter\u00e0 di precisare meglio l&#8217;Agenda dell&#8217;Assemblea Ecclesiale, il cui obiettivo principale \u00e8 sviluppare un quadro strategico per la Chiesa nella Regione, che rifletta sinodalit\u00e0 e si proietti al 2031\/2033 con l&#8217;evento di Guadalupe e l&#8217;anno della Redenzione. Per questo sar\u00e0 molto significativo che si svolga in Messico, accanto alla Basilica di Nostra Signora di Guadalupe.<\/p>\n<p>Con questa Assemblea ecclesiale cerchiamo di trovare nuovi cammini per la Chiesa nella Regione, alla luce della fede e secondo i segni dei tempi, in conversione integrale e che riprenda una prospettiva di Chiesa \u201cin uscita missionaria, discepoli e missionari di Ges\u00f9 Cristo, perch\u00e9 abbiano la vita in Lui , come proposto dal Santo Padre.<\/p>\n<p><strong>Exaudi: Nel 2020si \u00e8 svolta la prima assemblea plenaria della Conferenza Ecclesiale dell&#8217;Amazzonia, organismo che promuove l&#8217;evangelizzazione in questa Regione, a seguito del Sinodo dell&#8217;Amazzonia del 2019. Inoltre, recentemente, c\u2019\u00e8 stato il primo anniversario della pubblicazione di <em>Querida Amazonia<\/em>, l&#8217;Esortazione post-sinodale del Santo Padre. Qual \u00e8 la situazione dopo la celebrazione di questo rilevante evento centrato su questa Regione?<\/strong><\/p>\n<p><strong>Monsignor Cabrejos<\/strong>: Il bilancio \u00e8 molto positivo e la mia risposta a questa domanda \u00e8 strettamente correlata alla precedente. Come ben dici, nel Documento finale del Sinodo Panamazzonico si propone la creazione di un Organismo ecclesiale per l&#8217;Amazzonia, dati i problemi specifici e la necessit\u00e0 di risposte adeguate della Chiesa alle sfide di costruire una Chiesa con un vero Volto amazzonico, che realizzi veramente una conversione integrale, capace di inglobare le gioie, le speranze, i dolori e le angosce delle comunit\u00e0 che hanno bisogno di far sentire la propria voce e proporre nuovi cammini di evangelizzazione nella fedelt\u00e0 al Signore.<\/p>\n<p>Il processo \u00e8 stato cos\u00ec ricco, che le proposte riguardanti la realizzazione dell&#8217;Assemblea Ecclesiale per l&#8217;America Latina e i Caraibi, hanno aiutato anche nel discernimento circa la creazione e il funzionamento di detto Organismo della Chiesa per il servizio al popolo di Dio nell\u2019Amazonia. In questo modo, seguendo la prospettiva della sinodalit\u00e0 in chiave di conversione integrale, \u00e8 stato suggerito al Santo Padre di creare una Conferenza Ecclesiale dell&#8217;Amazzonia (la cui sigla sarebbe CEAMA), in cui tutti i rappresentanti del Popolo di Dio siano rappresentati nel loro cammino: vescovi, sacerdoti, religiosi e religiose, laici, uomini e donne, e anche membri dei popoli nativi. Questa proposta \u00e8 davvero innovativa, non solo per la nostra regione ma per la Chiesa universale, poich\u00e9 rappresenta la prima conferenza ecclesiale nella storia della Chiesa.<\/p>\n<p>\u00c8 passato relativamente poco tempo dalla fine del Sinodo Panamazzonico (ottobre 2019) e dalla pubblicazione di <em>Querida Amazonia<\/em> (febbraio 2020), ma a poco pi\u00f9 di un anno da queste pietre miliari per la nostra Chiesa, il processo continua e si trovano nuove strade, con l&#8217;ispirazione dello Spirito Santo, per una Chiesa rinnovata e capace di rispondere ai segni dei tempi.<\/p>\n<p><strong>Exaudi: Nell&#8217;<em>Angelus <\/em>del 14 febbraio, Papa Francesco ha ringraziato la Colombia per l&#8217;attuazione dello Statuto di protezione temporanea per i migranti dal Venezuela presenti nel Paese, che favorisce &#8220;l&#8217;accoglienza, la protezione e l&#8217;integrazione&#8221; di queste persone. Cosa significa questo passaggio al fine di alleviare il dramma della migrazione venezuelana?<\/strong><\/p>\n<p><strong>Monsignor Cabrejos<\/strong>: \u00c8 un grande passo e, in qualche modo, il risultato degli accordi presi nell&#8217;incontro tenutosi nella citt\u00e0 di C\u00facuta (confine tra Colombia e Venezuela) nel febbraio del 2020, convocato dalla Sezione per migranti e rifugiati del Dicastero per il Servizio allo Sviluppo Umano Integrale, e con la partecipazione dei Vescovi di confine, dei Presidenti delle rispettive Conferenze Episcopali e dei Nunzi Apostolici di entrambi i Paesi, della Pastorale Sociale e della Presidenza del CELAM.<\/p>\n<p>Uno degli impegni di questo incontro \u00e8 stato quello di convocare anche un incontro con i vescovi della Regione Boliviana per assumere gli accordi di C\u00facuta e applicarli in tutta la sub-regione, che si \u00e8 tenuto nel marzo del 2020 in risposta alla chiamata del CELAM, poco prima della dichiarazione della pandemia COVID-19.<\/p>\n<p>In questo processo, il CELAM cerca di essere fedele al Magistero del Santo Padre che si propone di ACCOGLIERE, PROTEGGERE, PROMUOVERE e INTEGRARE i fratelli e le sorelle migranti e rifugiati. Sulla stessa linea, il CELAM cerca di rafforzare la rete CLAMOR (rete latinoamericana e caraibica su migrazione, rifugiati e traffico di esseri umani) che \u00e8 stata creata in America Latina e nei Caraibi e fa parte di una rete globale che affronta il problema della mobilit\u00e0 umana nell\u2019ambito della Chiesa universale. Nel caso della nostra Regione, la rete CLAMOR cerca di promuovere il lavoro in rete di fronte ai due grandi flussi migratori che coinvolgono fratelli e sorelle venezuelani e centroamericani i quali, alla ricerca di migliori condizioni di vita, di fronte a situazioni drammatiche nei loro rispettive paesi, si muovono correndo innumerevoli rischi e in molte occasioni perdendo la loro vita.<\/p>\n<p>In questo senso, la decisione del governo colombiano di attuare uno Statuto almeno temporaneo per i fratelli e le sorelle migranti venezuelani \u00e8 un progresso notevole. \u00c8 un passo molto importante e che deve essere emulato dagli altri paesi della sub-regione e dall&#8217;intera Regione, soprattutto in questi tempi di pandemia in cui la popolazione migrante e le loro famiglie soffrono di grande vulnerabilit\u00e0 e sono molto difficili da includere nei programmi di aiuto del governo di fronte alla pandemia.<\/p>\n<p><strong>Exaudi: Per quanto riguarda la pandemia, tra tutte le regioni del continente, la Panamazzonia \u00e8 particolarmente preoccupante, poich\u00e9, per le sue specificit\u00e0, la popolazione indigena \u00e8 pi\u00f9 esposta al virus. Il CELAM ha mostrato la sua preoccupazione e ha collaborato con la Rete Ecclesiale Panamazzonia (REPAM), ad esempio, per fornire ossigeno, ventilatori e respiratori. Com&#8217;\u00e8 la situazione in questa zona molto vulnerabile?<\/strong><\/p>\n<p><strong>Monsignor Cabrejos<\/strong>: E\u2019 davvero drammatica. Secondo un ultimo rapporto della REPAM, che ha monitorato gli effetti della pandemia in Panamazzonia, al 23 marzo i casi confermati sono stati 2.387.526, di cui 59.694 morti, cifre davvero allarmanti. I sistemi sanitari sono al collasso e certamente le popolazioni indigene, gi\u00e0 svantaggiate, sono quelle che hanno maggiori difficolt\u00e0 ad accedere ai centri sanitari.<\/p>\n<p>La REPAM, infatti, i vicariati, le diocesi, le prelature e le varie organizzazioni ecclesiali si sono dimostrate solidali e hanno unito le forze con la societ\u00e0 civile per la fornitura di ossigeno medicinale con varie alternative, come quelle da lei citate. Ma non c&#8217;\u00e8 dubbio che sia urgente un&#8217;azione decisa da parte dei governi; non \u00e8 possibile che da parte degli Stati ci siano alti livelli di abbandono delle loro popolazioni, soprattutto in Amazzonia. Queste situazioni gridano al cielo e molti vescovi e conferenze episcopali si sono espressi al riguardo, come \u00e8 stato, ad esempio, il caso del Brasile, da quando il CELAM ha dato il suo appoggio in una recente dichiarazione.<\/p>\n<p>Ma ci sono anche commoventi esperienze di solidariet\u00e0 nella lotta alla pandemia in Amazzonia. Ad esempio, recentemente l&#8217;Asse Giustizia Socio-ambientale e del Buon Vivere della REPAM ha organizzato un seminario sulle esperienze di Medicina Tradizionale Indigena nella Lotta contro il COVID-19, dove sono state condivise esperienze molto istruttive su come gli stessi popoli originari, dalla loro conoscenza ancestrale e dei principi attivi nella specie amazzonica, hanno avuto esperienze curative nel caso di persone infette nelle comunit\u00e0 con risultati positivi e hanno anche stabilito i propri protocolli di prevenzione.<\/p>\n<p><strong>Exaudi: L&#8217;emergenza sanitaria comporta anche la crisi economica e sociale, quali strumenti, mezzi, materiali e spirituali, pensi potrebbero aiutare ad uscirne, tenendo conto che anche prima dell&#8217;arrivo del virus il continente stava vivendo una situazione economica difficile, e per poter guardare al futuro con speranza?<\/strong><\/p>\n<p><strong>Monsignor Cabrejos<\/strong>: Possiamo proprio dire che la situazione nella regione \u00e8 drammatica. Secondo i rapporti della CEPAL, il calo del livello di produzione regionale nel 2020 \u00e8 stato di poco superiore al 9%, indice che non si registrava da decenni. Ha superato la situazione che si era verificata nei giorni della grande depressione degli anni &#8217;20 e &#8217;30, il che \u00e8 estremamente grave. Ci\u00f2 ha aumentato i livelli di disoccupazione, al punto che quasi 13 milioni di persone hanno perso il lavoro e la stragrande maggioranza che sopravvive nel settore dell&#8217;economia popolare ha visto le proprie attivit\u00e0 andare in bancarotta, con la conseguenza che le loro famiglie sono cadute nell\u2019indigenza.<\/p>\n<p>Ecco perch\u00e9 \u00e8 cos\u00ec importante far riecheggiare nella Regione gli appelli del Santo Padre sia per uno stipendio \/ reddito di base universale, sia per alternative riguardo al debito estero di molti Paesi il cui rimborso interesser\u00e0 in particolare i pi\u00f9 poveri.<\/p>\n<p>I trasferimenti di bonus alle famiglie in estrema povert\u00e0 nella regione sono stati e sono insufficienti e non sempre raggiungono chi ne ha pi\u00f9 bisogno. D&#8217;altronde i Paesi hanno fatto ricorso all&#8217;indebitamento esterno e in molti hanno gi\u00e0 superato la soglia di \u201csostenibilit\u00e0\u201d del debito pubblico con il pericolo che torni la questione dell&#8217;indebitamento estero e dell&#8217;insolvenza. Ma, d&#8217;altra parte, ci sono state esperienze molto importanti di economia solidale in luoghi pandemici che sono davvero stimolanti e dovrebbero essere rese note.<\/p>\n<p><strong>Exaudi: Nelle situazioni pi\u00f9 complicate, come quella descritta, spiccano sempre la presenza pastorale e la carit\u00e0 della Chiesa, cosa ci puoi dire al riguardo?<\/strong><\/p>\n<p><strong>Monsignor Cabrejos<\/strong>: L&#8217;azione degli enti pastorali social-Caritas nella Regione \u00e8 stata ed \u00e8 pi\u00f9 che rilevante. Potremmo dire che \u00e8 stata fondamentale per affrontare varie situazioni di persone che sono state e sono ancora molto vulnerabili alla pandemia, come le popolazioni povere delle campagne, delle periferie della citt\u00e0, dell&#8217;Amazzonia, i bambini, gli adulti anziani, i fratelli dei Popoli originari, dei disabili, dei privati \u200b\u200bdella libert\u00e0, dei migranti. Le 22 Caritas nazionali dell&#8217;America Latina e dei Caraibi e le rispettive reti hanno risposto con solidariet\u00e0 ed efficacia.<\/p>\n<p>Posso condividere l\u2019esperienza in Per\u00f9 di tre iniziative promosse dalla Conferenza Episcopale Peruviana (CEP), ispirate dalla Task force creata nella Santa Sede contro il COVID-19 e che il Papa affida al Dicastero per il Servizio allo Sviluppo Umano Integrale. Cos\u00ec la CEP promuove per prima l&#8217;Iniziativa Pastorale &#8220;Dai loro un pasto&#8221; per sostenere le cucine parrocchiali nelle 46 giurisdizioni ecclesiastiche; poi l&#8217;iniziativa &#8220;Respira Per\u00fa&#8221; che attua il sostegno agli ospedali pubblici con pi\u00f9 di 15 postazioni di ossigeno medicinale, oltre a palloncini di ossigeno, concentratori, acrilici protettivi, ecc.; e, pi\u00f9 recentemente, l&#8217;iniziativa &#8220;Resurrect Peru Now&#8221; per rafforzare la coalizione sociale di fronte alla pandemia e il dialogo con le autorit\u00e0. Esperienze simili si sono verificate anche in altri Paesi della Regione.<\/p>\n<p>Tutto questo insieme di azioni si ispira alla Lettera Enciclica di Papa Francisco <em>Fratelli Tutti <\/em>che solleva la radicalit\u00e0 dell&#8217;Amicizia Sociale e rende conto di una vera diaconia sociale nelle nostre terre.<\/p>\n<p><strong>Exaudi: Ora iniziano le vaccinazioni in America Latina, l&#8217;episcopato latinoamericano come ha cercato di sensibilizzare sull&#8217;urgenza di ottenere l&#8217;immunizzazione globale per il bene comune?<\/strong><\/p>\n<p><strong>Monsignor Cabrejos<\/strong>: La questione dei vaccini \u00e8 stata una preoccupazione. Dall&#8217;inizio della pandemia la presidenza del CELAM ha pubblicato una lettera indirizzata ai governatori e ai leader dell&#8217;America Latina e dei Caraibi e a diversi organismi internazionali, il 24 agosto 2020.<\/p>\n<p>Abbiamo sollevato la necessit\u00e0 di vaccini sicuri nella regione e con accesso ad essi per tutte le popolazioni senza eccezioni; dovrebbero anche essere considerati beni pubblici, poich\u00e9 \u00e8 responsabilit\u00e0 degli Stati acquisirli e distribuirli con adeguate garanzie sanitarie. Deve esserci un accesso universale e gratuito a vaccini sicuri.<\/p>\n<p>Il CELAM ha anche sollevato la possibilit\u00e0 di sostenerne la distribuzione con la partecipazione delle Conferenze Episcopali della Regione. Allo stesso modo, abbiamo partecipato al seminario organizzato dal Pontificio Consiglio per l&#8217;America Latina a dicembre per giungere alle nostre proposte pastorali al riguardo.<\/p>\n<p><strong>Exaudi: Il team di Exaudi, un&#8217;agenzia di stampa cattolica, ha recentemente iniziato il suo viaggio. Lo scopo principale di questo mezzo \u00e8 informare per collaborare all&#8217;evangelizzazione del mondo, rafforzando l&#8217;unit\u00e0 della Chiesa con il Papa. Infine, chiediamo la tua benedizione. E che ci dedichi qualche parola di incoraggiamento per sviluppare questo entusiasmante lavoro&#8230;<\/strong><\/p>\n<p><strong>Monsignor Cabrejos<\/strong>: Ebbene, con piacere le mie parole di incoraggiamento, riconoscimento e gratitudine per il lavoro cos\u00ec encomiabile che avete iniziato. Il loro scopo \u00e8 della massima importanza, al fine di collaborare con l&#8217;opera evangelizzatrice della Chiesa attraverso il rafforzamento dell&#8217;unit\u00e0 con il Santo Padre, il cui magistero \u00e8 molto fecondo, arricchente e sta determinando un vero aggiornamento alle realt\u00e0 dei tempi che noi dobbiamo vivere e alle loro sfide. Quindi continuate con questo compito cos\u00ec importante con la mia fraterna benedizione.<\/p>\n","protected":false},"excerpt":{"rendered":"<p>Monsignor Cabrejos, presidente del CELAM, sulla prossima Assemblea ecclesiale dell&#8217;America latina<\/p>\n","protected":false},"author":5,"featured_media":10319,"comment_status":"closed","ping_status":"closed","sticky":false,"template":"","format":"standard","meta":{"_acf_changed":false,"_crdt_document":"","inline_featured_image":false,"footnotes":""},"categories":[58,107,297],"tags":[1501,1500,1502,472,287,1107,286],"class_list":["post-10514","post","type-post","status-publish","format-standard","has-post-thumbnail","hentry","category-featured-news","category-interviste","category-ultime-notizie","tag-amazzonia","tag-aparecida","tag-celam-it","tag-migranti","tag-pandemia","tag-sinodo","tag-vaccini"],"acf":[],"yoast_head":"<!-- This site is optimized with the Yoast SEO plugin v27.4 - https:\/\/yoast.com\/product\/yoast-seo-wordpress\/ -->\n<title>INTERVISTA ESCLUSIVA: CELAM, evento sinodale nel solco di Aparecida &#8211; Exaudi<\/title>\n<meta name=\"description\" content=\"Intervista esclusiva al presidente del Celam monsignor Miguel Cabrejos sulla Chiesa in America Latina. Gli effetti della pandemia\" \/>\n<meta name=\"robots\" content=\"index, follow, max-snippet:-1, max-image-preview:large, max-video-preview:-1\" \/>\n<link rel=\"canonical\" href=\"https:\/\/exaudi.org\/it\/celam-evento-sinodale-nel-solco-di-aparecida\/\" \/>\n<meta property=\"og:locale\" content=\"it_IT\" \/>\n<meta property=\"og:type\" content=\"article\" \/>\n<meta property=\"og:title\" content=\"INTERVISTA ESCLUSIVA: CELAM, evento sinodale nel solco di Aparecida &#8211; Exaudi\" \/>\n<meta property=\"og:description\" content=\"Intervista esclusiva al presidente del Celam monsignor Miguel Cabrejos sulla Chiesa in America Latina. Gli effetti della pandemia\" \/>\n<meta property=\"og:url\" content=\"https:\/\/exaudi.org\/it\/celam-evento-sinodale-nel-solco-di-aparecida\/\" \/>\n<meta property=\"og:site_name\" content=\"Exaudi\" \/>\n<meta property=\"article:publisher\" content=\"https:\/\/www.facebook.com\/ExaudiNews\" \/>\n<meta property=\"article:published_time\" content=\"2021-04-08T06:00:48+00:00\" \/>\n<meta property=\"article:modified_time\" content=\"2021-04-08T09:18:54+00:00\" \/>\n<meta property=\"og:image\" content=\"https:\/\/exaudi.org\/wp-content\/uploads\/2021\/04\/Monsenor-Miguel-Cabrejos-Vidarte-1024x683.png\" \/>\n\t<meta property=\"og:image:width\" content=\"1024\" \/>\n\t<meta property=\"og:image:height\" content=\"683\" \/>\n\t<meta property=\"og:image:type\" content=\"image\/png\" \/>\n<meta name=\"author\" content=\"Larissa I. L\u00f3pez\" \/>\n<meta name=\"twitter:card\" content=\"summary_large_image\" \/>\n<meta name=\"twitter:creator\" content=\"@Exaudi_News\" \/>\n<meta name=\"twitter:site\" content=\"@Exaudi_News\" \/>\n<meta name=\"twitter:label1\" content=\"Scritto da\" \/>\n\t<meta name=\"twitter:data1\" content=\"Larissa I. L\u00f3pez\" \/>\n\t<meta name=\"twitter:label2\" content=\"Tempo di lettura stimato\" \/>\n\t<meta name=\"twitter:data2\" content=\"12 minuti\" \/>\n<script type=\"application\/ld+json\" class=\"yoast-schema-graph\">{\"@context\":\"https:\\\/\\\/schema.org\",\"@graph\":[{\"@type\":\"Article\",\"@id\":\"https:\\\/\\\/exaudi.org\\\/it\\\/celam-evento-sinodale-nel-solco-di-aparecida\\\/#article\",\"isPartOf\":{\"@id\":\"https:\\\/\\\/exaudi.org\\\/it\\\/celam-evento-sinodale-nel-solco-di-aparecida\\\/\"},\"author\":{\"name\":\"Larissa I. L\u00f3pez\",\"@id\":\"https:\\\/\\\/exaudi.org\\\/#\\\/schema\\\/person\\\/7d2f77db033c2c0929edfab6dbe8c588\"},\"headline\":\"INTERVISTA ESCLUSIVA: CELAM, evento sinodale nel solco di Aparecida\",\"datePublished\":\"2021-04-08T06:00:48+00:00\",\"dateModified\":\"2021-04-08T09:18:54+00:00\",\"mainEntityOfPage\":{\"@id\":\"https:\\\/\\\/exaudi.org\\\/it\\\/celam-evento-sinodale-nel-solco-di-aparecida\\\/\"},\"wordCount\":2696,\"image\":{\"@id\":\"https:\\\/\\\/exaudi.org\\\/it\\\/celam-evento-sinodale-nel-solco-di-aparecida\\\/#primaryimage\"},\"thumbnailUrl\":\"https:\\\/\\\/exaudi.org\\\/wp-content\\\/uploads\\\/2021\\\/04\\\/Monsenor-Miguel-Cabrejos-Vidarte.png\",\"keywords\":[\"Amazzonia\",\"Aparecida\",\"CELAM\",\"migranti\",\"pandemia\",\"Sinodo\",\"vaccini\"],\"articleSection\":[\"Featured News\",\"Interviste\",\"Ultime Notizie\"],\"inLanguage\":\"it-IT\"},{\"@type\":\"WebPage\",\"@id\":\"https:\\\/\\\/exaudi.org\\\/it\\\/celam-evento-sinodale-nel-solco-di-aparecida\\\/\",\"url\":\"https:\\\/\\\/exaudi.org\\\/it\\\/celam-evento-sinodale-nel-solco-di-aparecida\\\/\",\"name\":\"INTERVISTA ESCLUSIVA: CELAM, evento sinodale nel solco di Aparecida &#8211; Exaudi\",\"isPartOf\":{\"@id\":\"https:\\\/\\\/exaudi.org\\\/#website\"},\"primaryImageOfPage\":{\"@id\":\"https:\\\/\\\/exaudi.org\\\/it\\\/celam-evento-sinodale-nel-solco-di-aparecida\\\/#primaryimage\"},\"image\":{\"@id\":\"https:\\\/\\\/exaudi.org\\\/it\\\/celam-evento-sinodale-nel-solco-di-aparecida\\\/#primaryimage\"},\"thumbnailUrl\":\"https:\\\/\\\/exaudi.org\\\/wp-content\\\/uploads\\\/2021\\\/04\\\/Monsenor-Miguel-Cabrejos-Vidarte.png\",\"datePublished\":\"2021-04-08T06:00:48+00:00\",\"dateModified\":\"2021-04-08T09:18:54+00:00\",\"author\":{\"@id\":\"https:\\\/\\\/exaudi.org\\\/#\\\/schema\\\/person\\\/7d2f77db033c2c0929edfab6dbe8c588\"},\"description\":\"Intervista esclusiva al presidente del Celam monsignor Miguel Cabrejos sulla Chiesa in America Latina. Gli effetti della pandemia\",\"breadcrumb\":{\"@id\":\"https:\\\/\\\/exaudi.org\\\/it\\\/celam-evento-sinodale-nel-solco-di-aparecida\\\/#breadcrumb\"},\"inLanguage\":\"it-IT\",\"potentialAction\":[{\"@type\":\"ReadAction\",\"target\":[\"https:\\\/\\\/exaudi.org\\\/it\\\/celam-evento-sinodale-nel-solco-di-aparecida\\\/\"]}]},{\"@type\":\"ImageObject\",\"inLanguage\":\"it-IT\",\"@id\":\"https:\\\/\\\/exaudi.org\\\/it\\\/celam-evento-sinodale-nel-solco-di-aparecida\\\/#primaryimage\",\"url\":\"https:\\\/\\\/exaudi.org\\\/wp-content\\\/uploads\\\/2021\\\/04\\\/Monsenor-Miguel-Cabrejos-Vidarte.png\",\"contentUrl\":\"https:\\\/\\\/exaudi.org\\\/wp-content\\\/uploads\\\/2021\\\/04\\\/Monsenor-Miguel-Cabrejos-Vidarte.png\",\"width\":2550,\"height\":1700,\"caption\":\"Mons. Miguel Cabrejos Vidarte \u00a9 CELAM\"},{\"@type\":\"BreadcrumbList\",\"@id\":\"https:\\\/\\\/exaudi.org\\\/it\\\/celam-evento-sinodale-nel-solco-di-aparecida\\\/#breadcrumb\",\"itemListElement\":[{\"@type\":\"ListItem\",\"position\":1,\"name\":\"Portada\",\"item\":\"https:\\\/\\\/exaudi.org\\\/it\\\/\"},{\"@type\":\"ListItem\",\"position\":2,\"name\":\"INTERVISTA ESCLUSIVA: CELAM, evento sinodale nel solco di Aparecida\"}]},{\"@type\":\"WebSite\",\"@id\":\"https:\\\/\\\/exaudi.org\\\/#website\",\"url\":\"https:\\\/\\\/exaudi.org\\\/\",\"name\":\"Exaudi\",\"description\":\"News\",\"potentialAction\":[{\"@type\":\"SearchAction\",\"target\":{\"@type\":\"EntryPoint\",\"urlTemplate\":\"https:\\\/\\\/exaudi.org\\\/?s={search_term_string}\"},\"query-input\":{\"@type\":\"PropertyValueSpecification\",\"valueRequired\":true,\"valueName\":\"search_term_string\"}}],\"inLanguage\":\"it-IT\"},{\"@type\":\"Person\",\"@id\":\"https:\\\/\\\/exaudi.org\\\/#\\\/schema\\\/person\\\/7d2f77db033c2c0929edfab6dbe8c588\",\"name\":\"Larissa I. L\u00f3pez\",\"image\":{\"@type\":\"ImageObject\",\"inLanguage\":\"it-IT\",\"@id\":\"https:\\\/\\\/secure.gravatar.com\\\/avatar\\\/db3ef399ff343d0bb9d25dc5198bc8ece5ac6d621eca79876697a354dabc1e3f?s=96&d=mm&r=g\",\"url\":\"https:\\\/\\\/secure.gravatar.com\\\/avatar\\\/db3ef399ff343d0bb9d25dc5198bc8ece5ac6d621eca79876697a354dabc1e3f?s=96&d=mm&r=g\",\"contentUrl\":\"https:\\\/\\\/secure.gravatar.com\\\/avatar\\\/db3ef399ff343d0bb9d25dc5198bc8ece5ac6d621eca79876697a354dabc1e3f?s=96&d=mm&r=g\",\"caption\":\"Larissa I. L\u00f3pez\"},\"description\":\"Doctora en Comunicaci\u00f3n. Mi trayectoria profesional ha transcurrido entre el \u00e1mbito de la comunicaci\u00f3n y el de la docencia. En los \u00faltimos a\u00f1os, he trabajado como coordinadora y redactora de la edici\u00f3n de ZENIT en espa\u00f1ol. Como profesora, he impartido clases en la universidad y en centros de FP y bachillerato. Cordobesa de nacimiento, tambi\u00e9n he vivido en Sevilla, Madrid y Roma\",\"url\":\"https:\\\/\\\/exaudi.org\\\/it\\\/author\\\/llopezexaudi-org\\\/\"}]}<\/script>\n<!-- \/ Yoast SEO plugin. -->","yoast_head_json":{"title":"INTERVISTA ESCLUSIVA: CELAM, evento sinodale nel solco di Aparecida &#8211; Exaudi","description":"Intervista esclusiva al presidente del Celam monsignor Miguel Cabrejos sulla Chiesa in America Latina. Gli effetti della pandemia","robots":{"index":"index","follow":"follow","max-snippet":"max-snippet:-1","max-image-preview":"max-image-preview:large","max-video-preview":"max-video-preview:-1"},"canonical":"https:\/\/exaudi.org\/it\/celam-evento-sinodale-nel-solco-di-aparecida\/","og_locale":"it_IT","og_type":"article","og_title":"INTERVISTA ESCLUSIVA: CELAM, evento sinodale nel solco di Aparecida &#8211; Exaudi","og_description":"Intervista esclusiva al presidente del Celam monsignor Miguel Cabrejos sulla Chiesa in America Latina. Gli effetti della pandemia","og_url":"https:\/\/exaudi.org\/it\/celam-evento-sinodale-nel-solco-di-aparecida\/","og_site_name":"Exaudi","article_publisher":"https:\/\/www.facebook.com\/ExaudiNews","article_published_time":"2021-04-08T06:00:48+00:00","article_modified_time":"2021-04-08T09:18:54+00:00","og_image":[{"width":1024,"height":683,"url":"https:\/\/exaudi.org\/wp-content\/uploads\/2021\/04\/Monsenor-Miguel-Cabrejos-Vidarte-1024x683.png","type":"image\/png"}],"author":"Larissa I. L\u00f3pez","twitter_card":"summary_large_image","twitter_creator":"@Exaudi_News","twitter_site":"@Exaudi_News","twitter_misc":{"Scritto da":"Larissa I. L\u00f3pez","Tempo di lettura stimato":"12 minuti"},"schema":{"@context":"https:\/\/schema.org","@graph":[{"@type":"Article","@id":"https:\/\/exaudi.org\/it\/celam-evento-sinodale-nel-solco-di-aparecida\/#article","isPartOf":{"@id":"https:\/\/exaudi.org\/it\/celam-evento-sinodale-nel-solco-di-aparecida\/"},"author":{"name":"Larissa I. L\u00f3pez","@id":"https:\/\/exaudi.org\/#\/schema\/person\/7d2f77db033c2c0929edfab6dbe8c588"},"headline":"INTERVISTA ESCLUSIVA: CELAM, evento sinodale nel solco di Aparecida","datePublished":"2021-04-08T06:00:48+00:00","dateModified":"2021-04-08T09:18:54+00:00","mainEntityOfPage":{"@id":"https:\/\/exaudi.org\/it\/celam-evento-sinodale-nel-solco-di-aparecida\/"},"wordCount":2696,"image":{"@id":"https:\/\/exaudi.org\/it\/celam-evento-sinodale-nel-solco-di-aparecida\/#primaryimage"},"thumbnailUrl":"https:\/\/exaudi.org\/wp-content\/uploads\/2021\/04\/Monsenor-Miguel-Cabrejos-Vidarte.png","keywords":["Amazzonia","Aparecida","CELAM","migranti","pandemia","Sinodo","vaccini"],"articleSection":["Featured News","Interviste","Ultime Notizie"],"inLanguage":"it-IT"},{"@type":"WebPage","@id":"https:\/\/exaudi.org\/it\/celam-evento-sinodale-nel-solco-di-aparecida\/","url":"https:\/\/exaudi.org\/it\/celam-evento-sinodale-nel-solco-di-aparecida\/","name":"INTERVISTA ESCLUSIVA: CELAM, evento sinodale nel solco di Aparecida &#8211; Exaudi","isPartOf":{"@id":"https:\/\/exaudi.org\/#website"},"primaryImageOfPage":{"@id":"https:\/\/exaudi.org\/it\/celam-evento-sinodale-nel-solco-di-aparecida\/#primaryimage"},"image":{"@id":"https:\/\/exaudi.org\/it\/celam-evento-sinodale-nel-solco-di-aparecida\/#primaryimage"},"thumbnailUrl":"https:\/\/exaudi.org\/wp-content\/uploads\/2021\/04\/Monsenor-Miguel-Cabrejos-Vidarte.png","datePublished":"2021-04-08T06:00:48+00:00","dateModified":"2021-04-08T09:18:54+00:00","author":{"@id":"https:\/\/exaudi.org\/#\/schema\/person\/7d2f77db033c2c0929edfab6dbe8c588"},"description":"Intervista esclusiva al presidente del Celam monsignor Miguel Cabrejos sulla Chiesa in America Latina. Gli effetti della pandemia","breadcrumb":{"@id":"https:\/\/exaudi.org\/it\/celam-evento-sinodale-nel-solco-di-aparecida\/#breadcrumb"},"inLanguage":"it-IT","potentialAction":[{"@type":"ReadAction","target":["https:\/\/exaudi.org\/it\/celam-evento-sinodale-nel-solco-di-aparecida\/"]}]},{"@type":"ImageObject","inLanguage":"it-IT","@id":"https:\/\/exaudi.org\/it\/celam-evento-sinodale-nel-solco-di-aparecida\/#primaryimage","url":"https:\/\/exaudi.org\/wp-content\/uploads\/2021\/04\/Monsenor-Miguel-Cabrejos-Vidarte.png","contentUrl":"https:\/\/exaudi.org\/wp-content\/uploads\/2021\/04\/Monsenor-Miguel-Cabrejos-Vidarte.png","width":2550,"height":1700,"caption":"Mons. Miguel Cabrejos Vidarte \u00a9 CELAM"},{"@type":"BreadcrumbList","@id":"https:\/\/exaudi.org\/it\/celam-evento-sinodale-nel-solco-di-aparecida\/#breadcrumb","itemListElement":[{"@type":"ListItem","position":1,"name":"Portada","item":"https:\/\/exaudi.org\/it\/"},{"@type":"ListItem","position":2,"name":"INTERVISTA ESCLUSIVA: CELAM, evento sinodale nel solco di Aparecida"}]},{"@type":"WebSite","@id":"https:\/\/exaudi.org\/#website","url":"https:\/\/exaudi.org\/","name":"Exaudi","description":"News","potentialAction":[{"@type":"SearchAction","target":{"@type":"EntryPoint","urlTemplate":"https:\/\/exaudi.org\/?s={search_term_string}"},"query-input":{"@type":"PropertyValueSpecification","valueRequired":true,"valueName":"search_term_string"}}],"inLanguage":"it-IT"},{"@type":"Person","@id":"https:\/\/exaudi.org\/#\/schema\/person\/7d2f77db033c2c0929edfab6dbe8c588","name":"Larissa I. L\u00f3pez","image":{"@type":"ImageObject","inLanguage":"it-IT","@id":"https:\/\/secure.gravatar.com\/avatar\/db3ef399ff343d0bb9d25dc5198bc8ece5ac6d621eca79876697a354dabc1e3f?s=96&d=mm&r=g","url":"https:\/\/secure.gravatar.com\/avatar\/db3ef399ff343d0bb9d25dc5198bc8ece5ac6d621eca79876697a354dabc1e3f?s=96&d=mm&r=g","contentUrl":"https:\/\/secure.gravatar.com\/avatar\/db3ef399ff343d0bb9d25dc5198bc8ece5ac6d621eca79876697a354dabc1e3f?s=96&d=mm&r=g","caption":"Larissa I. L\u00f3pez"},"description":"Doctora en Comunicaci\u00f3n. Mi trayectoria profesional ha transcurrido entre el \u00e1mbito de la comunicaci\u00f3n y el de la docencia. En los \u00faltimos a\u00f1os, he trabajado como coordinadora y redactora de la edici\u00f3n de ZENIT en espa\u00f1ol. Como profesora, he impartido clases en la universidad y en centros de FP y bachillerato. Cordobesa de nacimiento, tambi\u00e9n he vivido en Sevilla, Madrid y Roma","url":"https:\/\/exaudi.org\/it\/author\/llopezexaudi-org\/"}]}},"jetpack_featured_media_url":"https:\/\/exaudi.org\/wp-content\/uploads\/2021\/04\/Monsenor-Miguel-Cabrejos-Vidarte.png","jetpack_shortlink":"https:\/\/wp.me\/pgKjF2-2JA","_links":{"self":[{"href":"https:\/\/exaudi.org\/it\/wp-json\/wp\/v2\/posts\/10514","targetHints":{"allow":["GET"]}}],"collection":[{"href":"https:\/\/exaudi.org\/it\/wp-json\/wp\/v2\/posts"}],"about":[{"href":"https:\/\/exaudi.org\/it\/wp-json\/wp\/v2\/types\/post"}],"author":[{"embeddable":true,"href":"https:\/\/exaudi.org\/it\/wp-json\/wp\/v2\/users\/5"}],"replies":[{"embeddable":true,"href":"https:\/\/exaudi.org\/it\/wp-json\/wp\/v2\/comments?post=10514"}],"version-history":[{"count":0,"href":"https:\/\/exaudi.org\/it\/wp-json\/wp\/v2\/posts\/10514\/revisions"}],"wp:featuredmedia":[{"embeddable":true,"href":"https:\/\/exaudi.org\/it\/wp-json\/wp\/v2\/media\/10319"}],"wp:attachment":[{"href":"https:\/\/exaudi.org\/it\/wp-json\/wp\/v2\/media?parent=10514"}],"wp:term":[{"taxonomy":"category","embeddable":true,"href":"https:\/\/exaudi.org\/it\/wp-json\/wp\/v2\/categories?post=10514"},{"taxonomy":"post_tag","embeddable":true,"href":"https:\/\/exaudi.org\/it\/wp-json\/wp\/v2\/tags?post=10514"}],"curies":[{"name":"wp","href":"https:\/\/api.w.org\/{rel}","templated":true}]}}