{"id":105047,"date":"2024-07-10T21:13:24","date_gmt":"2024-07-10T19:13:24","guid":{"rendered":"https:\/\/exaudi.org\/?p=105047"},"modified":"2024-07-11T21:18:44","modified_gmt":"2024-07-11T19:18:44","slug":"cardinale-arizmendi-le-riforme-necessarie","status":"publish","type":"post","link":"https:\/\/exaudi.org\/it\/cardinale-arizmendi-le-riforme-necessarie\/","title":{"rendered":"Cardinale Arizmendi: Le riforme necessarie"},"content":{"rendered":"<p>Il <a href=\"https:\/\/exaudi.org\/es\/author\/felipearizmendi\/\">cardinale Felipe Arizmendi<\/a>, vescovo emerito di San Crist\u00f3bal de Las Casas e responsabile della Dottrina della Fede presso la <a href=\"https:\/\/www.cem.org.mx\/\">Conferenza dell\u2019Episcopato Messicano (CEM)<\/a>, offre ai lettori di Exaudi il suo articolo settimanale intitolato \u201cLe riforme necessarie\u201d.<\/p>\n<h3><strong>***<\/strong><\/h3>\n<h3><strong>ASPETTO<\/strong><\/h3>\n<p>La natura stessa si rinnova: d&#8217;inverno tutto secca, in primavera rinverdisce, matura d&#8217;estate e si raccoglie in autunno. Noi stessi cambiamo, non solo nell&#8217;et\u00e0 fisica e psicologica, ma in molti aspetti. Rinnoviamo le nostre case e i nostri vestiti; Miglioriamo i nostri sistemi di comunicazione. Quando vogliamo vivere pi\u00f9 felicemente in famiglia, cambiamo il nostro carattere, abbandoniamo gli atteggiamenti negativi, ci impegniamo a migliorare alcuni aspetti, fermiamo gli eccessi nelle bevande inebrianti. Chi non vuole cambiare nulla, forse \u00e8 per l&#8217;orgoglio di credersi sempre perfetto in tutto, oppure non vuole perdere i suoi indebiti privilegi.<\/p>\n<p>Nella nostra Chiesa, che \u00e8 santa e peccatrice, siamo sempre in un processo di purificazione. Questo \u00e8 stato il caso nel corso della sua storia. La riforma promossa da Lutero aveva molte istanze di cambiamento nella Chiesa cattolica, ed era giusto cos\u00ec, anche se venne poi deviata per questioni dottrinali. Il Concilio Vaticano II, dal 1962 al 1965, promosso da Giovanni XXIII e proseguito da Paolo VI, ci ha incoraggiato a trasformare molte cose che non erano cos\u00ec fedeli al progetto di Ges\u00f9 e alle esigenze dei tempi attuali. I Papi successivi, Giovanni Paolo I, Giovanni Paolo II, Benedetto XVI e Francesco, hanno continuato questo processo permanente di rinnovamento. A partire da Giovanni Paolo II si va intensificando una riforma nel modo di vivere il servizio del Papa; Francesco ha insistito su questo, e lo sta dimostrando con il suo stile di vita e la sua spinta alla sinodalit\u00e0.<\/p>\n<p>Le istituzioni civili in campo legislativo, giudiziario, esecutivo e fiscale, sia a livello federale che statale, non sono perfette e inamovibili, ma piuttosto soggette ai cambiamenti che i tempi richiedono. Tutti i cittadini hanno il diritto di dare la propria parola in merito, quando prudente e possibile. Se si deve riformare il potere giudiziario, legislativo o qualunque altro, spero che venga ascoltata la voce di persone libere e sagge, che non si sottomettono solo al capriccio del potere supremo, ma che apportano le loro proposte e queste vengono prese in considerazione conto. Se si pretende che non venga cambiata nemmeno una virgola nella proposta dell&#8217;Esecutivo in carica, questa non \u00e8 democrazia, anche se si parla molto del popolo, ma piuttosto grossolana demagogia o dittatura.<\/p>\n<h3><strong>DISCERNERE<\/strong><\/h3>\n<p>La prima predicazione di Ges\u00f9, secondo Marco, \u00e8: <em>\u00abIl tempo \u00e8 compiuto, il Regno di Dio viene: convertitevi e credete alla Buona Novella\u00bb (1,15). Il comportamento che pi\u00f9 disapprova \u00e8 quello del fariseo, che giudica solo gli altri e non riconosce il proprio peccato (cfr Lc 18,9-14). L\u2019apostolo Giovanni avverte: \u201cSe diciamo \u2018non abbiamo peccato\u2019, inganniamo noi stessi e la verit\u00e0 non \u00e8 in noi. Ma se confessiamo i nostri peccati, Dio, che \u00e8 fedele e giusto, perdoner\u00e0 i nostri peccati e ci purificher\u00e0 da ogni ingiustizia. Se diciamo \u201cnon abbiamo mai peccato\u201d, facciamo apparire Dio bugiardo e la sua Parola non \u00e8 in noi (1 Gv 1,8-10). Per questo ogni giorno iniziamo la Messa dicendo: \u201cConfesso di aver peccato molto, in pensieri, parole, opere e omissioni\u201d.<\/em><\/p>\n<p><em>Il Concilio Vaticano II, nella Costituzione sulla Chiesa, afferma: \u00abMentre Cristo, santo, innocente, immacolato, non ha conosciuto il peccato, ma \u00e8 venuto solo per espiare i peccati del popolo, la Chiesa racchiude nel proprio seno i peccatori, ed essendo nello stesso tempo santa e bisognosa di purificazione, avanza continuamente sulla via della penitenza e del rinnovamento\u00bb (LG 8).<\/em><\/p>\n<p><em>Papa Francesco, nella sua esortazione Evangelii Gaudium, ci dice: \u201cAuspico che tutte le comunit\u00e0 cerchino di fornire i mezzi necessari per avanzare nel cammino di una conversione pastorale e missionaria, che non pu\u00f2 lasciare le cose come stanno. Ci sono strutture ecclesiali che possono condizionare un dinamismo evangelizzatore. Senza vita nuova e autentico spirito evangelico, senza fedelt\u00e0 della Chiesa alla propria vocazione, qualsiasi nuova struttura si corrompe in breve tempo.<\/em><\/p>\n<p><em>Sogno un&#8217;opzione missionaria capace di trasformare tutto, affinch\u00e9 costumi, stili, orari, linguaggio e ogni struttura ecclesiale diventino un canale adeguato per l&#8217;evangelizzazione del mondo di oggi pi\u00f9 che per l&#8217;autoconservazione. La riforma delle strutture che la conversione pastorale richiede pu\u00f2 essere intesa solo in questo senso: far s\u00ec che tutte diventino pi\u00f9 missionarie, che la pastorale ordinaria in tutte le sue istanze sia pi\u00f9 espansiva e aperta, che ponga gli operatori pastorali in un costante atteggiamento di partenza e favorire cos\u00ec la risposta positiva di tutti coloro che Ges\u00f9 chiama alla sua amicizia\u201d (EG 25-27).<\/em><\/p>\n<p><em>L\u2019episcopato messicano, nel Progetto Pastorale Globale 2031+2033, afferma: \u201cCrediamo che la conversione pastorale nella nostra Chiesa, che deve basarsi su una solida spiritualit\u00e0 cristologica, ecclesiale e guadalupana, passi prima attraverso i Vescovi e poi attraverso il presbiterio. Ci proponiamo quindi di essere quei pastori in uscita, capaci di dialogare con il mondo. Ci sentiamo chiamati a servire, in comunione con tutta la Chiesa, soprattutto nelle realt\u00e0 pi\u00f9 laceranti e urgenti, e, soprattutto, a rendere presenti le esigenze del Vangelo a favore della costruzione del Regno di Dio, cio\u00e8 della una umanit\u00e0 pi\u00f9 umana, giusta e solidale. Un&#8217;umanit\u00e0 sotto il segno della Redenzione\u00bb<\/em> (PGP 146).<\/p>\n<h3><strong>ATTO<\/strong><\/h3>\n<p>Se vuoi che ci sia pace, armonia, giustizia e solidariet\u00e0 intorno a te, nella tua famiglia, nella tua scuola, nel tuo lavoro, nella tua comunit\u00e0, non pretendere soltanto che gli altri cambino; Analizza prima cosa dovresti cambiare. E se c\u2019\u00e8 bisogno di cambiare qualcosa a livello politico, economico, sportivo, giudiziario, legislativo, ecc., fate proposte e lottate affinch\u00e9 tutto sia migliore per tutti.<\/p>\n","protected":false},"excerpt":{"rendered":"<p>Non pretendere semplicemente che gli altri cambino; Analizza prima cosa dovresti cambiare<\/p>\n","protected":false},"author":24,"featured_media":104958,"comment_status":"closed","ping_status":"closed","sticky":false,"template":"","format":"standard","meta":{"_acf_changed":false,"_crdt_document":"","inline_featured_image":false,"footnotes":""},"categories":[129],"tags":[21227,16215,15413,4512,6921,12851,21228,2298,915,11104,2487,1738,21229,401,21230,21231,12122,21232,3064,510],"class_list":["post-105047","post","type-post","status-publish","format-standard","has-post-thumbnail","hentry","category-voci","tag-cambiamento-personale","tag-cardinale-arizmendi","tag-cardinale-felipe-arizmendi-esquivel","tag-chiesa-cattolica","tag-concilio-vaticano-ii-2","tag-conferenza-dellepiscopato-messicano","tag-conversione-pastorale","tag-democrazia","tag-dottrina-della-fede","tag-evangelii-gaudium-2","tag-featured-3","tag-giustizia","tag-le-riforme-necessarie","tag-papa-francisco-it","tag-progetto-pastorale-globale-2-0312033","tag-riforma-giudiziaria","tag-riforme","tag-rinnovo","tag-sinodalita","tag-solidarieta"],"acf":[],"yoast_head":"<!-- This site is optimized with the Yoast SEO plugin v27.4 - https:\/\/yoast.com\/product\/yoast-seo-wordpress\/ -->\n<title>Cardinale Arizmendi: Le riforme necessarie &#8211; Exaudi<\/title>\n<meta name=\"robots\" content=\"index, follow, max-snippet:-1, max-image-preview:large, max-video-preview:-1\" \/>\n<link rel=\"canonical\" href=\"https:\/\/exaudi.org\/it\/cardinal-arizmendi-the-necessary-reforms\/\" \/>\n<meta property=\"og:locale\" content=\"it_IT\" \/>\n<meta property=\"og:type\" content=\"article\" \/>\n<meta property=\"og:title\" content=\"Cardinale Arizmendi: Le riforme necessarie &#8211; Exaudi\" \/>\n<meta property=\"og:description\" content=\"Non pretendere semplicemente che gli altri cambino; Analizza prima cosa dovresti cambiare\" \/>\n<meta property=\"og:url\" content=\"https:\/\/exaudi.org\/cardinal-arizmendi-the-necessary-reforms\/\" \/>\n<meta property=\"og:site_name\" content=\"Exaudi\" \/>\n<meta property=\"article:publisher\" content=\"https:\/\/www.facebook.com\/ExaudiNews\" \/>\n<meta property=\"article:published_time\" content=\"2024-07-10T19:13:24+00:00\" \/>\n<meta property=\"article:modified_time\" content=\"2024-07-11T19:18:44+00:00\" \/>\n<meta property=\"og:image\" content=\"https:\/\/exaudi.org\/wp-content\/uploads\/2024\/07\/pexels-blue-bird-7218525-scaled.jpg\" \/>\n\t<meta property=\"og:image:width\" content=\"2560\" \/>\n\t<meta property=\"og:image:height\" content=\"1707\" \/>\n\t<meta property=\"og:image:type\" content=\"image\/jpeg\" \/>\n<meta name=\"author\" content=\"Cardenal Felipe Arizmendi\" \/>\n<meta name=\"twitter:card\" content=\"summary_large_image\" \/>\n<meta name=\"twitter:creator\" content=\"@Exaudi_News\" \/>\n<meta name=\"twitter:site\" content=\"@Exaudi_News\" \/>\n<meta name=\"twitter:label1\" content=\"Scritto da\" \/>\n\t<meta name=\"twitter:data1\" content=\"Cardenal Felipe Arizmendi\" \/>\n\t<meta name=\"twitter:label2\" content=\"Tempo di lettura stimato\" \/>\n\t<meta name=\"twitter:data2\" content=\"5 minuti\" \/>\n<script type=\"application\/ld+json\" class=\"yoast-schema-graph\">{\"@context\":\"https:\\\/\\\/schema.org\",\"@graph\":[{\"@type\":\"Article\",\"@id\":\"https:\\\/\\\/exaudi.org\\\/cardinal-arizmendi-the-necessary-reforms\\\/#article\",\"isPartOf\":{\"@id\":\"https:\\\/\\\/exaudi.org\\\/cardinal-arizmendi-the-necessary-reforms\\\/\"},\"author\":{\"name\":\"Cardenal Felipe Arizmendi\",\"@id\":\"https:\\\/\\\/exaudi.org\\\/#\\\/schema\\\/person\\\/c7d223f87e58f1105d044d8da1439102\"},\"headline\":\"Cardinale Arizmendi: Le riforme necessarie\",\"datePublished\":\"2024-07-10T19:13:24+00:00\",\"dateModified\":\"2024-07-11T19:18:44+00:00\",\"mainEntityOfPage\":{\"@id\":\"https:\\\/\\\/exaudi.org\\\/cardinal-arizmendi-the-necessary-reforms\\\/\"},\"wordCount\":924,\"image\":{\"@id\":\"https:\\\/\\\/exaudi.org\\\/cardinal-arizmendi-the-necessary-reforms\\\/#primaryimage\"},\"thumbnailUrl\":\"https:\\\/\\\/exaudi.org\\\/wp-content\\\/uploads\\\/2024\\\/07\\\/pexels-blue-bird-7218525-scaled.jpg\",\"keywords\":[\"CAMBIAMENTO PERSONALE\",\"CARDINALE ARIZMENDI\",\"CARDINALE FELIPE ARIZMENDI ESQUIVEL\",\"Chiesa cattolica\",\"Concilio Vaticano II\",\"CONFERENZA DELL'EPISCOPATO MESSICANO\",\"CONVERSIONE PASTORALE\",\"democrazia\",\"dottrina della fede\",\"Evangelii Gaudium\",\"Featured\",\"giustizia\",\"LE RIFORME NECESSARIE\",\"papa francisco\",\"PROGETTO PASTORALE GLOBALE 2 031+2033\",\"RIFORMA GIUDIZIARIA\",\"RIFORME\",\"RINNOVO\",\"sinodalit\u00e0\",\"solidariet\u00e0\"],\"articleSection\":[\"Voci\"],\"inLanguage\":\"it-IT\"},{\"@type\":\"WebPage\",\"@id\":\"https:\\\/\\\/exaudi.org\\\/cardinal-arizmendi-the-necessary-reforms\\\/\",\"url\":\"https:\\\/\\\/exaudi.org\\\/cardinal-arizmendi-the-necessary-reforms\\\/\",\"name\":\"Cardinale Arizmendi: Le riforme necessarie &#8211; Exaudi\",\"isPartOf\":{\"@id\":\"https:\\\/\\\/exaudi.org\\\/#website\"},\"primaryImageOfPage\":{\"@id\":\"https:\\\/\\\/exaudi.org\\\/cardinal-arizmendi-the-necessary-reforms\\\/#primaryimage\"},\"image\":{\"@id\":\"https:\\\/\\\/exaudi.org\\\/cardinal-arizmendi-the-necessary-reforms\\\/#primaryimage\"},\"thumbnailUrl\":\"https:\\\/\\\/exaudi.org\\\/wp-content\\\/uploads\\\/2024\\\/07\\\/pexels-blue-bird-7218525-scaled.jpg\",\"datePublished\":\"2024-07-10T19:13:24+00:00\",\"dateModified\":\"2024-07-11T19:18:44+00:00\",\"author\":{\"@id\":\"https:\\\/\\\/exaudi.org\\\/#\\\/schema\\\/person\\\/c7d223f87e58f1105d044d8da1439102\"},\"breadcrumb\":{\"@id\":\"https:\\\/\\\/exaudi.org\\\/cardinal-arizmendi-the-necessary-reforms\\\/#breadcrumb\"},\"inLanguage\":\"it-IT\",\"potentialAction\":[{\"@type\":\"ReadAction\",\"target\":[\"https:\\\/\\\/exaudi.org\\\/cardinal-arizmendi-the-necessary-reforms\\\/\"]}]},{\"@type\":\"ImageObject\",\"inLanguage\":\"it-IT\",\"@id\":\"https:\\\/\\\/exaudi.org\\\/cardinal-arizmendi-the-necessary-reforms\\\/#primaryimage\",\"url\":\"https:\\\/\\\/exaudi.org\\\/wp-content\\\/uploads\\\/2024\\\/07\\\/pexels-blue-bird-7218525-scaled.jpg\",\"contentUrl\":\"https:\\\/\\\/exaudi.org\\\/wp-content\\\/uploads\\\/2024\\\/07\\\/pexels-blue-bird-7218525-scaled.jpg\",\"width\":2560,\"height\":1707},{\"@type\":\"BreadcrumbList\",\"@id\":\"https:\\\/\\\/exaudi.org\\\/cardinal-arizmendi-the-necessary-reforms\\\/#breadcrumb\",\"itemListElement\":[{\"@type\":\"ListItem\",\"position\":1,\"name\":\"Portada\",\"item\":\"https:\\\/\\\/exaudi.org\\\/it\\\/\"},{\"@type\":\"ListItem\",\"position\":2,\"name\":\"Cardinale Arizmendi: Le riforme necessarie\"}]},{\"@type\":\"WebSite\",\"@id\":\"https:\\\/\\\/exaudi.org\\\/#website\",\"url\":\"https:\\\/\\\/exaudi.org\\\/\",\"name\":\"Exaudi\",\"description\":\"News\",\"potentialAction\":[{\"@type\":\"SearchAction\",\"target\":{\"@type\":\"EntryPoint\",\"urlTemplate\":\"https:\\\/\\\/exaudi.org\\\/?s={search_term_string}\"},\"query-input\":{\"@type\":\"PropertyValueSpecification\",\"valueRequired\":true,\"valueName\":\"search_term_string\"}}],\"inLanguage\":\"it-IT\"},{\"@type\":\"Person\",\"@id\":\"https:\\\/\\\/exaudi.org\\\/#\\\/schema\\\/person\\\/c7d223f87e58f1105d044d8da1439102\",\"name\":\"Cardenal Felipe Arizmendi\",\"image\":{\"@type\":\"ImageObject\",\"inLanguage\":\"it-IT\",\"@id\":\"https:\\\/\\\/secure.gravatar.com\\\/avatar\\\/4ffc5520d896b86d39346168903de33a17ef0f23d16de0ff45062c1ff422ed2f?s=96&d=mm&r=g\",\"url\":\"https:\\\/\\\/secure.gravatar.com\\\/avatar\\\/4ffc5520d896b86d39346168903de33a17ef0f23d16de0ff45062c1ff422ed2f?s=96&d=mm&r=g\",\"contentUrl\":\"https:\\\/\\\/secure.gravatar.com\\\/avatar\\\/4ffc5520d896b86d39346168903de33a17ef0f23d16de0ff45062c1ff422ed2f?s=96&d=mm&r=g\",\"caption\":\"Cardenal Felipe Arizmendi\"},\"description\":\"Nacido en Chiltepec el 1 de mayo de 1940. Estudi\u00f3 Humanidades y Filosof\u00eda en el Seminario de Toluca, de 1952 a 1959. Curs\u00f3 la Teolog\u00eda en la Universidad Pontificia de Salamanca, Espa\u00f1a, de 1959 a 1963, obteniendo la licenciatura en Teolog\u00eda Dogm\u00e1tica. Por su cuenta, se especializ\u00f3 en Liturgia. Fue ordenado sacerdote el 25 de agosto de 1963 en Toluca. Sirvi\u00f3 como Vicario Parroquial en tres parroquias por tres a\u00f1os y medio y fue p\u00e1rroco de una comunidad ind\u00edgena otom\u00ed, de 1967 a 1970. Fue Director Espiritual del Seminario de Toluca por diez a\u00f1os, y Rector del mismo de 1981 a 1991. El 7 de marzo de 1991, fue ordenado obispo de la di\u00f3cesis de Tapachula, donde estuvo hasta el 30 de abril del a\u00f1o 2000. El 1 de mayo del 2000, inici\u00f3 su ministerio episcopal como XLVI obispo de la di\u00f3cesis de San Crist\u00f3bal de las Casas, Chiapas, una de las di\u00f3cesis m\u00e1s antiguas de M\u00e9xico, erigida en 1539; all\u00ed sirvi\u00f3 por casi 18 a\u00f1os. Ha ocupado diversos cargos en la Conferencia del Episcopado Mexicano y en el CELAM. El 3 de noviembre de 2017, el Papa Francisco le acept\u00f3, por edad, su renuncia al servicio episcopal en esta di\u00f3cesis, que entreg\u00f3 a su sucesor el 3 de enero de 2018. Desde entonces, reside en la ciudad de Toluca. Desde 1979, escribe art\u00edculos de actualidad en varios medios religiosos y civiles. Es autor de varias publicaciones.\",\"url\":\"https:\\\/\\\/exaudi.org\\\/it\\\/author\\\/felipearizmendi\\\/\"}]}<\/script>\n<!-- \/ Yoast SEO plugin. -->","yoast_head_json":{"title":"Cardinale Arizmendi: Le riforme necessarie &#8211; Exaudi","robots":{"index":"index","follow":"follow","max-snippet":"max-snippet:-1","max-image-preview":"max-image-preview:large","max-video-preview":"max-video-preview:-1"},"canonical":"https:\/\/exaudi.org\/it\/cardinal-arizmendi-the-necessary-reforms\/","og_locale":"it_IT","og_type":"article","og_title":"Cardinale Arizmendi: Le riforme necessarie &#8211; Exaudi","og_description":"Non pretendere semplicemente che gli altri cambino; Analizza prima cosa dovresti cambiare","og_url":"https:\/\/exaudi.org\/cardinal-arizmendi-the-necessary-reforms\/","og_site_name":"Exaudi","article_publisher":"https:\/\/www.facebook.com\/ExaudiNews","article_published_time":"2024-07-10T19:13:24+00:00","article_modified_time":"2024-07-11T19:18:44+00:00","og_image":[{"width":2560,"height":1707,"url":"https:\/\/exaudi.org\/wp-content\/uploads\/2024\/07\/pexels-blue-bird-7218525-scaled.jpg","type":"image\/jpeg"}],"author":"Cardenal Felipe Arizmendi","twitter_card":"summary_large_image","twitter_creator":"@Exaudi_News","twitter_site":"@Exaudi_News","twitter_misc":{"Scritto da":"Cardenal Felipe Arizmendi","Tempo di lettura stimato":"5 minuti"},"schema":{"@context":"https:\/\/schema.org","@graph":[{"@type":"Article","@id":"https:\/\/exaudi.org\/cardinal-arizmendi-the-necessary-reforms\/#article","isPartOf":{"@id":"https:\/\/exaudi.org\/cardinal-arizmendi-the-necessary-reforms\/"},"author":{"name":"Cardenal Felipe Arizmendi","@id":"https:\/\/exaudi.org\/#\/schema\/person\/c7d223f87e58f1105d044d8da1439102"},"headline":"Cardinale Arizmendi: Le riforme necessarie","datePublished":"2024-07-10T19:13:24+00:00","dateModified":"2024-07-11T19:18:44+00:00","mainEntityOfPage":{"@id":"https:\/\/exaudi.org\/cardinal-arizmendi-the-necessary-reforms\/"},"wordCount":924,"image":{"@id":"https:\/\/exaudi.org\/cardinal-arizmendi-the-necessary-reforms\/#primaryimage"},"thumbnailUrl":"https:\/\/exaudi.org\/wp-content\/uploads\/2024\/07\/pexels-blue-bird-7218525-scaled.jpg","keywords":["CAMBIAMENTO PERSONALE","CARDINALE ARIZMENDI","CARDINALE FELIPE ARIZMENDI ESQUIVEL","Chiesa cattolica","Concilio Vaticano II","CONFERENZA DELL'EPISCOPATO MESSICANO","CONVERSIONE PASTORALE","democrazia","dottrina della fede","Evangelii Gaudium","Featured","giustizia","LE RIFORME NECESSARIE","papa francisco","PROGETTO PASTORALE GLOBALE 2 031+2033","RIFORMA GIUDIZIARIA","RIFORME","RINNOVO","sinodalit\u00e0","solidariet\u00e0"],"articleSection":["Voci"],"inLanguage":"it-IT"},{"@type":"WebPage","@id":"https:\/\/exaudi.org\/cardinal-arizmendi-the-necessary-reforms\/","url":"https:\/\/exaudi.org\/cardinal-arizmendi-the-necessary-reforms\/","name":"Cardinale Arizmendi: Le riforme necessarie &#8211; Exaudi","isPartOf":{"@id":"https:\/\/exaudi.org\/#website"},"primaryImageOfPage":{"@id":"https:\/\/exaudi.org\/cardinal-arizmendi-the-necessary-reforms\/#primaryimage"},"image":{"@id":"https:\/\/exaudi.org\/cardinal-arizmendi-the-necessary-reforms\/#primaryimage"},"thumbnailUrl":"https:\/\/exaudi.org\/wp-content\/uploads\/2024\/07\/pexels-blue-bird-7218525-scaled.jpg","datePublished":"2024-07-10T19:13:24+00:00","dateModified":"2024-07-11T19:18:44+00:00","author":{"@id":"https:\/\/exaudi.org\/#\/schema\/person\/c7d223f87e58f1105d044d8da1439102"},"breadcrumb":{"@id":"https:\/\/exaudi.org\/cardinal-arizmendi-the-necessary-reforms\/#breadcrumb"},"inLanguage":"it-IT","potentialAction":[{"@type":"ReadAction","target":["https:\/\/exaudi.org\/cardinal-arizmendi-the-necessary-reforms\/"]}]},{"@type":"ImageObject","inLanguage":"it-IT","@id":"https:\/\/exaudi.org\/cardinal-arizmendi-the-necessary-reforms\/#primaryimage","url":"https:\/\/exaudi.org\/wp-content\/uploads\/2024\/07\/pexels-blue-bird-7218525-scaled.jpg","contentUrl":"https:\/\/exaudi.org\/wp-content\/uploads\/2024\/07\/pexels-blue-bird-7218525-scaled.jpg","width":2560,"height":1707},{"@type":"BreadcrumbList","@id":"https:\/\/exaudi.org\/cardinal-arizmendi-the-necessary-reforms\/#breadcrumb","itemListElement":[{"@type":"ListItem","position":1,"name":"Portada","item":"https:\/\/exaudi.org\/it\/"},{"@type":"ListItem","position":2,"name":"Cardinale Arizmendi: Le riforme necessarie"}]},{"@type":"WebSite","@id":"https:\/\/exaudi.org\/#website","url":"https:\/\/exaudi.org\/","name":"Exaudi","description":"News","potentialAction":[{"@type":"SearchAction","target":{"@type":"EntryPoint","urlTemplate":"https:\/\/exaudi.org\/?s={search_term_string}"},"query-input":{"@type":"PropertyValueSpecification","valueRequired":true,"valueName":"search_term_string"}}],"inLanguage":"it-IT"},{"@type":"Person","@id":"https:\/\/exaudi.org\/#\/schema\/person\/c7d223f87e58f1105d044d8da1439102","name":"Cardenal Felipe Arizmendi","image":{"@type":"ImageObject","inLanguage":"it-IT","@id":"https:\/\/secure.gravatar.com\/avatar\/4ffc5520d896b86d39346168903de33a17ef0f23d16de0ff45062c1ff422ed2f?s=96&d=mm&r=g","url":"https:\/\/secure.gravatar.com\/avatar\/4ffc5520d896b86d39346168903de33a17ef0f23d16de0ff45062c1ff422ed2f?s=96&d=mm&r=g","contentUrl":"https:\/\/secure.gravatar.com\/avatar\/4ffc5520d896b86d39346168903de33a17ef0f23d16de0ff45062c1ff422ed2f?s=96&d=mm&r=g","caption":"Cardenal Felipe Arizmendi"},"description":"Nacido en Chiltepec el 1 de mayo de 1940. Estudi\u00f3 Humanidades y Filosof\u00eda en el Seminario de Toluca, de 1952 a 1959. Curs\u00f3 la Teolog\u00eda en la Universidad Pontificia de Salamanca, Espa\u00f1a, de 1959 a 1963, obteniendo la licenciatura en Teolog\u00eda Dogm\u00e1tica. Por su cuenta, se especializ\u00f3 en Liturgia. Fue ordenado sacerdote el 25 de agosto de 1963 en Toluca. Sirvi\u00f3 como Vicario Parroquial en tres parroquias por tres a\u00f1os y medio y fue p\u00e1rroco de una comunidad ind\u00edgena otom\u00ed, de 1967 a 1970. Fue Director Espiritual del Seminario de Toluca por diez a\u00f1os, y Rector del mismo de 1981 a 1991. El 7 de marzo de 1991, fue ordenado obispo de la di\u00f3cesis de Tapachula, donde estuvo hasta el 30 de abril del a\u00f1o 2000. El 1 de mayo del 2000, inici\u00f3 su ministerio episcopal como XLVI obispo de la di\u00f3cesis de San Crist\u00f3bal de las Casas, Chiapas, una de las di\u00f3cesis m\u00e1s antiguas de M\u00e9xico, erigida en 1539; all\u00ed sirvi\u00f3 por casi 18 a\u00f1os. Ha ocupado diversos cargos en la Conferencia del Episcopado Mexicano y en el CELAM. El 3 de noviembre de 2017, el Papa Francisco le acept\u00f3, por edad, su renuncia al servicio episcopal en esta di\u00f3cesis, que entreg\u00f3 a su sucesor el 3 de enero de 2018. Desde entonces, reside en la ciudad de Toluca. Desde 1979, escribe art\u00edculos de actualidad en varios medios religiosos y civiles. Es autor de varias publicaciones.","url":"https:\/\/exaudi.org\/it\/author\/felipearizmendi\/"}]}},"jetpack_featured_media_url":"https:\/\/exaudi.org\/wp-content\/uploads\/2024\/07\/pexels-blue-bird-7218525-scaled.jpg","jetpack_shortlink":"https:\/\/wp.me\/pgKjF2-rkj","_links":{"self":[{"href":"https:\/\/exaudi.org\/it\/wp-json\/wp\/v2\/posts\/105047","targetHints":{"allow":["GET"]}}],"collection":[{"href":"https:\/\/exaudi.org\/it\/wp-json\/wp\/v2\/posts"}],"about":[{"href":"https:\/\/exaudi.org\/it\/wp-json\/wp\/v2\/types\/post"}],"author":[{"embeddable":true,"href":"https:\/\/exaudi.org\/it\/wp-json\/wp\/v2\/users\/24"}],"replies":[{"embeddable":true,"href":"https:\/\/exaudi.org\/it\/wp-json\/wp\/v2\/comments?post=105047"}],"version-history":[{"count":0,"href":"https:\/\/exaudi.org\/it\/wp-json\/wp\/v2\/posts\/105047\/revisions"}],"wp:featuredmedia":[{"embeddable":true,"href":"https:\/\/exaudi.org\/it\/wp-json\/wp\/v2\/media\/104958"}],"wp:attachment":[{"href":"https:\/\/exaudi.org\/it\/wp-json\/wp\/v2\/media?parent=105047"}],"wp:term":[{"taxonomy":"category","embeddable":true,"href":"https:\/\/exaudi.org\/it\/wp-json\/wp\/v2\/categories?post=105047"},{"taxonomy":"post_tag","embeddable":true,"href":"https:\/\/exaudi.org\/it\/wp-json\/wp\/v2\/tags?post=105047"}],"curies":[{"name":"wp","href":"https:\/\/api.w.org\/{rel}","templated":true}]}}