{"id":104941,"date":"2024-07-10T09:15:12","date_gmt":"2024-07-10T07:15:12","guid":{"rendered":"https:\/\/exaudi.org\/?p=104941"},"modified":"2024-07-10T02:15:45","modified_gmt":"2024-07-10T00:15:45","slug":"case-dellamore-e-del-perdono-ii","status":"publish","type":"post","link":"https:\/\/exaudi.org\/it\/case-dellamore-e-del-perdono-ii\/","title":{"rendered":"\u00abCase dell&#8217;Amore e del Perdono II\u00bb"},"content":{"rendered":"<p>Alcuni pensano che il martirio dei cristiani sia qualcosa che \u00e8 avvenuto solo nei primi secoli della nostra era, dopo il passaggio di Ges\u00f9 Cristo nel mondo. <strong>Tuttavia, l&#8217;odio contro la nostra fede e la sua persecuzione \u2013 da pi\u00f9 di 20 secoli<\/strong> \u2013 dureranno, come \u00e8 scritto, fino alla fine dei tempi.<\/p>\n<p><strong>La buona notizia \u00e8 che siamo cattolici<\/strong> e, quindi, fin da piccoli ci \u00e8 stato insegnato a casa <strong>che dobbiamo perdonare con il cuore<\/strong> se vogliamo essere a nostra volta perdonati da nostro Signore, per raggiungere un giorno la Casa eterna.<\/p>\n<p>Voglio condividere con voi l&#8217;immensa gioia che porta a Enraizados <strong>il lancio del libro \u201cCase d&#8217;amore e di perdono II\u201d.<\/strong><\/p>\n<p>Puoi ottenerlo, sia in <strong>versione cartacea che digitale,<\/strong> <strong>rispettivamente a 15 o 6 euro<\/strong>. E se ti sei perso la prima parte di \u201cCase d&#8217;Amore e di Perdono\u201d, <strong>adesso puoi avere entrambi i volumi a soli 25\u20ac<\/strong>.Se preferisci avere entrambi i libri in <strong>versione digitale<\/strong>, puoi acquistarli anche a <strong>12\u20ac<\/strong>.<\/p>\n<p>La seconda parte del libro <strong>\u201cCase d&#8217;Amore e di Perdono\u201d, delle sorelle Pellicer de Juan, evoca in ogni riga la dedizione dei martiri per amore di Cristo,<\/strong> per raggiungere la Casa, per intravedere il Cielo. Perdonando in vita i loro assassini, hanno onorato il Maestro, ma la cosa pi\u00f9 importante \u00e8 che il seme prezioso che hanno trasmesso con il loro amore \u00e8 germogliato nel <strong>perdono dei loro discendenti ai carnefici.<\/strong><\/p>\n<p><strong>Lourdes Grosso Garc\u00eda, direttrice dell&#8217;Ufficio delle cause dei santi<\/strong> della Conferenza episcopale spagnola, <strong>ha preceduto questo gioiello che racchiude le testimonianze di 23 famiglie<\/strong> \u201ctoccate\u201d dal martirio dei loro cari.<\/p>\n<p>I parenti delle vittime di questo olocausto cristiano <strong>non solo testimoniano i fatti, ma lasciano in eredit\u00e0<\/strong>, per tutti i cattolici, <strong>l&#8217;insegnamento del cammino che tutti dobbiamo seguire<\/strong>.<\/p>\n<p><em>\u201cNella mia famiglia, fin dal primo momento, abbiamo perdonato con tutto il cuore gli assassini non solo del nostro familiare, ma di tutti coloro che hanno dato la vita per Dio\u201d.<\/em><\/p>\n<p><em>\u201c\u00c8, oltre a un obbligo cristiano, il miglior tributo al nostro martire che mor\u00ec perdonando i suoi carnefici\u201d.<\/em><\/p>\n<p><em>\u201cL\u2019odio verso i loro assassini non ci \u00e8 mai stato trasmesso, dovevamo perdonare il nemico come ha fatto Cristo\u201d.<\/em><\/p>\n<p>Questo libro vi porter\u00e0 indietro nel tempo alle<strong> drammatiche vicende subite dai cristiani cattolici massacrati nella Guerra Civile<\/strong>, ma anche alla<strong> bont\u00e0 delle loro vittime e al miracolo dell&#8217;amore<\/strong> che il loro seme ha lasciato nei loro discendenti sotto <strong>forma di perdono.<\/strong><\/p>\n<p>Per acquistare il libro <a href=\"https:\/\/enraizados.org\/hogares-de-amor-y-perdon-ii-ahora-mas-testimonios\/\">segui il seguente link<\/a>.<\/p>\n<p><img loading=\"lazy\" decoding=\"async\" class=\"size-medium wp-image-104914 alignleft\" src=\"https:\/\/exaudi.org\/wp-content\/uploads\/2024\/07\/HAyP-2-200x300.png\" alt=\"\" width=\"200\" height=\"300\" srcset=\"https:\/\/exaudi.org\/wp-content\/uploads\/2024\/07\/HAyP-2-200x300.png 200w, https:\/\/exaudi.org\/wp-content\/uploads\/2024\/07\/HAyP-2-500x751.png 500w, https:\/\/exaudi.org\/wp-content\/uploads\/2024\/07\/HAyP-2-293x440.png 293w, https:\/\/exaudi.org\/wp-content\/uploads\/2024\/07\/HAyP-2-390x586.png 390w, https:\/\/exaudi.org\/wp-content\/uploads\/2024\/07\/HAyP-2.png 504w\" sizes=\"auto, (max-width: 200px) 100vw, 200px\" \/><\/p>\n","protected":false},"excerpt":{"rendered":"<p>Ora altre testimonianze<\/p>\n","protected":false},"author":17,"featured_media":104911,"comment_status":"closed","ping_status":"closed","sticky":false,"template":"","format":"standard","meta":{"_acf_changed":false,"_crdt_document":"","inline_featured_image":false,"footnotes":""},"categories":[73],"tags":[1752,21044,12485,21050,12975,21046,15434,15961,21047,21054,21053,21055,10745,21052,679,21045,21051,21048,21049,21056,21057,10182],"class_list":["post-104941","post","type-post","status-publish","format-standard","has-post-thumbnail","hentry","category-chiesa-e-mondo","tag-amore","tag-amore-e-perdono","tag-associazione-radicata","tag-case-damore-e-perdono-ii","tag-conferenza-episcopale-spagnola","tag-cristiani-radici","tag-fede-cattolica","tag-gentilezza","tag-guerra-civile","tag-il-perdono","tag-lodio-della-fede","tag-la-persecuzione-dei-cristiani","tag-libro-2","tag-lourdes-grosso-garcia-2","tag-martiri","tag-martiziato","tag-olocausto-cristiano","tag-patrimonio-cattolico","tag-suore-pellicer-di-juan","tag-testimonianze","tag-testimonianze-familiari","tag-vittime"],"acf":[],"yoast_head":"<!-- This site is optimized with the Yoast SEO plugin v27.4 - https:\/\/yoast.com\/product\/yoast-seo-wordpress\/ -->\n<title>\u00abCase dell&#039;Amore e del Perdono II\u00bb &#8211; Exaudi<\/title>\n<meta name=\"robots\" content=\"index, follow, max-snippet:-1, max-image-preview:large, max-video-preview:-1\" \/>\n<link rel=\"canonical\" href=\"https:\/\/exaudi.org\/it\/case-dellamore-e-del-perdono-ii\/\" \/>\n<meta property=\"og:locale\" content=\"it_IT\" \/>\n<meta property=\"og:type\" content=\"article\" \/>\n<meta property=\"og:title\" content=\"\u00abCase dell&#039;Amore e del Perdono II\u00bb &#8211; Exaudi\" \/>\n<meta property=\"og:description\" content=\"Ora altre testimonianze\" \/>\n<meta property=\"og:url\" content=\"https:\/\/exaudi.org\/it\/case-dellamore-e-del-perdono-ii\/\" \/>\n<meta property=\"og:site_name\" content=\"Exaudi\" \/>\n<meta property=\"article:publisher\" content=\"https:\/\/www.facebook.com\/ExaudiNews\" \/>\n<meta property=\"article:author\" content=\"https:\/\/www.facebook.com\/ExaudiNotizie\/\" \/>\n<meta property=\"article:published_time\" content=\"2024-07-10T07:15:12+00:00\" \/>\n<meta property=\"og:image\" content=\"https:\/\/exaudi.org\/wp-content\/uploads\/2024\/07\/MINIATURA-WEB-DIVI-14.png\" \/>\n\t<meta property=\"og:image:width\" content=\"1280\" \/>\n\t<meta property=\"og:image:height\" content=\"720\" \/>\n\t<meta property=\"og:image:type\" content=\"image\/png\" \/>\n<meta name=\"author\" content=\"Exaudi Redazione\" \/>\n<meta name=\"twitter:card\" content=\"summary_large_image\" \/>\n<meta name=\"twitter:creator\" content=\"@Exaudi_Notizie\" \/>\n<meta name=\"twitter:site\" content=\"@Exaudi_News\" \/>\n<meta name=\"twitter:label1\" content=\"Scritto da\" \/>\n\t<meta name=\"twitter:data1\" content=\"Exaudi Redazione\" \/>\n\t<meta name=\"twitter:label2\" content=\"Tempo di lettura stimato\" \/>\n\t<meta name=\"twitter:data2\" content=\"2 minuti\" \/>\n<script type=\"application\/ld+json\" class=\"yoast-schema-graph\">{\"@context\":\"https:\\\/\\\/schema.org\",\"@graph\":[{\"@type\":\"Article\",\"@id\":\"https:\\\/\\\/exaudi.org\\\/it\\\/case-dellamore-e-del-perdono-ii\\\/#article\",\"isPartOf\":{\"@id\":\"https:\\\/\\\/exaudi.org\\\/it\\\/case-dellamore-e-del-perdono-ii\\\/\"},\"author\":{\"name\":\"Exaudi Redazione\",\"@id\":\"https:\\\/\\\/exaudi.org\\\/#\\\/schema\\\/person\\\/e1ab6ed07c01774724dd96f925f3a5f0\"},\"headline\":\"\u00abCase dell&#8217;Amore e del Perdono II\u00bb\",\"datePublished\":\"2024-07-10T07:15:12+00:00\",\"mainEntityOfPage\":{\"@id\":\"https:\\\/\\\/exaudi.org\\\/it\\\/case-dellamore-e-del-perdono-ii\\\/\"},\"wordCount\":413,\"image\":{\"@id\":\"https:\\\/\\\/exaudi.org\\\/it\\\/case-dellamore-e-del-perdono-ii\\\/#primaryimage\"},\"thumbnailUrl\":\"https:\\\/\\\/exaudi.org\\\/wp-content\\\/uploads\\\/2024\\\/07\\\/MINIATURA-WEB-DIVI-14.png\",\"keywords\":[\"amore\",\"AMORE E PERDONO\",\"ASSOCIAZIONE RADICATA\",\"CASE D'AMORE E PERDONO II\",\"CONFERENZA EPISCOPALE SPAGNOLA\",\"CRISTIANI RADICI\",\"FEDE CATTOLICA\",\"GENTILEZZA\",\"GUERRA CIVILE\",\"IL PERDONO\",\"L'ODIO DELLA FEDE\",\"LA PERSECUZIONE DEI CRISTIANI\",\"LIBRO\",\"LOURDES GROSSO GARC\u00cdA\",\"martiri\",\"MARTIZIATO\",\"OLOCAUSTO CRISTIANO\",\"PATRIMONIO CATTOLICO\",\"SUORE PELLICER DI JUAN\",\"TESTIMONIANZE\",\"TESTIMONIANZE FAMILIARI\",\"VITTIME\"],\"articleSection\":[\"Chiesa e Mondo\"],\"inLanguage\":\"it-IT\"},{\"@type\":\"WebPage\",\"@id\":\"https:\\\/\\\/exaudi.org\\\/it\\\/case-dellamore-e-del-perdono-ii\\\/\",\"url\":\"https:\\\/\\\/exaudi.org\\\/it\\\/case-dellamore-e-del-perdono-ii\\\/\",\"name\":\"\u00abCase dell'Amore e del Perdono II\u00bb &#8211; Exaudi\",\"isPartOf\":{\"@id\":\"https:\\\/\\\/exaudi.org\\\/#website\"},\"primaryImageOfPage\":{\"@id\":\"https:\\\/\\\/exaudi.org\\\/it\\\/case-dellamore-e-del-perdono-ii\\\/#primaryimage\"},\"image\":{\"@id\":\"https:\\\/\\\/exaudi.org\\\/it\\\/case-dellamore-e-del-perdono-ii\\\/#primaryimage\"},\"thumbnailUrl\":\"https:\\\/\\\/exaudi.org\\\/wp-content\\\/uploads\\\/2024\\\/07\\\/MINIATURA-WEB-DIVI-14.png\",\"datePublished\":\"2024-07-10T07:15:12+00:00\",\"author\":{\"@id\":\"https:\\\/\\\/exaudi.org\\\/#\\\/schema\\\/person\\\/e1ab6ed07c01774724dd96f925f3a5f0\"},\"breadcrumb\":{\"@id\":\"https:\\\/\\\/exaudi.org\\\/it\\\/case-dellamore-e-del-perdono-ii\\\/#breadcrumb\"},\"inLanguage\":\"it-IT\",\"potentialAction\":[{\"@type\":\"ReadAction\",\"target\":[\"https:\\\/\\\/exaudi.org\\\/it\\\/case-dellamore-e-del-perdono-ii\\\/\"]}]},{\"@type\":\"ImageObject\",\"inLanguage\":\"it-IT\",\"@id\":\"https:\\\/\\\/exaudi.org\\\/it\\\/case-dellamore-e-del-perdono-ii\\\/#primaryimage\",\"url\":\"https:\\\/\\\/exaudi.org\\\/wp-content\\\/uploads\\\/2024\\\/07\\\/MINIATURA-WEB-DIVI-14.png\",\"contentUrl\":\"https:\\\/\\\/exaudi.org\\\/wp-content\\\/uploads\\\/2024\\\/07\\\/MINIATURA-WEB-DIVI-14.png\",\"width\":1280,\"height\":720},{\"@type\":\"BreadcrumbList\",\"@id\":\"https:\\\/\\\/exaudi.org\\\/it\\\/case-dellamore-e-del-perdono-ii\\\/#breadcrumb\",\"itemListElement\":[{\"@type\":\"ListItem\",\"position\":1,\"name\":\"Portada\",\"item\":\"https:\\\/\\\/exaudi.org\\\/it\\\/\"},{\"@type\":\"ListItem\",\"position\":2,\"name\":\"\u00abCase dell&#8217;Amore e del Perdono II\u00bb\"}]},{\"@type\":\"WebSite\",\"@id\":\"https:\\\/\\\/exaudi.org\\\/#website\",\"url\":\"https:\\\/\\\/exaudi.org\\\/\",\"name\":\"Exaudi\",\"description\":\"News\",\"potentialAction\":[{\"@type\":\"SearchAction\",\"target\":{\"@type\":\"EntryPoint\",\"urlTemplate\":\"https:\\\/\\\/exaudi.org\\\/?s={search_term_string}\"},\"query-input\":{\"@type\":\"PropertyValueSpecification\",\"valueRequired\":true,\"valueName\":\"search_term_string\"}}],\"inLanguage\":\"it-IT\"},{\"@type\":\"Person\",\"@id\":\"https:\\\/\\\/exaudi.org\\\/#\\\/schema\\\/person\\\/e1ab6ed07c01774724dd96f925f3a5f0\",\"name\":\"Exaudi Redazione\",\"image\":{\"@type\":\"ImageObject\",\"inLanguage\":\"it-IT\",\"@id\":\"https:\\\/\\\/secure.gravatar.com\\\/avatar\\\/ad6774b3ada023bf5b939d64f45c94b3adf91502dd883507d469b4308a943bb3?s=96&d=mm&r=g\",\"url\":\"https:\\\/\\\/secure.gravatar.com\\\/avatar\\\/ad6774b3ada023bf5b939d64f45c94b3adf91502dd883507d469b4308a943bb3?s=96&d=mm&r=g\",\"contentUrl\":\"https:\\\/\\\/secure.gravatar.com\\\/avatar\\\/ad6774b3ada023bf5b939d64f45c94b3adf91502dd883507d469b4308a943bb3?s=96&d=mm&r=g\",\"caption\":\"Exaudi Redazione\"},\"description\":\"Che cosa \u00e8 Exaudi News? Exaudi News \u00e8 un agenzia cattolica internazionale che informa, istruisce e trasforma quotidianamente in spagnolo, inglese e italiano. Attraverso notizie, articoli di analisi e trasmissioni in diretta degli eventi del Papa, Exaudi cerca di rafforzare l'unit\u00e0 dei cristiani e di contribuire all'evangelizzazione del mondo, sempre guidato dalla dottrina sociale della Chiesa. Lavoriamo per portare la verit\u00e0 e i valori cristiani in ogni angolo del pianeta. Aiutaci a trasformare il mondo con Exaudi! Noi di Exaudi crediamo che l'evangelizzazione e l'informazione di qualit\u00e0 possano cambiare la vita. Per continuare la nostra missione ed espandere la nostra portata, abbiamo bisogno del tuo aiuto. Stiamo anche cercando persone motivate che vogliano unirsi al nostro team. Grazie al vostro sostegno raggiungeremo pi\u00f9 persone, diffonderemo il messaggio di Cristo e rafforzeremo l'unit\u00e0 dei cristiani. Vuoi unirti alla nostra missione? Per maggiori informazioni su come contribuire, visita Exaudi.org\\\/it o contattaci direttamente: info@exaudi.org Exaudi: informa, forma e trasforma.\",\"sameAs\":[\"https:\\\/\\\/www.facebook.com\\\/ExaudiNotizie\\\/\",\"https:\\\/\\\/www.instagram.com\\\/Exaudi_notizie\\\/\",\"https:\\\/\\\/x.com\\\/Exaudi_Notizie\",\"https:\\\/\\\/www.youtube.com\\\/@exaudicatholicnews\"],\"url\":\"https:\\\/\\\/exaudi.org\\\/it\\\/author\\\/dlvedi-org\\\/\"}]}<\/script>\n<!-- \/ Yoast SEO plugin. -->","yoast_head_json":{"title":"\u00abCase dell'Amore e del Perdono II\u00bb &#8211; Exaudi","robots":{"index":"index","follow":"follow","max-snippet":"max-snippet:-1","max-image-preview":"max-image-preview:large","max-video-preview":"max-video-preview:-1"},"canonical":"https:\/\/exaudi.org\/it\/case-dellamore-e-del-perdono-ii\/","og_locale":"it_IT","og_type":"article","og_title":"\u00abCase dell'Amore e del Perdono II\u00bb &#8211; Exaudi","og_description":"Ora altre testimonianze","og_url":"https:\/\/exaudi.org\/it\/case-dellamore-e-del-perdono-ii\/","og_site_name":"Exaudi","article_publisher":"https:\/\/www.facebook.com\/ExaudiNews","article_author":"https:\/\/www.facebook.com\/ExaudiNotizie\/","article_published_time":"2024-07-10T07:15:12+00:00","og_image":[{"width":1280,"height":720,"url":"https:\/\/exaudi.org\/wp-content\/uploads\/2024\/07\/MINIATURA-WEB-DIVI-14.png","type":"image\/png"}],"author":"Exaudi Redazione","twitter_card":"summary_large_image","twitter_creator":"@Exaudi_Notizie","twitter_site":"@Exaudi_News","twitter_misc":{"Scritto da":"Exaudi Redazione","Tempo di lettura stimato":"2 minuti"},"schema":{"@context":"https:\/\/schema.org","@graph":[{"@type":"Article","@id":"https:\/\/exaudi.org\/it\/case-dellamore-e-del-perdono-ii\/#article","isPartOf":{"@id":"https:\/\/exaudi.org\/it\/case-dellamore-e-del-perdono-ii\/"},"author":{"name":"Exaudi Redazione","@id":"https:\/\/exaudi.org\/#\/schema\/person\/e1ab6ed07c01774724dd96f925f3a5f0"},"headline":"\u00abCase dell&#8217;Amore e del Perdono II\u00bb","datePublished":"2024-07-10T07:15:12+00:00","mainEntityOfPage":{"@id":"https:\/\/exaudi.org\/it\/case-dellamore-e-del-perdono-ii\/"},"wordCount":413,"image":{"@id":"https:\/\/exaudi.org\/it\/case-dellamore-e-del-perdono-ii\/#primaryimage"},"thumbnailUrl":"https:\/\/exaudi.org\/wp-content\/uploads\/2024\/07\/MINIATURA-WEB-DIVI-14.png","keywords":["amore","AMORE E PERDONO","ASSOCIAZIONE RADICATA","CASE D'AMORE E PERDONO II","CONFERENZA EPISCOPALE SPAGNOLA","CRISTIANI RADICI","FEDE CATTOLICA","GENTILEZZA","GUERRA CIVILE","IL PERDONO","L'ODIO DELLA FEDE","LA PERSECUZIONE DEI CRISTIANI","LIBRO","LOURDES GROSSO GARC\u00cdA","martiri","MARTIZIATO","OLOCAUSTO CRISTIANO","PATRIMONIO CATTOLICO","SUORE PELLICER DI JUAN","TESTIMONIANZE","TESTIMONIANZE FAMILIARI","VITTIME"],"articleSection":["Chiesa e Mondo"],"inLanguage":"it-IT"},{"@type":"WebPage","@id":"https:\/\/exaudi.org\/it\/case-dellamore-e-del-perdono-ii\/","url":"https:\/\/exaudi.org\/it\/case-dellamore-e-del-perdono-ii\/","name":"\u00abCase dell'Amore e del Perdono II\u00bb &#8211; Exaudi","isPartOf":{"@id":"https:\/\/exaudi.org\/#website"},"primaryImageOfPage":{"@id":"https:\/\/exaudi.org\/it\/case-dellamore-e-del-perdono-ii\/#primaryimage"},"image":{"@id":"https:\/\/exaudi.org\/it\/case-dellamore-e-del-perdono-ii\/#primaryimage"},"thumbnailUrl":"https:\/\/exaudi.org\/wp-content\/uploads\/2024\/07\/MINIATURA-WEB-DIVI-14.png","datePublished":"2024-07-10T07:15:12+00:00","author":{"@id":"https:\/\/exaudi.org\/#\/schema\/person\/e1ab6ed07c01774724dd96f925f3a5f0"},"breadcrumb":{"@id":"https:\/\/exaudi.org\/it\/case-dellamore-e-del-perdono-ii\/#breadcrumb"},"inLanguage":"it-IT","potentialAction":[{"@type":"ReadAction","target":["https:\/\/exaudi.org\/it\/case-dellamore-e-del-perdono-ii\/"]}]},{"@type":"ImageObject","inLanguage":"it-IT","@id":"https:\/\/exaudi.org\/it\/case-dellamore-e-del-perdono-ii\/#primaryimage","url":"https:\/\/exaudi.org\/wp-content\/uploads\/2024\/07\/MINIATURA-WEB-DIVI-14.png","contentUrl":"https:\/\/exaudi.org\/wp-content\/uploads\/2024\/07\/MINIATURA-WEB-DIVI-14.png","width":1280,"height":720},{"@type":"BreadcrumbList","@id":"https:\/\/exaudi.org\/it\/case-dellamore-e-del-perdono-ii\/#breadcrumb","itemListElement":[{"@type":"ListItem","position":1,"name":"Portada","item":"https:\/\/exaudi.org\/it\/"},{"@type":"ListItem","position":2,"name":"\u00abCase dell&#8217;Amore e del Perdono II\u00bb"}]},{"@type":"WebSite","@id":"https:\/\/exaudi.org\/#website","url":"https:\/\/exaudi.org\/","name":"Exaudi","description":"News","potentialAction":[{"@type":"SearchAction","target":{"@type":"EntryPoint","urlTemplate":"https:\/\/exaudi.org\/?s={search_term_string}"},"query-input":{"@type":"PropertyValueSpecification","valueRequired":true,"valueName":"search_term_string"}}],"inLanguage":"it-IT"},{"@type":"Person","@id":"https:\/\/exaudi.org\/#\/schema\/person\/e1ab6ed07c01774724dd96f925f3a5f0","name":"Exaudi Redazione","image":{"@type":"ImageObject","inLanguage":"it-IT","@id":"https:\/\/secure.gravatar.com\/avatar\/ad6774b3ada023bf5b939d64f45c94b3adf91502dd883507d469b4308a943bb3?s=96&d=mm&r=g","url":"https:\/\/secure.gravatar.com\/avatar\/ad6774b3ada023bf5b939d64f45c94b3adf91502dd883507d469b4308a943bb3?s=96&d=mm&r=g","contentUrl":"https:\/\/secure.gravatar.com\/avatar\/ad6774b3ada023bf5b939d64f45c94b3adf91502dd883507d469b4308a943bb3?s=96&d=mm&r=g","caption":"Exaudi Redazione"},"description":"Che cosa \u00e8 Exaudi News? Exaudi News \u00e8 un agenzia cattolica internazionale che informa, istruisce e trasforma quotidianamente in spagnolo, inglese e italiano. Attraverso notizie, articoli di analisi e trasmissioni in diretta degli eventi del Papa, Exaudi cerca di rafforzare l'unit\u00e0 dei cristiani e di contribuire all'evangelizzazione del mondo, sempre guidato dalla dottrina sociale della Chiesa. Lavoriamo per portare la verit\u00e0 e i valori cristiani in ogni angolo del pianeta. Aiutaci a trasformare il mondo con Exaudi! Noi di Exaudi crediamo che l'evangelizzazione e l'informazione di qualit\u00e0 possano cambiare la vita. Per continuare la nostra missione ed espandere la nostra portata, abbiamo bisogno del tuo aiuto. Stiamo anche cercando persone motivate che vogliano unirsi al nostro team. Grazie al vostro sostegno raggiungeremo pi\u00f9 persone, diffonderemo il messaggio di Cristo e rafforzeremo l'unit\u00e0 dei cristiani. Vuoi unirti alla nostra missione? Per maggiori informazioni su come contribuire, visita Exaudi.org\/it o contattaci direttamente: info@exaudi.org Exaudi: informa, forma e trasforma.","sameAs":["https:\/\/www.facebook.com\/ExaudiNotizie\/","https:\/\/www.instagram.com\/Exaudi_notizie\/","https:\/\/x.com\/Exaudi_Notizie","https:\/\/www.youtube.com\/@exaudicatholicnews"],"url":"https:\/\/exaudi.org\/it\/author\/dlvedi-org\/"}]}},"jetpack_featured_media_url":"https:\/\/exaudi.org\/wp-content\/uploads\/2024\/07\/MINIATURA-WEB-DIVI-14.png","jetpack_shortlink":"https:\/\/wp.me\/pgKjF2-riB","_links":{"self":[{"href":"https:\/\/exaudi.org\/it\/wp-json\/wp\/v2\/posts\/104941","targetHints":{"allow":["GET"]}}],"collection":[{"href":"https:\/\/exaudi.org\/it\/wp-json\/wp\/v2\/posts"}],"about":[{"href":"https:\/\/exaudi.org\/it\/wp-json\/wp\/v2\/types\/post"}],"author":[{"embeddable":true,"href":"https:\/\/exaudi.org\/it\/wp-json\/wp\/v2\/users\/17"}],"replies":[{"embeddable":true,"href":"https:\/\/exaudi.org\/it\/wp-json\/wp\/v2\/comments?post=104941"}],"version-history":[{"count":0,"href":"https:\/\/exaudi.org\/it\/wp-json\/wp\/v2\/posts\/104941\/revisions"}],"wp:featuredmedia":[{"embeddable":true,"href":"https:\/\/exaudi.org\/it\/wp-json\/wp\/v2\/media\/104911"}],"wp:attachment":[{"href":"https:\/\/exaudi.org\/it\/wp-json\/wp\/v2\/media?parent=104941"}],"wp:term":[{"taxonomy":"category","embeddable":true,"href":"https:\/\/exaudi.org\/it\/wp-json\/wp\/v2\/categories?post=104941"},{"taxonomy":"post_tag","embeddable":true,"href":"https:\/\/exaudi.org\/it\/wp-json\/wp\/v2\/tags?post=104941"}],"curies":[{"name":"wp","href":"https:\/\/api.w.org\/{rel}","templated":true}]}}