{"id":104931,"date":"2024-07-10T08:35:58","date_gmt":"2024-07-10T06:35:58","guid":{"rendered":"https:\/\/exaudi.org\/?p=104931"},"modified":"2024-07-09T22:45:25","modified_gmt":"2024-07-09T20:45:25","slug":"pakistan-appello-disperato-per-un-cristiano-condannato-a-morte","status":"publish","type":"post","link":"https:\/\/exaudi.org\/it\/pakistan-appello-disperato-per-un-cristiano-condannato-a-morte\/","title":{"rendered":"Pakistan: appello disperato per un cristiano condannato a morte"},"content":{"rendered":"<p><em>Monsignor Samson Shurkardin, vescovo di Hyderabad e presidente della Commissione nazionale Giustizia e pace della Chiesa cattolica in Pakistan, si \u00e8 scagliato contro un tribunale per aver emesso una condanna a morte contro un cristiano ritenuto colpevole di blasfemia in relazione a una delle peggiori atrocit\u00e0 .contro le minoranze nella storia del Paese.<\/em><\/p>\n<p>La Corte antiterrorismo di Sahiwal ha ritenuto Ehsan Shan colpevole di blasfemia per aver presumibilmente condiviso contenuti sui social media considerati \u201cun insulto all\u2019Islam e al suo profeta\u201d. Mons. Samson Shukardin, vescovo di Hyderabad e presidente della Conferenza episcopale del Pakistan, ha definito \u201cmolto dolorosa\u201d la sentenza emessa nel caso di Ehsan Shan.<\/p>\n<p>Il giovane poco pi\u00f9 che ventenne, originario di Sahiwal, non \u00e8 stato accusato di dissacrare il <em>Corano<\/em>, ma di aver pubblicato un&#8217;immagine danneggiata del testo sacro. In base a numerosi articoli del codice penale pakistano, Shan \u00e8 stato condannato a 22 anni di \u201crigorosa reclusione\u201d e a una multa di 1 milione di rupie pakistane (circa 3.300 euro). La notizia della scritta profanata ha scatenato una giornata di violenza contro i cristiani a Jaranwala, nella provincia del Punjab, lo scorso agosto, dove pi\u00f9 di 25 chiese sono state bruciate e pi\u00f9 di 80 case cristiane sono state saccheggiate.<\/p>\n<p>In un&#8217;intervista alla fondazione pontificia Aiuto alla Chiesa che Soffre (ACS), mons. Shukardin, che \u00e8 anche presidente della Commissione nazionale Giustizia e Pace (NCJP) della Chiesa cattolica, ha dichiarato: &#8220;Questa decisione \u00e8 molto dolorosa per noi Molte persone si sentono deluse.<\/p>\n<p>Anche padre Khalid Rashid, direttore dell&#8217;NCJP per la diocesi di Faisalabad, ha parlato ad ACS: &#8220;[Il signor Shan] ha condiviso l&#8217;immagine con una persona, ma l&#8217;immagine \u00e8 stata ugualmente condivisa da migliaia e migliaia di persone, compresi funzionari come membri della polizia e il governo, ha detto. [Il signor Shan] \u00e8 sotto accusa. \u00c8 sotto i riflettori. Condanniamo questo verdetto. \u00c8 innocente. Appartiene ad una famiglia molto povera e non ha un alto livello culturale. Ecco perch\u00e9 a volte le persone non capiscono queste cose; non aveva idea che condividere questo contenuto sarebbe stato considerato offensivo. In quei giorni [<a href=\"https:\/\/acninternational.org\/es\/pakistan-exodo-masivo-turbas-queman-iglesias-y-casas\/\">dopo l\u2019atrocit\u00e0 di Jaranwala lo scorso agosto<\/a>] tutti condivisero la notizia.<\/p>\n<p>Padre Rashid spiega che il tribunale antiterrorismo di Sahiwal ha subito pressioni per emettere un verdetto di colpevolezza: &#8220;Questa sentenza \u00e8 stata emessa a causa di terroristi, estremisti e altri gruppi fondamentalisti che hanno minacciato il giudice ed \u00e8 per questo che ha emesso questo tipo di sentenza&#8221;.<\/p>\n<p>Il sacerdote ha commentato che la corte ha affrettato la decisione, sostenendo che si trattava di un segno di indebite pressioni. Padre Rashid afferma che lui e gli avvocati, con i quali lavora a stretto contatto, presenteranno ricorso all&#8217;Alta Corte di Lahore.<\/p>\n<p>La sentenza della Corte antiterrorismo di Sahiwal contro Shan \u00e8 arrivata nel contesto di un chiaro peggioramento della persecuzione contro i cristiani e altre minoranze in Pakistan. L\u2019incendio di massa delle chiese nel distretto di Jaranwala nell\u2019agosto 2023 ha scatenato minacce di violenza contro i cristiani nella citt\u00e0 punjabi di Sargodha, dove una folla di migliaia di persone si \u00e8 scatenata lo scorso maggio in risposta a un\u2019accusa di blasfemia. Hanno linciato Nazir Gill Masih, un uomo di Sargodha di 73 anni, che in seguito \u00e8 morto a causa delle ferite riportate. A quel punto, i cristiani terrorizzati di Sargodha erano fuggiti in massa dalla citt\u00e0.<\/p>\n<p>&#8220;Le minoranze soffrono sempre di pi\u00f9. Le minoranze hanno paura e non si sentono a proprio agio. Hanno paura di parlare in pubblico&#8221;, ha affermato mons. Shukardin.<\/p>\n<figure id=\"attachment_104878\" aria-describedby=\"caption-attachment-104878\" style=\"width: 300px\" class=\"wp-caption alignright\"><img loading=\"lazy\" decoding=\"async\" class=\"size-medium wp-image-104878\" src=\"https:\/\/exaudi.org\/wp-content\/uploads\/2024\/07\/ACN-20230906-152717-300x200.jpg\" alt=\"\" width=\"300\" height=\"200\" srcset=\"https:\/\/exaudi.org\/wp-content\/uploads\/2024\/07\/ACN-20230906-152717-300x200.jpg 300w, https:\/\/exaudi.org\/wp-content\/uploads\/2024\/07\/ACN-20230906-152717-360x240.jpg?crop=1 360w, https:\/\/exaudi.org\/wp-content\/uploads\/2024\/07\/ACN-20230906-152717-500x333.jpg 500w, https:\/\/exaudi.org\/wp-content\/uploads\/2024\/07\/ACN-20230906-152717-370x247.jpg 370w, https:\/\/exaudi.org\/wp-content\/uploads\/2024\/07\/ACN-20230906-152717-293x195.jpg 293w, https:\/\/exaudi.org\/wp-content\/uploads\/2024\/07\/ACN-20230906-152717-120x80.jpg 120w, https:\/\/exaudi.org\/wp-content\/uploads\/2024\/07\/ACN-20230906-152717-240x160.jpg 240w, https:\/\/exaudi.org\/wp-content\/uploads\/2024\/07\/ACN-20230906-152717-390x260.jpg 390w, https:\/\/exaudi.org\/wp-content\/uploads\/2024\/07\/ACN-20230906-152717.jpg 700w\" sizes=\"auto, (max-width: 300px) 100vw, 300px\" \/><figcaption id=\"caption-attachment-104878\" class=\"wp-caption-text\"><em>Vittime di Jaranwala &#8211; case e mobili bruciati per strada &#8211; la foto \u00e8 stata scattata da una suora della congregazione delle Figlie di San Paolo della diocesi di Islamabad-Rawalpindi. Aiutano anche le vittime dell&#8217;attacco.<\/em><br \/><em>FINO a 15 edifici ecclesiastici sono stati attaccati e centinaia di case cristiane sono state distrutte dopo che gli estremisti si sono scatenati. L&#8217;episodio fa seguito all&#8217;accusa di blasfemia nei confronti di una donna delle pulizie cristiana, accusata di aver profanato il Corano e di aver insultato il profeta dell&#8217;Islam.<\/em><br \/><em>Esodo di massa mentre la folla brucia chiese e case a Jaranwala, Pakistan, agosto 2023<\/em><\/figcaption><\/figure>\n<p>Il mese scorso, anche due musulmani sono stati uccisi a colpi di arma da fuoco nel distretto punjabi di Mandi Bahauddin. \u00c8 stato affermato che i responsabili appartenevano a Tehreek-e-Labbaik (TLP), un gruppo politico e religioso radicale legato alle violenze a Jaranwala e Sargodha. Mons. Shukardin spiega che anche i musulmani vengono accusati di blasfemia, ma ci\u00f2 che rende queste accuse molto peggiori per i cristiani \u00e8 che quando vengono accusati non vengono attaccati solo i singoli individui, ma le loro famiglie e intere comunit\u00e0. Il vescovo sottolinea inoltre che, a differenza del caso intentato contro Shan, non vi sono state condanne contro le persone coinvolte negli attacchi contro i cristiani a Sargodha e Jaranwala.<\/p>\n<p>L&#8217;avvocato Akmal Bhatti, presidente della Minority Alliance, ha dichiarato che solo una dozzina delle 135 persone denunciate dalle autorit\u00e0 per l&#8217;atrocit\u00e0 di Jaranwala sono sotto processo.<\/p>\n<p>\u201cUno dei nostri cristiani \u00e8 stato condannato a morte ingiustamente, mentre agli altri accusati di crimini contro le chiese e le case cristiane non \u00e8 successo nulla. Invece queste persone vengono lentamente rilasciate\u201d dice mons. Shukardin. Padre Khalid Rashid ha inoltre invitato la comunit\u00e0 internazionale a chiedere giustizia: \u201cLe grandi ONG internazionali e le organizzazioni per i diritti umani devono pronunciarsi e dire qualcosa contro questa decisione. Ci\u00f2 avrebbe un grande impatto sul governo\u201d.<\/p>\n","protected":false},"excerpt":{"rendered":"<p>Monsignor Samson Shurkardin, vescovo di Hyderabad e presidente della Commissione nazionale Giustizia e pace della Chiesa cattolica in Pakistan, si \u00e8 scagliato contro un tribunale per aver emesso una condanna a morte contro un cristiano ritenuto colpevole di blasfemia in relazione a una delle peggiori atrocit\u00e0 .contro le minoranze nella storia del Paese. La Corte [&hellip;]<\/p>\n","protected":false},"author":89,"featured_media":104875,"comment_status":"closed","ping_status":"closed","sticky":false,"template":"","format":"standard","meta":{"_acf_changed":false,"_crdt_document":"","inline_featured_image":false,"footnotes":""},"categories":[73],"tags":[15567,1813,21019,1466,21020,21021,1814,21022,4952,21023,21024],"class_list":["post-104931","post","type-post","status-publish","format-standard","has-post-thumbnail","hentry","category-chiesa-e-mondo","tag-aiuto-alla-chiesa-che-soffre-acs","tag-blasfemia","tag-cristiano-condannato","tag-diritti-umani","tag-ehsan-shan-2","tag-monsignor-samson-shukardin","tag-pakistan-it","tag-persecuzione-dei-cristiani","tag-trending-it","tag-tribunale-antiterrorismo-sahiwal","tag-violenza-a-jaranwala"],"acf":[],"yoast_head":"<!-- This site is optimized with the Yoast SEO plugin v27.5 - https:\/\/yoast.com\/product\/yoast-seo-wordpress\/ -->\n<title>Pakistan: appello disperato per un cristiano condannato a morte &#8211; Exaudi<\/title>\n<meta name=\"robots\" content=\"index, follow, max-snippet:-1, max-image-preview:large, max-video-preview:-1\" \/>\n<link rel=\"canonical\" href=\"https:\/\/exaudi.org\/it\/pakistan-appello-disperato-per-un-cristiano-condannato-a-morte\/\" \/>\n<meta property=\"og:locale\" content=\"it_IT\" \/>\n<meta property=\"og:type\" content=\"article\" \/>\n<meta property=\"og:title\" content=\"Pakistan: appello disperato per un cristiano condannato a morte &#8211; Exaudi\" \/>\n<meta property=\"og:description\" content=\"Monsignor Samson Shurkardin, vescovo di Hyderabad e presidente della Commissione nazionale Giustizia e pace della Chiesa cattolica in Pakistan, si \u00e8 scagliato contro un tribunale per aver emesso una condanna a morte contro un cristiano ritenuto colpevole di blasfemia in relazione a una delle peggiori atrocit\u00e0 .contro le minoranze nella storia del Paese. La Corte [&hellip;]\" \/>\n<meta property=\"og:url\" content=\"https:\/\/exaudi.org\/it\/pakistan-appello-disperato-per-un-cristiano-condannato-a-morte\/\" \/>\n<meta property=\"og:site_name\" content=\"Exaudi\" \/>\n<meta property=\"article:publisher\" content=\"https:\/\/www.facebook.com\/ExaudiNews\" \/>\n<meta property=\"article:author\" content=\"https:\/\/www.facebook.com\/ayudaalaiglesianecesitada\/?ref=ts\" \/>\n<meta property=\"article:published_time\" content=\"2024-07-10T06:35:58+00:00\" \/>\n<meta property=\"og:image\" content=\"https:\/\/exaudi.org\/wp-content\/uploads\/2024\/07\/ACN-20230505-145500-scaled.jpg\" \/>\n\t<meta property=\"og:image:width\" content=\"2560\" \/>\n\t<meta property=\"og:image:height\" content=\"1707\" \/>\n\t<meta property=\"og:image:type\" content=\"image\/jpeg\" \/>\n<meta name=\"author\" content=\"Ayuda a la Iglesia Necesitada\" \/>\n<meta name=\"twitter:card\" content=\"summary_large_image\" \/>\n<meta name=\"twitter:creator\" content=\"@https:\/\/x.com\/AyudaIglesNeces\" \/>\n<meta name=\"twitter:site\" content=\"@Exaudi_News\" \/>\n<meta name=\"twitter:label1\" content=\"Scritto da\" \/>\n\t<meta name=\"twitter:data1\" content=\"Ayuda a la Iglesia Necesitada\" \/>\n\t<meta name=\"twitter:label2\" content=\"Tempo di lettura stimato\" \/>\n\t<meta name=\"twitter:data2\" content=\"4 minuti\" \/>\n<script type=\"application\/ld+json\" class=\"yoast-schema-graph\">{\"@context\":\"https:\\\/\\\/schema.org\",\"@graph\":[{\"@type\":\"Article\",\"@id\":\"https:\\\/\\\/exaudi.org\\\/it\\\/pakistan-appello-disperato-per-un-cristiano-condannato-a-morte\\\/#article\",\"isPartOf\":{\"@id\":\"https:\\\/\\\/exaudi.org\\\/it\\\/pakistan-appello-disperato-per-un-cristiano-condannato-a-morte\\\/\"},\"author\":{\"name\":\"Ayuda a la Iglesia Necesitada\",\"@id\":\"https:\\\/\\\/exaudi.org\\\/#\\\/schema\\\/person\\\/d4906ab3b6c174ffe37d722c51c73317\"},\"headline\":\"Pakistan: appello disperato per un cristiano condannato a morte\",\"datePublished\":\"2024-07-10T06:35:58+00:00\",\"mainEntityOfPage\":{\"@id\":\"https:\\\/\\\/exaudi.org\\\/it\\\/pakistan-appello-disperato-per-un-cristiano-condannato-a-morte\\\/\"},\"wordCount\":897,\"image\":{\"@id\":\"https:\\\/\\\/exaudi.org\\\/it\\\/pakistan-appello-disperato-per-un-cristiano-condannato-a-morte\\\/#primaryimage\"},\"thumbnailUrl\":\"https:\\\/\\\/exaudi.org\\\/wp-content\\\/uploads\\\/2024\\\/07\\\/ACN-20230505-145500-scaled.jpg\",\"keywords\":[\"AIUTO ALLA CHIESA CHE SOFFRE (ACS)\",\"blasfemia\",\"CRISTIANO CONDANNATO\",\"diritti umani\",\"EHSAN SHAN\",\"MONSIGNOR SAMSON SHUKARDIN\",\"pakistan\",\"PERSECUZIONE DEI CRISTIANI\",\"Trending\",\"TRIBUNALE ANTITERRORISMO SAHIWAL\",\"VIOLENZA A JARANWALA\"],\"articleSection\":[\"Chiesa e Mondo\"],\"inLanguage\":\"it-IT\"},{\"@type\":\"WebPage\",\"@id\":\"https:\\\/\\\/exaudi.org\\\/it\\\/pakistan-appello-disperato-per-un-cristiano-condannato-a-morte\\\/\",\"url\":\"https:\\\/\\\/exaudi.org\\\/it\\\/pakistan-appello-disperato-per-un-cristiano-condannato-a-morte\\\/\",\"name\":\"Pakistan: appello disperato per un cristiano condannato a morte &#8211; Exaudi\",\"isPartOf\":{\"@id\":\"https:\\\/\\\/exaudi.org\\\/#website\"},\"primaryImageOfPage\":{\"@id\":\"https:\\\/\\\/exaudi.org\\\/it\\\/pakistan-appello-disperato-per-un-cristiano-condannato-a-morte\\\/#primaryimage\"},\"image\":{\"@id\":\"https:\\\/\\\/exaudi.org\\\/it\\\/pakistan-appello-disperato-per-un-cristiano-condannato-a-morte\\\/#primaryimage\"},\"thumbnailUrl\":\"https:\\\/\\\/exaudi.org\\\/wp-content\\\/uploads\\\/2024\\\/07\\\/ACN-20230505-145500-scaled.jpg\",\"datePublished\":\"2024-07-10T06:35:58+00:00\",\"author\":{\"@id\":\"https:\\\/\\\/exaudi.org\\\/#\\\/schema\\\/person\\\/d4906ab3b6c174ffe37d722c51c73317\"},\"breadcrumb\":{\"@id\":\"https:\\\/\\\/exaudi.org\\\/it\\\/pakistan-appello-disperato-per-un-cristiano-condannato-a-morte\\\/#breadcrumb\"},\"inLanguage\":\"it-IT\",\"potentialAction\":[{\"@type\":\"ReadAction\",\"target\":[\"https:\\\/\\\/exaudi.org\\\/it\\\/pakistan-appello-disperato-per-un-cristiano-condannato-a-morte\\\/\"]}]},{\"@type\":\"ImageObject\",\"inLanguage\":\"it-IT\",\"@id\":\"https:\\\/\\\/exaudi.org\\\/it\\\/pakistan-appello-disperato-per-un-cristiano-condannato-a-morte\\\/#primaryimage\",\"url\":\"https:\\\/\\\/exaudi.org\\\/wp-content\\\/uploads\\\/2024\\\/07\\\/ACN-20230505-145500-scaled.jpg\",\"contentUrl\":\"https:\\\/\\\/exaudi.org\\\/wp-content\\\/uploads\\\/2024\\\/07\\\/ACN-20230505-145500-scaled.jpg\",\"width\":2560,\"height\":1707,\"caption\":\"Bishop Samson Shukardin blessing children. Community from the hostel for the local school from the Kutchi Kholi ethnic group, belonging to St John the Baptist parish.\"},{\"@type\":\"BreadcrumbList\",\"@id\":\"https:\\\/\\\/exaudi.org\\\/it\\\/pakistan-appello-disperato-per-un-cristiano-condannato-a-morte\\\/#breadcrumb\",\"itemListElement\":[{\"@type\":\"ListItem\",\"position\":1,\"name\":\"Portada\",\"item\":\"https:\\\/\\\/exaudi.org\\\/it\\\/\"},{\"@type\":\"ListItem\",\"position\":2,\"name\":\"Pakistan: appello disperato per un cristiano condannato a morte\"}]},{\"@type\":\"WebSite\",\"@id\":\"https:\\\/\\\/exaudi.org\\\/#website\",\"url\":\"https:\\\/\\\/exaudi.org\\\/\",\"name\":\"Exaudi\",\"description\":\"News\",\"potentialAction\":[{\"@type\":\"SearchAction\",\"target\":{\"@type\":\"EntryPoint\",\"urlTemplate\":\"https:\\\/\\\/exaudi.org\\\/?s={search_term_string}\"},\"query-input\":{\"@type\":\"PropertyValueSpecification\",\"valueRequired\":true,\"valueName\":\"search_term_string\"}}],\"inLanguage\":\"it-IT\"},{\"@type\":\"Person\",\"@id\":\"https:\\\/\\\/exaudi.org\\\/#\\\/schema\\\/person\\\/d4906ab3b6c174ffe37d722c51c73317\",\"name\":\"Ayuda a la Iglesia Necesitada\",\"image\":{\"@type\":\"ImageObject\",\"inLanguage\":\"it-IT\",\"@id\":\"https:\\\/\\\/secure.gravatar.com\\\/avatar\\\/18b646e6575a46729bc25d1c374d5965acb9854728a2929ada390e85905160db?s=96&d=mm&r=g\",\"url\":\"https:\\\/\\\/secure.gravatar.com\\\/avatar\\\/18b646e6575a46729bc25d1c374d5965acb9854728a2929ada390e85905160db?s=96&d=mm&r=g\",\"contentUrl\":\"https:\\\/\\\/secure.gravatar.com\\\/avatar\\\/18b646e6575a46729bc25d1c374d5965acb9854728a2929ada390e85905160db?s=96&d=mm&r=g\",\"caption\":\"Ayuda a la Iglesia Necesitada\"},\"description\":\"Ayuda a la Iglesia Necesitada (ACN) es la Fundaci\u00f3n Pontificia que apoya a la Iglesia cat\u00f3lica en su labor evangelizadora en las comunidades m\u00e1s necesitadas, discriminadas y perseguidas del mundo. Cada a\u00f1o, ACN financia m\u00e1s de 5.000 proyectos pastorales y de emergencia humanitaria en m\u00e1s de 130 pa\u00edses. Cuenta con m\u00e1s de 20 oficinas en el mundo (en Espa\u00f1a desde 1965), dedicadas a informar sobre la realidad de estos cristianos; al fomento de la oraci\u00f3n, y a la recaudaci\u00f3n de fondos para la cobertura de proyectos. El 100% de los proyectos que desarrolla ACN se sostienen gracias a los donativos de personas f\u00edsicas u organizaciones que valoran la labor de la Iglesia en el mundo. La Fundaci\u00f3n no recibe subvenciones de organismos p\u00fablicos.\",\"sameAs\":[\"https:\\\/\\\/www.facebook.com\\\/ayudaalaiglesianecesitada\\\/?ref=ts\",\"https:\\\/\\\/www.instagram.com\\\/ayudaiglesianecesitada\\\/\",\"https:\\\/\\\/x.com\\\/https:\\\/\\\/x.com\\\/AyudaIglesNeces\",\"https:\\\/\\\/www.youtube.com\\\/user\\\/AINorg\"],\"url\":\"https:\\\/\\\/exaudi.org\\\/it\\\/author\\\/ayudaalaiglesianecesitada\\\/\"}]}<\/script>\n<!-- \/ Yoast SEO plugin. -->","yoast_head_json":{"title":"Pakistan: appello disperato per un cristiano condannato a morte &#8211; Exaudi","robots":{"index":"index","follow":"follow","max-snippet":"max-snippet:-1","max-image-preview":"max-image-preview:large","max-video-preview":"max-video-preview:-1"},"canonical":"https:\/\/exaudi.org\/it\/pakistan-appello-disperato-per-un-cristiano-condannato-a-morte\/","og_locale":"it_IT","og_type":"article","og_title":"Pakistan: appello disperato per un cristiano condannato a morte &#8211; Exaudi","og_description":"Monsignor Samson Shurkardin, vescovo di Hyderabad e presidente della Commissione nazionale Giustizia e pace della Chiesa cattolica in Pakistan, si \u00e8 scagliato contro un tribunale per aver emesso una condanna a morte contro un cristiano ritenuto colpevole di blasfemia in relazione a una delle peggiori atrocit\u00e0 .contro le minoranze nella storia del Paese. La Corte [&hellip;]","og_url":"https:\/\/exaudi.org\/it\/pakistan-appello-disperato-per-un-cristiano-condannato-a-morte\/","og_site_name":"Exaudi","article_publisher":"https:\/\/www.facebook.com\/ExaudiNews","article_author":"https:\/\/www.facebook.com\/ayudaalaiglesianecesitada\/?ref=ts","article_published_time":"2024-07-10T06:35:58+00:00","og_image":[{"width":2560,"height":1707,"url":"https:\/\/exaudi.org\/wp-content\/uploads\/2024\/07\/ACN-20230505-145500-scaled.jpg","type":"image\/jpeg"}],"author":"Ayuda a la Iglesia Necesitada","twitter_card":"summary_large_image","twitter_creator":"@https:\/\/x.com\/AyudaIglesNeces","twitter_site":"@Exaudi_News","twitter_misc":{"Scritto da":"Ayuda a la Iglesia Necesitada","Tempo di lettura stimato":"4 minuti"},"schema":{"@context":"https:\/\/schema.org","@graph":[{"@type":"Article","@id":"https:\/\/exaudi.org\/it\/pakistan-appello-disperato-per-un-cristiano-condannato-a-morte\/#article","isPartOf":{"@id":"https:\/\/exaudi.org\/it\/pakistan-appello-disperato-per-un-cristiano-condannato-a-morte\/"},"author":{"name":"Ayuda a la Iglesia Necesitada","@id":"https:\/\/exaudi.org\/#\/schema\/person\/d4906ab3b6c174ffe37d722c51c73317"},"headline":"Pakistan: appello disperato per un cristiano condannato a morte","datePublished":"2024-07-10T06:35:58+00:00","mainEntityOfPage":{"@id":"https:\/\/exaudi.org\/it\/pakistan-appello-disperato-per-un-cristiano-condannato-a-morte\/"},"wordCount":897,"image":{"@id":"https:\/\/exaudi.org\/it\/pakistan-appello-disperato-per-un-cristiano-condannato-a-morte\/#primaryimage"},"thumbnailUrl":"https:\/\/exaudi.org\/wp-content\/uploads\/2024\/07\/ACN-20230505-145500-scaled.jpg","keywords":["AIUTO ALLA CHIESA CHE SOFFRE (ACS)","blasfemia","CRISTIANO CONDANNATO","diritti umani","EHSAN SHAN","MONSIGNOR SAMSON SHUKARDIN","pakistan","PERSECUZIONE DEI CRISTIANI","Trending","TRIBUNALE ANTITERRORISMO SAHIWAL","VIOLENZA A JARANWALA"],"articleSection":["Chiesa e Mondo"],"inLanguage":"it-IT"},{"@type":"WebPage","@id":"https:\/\/exaudi.org\/it\/pakistan-appello-disperato-per-un-cristiano-condannato-a-morte\/","url":"https:\/\/exaudi.org\/it\/pakistan-appello-disperato-per-un-cristiano-condannato-a-morte\/","name":"Pakistan: appello disperato per un cristiano condannato a morte &#8211; Exaudi","isPartOf":{"@id":"https:\/\/exaudi.org\/#website"},"primaryImageOfPage":{"@id":"https:\/\/exaudi.org\/it\/pakistan-appello-disperato-per-un-cristiano-condannato-a-morte\/#primaryimage"},"image":{"@id":"https:\/\/exaudi.org\/it\/pakistan-appello-disperato-per-un-cristiano-condannato-a-morte\/#primaryimage"},"thumbnailUrl":"https:\/\/exaudi.org\/wp-content\/uploads\/2024\/07\/ACN-20230505-145500-scaled.jpg","datePublished":"2024-07-10T06:35:58+00:00","author":{"@id":"https:\/\/exaudi.org\/#\/schema\/person\/d4906ab3b6c174ffe37d722c51c73317"},"breadcrumb":{"@id":"https:\/\/exaudi.org\/it\/pakistan-appello-disperato-per-un-cristiano-condannato-a-morte\/#breadcrumb"},"inLanguage":"it-IT","potentialAction":[{"@type":"ReadAction","target":["https:\/\/exaudi.org\/it\/pakistan-appello-disperato-per-un-cristiano-condannato-a-morte\/"]}]},{"@type":"ImageObject","inLanguage":"it-IT","@id":"https:\/\/exaudi.org\/it\/pakistan-appello-disperato-per-un-cristiano-condannato-a-morte\/#primaryimage","url":"https:\/\/exaudi.org\/wp-content\/uploads\/2024\/07\/ACN-20230505-145500-scaled.jpg","contentUrl":"https:\/\/exaudi.org\/wp-content\/uploads\/2024\/07\/ACN-20230505-145500-scaled.jpg","width":2560,"height":1707,"caption":"Bishop Samson Shukardin blessing children. Community from the hostel for the local school from the Kutchi Kholi ethnic group, belonging to St John the Baptist parish."},{"@type":"BreadcrumbList","@id":"https:\/\/exaudi.org\/it\/pakistan-appello-disperato-per-un-cristiano-condannato-a-morte\/#breadcrumb","itemListElement":[{"@type":"ListItem","position":1,"name":"Portada","item":"https:\/\/exaudi.org\/it\/"},{"@type":"ListItem","position":2,"name":"Pakistan: appello disperato per un cristiano condannato a morte"}]},{"@type":"WebSite","@id":"https:\/\/exaudi.org\/#website","url":"https:\/\/exaudi.org\/","name":"Exaudi","description":"News","potentialAction":[{"@type":"SearchAction","target":{"@type":"EntryPoint","urlTemplate":"https:\/\/exaudi.org\/?s={search_term_string}"},"query-input":{"@type":"PropertyValueSpecification","valueRequired":true,"valueName":"search_term_string"}}],"inLanguage":"it-IT"},{"@type":"Person","@id":"https:\/\/exaudi.org\/#\/schema\/person\/d4906ab3b6c174ffe37d722c51c73317","name":"Ayuda a la Iglesia Necesitada","image":{"@type":"ImageObject","inLanguage":"it-IT","@id":"https:\/\/secure.gravatar.com\/avatar\/18b646e6575a46729bc25d1c374d5965acb9854728a2929ada390e85905160db?s=96&d=mm&r=g","url":"https:\/\/secure.gravatar.com\/avatar\/18b646e6575a46729bc25d1c374d5965acb9854728a2929ada390e85905160db?s=96&d=mm&r=g","contentUrl":"https:\/\/secure.gravatar.com\/avatar\/18b646e6575a46729bc25d1c374d5965acb9854728a2929ada390e85905160db?s=96&d=mm&r=g","caption":"Ayuda a la Iglesia Necesitada"},"description":"Ayuda a la Iglesia Necesitada (ACN) es la Fundaci\u00f3n Pontificia que apoya a la Iglesia cat\u00f3lica en su labor evangelizadora en las comunidades m\u00e1s necesitadas, discriminadas y perseguidas del mundo. Cada a\u00f1o, ACN financia m\u00e1s de 5.000 proyectos pastorales y de emergencia humanitaria en m\u00e1s de 130 pa\u00edses. Cuenta con m\u00e1s de 20 oficinas en el mundo (en Espa\u00f1a desde 1965), dedicadas a informar sobre la realidad de estos cristianos; al fomento de la oraci\u00f3n, y a la recaudaci\u00f3n de fondos para la cobertura de proyectos. El 100% de los proyectos que desarrolla ACN se sostienen gracias a los donativos de personas f\u00edsicas u organizaciones que valoran la labor de la Iglesia en el mundo. La Fundaci\u00f3n no recibe subvenciones de organismos p\u00fablicos.","sameAs":["https:\/\/www.facebook.com\/ayudaalaiglesianecesitada\/?ref=ts","https:\/\/www.instagram.com\/ayudaiglesianecesitada\/","https:\/\/x.com\/https:\/\/x.com\/AyudaIglesNeces","https:\/\/www.youtube.com\/user\/AINorg"],"url":"https:\/\/exaudi.org\/it\/author\/ayudaalaiglesianecesitada\/"}]}},"jetpack_featured_media_url":"https:\/\/exaudi.org\/wp-content\/uploads\/2024\/07\/ACN-20230505-145500-scaled.jpg","jetpack_shortlink":"https:\/\/wp.me\/pgKjF2-rir","_links":{"self":[{"href":"https:\/\/exaudi.org\/it\/wp-json\/wp\/v2\/posts\/104931","targetHints":{"allow":["GET"]}}],"collection":[{"href":"https:\/\/exaudi.org\/it\/wp-json\/wp\/v2\/posts"}],"about":[{"href":"https:\/\/exaudi.org\/it\/wp-json\/wp\/v2\/types\/post"}],"author":[{"embeddable":true,"href":"https:\/\/exaudi.org\/it\/wp-json\/wp\/v2\/users\/89"}],"replies":[{"embeddable":true,"href":"https:\/\/exaudi.org\/it\/wp-json\/wp\/v2\/comments?post=104931"}],"version-history":[{"count":0,"href":"https:\/\/exaudi.org\/it\/wp-json\/wp\/v2\/posts\/104931\/revisions"}],"wp:featuredmedia":[{"embeddable":true,"href":"https:\/\/exaudi.org\/it\/wp-json\/wp\/v2\/media\/104875"}],"wp:attachment":[{"href":"https:\/\/exaudi.org\/it\/wp-json\/wp\/v2\/media?parent=104931"}],"wp:term":[{"taxonomy":"category","embeddable":true,"href":"https:\/\/exaudi.org\/it\/wp-json\/wp\/v2\/categories?post=104931"},{"taxonomy":"post_tag","embeddable":true,"href":"https:\/\/exaudi.org\/it\/wp-json\/wp\/v2\/tags?post=104931"}],"curies":[{"name":"wp","href":"https:\/\/api.w.org\/{rel}","templated":true}]}}