{"id":104760,"date":"2024-07-07T19:35:34","date_gmt":"2024-07-07T17:35:34","guid":{"rendered":"https:\/\/exaudi.org\/?p=104760"},"modified":"2024-07-07T19:35:34","modified_gmt":"2024-07-07T17:35:34","slug":"papa-francesco-non-possiamo-accontentarci-di-una-fede-marginale-o-privata","status":"publish","type":"post","link":"https:\/\/exaudi.org\/it\/papa-francesco-non-possiamo-accontentarci-di-una-fede-marginale-o-privata\/","title":{"rendered":"Papa Francesco: \u201cNon possiamo accontentarci di una fede marginale o privata\u201d"},"content":{"rendered":"<p>Guarire i cuori e mettere in pratica la creativit\u00e0 con la partecipazione politica.<\/p>\n<p>Dopo essere decollato questa mattina alle 6.30 dall&#8217;eliporto vaticano diretto a Trieste, dove \u00e8 arrivato dopo un&#8217;ora e mezza di volo, il Santo Padre ha tenuto alle ore 8.30 presso il Centro Congressi della citt\u00e0 italiana il suo primo incontro pubblico con i partecipanti alla sessione di chiusura della 50a Settimana Sociale dei Cattolici d&#8217;Italia.<\/p>\n<p><strong>Una Chiesa sensibile ai cambiamenti della societ\u00e0<\/strong><\/p>\n<p>Nel suo discorso, Papa Francesco ha esordito ringraziando i vescovi e le autorit\u00e0 per l&#8217;invito e ha evidenziato la storia di queste &#8220;Settimane&#8221;, che \u201csi intreccia \u2013 ha detto \u2013 con la storia dell&#8217;Italia, e questo gi\u00e0 dice molto: parla di una Chiesa sensibile ai cambiamenti della societ\u00e0 e impegnata a contribuire al bene comune\u201d.<\/p>\n<p style=\"text-align: center\">\u201cDa questa esperienza hai voluto approfondire un tema di grande attualit\u00e0: &#8216;Al cuore della democrazia. Partecipare tra storia e futuro&#8217;\u201d<\/p>\n<p><img loading=\"lazy\" decoding=\"async\" class=\"size-medium wp-image-104716 alignleft\" src=\"https:\/\/exaudi.org\/wp-content\/uploads\/2024\/07\/449763893_1228248621527320_8934920321531755965_n-300x200.jpg\" alt=\"\" width=\"300\" height=\"200\" srcset=\"https:\/\/exaudi.org\/wp-content\/uploads\/2024\/07\/449763893_1228248621527320_8934920321531755965_n-300x200.jpg 300w, https:\/\/exaudi.org\/wp-content\/uploads\/2024\/07\/449763893_1228248621527320_8934920321531755965_n-1024x682.jpg 1024w, https:\/\/exaudi.org\/wp-content\/uploads\/2024\/07\/449763893_1228248621527320_8934920321531755965_n-770x513.jpg 770w, https:\/\/exaudi.org\/wp-content\/uploads\/2024\/07\/449763893_1228248621527320_8934920321531755965_n-360x240.jpg?crop=1 360w, https:\/\/exaudi.org\/wp-content\/uploads\/2024\/07\/449763893_1228248621527320_8934920321531755965_n-500x333.jpg 500w, https:\/\/exaudi.org\/wp-content\/uploads\/2024\/07\/449763893_1228248621527320_8934920321531755965_n-370x247.jpg 370w, https:\/\/exaudi.org\/wp-content\/uploads\/2024\/07\/449763893_1228248621527320_8934920321531755965_n-293x195.jpg 293w, https:\/\/exaudi.org\/wp-content\/uploads\/2024\/07\/449763893_1228248621527320_8934920321531755965_n-120x80.jpg 120w, https:\/\/exaudi.org\/wp-content\/uploads\/2024\/07\/449763893_1228248621527320_8934920321531755965_n-240x160.jpg 240w, https:\/\/exaudi.org\/wp-content\/uploads\/2024\/07\/449763893_1228248621527320_8934920321531755965_n-390x260.jpg 390w, https:\/\/exaudi.org\/wp-content\/uploads\/2024\/07\/449763893_1228248621527320_8934920321531755965_n.jpg 1080w\" sizes=\"auto, (max-width: 300px) 100vw, 300px\" \/>Il Pontefice ha ricordato il beato Giuseppe Toniolo, al quale si deve questa iniziativa iniziata nel 1907, e ha affermato che la democrazia pu\u00f2 essere definita come \u00abquell&#8217;ordine civile in cui tutte le forze sociali, giuridiche ed economiche, nel pieno del loro sviluppo gerarchico, cooperano proporzionalmente al bene comune, tornando, nel risultato finale, al vantaggio predominante delle classi inferiori.&#8221;<\/p>\n<p style=\"text-align: center\">\u201cAlla luce di questa definizione, \u00e8 evidente che la democrazia non gode di buona salute nel mondo di oggi. Questo ci interessa e ci preoccupa, perch\u00e9 \u00e8 in gioco il bene dell\u2019uomo, e nulla di ci\u00f2 che \u00e8 umano pu\u00f2 esserci estraneo\u201d.<\/p>\n<p>Francesco ha sottolineato che \u00abl\u2019ordine democratico \u00e8 maturato in Italia nel secondo dopoguerra, grazie anche al contributo decisivo dei cattolici\u00bb. E ha aggiunto:<\/p>\n<p style=\"text-align: center\">\u201cPossiamo essere orgogliosi di questa storia, che \u00e8 stata influenzata anche dall&#8217;esperienza delle Settimane Sociali; e, senza mitizzare il passato, dobbiamo imparare da esso ad assumerci la responsabilit\u00e0 di costruire qualcosa di buono nel nostro tempo\u201d.<\/p>\n<p>Ha fatto riferimento anche alla Nota pastorale con cui l&#8217;episcopato italiano ha ristabilito le Settimane Sociali nel 1988, con gli obiettivi di \u201cdare senso all&#8217;impegno di tutti nella trasformazione della societ\u00e0; prestare attenzione alle persone escluse o emarginate dai processi e dai meccanismi economici vincenti; dare spazio alla solidariet\u00e0 sociale in tutte le sue forme; sostenere il ritorno ad un&#8217;etica attenta al bene comune [&#8230;]; dare senso allo sviluppo del Paese, inteso [\u2026] come miglioramento globale della qualit\u00e0 della vita, della convivenza collettiva, della partecipazione democratica, dell&#8217;autentica libert\u00e0\u201d.<\/p>\n<p><strong>Visione radicata nella Dottrina Sociale della Chiesa<\/strong><\/p>\n<p>Di questa visione, \u00abradicata nella Dottrina sociale della Chiesa\u00bb, il Papa ha affermato che \u00abracchiude alcune dimensioni di impegno cristiano e di lettura evangelica dei fenomeni sociali che non solo sono valide per il contesto italiano, ma rappresentano un&#8217;esortazione per la dell\u2019intera societ\u00e0 umana e il cammino di tutti i popoli\u201d.<\/p>\n<p style=\"text-align: center\">\u201cInfatti, come la crisi della democrazia \u00e8 trasversale alle diverse realt\u00e0 e nazioni, allo stesso modo l\u2019atteggiamento di responsabilit\u00e0 verso le trasformazioni sociali \u00e8 un appello rivolto a tutti i cristiani, ovunque vivano e operino, in tutte le parti del mondo mondo&#8221;<\/p>\n<p><img loading=\"lazy\" decoding=\"async\" class=\"size-medium wp-image-104719 alignleft\" src=\"https:\/\/exaudi.org\/wp-content\/uploads\/2024\/07\/450084566_1178239623303083_2544803093631074637_n-300x200.jpg\" alt=\"\" width=\"300\" height=\"200\" srcset=\"https:\/\/exaudi.org\/wp-content\/uploads\/2024\/07\/450084566_1178239623303083_2544803093631074637_n-300x200.jpg 300w, https:\/\/exaudi.org\/wp-content\/uploads\/2024\/07\/450084566_1178239623303083_2544803093631074637_n-1024x682.jpg 1024w, https:\/\/exaudi.org\/wp-content\/uploads\/2024\/07\/450084566_1178239623303083_2544803093631074637_n-770x513.jpg 770w, https:\/\/exaudi.org\/wp-content\/uploads\/2024\/07\/450084566_1178239623303083_2544803093631074637_n-360x240.jpg?crop=1 360w, https:\/\/exaudi.org\/wp-content\/uploads\/2024\/07\/450084566_1178239623303083_2544803093631074637_n-500x333.jpg 500w, https:\/\/exaudi.org\/wp-content\/uploads\/2024\/07\/450084566_1178239623303083_2544803093631074637_n-370x247.jpg 370w, https:\/\/exaudi.org\/wp-content\/uploads\/2024\/07\/450084566_1178239623303083_2544803093631074637_n-293x195.jpg 293w, https:\/\/exaudi.org\/wp-content\/uploads\/2024\/07\/450084566_1178239623303083_2544803093631074637_n-120x80.jpg 120w, https:\/\/exaudi.org\/wp-content\/uploads\/2024\/07\/450084566_1178239623303083_2544803093631074637_n-240x160.jpg 240w, https:\/\/exaudi.org\/wp-content\/uploads\/2024\/07\/450084566_1178239623303083_2544803093631074637_n-390x260.jpg 390w, https:\/\/exaudi.org\/wp-content\/uploads\/2024\/07\/450084566_1178239623303083_2544803093631074637_n.jpg 1080w\" sizes=\"auto, (max-width: 300px) 100vw, 300px\" \/>Il Pontefice ha utilizzato un&#8217;immagine che riassume tutto e che gli organizzatori di questo evento hanno scelto come simbolo di questo evento: il cuore. Il Papa ha quindi proposto due riflessioni per nutrire il cammino da percorrere:<\/p>\n<p style=\"text-align: center\"><em>Nella prima possiamo immaginare la crisi della democrazia come un cuore ferito. Ci\u00f2 che limita la partecipazione \u00e8 sotto i nostri occhi. Se la corruzione e l&#8217;illegalit\u00e0 mostrano un cuore \u201cferito\u201d, a preoccuparci dovrebbero essere anche le diverse forme di esclusione sociale.<\/em><\/p>\n<p>\u201cOgni volta che qualcuno viene emarginato, l\u2019intero corpo sociale ne soffre. La cultura dello scarto disegna una citt\u00e0 dove non c&#8217;\u00e8 posto per i poveri, i non ancora nati, i fragili, i malati, i bambini, le donne, i giovani.&#8221;<\/p>\n<p>Ha aggiunto inoltre che &#8220;Aldo Moro ha ricordato che uno Stato non \u00e8 veramente democratico se non \u00e8 al servizio dell&#8217;uomo, se non ha come fine supremo la dignit\u00e0, la libert\u00e0 e l&#8217;autonomia della persona umana, se non \u00e8 rispettoso di quelle formazioni sociali in cui \u00abla persona umana si sviluppa liberamente e in cui integra la sua personalit\u00e0\u00bb.<\/p>\n<p style=\"text-align: center\">\u201cLa parola stessa \u201cdemocrazia\u201d non coincide semplicemente con il voto del popolo, ma richiede che si creino le condizioni affinch\u00e9 tutti possano esprimersi e partecipare\u201d<\/p>\n<p><strong>Vita umana e dignit\u00e0 della persona<\/strong><\/p>\n<p><img loading=\"lazy\" decoding=\"async\" class=\"size-medium wp-image-104725 alignleft\" src=\"https:\/\/exaudi.org\/wp-content\/uploads\/2024\/07\/450234275_2528581143998692_8562946417875084936_n-300x200.jpg\" alt=\"\" width=\"300\" height=\"200\" srcset=\"https:\/\/exaudi.org\/wp-content\/uploads\/2024\/07\/450234275_2528581143998692_8562946417875084936_n-300x200.jpg 300w, https:\/\/exaudi.org\/wp-content\/uploads\/2024\/07\/450234275_2528581143998692_8562946417875084936_n-1024x682.jpg 1024w, https:\/\/exaudi.org\/wp-content\/uploads\/2024\/07\/450234275_2528581143998692_8562946417875084936_n-770x513.jpg 770w, https:\/\/exaudi.org\/wp-content\/uploads\/2024\/07\/450234275_2528581143998692_8562946417875084936_n-360x240.jpg?crop=1 360w, https:\/\/exaudi.org\/wp-content\/uploads\/2024\/07\/450234275_2528581143998692_8562946417875084936_n-500x333.jpg 500w, https:\/\/exaudi.org\/wp-content\/uploads\/2024\/07\/450234275_2528581143998692_8562946417875084936_n-370x247.jpg 370w, https:\/\/exaudi.org\/wp-content\/uploads\/2024\/07\/450234275_2528581143998692_8562946417875084936_n-293x195.jpg 293w, https:\/\/exaudi.org\/wp-content\/uploads\/2024\/07\/450234275_2528581143998692_8562946417875084936_n-120x80.jpg 120w, https:\/\/exaudi.org\/wp-content\/uploads\/2024\/07\/450234275_2528581143998692_8562946417875084936_n-240x160.jpg 240w, https:\/\/exaudi.org\/wp-content\/uploads\/2024\/07\/450234275_2528581143998692_8562946417875084936_n-390x260.jpg 390w, https:\/\/exaudi.org\/wp-content\/uploads\/2024\/07\/450234275_2528581143998692_8562946417875084936_n.jpg 1080w\" sizes=\"auto, (max-width: 300px) 100vw, 300px\" \/>Il Papa ha anche detto loro che \u00abla partecipazione non si improvvisa: si apprende da bambini, da giovani, e va &#8216;allenata&#8217;, anche in senso critico rispetto alle tentazioni ideologiche e populiste\u00bb. E in questa prospettiva, come lui stesso ebbe modo di ricordare qualche anno fa, durante la sua visita al Parlamento europeo e al Consiglio d\u2019Europa, afferm\u00f2 che \u00ab\u00e8 importante evidenziare il contributo che il cristianesimo pu\u00f2 dare oggi alla cultura e alla societ\u00e0 sociale europea, nel contesto di un corretto rapporto tra religione e societ\u00e0, promuovendo un dialogo fruttuoso con la comunit\u00e0 civile e le istituzioni politiche affinch\u00e9, illuminandoci a vicenda e liberandoci dalle scorie dell\u2019ideologia, possiamo avviare una riflessione comune, soprattutto sulle questioni relative alla vita umana e alla dignit\u00e0 della persona\u201d.<\/p>\n<p style=\"text-align: center\"><em>A tal fine, i principi di solidariet\u00e0 e sussidiariet\u00e0 continuano ad essere fruttuosi. Perch\u00e9 un popolo \u00e8 tenuto insieme dai legami che lo costituiscono, e i legami si rafforzano quando ciascuno \u00e8 valorizzato. La democrazia richiede sempre il passaggio dalla partigianeria alla partecipazione, dall\u2019ovazione al dialogo.<\/em><\/p>\n<p style=\"text-align: center\">\u201cFinch\u00e9 il nostro sistema socioeconomico continuer\u00e0 a produrre una vittima e ce ne sar\u00e0 una scartata, non si potr\u00e0 celebrare la festa della fratellanza universale\u201d<\/p>\n<p>\u201cTutti \u2013 ha detto anche Francisco \u2013 devono sentirsi parte di un progetto comunitario; nessuno dovrebbe sentirsi inutile. Certe forme di welfare che non riconoscono la dignit\u00e0 delle persone sono ipocrisia sociale. E l\u2019indifferenza \u00e8 un cancro per la democrazia\u201d.<\/p>\n<p><strong>Lasciamo che la democrazia sembri un cuore guarito<\/strong><\/p>\n<p>La seconda riflessione del Vescovo di Roma si \u00e8 concentrata sull&#8217;incoraggiare la partecipazione affinch\u00e9 la democrazia assomigli ad un cuore guarito. \u201cE per questo \u2013 ha detto \u2013 bisogna esercitare la creativit\u00e0\u201d.<\/p>\n<p><em>Se ci guardiamo intorno, vediamo tanti segni dell&#8217;azione dello Spirito Santo nella vita delle famiglie e delle comunit\u00e0. Anche nei campi dell\u2019economia, della tecnologia, della politica, della societ\u00e0<\/em>. \u201cPensiamo \u2013 ha proseguito il Papa \u2013 a chi ha fatto spazio alle persone con disabilit\u00e0 in azienda; nei lavoratori che hanno rinunciato ad un loro diritto per evitare il licenziamento di altri; nelle comunit\u00e0 di energia rinnovabile che promuovono l\u2019ecologia integrale, prendendosi cura anche delle famiglie in situazioni di povert\u00e0 energetica; negli amministratori che promuovono la natalit\u00e0, l\u2019occupazione, la scuola, i servizi educativi, l\u2019edilizia accessibile, la mobilit\u00e0 per tutti e l\u2019integrazione dei migranti\u201d.<\/p>\n<p style=\"text-align: center\">\u201cLa fraternit\u00e0 fa fiorire le relazioni sociali e, d\u2019altra parte, la cura degli altri richiede il coraggio di considerarsi un popolo\u201d<\/p>\n<p>Il Papa ha anche affermato che purtroppo la categoria \u201cpopolo\u201d viene spesso interpretata male, il che \u201cpotrebbe portare all&#8217;eliminazione della parola stessa \u201cdemocrazia\u201d (\u201cgoverno del popolo\u201d). Tuttavia, per affermare che la societ\u00e0 \u00e8 qualcosa di pi\u00f9 della semplice somma di individui, \u00e8 necessario il termine \u201cpopolo\u201d.<\/p>\n<p><em>\u201cUna democrazia dal cuore guarito continua a coltivare sogni per il futuro, si impegna a favore delle persone e richiede il coinvolgimento personale e comunitario\u201d<\/em><\/p>\n<p><strong>Non lasciamoci ingannare dalle soluzioni facili<\/strong><\/p>\n<p><em>Non lasciamoci ingannare dalle soluzioni facili. Impegniamoci, invece, per il bene comune. Non manipoliamo la parola democrazia n\u00e9 distorciamola con titoli vuoti capaci di giustificare qualsiasi azione. La democrazia non \u00e8 una scatola vuota, ma \u00e8 legata ai valori della persona, della fraternit\u00e0 e dell\u2019ecologia integrale<\/em><\/p>\n<p><em>Come cattolici, in questo orizzonte, non possiamo accontentarci di una fede marginale o privata. Ci\u00f2 significa non tanto pretendere di essere ascoltati, ma, soprattutto, avere il coraggio di avanzare proposte di giustizia e di pace nel dibattito pubblico. Abbiamo qualcosa da dire, ma non per difendere i privilegi. Dobbiamo essere una voce di denuncia e di proposta in una societ\u00e0 che spesso \u00e8 senza voce e in cui troppi non hanno voce.<\/em><\/p>\n<p><em>Questo \u00e8 l\u2019amore politico, che non si accontenta di trattare gli effetti, ma cerca piuttosto le cause. \u00c8 una forma di carit\u00e0 che permette alla politica di essere all\u2019altezza delle proprie responsabilit\u00e0 e di uscire dalle polarizzazioni, che impoveriscono e non aiutano a comprendere e ad affrontare le sfide. A questa carit\u00e0 politica \u00e8 chiamata l&#8217;intera comunit\u00e0 cristiana, nella distinzione dei ministeri e dei carismi.<\/em><\/p>\n<p style=\"text-align: center\">\u201cAddestriamoci a questo amore, per farlo circolare in un mondo privo di passione civica. Impariamo di pi\u00f9 e meglio a camminare insieme come popolo di Dio, per essere fermento di partecipazione tra il popolo di cui facciamo parte.<\/p>\n<p><strong>\u201cOrganizzare la speranza\u201d<\/strong><\/p>\n<p>In conclusione, l&#8217;invito del Papa ai laici cattolici italiani, sull&#8217;esempio di Giorgio la Pira, \u00e8 stato quello di coltivare buoni progetti politici capaci di ravvivare la speranza. Francesco ha indicato un orizzonte di lavoro, di fronte al prossimo Giubileo, invitando a promuovere iniziative per la formazione politica e sociale dei giovani, offrendo spazi di confronto e di dialogo, e favorendo sinergie per il bene comune.<\/p>\n<p style=\"text-align: center\">&#8220;Non smettiamo mai di coltivare la fiducia, certi che il tempo \u00e8 superiore allo spazio e che avviare processi \u00e8 pi\u00f9 saggio che occupare lo spazio&#8230; Questo \u00e8 il ruolo della Chiesa: impegnarsi per la speranza, perch\u00e9 senza di essa \u00abgestisce il presente, ma non non costruire il futuro\u201d<\/p>\n<p>&#8220;Vi benedico \u2013 ha concluso il Papa \u2013 e vi auguro di essere artigiani di democrazia e contagiosi testimoni di partecipazione&#8221;.<\/p>\n","protected":false},"excerpt":{"rendered":"<p>Nel suo discorso ai partecipanti alla sessione di chiusura della 50a Settimana Sociale dei Cattolici in Italia, Papa Francesco ha utilizzato un&#8217;immagine che riassume tutto e che gli organizzatori dell&#8217;evento hanno scelto come simbolo dell&#8217;evento: il cuore<\/p>\n","protected":false},"author":17,"featured_media":104713,"comment_status":"closed","ping_status":"closed","sticky":false,"template":"","format":"standard","meta":{"_acf_changed":false,"_crdt_document":"","inline_featured_image":false,"footnotes":""},"categories":[67,119],"tags":[20722,2053,20777,2701,2298,10328,1209,20779,1668,20780,476,1738,20778,688,401,20781,510,483,10334,4952,20727,6592],"class_list":["post-104760","post","type-post","status-publish","format-standard","has-post-thumbnail","hentry","category-leone-xiv","category-viaggi","tag-50a-settimana-sociale-dei-cattolici-in-italia","tag-bene-comune","tag-carita-politica","tag-cuore","tag-democrazia","tag-dottrina-sociale-della-chiesa","tag-fede","tag-fede-privata","tag-fraternita","tag-giorgio-la-pira-2","tag-giubileo","tag-giustizia","tag-marginale","tag-pace","tag-papa-francisco-it","tag-partecipazione-politica","tag-solidarieta","tag-speranza","tag-sussidiarieta","tag-trending-it","tag-trieste-2","tag-viaggio-apostolico"],"acf":[],"yoast_head":"<!-- This site is optimized with the Yoast SEO plugin v27.5 - https:\/\/yoast.com\/product\/yoast-seo-wordpress\/ -->\n<title>Papa Francesco: \u201cNon possiamo accontentarci di una fede marginale o privata\u201d &#8211; Exaudi<\/title>\n<meta name=\"robots\" content=\"index, follow, max-snippet:-1, max-image-preview:large, max-video-preview:-1\" \/>\n<link rel=\"canonical\" href=\"https:\/\/exaudi.org\/it\/papa-francesco-non-possiamo-accontentarci-di-una-fede-marginale-o-privata\/\" \/>\n<meta property=\"og:locale\" content=\"it_IT\" \/>\n<meta property=\"og:type\" content=\"article\" \/>\n<meta property=\"og:title\" content=\"Papa Francesco: \u201cNon possiamo accontentarci di una fede marginale o privata\u201d &#8211; Exaudi\" \/>\n<meta property=\"og:description\" content=\"Nel suo discorso ai partecipanti alla sessione di chiusura della 50a Settimana Sociale dei Cattolici in Italia, Papa Francesco ha utilizzato un&#039;immagine che riassume tutto e che gli organizzatori dell&#039;evento hanno scelto come simbolo dell&#039;evento: il cuore\" \/>\n<meta property=\"og:url\" content=\"https:\/\/exaudi.org\/it\/papa-francesco-non-possiamo-accontentarci-di-una-fede-marginale-o-privata\/\" \/>\n<meta property=\"og:site_name\" content=\"Exaudi\" \/>\n<meta property=\"article:publisher\" content=\"https:\/\/www.facebook.com\/ExaudiNews\" \/>\n<meta property=\"article:author\" content=\"https:\/\/www.facebook.com\/ExaudiNotizie\/\" \/>\n<meta property=\"article:published_time\" content=\"2024-07-07T17:35:34+00:00\" \/>\n<meta property=\"og:image\" content=\"https:\/\/exaudi.org\/wp-content\/uploads\/2024\/07\/450239524_3695167607479041_8502416723008375779_n.jpg\" \/>\n\t<meta property=\"og:image:width\" content=\"1080\" \/>\n\t<meta property=\"og:image:height\" content=\"719\" \/>\n\t<meta property=\"og:image:type\" content=\"image\/jpeg\" \/>\n<meta name=\"author\" content=\"Exaudi Redazione\" \/>\n<meta name=\"twitter:card\" content=\"summary_large_image\" \/>\n<meta name=\"twitter:creator\" content=\"@Exaudi_Notizie\" \/>\n<meta name=\"twitter:site\" content=\"@Exaudi_News\" \/>\n<meta name=\"twitter:label1\" content=\"Scritto da\" \/>\n\t<meta name=\"twitter:data1\" content=\"Exaudi Redazione\" \/>\n\t<meta name=\"twitter:label2\" content=\"Tempo di lettura stimato\" \/>\n\t<meta name=\"twitter:data2\" content=\"8 minuti\" \/>\n<script type=\"application\/ld+json\" class=\"yoast-schema-graph\">{\"@context\":\"https:\\\/\\\/schema.org\",\"@graph\":[{\"@type\":\"Article\",\"@id\":\"https:\\\/\\\/exaudi.org\\\/it\\\/papa-francesco-non-possiamo-accontentarci-di-una-fede-marginale-o-privata\\\/#article\",\"isPartOf\":{\"@id\":\"https:\\\/\\\/exaudi.org\\\/it\\\/papa-francesco-non-possiamo-accontentarci-di-una-fede-marginale-o-privata\\\/\"},\"author\":{\"name\":\"Exaudi Redazione\",\"@id\":\"https:\\\/\\\/exaudi.org\\\/#\\\/schema\\\/person\\\/e1ab6ed07c01774724dd96f925f3a5f0\"},\"headline\":\"Papa Francesco: \u201cNon possiamo accontentarci di una fede marginale o privata\u201d\",\"datePublished\":\"2024-07-07T17:35:34+00:00\",\"mainEntityOfPage\":{\"@id\":\"https:\\\/\\\/exaudi.org\\\/it\\\/papa-francesco-non-possiamo-accontentarci-di-una-fede-marginale-o-privata\\\/\"},\"wordCount\":1546,\"image\":{\"@id\":\"https:\\\/\\\/exaudi.org\\\/it\\\/papa-francesco-non-possiamo-accontentarci-di-una-fede-marginale-o-privata\\\/#primaryimage\"},\"thumbnailUrl\":\"https:\\\/\\\/exaudi.org\\\/wp-content\\\/uploads\\\/2024\\\/07\\\/450239524_3695167607479041_8502416723008375779_n.jpg\",\"keywords\":[\"50\u00aa SETTIMANA SOCIALE DEI CATTOLICI IN ITALIA\",\"bene comune\",\"CARIT\u00c0 POLITICA\",\"cuore\",\"democrazia\",\"DOTTRINA SOCIALE DELLA CHIESA\",\"fede\",\"FEDE PRIVATA\",\"fraternit\u00e0\",\"GIORGIO LA PIRA\",\"giubileo\",\"giustizia\",\"MARGINALE\",\"pace\",\"papa francisco\",\"PARTECIPAZIONE POLITICA\",\"solidariet\u00e0\",\"speranza\",\"SUSSIDIARIET\u00c0\",\"Trending\",\"TRIESTE\",\"Viaggio Apostolico\"],\"articleSection\":[\"Leone XIV\",\"Viaggi\"],\"inLanguage\":\"it-IT\"},{\"@type\":\"WebPage\",\"@id\":\"https:\\\/\\\/exaudi.org\\\/it\\\/papa-francesco-non-possiamo-accontentarci-di-una-fede-marginale-o-privata\\\/\",\"url\":\"https:\\\/\\\/exaudi.org\\\/it\\\/papa-francesco-non-possiamo-accontentarci-di-una-fede-marginale-o-privata\\\/\",\"name\":\"Papa Francesco: \u201cNon possiamo accontentarci di una fede marginale o privata\u201d &#8211; Exaudi\",\"isPartOf\":{\"@id\":\"https:\\\/\\\/exaudi.org\\\/#website\"},\"primaryImageOfPage\":{\"@id\":\"https:\\\/\\\/exaudi.org\\\/it\\\/papa-francesco-non-possiamo-accontentarci-di-una-fede-marginale-o-privata\\\/#primaryimage\"},\"image\":{\"@id\":\"https:\\\/\\\/exaudi.org\\\/it\\\/papa-francesco-non-possiamo-accontentarci-di-una-fede-marginale-o-privata\\\/#primaryimage\"},\"thumbnailUrl\":\"https:\\\/\\\/exaudi.org\\\/wp-content\\\/uploads\\\/2024\\\/07\\\/450239524_3695167607479041_8502416723008375779_n.jpg\",\"datePublished\":\"2024-07-07T17:35:34+00:00\",\"author\":{\"@id\":\"https:\\\/\\\/exaudi.org\\\/#\\\/schema\\\/person\\\/e1ab6ed07c01774724dd96f925f3a5f0\"},\"breadcrumb\":{\"@id\":\"https:\\\/\\\/exaudi.org\\\/it\\\/papa-francesco-non-possiamo-accontentarci-di-una-fede-marginale-o-privata\\\/#breadcrumb\"},\"inLanguage\":\"it-IT\",\"potentialAction\":[{\"@type\":\"ReadAction\",\"target\":[\"https:\\\/\\\/exaudi.org\\\/it\\\/papa-francesco-non-possiamo-accontentarci-di-una-fede-marginale-o-privata\\\/\"]}]},{\"@type\":\"ImageObject\",\"inLanguage\":\"it-IT\",\"@id\":\"https:\\\/\\\/exaudi.org\\\/it\\\/papa-francesco-non-possiamo-accontentarci-di-una-fede-marginale-o-privata\\\/#primaryimage\",\"url\":\"https:\\\/\\\/exaudi.org\\\/wp-content\\\/uploads\\\/2024\\\/07\\\/450239524_3695167607479041_8502416723008375779_n.jpg\",\"contentUrl\":\"https:\\\/\\\/exaudi.org\\\/wp-content\\\/uploads\\\/2024\\\/07\\\/450239524_3695167607479041_8502416723008375779_n.jpg\",\"width\":1080,\"height\":719},{\"@type\":\"BreadcrumbList\",\"@id\":\"https:\\\/\\\/exaudi.org\\\/it\\\/papa-francesco-non-possiamo-accontentarci-di-una-fede-marginale-o-privata\\\/#breadcrumb\",\"itemListElement\":[{\"@type\":\"ListItem\",\"position\":1,\"name\":\"Portada\",\"item\":\"https:\\\/\\\/exaudi.org\\\/it\\\/\"},{\"@type\":\"ListItem\",\"position\":2,\"name\":\"Papa Francesco: \u201cNon possiamo accontentarci di una fede marginale o privata\u201d\"}]},{\"@type\":\"WebSite\",\"@id\":\"https:\\\/\\\/exaudi.org\\\/#website\",\"url\":\"https:\\\/\\\/exaudi.org\\\/\",\"name\":\"Exaudi\",\"description\":\"News\",\"potentialAction\":[{\"@type\":\"SearchAction\",\"target\":{\"@type\":\"EntryPoint\",\"urlTemplate\":\"https:\\\/\\\/exaudi.org\\\/?s={search_term_string}\"},\"query-input\":{\"@type\":\"PropertyValueSpecification\",\"valueRequired\":true,\"valueName\":\"search_term_string\"}}],\"inLanguage\":\"it-IT\"},{\"@type\":\"Person\",\"@id\":\"https:\\\/\\\/exaudi.org\\\/#\\\/schema\\\/person\\\/e1ab6ed07c01774724dd96f925f3a5f0\",\"name\":\"Exaudi Redazione\",\"image\":{\"@type\":\"ImageObject\",\"inLanguage\":\"it-IT\",\"@id\":\"https:\\\/\\\/secure.gravatar.com\\\/avatar\\\/ad6774b3ada023bf5b939d64f45c94b3adf91502dd883507d469b4308a943bb3?s=96&d=mm&r=g\",\"url\":\"https:\\\/\\\/secure.gravatar.com\\\/avatar\\\/ad6774b3ada023bf5b939d64f45c94b3adf91502dd883507d469b4308a943bb3?s=96&d=mm&r=g\",\"contentUrl\":\"https:\\\/\\\/secure.gravatar.com\\\/avatar\\\/ad6774b3ada023bf5b939d64f45c94b3adf91502dd883507d469b4308a943bb3?s=96&d=mm&r=g\",\"caption\":\"Exaudi Redazione\"},\"description\":\"Che cosa \u00e8 Exaudi News? Exaudi News \u00e8 un agenzia cattolica internazionale che informa, istruisce e trasforma quotidianamente in spagnolo, inglese e italiano. Attraverso notizie, articoli di analisi e trasmissioni in diretta degli eventi del Papa, Exaudi cerca di rafforzare l'unit\u00e0 dei cristiani e di contribuire all'evangelizzazione del mondo, sempre guidato dalla dottrina sociale della Chiesa. Lavoriamo per portare la verit\u00e0 e i valori cristiani in ogni angolo del pianeta. Aiutaci a trasformare il mondo con Exaudi! Noi di Exaudi crediamo che l'evangelizzazione e l'informazione di qualit\u00e0 possano cambiare la vita. Per continuare la nostra missione ed espandere la nostra portata, abbiamo bisogno del tuo aiuto. Stiamo anche cercando persone motivate che vogliano unirsi al nostro team. Grazie al vostro sostegno raggiungeremo pi\u00f9 persone, diffonderemo il messaggio di Cristo e rafforzeremo l'unit\u00e0 dei cristiani. Vuoi unirti alla nostra missione? Per maggiori informazioni su come contribuire, visita Exaudi.org\\\/it o contattaci direttamente: info@exaudi.org Exaudi: informa, forma e trasforma.\",\"sameAs\":[\"https:\\\/\\\/www.facebook.com\\\/ExaudiNotizie\\\/\",\"https:\\\/\\\/www.instagram.com\\\/Exaudi_notizie\\\/\",\"https:\\\/\\\/x.com\\\/Exaudi_Notizie\",\"https:\\\/\\\/www.youtube.com\\\/@exaudicatholicnews\"],\"url\":\"https:\\\/\\\/exaudi.org\\\/it\\\/author\\\/dlvedi-org\\\/\"}]}<\/script>\n<!-- \/ Yoast SEO plugin. -->","yoast_head_json":{"title":"Papa Francesco: \u201cNon possiamo accontentarci di una fede marginale o privata\u201d &#8211; Exaudi","robots":{"index":"index","follow":"follow","max-snippet":"max-snippet:-1","max-image-preview":"max-image-preview:large","max-video-preview":"max-video-preview:-1"},"canonical":"https:\/\/exaudi.org\/it\/papa-francesco-non-possiamo-accontentarci-di-una-fede-marginale-o-privata\/","og_locale":"it_IT","og_type":"article","og_title":"Papa Francesco: \u201cNon possiamo accontentarci di una fede marginale o privata\u201d &#8211; Exaudi","og_description":"Nel suo discorso ai partecipanti alla sessione di chiusura della 50a Settimana Sociale dei Cattolici in Italia, Papa Francesco ha utilizzato un'immagine che riassume tutto e che gli organizzatori dell'evento hanno scelto come simbolo dell'evento: il cuore","og_url":"https:\/\/exaudi.org\/it\/papa-francesco-non-possiamo-accontentarci-di-una-fede-marginale-o-privata\/","og_site_name":"Exaudi","article_publisher":"https:\/\/www.facebook.com\/ExaudiNews","article_author":"https:\/\/www.facebook.com\/ExaudiNotizie\/","article_published_time":"2024-07-07T17:35:34+00:00","og_image":[{"width":1080,"height":719,"url":"https:\/\/exaudi.org\/wp-content\/uploads\/2024\/07\/450239524_3695167607479041_8502416723008375779_n.jpg","type":"image\/jpeg"}],"author":"Exaudi Redazione","twitter_card":"summary_large_image","twitter_creator":"@Exaudi_Notizie","twitter_site":"@Exaudi_News","twitter_misc":{"Scritto da":"Exaudi Redazione","Tempo di lettura stimato":"8 minuti"},"schema":{"@context":"https:\/\/schema.org","@graph":[{"@type":"Article","@id":"https:\/\/exaudi.org\/it\/papa-francesco-non-possiamo-accontentarci-di-una-fede-marginale-o-privata\/#article","isPartOf":{"@id":"https:\/\/exaudi.org\/it\/papa-francesco-non-possiamo-accontentarci-di-una-fede-marginale-o-privata\/"},"author":{"name":"Exaudi Redazione","@id":"https:\/\/exaudi.org\/#\/schema\/person\/e1ab6ed07c01774724dd96f925f3a5f0"},"headline":"Papa Francesco: \u201cNon possiamo accontentarci di una fede marginale o privata\u201d","datePublished":"2024-07-07T17:35:34+00:00","mainEntityOfPage":{"@id":"https:\/\/exaudi.org\/it\/papa-francesco-non-possiamo-accontentarci-di-una-fede-marginale-o-privata\/"},"wordCount":1546,"image":{"@id":"https:\/\/exaudi.org\/it\/papa-francesco-non-possiamo-accontentarci-di-una-fede-marginale-o-privata\/#primaryimage"},"thumbnailUrl":"https:\/\/exaudi.org\/wp-content\/uploads\/2024\/07\/450239524_3695167607479041_8502416723008375779_n.jpg","keywords":["50\u00aa SETTIMANA SOCIALE DEI CATTOLICI IN ITALIA","bene comune","CARIT\u00c0 POLITICA","cuore","democrazia","DOTTRINA SOCIALE DELLA CHIESA","fede","FEDE PRIVATA","fraternit\u00e0","GIORGIO LA PIRA","giubileo","giustizia","MARGINALE","pace","papa francisco","PARTECIPAZIONE POLITICA","solidariet\u00e0","speranza","SUSSIDIARIET\u00c0","Trending","TRIESTE","Viaggio Apostolico"],"articleSection":["Leone XIV","Viaggi"],"inLanguage":"it-IT"},{"@type":"WebPage","@id":"https:\/\/exaudi.org\/it\/papa-francesco-non-possiamo-accontentarci-di-una-fede-marginale-o-privata\/","url":"https:\/\/exaudi.org\/it\/papa-francesco-non-possiamo-accontentarci-di-una-fede-marginale-o-privata\/","name":"Papa Francesco: \u201cNon possiamo accontentarci di una fede marginale o privata\u201d &#8211; Exaudi","isPartOf":{"@id":"https:\/\/exaudi.org\/#website"},"primaryImageOfPage":{"@id":"https:\/\/exaudi.org\/it\/papa-francesco-non-possiamo-accontentarci-di-una-fede-marginale-o-privata\/#primaryimage"},"image":{"@id":"https:\/\/exaudi.org\/it\/papa-francesco-non-possiamo-accontentarci-di-una-fede-marginale-o-privata\/#primaryimage"},"thumbnailUrl":"https:\/\/exaudi.org\/wp-content\/uploads\/2024\/07\/450239524_3695167607479041_8502416723008375779_n.jpg","datePublished":"2024-07-07T17:35:34+00:00","author":{"@id":"https:\/\/exaudi.org\/#\/schema\/person\/e1ab6ed07c01774724dd96f925f3a5f0"},"breadcrumb":{"@id":"https:\/\/exaudi.org\/it\/papa-francesco-non-possiamo-accontentarci-di-una-fede-marginale-o-privata\/#breadcrumb"},"inLanguage":"it-IT","potentialAction":[{"@type":"ReadAction","target":["https:\/\/exaudi.org\/it\/papa-francesco-non-possiamo-accontentarci-di-una-fede-marginale-o-privata\/"]}]},{"@type":"ImageObject","inLanguage":"it-IT","@id":"https:\/\/exaudi.org\/it\/papa-francesco-non-possiamo-accontentarci-di-una-fede-marginale-o-privata\/#primaryimage","url":"https:\/\/exaudi.org\/wp-content\/uploads\/2024\/07\/450239524_3695167607479041_8502416723008375779_n.jpg","contentUrl":"https:\/\/exaudi.org\/wp-content\/uploads\/2024\/07\/450239524_3695167607479041_8502416723008375779_n.jpg","width":1080,"height":719},{"@type":"BreadcrumbList","@id":"https:\/\/exaudi.org\/it\/papa-francesco-non-possiamo-accontentarci-di-una-fede-marginale-o-privata\/#breadcrumb","itemListElement":[{"@type":"ListItem","position":1,"name":"Portada","item":"https:\/\/exaudi.org\/it\/"},{"@type":"ListItem","position":2,"name":"Papa Francesco: \u201cNon possiamo accontentarci di una fede marginale o privata\u201d"}]},{"@type":"WebSite","@id":"https:\/\/exaudi.org\/#website","url":"https:\/\/exaudi.org\/","name":"Exaudi","description":"News","potentialAction":[{"@type":"SearchAction","target":{"@type":"EntryPoint","urlTemplate":"https:\/\/exaudi.org\/?s={search_term_string}"},"query-input":{"@type":"PropertyValueSpecification","valueRequired":true,"valueName":"search_term_string"}}],"inLanguage":"it-IT"},{"@type":"Person","@id":"https:\/\/exaudi.org\/#\/schema\/person\/e1ab6ed07c01774724dd96f925f3a5f0","name":"Exaudi Redazione","image":{"@type":"ImageObject","inLanguage":"it-IT","@id":"https:\/\/secure.gravatar.com\/avatar\/ad6774b3ada023bf5b939d64f45c94b3adf91502dd883507d469b4308a943bb3?s=96&d=mm&r=g","url":"https:\/\/secure.gravatar.com\/avatar\/ad6774b3ada023bf5b939d64f45c94b3adf91502dd883507d469b4308a943bb3?s=96&d=mm&r=g","contentUrl":"https:\/\/secure.gravatar.com\/avatar\/ad6774b3ada023bf5b939d64f45c94b3adf91502dd883507d469b4308a943bb3?s=96&d=mm&r=g","caption":"Exaudi Redazione"},"description":"Che cosa \u00e8 Exaudi News? Exaudi News \u00e8 un agenzia cattolica internazionale che informa, istruisce e trasforma quotidianamente in spagnolo, inglese e italiano. Attraverso notizie, articoli di analisi e trasmissioni in diretta degli eventi del Papa, Exaudi cerca di rafforzare l'unit\u00e0 dei cristiani e di contribuire all'evangelizzazione del mondo, sempre guidato dalla dottrina sociale della Chiesa. Lavoriamo per portare la verit\u00e0 e i valori cristiani in ogni angolo del pianeta. Aiutaci a trasformare il mondo con Exaudi! Noi di Exaudi crediamo che l'evangelizzazione e l'informazione di qualit\u00e0 possano cambiare la vita. Per continuare la nostra missione ed espandere la nostra portata, abbiamo bisogno del tuo aiuto. Stiamo anche cercando persone motivate che vogliano unirsi al nostro team. Grazie al vostro sostegno raggiungeremo pi\u00f9 persone, diffonderemo il messaggio di Cristo e rafforzeremo l'unit\u00e0 dei cristiani. Vuoi unirti alla nostra missione? Per maggiori informazioni su come contribuire, visita Exaudi.org\/it o contattaci direttamente: info@exaudi.org Exaudi: informa, forma e trasforma.","sameAs":["https:\/\/www.facebook.com\/ExaudiNotizie\/","https:\/\/www.instagram.com\/Exaudi_notizie\/","https:\/\/x.com\/Exaudi_Notizie","https:\/\/www.youtube.com\/@exaudicatholicnews"],"url":"https:\/\/exaudi.org\/it\/author\/dlvedi-org\/"}]}},"jetpack_featured_media_url":"https:\/\/exaudi.org\/wp-content\/uploads\/2024\/07\/450239524_3695167607479041_8502416723008375779_n.jpg","jetpack_shortlink":"https:\/\/wp.me\/pgKjF2-rfG","_links":{"self":[{"href":"https:\/\/exaudi.org\/it\/wp-json\/wp\/v2\/posts\/104760","targetHints":{"allow":["GET"]}}],"collection":[{"href":"https:\/\/exaudi.org\/it\/wp-json\/wp\/v2\/posts"}],"about":[{"href":"https:\/\/exaudi.org\/it\/wp-json\/wp\/v2\/types\/post"}],"author":[{"embeddable":true,"href":"https:\/\/exaudi.org\/it\/wp-json\/wp\/v2\/users\/17"}],"replies":[{"embeddable":true,"href":"https:\/\/exaudi.org\/it\/wp-json\/wp\/v2\/comments?post=104760"}],"version-history":[{"count":0,"href":"https:\/\/exaudi.org\/it\/wp-json\/wp\/v2\/posts\/104760\/revisions"}],"wp:featuredmedia":[{"embeddable":true,"href":"https:\/\/exaudi.org\/it\/wp-json\/wp\/v2\/media\/104713"}],"wp:attachment":[{"href":"https:\/\/exaudi.org\/it\/wp-json\/wp\/v2\/media?parent=104760"}],"wp:term":[{"taxonomy":"category","embeddable":true,"href":"https:\/\/exaudi.org\/it\/wp-json\/wp\/v2\/categories?post=104760"},{"taxonomy":"post_tag","embeddable":true,"href":"https:\/\/exaudi.org\/it\/wp-json\/wp\/v2\/tags?post=104760"}],"curies":[{"name":"wp","href":"https:\/\/api.w.org\/{rel}","templated":true}]}}