{"id":104512,"date":"2024-07-03T19:47:13","date_gmt":"2024-07-03T17:47:13","guid":{"rendered":"https:\/\/exaudi.org\/?p=104512"},"modified":"2024-07-04T00:54:21","modified_gmt":"2024-07-03T22:54:21","slug":"cardinale-arizmendi-la-sfida-di-costruire-lunita","status":"publish","type":"post","link":"https:\/\/exaudi.org\/it\/cardinale-arizmendi-la-sfida-di-costruire-lunita\/","title":{"rendered":"Cardinale Arizmendi: La sfida di costruire l&#8217;Unit\u00e0"},"content":{"rendered":"<p>Il <a href=\"https:\/\/exaudi.org\/es\/author\/felipearizmendi\/\">cardinale Felipe Arizmendi<\/a>, vescovo emerito di San Crist\u00f3bal de Las Casas e responsabile della Dottrina della Fede presso la<a href=\"https:\/\/www.cem.org.mx\/\"> Conferenza dell\u2019Episcopato Messicano (CEM)<\/a>, offre ai lettori di Exaudi il suo articolo settimanale intitolato <strong>\u201cLa sfida della costruzione dell\u2019unit\u00e0\u201d<\/strong>.<\/p>\n<h3><strong>***<\/strong><\/h3>\n<h3><strong>ASPETTO<\/strong><\/h3>\n<p>Uno dei tesori pi\u00f9 grandi \u00e8 avere una famiglia unita. Possono esserci problemi, differenze, forse offese e incomprensioni, ma quando c\u2019\u00e8 dialogo e perdono reciproco, quando ci si sostiene a vicenda, tutto ritorna alla pace. Quanto \u00e8 bello stare insieme nelle feste, nei compleanni, negli anniversari, negli onomastici e nella celebrazione dei sacramenti, come anche nelle malattie o nelle morti! Tutti si aiutano e si accompagnano;\u00e8 gradita la condivisione in famiglia. La stessa cosa quando incontriamo gruppi di amici, colleghi, coetanei, scolastici. Oppure quando i sacerdoti di un presbiterio, religiosi e diocesani, convivono fraternamente. Oppure nelle assemblee del nostro episcopato, quando ci incontriamo di nuovo, preghiamo e lavoriamo insieme, scherziamo e condividiamo lavoro, progetti e problemi.<\/p>\n<p>Nella nostra Chiesa, a livello universale, nazionale, diocesano o parrocchiale, possiamo e dobbiamo discutere, analizzare diversi punti di vista e diverse proposte pastorali, ma la cosa pi\u00f9 bella \u00e8 restare uniti, nella pace e nell&#8217;armonia. Ma a volte prevale il confronto, che porta alla divisione. Gli scismi danneggiano molto la comunit\u00e0 ecclesiale. Per questo \u00e8 molto doloroso che alcuni squalificano Papa Francesco, ignorandolo come se non fosse il legittimo Successore di Pietro. Anche i Papi precedenti soffrirono molto a causa di queste divisioni interne. Per contrastare quest\u2019opera del diavolo, che \u00e8 la divisione, \u00e8 incoraggiante quanto si fa per ricostruire l\u2019unit\u00e0, come quando eravamo una Chiesa sola nel I secolo, senza divisioni con ortodossi e protestanti. Nell&#8217;anno 2025 celebreremo i 1.700 anni del Concilio di Nicea, quando tutta la Chiesa era unita. In quella occasione si tenta di cercare nuove vie di unit\u00e0 ecclesiale.<\/p>\n<p>Nel nostro Paese, prima e dopo le elezioni, ci sono tante divisioni, non solo tra partiti, che fanno onore al loro nome, dividendo il popolo. Ci sono divisioni dovute a questioni economiche, culturali, educative, razziali, religiose e persino sportive. I gruppi criminali combattono tra loro per il controllo dei propri territori, perch\u00e9 l&#8217;ambizione del denaro li porta a voler distruggere gli altri e rimanerne proprietari assoluti, non solo economicamente, ma anche politicamente. Con il sostegno maggioritario che gli elettori hanno dato al partito al potere, i suoi leader si sentono detentori della verit\u00e0 e del bene, e disprezzano coloro che ormai sono una minoranza. Se creano forum, si spera sia per ascoltare altri punti di vista e correggere o integrare i propri, non solo per mascherare o giustificare le proprie posizioni. Al di l\u00e0 dei partiti c\u2019\u00e8 il Paese, ma ad alcuni non interessa, interessa solo le proprie ambizioni.<\/p>\n<h3><strong>DISCERNERE<\/strong><\/h3>\n<p>L&#8217;episcopato messicano, a un mese dall&#8217;inizio del processo elettorale nel nostro Paese, ha diffuso un messaggio tempestivo, di cui condivido alcune frasi:<\/p>\n<p><em>\u201cMolti cittadini potrebbero sentirsi soddisfatti; altri, per diverse ragioni molto valide, hanno vissuto i risultati con frustrazione, ma ci deve essere rispetto reciproco per costruire insieme il nostro futuro, poich\u00e9 formiamo tutti lo stesso Paese. Non prevalga il sentimento di vincitori o vinti, ma piuttosto quello di cittadini di uno stesso Paese che dobbiamo costruire con il talento di tutti, senza esclusioni. Il Messico deve essere una terra di libert\u00e0 e opportunit\u00e0 per tutti, in un ambiente di giustizia e pace che tutti desideriamo.<\/em><\/p>\n<p><em>Ricordiamo in questo momento le parole di Ges\u00f9: \u00abSiano tutti una cosa sola, come tu, Padre, sei in me e io in te\u00bb (Gv 17,21). Questa preghiera ci ispira a cercare l\u2019unit\u00e0 nella nostra nazione, al di l\u00e0 delle nostre differenze.<\/em><\/p>\n<p><em>Rivolgiamo inoltre un rispettoso appello a tutti i messicani, affinch\u00e9 vadano oltre la competizione elettorale e si collochino adesso con coraggio e speranza, con la consapevolezza che il futuro del nostro Paese ha bisogno di tutti, giovani e anziani, della societ\u00e0 civile e delle forze armate, di comunicatori ed educatori. , uomini d&#8217;affari e leader sociali, operai e contadini, professionisti, commercianti e l&#8217;intera classe operaia.<\/em><\/p>\n<p><em>Lavorare insieme per il bene comune della nostra nazione, superando le divisioni e costruendo ponti di dialogo e riconciliazione. In questo spirito, ciascuna delle nostre famiglie, le nostre comunit\u00e0 in tutti gli ambiti, i partiti politici e i funzionari pubblici, le diverse chiese e gruppi religiosi, tutti, senza distinzione, devono rispondere a una vocazione di grandezza e di unit\u00e0, come si conf\u00e0 al Messico e al suo territorio storia.&#8221;<\/em><\/p>\n<h3><strong>ATTO<\/strong><\/h3>\n<p>Chiediamoci ciascuno cosa dobbiamo fare perch\u00e9 ci sia pace, armonia e unit\u00e0 nella propria famiglia. Se dobbiamo perdonarci, non lasciamo passare altro tempo. Se qualcuno ha bisogno di me, sono qui! E nel nostro gruppo o comunit\u00e0, facciamo tutto il possibile per preservare o ricostruire la pace sociale, il rispetto per gli altri e la solidariet\u00e0 fraterna.<\/p>\n","protected":false},"excerpt":{"rendered":"<p>Se qualcuno ha bisogno di me, sono qui!<\/p>\n","protected":false},"author":24,"featured_media":104372,"comment_status":"closed","ping_status":"closed","sticky":false,"template":"","format":"standard","meta":{"_acf_changed":false,"_crdt_document":"","inline_featured_image":false,"footnotes":""},"categories":[129],"tags":[20424,15413,16236,12851,20425,20426,20430,18569,20428,20429,401,20427,4952,20431,20432],"class_list":["post-104512","post","type-post","status-publish","format-standard","has-post-thumbnail","hentry","category-voci","tag-bene-comune-del-messico","tag-cardinale-felipe-arizmendi-esquivel","tag-concilio-di-nicea","tag-conferenza-dellepiscopato-messicano","tag-dialogo-e-riconciliazione","tag-divisione-nella-chiesa","tag-ecclesiale-unita","tag-elezioni-in-messico","tag-messaggio-dellepiscopato-messicano","tag-pace-e-armonia","tag-papa-francisco-it","tag-sfida-della-costruzione-dellunita","tag-trending-it","tag-unita-familiare","tag-unita-nazionale"],"acf":[],"yoast_head":"<!-- This site is optimized with the Yoast SEO plugin v27.5 - https:\/\/yoast.com\/product\/yoast-seo-wordpress\/ -->\n<title>Cardinale Arizmendi: La sfida di costruire l&#039;Unit\u00e0 &#8211; Exaudi<\/title>\n<meta name=\"robots\" content=\"index, follow, max-snippet:-1, max-image-preview:large, max-video-preview:-1\" \/>\n<link rel=\"canonical\" href=\"https:\/\/exaudi.org\/it\/cardinale-arizmendi-la-sfida-di-costruire-lunita\/\" \/>\n<meta property=\"og:locale\" content=\"it_IT\" \/>\n<meta property=\"og:type\" content=\"article\" \/>\n<meta property=\"og:title\" content=\"Cardinale Arizmendi: La sfida di costruire l&#039;Unit\u00e0 &#8211; Exaudi\" \/>\n<meta property=\"og:description\" content=\"Se qualcuno ha bisogno di me, sono qui!\" \/>\n<meta property=\"og:url\" content=\"https:\/\/exaudi.org\/it\/cardinale-arizmendi-la-sfida-di-costruire-lunita\/\" \/>\n<meta property=\"og:site_name\" content=\"Exaudi\" \/>\n<meta property=\"article:publisher\" content=\"https:\/\/www.facebook.com\/ExaudiNews\" \/>\n<meta property=\"article:published_time\" content=\"2024-07-03T17:47:13+00:00\" \/>\n<meta property=\"article:modified_time\" content=\"2024-07-03T22:54:21+00:00\" \/>\n<meta property=\"og:image\" content=\"https:\/\/exaudi.org\/wp-content\/uploads\/2024\/07\/pexels-magda-ehlers-pexels-1586950-scaled.jpg\" \/>\n\t<meta property=\"og:image:width\" content=\"2560\" \/>\n\t<meta property=\"og:image:height\" content=\"1707\" \/>\n\t<meta property=\"og:image:type\" content=\"image\/jpeg\" \/>\n<meta name=\"author\" content=\"Cardenal Felipe Arizmendi\" \/>\n<meta name=\"twitter:card\" content=\"summary_large_image\" \/>\n<meta name=\"twitter:creator\" content=\"@Exaudi_News\" \/>\n<meta name=\"twitter:site\" content=\"@Exaudi_News\" \/>\n<meta name=\"twitter:label1\" content=\"Scritto da\" \/>\n\t<meta name=\"twitter:data1\" content=\"Cardenal Felipe Arizmendi\" \/>\n\t<meta name=\"twitter:label2\" content=\"Tempo di lettura stimato\" \/>\n\t<meta name=\"twitter:data2\" content=\"4 minuti\" \/>\n<script type=\"application\/ld+json\" class=\"yoast-schema-graph\">{\"@context\":\"https:\\\/\\\/schema.org\",\"@graph\":[{\"@type\":\"Article\",\"@id\":\"https:\\\/\\\/exaudi.org\\\/it\\\/cardinale-arizmendi-la-sfida-di-costruire-lunita\\\/#article\",\"isPartOf\":{\"@id\":\"https:\\\/\\\/exaudi.org\\\/it\\\/cardinale-arizmendi-la-sfida-di-costruire-lunita\\\/\"},\"author\":{\"name\":\"Cardenal Felipe Arizmendi\",\"@id\":\"https:\\\/\\\/exaudi.org\\\/#\\\/schema\\\/person\\\/c7d223f87e58f1105d044d8da1439102\"},\"headline\":\"Cardinale Arizmendi: La sfida di costruire l&#8217;Unit\u00e0\",\"datePublished\":\"2024-07-03T17:47:13+00:00\",\"dateModified\":\"2024-07-03T22:54:21+00:00\",\"mainEntityOfPage\":{\"@id\":\"https:\\\/\\\/exaudi.org\\\/it\\\/cardinale-arizmendi-la-sfida-di-costruire-lunita\\\/\"},\"wordCount\":800,\"image\":{\"@id\":\"https:\\\/\\\/exaudi.org\\\/it\\\/cardinale-arizmendi-la-sfida-di-costruire-lunita\\\/#primaryimage\"},\"thumbnailUrl\":\"https:\\\/\\\/exaudi.org\\\/wp-content\\\/uploads\\\/2024\\\/07\\\/pexels-magda-ehlers-pexels-1586950-scaled.jpg\",\"keywords\":[\"BENE COMUNE DEL MESSICO\",\"CARDINALE FELIPE ARIZMENDI ESQUIVEL\",\"CONCILIO DI NICEA\",\"CONFERENZA DELL'EPISCOPATO MESSICANO\",\"DIALOGO E RICONCILIAZIONE\",\"DIVISIONE NELLA CHIESA\",\"ECCLESIALE UNIT\u00c0\",\"ELEZIONI IN MESSICO\",\"MESSAGGIO DELL'EPISCOPATO MESSICANO\",\"PACE E ARMONIA\",\"papa francisco\",\"SFIDA DELLA COSTRUZIONE DELL'UNIT\u00c0\",\"Trending\",\"UNIT\u00c0 FAMILIARE\",\"UNIT\u00c0 NAZIONALE\"],\"articleSection\":[\"Voci\"],\"inLanguage\":\"it-IT\"},{\"@type\":\"WebPage\",\"@id\":\"https:\\\/\\\/exaudi.org\\\/it\\\/cardinale-arizmendi-la-sfida-di-costruire-lunita\\\/\",\"url\":\"https:\\\/\\\/exaudi.org\\\/it\\\/cardinale-arizmendi-la-sfida-di-costruire-lunita\\\/\",\"name\":\"Cardinale Arizmendi: La sfida di costruire l'Unit\u00e0 &#8211; Exaudi\",\"isPartOf\":{\"@id\":\"https:\\\/\\\/exaudi.org\\\/#website\"},\"primaryImageOfPage\":{\"@id\":\"https:\\\/\\\/exaudi.org\\\/it\\\/cardinale-arizmendi-la-sfida-di-costruire-lunita\\\/#primaryimage\"},\"image\":{\"@id\":\"https:\\\/\\\/exaudi.org\\\/it\\\/cardinale-arizmendi-la-sfida-di-costruire-lunita\\\/#primaryimage\"},\"thumbnailUrl\":\"https:\\\/\\\/exaudi.org\\\/wp-content\\\/uploads\\\/2024\\\/07\\\/pexels-magda-ehlers-pexels-1586950-scaled.jpg\",\"datePublished\":\"2024-07-03T17:47:13+00:00\",\"dateModified\":\"2024-07-03T22:54:21+00:00\",\"author\":{\"@id\":\"https:\\\/\\\/exaudi.org\\\/#\\\/schema\\\/person\\\/c7d223f87e58f1105d044d8da1439102\"},\"breadcrumb\":{\"@id\":\"https:\\\/\\\/exaudi.org\\\/it\\\/cardinale-arizmendi-la-sfida-di-costruire-lunita\\\/#breadcrumb\"},\"inLanguage\":\"it-IT\",\"potentialAction\":[{\"@type\":\"ReadAction\",\"target\":[\"https:\\\/\\\/exaudi.org\\\/it\\\/cardinale-arizmendi-la-sfida-di-costruire-lunita\\\/\"]}]},{\"@type\":\"ImageObject\",\"inLanguage\":\"it-IT\",\"@id\":\"https:\\\/\\\/exaudi.org\\\/it\\\/cardinale-arizmendi-la-sfida-di-costruire-lunita\\\/#primaryimage\",\"url\":\"https:\\\/\\\/exaudi.org\\\/wp-content\\\/uploads\\\/2024\\\/07\\\/pexels-magda-ehlers-pexels-1586950-scaled.jpg\",\"contentUrl\":\"https:\\\/\\\/exaudi.org\\\/wp-content\\\/uploads\\\/2024\\\/07\\\/pexels-magda-ehlers-pexels-1586950-scaled.jpg\",\"width\":2560,\"height\":1707,\"caption\":\"Foto di Magda Ehlers: Pexels\"},{\"@type\":\"BreadcrumbList\",\"@id\":\"https:\\\/\\\/exaudi.org\\\/it\\\/cardinale-arizmendi-la-sfida-di-costruire-lunita\\\/#breadcrumb\",\"itemListElement\":[{\"@type\":\"ListItem\",\"position\":1,\"name\":\"Portada\",\"item\":\"https:\\\/\\\/exaudi.org\\\/it\\\/\"},{\"@type\":\"ListItem\",\"position\":2,\"name\":\"Cardinale Arizmendi: La sfida di costruire l&#8217;Unit\u00e0\"}]},{\"@type\":\"WebSite\",\"@id\":\"https:\\\/\\\/exaudi.org\\\/#website\",\"url\":\"https:\\\/\\\/exaudi.org\\\/\",\"name\":\"Exaudi\",\"description\":\"News\",\"potentialAction\":[{\"@type\":\"SearchAction\",\"target\":{\"@type\":\"EntryPoint\",\"urlTemplate\":\"https:\\\/\\\/exaudi.org\\\/?s={search_term_string}\"},\"query-input\":{\"@type\":\"PropertyValueSpecification\",\"valueRequired\":true,\"valueName\":\"search_term_string\"}}],\"inLanguage\":\"it-IT\"},{\"@type\":\"Person\",\"@id\":\"https:\\\/\\\/exaudi.org\\\/#\\\/schema\\\/person\\\/c7d223f87e58f1105d044d8da1439102\",\"name\":\"Cardenal Felipe Arizmendi\",\"image\":{\"@type\":\"ImageObject\",\"inLanguage\":\"it-IT\",\"@id\":\"https:\\\/\\\/secure.gravatar.com\\\/avatar\\\/4ffc5520d896b86d39346168903de33a17ef0f23d16de0ff45062c1ff422ed2f?s=96&d=mm&r=g\",\"url\":\"https:\\\/\\\/secure.gravatar.com\\\/avatar\\\/4ffc5520d896b86d39346168903de33a17ef0f23d16de0ff45062c1ff422ed2f?s=96&d=mm&r=g\",\"contentUrl\":\"https:\\\/\\\/secure.gravatar.com\\\/avatar\\\/4ffc5520d896b86d39346168903de33a17ef0f23d16de0ff45062c1ff422ed2f?s=96&d=mm&r=g\",\"caption\":\"Cardenal Felipe Arizmendi\"},\"description\":\"Nacido en Chiltepec el 1 de mayo de 1940. Estudi\u00f3 Humanidades y Filosof\u00eda en el Seminario de Toluca, de 1952 a 1959. Curs\u00f3 la Teolog\u00eda en la Universidad Pontificia de Salamanca, Espa\u00f1a, de 1959 a 1963, obteniendo la licenciatura en Teolog\u00eda Dogm\u00e1tica. Por su cuenta, se especializ\u00f3 en Liturgia. Fue ordenado sacerdote el 25 de agosto de 1963 en Toluca. Sirvi\u00f3 como Vicario Parroquial en tres parroquias por tres a\u00f1os y medio y fue p\u00e1rroco de una comunidad ind\u00edgena otom\u00ed, de 1967 a 1970. Fue Director Espiritual del Seminario de Toluca por diez a\u00f1os, y Rector del mismo de 1981 a 1991. El 7 de marzo de 1991, fue ordenado obispo de la di\u00f3cesis de Tapachula, donde estuvo hasta el 30 de abril del a\u00f1o 2000. El 1 de mayo del 2000, inici\u00f3 su ministerio episcopal como XLVI obispo de la di\u00f3cesis de San Crist\u00f3bal de las Casas, Chiapas, una de las di\u00f3cesis m\u00e1s antiguas de M\u00e9xico, erigida en 1539; all\u00ed sirvi\u00f3 por casi 18 a\u00f1os. Ha ocupado diversos cargos en la Conferencia del Episcopado Mexicano y en el CELAM. El 3 de noviembre de 2017, el Papa Francisco le acept\u00f3, por edad, su renuncia al servicio episcopal en esta di\u00f3cesis, que entreg\u00f3 a su sucesor el 3 de enero de 2018. Desde entonces, reside en la ciudad de Toluca. Desde 1979, escribe art\u00edculos de actualidad en varios medios religiosos y civiles. Es autor de varias publicaciones.\",\"url\":\"https:\\\/\\\/exaudi.org\\\/it\\\/author\\\/felipearizmendi\\\/\"}]}<\/script>\n<!-- \/ Yoast SEO plugin. -->","yoast_head_json":{"title":"Cardinale Arizmendi: La sfida di costruire l'Unit\u00e0 &#8211; Exaudi","robots":{"index":"index","follow":"follow","max-snippet":"max-snippet:-1","max-image-preview":"max-image-preview:large","max-video-preview":"max-video-preview:-1"},"canonical":"https:\/\/exaudi.org\/it\/cardinale-arizmendi-la-sfida-di-costruire-lunita\/","og_locale":"it_IT","og_type":"article","og_title":"Cardinale Arizmendi: La sfida di costruire l'Unit\u00e0 &#8211; Exaudi","og_description":"Se qualcuno ha bisogno di me, sono qui!","og_url":"https:\/\/exaudi.org\/it\/cardinale-arizmendi-la-sfida-di-costruire-lunita\/","og_site_name":"Exaudi","article_publisher":"https:\/\/www.facebook.com\/ExaudiNews","article_published_time":"2024-07-03T17:47:13+00:00","article_modified_time":"2024-07-03T22:54:21+00:00","og_image":[{"width":2560,"height":1707,"url":"https:\/\/exaudi.org\/wp-content\/uploads\/2024\/07\/pexels-magda-ehlers-pexels-1586950-scaled.jpg","type":"image\/jpeg"}],"author":"Cardenal Felipe Arizmendi","twitter_card":"summary_large_image","twitter_creator":"@Exaudi_News","twitter_site":"@Exaudi_News","twitter_misc":{"Scritto da":"Cardenal Felipe Arizmendi","Tempo di lettura stimato":"4 minuti"},"schema":{"@context":"https:\/\/schema.org","@graph":[{"@type":"Article","@id":"https:\/\/exaudi.org\/it\/cardinale-arizmendi-la-sfida-di-costruire-lunita\/#article","isPartOf":{"@id":"https:\/\/exaudi.org\/it\/cardinale-arizmendi-la-sfida-di-costruire-lunita\/"},"author":{"name":"Cardenal Felipe Arizmendi","@id":"https:\/\/exaudi.org\/#\/schema\/person\/c7d223f87e58f1105d044d8da1439102"},"headline":"Cardinale Arizmendi: La sfida di costruire l&#8217;Unit\u00e0","datePublished":"2024-07-03T17:47:13+00:00","dateModified":"2024-07-03T22:54:21+00:00","mainEntityOfPage":{"@id":"https:\/\/exaudi.org\/it\/cardinale-arizmendi-la-sfida-di-costruire-lunita\/"},"wordCount":800,"image":{"@id":"https:\/\/exaudi.org\/it\/cardinale-arizmendi-la-sfida-di-costruire-lunita\/#primaryimage"},"thumbnailUrl":"https:\/\/exaudi.org\/wp-content\/uploads\/2024\/07\/pexels-magda-ehlers-pexels-1586950-scaled.jpg","keywords":["BENE COMUNE DEL MESSICO","CARDINALE FELIPE ARIZMENDI ESQUIVEL","CONCILIO DI NICEA","CONFERENZA DELL'EPISCOPATO MESSICANO","DIALOGO E RICONCILIAZIONE","DIVISIONE NELLA CHIESA","ECCLESIALE UNIT\u00c0","ELEZIONI IN MESSICO","MESSAGGIO DELL'EPISCOPATO MESSICANO","PACE E ARMONIA","papa francisco","SFIDA DELLA COSTRUZIONE DELL'UNIT\u00c0","Trending","UNIT\u00c0 FAMILIARE","UNIT\u00c0 NAZIONALE"],"articleSection":["Voci"],"inLanguage":"it-IT"},{"@type":"WebPage","@id":"https:\/\/exaudi.org\/it\/cardinale-arizmendi-la-sfida-di-costruire-lunita\/","url":"https:\/\/exaudi.org\/it\/cardinale-arizmendi-la-sfida-di-costruire-lunita\/","name":"Cardinale Arizmendi: La sfida di costruire l'Unit\u00e0 &#8211; Exaudi","isPartOf":{"@id":"https:\/\/exaudi.org\/#website"},"primaryImageOfPage":{"@id":"https:\/\/exaudi.org\/it\/cardinale-arizmendi-la-sfida-di-costruire-lunita\/#primaryimage"},"image":{"@id":"https:\/\/exaudi.org\/it\/cardinale-arizmendi-la-sfida-di-costruire-lunita\/#primaryimage"},"thumbnailUrl":"https:\/\/exaudi.org\/wp-content\/uploads\/2024\/07\/pexels-magda-ehlers-pexels-1586950-scaled.jpg","datePublished":"2024-07-03T17:47:13+00:00","dateModified":"2024-07-03T22:54:21+00:00","author":{"@id":"https:\/\/exaudi.org\/#\/schema\/person\/c7d223f87e58f1105d044d8da1439102"},"breadcrumb":{"@id":"https:\/\/exaudi.org\/it\/cardinale-arizmendi-la-sfida-di-costruire-lunita\/#breadcrumb"},"inLanguage":"it-IT","potentialAction":[{"@type":"ReadAction","target":["https:\/\/exaudi.org\/it\/cardinale-arizmendi-la-sfida-di-costruire-lunita\/"]}]},{"@type":"ImageObject","inLanguage":"it-IT","@id":"https:\/\/exaudi.org\/it\/cardinale-arizmendi-la-sfida-di-costruire-lunita\/#primaryimage","url":"https:\/\/exaudi.org\/wp-content\/uploads\/2024\/07\/pexels-magda-ehlers-pexels-1586950-scaled.jpg","contentUrl":"https:\/\/exaudi.org\/wp-content\/uploads\/2024\/07\/pexels-magda-ehlers-pexels-1586950-scaled.jpg","width":2560,"height":1707,"caption":"Foto di Magda Ehlers: Pexels"},{"@type":"BreadcrumbList","@id":"https:\/\/exaudi.org\/it\/cardinale-arizmendi-la-sfida-di-costruire-lunita\/#breadcrumb","itemListElement":[{"@type":"ListItem","position":1,"name":"Portada","item":"https:\/\/exaudi.org\/it\/"},{"@type":"ListItem","position":2,"name":"Cardinale Arizmendi: La sfida di costruire l&#8217;Unit\u00e0"}]},{"@type":"WebSite","@id":"https:\/\/exaudi.org\/#website","url":"https:\/\/exaudi.org\/","name":"Exaudi","description":"News","potentialAction":[{"@type":"SearchAction","target":{"@type":"EntryPoint","urlTemplate":"https:\/\/exaudi.org\/?s={search_term_string}"},"query-input":{"@type":"PropertyValueSpecification","valueRequired":true,"valueName":"search_term_string"}}],"inLanguage":"it-IT"},{"@type":"Person","@id":"https:\/\/exaudi.org\/#\/schema\/person\/c7d223f87e58f1105d044d8da1439102","name":"Cardenal Felipe Arizmendi","image":{"@type":"ImageObject","inLanguage":"it-IT","@id":"https:\/\/secure.gravatar.com\/avatar\/4ffc5520d896b86d39346168903de33a17ef0f23d16de0ff45062c1ff422ed2f?s=96&d=mm&r=g","url":"https:\/\/secure.gravatar.com\/avatar\/4ffc5520d896b86d39346168903de33a17ef0f23d16de0ff45062c1ff422ed2f?s=96&d=mm&r=g","contentUrl":"https:\/\/secure.gravatar.com\/avatar\/4ffc5520d896b86d39346168903de33a17ef0f23d16de0ff45062c1ff422ed2f?s=96&d=mm&r=g","caption":"Cardenal Felipe Arizmendi"},"description":"Nacido en Chiltepec el 1 de mayo de 1940. Estudi\u00f3 Humanidades y Filosof\u00eda en el Seminario de Toluca, de 1952 a 1959. Curs\u00f3 la Teolog\u00eda en la Universidad Pontificia de Salamanca, Espa\u00f1a, de 1959 a 1963, obteniendo la licenciatura en Teolog\u00eda Dogm\u00e1tica. Por su cuenta, se especializ\u00f3 en Liturgia. Fue ordenado sacerdote el 25 de agosto de 1963 en Toluca. Sirvi\u00f3 como Vicario Parroquial en tres parroquias por tres a\u00f1os y medio y fue p\u00e1rroco de una comunidad ind\u00edgena otom\u00ed, de 1967 a 1970. Fue Director Espiritual del Seminario de Toluca por diez a\u00f1os, y Rector del mismo de 1981 a 1991. El 7 de marzo de 1991, fue ordenado obispo de la di\u00f3cesis de Tapachula, donde estuvo hasta el 30 de abril del a\u00f1o 2000. El 1 de mayo del 2000, inici\u00f3 su ministerio episcopal como XLVI obispo de la di\u00f3cesis de San Crist\u00f3bal de las Casas, Chiapas, una de las di\u00f3cesis m\u00e1s antiguas de M\u00e9xico, erigida en 1539; all\u00ed sirvi\u00f3 por casi 18 a\u00f1os. Ha ocupado diversos cargos en la Conferencia del Episcopado Mexicano y en el CELAM. El 3 de noviembre de 2017, el Papa Francisco le acept\u00f3, por edad, su renuncia al servicio episcopal en esta di\u00f3cesis, que entreg\u00f3 a su sucesor el 3 de enero de 2018. Desde entonces, reside en la ciudad de Toluca. Desde 1979, escribe art\u00edculos de actualidad en varios medios religiosos y civiles. Es autor de varias publicaciones.","url":"https:\/\/exaudi.org\/it\/author\/felipearizmendi\/"}]}},"jetpack_featured_media_url":"https:\/\/exaudi.org\/wp-content\/uploads\/2024\/07\/pexels-magda-ehlers-pexels-1586950-scaled.jpg","jetpack_shortlink":"https:\/\/wp.me\/pgKjF2-rbG","_links":{"self":[{"href":"https:\/\/exaudi.org\/it\/wp-json\/wp\/v2\/posts\/104512","targetHints":{"allow":["GET"]}}],"collection":[{"href":"https:\/\/exaudi.org\/it\/wp-json\/wp\/v2\/posts"}],"about":[{"href":"https:\/\/exaudi.org\/it\/wp-json\/wp\/v2\/types\/post"}],"author":[{"embeddable":true,"href":"https:\/\/exaudi.org\/it\/wp-json\/wp\/v2\/users\/24"}],"replies":[{"embeddable":true,"href":"https:\/\/exaudi.org\/it\/wp-json\/wp\/v2\/comments?post=104512"}],"version-history":[{"count":0,"href":"https:\/\/exaudi.org\/it\/wp-json\/wp\/v2\/posts\/104512\/revisions"}],"wp:featuredmedia":[{"embeddable":true,"href":"https:\/\/exaudi.org\/it\/wp-json\/wp\/v2\/media\/104372"}],"wp:attachment":[{"href":"https:\/\/exaudi.org\/it\/wp-json\/wp\/v2\/media?parent=104512"}],"wp:term":[{"taxonomy":"category","embeddable":true,"href":"https:\/\/exaudi.org\/it\/wp-json\/wp\/v2\/categories?post=104512"},{"taxonomy":"post_tag","embeddable":true,"href":"https:\/\/exaudi.org\/it\/wp-json\/wp\/v2\/tags?post=104512"}],"curies":[{"name":"wp","href":"https:\/\/api.w.org\/{rel}","templated":true}]}}