{"id":103942,"date":"2024-06-27T22:59:00","date_gmt":"2024-06-27T20:59:00","guid":{"rendered":"https:\/\/exaudi.org\/?p=103942"},"modified":"2024-06-27T22:59:00","modified_gmt":"2024-06-27T20:59:00","slug":"riflessione-di-mons-enrique-diaz-ragazza-alzati","status":"publish","type":"post","link":"https:\/\/exaudi.org\/it\/riflessione-di-mons-enrique-diaz-ragazza-alzati\/","title":{"rendered":"Riflessione di Mons. Enrique D\u00edaz: \u201cRagazza, alzati\u201d"},"content":{"rendered":"<p>Mons. Enrique D\u00edaz D\u00edaz condivide con i lettori di Exaudi la sua riflessione sul <a href=\"https:\/\/www.dominicos.org\/predicacion\/homilia\/30-6-2024\/lecturas\/\">Vangelo di questa domenica, 30 giugno 2024<\/a>, dal titolo: \u201cRagazza, alzati\u201d.<\/p>\n<p>***<\/p>\n<p>Sapienza 1, 13-15; 2,23-24: <em>&#8220;La morte \u00e8 entrata nel mondo per invidia del diavolo&#8221;<\/em><\/p>\n<p>Salmo 29: <em>\u201cTi loder\u00f2, Signore, per sempre\u201d<\/em><\/p>\n<p>II Corinzi 8, 7.9. 13-15: <em>&#8220;La tua abbondanza risolva il bisogno dei tuoi fratelli poveri&#8221;<\/em><\/p>\n<p>San Marco 5,21-43: <em>\u201cAscoltami, fanciulla, alzati!\u201d<\/em><\/p>\n<p>Gli ultimi censimenti rivelano dati gravi sulle nostre famiglie: sono frammentate e la donna spesso \u00e8 sola a mantenere ed educare i figli. Le donne affrontano non solo le difficolt\u00e0 del lavoro nei campi e dell\u2019allevamento dei figli, ma anche la discriminazione, il disprezzo e gli ostacoli che la nostra societ\u00e0 pone alle donne. Uomini e donne hanno davvero gli stessi diritti e le stesse opportunit\u00e0?<\/p>\n<p>Ci sono miracoli e azioni di Ges\u00f9 che alla nostra mentalit\u00e0 sembrano grandi, ma che non rispecchiano tutte le difficolt\u00e0 e le situazioni particolari in cui sono stati compiuti. Oggi ci vengono presentati due \u201cmiracoli\u201d che racchiudono contenuti molto profondi sia per quel tempo che per i nostri giorni. In linea di principio, le beneficiarie di questi miracoli, in entrambi i casi, sono le donne. Ma sono due donne che hanno avuto la sfortuna di essere condannate dalla legislazione e dai costumi ebraici. La sterilit\u00e0, la malattia e la morte senza figli sono viste come punizione divina e condanna per i peccati. Una donna che soffre di perdite di sangue da dodici anni e una ragazza che muore a dodici anni, senza raggiungere la pienezza della vita e senza lasciare prole, sono viste come impure e degne di punizione. Per Ges\u00f9 non \u00e8 cos\u00ec, per Lui non esiste l\u2019emarginazione sociale che queste comunit\u00e0 impongono alle donne e che \u00e8 accresciuta dalla malattia e dalla morte.<\/p>\n<p>La parola e l&#8217;esempio di Ges\u00f9 ci raggiungono insieme alle notizie che mostrano la grave situazione della prostituzione e della tratta di esseri umani in molte delle nostre citt\u00e0. Con scandalo si fa sapere che ragazze, ragazzi e adolescenti subiscono stupri e diventano merce per persone senza scrupoli che cercano solo il proprio tornaconto. Sono innumerevoli le donne che vengono violentate e violentate nelle loro stesse case; e anche nelle case \u201capparentemente regolari\u201d, alle donne viene spesso negato il diritto di parola e di autorealizzazione. Le statistiche nazionali sull\u2019istruzione hanno mostrato una volta il grave deterioramento del nostro sistema educativo, con un peggioramento nelle aree pi\u00f9 povere, e all\u2019ultimo posto compaiono le donne. Discriminati, accusati, umiliati e poco riconosciuti in una societ\u00e0 che reclama diritti e dice di lottare per la vita. Cosa dobbiamo fare come cristiani? Cosa ci chiede Ges\u00f9 nel Vangelo?<\/p>\n<p>Ges\u00f9 appare innanzitutto come il grande liberatore, fuori e contro le leggi della purezza. Non si chiude in un facile messianismo, ma sfida piuttosto le incoerenze di una legge che schiavizza. Non si nasconde in prescrizioni di purezza, ma si lascia toccare e tocca sia chi \u00e8 considerato impuro sia chi \u00e8 gi\u00e0 morto. In entrambi i casi trasgredisce, libera e supera una religione legalistica, incapace di guarire e di donare la vita. Ma Ges\u00f9 \u00e8 questo, \u00e8 sempre vicino, non condanna mai e sempre salva la dignit\u00e0 e la vita della persona. Cerca di fare del bene e valorizza ogni persona, anche se questo gli porta problemi. Ma lo fa anche in modo molto discreto, come se non fosse propriamente coinvolto, ma lasciasse invece il ruolo prima alla malata e poi al padre della ragazza. Inoltre, mette in risalto la fede di ciascuno di loro e il \u201cmiracolo\u201d avviene perch\u00e9 \u201channo avuto fede\u201d. Non \u00e8 l&#8217;atteggiamento paternalistico di chi risolve tutto; ma \u00e8 l&#8217;atteggiamento dell&#8217;amico che si avvicina per ricevere la mano che si tende chiedendo aiuto.<\/p>\n<p>In entrambi i miracoli, Ges\u00f9 non solo guarisce, ma \u201csalva\u201d, andando ben oltre il risultato fisico. La salute delle persone \u00e8 molto importante, ma molto pi\u00f9 importante \u00e8 la pienezza della vita e della salvezza. Dobbiamo sforzarci di sanare e sanare le ferite che questo mondo pazzo lascia nelle persone, ma molto di pi\u00f9 cercando strutture giuste che facciano vivere ogni persona come figlio di Dio e soprattutto in questo giorno la nostra preoccupazione e la nostra attenzione si concentreranno sulle difficolt\u00e0 situazione che molte donne attraversano in una societ\u00e0 che nega loro un posto dignitoso. L&#8217;atteggiamento di Ges\u00f9 verso ciascuno di essi \u00e8 una rivendicazione per noi come Chiesa e come societ\u00e0. La situazione in cui si trovano non \u00e8 giusta, n\u00e9 in famiglia, n\u00e9 nel lavoro, n\u00e9 nell&#8217;istruzione, n\u00e9 nel rispetto della loro dignit\u00e0 di persone. Al suggerimento di non disturbare pi\u00f9 Cristo di fronte alla morte della ragazza, Cristo risponde con una parola incoraggiante: \u201cNon abbiate paura. \u00c8 sufficiente che tu abbia fede\u201d. Per chi dice che non c&#8217;\u00e8 niente da fare e sprofonda nel pessimismo, sono le stesse parole. Per quelle donne che sono stanche di lottare cos\u00ec tanto, arrivano come un incentivo che le aiuta a rafforzare i loro cuori.<\/p>\n<p>Le parole di Ges\u00f9 che salv\u00f2 dalla morte quella ragazza continuano a risuonare per tutte le donne che sentono di aver smarrito la strada e di non avere il coraggio di rialzarsi: \u201cFiglia, alzati\u201d. \u00c8 vero che la strada \u00e8 ardua, \u00e8 vero che la societ\u00e0 non d\u00e0 nulla, \u00e8 vero che sembrerebbe pi\u00f9 facile cadere negli orpelli della vita facile consona ad una societ\u00e0 consumistica. Ma la parola di Ges\u00f9 ha la virt\u00f9 di risollevarci, di donarci speranza e di cercare ancora una volta una vita pi\u00f9 dignitosa e piena di salvezza. Abbiamo il grande compito come discepoli di Ges\u00f9 di imitare il nostro maestro. Dobbiamo costruire nuove situazioni di rispetto e dignit\u00e0 per ciascuno dei loro figli e figlie. Ci chiede anche di rialzarci, di avere fede, di non lasciarci dominare dalla paura e dai vincoli di una tradizione. Come Chiesa, dobbiamo dare molto riconoscimento e apprezzamento al lavoro apostolico, catechetico e di vita che le donne svolgono nel nostro ambiente ecclesiale.<\/p>\n<p>Padre di bont\u00e0, che con la tua grazia ci hai resi figli della luce, donaci di vivere fuori dalle tenebre dell&#8217;errore e di rimanere sempre nello splendore della verit\u00e0. Amen.<\/p>\n","protected":false},"excerpt":{"rendered":"<p>13a domenica ordinaria<\/p>\n","protected":false},"author":25,"featured_media":103874,"comment_status":"closed","ping_status":"closed","sticky":false,"template":"","format":"standard","meta":{"_acf_changed":false,"_crdt_document":"","inline_featured_image":false,"footnotes":""},"categories":[73,95],"tags":[10963,10964,4952,706],"class_list":["post-103942","post","type-post","status-publish","format-standard","has-post-thumbnail","hentry","category-chiesa-e-mondo","category-spiritualita","tag-enrique-diaz-2","tag-riflessione","tag-trending-it","tag-vangelo"],"acf":[],"yoast_head":"<!-- This site is optimized with the Yoast SEO plugin v27.5 - https:\/\/yoast.com\/product\/yoast-seo-wordpress\/ -->\n<title>Riflessione di Mons. Enrique D\u00edaz: \u201cRagazza, alzati\u201d &#8211; Exaudi<\/title>\n<meta name=\"robots\" content=\"index, follow, max-snippet:-1, max-image-preview:large, max-video-preview:-1\" \/>\n<link rel=\"canonical\" href=\"https:\/\/exaudi.org\/it\/riflessione-di-mons-enrique-diaz-ragazza-alzati\/\" \/>\n<meta property=\"og:locale\" content=\"it_IT\" \/>\n<meta property=\"og:type\" content=\"article\" \/>\n<meta property=\"og:title\" content=\"Riflessione di Mons. Enrique D\u00edaz: \u201cRagazza, alzati\u201d &#8211; Exaudi\" \/>\n<meta property=\"og:description\" content=\"13a domenica ordinaria\" \/>\n<meta property=\"og:url\" content=\"https:\/\/exaudi.org\/it\/riflessione-di-mons-enrique-diaz-ragazza-alzati\/\" \/>\n<meta property=\"og:site_name\" content=\"Exaudi\" \/>\n<meta property=\"article:publisher\" content=\"https:\/\/www.facebook.com\/ExaudiNews\" \/>\n<meta property=\"article:published_time\" content=\"2024-06-27T20:59:00+00:00\" \/>\n<meta property=\"og:image\" content=\"https:\/\/exaudi.org\/wp-content\/uploads\/2024\/06\/girl-986638_1280.jpg\" \/>\n\t<meta property=\"og:image:width\" content=\"1280\" \/>\n\t<meta property=\"og:image:height\" content=\"761\" \/>\n\t<meta property=\"og:image:type\" content=\"image\/jpeg\" \/>\n<meta name=\"author\" content=\"Enrique D\u00edaz\" \/>\n<meta name=\"twitter:card\" content=\"summary_large_image\" \/>\n<meta name=\"twitter:creator\" content=\"@Exaudi_News\" \/>\n<meta name=\"twitter:site\" content=\"@Exaudi_News\" \/>\n<meta name=\"twitter:label1\" content=\"Scritto da\" \/>\n\t<meta name=\"twitter:data1\" content=\"Enrique D\u00edaz\" \/>\n\t<meta name=\"twitter:label2\" content=\"Tempo di lettura stimato\" \/>\n\t<meta name=\"twitter:data2\" content=\"5 minuti\" \/>\n<script type=\"application\/ld+json\" class=\"yoast-schema-graph\">{\"@context\":\"https:\\\/\\\/schema.org\",\"@graph\":[{\"@type\":\"Article\",\"@id\":\"https:\\\/\\\/exaudi.org\\\/it\\\/riflessione-di-mons-enrique-diaz-ragazza-alzati\\\/#article\",\"isPartOf\":{\"@id\":\"https:\\\/\\\/exaudi.org\\\/it\\\/riflessione-di-mons-enrique-diaz-ragazza-alzati\\\/\"},\"author\":{\"name\":\"Enrique D\u00edaz\",\"@id\":\"https:\\\/\\\/exaudi.org\\\/#\\\/schema\\\/person\\\/c02ffbd10830fa375f6882f7dcf1844d\"},\"headline\":\"Riflessione di Mons. Enrique D\u00edaz: \u201cRagazza, alzati\u201d\",\"datePublished\":\"2024-06-27T20:59:00+00:00\",\"mainEntityOfPage\":{\"@id\":\"https:\\\/\\\/exaudi.org\\\/it\\\/riflessione-di-mons-enrique-diaz-ragazza-alzati\\\/\"},\"wordCount\":1014,\"image\":{\"@id\":\"https:\\\/\\\/exaudi.org\\\/it\\\/riflessione-di-mons-enrique-diaz-ragazza-alzati\\\/#primaryimage\"},\"thumbnailUrl\":\"https:\\\/\\\/exaudi.org\\\/wp-content\\\/uploads\\\/2024\\\/06\\\/girl-986638_1280.jpg\",\"keywords\":[\"ENRIQUE D\u00cdAZ\",\"RIFLESSIONE\",\"Trending\",\"Vangelo\"],\"articleSection\":[\"Chiesa e Mondo\",\"Spiritualit\u00e0\"],\"inLanguage\":\"it-IT\"},{\"@type\":\"WebPage\",\"@id\":\"https:\\\/\\\/exaudi.org\\\/it\\\/riflessione-di-mons-enrique-diaz-ragazza-alzati\\\/\",\"url\":\"https:\\\/\\\/exaudi.org\\\/it\\\/riflessione-di-mons-enrique-diaz-ragazza-alzati\\\/\",\"name\":\"Riflessione di Mons. Enrique D\u00edaz: \u201cRagazza, alzati\u201d &#8211; Exaudi\",\"isPartOf\":{\"@id\":\"https:\\\/\\\/exaudi.org\\\/#website\"},\"primaryImageOfPage\":{\"@id\":\"https:\\\/\\\/exaudi.org\\\/it\\\/riflessione-di-mons-enrique-diaz-ragazza-alzati\\\/#primaryimage\"},\"image\":{\"@id\":\"https:\\\/\\\/exaudi.org\\\/it\\\/riflessione-di-mons-enrique-diaz-ragazza-alzati\\\/#primaryimage\"},\"thumbnailUrl\":\"https:\\\/\\\/exaudi.org\\\/wp-content\\\/uploads\\\/2024\\\/06\\\/girl-986638_1280.jpg\",\"datePublished\":\"2024-06-27T20:59:00+00:00\",\"author\":{\"@id\":\"https:\\\/\\\/exaudi.org\\\/#\\\/schema\\\/person\\\/c02ffbd10830fa375f6882f7dcf1844d\"},\"breadcrumb\":{\"@id\":\"https:\\\/\\\/exaudi.org\\\/it\\\/riflessione-di-mons-enrique-diaz-ragazza-alzati\\\/#breadcrumb\"},\"inLanguage\":\"it-IT\",\"potentialAction\":[{\"@type\":\"ReadAction\",\"target\":[\"https:\\\/\\\/exaudi.org\\\/it\\\/riflessione-di-mons-enrique-diaz-ragazza-alzati\\\/\"]}]},{\"@type\":\"ImageObject\",\"inLanguage\":\"it-IT\",\"@id\":\"https:\\\/\\\/exaudi.org\\\/it\\\/riflessione-di-mons-enrique-diaz-ragazza-alzati\\\/#primaryimage\",\"url\":\"https:\\\/\\\/exaudi.org\\\/wp-content\\\/uploads\\\/2024\\\/06\\\/girl-986638_1280.jpg\",\"contentUrl\":\"https:\\\/\\\/exaudi.org\\\/wp-content\\\/uploads\\\/2024\\\/06\\\/girl-986638_1280.jpg\",\"width\":1280,\"height\":761},{\"@type\":\"BreadcrumbList\",\"@id\":\"https:\\\/\\\/exaudi.org\\\/it\\\/riflessione-di-mons-enrique-diaz-ragazza-alzati\\\/#breadcrumb\",\"itemListElement\":[{\"@type\":\"ListItem\",\"position\":1,\"name\":\"Portada\",\"item\":\"https:\\\/\\\/exaudi.org\\\/it\\\/\"},{\"@type\":\"ListItem\",\"position\":2,\"name\":\"Riflessione di Mons. Enrique D\u00edaz: \u201cRagazza, alzati\u201d\"}]},{\"@type\":\"WebSite\",\"@id\":\"https:\\\/\\\/exaudi.org\\\/#website\",\"url\":\"https:\\\/\\\/exaudi.org\\\/\",\"name\":\"Exaudi\",\"description\":\"News\",\"potentialAction\":[{\"@type\":\"SearchAction\",\"target\":{\"@type\":\"EntryPoint\",\"urlTemplate\":\"https:\\\/\\\/exaudi.org\\\/?s={search_term_string}\"},\"query-input\":{\"@type\":\"PropertyValueSpecification\",\"valueRequired\":true,\"valueName\":\"search_term_string\"}}],\"inLanguage\":\"it-IT\"},{\"@type\":\"Person\",\"@id\":\"https:\\\/\\\/exaudi.org\\\/#\\\/schema\\\/person\\\/c02ffbd10830fa375f6882f7dcf1844d\",\"name\":\"Enrique D\u00edaz\",\"image\":{\"@type\":\"ImageObject\",\"inLanguage\":\"it-IT\",\"@id\":\"https:\\\/\\\/secure.gravatar.com\\\/avatar\\\/7ca10be5325a95d04b74082d68ba605aa69611eb0f68f47096cb1bc349873284?s=96&d=mm&r=g\",\"url\":\"https:\\\/\\\/secure.gravatar.com\\\/avatar\\\/7ca10be5325a95d04b74082d68ba605aa69611eb0f68f47096cb1bc349873284?s=96&d=mm&r=g\",\"contentUrl\":\"https:\\\/\\\/secure.gravatar.com\\\/avatar\\\/7ca10be5325a95d04b74082d68ba605aa69611eb0f68f47096cb1bc349873284?s=96&d=mm&r=g\",\"caption\":\"Enrique D\u00edaz\"},\"description\":\"Naci\u00f3 en Huandacareo, Michoac\u00e1n, M\u00e9xico, en 1952. Realiz\u00f3 sus estudios de Filosof\u00eda y Teolog\u00eda en el Seminario de Morelia. Ordenado di\u00e1cono el 22 de mayo de 1977, y presb\u00edtero el 23 de octubre del mismo a\u00f1o. Obtuvo la Licenciatura en Sagrada Escritura en el Pontificio Instituto B\u00edblico en Roma. Ha desarrollado m\u00faltiples encargos pastorales como el de capell\u00e1n de la rector\u00eda de las Tres Aves Mar\u00edas; responsable de la Pastoral B\u00edblica Diocesana y director de la Escuela B\u00edblica en Morelia; maestro de Biblia en el Seminario Conciliar de Morelia, p\u00e1rroco de la Parroquia de Nuestra Se\u00f1ora de Guadalupe, Col. Guadalupe, Morelia; o vicario episcopal para la Zona de Nuestra Se\u00f1ora de la Luz, P\u00e1tzcuaro. Ordenado obispo auxiliar de san Crist\u00f3bal de las Casas en 2003. En la Conferencia Episcopal form\u00f3 parte de las Comisiones de Biblia, Diaconado y Ministerios Laicales. Fue responsable de las Dimensiones de Ministerios Laicales, de Educaci\u00f3n y Cultura. Ha participado en encuentros latinoamericanos y mundiales sobre el Diaconado Permanente. Actualmente es el responsable de la Dimensi\u00f3n de Pastoral de la Cultura. Particip\u00f3 como Miembro del S\u00ednodo de Obispos sobre la Palabra de Dios en la Vida y Misi\u00f3n de la Iglesia en Roma, en 2008. Recibi\u00f3 el nombramiento de obispo coadjutor de San Crist\u00f3bal de las Casas en 2014. Nombrado II obispo de Irapuato el d\u00eda 11 de marzo, tom\u00f3 posesi\u00f3n el 19 de Mayo. Colabora en varias revistas y publicaciones sobre todo con la reflexi\u00f3n diaria y dominical tanto en audio como escrita.\",\"url\":\"https:\\\/\\\/exaudi.org\\\/it\\\/author\\\/enriquediaz\\\/\"}]}<\/script>\n<!-- \/ Yoast SEO plugin. -->","yoast_head_json":{"title":"Riflessione di Mons. Enrique D\u00edaz: \u201cRagazza, alzati\u201d &#8211; Exaudi","robots":{"index":"index","follow":"follow","max-snippet":"max-snippet:-1","max-image-preview":"max-image-preview:large","max-video-preview":"max-video-preview:-1"},"canonical":"https:\/\/exaudi.org\/it\/riflessione-di-mons-enrique-diaz-ragazza-alzati\/","og_locale":"it_IT","og_type":"article","og_title":"Riflessione di Mons. Enrique D\u00edaz: \u201cRagazza, alzati\u201d &#8211; Exaudi","og_description":"13a domenica ordinaria","og_url":"https:\/\/exaudi.org\/it\/riflessione-di-mons-enrique-diaz-ragazza-alzati\/","og_site_name":"Exaudi","article_publisher":"https:\/\/www.facebook.com\/ExaudiNews","article_published_time":"2024-06-27T20:59:00+00:00","og_image":[{"width":1280,"height":761,"url":"https:\/\/exaudi.org\/wp-content\/uploads\/2024\/06\/girl-986638_1280.jpg","type":"image\/jpeg"}],"author":"Enrique D\u00edaz","twitter_card":"summary_large_image","twitter_creator":"@Exaudi_News","twitter_site":"@Exaudi_News","twitter_misc":{"Scritto da":"Enrique D\u00edaz","Tempo di lettura stimato":"5 minuti"},"schema":{"@context":"https:\/\/schema.org","@graph":[{"@type":"Article","@id":"https:\/\/exaudi.org\/it\/riflessione-di-mons-enrique-diaz-ragazza-alzati\/#article","isPartOf":{"@id":"https:\/\/exaudi.org\/it\/riflessione-di-mons-enrique-diaz-ragazza-alzati\/"},"author":{"name":"Enrique D\u00edaz","@id":"https:\/\/exaudi.org\/#\/schema\/person\/c02ffbd10830fa375f6882f7dcf1844d"},"headline":"Riflessione di Mons. Enrique D\u00edaz: \u201cRagazza, alzati\u201d","datePublished":"2024-06-27T20:59:00+00:00","mainEntityOfPage":{"@id":"https:\/\/exaudi.org\/it\/riflessione-di-mons-enrique-diaz-ragazza-alzati\/"},"wordCount":1014,"image":{"@id":"https:\/\/exaudi.org\/it\/riflessione-di-mons-enrique-diaz-ragazza-alzati\/#primaryimage"},"thumbnailUrl":"https:\/\/exaudi.org\/wp-content\/uploads\/2024\/06\/girl-986638_1280.jpg","keywords":["ENRIQUE D\u00cdAZ","RIFLESSIONE","Trending","Vangelo"],"articleSection":["Chiesa e Mondo","Spiritualit\u00e0"],"inLanguage":"it-IT"},{"@type":"WebPage","@id":"https:\/\/exaudi.org\/it\/riflessione-di-mons-enrique-diaz-ragazza-alzati\/","url":"https:\/\/exaudi.org\/it\/riflessione-di-mons-enrique-diaz-ragazza-alzati\/","name":"Riflessione di Mons. Enrique D\u00edaz: \u201cRagazza, alzati\u201d &#8211; Exaudi","isPartOf":{"@id":"https:\/\/exaudi.org\/#website"},"primaryImageOfPage":{"@id":"https:\/\/exaudi.org\/it\/riflessione-di-mons-enrique-diaz-ragazza-alzati\/#primaryimage"},"image":{"@id":"https:\/\/exaudi.org\/it\/riflessione-di-mons-enrique-diaz-ragazza-alzati\/#primaryimage"},"thumbnailUrl":"https:\/\/exaudi.org\/wp-content\/uploads\/2024\/06\/girl-986638_1280.jpg","datePublished":"2024-06-27T20:59:00+00:00","author":{"@id":"https:\/\/exaudi.org\/#\/schema\/person\/c02ffbd10830fa375f6882f7dcf1844d"},"breadcrumb":{"@id":"https:\/\/exaudi.org\/it\/riflessione-di-mons-enrique-diaz-ragazza-alzati\/#breadcrumb"},"inLanguage":"it-IT","potentialAction":[{"@type":"ReadAction","target":["https:\/\/exaudi.org\/it\/riflessione-di-mons-enrique-diaz-ragazza-alzati\/"]}]},{"@type":"ImageObject","inLanguage":"it-IT","@id":"https:\/\/exaudi.org\/it\/riflessione-di-mons-enrique-diaz-ragazza-alzati\/#primaryimage","url":"https:\/\/exaudi.org\/wp-content\/uploads\/2024\/06\/girl-986638_1280.jpg","contentUrl":"https:\/\/exaudi.org\/wp-content\/uploads\/2024\/06\/girl-986638_1280.jpg","width":1280,"height":761},{"@type":"BreadcrumbList","@id":"https:\/\/exaudi.org\/it\/riflessione-di-mons-enrique-diaz-ragazza-alzati\/#breadcrumb","itemListElement":[{"@type":"ListItem","position":1,"name":"Portada","item":"https:\/\/exaudi.org\/it\/"},{"@type":"ListItem","position":2,"name":"Riflessione di Mons. Enrique D\u00edaz: \u201cRagazza, alzati\u201d"}]},{"@type":"WebSite","@id":"https:\/\/exaudi.org\/#website","url":"https:\/\/exaudi.org\/","name":"Exaudi","description":"News","potentialAction":[{"@type":"SearchAction","target":{"@type":"EntryPoint","urlTemplate":"https:\/\/exaudi.org\/?s={search_term_string}"},"query-input":{"@type":"PropertyValueSpecification","valueRequired":true,"valueName":"search_term_string"}}],"inLanguage":"it-IT"},{"@type":"Person","@id":"https:\/\/exaudi.org\/#\/schema\/person\/c02ffbd10830fa375f6882f7dcf1844d","name":"Enrique D\u00edaz","image":{"@type":"ImageObject","inLanguage":"it-IT","@id":"https:\/\/secure.gravatar.com\/avatar\/7ca10be5325a95d04b74082d68ba605aa69611eb0f68f47096cb1bc349873284?s=96&d=mm&r=g","url":"https:\/\/secure.gravatar.com\/avatar\/7ca10be5325a95d04b74082d68ba605aa69611eb0f68f47096cb1bc349873284?s=96&d=mm&r=g","contentUrl":"https:\/\/secure.gravatar.com\/avatar\/7ca10be5325a95d04b74082d68ba605aa69611eb0f68f47096cb1bc349873284?s=96&d=mm&r=g","caption":"Enrique D\u00edaz"},"description":"Naci\u00f3 en Huandacareo, Michoac\u00e1n, M\u00e9xico, en 1952. Realiz\u00f3 sus estudios de Filosof\u00eda y Teolog\u00eda en el Seminario de Morelia. Ordenado di\u00e1cono el 22 de mayo de 1977, y presb\u00edtero el 23 de octubre del mismo a\u00f1o. Obtuvo la Licenciatura en Sagrada Escritura en el Pontificio Instituto B\u00edblico en Roma. Ha desarrollado m\u00faltiples encargos pastorales como el de capell\u00e1n de la rector\u00eda de las Tres Aves Mar\u00edas; responsable de la Pastoral B\u00edblica Diocesana y director de la Escuela B\u00edblica en Morelia; maestro de Biblia en el Seminario Conciliar de Morelia, p\u00e1rroco de la Parroquia de Nuestra Se\u00f1ora de Guadalupe, Col. Guadalupe, Morelia; o vicario episcopal para la Zona de Nuestra Se\u00f1ora de la Luz, P\u00e1tzcuaro. Ordenado obispo auxiliar de san Crist\u00f3bal de las Casas en 2003. En la Conferencia Episcopal form\u00f3 parte de las Comisiones de Biblia, Diaconado y Ministerios Laicales. Fue responsable de las Dimensiones de Ministerios Laicales, de Educaci\u00f3n y Cultura. Ha participado en encuentros latinoamericanos y mundiales sobre el Diaconado Permanente. Actualmente es el responsable de la Dimensi\u00f3n de Pastoral de la Cultura. Particip\u00f3 como Miembro del S\u00ednodo de Obispos sobre la Palabra de Dios en la Vida y Misi\u00f3n de la Iglesia en Roma, en 2008. Recibi\u00f3 el nombramiento de obispo coadjutor de San Crist\u00f3bal de las Casas en 2014. Nombrado II obispo de Irapuato el d\u00eda 11 de marzo, tom\u00f3 posesi\u00f3n el 19 de Mayo. Colabora en varias revistas y publicaciones sobre todo con la reflexi\u00f3n diaria y dominical tanto en audio como escrita.","url":"https:\/\/exaudi.org\/it\/author\/enriquediaz\/"}]}},"jetpack_featured_media_url":"https:\/\/exaudi.org\/wp-content\/uploads\/2024\/06\/girl-986638_1280.jpg","jetpack_shortlink":"https:\/\/wp.me\/pgKjF2-r2u","_links":{"self":[{"href":"https:\/\/exaudi.org\/it\/wp-json\/wp\/v2\/posts\/103942","targetHints":{"allow":["GET"]}}],"collection":[{"href":"https:\/\/exaudi.org\/it\/wp-json\/wp\/v2\/posts"}],"about":[{"href":"https:\/\/exaudi.org\/it\/wp-json\/wp\/v2\/types\/post"}],"author":[{"embeddable":true,"href":"https:\/\/exaudi.org\/it\/wp-json\/wp\/v2\/users\/25"}],"replies":[{"embeddable":true,"href":"https:\/\/exaudi.org\/it\/wp-json\/wp\/v2\/comments?post=103942"}],"version-history":[{"count":0,"href":"https:\/\/exaudi.org\/it\/wp-json\/wp\/v2\/posts\/103942\/revisions"}],"wp:featuredmedia":[{"embeddable":true,"href":"https:\/\/exaudi.org\/it\/wp-json\/wp\/v2\/media\/103874"}],"wp:attachment":[{"href":"https:\/\/exaudi.org\/it\/wp-json\/wp\/v2\/media?parent=103942"}],"wp:term":[{"taxonomy":"category","embeddable":true,"href":"https:\/\/exaudi.org\/it\/wp-json\/wp\/v2\/categories?post=103942"},{"taxonomy":"post_tag","embeddable":true,"href":"https:\/\/exaudi.org\/it\/wp-json\/wp\/v2\/tags?post=103942"}],"curies":[{"name":"wp","href":"https:\/\/api.w.org\/{rel}","templated":true}]}}