{"id":103809,"date":"2025-06-26T16:51:57","date_gmt":"2025-06-26T14:51:57","guid":{"rendered":"https:\/\/exaudi.org\/?p=103809"},"modified":"2025-06-26T21:27:53","modified_gmt":"2025-06-26T19:27:53","slug":"la-predicazione-di-san-josemaria-sul-matrimonio","status":"publish","type":"post","link":"https:\/\/exaudi.org\/it\/la-predicazione-di-san-josemaria-sul-matrimonio\/","title":{"rendered":"La predicazione di San Josemar\u00eda sul matrimonio"},"content":{"rendered":"<p><a href=\"http:\/\/Rafael de Mosteyr\u00edn, sacerdote della prelatura dell'Opus Dei e cappellano della CEC Torrealba, propone questo articolo sulla predicazione di san Josemar\u00eda sul matrimonio. *** Papa Francesco ha nominato il 2022 Anno della Famiglia. Il suo desiderio era quello di mettere in risalto la pratica della vita cristiana nella famiglia e a partire dalla famiglia. Ogni 26 giugno, precisamente, si celebra la festa di San Josemar\u00eda Escriv\u00e1 de Balaguer. Pensiamo sia un'occasione per ricordare l'importanza della sua predicazione sul matrimonio, racchiusa nel suo messaggio centrale. La dottrina spirituale di san Josemar\u00eda sul matrimonio e sulla vita familiare ha una profondit\u00e0 e una ricchezza enormi. Il messaggio di san Josemar\u00eda \u00e8 molto innovativo sotto diversi aspetti specifici, uno dei quali \u00e8 che il matrimonio \u00e8 una vera vocazione, un cammino di santit\u00e0. Una conseguenza immediata \u00e8, quindi, l'attualit\u00e0 del pensiero teologico-spirituale di san Josemar\u00eda per la pastorale della vita familiare. Fin dalla fondazione dell'Opus Dei, la sua predicazione \u00e8 consistita nel diffondere la chiamata universale alla santit\u00e0. La santificazione delle realt\u00e0 temporali si pone come nucleo centrale del suo messaggio e comprende, al centro, il matrimonio e la vita familiare. San Giovanni Paolo II defin\u00ec san Josemar\u00eda il santo dell'ordinario nell'omelia del 6 ottobre 2002, giorno della sua canonizzazione. Questo \u00e8 un elogio degno di considerazione per il fondatore dell'Opus Dei che ci mostra, con la sua vita, la grandezza della vita ordinaria. In questo senso, evidenziamo le seguenti idee. San Josemar\u00eda inizi\u00f2 la sua predicazione quasi un secolo fa. Grazie all'analisi delle edizioni critiche della pubblicazione di san Josemar\u00eda e ad altri studi, possiamo affermare che fin dall'inizio della sua attivit\u00e0 pastorale egli predic\u00f2 il matrimonio come vocazione alla santit\u00e0. La chiarezza di questa idea ha una radice indiscutibile: il 2 ottobre 1928, quando san Josemar\u00eda vide l'Opus Dei. San Josemar\u00eda si distinse nel suo tempo per un modo audace di affrontare il matrimonio e la vita familiare, come un cammino pieno di santit\u00e0. Il matrimonio concede la grazia di santificare quello stato di vita. \u00c8 un autentico cammino di santit\u00e0 perch\u00e9 Dio dona le grazie necessarie attraverso la vocazione matrimoniale. Allo stesso tempo richiede lo sviluppo delle virt\u00f9 teologali e morali nella casa familiare. Il fondamento teologico della dottrina di san Josemar\u00eda, sulla santit\u00e0 della vita matrimoniale, \u00e8 nel mistero dell'Incarnazione del Verbo e dell'incorporazione dei battezzati a Cristo, mediante il Battesimo. San Josemar\u00eda diffondeva un messaggio di santit\u00e0 sempre giovane che propone di cercare, conoscere e amare Ges\u00f9 Cristo. Per la stragrande maggioranza delle persone questa santit\u00e0 si sviluppa attraverso la famiglia e il lavoro. A ciascuno di noi \u00e8 offerta una risposta personale a questa chiamata universale \u2013 ricordata da san Josemar\u00eda fin dal 1928 \u2013 alla santit\u00e0 e all'apostolato. Guida per conoscere meglio San Josemar\u00eda. Enviar comentarios Paneles laterales Historial Guardado\">Rafael de Mosteyr\u00edn<\/a>, sacerdote della prelatura dell&#8217;<a href=\"https:\/\/opusdei.org\/es-es\/\">Opus Dei<\/a> e cappellano della CEC Torrealba, propone questo articolo sulla predicazione di <a href=\"https:\/\/exaudi.org\/es\/san-josemaria-escriva-de-balaguer-26-junio\/\">san Josemar\u00eda<\/a> sul matrimonio.<\/p>\n<p>***<\/p>\n<p>Papa Francesco ha nominato il 2022 Anno della Famiglia. Il suo desiderio era quello di mettere in risalto la pratica della vita cristiana nella famiglia e a partire dalla famiglia. Ogni 26 giugno, precisamente, si celebra la festa di <a href=\"https:\/\/exaudi.org\/es\/san-josemaria-escriva-de-balaguer-26-junio\/\">San Josemar\u00eda Escriv\u00e1 de Balaguer<\/a>.<\/p>\n<p>Pensiamo sia un&#8217;occasione per ricordare l&#8217;importanza della sua predicazione sul matrimonio, racchiusa nel suo messaggio centrale.<\/p>\n<p>La dottrina spirituale di san Josemar\u00eda sul matrimonio e sulla vita familiare ha una profondit\u00e0 e una ricchezza enormi. Il messaggio di san Josemar\u00eda \u00e8 molto innovativo sotto diversi aspetti specifici, uno dei quali \u00e8 che il matrimonio \u00e8 una vera vocazione, un cammino di santit\u00e0.<\/p>\n<p>Una conseguenza immediata \u00e8, quindi, l&#8217;attualit\u00e0 del pensiero teologico-spirituale di san Josemar\u00eda per la pastorale della vita familiare. Fin dalla fondazione dell&#8217;Opus Dei, la sua predicazione \u00e8 consistita nel diffondere la chiamata universale alla santit\u00e0. La santificazione delle realt\u00e0 temporali si pone come nucleo centrale del suo messaggio e comprende, al centro, il matrimonio e la vita familiare.<\/p>\n<p>San Giovanni Paolo II defin\u00ec san Josemar\u00eda il <em>santo dell&#8217;ordinario<\/em> nell&#8217;omelia del 6 ottobre 2002, giorno della sua canonizzazione. Questo \u00e8 un elogio degno di considerazione per il fondatore dell&#8217;Opus Dei che ci mostra, con la sua vita, la grandezza della vita ordinaria.<\/p>\n<p>In questo senso, evidenziamo le seguenti idee.<\/p>\n<ol>\n<li>San Josemar\u00eda inizi\u00f2 la sua predicazione quasi un secolo fa. Grazie all&#8217;analisi delle edizioni critiche della pubblicazione di san Josemar\u00eda e ad altri studi, possiamo affermare che fin dall&#8217;inizio della sua attivit\u00e0 pastorale egli predic\u00f2 il matrimonio come vocazione alla santit\u00e0. La chiarezza di questa idea ha una radice indiscutibile: il 2 ottobre 1928, quando san Josemar\u00eda <em>vide<\/em> l&#8217;Opus Dei.<\/li>\n<li>San Josemar\u00eda si distinse nel suo tempo per un modo audace di affrontare il matrimonio e la vita familiare, come un cammino pieno di santit\u00e0. Il matrimonio concede la grazia di santificare quello stato di vita. \u00c8 un autentico cammino di santit\u00e0 perch\u00e9 Dio dona le grazie necessarie attraverso la vocazione matrimoniale. Allo stesso tempo richiede lo sviluppo delle virt\u00f9 teologali e morali nella casa familiare.<\/li>\n<\/ol>\n<p>Il fondamento teologico della dottrina di san Josemar\u00eda, sulla santit\u00e0 della vita matrimoniale, \u00e8 nel mistero dell&#8217;Incarnazione del Verbo e dell&#8217;incorporazione dei battezzati a Cristo, mediante il Battesimo.<\/p>\n<p>San Josemar\u00eda diffondeva un messaggio di santit\u00e0 sempre giovane che propone di cercare, conoscere e amare Ges\u00f9 Cristo. Per la stragrande maggioranza delle persone questa santit\u00e0 si sviluppa attraverso la famiglia e il lavoro. A ciascuno di noi \u00e8 offerta una risposta personale a questa chiamata universale \u2013 ricordata da san Josemar\u00eda fin dal 1928 \u2013 alla santit\u00e0 e all&#8217;apostolato.<\/p>\n<p><a href=\"https:\/\/opusdei.org\/es-es\/page\/guia-conocer-josemaria-escriva-balaguer\/\">Guida per conoscere meglio San Josemar\u00eda.<\/a><\/p>\n","protected":false},"excerpt":{"rendered":"<p>San Josemar\u00eda diffondeva un messaggio di santit\u00e0 sempre giovane che propone di cercare, conoscere e amare Ges\u00f9 Cristo<\/p>\n","protected":false},"author":21,"featured_media":23993,"comment_status":"closed","ping_status":"closed","sticky":false,"template":"","format":"standard","meta":{"_acf_changed":false,"_crdt_document":"","inline_featured_image":false,"footnotes":""},"categories":[87],"tags":[758,834,18274,4952],"class_list":["post-103809","post","type-post","status-publish","format-standard","has-post-thumbnail","hentry","category-matrimonio-e-famiglia","tag-famiglia","tag-matrimonio","tag-san-josemaria-2","tag-trending-it"],"acf":[],"yoast_head":"<!-- This site is optimized with the Yoast SEO plugin v27.4 - https:\/\/yoast.com\/product\/yoast-seo-wordpress\/ -->\n<title>La predicazione di San Josemar\u00eda sul matrimonio &#8211; Exaudi<\/title>\n<meta name=\"robots\" content=\"index, follow, max-snippet:-1, max-image-preview:large, max-video-preview:-1\" \/>\n<link rel=\"canonical\" href=\"https:\/\/exaudi.org\/it\/la-predicazione-di-san-josemaria-sul-matrimonio\/\" \/>\n<meta property=\"og:locale\" content=\"it_IT\" \/>\n<meta property=\"og:type\" content=\"article\" \/>\n<meta property=\"og:title\" content=\"La predicazione di San Josemar\u00eda sul matrimonio &#8211; Exaudi\" \/>\n<meta property=\"og:description\" content=\"San Josemar\u00eda diffondeva un messaggio di santit\u00e0 sempre giovane che propone di cercare, conoscere e amare Ges\u00f9 Cristo\" \/>\n<meta property=\"og:url\" content=\"https:\/\/exaudi.org\/it\/la-predicazione-di-san-josemaria-sul-matrimonio\/\" \/>\n<meta property=\"og:site_name\" content=\"Exaudi\" \/>\n<meta property=\"article:publisher\" content=\"https:\/\/www.facebook.com\/ExaudiNews\" \/>\n<meta property=\"article:published_time\" content=\"2025-06-26T14:51:57+00:00\" \/>\n<meta property=\"article:modified_time\" content=\"2025-06-26T19:27:53+00:00\" \/>\n<meta property=\"og:image\" content=\"https:\/\/exaudi.org\/wp-content\/uploads\/2021\/06\/San-Josemaria-con-grupo-de-familias-\u00a9-Opus-Dei.jpg\" \/>\n\t<meta property=\"og:image:width\" content=\"639\" \/>\n\t<meta property=\"og:image:height\" content=\"500\" \/>\n\t<meta property=\"og:image:type\" content=\"image\/jpeg\" \/>\n<meta name=\"author\" content=\"Rafael Mosteyr\u00edn\" \/>\n<meta name=\"twitter:card\" content=\"summary_large_image\" \/>\n<meta name=\"twitter:creator\" content=\"@Exaudi_News\" \/>\n<meta name=\"twitter:site\" content=\"@Exaudi_News\" \/>\n<meta name=\"twitter:label1\" content=\"Scritto da\" \/>\n\t<meta name=\"twitter:data1\" content=\"Rafael Mosteyr\u00edn\" \/>\n\t<meta name=\"twitter:label2\" content=\"Tempo di lettura stimato\" \/>\n\t<meta name=\"twitter:data2\" content=\"2 minuti\" \/>\n<script type=\"application\/ld+json\" class=\"yoast-schema-graph\">{\"@context\":\"https:\\\/\\\/schema.org\",\"@graph\":[{\"@type\":\"Article\",\"@id\":\"https:\\\/\\\/exaudi.org\\\/it\\\/la-predicazione-di-san-josemaria-sul-matrimonio\\\/#article\",\"isPartOf\":{\"@id\":\"https:\\\/\\\/exaudi.org\\\/it\\\/la-predicazione-di-san-josemaria-sul-matrimonio\\\/\"},\"author\":{\"name\":\"Rafael Mosteyr\u00edn\",\"@id\":\"https:\\\/\\\/exaudi.org\\\/#\\\/schema\\\/person\\\/f353f945f5324dc163c4081b5aa12fcb\"},\"headline\":\"La predicazione di San Josemar\u00eda sul matrimonio\",\"datePublished\":\"2025-06-26T14:51:57+00:00\",\"dateModified\":\"2025-06-26T19:27:53+00:00\",\"mainEntityOfPage\":{\"@id\":\"https:\\\/\\\/exaudi.org\\\/it\\\/la-predicazione-di-san-josemaria-sul-matrimonio\\\/\"},\"wordCount\":476,\"image\":{\"@id\":\"https:\\\/\\\/exaudi.org\\\/it\\\/la-predicazione-di-san-josemaria-sul-matrimonio\\\/#primaryimage\"},\"thumbnailUrl\":\"https:\\\/\\\/exaudi.org\\\/wp-content\\\/uploads\\\/2021\\\/06\\\/San-Josemaria-con-grupo-de-familias-\u00a9-Opus-Dei.jpg\",\"keywords\":[\"famiglia\",\"matrimonio\",\"SAN JOSEMAR\u00cdA\",\"Trending\"],\"articleSection\":[\"Matrimonio e famiglia\"],\"inLanguage\":\"it-IT\"},{\"@type\":\"WebPage\",\"@id\":\"https:\\\/\\\/exaudi.org\\\/it\\\/la-predicazione-di-san-josemaria-sul-matrimonio\\\/\",\"url\":\"https:\\\/\\\/exaudi.org\\\/it\\\/la-predicazione-di-san-josemaria-sul-matrimonio\\\/\",\"name\":\"La predicazione di San Josemar\u00eda sul matrimonio &#8211; Exaudi\",\"isPartOf\":{\"@id\":\"https:\\\/\\\/exaudi.org\\\/#website\"},\"primaryImageOfPage\":{\"@id\":\"https:\\\/\\\/exaudi.org\\\/it\\\/la-predicazione-di-san-josemaria-sul-matrimonio\\\/#primaryimage\"},\"image\":{\"@id\":\"https:\\\/\\\/exaudi.org\\\/it\\\/la-predicazione-di-san-josemaria-sul-matrimonio\\\/#primaryimage\"},\"thumbnailUrl\":\"https:\\\/\\\/exaudi.org\\\/wp-content\\\/uploads\\\/2021\\\/06\\\/San-Josemaria-con-grupo-de-familias-\u00a9-Opus-Dei.jpg\",\"datePublished\":\"2025-06-26T14:51:57+00:00\",\"dateModified\":\"2025-06-26T19:27:53+00:00\",\"author\":{\"@id\":\"https:\\\/\\\/exaudi.org\\\/#\\\/schema\\\/person\\\/f353f945f5324dc163c4081b5aa12fcb\"},\"breadcrumb\":{\"@id\":\"https:\\\/\\\/exaudi.org\\\/it\\\/la-predicazione-di-san-josemaria-sul-matrimonio\\\/#breadcrumb\"},\"inLanguage\":\"it-IT\",\"potentialAction\":[{\"@type\":\"ReadAction\",\"target\":[\"https:\\\/\\\/exaudi.org\\\/it\\\/la-predicazione-di-san-josemaria-sul-matrimonio\\\/\"]}]},{\"@type\":\"ImageObject\",\"inLanguage\":\"it-IT\",\"@id\":\"https:\\\/\\\/exaudi.org\\\/it\\\/la-predicazione-di-san-josemaria-sul-matrimonio\\\/#primaryimage\",\"url\":\"https:\\\/\\\/exaudi.org\\\/wp-content\\\/uploads\\\/2021\\\/06\\\/San-Josemaria-con-grupo-de-familias-\u00a9-Opus-Dei.jpg\",\"contentUrl\":\"https:\\\/\\\/exaudi.org\\\/wp-content\\\/uploads\\\/2021\\\/06\\\/San-Josemaria-con-grupo-de-familias-\u00a9-Opus-Dei.jpg\",\"width\":639,\"height\":500,\"caption\":\"San Josemar\u00eda con un gruppo di famiglie \u00a9 Opus Dei\"},{\"@type\":\"BreadcrumbList\",\"@id\":\"https:\\\/\\\/exaudi.org\\\/it\\\/la-predicazione-di-san-josemaria-sul-matrimonio\\\/#breadcrumb\",\"itemListElement\":[{\"@type\":\"ListItem\",\"position\":1,\"name\":\"Portada\",\"item\":\"https:\\\/\\\/exaudi.org\\\/it\\\/\"},{\"@type\":\"ListItem\",\"position\":2,\"name\":\"La predicazione di San Josemar\u00eda sul matrimonio\"}]},{\"@type\":\"WebSite\",\"@id\":\"https:\\\/\\\/exaudi.org\\\/#website\",\"url\":\"https:\\\/\\\/exaudi.org\\\/\",\"name\":\"Exaudi\",\"description\":\"News\",\"potentialAction\":[{\"@type\":\"SearchAction\",\"target\":{\"@type\":\"EntryPoint\",\"urlTemplate\":\"https:\\\/\\\/exaudi.org\\\/?s={search_term_string}\"},\"query-input\":{\"@type\":\"PropertyValueSpecification\",\"valueRequired\":true,\"valueName\":\"search_term_string\"}}],\"inLanguage\":\"it-IT\"},{\"@type\":\"Person\",\"@id\":\"https:\\\/\\\/exaudi.org\\\/#\\\/schema\\\/person\\\/f353f945f5324dc163c4081b5aa12fcb\",\"name\":\"Rafael Mosteyr\u00edn\",\"image\":{\"@type\":\"ImageObject\",\"inLanguage\":\"it-IT\",\"@id\":\"https:\\\/\\\/secure.gravatar.com\\\/avatar\\\/27281f36e8c6433071aa858f3ba7cb1231e54d489be779f5b4d512db37f4128b?s=96&d=mm&r=g\",\"url\":\"https:\\\/\\\/secure.gravatar.com\\\/avatar\\\/27281f36e8c6433071aa858f3ba7cb1231e54d489be779f5b4d512db37f4128b?s=96&d=mm&r=g\",\"contentUrl\":\"https:\\\/\\\/secure.gravatar.com\\\/avatar\\\/27281f36e8c6433071aa858f3ba7cb1231e54d489be779f5b4d512db37f4128b?s=96&d=mm&r=g\",\"caption\":\"Rafael Mosteyr\u00edn\"},\"description\":\"Nacido en 1973 en Sevilla, y ordenado sacerdote en 2014 en Roma. Desde entonces he vivido en Barcelona y Sevilla, con estancias de colaboraci\u00f3n en Oberammergau (Alemania) y Huancavelica (Per\u00fa). Actualmente estoy en Sevilla, en la Iglesia del Se\u00f1or san Jos\u00e9 y en el colegio Ribamar.\",\"url\":\"https:\\\/\\\/exaudi.org\\\/it\\\/author\\\/rafaelmosteyrin\\\/\"}]}<\/script>\n<!-- \/ Yoast SEO plugin. -->","yoast_head_json":{"title":"La predicazione di San Josemar\u00eda sul matrimonio &#8211; Exaudi","robots":{"index":"index","follow":"follow","max-snippet":"max-snippet:-1","max-image-preview":"max-image-preview:large","max-video-preview":"max-video-preview:-1"},"canonical":"https:\/\/exaudi.org\/it\/la-predicazione-di-san-josemaria-sul-matrimonio\/","og_locale":"it_IT","og_type":"article","og_title":"La predicazione di San Josemar\u00eda sul matrimonio &#8211; Exaudi","og_description":"San Josemar\u00eda diffondeva un messaggio di santit\u00e0 sempre giovane che propone di cercare, conoscere e amare Ges\u00f9 Cristo","og_url":"https:\/\/exaudi.org\/it\/la-predicazione-di-san-josemaria-sul-matrimonio\/","og_site_name":"Exaudi","article_publisher":"https:\/\/www.facebook.com\/ExaudiNews","article_published_time":"2025-06-26T14:51:57+00:00","article_modified_time":"2025-06-26T19:27:53+00:00","og_image":[{"width":639,"height":500,"url":"https:\/\/exaudi.org\/wp-content\/uploads\/2021\/06\/San-Josemaria-con-grupo-de-familias-\u00a9-Opus-Dei.jpg","type":"image\/jpeg"}],"author":"Rafael Mosteyr\u00edn","twitter_card":"summary_large_image","twitter_creator":"@Exaudi_News","twitter_site":"@Exaudi_News","twitter_misc":{"Scritto da":"Rafael Mosteyr\u00edn","Tempo di lettura stimato":"2 minuti"},"schema":{"@context":"https:\/\/schema.org","@graph":[{"@type":"Article","@id":"https:\/\/exaudi.org\/it\/la-predicazione-di-san-josemaria-sul-matrimonio\/#article","isPartOf":{"@id":"https:\/\/exaudi.org\/it\/la-predicazione-di-san-josemaria-sul-matrimonio\/"},"author":{"name":"Rafael Mosteyr\u00edn","@id":"https:\/\/exaudi.org\/#\/schema\/person\/f353f945f5324dc163c4081b5aa12fcb"},"headline":"La predicazione di San Josemar\u00eda sul matrimonio","datePublished":"2025-06-26T14:51:57+00:00","dateModified":"2025-06-26T19:27:53+00:00","mainEntityOfPage":{"@id":"https:\/\/exaudi.org\/it\/la-predicazione-di-san-josemaria-sul-matrimonio\/"},"wordCount":476,"image":{"@id":"https:\/\/exaudi.org\/it\/la-predicazione-di-san-josemaria-sul-matrimonio\/#primaryimage"},"thumbnailUrl":"https:\/\/exaudi.org\/wp-content\/uploads\/2021\/06\/San-Josemaria-con-grupo-de-familias-\u00a9-Opus-Dei.jpg","keywords":["famiglia","matrimonio","SAN JOSEMAR\u00cdA","Trending"],"articleSection":["Matrimonio e famiglia"],"inLanguage":"it-IT"},{"@type":"WebPage","@id":"https:\/\/exaudi.org\/it\/la-predicazione-di-san-josemaria-sul-matrimonio\/","url":"https:\/\/exaudi.org\/it\/la-predicazione-di-san-josemaria-sul-matrimonio\/","name":"La predicazione di San Josemar\u00eda sul matrimonio &#8211; Exaudi","isPartOf":{"@id":"https:\/\/exaudi.org\/#website"},"primaryImageOfPage":{"@id":"https:\/\/exaudi.org\/it\/la-predicazione-di-san-josemaria-sul-matrimonio\/#primaryimage"},"image":{"@id":"https:\/\/exaudi.org\/it\/la-predicazione-di-san-josemaria-sul-matrimonio\/#primaryimage"},"thumbnailUrl":"https:\/\/exaudi.org\/wp-content\/uploads\/2021\/06\/San-Josemaria-con-grupo-de-familias-\u00a9-Opus-Dei.jpg","datePublished":"2025-06-26T14:51:57+00:00","dateModified":"2025-06-26T19:27:53+00:00","author":{"@id":"https:\/\/exaudi.org\/#\/schema\/person\/f353f945f5324dc163c4081b5aa12fcb"},"breadcrumb":{"@id":"https:\/\/exaudi.org\/it\/la-predicazione-di-san-josemaria-sul-matrimonio\/#breadcrumb"},"inLanguage":"it-IT","potentialAction":[{"@type":"ReadAction","target":["https:\/\/exaudi.org\/it\/la-predicazione-di-san-josemaria-sul-matrimonio\/"]}]},{"@type":"ImageObject","inLanguage":"it-IT","@id":"https:\/\/exaudi.org\/it\/la-predicazione-di-san-josemaria-sul-matrimonio\/#primaryimage","url":"https:\/\/exaudi.org\/wp-content\/uploads\/2021\/06\/San-Josemaria-con-grupo-de-familias-\u00a9-Opus-Dei.jpg","contentUrl":"https:\/\/exaudi.org\/wp-content\/uploads\/2021\/06\/San-Josemaria-con-grupo-de-familias-\u00a9-Opus-Dei.jpg","width":639,"height":500,"caption":"San Josemar\u00eda con un gruppo di famiglie \u00a9 Opus Dei"},{"@type":"BreadcrumbList","@id":"https:\/\/exaudi.org\/it\/la-predicazione-di-san-josemaria-sul-matrimonio\/#breadcrumb","itemListElement":[{"@type":"ListItem","position":1,"name":"Portada","item":"https:\/\/exaudi.org\/it\/"},{"@type":"ListItem","position":2,"name":"La predicazione di San Josemar\u00eda sul matrimonio"}]},{"@type":"WebSite","@id":"https:\/\/exaudi.org\/#website","url":"https:\/\/exaudi.org\/","name":"Exaudi","description":"News","potentialAction":[{"@type":"SearchAction","target":{"@type":"EntryPoint","urlTemplate":"https:\/\/exaudi.org\/?s={search_term_string}"},"query-input":{"@type":"PropertyValueSpecification","valueRequired":true,"valueName":"search_term_string"}}],"inLanguage":"it-IT"},{"@type":"Person","@id":"https:\/\/exaudi.org\/#\/schema\/person\/f353f945f5324dc163c4081b5aa12fcb","name":"Rafael Mosteyr\u00edn","image":{"@type":"ImageObject","inLanguage":"it-IT","@id":"https:\/\/secure.gravatar.com\/avatar\/27281f36e8c6433071aa858f3ba7cb1231e54d489be779f5b4d512db37f4128b?s=96&d=mm&r=g","url":"https:\/\/secure.gravatar.com\/avatar\/27281f36e8c6433071aa858f3ba7cb1231e54d489be779f5b4d512db37f4128b?s=96&d=mm&r=g","contentUrl":"https:\/\/secure.gravatar.com\/avatar\/27281f36e8c6433071aa858f3ba7cb1231e54d489be779f5b4d512db37f4128b?s=96&d=mm&r=g","caption":"Rafael Mosteyr\u00edn"},"description":"Nacido en 1973 en Sevilla, y ordenado sacerdote en 2014 en Roma. Desde entonces he vivido en Barcelona y Sevilla, con estancias de colaboraci\u00f3n en Oberammergau (Alemania) y Huancavelica (Per\u00fa). Actualmente estoy en Sevilla, en la Iglesia del Se\u00f1or san Jos\u00e9 y en el colegio Ribamar.","url":"https:\/\/exaudi.org\/it\/author\/rafaelmosteyrin\/"}]}},"jetpack_featured_media_url":"https:\/\/exaudi.org\/wp-content\/uploads\/2021\/06\/San-Josemaria-con-grupo-de-familias-\u00a9-Opus-Dei.jpg","jetpack_shortlink":"https:\/\/wp.me\/pgKjF2-r0l","_links":{"self":[{"href":"https:\/\/exaudi.org\/it\/wp-json\/wp\/v2\/posts\/103809","targetHints":{"allow":["GET"]}}],"collection":[{"href":"https:\/\/exaudi.org\/it\/wp-json\/wp\/v2\/posts"}],"about":[{"href":"https:\/\/exaudi.org\/it\/wp-json\/wp\/v2\/types\/post"}],"author":[{"embeddable":true,"href":"https:\/\/exaudi.org\/it\/wp-json\/wp\/v2\/users\/21"}],"replies":[{"embeddable":true,"href":"https:\/\/exaudi.org\/it\/wp-json\/wp\/v2\/comments?post=103809"}],"version-history":[{"count":0,"href":"https:\/\/exaudi.org\/it\/wp-json\/wp\/v2\/posts\/103809\/revisions"}],"wp:featuredmedia":[{"embeddable":true,"href":"https:\/\/exaudi.org\/it\/wp-json\/wp\/v2\/media\/23993"}],"wp:attachment":[{"href":"https:\/\/exaudi.org\/it\/wp-json\/wp\/v2\/media?parent=103809"}],"wp:term":[{"taxonomy":"category","embeddable":true,"href":"https:\/\/exaudi.org\/it\/wp-json\/wp\/v2\/categories?post=103809"},{"taxonomy":"post_tag","embeddable":true,"href":"https:\/\/exaudi.org\/it\/wp-json\/wp\/v2\/tags?post=103809"}],"curies":[{"name":"wp","href":"https:\/\/api.w.org\/{rel}","templated":true}]}}