{"id":103723,"date":"2024-06-24T21:28:45","date_gmt":"2024-06-24T19:28:45","guid":{"rendered":"https:\/\/exaudi.org\/?p=103723"},"modified":"2024-06-24T21:28:45","modified_gmt":"2024-06-24T19:28:45","slug":"preparatevi-al-giubileo-con-la-sua-presenza-vicinanza-compassione-e-tenerezza","status":"publish","type":"post","link":"https:\/\/exaudi.org\/it\/preparatevi-al-giubileo-con-la-sua-presenza-vicinanza-compassione-e-tenerezza\/","title":{"rendered":"&#8220;Preparatevi al Giubileo con la sua presenza, vicinanza, compassione e tenerezza&#8221;"},"content":{"rendered":"<p>Questa mattina il Santo Padre Francesco ha ricevuto in Udienza, nel Palazzo Apostolico Vaticano, i Soci del Circolo San Pietro e ha rivolto loro le parole di saluto che pubblichiamo di seguito:<\/p>\n<p>Francesco ha accolto il gruppo &#8216;Circolo San Pietro&#8217;, che si dedica all&#8217;aiuto dei bisognosi e al volontariato. Li ha incoraggiati a trasmettere ai giovani la loro \u201ceredit\u00e0 di valori e di esperienza\u201d.<\/p>\n<p><b><u>Saluto del Santo Padre<\/u><\/b><\/p>\n<p><i>Cari fratelli e sorelle del Circolo San Pietro, buongiorno e benvenuti!<\/i><\/p>\n<p>Mi piace sempre incontrarvi perch\u00e9 l\u2019udienza con voi \u00e8 all\u2019insegna della\u00a0<i>gratitudine<\/i>, che \u00e8 il \u201cgusto\u201d bello della vita. Quando accolgo il Circolo San Pietro, sento gratitudine per il servizio che fate ai poveri di Roma. E so che lo fate a nome del Papa, a nome della santa madre Chiesa. E, per favore, rivolgo un saluto al vostro Presidente che \u00e8 ammalato. Auguro una pronta guarigione; salutatelo da parte mia.<\/p>\n<p>Questo che voi fate a nome della Chiesa \u00e8 documentato anche dal volume che avete realizzato e che oggi mi avete donato: la raccolta di tutto il magistero dei Papi al Circolo San Pietro, nei 155 anni della sua storia. E dunque grazie anche per questo lavoro, che \u00e8 importante per\u00a0<i>la memoria delle radici<\/i>. Le radici sono fondamentali: senza radici non c\u2019\u00e8 vita, non c\u2019\u00e8 futuro. La floridezza delle foglie \u00e8 legata alla buona salute delle radici. Perci\u00f2, lodo questo lavoro e vi ringrazio.<\/p>\n<p>Ma voglio anche dirvi: state attenti a non \u201cmusealizzare\u201d la vostra storia, a non \u201csterilizzare\u201d le radici! La memoria \u00e8 organo del futuro, a patto che le radici rimangano vive e vegete. Per questo vi incoraggio a\u00a0<i>trasmettere il vostro patrimonio di valori e di esperienze ai giovani<\/i>. Ci vogliono giovani che vadano avanti. Che bello pensare a un nonno del Circolo San Pietro che trasmette la sua esperienza a suo nipote! Ci sono tanti qui, questo \u00e8 bello. Pensate a quanta ricchezza di fede vissuta, di carit\u00e0 concreta, di amore ai poveri pu\u00f2 passare attraverso l\u2019esempio di un anziano. E pensate a quanta energia, a quanta creativit\u00e0, a quanto slancio pu\u00f2 dare un giovane.<\/p>\n<p>Mi viene in mente il Beato Pier Giorgio Frassati \u2013 presto sar\u00e0 santo \u2013, che a Torino andava nelle case dei poveri a portare aiuto. Pier Giorgio era di famiglia benestante, alta borghesia, ma non \u00e8 cresciuto \u201cnella bambagia\u201d, non si \u00e8 perso nella \u201cbella vita\u201d, perch\u00e9 in lui c\u2019era la linfa dello Spirito Santo, c\u2019era l\u2019amore per Ges\u00f9 e per i fratelli.<\/p>\n<p>Un\u2019ultima cosa vorrei condividere con voi. L\u2019anno prossimo sar\u00e0 l\u2019Anno Santo. Roma \u00e8 piena di cantieri; bene, ci vogliono anche questi. Ma il \u201ccantiere\u201d che non pu\u00f2 mancare \u00e8 quello della carit\u00e0! I pellegrini e i turisti che vengono a Roma dovrebbero \u201crespirare\u201d l\u2019aria della carit\u00e0 cristiana, che non \u00e8 solo assistenza, \u00e8 cura della dignit\u00e0, \u00e8 vicinanza, \u00e8 condivisione vissuta, senza pubblicit\u00e0, senza riflettori. Con la vostra presenza, con la vostra vicinanza, compassione e tenerezza, anche voi preparate la citt\u00e0 per il Giubileo, prendendovi cura non delle strade o delle infrastrutture, ma dei cuori e della carne dei poveri, che, come disse San Lorenzo, sono il tesoro della Chiesa.<\/p>\n<p>Care sorelle e cari fratelli, grazie di essere venuti! Vi affido alla protezione della\u00a0<i>Salus Populi Romani<\/i>\u00a0e benedico tutti voi e le vostre famiglie. Per favore, non dimenticatevi di pregare per me, pregare a favore, si capisce! Grazie.<\/p>\n","protected":false},"excerpt":{"rendered":"<p>Udienza ai Soci del Circolo San Pietro<\/p>\n","protected":false},"author":17,"featured_media":103724,"comment_status":"closed","ping_status":"closed","sticky":false,"template":"","format":"standard","meta":{"_acf_changed":false,"_crdt_document":"","inline_featured_image":false,"footnotes":""},"categories":[123,67],"tags":[9070,11841,251,1109,510,1843,266,511],"class_list":["post-103723","post","type-post","status-publish","format-standard","has-post-thumbnail","hentry","category-discorsi","category-leone-xiv","tag-giubileo-2025-2","tag-gratitudine","tag-papa-francesco","tag-poverta","tag-solidarieta","tag-udienza","tag-vaticano","tag-volontariato"],"acf":[],"yoast_head":"<!-- This site is optimized with the Yoast SEO plugin v27.4 - https:\/\/yoast.com\/product\/yoast-seo-wordpress\/ -->\n<title>&quot;Preparatevi al Giubileo con la sua presenza, vicinanza, compassione e tenerezza&quot; &#8211; Exaudi<\/title>\n<meta name=\"robots\" content=\"index, follow, max-snippet:-1, max-image-preview:large, max-video-preview:-1\" \/>\n<link rel=\"canonical\" href=\"https:\/\/exaudi.org\/it\/preparatevi-al-giubileo-con-la-sua-presenza-vicinanza-compassione-e-tenerezza\/\" \/>\n<meta property=\"og:locale\" content=\"it_IT\" \/>\n<meta property=\"og:type\" content=\"article\" \/>\n<meta property=\"og:title\" content=\"&quot;Preparatevi al Giubileo con la sua presenza, vicinanza, compassione e tenerezza&quot; &#8211; Exaudi\" \/>\n<meta property=\"og:description\" content=\"Udienza ai Soci del Circolo San Pietro\" \/>\n<meta property=\"og:url\" content=\"https:\/\/exaudi.org\/it\/preparatevi-al-giubileo-con-la-sua-presenza-vicinanza-compassione-e-tenerezza\/\" \/>\n<meta property=\"og:site_name\" content=\"Exaudi\" \/>\n<meta property=\"article:publisher\" content=\"https:\/\/www.facebook.com\/ExaudiNews\" \/>\n<meta property=\"article:author\" content=\"https:\/\/www.facebook.com\/ExaudiNotizie\/\" \/>\n<meta property=\"article:published_time\" content=\"2024-06-24T19:28:45+00:00\" \/>\n<meta property=\"og:image\" content=\"https:\/\/exaudi.org\/wp-content\/uploads\/2024\/06\/cq5dam.web_.800.800-8.jpeg\" \/>\n\t<meta property=\"og:image:width\" content=\"800\" \/>\n\t<meta property=\"og:image:height\" content=\"533\" \/>\n\t<meta property=\"og:image:type\" content=\"image\/jpeg\" \/>\n<meta name=\"author\" content=\"Exaudi Redazione\" \/>\n<meta name=\"twitter:card\" content=\"summary_large_image\" \/>\n<meta name=\"twitter:creator\" content=\"@Exaudi_Notizie\" \/>\n<meta name=\"twitter:site\" content=\"@Exaudi_News\" \/>\n<meta name=\"twitter:label1\" content=\"Scritto da\" \/>\n\t<meta name=\"twitter:data1\" content=\"Exaudi Redazione\" \/>\n\t<meta name=\"twitter:label2\" content=\"Tempo di lettura stimato\" \/>\n\t<meta name=\"twitter:data2\" content=\"3 minuti\" \/>\n<script type=\"application\/ld+json\" class=\"yoast-schema-graph\">{\"@context\":\"https:\\\/\\\/schema.org\",\"@graph\":[{\"@type\":\"Article\",\"@id\":\"https:\\\/\\\/exaudi.org\\\/it\\\/preparatevi-al-giubileo-con-la-sua-presenza-vicinanza-compassione-e-tenerezza\\\/#article\",\"isPartOf\":{\"@id\":\"https:\\\/\\\/exaudi.org\\\/it\\\/preparatevi-al-giubileo-con-la-sua-presenza-vicinanza-compassione-e-tenerezza\\\/\"},\"author\":{\"name\":\"Exaudi Redazione\",\"@id\":\"https:\\\/\\\/exaudi.org\\\/#\\\/schema\\\/person\\\/e1ab6ed07c01774724dd96f925f3a5f0\"},\"headline\":\"&#8220;Preparatevi al Giubileo con la sua presenza, vicinanza, compassione e tenerezza&#8221;\",\"datePublished\":\"2024-06-24T19:28:45+00:00\",\"mainEntityOfPage\":{\"@id\":\"https:\\\/\\\/exaudi.org\\\/it\\\/preparatevi-al-giubileo-con-la-sua-presenza-vicinanza-compassione-e-tenerezza\\\/\"},\"wordCount\":565,\"image\":{\"@id\":\"https:\\\/\\\/exaudi.org\\\/it\\\/preparatevi-al-giubileo-con-la-sua-presenza-vicinanza-compassione-e-tenerezza\\\/#primaryimage\"},\"thumbnailUrl\":\"https:\\\/\\\/exaudi.org\\\/wp-content\\\/uploads\\\/2024\\\/06\\\/cq5dam.web_.800.800-8.jpeg\",\"keywords\":[\"Giubileo 2025\",\"gratitudine\",\"Papa Francesco\",\"povert\u00e0\",\"solidariet\u00e0\",\"udienza\",\"Vaticano\",\"volontariato\"],\"articleSection\":[\"Discorsi\",\"Leone XIV\"],\"inLanguage\":\"it-IT\"},{\"@type\":\"WebPage\",\"@id\":\"https:\\\/\\\/exaudi.org\\\/it\\\/preparatevi-al-giubileo-con-la-sua-presenza-vicinanza-compassione-e-tenerezza\\\/\",\"url\":\"https:\\\/\\\/exaudi.org\\\/it\\\/preparatevi-al-giubileo-con-la-sua-presenza-vicinanza-compassione-e-tenerezza\\\/\",\"name\":\"\\\"Preparatevi al Giubileo con la sua presenza, vicinanza, compassione e tenerezza\\\" &#8211; Exaudi\",\"isPartOf\":{\"@id\":\"https:\\\/\\\/exaudi.org\\\/#website\"},\"primaryImageOfPage\":{\"@id\":\"https:\\\/\\\/exaudi.org\\\/it\\\/preparatevi-al-giubileo-con-la-sua-presenza-vicinanza-compassione-e-tenerezza\\\/#primaryimage\"},\"image\":{\"@id\":\"https:\\\/\\\/exaudi.org\\\/it\\\/preparatevi-al-giubileo-con-la-sua-presenza-vicinanza-compassione-e-tenerezza\\\/#primaryimage\"},\"thumbnailUrl\":\"https:\\\/\\\/exaudi.org\\\/wp-content\\\/uploads\\\/2024\\\/06\\\/cq5dam.web_.800.800-8.jpeg\",\"datePublished\":\"2024-06-24T19:28:45+00:00\",\"author\":{\"@id\":\"https:\\\/\\\/exaudi.org\\\/#\\\/schema\\\/person\\\/e1ab6ed07c01774724dd96f925f3a5f0\"},\"breadcrumb\":{\"@id\":\"https:\\\/\\\/exaudi.org\\\/it\\\/preparatevi-al-giubileo-con-la-sua-presenza-vicinanza-compassione-e-tenerezza\\\/#breadcrumb\"},\"inLanguage\":\"it-IT\",\"potentialAction\":[{\"@type\":\"ReadAction\",\"target\":[\"https:\\\/\\\/exaudi.org\\\/it\\\/preparatevi-al-giubileo-con-la-sua-presenza-vicinanza-compassione-e-tenerezza\\\/\"]}]},{\"@type\":\"ImageObject\",\"inLanguage\":\"it-IT\",\"@id\":\"https:\\\/\\\/exaudi.org\\\/it\\\/preparatevi-al-giubileo-con-la-sua-presenza-vicinanza-compassione-e-tenerezza\\\/#primaryimage\",\"url\":\"https:\\\/\\\/exaudi.org\\\/wp-content\\\/uploads\\\/2024\\\/06\\\/cq5dam.web_.800.800-8.jpeg\",\"contentUrl\":\"https:\\\/\\\/exaudi.org\\\/wp-content\\\/uploads\\\/2024\\\/06\\\/cq5dam.web_.800.800-8.jpeg\",\"width\":800,\"height\":533,\"caption\":\"Vatican Media - Udienza ai soci del Circolo San Pietro\"},{\"@type\":\"BreadcrumbList\",\"@id\":\"https:\\\/\\\/exaudi.org\\\/it\\\/preparatevi-al-giubileo-con-la-sua-presenza-vicinanza-compassione-e-tenerezza\\\/#breadcrumb\",\"itemListElement\":[{\"@type\":\"ListItem\",\"position\":1,\"name\":\"Portada\",\"item\":\"https:\\\/\\\/exaudi.org\\\/it\\\/\"},{\"@type\":\"ListItem\",\"position\":2,\"name\":\"&#8220;Preparatevi al Giubileo con la sua presenza, vicinanza, compassione e tenerezza&#8221;\"}]},{\"@type\":\"WebSite\",\"@id\":\"https:\\\/\\\/exaudi.org\\\/#website\",\"url\":\"https:\\\/\\\/exaudi.org\\\/\",\"name\":\"Exaudi\",\"description\":\"News\",\"potentialAction\":[{\"@type\":\"SearchAction\",\"target\":{\"@type\":\"EntryPoint\",\"urlTemplate\":\"https:\\\/\\\/exaudi.org\\\/?s={search_term_string}\"},\"query-input\":{\"@type\":\"PropertyValueSpecification\",\"valueRequired\":true,\"valueName\":\"search_term_string\"}}],\"inLanguage\":\"it-IT\"},{\"@type\":\"Person\",\"@id\":\"https:\\\/\\\/exaudi.org\\\/#\\\/schema\\\/person\\\/e1ab6ed07c01774724dd96f925f3a5f0\",\"name\":\"Exaudi Redazione\",\"image\":{\"@type\":\"ImageObject\",\"inLanguage\":\"it-IT\",\"@id\":\"https:\\\/\\\/secure.gravatar.com\\\/avatar\\\/ad6774b3ada023bf5b939d64f45c94b3adf91502dd883507d469b4308a943bb3?s=96&d=mm&r=g\",\"url\":\"https:\\\/\\\/secure.gravatar.com\\\/avatar\\\/ad6774b3ada023bf5b939d64f45c94b3adf91502dd883507d469b4308a943bb3?s=96&d=mm&r=g\",\"contentUrl\":\"https:\\\/\\\/secure.gravatar.com\\\/avatar\\\/ad6774b3ada023bf5b939d64f45c94b3adf91502dd883507d469b4308a943bb3?s=96&d=mm&r=g\",\"caption\":\"Exaudi Redazione\"},\"description\":\"Che cosa \u00e8 Exaudi News? Exaudi News \u00e8 un agenzia cattolica internazionale che informa, istruisce e trasforma quotidianamente in spagnolo, inglese e italiano. Attraverso notizie, articoli di analisi e trasmissioni in diretta degli eventi del Papa, Exaudi cerca di rafforzare l'unit\u00e0 dei cristiani e di contribuire all'evangelizzazione del mondo, sempre guidato dalla dottrina sociale della Chiesa. Lavoriamo per portare la verit\u00e0 e i valori cristiani in ogni angolo del pianeta. Aiutaci a trasformare il mondo con Exaudi! Noi di Exaudi crediamo che l'evangelizzazione e l'informazione di qualit\u00e0 possano cambiare la vita. Per continuare la nostra missione ed espandere la nostra portata, abbiamo bisogno del tuo aiuto. Stiamo anche cercando persone motivate che vogliano unirsi al nostro team. Grazie al vostro sostegno raggiungeremo pi\u00f9 persone, diffonderemo il messaggio di Cristo e rafforzeremo l'unit\u00e0 dei cristiani. Vuoi unirti alla nostra missione? Per maggiori informazioni su come contribuire, visita Exaudi.org\\\/it o contattaci direttamente: info@exaudi.org Exaudi: informa, forma e trasforma.\",\"sameAs\":[\"https:\\\/\\\/www.facebook.com\\\/ExaudiNotizie\\\/\",\"https:\\\/\\\/www.instagram.com\\\/Exaudi_notizie\\\/\",\"https:\\\/\\\/x.com\\\/Exaudi_Notizie\",\"https:\\\/\\\/www.youtube.com\\\/@exaudicatholicnews\"],\"url\":\"https:\\\/\\\/exaudi.org\\\/it\\\/author\\\/dlvedi-org\\\/\"}]}<\/script>\n<!-- \/ Yoast SEO plugin. -->","yoast_head_json":{"title":"\"Preparatevi al Giubileo con la sua presenza, vicinanza, compassione e tenerezza\" &#8211; Exaudi","robots":{"index":"index","follow":"follow","max-snippet":"max-snippet:-1","max-image-preview":"max-image-preview:large","max-video-preview":"max-video-preview:-1"},"canonical":"https:\/\/exaudi.org\/it\/preparatevi-al-giubileo-con-la-sua-presenza-vicinanza-compassione-e-tenerezza\/","og_locale":"it_IT","og_type":"article","og_title":"\"Preparatevi al Giubileo con la sua presenza, vicinanza, compassione e tenerezza\" &#8211; Exaudi","og_description":"Udienza ai Soci del Circolo San Pietro","og_url":"https:\/\/exaudi.org\/it\/preparatevi-al-giubileo-con-la-sua-presenza-vicinanza-compassione-e-tenerezza\/","og_site_name":"Exaudi","article_publisher":"https:\/\/www.facebook.com\/ExaudiNews","article_author":"https:\/\/www.facebook.com\/ExaudiNotizie\/","article_published_time":"2024-06-24T19:28:45+00:00","og_image":[{"width":800,"height":533,"url":"https:\/\/exaudi.org\/wp-content\/uploads\/2024\/06\/cq5dam.web_.800.800-8.jpeg","type":"image\/jpeg"}],"author":"Exaudi Redazione","twitter_card":"summary_large_image","twitter_creator":"@Exaudi_Notizie","twitter_site":"@Exaudi_News","twitter_misc":{"Scritto da":"Exaudi Redazione","Tempo di lettura stimato":"3 minuti"},"schema":{"@context":"https:\/\/schema.org","@graph":[{"@type":"Article","@id":"https:\/\/exaudi.org\/it\/preparatevi-al-giubileo-con-la-sua-presenza-vicinanza-compassione-e-tenerezza\/#article","isPartOf":{"@id":"https:\/\/exaudi.org\/it\/preparatevi-al-giubileo-con-la-sua-presenza-vicinanza-compassione-e-tenerezza\/"},"author":{"name":"Exaudi Redazione","@id":"https:\/\/exaudi.org\/#\/schema\/person\/e1ab6ed07c01774724dd96f925f3a5f0"},"headline":"&#8220;Preparatevi al Giubileo con la sua presenza, vicinanza, compassione e tenerezza&#8221;","datePublished":"2024-06-24T19:28:45+00:00","mainEntityOfPage":{"@id":"https:\/\/exaudi.org\/it\/preparatevi-al-giubileo-con-la-sua-presenza-vicinanza-compassione-e-tenerezza\/"},"wordCount":565,"image":{"@id":"https:\/\/exaudi.org\/it\/preparatevi-al-giubileo-con-la-sua-presenza-vicinanza-compassione-e-tenerezza\/#primaryimage"},"thumbnailUrl":"https:\/\/exaudi.org\/wp-content\/uploads\/2024\/06\/cq5dam.web_.800.800-8.jpeg","keywords":["Giubileo 2025","gratitudine","Papa Francesco","povert\u00e0","solidariet\u00e0","udienza","Vaticano","volontariato"],"articleSection":["Discorsi","Leone XIV"],"inLanguage":"it-IT"},{"@type":"WebPage","@id":"https:\/\/exaudi.org\/it\/preparatevi-al-giubileo-con-la-sua-presenza-vicinanza-compassione-e-tenerezza\/","url":"https:\/\/exaudi.org\/it\/preparatevi-al-giubileo-con-la-sua-presenza-vicinanza-compassione-e-tenerezza\/","name":"\"Preparatevi al Giubileo con la sua presenza, vicinanza, compassione e tenerezza\" &#8211; Exaudi","isPartOf":{"@id":"https:\/\/exaudi.org\/#website"},"primaryImageOfPage":{"@id":"https:\/\/exaudi.org\/it\/preparatevi-al-giubileo-con-la-sua-presenza-vicinanza-compassione-e-tenerezza\/#primaryimage"},"image":{"@id":"https:\/\/exaudi.org\/it\/preparatevi-al-giubileo-con-la-sua-presenza-vicinanza-compassione-e-tenerezza\/#primaryimage"},"thumbnailUrl":"https:\/\/exaudi.org\/wp-content\/uploads\/2024\/06\/cq5dam.web_.800.800-8.jpeg","datePublished":"2024-06-24T19:28:45+00:00","author":{"@id":"https:\/\/exaudi.org\/#\/schema\/person\/e1ab6ed07c01774724dd96f925f3a5f0"},"breadcrumb":{"@id":"https:\/\/exaudi.org\/it\/preparatevi-al-giubileo-con-la-sua-presenza-vicinanza-compassione-e-tenerezza\/#breadcrumb"},"inLanguage":"it-IT","potentialAction":[{"@type":"ReadAction","target":["https:\/\/exaudi.org\/it\/preparatevi-al-giubileo-con-la-sua-presenza-vicinanza-compassione-e-tenerezza\/"]}]},{"@type":"ImageObject","inLanguage":"it-IT","@id":"https:\/\/exaudi.org\/it\/preparatevi-al-giubileo-con-la-sua-presenza-vicinanza-compassione-e-tenerezza\/#primaryimage","url":"https:\/\/exaudi.org\/wp-content\/uploads\/2024\/06\/cq5dam.web_.800.800-8.jpeg","contentUrl":"https:\/\/exaudi.org\/wp-content\/uploads\/2024\/06\/cq5dam.web_.800.800-8.jpeg","width":800,"height":533,"caption":"Vatican Media - Udienza ai soci del Circolo San Pietro"},{"@type":"BreadcrumbList","@id":"https:\/\/exaudi.org\/it\/preparatevi-al-giubileo-con-la-sua-presenza-vicinanza-compassione-e-tenerezza\/#breadcrumb","itemListElement":[{"@type":"ListItem","position":1,"name":"Portada","item":"https:\/\/exaudi.org\/it\/"},{"@type":"ListItem","position":2,"name":"&#8220;Preparatevi al Giubileo con la sua presenza, vicinanza, compassione e tenerezza&#8221;"}]},{"@type":"WebSite","@id":"https:\/\/exaudi.org\/#website","url":"https:\/\/exaudi.org\/","name":"Exaudi","description":"News","potentialAction":[{"@type":"SearchAction","target":{"@type":"EntryPoint","urlTemplate":"https:\/\/exaudi.org\/?s={search_term_string}"},"query-input":{"@type":"PropertyValueSpecification","valueRequired":true,"valueName":"search_term_string"}}],"inLanguage":"it-IT"},{"@type":"Person","@id":"https:\/\/exaudi.org\/#\/schema\/person\/e1ab6ed07c01774724dd96f925f3a5f0","name":"Exaudi Redazione","image":{"@type":"ImageObject","inLanguage":"it-IT","@id":"https:\/\/secure.gravatar.com\/avatar\/ad6774b3ada023bf5b939d64f45c94b3adf91502dd883507d469b4308a943bb3?s=96&d=mm&r=g","url":"https:\/\/secure.gravatar.com\/avatar\/ad6774b3ada023bf5b939d64f45c94b3adf91502dd883507d469b4308a943bb3?s=96&d=mm&r=g","contentUrl":"https:\/\/secure.gravatar.com\/avatar\/ad6774b3ada023bf5b939d64f45c94b3adf91502dd883507d469b4308a943bb3?s=96&d=mm&r=g","caption":"Exaudi Redazione"},"description":"Che cosa \u00e8 Exaudi News? Exaudi News \u00e8 un agenzia cattolica internazionale che informa, istruisce e trasforma quotidianamente in spagnolo, inglese e italiano. Attraverso notizie, articoli di analisi e trasmissioni in diretta degli eventi del Papa, Exaudi cerca di rafforzare l'unit\u00e0 dei cristiani e di contribuire all'evangelizzazione del mondo, sempre guidato dalla dottrina sociale della Chiesa. Lavoriamo per portare la verit\u00e0 e i valori cristiani in ogni angolo del pianeta. Aiutaci a trasformare il mondo con Exaudi! Noi di Exaudi crediamo che l'evangelizzazione e l'informazione di qualit\u00e0 possano cambiare la vita. Per continuare la nostra missione ed espandere la nostra portata, abbiamo bisogno del tuo aiuto. Stiamo anche cercando persone motivate che vogliano unirsi al nostro team. Grazie al vostro sostegno raggiungeremo pi\u00f9 persone, diffonderemo il messaggio di Cristo e rafforzeremo l'unit\u00e0 dei cristiani. Vuoi unirti alla nostra missione? Per maggiori informazioni su come contribuire, visita Exaudi.org\/it o contattaci direttamente: info@exaudi.org Exaudi: informa, forma e trasforma.","sameAs":["https:\/\/www.facebook.com\/ExaudiNotizie\/","https:\/\/www.instagram.com\/Exaudi_notizie\/","https:\/\/x.com\/Exaudi_Notizie","https:\/\/www.youtube.com\/@exaudicatholicnews"],"url":"https:\/\/exaudi.org\/it\/author\/dlvedi-org\/"}]}},"jetpack_featured_media_url":"https:\/\/exaudi.org\/wp-content\/uploads\/2024\/06\/cq5dam.web_.800.800-8.jpeg","jetpack_shortlink":"https:\/\/wp.me\/pgKjF2-qYX","_links":{"self":[{"href":"https:\/\/exaudi.org\/it\/wp-json\/wp\/v2\/posts\/103723","targetHints":{"allow":["GET"]}}],"collection":[{"href":"https:\/\/exaudi.org\/it\/wp-json\/wp\/v2\/posts"}],"about":[{"href":"https:\/\/exaudi.org\/it\/wp-json\/wp\/v2\/types\/post"}],"author":[{"embeddable":true,"href":"https:\/\/exaudi.org\/it\/wp-json\/wp\/v2\/users\/17"}],"replies":[{"embeddable":true,"href":"https:\/\/exaudi.org\/it\/wp-json\/wp\/v2\/comments?post=103723"}],"version-history":[{"count":0,"href":"https:\/\/exaudi.org\/it\/wp-json\/wp\/v2\/posts\/103723\/revisions"}],"wp:featuredmedia":[{"embeddable":true,"href":"https:\/\/exaudi.org\/it\/wp-json\/wp\/v2\/media\/103724"}],"wp:attachment":[{"href":"https:\/\/exaudi.org\/it\/wp-json\/wp\/v2\/media?parent=103723"}],"wp:term":[{"taxonomy":"category","embeddable":true,"href":"https:\/\/exaudi.org\/it\/wp-json\/wp\/v2\/categories?post=103723"},{"taxonomy":"post_tag","embeddable":true,"href":"https:\/\/exaudi.org\/it\/wp-json\/wp\/v2\/tags?post=103723"}],"curies":[{"name":"wp","href":"https:\/\/api.w.org\/{rel}","templated":true}]}}