{"id":103485,"date":"2024-06-20T19:08:03","date_gmt":"2024-06-20T17:08:03","guid":{"rendered":"https:\/\/exaudi.org\/?p=103485"},"modified":"2024-06-20T19:08:03","modified_gmt":"2024-06-20T17:08:03","slug":"world-aquatics-impedisce-agli-atleti-trans-di-competere-nella-categoria-femminile","status":"publish","type":"post","link":"https:\/\/exaudi.org\/it\/world-aquatics-impedisce-agli-atleti-trans-di-competere-nella-categoria-femminile\/","title":{"rendered":"World Aquatics impedisce agli atleti trans di competere nella categoria femminile"},"content":{"rendered":"<p>La nuotatrice americana <a href=\"https:\/\/www.observatoriobioetica.org\/2022\/06\/transexualidad-y-deporte-conflictos-no-resueltos\/39140\">Lia Thomas<\/a>, che \u00e8 diventata la prima atleta transgender a vincere un titolo NCAA I nella f<a href=\"https:\/\/www.marca.com\/natacion\/2022\/03\/17\/6233807322601d242e8b45e3.html\">inale delle 500 yard<\/a> nel marzo 2022, ha perso la causa contro World Aquatics (WA). Thomas ha deciso di avviare un&#8217;azione legale nel gennaio 2024 contro la decisione di questo organismo internazionale di vietare la partecipazione nella categoria femminile a chiunque abbia &#8220;superato qualsiasi parte della pubert\u00e0 maschile&#8221;. Nonostante abbia subito il processo di transizione nel 2019, Thomas non gareggia dal 2022.<\/p>\n<p>La Corte Arbitrale dello Sport (CAS) ha respinto il ricorso di Thomas, sostenendo che &#8220;semplicemente non aveva il diritto di impegnarsi per l&#8217;idoneit\u00e0 a competere nelle competizioni WA&#8221; perch\u00e9 non era un membro di USA Swimming. Il CAS ha concluso che i requisiti politici e operativi non erano determinati dalla situazione attuale.<\/p>\n<p>Sebbene World Aquatics continui a impegnarsi a essere inclusivo e a promuovere un ambiente di equit\u00e0 e rispetto per gli atleti di tutti i sessi, questa decisione significa che Lia Thomas non potr\u00e0 competere ai Giochi Olimpici di Parigi 2024.<\/p>\n<p>Come gi\u00e0 riportato in un precedente <a href=\"https:\/\/www.observatoriobioetica.org\/2022\/06\/transexualidad-y-deporte-conflictos-no-resueltos\/39140\">rapporto del nostro Osservatorio<\/a>, la Thomas ha stravinto i campionati di nuoto femminile a cui ha partecipato a livello universitario, provocando una grande divisione di opinioni riguardo alla sua presenza in questa categoria.<\/p>\n<h3><strong>Un dibattito intenso<\/strong><\/h3>\n<p>La partecipazione degli atleti transgender alle competizioni sportive ha generato un intenso dibattito negli ultimi anni. Da un lato ci sono le donne che lottano per il loro diritto a competere nei campionati collegiali, universitari e professionistici, che si oppongono fermamente alla partecipazione degli atleti trans. D\u2019altra parte, c\u2019\u00e8 un movimento che sostiene che gli atleti trans possano competere in base all\u2019identit\u00e0 di genere prescelta.<\/p>\n<p>Nel caso di Thomas, la sua partecipazione ai campionati universitari ha portato la National Collegiate Athletic Association (NCAA) a stabilire un limite massimo di testosterone nel sangue come criterio per considerare una persona come donna ammissibile nelle competizioni femminili. Sebbene Thomas sia stato sottoposto a trattamenti con soppressori del testosterone, mantiene ancora un netto vantaggio rispetto ai suoi rivali.<\/p>\n<p>Sebastian Coe, campione olimpico e direttore della World Athletics, ha affermato che le differenze biologiche sono innegabili e che \u201cil genere non pu\u00f2 prevalere sulla biologia\u201d.<\/p>\n<p>Nel 2022, dopo <a href=\"https:\/\/www.dailyprincetonian.com\/article\/2022\/12\/princeton-lia-thomas-controversy-women-swimming-team\">un incontro<\/a> con donne dell&#8217;Universit\u00e0 di Princeton preoccupate per la presenza di Thomas nelle competizioni femminili, Robin Harris, direttrice della conferenza atletica della Ivy League, prese posizione a favore della nuotatrice trans e si rifiut\u00f2 di cambiare i regolamenti nel bel mezzo della competizione la concorrenza, definendo \u201ctransfobici\u201d coloro che si opponevano.<\/p>\n<h3><strong>La nostra valutazione<\/strong><\/h3>\n<p>Definire i livelli plasmatici di testosterone come l&#8217;unico fattore che dovrebbe determinare se un uomo che ormai si definisce donna \u00e8 alla pari con il resto delle concorrenti femminili costituisce un grave errore. La costituzione fisica, metabolica, endocrina e neurologica \u00e8 determinata dal sesso geneticamente determinato dallo stato embrionale. La modifica dei livelli di testosterone non elimina la configurazione maschile nelle persone colpite, che continueranno a godere della superiorit\u00e0 fisica che la loro mascolinizzazione ha fornito loro per tutta la vita.<\/p>\n<p>L&#8217;istituzione delle categorie per le competizioni sportive \u00e8 finalizzata proprio a garantire che gli atleti gareggino nelle condizioni pi\u00f9 equilibrate possibili, cio\u00e8 in condizioni di uguaglianza. Ignorare il sesso biologico significa esattamente il contrario: influenzare le pari opportunit\u00e0 per chi, essendo diverso, ne ha lo stesso diritto.<\/p>\n<p><em><strong>Julio Tudela Cuenca &#8211; Cristina Castillo &#8211; Osservatorio di Bioetica &#8211; Istituto di Scienze della Vita &#8211; Universit\u00e0 Cattolica di Valenci<\/strong><\/em><\/p>\n","protected":false},"excerpt":{"rendered":"<p>Lia Thomas perde la battaglia legale<\/p>\n","protected":false},"author":87,"featured_media":103350,"comment_status":"closed","ping_status":"closed","sticky":false,"template":"","format":"standard","meta":{"_acf_changed":false,"_crdt_document":"","inline_featured_image":false,"footnotes":""},"categories":[129],"tags":[19414,19409,19410,19420,19411,19413,19412,19426,14363,2487,19416,19417,19419,19418,19415,19421,19422,19423,19424,19425,19427],"class_list":["post-103485","post","type-post","status-publish","format-standard","has-post-thumbnail","hentry","category-voci","tag-atleti-trans","tag-atleti-transgender","tag-battaglia-legale","tag-cat-osservatorio-di-bioetica-universitaria-olica-de-valencia","tag-categoria-femminile","tag-compete","tag-competizione-sportiva","tag-corte-arbitrale-sportiva","tag-dibattito","tag-featured-3","tag-julio-tudela-cuenca-2","tag-lia-thomas-2","tag-ncaa-2","tag-nuotatore-transgender","tag-olimpiadi-parigi-2024","tag-robin-harris-2","tag-sebastian-coe-2","tag-sesso-biologico","tag-tas-2","tag-testosterone","tag-world-aquatics-2"],"acf":[],"yoast_head":"<!-- This site is optimized with the Yoast SEO plugin v27.5 - https:\/\/yoast.com\/product\/yoast-seo-wordpress\/ -->\n<title>World Aquatics impedisce agli atleti trans di competere nella categoria femminile &#8211; Exaudi<\/title>\n<meta name=\"robots\" content=\"index, follow, max-snippet:-1, max-image-preview:large, max-video-preview:-1\" \/>\n<link rel=\"canonical\" href=\"https:\/\/exaudi.org\/it\/world-aquatics-impedisce-agli-atleti-trans-di-competere-nella-categoria-femminile\/\" \/>\n<meta property=\"og:locale\" content=\"it_IT\" \/>\n<meta property=\"og:type\" content=\"article\" \/>\n<meta property=\"og:title\" content=\"World Aquatics impedisce agli atleti trans di competere nella categoria femminile &#8211; Exaudi\" \/>\n<meta property=\"og:description\" content=\"Lia Thomas perde la battaglia legale\" \/>\n<meta property=\"og:url\" content=\"https:\/\/exaudi.org\/it\/world-aquatics-impedisce-agli-atleti-trans-di-competere-nella-categoria-femminile\/\" \/>\n<meta property=\"og:site_name\" content=\"Exaudi\" \/>\n<meta property=\"article:publisher\" content=\"https:\/\/www.facebook.com\/ExaudiNews\" \/>\n<meta property=\"article:author\" content=\"https:\/\/www.facebook.com\/observatoriodebioetica\/\" \/>\n<meta property=\"article:published_time\" content=\"2024-06-20T17:08:03+00:00\" \/>\n<meta property=\"og:image\" content=\"https:\/\/exaudi.org\/wp-content\/uploads\/2024\/06\/maksym-tymchyk-bGOBoZorNoQ-unsplash-scaled.jpg\" \/>\n\t<meta property=\"og:image:width\" content=\"2560\" \/>\n\t<meta property=\"og:image:height\" content=\"1440\" \/>\n\t<meta property=\"og:image:type\" content=\"image\/jpeg\" \/>\n<meta name=\"author\" content=\"Observatorio de Bio\u00e9tica UCV\" \/>\n<meta name=\"twitter:card\" content=\"summary_large_image\" \/>\n<meta name=\"twitter:creator\" content=\"@obioetica\" \/>\n<meta name=\"twitter:site\" content=\"@Exaudi_News\" \/>\n<meta name=\"twitter:label1\" content=\"Scritto da\" \/>\n\t<meta name=\"twitter:data1\" content=\"Observatorio de Bio\u00e9tica UCV\" \/>\n\t<meta name=\"twitter:label2\" content=\"Tempo di lettura stimato\" \/>\n\t<meta name=\"twitter:data2\" content=\"3 minuti\" \/>\n<script type=\"application\/ld+json\" class=\"yoast-schema-graph\">{\"@context\":\"https:\\\/\\\/schema.org\",\"@graph\":[{\"@type\":\"Article\",\"@id\":\"https:\\\/\\\/exaudi.org\\\/it\\\/world-aquatics-impedisce-agli-atleti-trans-di-competere-nella-categoria-femminile\\\/#article\",\"isPartOf\":{\"@id\":\"https:\\\/\\\/exaudi.org\\\/it\\\/world-aquatics-impedisce-agli-atleti-trans-di-competere-nella-categoria-femminile\\\/\"},\"author\":{\"name\":\"Observatorio de Bio\u00e9tica UCV\",\"@id\":\"https:\\\/\\\/exaudi.org\\\/#\\\/schema\\\/person\\\/05d1c06e56ecb5490e9bff0d27026595\"},\"headline\":\"World Aquatics impedisce agli atleti trans di competere nella categoria femminile\",\"datePublished\":\"2024-06-20T17:08:03+00:00\",\"mainEntityOfPage\":{\"@id\":\"https:\\\/\\\/exaudi.org\\\/it\\\/world-aquatics-impedisce-agli-atleti-trans-di-competere-nella-categoria-femminile\\\/\"},\"wordCount\":579,\"image\":{\"@id\":\"https:\\\/\\\/exaudi.org\\\/it\\\/world-aquatics-impedisce-agli-atleti-trans-di-competere-nella-categoria-femminile\\\/#primaryimage\"},\"thumbnailUrl\":\"https:\\\/\\\/exaudi.org\\\/wp-content\\\/uploads\\\/2024\\\/06\\\/maksym-tymchyk-bGOBoZorNoQ-unsplash-scaled.jpg\",\"keywords\":[\"ATLETI TRANS\",\"ATLETI TRANSGENDER\",\"BATTAGLIA LEGALE\",\"CAT OSSERVATORIO DI BIOETICA UNIVERSITARIA \u00d3LICA DE VALENCIA\",\"CATEGORIA FEMMINILE\",\"COMPETE\",\"COMPETIZIONE SPORTIVA\",\"CORTE ARBITRALE SPORTIVA\",\"DIBATTITO\",\"Featured\",\"JULIO TUDELA CUENCA\",\"LIA THOMAS\",\"NCAA\",\"NUOTATORE TRANSGENDER\",\"OLIMPIADI PARIGI 2024\",\"ROBIN HARRIS\",\"SEBASTI\u00c1N COE\",\"SESSO BIOLOGICO\",\"TAS\",\"TESTOSTERONE\",\"WORLD AQUATICS\"],\"articleSection\":[\"Voci\"],\"inLanguage\":\"it-IT\"},{\"@type\":\"WebPage\",\"@id\":\"https:\\\/\\\/exaudi.org\\\/it\\\/world-aquatics-impedisce-agli-atleti-trans-di-competere-nella-categoria-femminile\\\/\",\"url\":\"https:\\\/\\\/exaudi.org\\\/it\\\/world-aquatics-impedisce-agli-atleti-trans-di-competere-nella-categoria-femminile\\\/\",\"name\":\"World Aquatics impedisce agli atleti trans di competere nella categoria femminile &#8211; Exaudi\",\"isPartOf\":{\"@id\":\"https:\\\/\\\/exaudi.org\\\/#website\"},\"primaryImageOfPage\":{\"@id\":\"https:\\\/\\\/exaudi.org\\\/it\\\/world-aquatics-impedisce-agli-atleti-trans-di-competere-nella-categoria-femminile\\\/#primaryimage\"},\"image\":{\"@id\":\"https:\\\/\\\/exaudi.org\\\/it\\\/world-aquatics-impedisce-agli-atleti-trans-di-competere-nella-categoria-femminile\\\/#primaryimage\"},\"thumbnailUrl\":\"https:\\\/\\\/exaudi.org\\\/wp-content\\\/uploads\\\/2024\\\/06\\\/maksym-tymchyk-bGOBoZorNoQ-unsplash-scaled.jpg\",\"datePublished\":\"2024-06-20T17:08:03+00:00\",\"author\":{\"@id\":\"https:\\\/\\\/exaudi.org\\\/#\\\/schema\\\/person\\\/05d1c06e56ecb5490e9bff0d27026595\"},\"breadcrumb\":{\"@id\":\"https:\\\/\\\/exaudi.org\\\/it\\\/world-aquatics-impedisce-agli-atleti-trans-di-competere-nella-categoria-femminile\\\/#breadcrumb\"},\"inLanguage\":\"it-IT\",\"potentialAction\":[{\"@type\":\"ReadAction\",\"target\":[\"https:\\\/\\\/exaudi.org\\\/it\\\/world-aquatics-impedisce-agli-atleti-trans-di-competere-nella-categoria-femminile\\\/\"]}]},{\"@type\":\"ImageObject\",\"inLanguage\":\"it-IT\",\"@id\":\"https:\\\/\\\/exaudi.org\\\/it\\\/world-aquatics-impedisce-agli-atleti-trans-di-competere-nella-categoria-femminile\\\/#primaryimage\",\"url\":\"https:\\\/\\\/exaudi.org\\\/wp-content\\\/uploads\\\/2024\\\/06\\\/maksym-tymchyk-bGOBoZorNoQ-unsplash-scaled.jpg\",\"contentUrl\":\"https:\\\/\\\/exaudi.org\\\/wp-content\\\/uploads\\\/2024\\\/06\\\/maksym-tymchyk-bGOBoZorNoQ-unsplash-scaled.jpg\",\"width\":2560,\"height\":1440,\"caption\":\"Foto di Maksym Tymchyk \ud83c\uddfa\ud83c\udde6 su Unsplash\"},{\"@type\":\"BreadcrumbList\",\"@id\":\"https:\\\/\\\/exaudi.org\\\/it\\\/world-aquatics-impedisce-agli-atleti-trans-di-competere-nella-categoria-femminile\\\/#breadcrumb\",\"itemListElement\":[{\"@type\":\"ListItem\",\"position\":1,\"name\":\"Portada\",\"item\":\"https:\\\/\\\/exaudi.org\\\/it\\\/\"},{\"@type\":\"ListItem\",\"position\":2,\"name\":\"World Aquatics impedisce agli atleti trans di competere nella categoria femminile\"}]},{\"@type\":\"WebSite\",\"@id\":\"https:\\\/\\\/exaudi.org\\\/#website\",\"url\":\"https:\\\/\\\/exaudi.org\\\/\",\"name\":\"Exaudi\",\"description\":\"News\",\"potentialAction\":[{\"@type\":\"SearchAction\",\"target\":{\"@type\":\"EntryPoint\",\"urlTemplate\":\"https:\\\/\\\/exaudi.org\\\/?s={search_term_string}\"},\"query-input\":{\"@type\":\"PropertyValueSpecification\",\"valueRequired\":true,\"valueName\":\"search_term_string\"}}],\"inLanguage\":\"it-IT\"},{\"@type\":\"Person\",\"@id\":\"https:\\\/\\\/exaudi.org\\\/#\\\/schema\\\/person\\\/05d1c06e56ecb5490e9bff0d27026595\",\"name\":\"Observatorio de Bio\u00e9tica UCV\",\"image\":{\"@type\":\"ImageObject\",\"inLanguage\":\"it-IT\",\"@id\":\"https:\\\/\\\/secure.gravatar.com\\\/avatar\\\/086563f59595a89fb0851de25d712a03657b1cdfa8af3c9cd0a1ee122fc5d596?s=96&d=mm&r=g\",\"url\":\"https:\\\/\\\/secure.gravatar.com\\\/avatar\\\/086563f59595a89fb0851de25d712a03657b1cdfa8af3c9cd0a1ee122fc5d596?s=96&d=mm&r=g\",\"contentUrl\":\"https:\\\/\\\/secure.gravatar.com\\\/avatar\\\/086563f59595a89fb0851de25d712a03657b1cdfa8af3c9cd0a1ee122fc5d596?s=96&d=mm&r=g\",\"caption\":\"Observatorio de Bio\u00e9tica UCV\"},\"description\":\"El Observatorio de Bio\u00e9tica se encuentra dentro del Instituto Ciencias de la vida de la Universidad Cat\u00f3lica de Valencia \u201cSan Vicente M\u00e1rtir\u201d . En el trasfondo de sus publicaciones, se defiende la vida humana desde la fecundaci\u00f3n a la muerte natural y la dignidad de la persona, teniendo como objetivo aunar esfuerzos para difundir la cultura de la vida como la define la Evangelium Vitae.\",\"sameAs\":[\"https:\\\/\\\/www.observatoriobioetica.org\\\/\",\"https:\\\/\\\/www.facebook.com\\\/observatoriodebioetica\\\/\",\"https:\\\/\\\/x.com\\\/obioetica\",\"https:\\\/\\\/www.youtube.com\\\/channel\\\/UC_Tr4WS5-TXoNo5e1MdQc7w\"],\"url\":\"https:\\\/\\\/exaudi.org\\\/it\\\/author\\\/observatoriodebioeticaucv\\\/\"}]}<\/script>\n<!-- \/ Yoast SEO plugin. -->","yoast_head_json":{"title":"World Aquatics impedisce agli atleti trans di competere nella categoria femminile &#8211; Exaudi","robots":{"index":"index","follow":"follow","max-snippet":"max-snippet:-1","max-image-preview":"max-image-preview:large","max-video-preview":"max-video-preview:-1"},"canonical":"https:\/\/exaudi.org\/it\/world-aquatics-impedisce-agli-atleti-trans-di-competere-nella-categoria-femminile\/","og_locale":"it_IT","og_type":"article","og_title":"World Aquatics impedisce agli atleti trans di competere nella categoria femminile &#8211; Exaudi","og_description":"Lia Thomas perde la battaglia legale","og_url":"https:\/\/exaudi.org\/it\/world-aquatics-impedisce-agli-atleti-trans-di-competere-nella-categoria-femminile\/","og_site_name":"Exaudi","article_publisher":"https:\/\/www.facebook.com\/ExaudiNews","article_author":"https:\/\/www.facebook.com\/observatoriodebioetica\/","article_published_time":"2024-06-20T17:08:03+00:00","og_image":[{"width":2560,"height":1440,"url":"https:\/\/exaudi.org\/wp-content\/uploads\/2024\/06\/maksym-tymchyk-bGOBoZorNoQ-unsplash-scaled.jpg","type":"image\/jpeg"}],"author":"Observatorio de Bio\u00e9tica UCV","twitter_card":"summary_large_image","twitter_creator":"@obioetica","twitter_site":"@Exaudi_News","twitter_misc":{"Scritto da":"Observatorio de Bio\u00e9tica UCV","Tempo di lettura stimato":"3 minuti"},"schema":{"@context":"https:\/\/schema.org","@graph":[{"@type":"Article","@id":"https:\/\/exaudi.org\/it\/world-aquatics-impedisce-agli-atleti-trans-di-competere-nella-categoria-femminile\/#article","isPartOf":{"@id":"https:\/\/exaudi.org\/it\/world-aquatics-impedisce-agli-atleti-trans-di-competere-nella-categoria-femminile\/"},"author":{"name":"Observatorio de Bio\u00e9tica UCV","@id":"https:\/\/exaudi.org\/#\/schema\/person\/05d1c06e56ecb5490e9bff0d27026595"},"headline":"World Aquatics impedisce agli atleti trans di competere nella categoria femminile","datePublished":"2024-06-20T17:08:03+00:00","mainEntityOfPage":{"@id":"https:\/\/exaudi.org\/it\/world-aquatics-impedisce-agli-atleti-trans-di-competere-nella-categoria-femminile\/"},"wordCount":579,"image":{"@id":"https:\/\/exaudi.org\/it\/world-aquatics-impedisce-agli-atleti-trans-di-competere-nella-categoria-femminile\/#primaryimage"},"thumbnailUrl":"https:\/\/exaudi.org\/wp-content\/uploads\/2024\/06\/maksym-tymchyk-bGOBoZorNoQ-unsplash-scaled.jpg","keywords":["ATLETI TRANS","ATLETI TRANSGENDER","BATTAGLIA LEGALE","CAT OSSERVATORIO DI BIOETICA UNIVERSITARIA \u00d3LICA DE VALENCIA","CATEGORIA FEMMINILE","COMPETE","COMPETIZIONE SPORTIVA","CORTE ARBITRALE SPORTIVA","DIBATTITO","Featured","JULIO TUDELA CUENCA","LIA THOMAS","NCAA","NUOTATORE TRANSGENDER","OLIMPIADI PARIGI 2024","ROBIN HARRIS","SEBASTI\u00c1N COE","SESSO BIOLOGICO","TAS","TESTOSTERONE","WORLD AQUATICS"],"articleSection":["Voci"],"inLanguage":"it-IT"},{"@type":"WebPage","@id":"https:\/\/exaudi.org\/it\/world-aquatics-impedisce-agli-atleti-trans-di-competere-nella-categoria-femminile\/","url":"https:\/\/exaudi.org\/it\/world-aquatics-impedisce-agli-atleti-trans-di-competere-nella-categoria-femminile\/","name":"World Aquatics impedisce agli atleti trans di competere nella categoria femminile &#8211; Exaudi","isPartOf":{"@id":"https:\/\/exaudi.org\/#website"},"primaryImageOfPage":{"@id":"https:\/\/exaudi.org\/it\/world-aquatics-impedisce-agli-atleti-trans-di-competere-nella-categoria-femminile\/#primaryimage"},"image":{"@id":"https:\/\/exaudi.org\/it\/world-aquatics-impedisce-agli-atleti-trans-di-competere-nella-categoria-femminile\/#primaryimage"},"thumbnailUrl":"https:\/\/exaudi.org\/wp-content\/uploads\/2024\/06\/maksym-tymchyk-bGOBoZorNoQ-unsplash-scaled.jpg","datePublished":"2024-06-20T17:08:03+00:00","author":{"@id":"https:\/\/exaudi.org\/#\/schema\/person\/05d1c06e56ecb5490e9bff0d27026595"},"breadcrumb":{"@id":"https:\/\/exaudi.org\/it\/world-aquatics-impedisce-agli-atleti-trans-di-competere-nella-categoria-femminile\/#breadcrumb"},"inLanguage":"it-IT","potentialAction":[{"@type":"ReadAction","target":["https:\/\/exaudi.org\/it\/world-aquatics-impedisce-agli-atleti-trans-di-competere-nella-categoria-femminile\/"]}]},{"@type":"ImageObject","inLanguage":"it-IT","@id":"https:\/\/exaudi.org\/it\/world-aquatics-impedisce-agli-atleti-trans-di-competere-nella-categoria-femminile\/#primaryimage","url":"https:\/\/exaudi.org\/wp-content\/uploads\/2024\/06\/maksym-tymchyk-bGOBoZorNoQ-unsplash-scaled.jpg","contentUrl":"https:\/\/exaudi.org\/wp-content\/uploads\/2024\/06\/maksym-tymchyk-bGOBoZorNoQ-unsplash-scaled.jpg","width":2560,"height":1440,"caption":"Foto di Maksym Tymchyk \ud83c\uddfa\ud83c\udde6 su Unsplash"},{"@type":"BreadcrumbList","@id":"https:\/\/exaudi.org\/it\/world-aquatics-impedisce-agli-atleti-trans-di-competere-nella-categoria-femminile\/#breadcrumb","itemListElement":[{"@type":"ListItem","position":1,"name":"Portada","item":"https:\/\/exaudi.org\/it\/"},{"@type":"ListItem","position":2,"name":"World Aquatics impedisce agli atleti trans di competere nella categoria femminile"}]},{"@type":"WebSite","@id":"https:\/\/exaudi.org\/#website","url":"https:\/\/exaudi.org\/","name":"Exaudi","description":"News","potentialAction":[{"@type":"SearchAction","target":{"@type":"EntryPoint","urlTemplate":"https:\/\/exaudi.org\/?s={search_term_string}"},"query-input":{"@type":"PropertyValueSpecification","valueRequired":true,"valueName":"search_term_string"}}],"inLanguage":"it-IT"},{"@type":"Person","@id":"https:\/\/exaudi.org\/#\/schema\/person\/05d1c06e56ecb5490e9bff0d27026595","name":"Observatorio de Bio\u00e9tica UCV","image":{"@type":"ImageObject","inLanguage":"it-IT","@id":"https:\/\/secure.gravatar.com\/avatar\/086563f59595a89fb0851de25d712a03657b1cdfa8af3c9cd0a1ee122fc5d596?s=96&d=mm&r=g","url":"https:\/\/secure.gravatar.com\/avatar\/086563f59595a89fb0851de25d712a03657b1cdfa8af3c9cd0a1ee122fc5d596?s=96&d=mm&r=g","contentUrl":"https:\/\/secure.gravatar.com\/avatar\/086563f59595a89fb0851de25d712a03657b1cdfa8af3c9cd0a1ee122fc5d596?s=96&d=mm&r=g","caption":"Observatorio de Bio\u00e9tica UCV"},"description":"El Observatorio de Bio\u00e9tica se encuentra dentro del Instituto Ciencias de la vida de la Universidad Cat\u00f3lica de Valencia \u201cSan Vicente M\u00e1rtir\u201d . En el trasfondo de sus publicaciones, se defiende la vida humana desde la fecundaci\u00f3n a la muerte natural y la dignidad de la persona, teniendo como objetivo aunar esfuerzos para difundir la cultura de la vida como la define la Evangelium Vitae.","sameAs":["https:\/\/www.observatoriobioetica.org\/","https:\/\/www.facebook.com\/observatoriodebioetica\/","https:\/\/x.com\/obioetica","https:\/\/www.youtube.com\/channel\/UC_Tr4WS5-TXoNo5e1MdQc7w"],"url":"https:\/\/exaudi.org\/it\/author\/observatoriodebioeticaucv\/"}]}},"jetpack_featured_media_url":"https:\/\/exaudi.org\/wp-content\/uploads\/2024\/06\/maksym-tymchyk-bGOBoZorNoQ-unsplash-scaled.jpg","jetpack_shortlink":"https:\/\/wp.me\/pgKjF2-qV7","_links":{"self":[{"href":"https:\/\/exaudi.org\/it\/wp-json\/wp\/v2\/posts\/103485","targetHints":{"allow":["GET"]}}],"collection":[{"href":"https:\/\/exaudi.org\/it\/wp-json\/wp\/v2\/posts"}],"about":[{"href":"https:\/\/exaudi.org\/it\/wp-json\/wp\/v2\/types\/post"}],"author":[{"embeddable":true,"href":"https:\/\/exaudi.org\/it\/wp-json\/wp\/v2\/users\/87"}],"replies":[{"embeddable":true,"href":"https:\/\/exaudi.org\/it\/wp-json\/wp\/v2\/comments?post=103485"}],"version-history":[{"count":0,"href":"https:\/\/exaudi.org\/it\/wp-json\/wp\/v2\/posts\/103485\/revisions"}],"wp:featuredmedia":[{"embeddable":true,"href":"https:\/\/exaudi.org\/it\/wp-json\/wp\/v2\/media\/103350"}],"wp:attachment":[{"href":"https:\/\/exaudi.org\/it\/wp-json\/wp\/v2\/media?parent=103485"}],"wp:term":[{"taxonomy":"category","embeddable":true,"href":"https:\/\/exaudi.org\/it\/wp-json\/wp\/v2\/categories?post=103485"},{"taxonomy":"post_tag","embeddable":true,"href":"https:\/\/exaudi.org\/it\/wp-json\/wp\/v2\/tags?post=103485"}],"curies":[{"name":"wp","href":"https:\/\/api.w.org\/{rel}","templated":true}]}}