{"id":103362,"date":"2024-06-19T19:00:14","date_gmt":"2024-06-19T17:00:14","guid":{"rendered":"https:\/\/exaudi.org\/?p=103362"},"modified":"2024-06-19T19:00:14","modified_gmt":"2024-06-19T17:00:14","slug":"maggio-68-nella-mia-generazione","status":"publish","type":"post","link":"https:\/\/exaudi.org\/it\/maggio-68-nella-mia-generazione\/","title":{"rendered":"Maggio 68 nella mia generazione"},"content":{"rendered":"<p>La rivolta universitaria del <em>maggio 1968<\/em> alla Sorbona di Parigi, vista da queste latitudini peruviane, continua a essere per me un mistero. Se ne continua a parlare e gli vengono attribuite una serie di conseguenze nella configurazione della cultura contemporanea nelle sue luci e nelle sue ombre. Nicolas Sarkozy si riferiva a quest&#8217;ultimo, ad esempio, intorno al 2008, affermando: &#8220;S\u00ec, moralit\u00e0, una parola che non mi spaventa. La moralit\u00e0, cosa di cui dopo il <em>maggio 1968<\/em> non si poteva pi\u00f9 parlare (&#8230;). Gli eredi del maggio &#8217;68 avevano imposto l&#8217;idea che tutto va bene, che non esiste differenza tra il bene e il male, tra ci\u00f2 che \u00e8 vero e ci\u00f2 che \u00e8 falso, tra ci\u00f2 che \u00e8 bello e ci\u00f2 che \u00e8 brutto; avevano cercato di far credere che lo studente vale quanto il maestro (&#8230;), che la vittima conta meno del criminale (&#8230;), che non pu\u00f2 esistere gerarchia di valori (\u2026 .), che l&#8217;autorit\u00e0, la cortesia, aveva finito, il rispetto; che non c&#8217;era niente di grande, niente di sacro, niente di ammirevole; nessuna regola, nessuna norma, nulla era proibito&#8221;. Chiaramente, una visione critica delle idee di questa rivolta.<\/p>\n<p>Mario Vargas Llosa, dopo aver ricevuto il Premio Don Chisciotte, per la sua carriera di divulgatore della cultura e della lingua spagnola, risponde a Yolanda Vaccaro -nel 2010- in un&#8217;intervista sulla &#8220;soppressione delle \u00e9lite&#8221;, uno degli obiettivi del <em>maggio del &#8217;68<\/em> Dice: &#8220;Ritengo che sia un problema molto attuale perch\u00e9 credo che a partire dal <em>maggio 1968<\/em> sia emersa una tesi che si \u00e8 diffusa in un certo modo in buona parte del mondo: che bisognava porre fine alle \u00e9lite. Questo atteggiamento \u00e8 una pura assurdit\u00e0 perch\u00e9 porre fine alle \u00e9lite significa semplicemente trasformare la cultura in un simulacro di ci\u00f2 che \u00e8 cultura. Non \u00e8 possibile che tutti abbiano lo stesso grado di conoscenza, abbiano lo stesso grado di specializzazione; questa \u00e8 un\u2019utopia assolutamente irreale. L&#8217;odio, il rifiuto delle \u00e9lite, credo abbia creato una confusione cos\u00ec straordinaria che in alcuni campi come l&#8217;arte, le persone non sanno pi\u00f9 cosa ha valore e cosa no.&#8221;<\/p>\n<p>Due opinioni, quella di Sarkozy e quella di Vargas Llosa, critico nei confronti dei postulati del <em>maggio 68<\/em>. Quali sono le idee dietro questo evento? Il libro di Jos\u00e9 Mar\u00eda Carabante, professore di filosofia del diritto all\u2019Universit\u00e0 Complutense, <em>maggio 68. Chiavi filosofiche<\/em> <em>per una rivolta postmoderna<\/em> (Rialp, 2018), fornisce un\u2019ottima guida per rispondere a questa domanda. Si tratta di un&#8217;indagine sulle correnti ideologiche che esistevano prima, durante e dopo quelle settimane di agitazioni iniziate il 22 marzo a Nanterre e culminate il 10 maggio, la notte delle barricate nel Quartiere Latino. Lo stretto antecedente della rivolta parigina si verific\u00f2 sull&#8217;altra sponda dell&#8217;Atlantico, presso l&#8217;Universit\u00e0 di Berkeley, in California (USA), nel 1964, con il movimento per la <em>Libert\u00e0 di parola<\/em>. In Francia, il 22 marzo 1968 scoppi\u00f2 la rivolta alla Facolt\u00e0 di Lettere e Filosofia di Nanterre, guidata dal giovane studente di sociologia Daniel Cohn-Bendit. Poche settimane dopo, il 3 maggio, gli studenti presero il controllo della Sorbona. Gli slogan e gli slogan sono molto sorprendenti: &#8220;siamo realistici, facciamo l&#8217;impossibile&#8221;, &#8220;l&#8217;immaginazione al potere&#8221;, &#8220;il potere ha preso il potere, prendiamo il potere&#8221;. \u00c8 un movimento di sovversione totale del sistema. Sartre sostiene il movimento. Raymond Aron, piuttosto, \u00e8 un critico di questi eventi.<\/p>\n<p>Carabante ritiene che le chiavi filosofiche di questa rivolta possano essere ricondotte indietro nel tempo: prima, durante e dopo. Dietro ci sarebbero i maestri del sospetto Marx (le idee sono pura ideologia che emana dalle strutture economiche di dominio), Nietzsche (dobbiamo smascherare la debolezza della morale attuale e restituire il protagonismo al superuomo) e Freud (l&#8217;importante \u00e8 le pulsioni erotiche). Durante le rivolte del <em>maggio 1968<\/em>, Marcuse divenne un punto di riferimento importante proponendo una societ\u00e0 dell&#8217;eros, senza ostacoli, dove ogni individuo poteva soddisfare i propri desideri, un cocktail di idee tra Marx e Freud. Da parte loro, i cosiddetti filosofi situazionisti Debord e Veneigen si resero conto \u201cche la rivoluzione, per avere successo, doveva avvenire nella sfera culturale, e che l\u2019obiettivo della trasformazione dovevano essere i costumi, i valori e le convinzioni\u201d. Era la cultura, in breve, a custodire il potere capitalista e a fungere da suo sostegno\u201d (p. 61). Infine, dopo il <em>maggio 1968<\/em>, furono filosofi postmoderni come Foucault, Deleuze, Derrida, Lyotard a dare aria allo spirito della rivolta, intronizzando l\u2019io e minando il discorso moderno con l\u2019approccio decostruttivista, segnando la fine delle grandi storie.<\/p>\n<p>Luc Ferry e Alan Renaut sintetizzano il pensiero del &#8217;68 in quattro tratti: la fine della filosofia, il paradigma della genealogia, la dissoluzione dell&#8217;idea di verit\u00e0 e lo storicismo. Il reale svanisce e l&#8217;essere umano perderebbe la capacit\u00e0 di conoscere. Non ci sarebbero nemmeno differenze tra le culture, n\u00e9 distinzione tra il bene e il male, perch\u00e9 non esiste criterio normativo che non risponda al dominio, che non sia sintomo di dogmatismo o traccia di un pregiudizio dispotico (cfr pp. 76). -77). I frammenti di conoscenza, il s\u00e9 e le sue pulsioni si espandono, tutto in avanti, scrollandosi di dosso tradizioni e istituzioni viste come alienanti e dannose.<\/p>\n<p>Quindi, mi chiedo, nel <em>maggio del &#8217;68<\/em>, dov&#8217;eri negli anni &#8217;70 e oltre nelle universit\u00e0 peruviane? Dov&#8217;eri nei decenni del terrorismo degli anni &#8217;80 e &#8217;90? Temo che tu non fossi presente nell&#8217;immaginario culturale in cui ci siamo formati noi studenti universitari di allora. Ho iniziato la mia laurea in giurisprudenza presso l&#8217;Universit\u00e0 Nazionale Pedro Ruiz Gallo di Chiclayo (1975-1977) e l&#8217;ho proseguita presso la PUCP (1978-1981). Mi sono cio\u00e8 formato nel periodo immediatamente successivo al <em>maggio 68<\/em>. In questo momento non trovo tracce importanti dello spirito di questa rivolta parigina. La genialit\u00e0 paradossale del <em>maggio &#8217;68<\/em> non \u00e8 arrivata alla mia generazione, \u00e8 arrivata a noi di petto e senza anestesia, al marxismo nelle sue fonti, nei suoi divulgatori e nelle sue diverse facce revisioniste. I corsi di studi generali che ho seguito, a eccezione di un corso di contabilit\u00e0, avevano un orientamento marxista: materialismo storico e dialettico, lotta di classe, movimenti popolari, rapporti di sfruttamento, storia critica, sociologia. La societ\u00e0 erotica di Marcuse rimase sulla carta e, invece, il terreno fertile per la rivoluzione fu cucinato attraverso Shining Path (il marxismo pi\u00f9 radicale nelle universit\u00e0) che sfoci\u00f2 nei fucili e nel terrorismo degli anni &#8217;80 e &#8217;90, il cui tragico esito \u00e8 ancora vicino a noi .<\/p>\n<p>Il maggio culturale, psicologico e ricreativo del &#8217;68 non \u00e8 stato un riferimento intellettuale per la mia generazione, niente come &#8220;lunga vita agli elfi e morte agli orchi&#8221;. Il \u201cpane con libert\u00e0\u201d degli Apristi non \u00e8 riuscito; Anche lo slogan \u201ccontadino, il capo non manger\u00e0 pi\u00f9 della tua miseria\u201d del governo socialista di Velasco Alvarado, fu devastato dal \u201cpensiero Gonzalo\u201d e dal terrore insano di Sendero Luminoso.<\/p>\n<p>Ci sono ancora tracce del <em>maggio &#8217;68<\/em>, forse pi\u00f9 visibili nell&#8217;emisfero settentrionale. Della rivolta resta poco e, probabilmente, ci\u00f2 che ancora aleggia nel nostro tempo \u00e8 una sensibilit\u00e0 che promuove stili di vita libertari incoraggiati dalla societ\u00e0 dello spettacolo e del consumo.<\/p>\n","protected":false},"excerpt":{"rendered":"<p>Della rivolta resta ben poco e, ci\u00f2 che ancora persiste nel nostro tempo, \u00e8 una sensibilit\u00e0<br \/>\nche promuove stili di vita libertari incoraggiati dalla societ\u00e0 dello spettacolo e del consumo<\/p>\n","protected":false},"author":109,"featured_media":103304,"comment_status":"closed","ping_status":"closed","sticky":false,"template":"","format":"standard","meta":{"_acf_changed":false,"_crdt_document":"","inline_featured_image":false,"footnotes":""},"categories":[129],"tags":[19140,941,14663,19141,2183,691,4952],"class_list":["post-103362","post","type-post","status-publish","format-standard","has-post-thumbnail","hentry","category-voci","tag-carabante-2","tag-cultura","tag-francisco-bobadilla-2","tag-maggio-68","tag-peru-it","tag-terrorismo","tag-trending-it"],"acf":[],"yoast_head":"<!-- This site is optimized with the Yoast SEO plugin v27.4 - https:\/\/yoast.com\/product\/yoast-seo-wordpress\/ -->\n<title>Maggio 68 nella mia generazione &#8211; Exaudi<\/title>\n<meta name=\"robots\" content=\"index, follow, max-snippet:-1, max-image-preview:large, max-video-preview:-1\" \/>\n<link rel=\"canonical\" href=\"https:\/\/exaudi.org\/it\/maggio-68-nella-mia-generazione\/\" \/>\n<meta property=\"og:locale\" content=\"it_IT\" \/>\n<meta property=\"og:type\" content=\"article\" \/>\n<meta property=\"og:title\" content=\"Maggio 68 nella mia generazione &#8211; Exaudi\" \/>\n<meta property=\"og:description\" content=\"Della rivolta resta ben poco e, ci\u00f2 che ancora persiste nel nostro tempo, \u00e8 una sensibilit\u00e0 che promuove stili di vita libertari incoraggiati dalla societ\u00e0 dello spettacolo e del consumo\" \/>\n<meta property=\"og:url\" content=\"https:\/\/exaudi.org\/it\/maggio-68-nella-mia-generazione\/\" \/>\n<meta property=\"og:site_name\" content=\"Exaudi\" \/>\n<meta property=\"article:publisher\" content=\"https:\/\/www.facebook.com\/ExaudiNews\" \/>\n<meta property=\"article:published_time\" content=\"2024-06-19T17:00:14+00:00\" \/>\n<meta property=\"og:image\" content=\"https:\/\/exaudi.org\/wp-content\/uploads\/2024\/06\/Cortina-3.jpg\" \/>\n\t<meta property=\"og:image:width\" content=\"1080\" \/>\n\t<meta property=\"og:image:height\" content=\"1080\" \/>\n\t<meta property=\"og:image:type\" content=\"image\/jpeg\" \/>\n<meta name=\"author\" content=\"Francisco Bobadilla\" \/>\n<meta name=\"twitter:card\" content=\"summary_large_image\" \/>\n<meta name=\"twitter:creator\" content=\"@Exaudi_News\" \/>\n<meta name=\"twitter:site\" content=\"@Exaudi_News\" \/>\n<meta name=\"twitter:label1\" content=\"Scritto da\" \/>\n\t<meta name=\"twitter:data1\" content=\"Francisco Bobadilla\" \/>\n\t<meta name=\"twitter:label2\" content=\"Tempo di lettura stimato\" \/>\n\t<meta name=\"twitter:data2\" content=\"6 minuti\" \/>\n<script type=\"application\/ld+json\" class=\"yoast-schema-graph\">{\"@context\":\"https:\\\/\\\/schema.org\",\"@graph\":[{\"@type\":\"Article\",\"@id\":\"https:\\\/\\\/exaudi.org\\\/it\\\/maggio-68-nella-mia-generazione\\\/#article\",\"isPartOf\":{\"@id\":\"https:\\\/\\\/exaudi.org\\\/it\\\/maggio-68-nella-mia-generazione\\\/\"},\"author\":{\"name\":\"Francisco Bobadilla\",\"@id\":\"https:\\\/\\\/exaudi.org\\\/#\\\/schema\\\/person\\\/f2d4ad1e1e2bb7dad42a623b75b7166b\"},\"headline\":\"Maggio 68 nella mia generazione\",\"datePublished\":\"2024-06-19T17:00:14+00:00\",\"mainEntityOfPage\":{\"@id\":\"https:\\\/\\\/exaudi.org\\\/it\\\/maggio-68-nella-mia-generazione\\\/\"},\"wordCount\":1140,\"image\":{\"@id\":\"https:\\\/\\\/exaudi.org\\\/it\\\/maggio-68-nella-mia-generazione\\\/#primaryimage\"},\"thumbnailUrl\":\"https:\\\/\\\/exaudi.org\\\/wp-content\\\/uploads\\\/2024\\\/06\\\/Cortina-3.jpg\",\"keywords\":[\"CARABANTE\",\"cultura\",\"FRANCISCO BOBADILLA\",\"MAGGIO 68\",\"Per\u00fa\",\"terrorismo\",\"Trending\"],\"articleSection\":[\"Voci\"],\"inLanguage\":\"it-IT\"},{\"@type\":\"WebPage\",\"@id\":\"https:\\\/\\\/exaudi.org\\\/it\\\/maggio-68-nella-mia-generazione\\\/\",\"url\":\"https:\\\/\\\/exaudi.org\\\/it\\\/maggio-68-nella-mia-generazione\\\/\",\"name\":\"Maggio 68 nella mia generazione &#8211; Exaudi\",\"isPartOf\":{\"@id\":\"https:\\\/\\\/exaudi.org\\\/#website\"},\"primaryImageOfPage\":{\"@id\":\"https:\\\/\\\/exaudi.org\\\/it\\\/maggio-68-nella-mia-generazione\\\/#primaryimage\"},\"image\":{\"@id\":\"https:\\\/\\\/exaudi.org\\\/it\\\/maggio-68-nella-mia-generazione\\\/#primaryimage\"},\"thumbnailUrl\":\"https:\\\/\\\/exaudi.org\\\/wp-content\\\/uploads\\\/2024\\\/06\\\/Cortina-3.jpg\",\"datePublished\":\"2024-06-19T17:00:14+00:00\",\"author\":{\"@id\":\"https:\\\/\\\/exaudi.org\\\/#\\\/schema\\\/person\\\/f2d4ad1e1e2bb7dad42a623b75b7166b\"},\"breadcrumb\":{\"@id\":\"https:\\\/\\\/exaudi.org\\\/it\\\/maggio-68-nella-mia-generazione\\\/#breadcrumb\"},\"inLanguage\":\"it-IT\",\"potentialAction\":[{\"@type\":\"ReadAction\",\"target\":[\"https:\\\/\\\/exaudi.org\\\/it\\\/maggio-68-nella-mia-generazione\\\/\"]}]},{\"@type\":\"ImageObject\",\"inLanguage\":\"it-IT\",\"@id\":\"https:\\\/\\\/exaudi.org\\\/it\\\/maggio-68-nella-mia-generazione\\\/#primaryimage\",\"url\":\"https:\\\/\\\/exaudi.org\\\/wp-content\\\/uploads\\\/2024\\\/06\\\/Cortina-3.jpg\",\"contentUrl\":\"https:\\\/\\\/exaudi.org\\\/wp-content\\\/uploads\\\/2024\\\/06\\\/Cortina-3.jpg\",\"width\":1080,\"height\":1080},{\"@type\":\"BreadcrumbList\",\"@id\":\"https:\\\/\\\/exaudi.org\\\/it\\\/maggio-68-nella-mia-generazione\\\/#breadcrumb\",\"itemListElement\":[{\"@type\":\"ListItem\",\"position\":1,\"name\":\"Portada\",\"item\":\"https:\\\/\\\/exaudi.org\\\/it\\\/\"},{\"@type\":\"ListItem\",\"position\":2,\"name\":\"Maggio 68 nella mia generazione\"}]},{\"@type\":\"WebSite\",\"@id\":\"https:\\\/\\\/exaudi.org\\\/#website\",\"url\":\"https:\\\/\\\/exaudi.org\\\/\",\"name\":\"Exaudi\",\"description\":\"News\",\"potentialAction\":[{\"@type\":\"SearchAction\",\"target\":{\"@type\":\"EntryPoint\",\"urlTemplate\":\"https:\\\/\\\/exaudi.org\\\/?s={search_term_string}\"},\"query-input\":{\"@type\":\"PropertyValueSpecification\",\"valueRequired\":true,\"valueName\":\"search_term_string\"}}],\"inLanguage\":\"it-IT\"},{\"@type\":\"Person\",\"@id\":\"https:\\\/\\\/exaudi.org\\\/#\\\/schema\\\/person\\\/f2d4ad1e1e2bb7dad42a623b75b7166b\",\"name\":\"Francisco Bobadilla\",\"image\":{\"@type\":\"ImageObject\",\"inLanguage\":\"it-IT\",\"@id\":\"https:\\\/\\\/secure.gravatar.com\\\/avatar\\\/8d65d74eeda045f5ef133a25b739fed12768ab871a0ddb2772cf98408d61ee37?s=96&d=mm&r=g\",\"url\":\"https:\\\/\\\/secure.gravatar.com\\\/avatar\\\/8d65d74eeda045f5ef133a25b739fed12768ab871a0ddb2772cf98408d61ee37?s=96&d=mm&r=g\",\"contentUrl\":\"https:\\\/\\\/secure.gravatar.com\\\/avatar\\\/8d65d74eeda045f5ef133a25b739fed12768ab871a0ddb2772cf98408d61ee37?s=96&d=mm&r=g\",\"caption\":\"Francisco Bobadilla\"},\"description\":\"Francisco Bobadilla es profesor principal de la Universidad de Piura, donde dicta clases para el pre-grado y posgrado. Interesado en las Humanidades y en la dimensi\u00f3n \u00e9tica de la conducta humana. Lector habitual, de cuyas lecturas se nutre en gran parte este blog. Es autor, entre otros, de los libros \u201cPasi\u00f3n por la Excelencia\u201d, \u201cEmpresas con alma\u201d, \u00abProgreso econ\u00f3mico y desarrollo humano\u00bb, \u00abEl C\u00f3digo da Vinci: de la ficci\u00f3n a la realidad\u00bb; \u00abLa disponibilidad de los derechos de la personalidad\u00bb. Abogado y Master en Derecho Civil por la PUCP, doctor en Derecho por la Universidad de Zaragoza; Licenciado en Ciencias de la Informaci\u00f3n por la Universidad de Piura. Sus temas: pensamiento pol\u00edtico y social, \u00e9tica y cultura, derechos de la persona.\",\"sameAs\":[\"https:\\\/\\\/tertuliaabierta.wordpress.com\\\/\"],\"url\":\"https:\\\/\\\/exaudi.org\\\/it\\\/author\\\/francisco-bobadilla\\\/\"}]}<\/script>\n<!-- \/ Yoast SEO plugin. -->","yoast_head_json":{"title":"Maggio 68 nella mia generazione &#8211; Exaudi","robots":{"index":"index","follow":"follow","max-snippet":"max-snippet:-1","max-image-preview":"max-image-preview:large","max-video-preview":"max-video-preview:-1"},"canonical":"https:\/\/exaudi.org\/it\/maggio-68-nella-mia-generazione\/","og_locale":"it_IT","og_type":"article","og_title":"Maggio 68 nella mia generazione &#8211; Exaudi","og_description":"Della rivolta resta ben poco e, ci\u00f2 che ancora persiste nel nostro tempo, \u00e8 una sensibilit\u00e0 che promuove stili di vita libertari incoraggiati dalla societ\u00e0 dello spettacolo e del consumo","og_url":"https:\/\/exaudi.org\/it\/maggio-68-nella-mia-generazione\/","og_site_name":"Exaudi","article_publisher":"https:\/\/www.facebook.com\/ExaudiNews","article_published_time":"2024-06-19T17:00:14+00:00","og_image":[{"width":1080,"height":1080,"url":"https:\/\/exaudi.org\/wp-content\/uploads\/2024\/06\/Cortina-3.jpg","type":"image\/jpeg"}],"author":"Francisco Bobadilla","twitter_card":"summary_large_image","twitter_creator":"@Exaudi_News","twitter_site":"@Exaudi_News","twitter_misc":{"Scritto da":"Francisco Bobadilla","Tempo di lettura stimato":"6 minuti"},"schema":{"@context":"https:\/\/schema.org","@graph":[{"@type":"Article","@id":"https:\/\/exaudi.org\/it\/maggio-68-nella-mia-generazione\/#article","isPartOf":{"@id":"https:\/\/exaudi.org\/it\/maggio-68-nella-mia-generazione\/"},"author":{"name":"Francisco Bobadilla","@id":"https:\/\/exaudi.org\/#\/schema\/person\/f2d4ad1e1e2bb7dad42a623b75b7166b"},"headline":"Maggio 68 nella mia generazione","datePublished":"2024-06-19T17:00:14+00:00","mainEntityOfPage":{"@id":"https:\/\/exaudi.org\/it\/maggio-68-nella-mia-generazione\/"},"wordCount":1140,"image":{"@id":"https:\/\/exaudi.org\/it\/maggio-68-nella-mia-generazione\/#primaryimage"},"thumbnailUrl":"https:\/\/exaudi.org\/wp-content\/uploads\/2024\/06\/Cortina-3.jpg","keywords":["CARABANTE","cultura","FRANCISCO BOBADILLA","MAGGIO 68","Per\u00fa","terrorismo","Trending"],"articleSection":["Voci"],"inLanguage":"it-IT"},{"@type":"WebPage","@id":"https:\/\/exaudi.org\/it\/maggio-68-nella-mia-generazione\/","url":"https:\/\/exaudi.org\/it\/maggio-68-nella-mia-generazione\/","name":"Maggio 68 nella mia generazione &#8211; Exaudi","isPartOf":{"@id":"https:\/\/exaudi.org\/#website"},"primaryImageOfPage":{"@id":"https:\/\/exaudi.org\/it\/maggio-68-nella-mia-generazione\/#primaryimage"},"image":{"@id":"https:\/\/exaudi.org\/it\/maggio-68-nella-mia-generazione\/#primaryimage"},"thumbnailUrl":"https:\/\/exaudi.org\/wp-content\/uploads\/2024\/06\/Cortina-3.jpg","datePublished":"2024-06-19T17:00:14+00:00","author":{"@id":"https:\/\/exaudi.org\/#\/schema\/person\/f2d4ad1e1e2bb7dad42a623b75b7166b"},"breadcrumb":{"@id":"https:\/\/exaudi.org\/it\/maggio-68-nella-mia-generazione\/#breadcrumb"},"inLanguage":"it-IT","potentialAction":[{"@type":"ReadAction","target":["https:\/\/exaudi.org\/it\/maggio-68-nella-mia-generazione\/"]}]},{"@type":"ImageObject","inLanguage":"it-IT","@id":"https:\/\/exaudi.org\/it\/maggio-68-nella-mia-generazione\/#primaryimage","url":"https:\/\/exaudi.org\/wp-content\/uploads\/2024\/06\/Cortina-3.jpg","contentUrl":"https:\/\/exaudi.org\/wp-content\/uploads\/2024\/06\/Cortina-3.jpg","width":1080,"height":1080},{"@type":"BreadcrumbList","@id":"https:\/\/exaudi.org\/it\/maggio-68-nella-mia-generazione\/#breadcrumb","itemListElement":[{"@type":"ListItem","position":1,"name":"Portada","item":"https:\/\/exaudi.org\/it\/"},{"@type":"ListItem","position":2,"name":"Maggio 68 nella mia generazione"}]},{"@type":"WebSite","@id":"https:\/\/exaudi.org\/#website","url":"https:\/\/exaudi.org\/","name":"Exaudi","description":"News","potentialAction":[{"@type":"SearchAction","target":{"@type":"EntryPoint","urlTemplate":"https:\/\/exaudi.org\/?s={search_term_string}"},"query-input":{"@type":"PropertyValueSpecification","valueRequired":true,"valueName":"search_term_string"}}],"inLanguage":"it-IT"},{"@type":"Person","@id":"https:\/\/exaudi.org\/#\/schema\/person\/f2d4ad1e1e2bb7dad42a623b75b7166b","name":"Francisco Bobadilla","image":{"@type":"ImageObject","inLanguage":"it-IT","@id":"https:\/\/secure.gravatar.com\/avatar\/8d65d74eeda045f5ef133a25b739fed12768ab871a0ddb2772cf98408d61ee37?s=96&d=mm&r=g","url":"https:\/\/secure.gravatar.com\/avatar\/8d65d74eeda045f5ef133a25b739fed12768ab871a0ddb2772cf98408d61ee37?s=96&d=mm&r=g","contentUrl":"https:\/\/secure.gravatar.com\/avatar\/8d65d74eeda045f5ef133a25b739fed12768ab871a0ddb2772cf98408d61ee37?s=96&d=mm&r=g","caption":"Francisco Bobadilla"},"description":"Francisco Bobadilla es profesor principal de la Universidad de Piura, donde dicta clases para el pre-grado y posgrado. Interesado en las Humanidades y en la dimensi\u00f3n \u00e9tica de la conducta humana. Lector habitual, de cuyas lecturas se nutre en gran parte este blog. Es autor, entre otros, de los libros \u201cPasi\u00f3n por la Excelencia\u201d, \u201cEmpresas con alma\u201d, \u00abProgreso econ\u00f3mico y desarrollo humano\u00bb, \u00abEl C\u00f3digo da Vinci: de la ficci\u00f3n a la realidad\u00bb; \u00abLa disponibilidad de los derechos de la personalidad\u00bb. Abogado y Master en Derecho Civil por la PUCP, doctor en Derecho por la Universidad de Zaragoza; Licenciado en Ciencias de la Informaci\u00f3n por la Universidad de Piura. Sus temas: pensamiento pol\u00edtico y social, \u00e9tica y cultura, derechos de la persona.","sameAs":["https:\/\/tertuliaabierta.wordpress.com\/"],"url":"https:\/\/exaudi.org\/it\/author\/francisco-bobadilla\/"}]}},"jetpack_featured_media_url":"https:\/\/exaudi.org\/wp-content\/uploads\/2024\/06\/Cortina-3.jpg","jetpack_shortlink":"https:\/\/wp.me\/pgKjF2-qT8","_links":{"self":[{"href":"https:\/\/exaudi.org\/it\/wp-json\/wp\/v2\/posts\/103362","targetHints":{"allow":["GET"]}}],"collection":[{"href":"https:\/\/exaudi.org\/it\/wp-json\/wp\/v2\/posts"}],"about":[{"href":"https:\/\/exaudi.org\/it\/wp-json\/wp\/v2\/types\/post"}],"author":[{"embeddable":true,"href":"https:\/\/exaudi.org\/it\/wp-json\/wp\/v2\/users\/109"}],"replies":[{"embeddable":true,"href":"https:\/\/exaudi.org\/it\/wp-json\/wp\/v2\/comments?post=103362"}],"version-history":[{"count":0,"href":"https:\/\/exaudi.org\/it\/wp-json\/wp\/v2\/posts\/103362\/revisions"}],"wp:featuredmedia":[{"embeddable":true,"href":"https:\/\/exaudi.org\/it\/wp-json\/wp\/v2\/media\/103304"}],"wp:attachment":[{"href":"https:\/\/exaudi.org\/it\/wp-json\/wp\/v2\/media?parent=103362"}],"wp:term":[{"taxonomy":"category","embeddable":true,"href":"https:\/\/exaudi.org\/it\/wp-json\/wp\/v2\/categories?post=103362"},{"taxonomy":"post_tag","embeddable":true,"href":"https:\/\/exaudi.org\/it\/wp-json\/wp\/v2\/tags?post=103362"}],"curies":[{"name":"wp","href":"https:\/\/api.w.org\/{rel}","templated":true}]}}