{"id":102624,"date":"2024-06-08T19:20:01","date_gmt":"2024-06-08T17:20:01","guid":{"rendered":"https:\/\/exaudi.org\/?p=102624"},"modified":"2024-06-08T19:20:01","modified_gmt":"2024-06-08T17:20:01","slug":"padre-angel-espinosa-de-los-monteros-la-messa-e-un-appuntamento-con-dio","status":"publish","type":"post","link":"https:\/\/exaudi.org\/it\/padre-angel-espinosa-de-los-monteros-la-messa-e-un-appuntamento-con-dio\/","title":{"rendered":"Padre \u00c1ngel Espinosa de los Monteros: La Messa \u00e8 un appuntamento con Dio"},"content":{"rendered":"<p><a href=\"https:\/\/exaudi.org\/es\/author\/padre-angel-espinosa-de-los-monteros\/\">Padre \u00c1ngel Espinosa de los Monteros<\/a> propone ai lettori di Exaudi nella sua rubrica Riflessioni il tema <strong>\u201cLa Messa, un appuntamento con Dio\u201d.<\/strong><\/p>\n<p>***<\/p>\n<p>Mi viene continuamente chiesto cosa sia la messa e perch\u00e9 andarci tutti i giorni invece di assolvere solo all&#8217;obbligo domenicale.<\/p>\n<p>Sto scrivendo un libro sulla massa, ma cercher\u00f2 di spiegare cos&#8217;\u00e8 la massa in pochi minuti. La messa \u00e8, in sostanza, l&#8217;appuntamento con Dio, il pi\u00f9 importante di tutti. Immaginate che vi dica che ho un appuntamento con il Papa a Roma o con il presidente della business community a New York; tutti penserebbero che sia qualcosa di grandioso. Ma la realt\u00e0 \u00e8 che ho un appuntamento quotidiano con Dio, mio \u200b\u200bpadre, il mio amico, mio \u200b\u200bfratello, il mio modello, il mio cammino, la mia verit\u00e0, la mia vita, l&#8217;aria che respiro, il mio cibo, il mio perdono e la mia misericordia.<\/p>\n<p>Non esiste citazione pi\u00f9 importante di questa. Gli appuntamenti terreni possono riguardare l\u2019amicizia, il denaro o il lavoro e sono momentanei. D&#8217;altra parte, l&#8217;appuntamento con Dio ha un valore molto pi\u00f9 grande. La messa pu\u00f2 essere paragonata a qualsiasi appuntamento importante: arrivi, ti prepari, ed entrando saluti chi ti ospita con parole gentili. Poi, a tavola, inizia un dialogo in cui entrambi si parlano e si ascoltano.<\/p>\n<p>Per iscriverti ai canali di <a href=\"https:\/\/padreangelespinosadelosmonteros.lookmydc.com\/\">Padre \u00c1ngel Espinosa de los Monteros qui<\/a>.<\/p>\n","protected":false},"excerpt":{"rendered":"<p>Un appuntamento quotidiano e prezioso<\/p>\n","protected":false},"author":147,"featured_media":102607,"comment_status":"closed","ping_status":"closed","sticky":false,"template":"","format":"standard","meta":{"_acf_changed":false,"_crdt_document":"","inline_featured_image":false,"footnotes":""},"categories":[73,95],"tags":[18044,18045,11198,15918,18047,18046,18048,18050,18049,18051,18052,6449,4952,18053],"class_list":["post-102624","post","type-post","status-publish","format-standard","has-post-thumbnail","hentry","category-chiesa-e-mondo","category-spiritualita","tag-appuntamento-con-dio","tag-dialogo-con-dio","tag-dio","tag-exaudi-3","tag-importanza-della-messa","tag-incontro-spirituale","tag-la-messa-un-appuntamento-con-dio","tag-messa-e-precetto-della-domenica","tag-messa-quotidiana","tag-padre-angel-espinosa-de-los-monteros-2","tag-riflessioni","tag-santa-messa","tag-trending-it","tag-valore-della-massa"],"acf":[],"yoast_head":"<!-- This site is optimized with the Yoast SEO plugin v27.4 - https:\/\/yoast.com\/product\/yoast-seo-wordpress\/ -->\n<title>Padre \u00c1ngel Espinosa de los Monteros: La Messa \u00e8 un appuntamento con Dio &#8211; Exaudi<\/title>\n<meta name=\"robots\" content=\"index, follow, max-snippet:-1, max-image-preview:large, max-video-preview:-1\" \/>\n<link rel=\"canonical\" href=\"https:\/\/exaudi.org\/it\/padre-angel-espinosa-de-los-monteros-la-messa-e-un-appuntamento-con-dio\/\" \/>\n<meta property=\"og:locale\" content=\"it_IT\" \/>\n<meta property=\"og:type\" content=\"article\" \/>\n<meta property=\"og:title\" content=\"Padre \u00c1ngel Espinosa de los Monteros: La Messa \u00e8 un appuntamento con Dio &#8211; Exaudi\" \/>\n<meta property=\"og:description\" content=\"Un appuntamento quotidiano e prezioso\" \/>\n<meta property=\"og:url\" content=\"https:\/\/exaudi.org\/it\/padre-angel-espinosa-de-los-monteros-la-messa-e-un-appuntamento-con-dio\/\" \/>\n<meta property=\"og:site_name\" content=\"Exaudi\" \/>\n<meta property=\"article:publisher\" content=\"https:\/\/www.facebook.com\/ExaudiNews\" \/>\n<meta property=\"article:author\" content=\"https:\/\/www.facebook.com\/padreangelespinosadelosmonteros\" \/>\n<meta property=\"article:published_time\" content=\"2024-06-08T17:20:01+00:00\" \/>\n<meta property=\"og:image\" content=\"https:\/\/exaudi.org\/wp-content\/uploads\/2024\/06\/238bc6ca-2a26-445c-89d0-d7568afcfcb2-e1717841397337.jpg\" \/>\n\t<meta property=\"og:image:width\" content=\"1920\" \/>\n\t<meta property=\"og:image:height\" content=\"1218\" \/>\n\t<meta property=\"og:image:type\" content=\"image\/jpeg\" \/>\n<meta name=\"author\" content=\"P Angel Espinosa de los Monteros\" \/>\n<meta name=\"twitter:card\" content=\"summary_large_image\" \/>\n<meta name=\"twitter:creator\" content=\"@Exaudi_News\" \/>\n<meta name=\"twitter:site\" content=\"@Exaudi_News\" \/>\n<meta name=\"twitter:label1\" content=\"Scritto da\" \/>\n\t<meta name=\"twitter:data1\" content=\"P Angel Espinosa de los Monteros\" \/>\n\t<meta name=\"twitter:label2\" content=\"Tempo di lettura stimato\" \/>\n\t<meta name=\"twitter:data2\" content=\"1 minuto\" \/>\n<script type=\"application\/ld+json\" class=\"yoast-schema-graph\">{\"@context\":\"https:\\\/\\\/schema.org\",\"@graph\":[{\"@type\":\"Article\",\"@id\":\"https:\\\/\\\/exaudi.org\\\/it\\\/padre-angel-espinosa-de-los-monteros-la-messa-e-un-appuntamento-con-dio\\\/#article\",\"isPartOf\":{\"@id\":\"https:\\\/\\\/exaudi.org\\\/it\\\/padre-angel-espinosa-de-los-monteros-la-messa-e-un-appuntamento-con-dio\\\/\"},\"author\":{\"name\":\"P Angel Espinosa de los Monteros\",\"@id\":\"https:\\\/\\\/exaudi.org\\\/#\\\/schema\\\/person\\\/7bbb76287fda2b4f0ee1ef8eaf16876e\"},\"headline\":\"Padre \u00c1ngel Espinosa de los Monteros: La Messa \u00e8 un appuntamento con Dio\",\"datePublished\":\"2024-06-08T17:20:01+00:00\",\"mainEntityOfPage\":{\"@id\":\"https:\\\/\\\/exaudi.org\\\/it\\\/padre-angel-espinosa-de-los-monteros-la-messa-e-un-appuntamento-con-dio\\\/\"},\"wordCount\":240,\"image\":{\"@id\":\"https:\\\/\\\/exaudi.org\\\/it\\\/padre-angel-espinosa-de-los-monteros-la-messa-e-un-appuntamento-con-dio\\\/#primaryimage\"},\"thumbnailUrl\":\"https:\\\/\\\/exaudi.org\\\/wp-content\\\/uploads\\\/2024\\\/06\\\/238bc6ca-2a26-445c-89d0-d7568afcfcb2-e1717841397337.jpg\",\"keywords\":[\"APPUNTAMENTO CON DIO\",\"DIALOGO CON DIO\",\"DIO\",\"EXAUDI\",\"IMPORTANZA DELLA MESSA\",\"INCONTRO SPIRITUALE\",\"LA MESSA UN APPUNTAMENTO CON DIO\",\"MESSA E PRECETTO DELLA DOMENICA\",\"MESSA QUOTIDIANA\",\"PADRE \u00c1NGEL ESPINOSA DE LOS MONTEROS\",\"RIFLESSIONI\",\"Santa Messa\",\"Trending\",\"VALORE DELLA MASSA\"],\"articleSection\":[\"Chiesa e Mondo\",\"Spiritualit\u00e0\"],\"inLanguage\":\"it-IT\"},{\"@type\":\"WebPage\",\"@id\":\"https:\\\/\\\/exaudi.org\\\/it\\\/padre-angel-espinosa-de-los-monteros-la-messa-e-un-appuntamento-con-dio\\\/\",\"url\":\"https:\\\/\\\/exaudi.org\\\/it\\\/padre-angel-espinosa-de-los-monteros-la-messa-e-un-appuntamento-con-dio\\\/\",\"name\":\"Padre \u00c1ngel Espinosa de los Monteros: La Messa \u00e8 un appuntamento con Dio &#8211; Exaudi\",\"isPartOf\":{\"@id\":\"https:\\\/\\\/exaudi.org\\\/#website\"},\"primaryImageOfPage\":{\"@id\":\"https:\\\/\\\/exaudi.org\\\/it\\\/padre-angel-espinosa-de-los-monteros-la-messa-e-un-appuntamento-con-dio\\\/#primaryimage\"},\"image\":{\"@id\":\"https:\\\/\\\/exaudi.org\\\/it\\\/padre-angel-espinosa-de-los-monteros-la-messa-e-un-appuntamento-con-dio\\\/#primaryimage\"},\"thumbnailUrl\":\"https:\\\/\\\/exaudi.org\\\/wp-content\\\/uploads\\\/2024\\\/06\\\/238bc6ca-2a26-445c-89d0-d7568afcfcb2-e1717841397337.jpg\",\"datePublished\":\"2024-06-08T17:20:01+00:00\",\"author\":{\"@id\":\"https:\\\/\\\/exaudi.org\\\/#\\\/schema\\\/person\\\/7bbb76287fda2b4f0ee1ef8eaf16876e\"},\"breadcrumb\":{\"@id\":\"https:\\\/\\\/exaudi.org\\\/it\\\/padre-angel-espinosa-de-los-monteros-la-messa-e-un-appuntamento-con-dio\\\/#breadcrumb\"},\"inLanguage\":\"it-IT\",\"potentialAction\":[{\"@type\":\"ReadAction\",\"target\":[\"https:\\\/\\\/exaudi.org\\\/it\\\/padre-angel-espinosa-de-los-monteros-la-messa-e-un-appuntamento-con-dio\\\/\"]}]},{\"@type\":\"ImageObject\",\"inLanguage\":\"it-IT\",\"@id\":\"https:\\\/\\\/exaudi.org\\\/it\\\/padre-angel-espinosa-de-los-monteros-la-messa-e-un-appuntamento-con-dio\\\/#primaryimage\",\"url\":\"https:\\\/\\\/exaudi.org\\\/wp-content\\\/uploads\\\/2024\\\/06\\\/238bc6ca-2a26-445c-89d0-d7568afcfcb2-e1717841397337.jpg\",\"contentUrl\":\"https:\\\/\\\/exaudi.org\\\/wp-content\\\/uploads\\\/2024\\\/06\\\/238bc6ca-2a26-445c-89d0-d7568afcfcb2-e1717841397337.jpg\",\"width\":1920,\"height\":1218,\"caption\":\"Museo del Prado\"},{\"@type\":\"BreadcrumbList\",\"@id\":\"https:\\\/\\\/exaudi.org\\\/it\\\/padre-angel-espinosa-de-los-monteros-la-messa-e-un-appuntamento-con-dio\\\/#breadcrumb\",\"itemListElement\":[{\"@type\":\"ListItem\",\"position\":1,\"name\":\"Portada\",\"item\":\"https:\\\/\\\/exaudi.org\\\/it\\\/\"},{\"@type\":\"ListItem\",\"position\":2,\"name\":\"Padre \u00c1ngel Espinosa de los Monteros: La Messa \u00e8 un appuntamento con Dio\"}]},{\"@type\":\"WebSite\",\"@id\":\"https:\\\/\\\/exaudi.org\\\/#website\",\"url\":\"https:\\\/\\\/exaudi.org\\\/\",\"name\":\"Exaudi\",\"description\":\"News\",\"potentialAction\":[{\"@type\":\"SearchAction\",\"target\":{\"@type\":\"EntryPoint\",\"urlTemplate\":\"https:\\\/\\\/exaudi.org\\\/?s={search_term_string}\"},\"query-input\":{\"@type\":\"PropertyValueSpecification\",\"valueRequired\":true,\"valueName\":\"search_term_string\"}}],\"inLanguage\":\"it-IT\"},{\"@type\":\"Person\",\"@id\":\"https:\\\/\\\/exaudi.org\\\/#\\\/schema\\\/person\\\/7bbb76287fda2b4f0ee1ef8eaf16876e\",\"name\":\"P Angel Espinosa de los Monteros\",\"image\":{\"@type\":\"ImageObject\",\"inLanguage\":\"it-IT\",\"@id\":\"https:\\\/\\\/secure.gravatar.com\\\/avatar\\\/effca3f571ae6f2f0e49f4978ed61eb7db325b2e3b3cfc4528dcd50d2ed847be?s=96&d=mm&r=g\",\"url\":\"https:\\\/\\\/secure.gravatar.com\\\/avatar\\\/effca3f571ae6f2f0e49f4978ed61eb7db325b2e3b3cfc4528dcd50d2ed847be?s=96&d=mm&r=g\",\"contentUrl\":\"https:\\\/\\\/secure.gravatar.com\\\/avatar\\\/effca3f571ae6f2f0e49f4978ed61eb7db325b2e3b3cfc4528dcd50d2ed847be?s=96&d=mm&r=g\",\"caption\":\"P Angel Espinosa de los Monteros\"},\"description\":\"El Padre \u00c1ngel Espinosa de los Monteros ha impartido m\u00e1s de 4,000 conferencias sobre matrimonio, valores familiares y espiritualidad en diferentes ciudades de M\u00e9xico, Estados Unidos, Francia, Italia, Espa\u00f1a y Sudam\u00e9rica. Ha atendido a cientos de matrimonios ofreciendo consejos y programas de crecimiento conyugal y familiar. Es autor del libro \u00abEl anillo es para siempre\u00bb, traducido a diferentes lenguas y a partir de las cuales ha dictado m\u00e1s de 20 t\u00edtulos de conferencias. Actualmente se dedica de tiempo completo a impartir conferencias y renovaciones matrimoniales en 20 pa\u00edses del mundo.\",\"sameAs\":[\"https:\\\/\\\/padreangelespinosadelosmonteros.lookmydc.com\\\/\",\"https:\\\/\\\/www.facebook.com\\\/padreangelespinosadelosmonteros\",\"https:\\\/\\\/www.instagram.com\\\/padreangel.espinosa\\\/\",\"https:\\\/\\\/www.youtube.com\\\/channel\\\/UCL38v1PSZX6VWoC6lXmTRbA\"],\"url\":\"https:\\\/\\\/exaudi.org\\\/it\\\/author\\\/padre-angel-espinosa-de-los-monteros\\\/\"}]}<\/script>\n<!-- \/ Yoast SEO plugin. -->","yoast_head_json":{"title":"Padre \u00c1ngel Espinosa de los Monteros: La Messa \u00e8 un appuntamento con Dio &#8211; Exaudi","robots":{"index":"index","follow":"follow","max-snippet":"max-snippet:-1","max-image-preview":"max-image-preview:large","max-video-preview":"max-video-preview:-1"},"canonical":"https:\/\/exaudi.org\/it\/padre-angel-espinosa-de-los-monteros-la-messa-e-un-appuntamento-con-dio\/","og_locale":"it_IT","og_type":"article","og_title":"Padre \u00c1ngel Espinosa de los Monteros: La Messa \u00e8 un appuntamento con Dio &#8211; Exaudi","og_description":"Un appuntamento quotidiano e prezioso","og_url":"https:\/\/exaudi.org\/it\/padre-angel-espinosa-de-los-monteros-la-messa-e-un-appuntamento-con-dio\/","og_site_name":"Exaudi","article_publisher":"https:\/\/www.facebook.com\/ExaudiNews","article_author":"https:\/\/www.facebook.com\/padreangelespinosadelosmonteros","article_published_time":"2024-06-08T17:20:01+00:00","og_image":[{"width":1920,"height":1218,"url":"https:\/\/exaudi.org\/wp-content\/uploads\/2024\/06\/238bc6ca-2a26-445c-89d0-d7568afcfcb2-e1717841397337.jpg","type":"image\/jpeg"}],"author":"P Angel Espinosa de los Monteros","twitter_card":"summary_large_image","twitter_creator":"@Exaudi_News","twitter_site":"@Exaudi_News","twitter_misc":{"Scritto da":"P Angel Espinosa de los Monteros","Tempo di lettura stimato":"1 minuto"},"schema":{"@context":"https:\/\/schema.org","@graph":[{"@type":"Article","@id":"https:\/\/exaudi.org\/it\/padre-angel-espinosa-de-los-monteros-la-messa-e-un-appuntamento-con-dio\/#article","isPartOf":{"@id":"https:\/\/exaudi.org\/it\/padre-angel-espinosa-de-los-monteros-la-messa-e-un-appuntamento-con-dio\/"},"author":{"name":"P Angel Espinosa de los Monteros","@id":"https:\/\/exaudi.org\/#\/schema\/person\/7bbb76287fda2b4f0ee1ef8eaf16876e"},"headline":"Padre \u00c1ngel Espinosa de los Monteros: La Messa \u00e8 un appuntamento con Dio","datePublished":"2024-06-08T17:20:01+00:00","mainEntityOfPage":{"@id":"https:\/\/exaudi.org\/it\/padre-angel-espinosa-de-los-monteros-la-messa-e-un-appuntamento-con-dio\/"},"wordCount":240,"image":{"@id":"https:\/\/exaudi.org\/it\/padre-angel-espinosa-de-los-monteros-la-messa-e-un-appuntamento-con-dio\/#primaryimage"},"thumbnailUrl":"https:\/\/exaudi.org\/wp-content\/uploads\/2024\/06\/238bc6ca-2a26-445c-89d0-d7568afcfcb2-e1717841397337.jpg","keywords":["APPUNTAMENTO CON DIO","DIALOGO CON DIO","DIO","EXAUDI","IMPORTANZA DELLA MESSA","INCONTRO SPIRITUALE","LA MESSA UN APPUNTAMENTO CON DIO","MESSA E PRECETTO DELLA DOMENICA","MESSA QUOTIDIANA","PADRE \u00c1NGEL ESPINOSA DE LOS MONTEROS","RIFLESSIONI","Santa Messa","Trending","VALORE DELLA MASSA"],"articleSection":["Chiesa e Mondo","Spiritualit\u00e0"],"inLanguage":"it-IT"},{"@type":"WebPage","@id":"https:\/\/exaudi.org\/it\/padre-angel-espinosa-de-los-monteros-la-messa-e-un-appuntamento-con-dio\/","url":"https:\/\/exaudi.org\/it\/padre-angel-espinosa-de-los-monteros-la-messa-e-un-appuntamento-con-dio\/","name":"Padre \u00c1ngel Espinosa de los Monteros: La Messa \u00e8 un appuntamento con Dio &#8211; Exaudi","isPartOf":{"@id":"https:\/\/exaudi.org\/#website"},"primaryImageOfPage":{"@id":"https:\/\/exaudi.org\/it\/padre-angel-espinosa-de-los-monteros-la-messa-e-un-appuntamento-con-dio\/#primaryimage"},"image":{"@id":"https:\/\/exaudi.org\/it\/padre-angel-espinosa-de-los-monteros-la-messa-e-un-appuntamento-con-dio\/#primaryimage"},"thumbnailUrl":"https:\/\/exaudi.org\/wp-content\/uploads\/2024\/06\/238bc6ca-2a26-445c-89d0-d7568afcfcb2-e1717841397337.jpg","datePublished":"2024-06-08T17:20:01+00:00","author":{"@id":"https:\/\/exaudi.org\/#\/schema\/person\/7bbb76287fda2b4f0ee1ef8eaf16876e"},"breadcrumb":{"@id":"https:\/\/exaudi.org\/it\/padre-angel-espinosa-de-los-monteros-la-messa-e-un-appuntamento-con-dio\/#breadcrumb"},"inLanguage":"it-IT","potentialAction":[{"@type":"ReadAction","target":["https:\/\/exaudi.org\/it\/padre-angel-espinosa-de-los-monteros-la-messa-e-un-appuntamento-con-dio\/"]}]},{"@type":"ImageObject","inLanguage":"it-IT","@id":"https:\/\/exaudi.org\/it\/padre-angel-espinosa-de-los-monteros-la-messa-e-un-appuntamento-con-dio\/#primaryimage","url":"https:\/\/exaudi.org\/wp-content\/uploads\/2024\/06\/238bc6ca-2a26-445c-89d0-d7568afcfcb2-e1717841397337.jpg","contentUrl":"https:\/\/exaudi.org\/wp-content\/uploads\/2024\/06\/238bc6ca-2a26-445c-89d0-d7568afcfcb2-e1717841397337.jpg","width":1920,"height":1218,"caption":"Museo del Prado"},{"@type":"BreadcrumbList","@id":"https:\/\/exaudi.org\/it\/padre-angel-espinosa-de-los-monteros-la-messa-e-un-appuntamento-con-dio\/#breadcrumb","itemListElement":[{"@type":"ListItem","position":1,"name":"Portada","item":"https:\/\/exaudi.org\/it\/"},{"@type":"ListItem","position":2,"name":"Padre \u00c1ngel Espinosa de los Monteros: La Messa \u00e8 un appuntamento con Dio"}]},{"@type":"WebSite","@id":"https:\/\/exaudi.org\/#website","url":"https:\/\/exaudi.org\/","name":"Exaudi","description":"News","potentialAction":[{"@type":"SearchAction","target":{"@type":"EntryPoint","urlTemplate":"https:\/\/exaudi.org\/?s={search_term_string}"},"query-input":{"@type":"PropertyValueSpecification","valueRequired":true,"valueName":"search_term_string"}}],"inLanguage":"it-IT"},{"@type":"Person","@id":"https:\/\/exaudi.org\/#\/schema\/person\/7bbb76287fda2b4f0ee1ef8eaf16876e","name":"P Angel Espinosa de los Monteros","image":{"@type":"ImageObject","inLanguage":"it-IT","@id":"https:\/\/secure.gravatar.com\/avatar\/effca3f571ae6f2f0e49f4978ed61eb7db325b2e3b3cfc4528dcd50d2ed847be?s=96&d=mm&r=g","url":"https:\/\/secure.gravatar.com\/avatar\/effca3f571ae6f2f0e49f4978ed61eb7db325b2e3b3cfc4528dcd50d2ed847be?s=96&d=mm&r=g","contentUrl":"https:\/\/secure.gravatar.com\/avatar\/effca3f571ae6f2f0e49f4978ed61eb7db325b2e3b3cfc4528dcd50d2ed847be?s=96&d=mm&r=g","caption":"P Angel Espinosa de los Monteros"},"description":"El Padre \u00c1ngel Espinosa de los Monteros ha impartido m\u00e1s de 4,000 conferencias sobre matrimonio, valores familiares y espiritualidad en diferentes ciudades de M\u00e9xico, Estados Unidos, Francia, Italia, Espa\u00f1a y Sudam\u00e9rica. Ha atendido a cientos de matrimonios ofreciendo consejos y programas de crecimiento conyugal y familiar. Es autor del libro \u00abEl anillo es para siempre\u00bb, traducido a diferentes lenguas y a partir de las cuales ha dictado m\u00e1s de 20 t\u00edtulos de conferencias. Actualmente se dedica de tiempo completo a impartir conferencias y renovaciones matrimoniales en 20 pa\u00edses del mundo.","sameAs":["https:\/\/padreangelespinosadelosmonteros.lookmydc.com\/","https:\/\/www.facebook.com\/padreangelespinosadelosmonteros","https:\/\/www.instagram.com\/padreangel.espinosa\/","https:\/\/www.youtube.com\/channel\/UCL38v1PSZX6VWoC6lXmTRbA"],"url":"https:\/\/exaudi.org\/it\/author\/padre-angel-espinosa-de-los-monteros\/"}]}},"jetpack_featured_media_url":"https:\/\/exaudi.org\/wp-content\/uploads\/2024\/06\/238bc6ca-2a26-445c-89d0-d7568afcfcb2-e1717841397337.jpg","jetpack_shortlink":"https:\/\/wp.me\/pgKjF2-qHe","_links":{"self":[{"href":"https:\/\/exaudi.org\/it\/wp-json\/wp\/v2\/posts\/102624","targetHints":{"allow":["GET"]}}],"collection":[{"href":"https:\/\/exaudi.org\/it\/wp-json\/wp\/v2\/posts"}],"about":[{"href":"https:\/\/exaudi.org\/it\/wp-json\/wp\/v2\/types\/post"}],"author":[{"embeddable":true,"href":"https:\/\/exaudi.org\/it\/wp-json\/wp\/v2\/users\/147"}],"replies":[{"embeddable":true,"href":"https:\/\/exaudi.org\/it\/wp-json\/wp\/v2\/comments?post=102624"}],"version-history":[{"count":0,"href":"https:\/\/exaudi.org\/it\/wp-json\/wp\/v2\/posts\/102624\/revisions"}],"wp:featuredmedia":[{"embeddable":true,"href":"https:\/\/exaudi.org\/it\/wp-json\/wp\/v2\/media\/102607"}],"wp:attachment":[{"href":"https:\/\/exaudi.org\/it\/wp-json\/wp\/v2\/media?parent=102624"}],"wp:term":[{"taxonomy":"category","embeddable":true,"href":"https:\/\/exaudi.org\/it\/wp-json\/wp\/v2\/categories?post=102624"},{"taxonomy":"post_tag","embeddable":true,"href":"https:\/\/exaudi.org\/it\/wp-json\/wp\/v2\/tags?post=102624"}],"curies":[{"name":"wp","href":"https:\/\/api.w.org\/{rel}","templated":true}]}}