{"id":102313,"date":"2024-06-05T20:45:31","date_gmt":"2024-06-05T18:45:31","guid":{"rendered":"https:\/\/exaudi.org\/?p=102313"},"modified":"2024-06-05T20:45:31","modified_gmt":"2024-06-05T18:45:31","slug":"invito-allazione-rivolto-ai-leader-mondiali-e-alle-organizzazioni-finanziarie-internazionali","status":"publish","type":"post","link":"https:\/\/exaudi.org\/it\/invito-allazione-rivolto-ai-leader-mondiali-e-alle-organizzazioni-finanziarie-internazionali\/","title":{"rendered":"Invito all&#8217;azione rivolto ai leader mondiali e alle organizzazioni finanziarie internazionali"},"content":{"rendered":"<p>Questa mattina, prima dell&#8217;udienza generale, il Santo Padre Francesco ha ricevuto in udienza i partecipanti all&#8217;incontro promosso dalla Pontificia Accademia delle Scienze sul tema \u201cCrisi del debito nel Sud del mondo\u201d<\/p>\n<p>Critica alla globalizzazione mal gestita, alla pandemia e alle guerre come fattori aggravanti della crisi. Si evidenzia l&#8217;analisi del Papa sulle cause strutturali del problema del debito, e non solo nelle cattive decisioni dei paesi indebitati.<\/p>\n<p>Pubblichiamo di seguito le parole di saluto che il Papa ha rivolto ai presenti durante l&#8217;incontro:<\/p>\n<h3><strong>Saluti del Santo Padre<\/strong><\/h3>\n<p><i>Cari amici e amiche,<\/i><\/p>\n<div class=\"testo\">\n<div class=\"text parbase vaticanrichtext\">\n<p><i>buongiorno e benvenuti.<\/i><\/p>\n<p>Vi ho buttato gi\u00f9 dal letto oggi! Sono contento di incontrarvi questa mattina. Saluto il cardinale Turkson, Cancelliere della Pontificia Accademia delle Scienze, e tutti voi che partecipate all\u2019incontro \u201cDebt Crisis in the Global South\u201d, che si propone di avviare un dialogo sull\u2019attuazione di politiche che aiutino a risolvere il problema del debito che affligge molti Paesi del sud globale, che affligge milioni di famiglie e di persone nel mondo.<\/p>\n<p>Ai popoli non serve un finanziamento qualsiasi, ma quello che implica una responsabilit\u00e0 condivisa tra chi lo riceve e chi lo concede. Il beneficio che questo pu\u00f2 apportare a una societ\u00e0 dipende dalle sue condizioni, da come viene usato e dagli ambiti in cui si risolvono le crisi dei debiti che possono prodursi.<\/p>\n<p>Dopo una globalizzazione mal gestita, dopo la pandemia e le guerre, ci troviamo di fronte a una crisi del debito che colpisce soprattutto i Paesi del sud del mondo, generando miseria e angoscia, e privando milioni di persone della possibilit\u00e0 di un futuro dignitoso. Di conseguenza, nessun governo pu\u00f2 esigere moralmente dal suo popolo che subisca privazioni incompatibili con la dignit\u00e0 umana.<\/p>\n<p>Per cercare di rompere il circolo finanziamento-debito sarebbe necessaria la creazione di un meccanismo multinazionale, basato sulla solidariet\u00e0 e sull\u2019armonia tra i popoli, che tenga conto del significato globale del problema e delle sue implicazioni economiche, finanziarie e sociali. L\u2019assenza di tale meccanismo favorisce il \u201csi salvi chi pu\u00f2\u201d, dove a perdere sono sempre i pi\u00f9 deboli.<\/p>\n<p>In sintonia con il magistero dei miei predecessori, vorrei ribadire che sono i principi di giustizia e di solidariet\u00e0 a far trovare piste di soluzioni. Su questa via \u00e8 indisp ensabile operare in buona fede e con verit\u00e0, seguendo un codice di condotta internazionale, con norme di valore etico, che tuteli i negoziati. Pensiamo quindi a una nuova architettura finanziaria internazionale che sia audace e creativa.<\/p>\n<p>Nel Giubileo dell\u2019anno 2000\u00a0san Giovanni Paolo II osservava che il tema del debito estero \u00abnon \u00e8 solamente di carattere economico, ma investe i principi etici fondamentali e deve trovare spazio nel diritto internazionale\u00bb e riconosceva che \u00abil Giubileo pu\u00f2 costituire un\u2019occasione propizia per gesti di buona volont\u00e0 [&#8230;], [per] condonare i debiti o almeno ridurli [&#8230;] in funzione del bene comune\u00bb (<i><a href=\"https:\/\/www.vatican.va\/content\/john-paul-ii\/it\/audiences\/1999\/documents\/hf_jp-ii_aud_03111999.html\">Udienza generale<\/a><\/i>, 3 novembre 1999). E questa era una tradizione del popolo ebreo, nell\u2019anno giubilare si condonavano i debiti. Vorrei farmi eco di questo appello profetico, oggi pi\u00f9 urgente che mai, tenendo presente che il debito ecologico e il debito estero sono due facce di una stessa medaglia che ipoteca il futuro. Per questo, cari amici, l\u2019Anno Santo del 2025 verso cui ci stiamo incamminando ci chiama ad aprire la mente e il cuore per essere capaci di sciogliere i nodi di quei cappi che strangolano il presente, senza dimenticare che siamo solo custodi e amministratori, e non padroni.<\/p>\n<p>Vi invito a sognare e ad agire insieme nella costruzione responsabile della nostra casa comune; nessuno pu\u00f2 abitarla con la coscienza tranquilla quando sa che attorno a s\u00e9 c\u2019\u00e8 una moltitudine di fratelli e sorelle affamati e anche immersi nell\u2019esclusione sociale e nella vulnerabilit\u00e0. Permettere che ci\u00f2 accada \u00e8 peccato, peccato umano, anche se uno non ha fede, \u00e8 peccato sociale. Quello che state facendo \u00e8 importante, prego per voi. Che Dio vi benedica. E vi chiedo anche di non dimenticarvi di pregare per me. E per tutti chiedo a\u00a0Signore che vi benedica. Amen.<\/p>\n<p>________________________________________<\/p>\n<p><i><a href=\"https:\/\/www.osservatoreromano.va\/it\/news\/2024-06\/quo-126\/per-il-giubileo-cancellare-il-debito-dei-paesi-poveri.html\">L&#8217;Osservatore Romano<\/a><\/i>, Edizione Quotidiana,\u00a0Anno CLXIV n. 126,\u00a0mercoled\u00ec 5 giugno 2024, p. 8.<\/p>\n<div class=\"clearfix\"><\/div>\n<\/div>\n<div class=\"content parsys\"><\/div>\n<\/div>\n<hr \/>\n","protected":false},"excerpt":{"rendered":"<p>Udienza ai partecipanti all&#8217;incontro \u201cCrisi del debito nel Sud del mondo\u201d<br \/>\npromosso dalla Pontificia Accademia delle Scienze<\/p>\n","protected":false},"author":17,"featured_media":102310,"comment_status":"closed","ping_status":"closed","sticky":false,"template":"","format":"standard","meta":{"_acf_changed":false,"_crdt_document":"","inline_featured_image":false,"footnotes":""},"categories":[67,117],"tags":[1229,17826,251,4952,1843],"class_list":["post-102313","post","type-post","status-publish","format-standard","has-post-thumbnail","hentry","category-leone-xiv","category-messaggi","tag-crisi","tag-debito","tag-papa-francesco","tag-trending-it","tag-udienza"],"acf":[],"yoast_head":"<!-- This site is optimized with the Yoast SEO plugin v27.4 - https:\/\/yoast.com\/product\/yoast-seo-wordpress\/ -->\n<title>Invito all&#039;azione rivolto ai leader mondiali e alle organizzazioni finanziarie internazionali &#8211; Exaudi<\/title>\n<meta name=\"robots\" content=\"index, follow, max-snippet:-1, max-image-preview:large, max-video-preview:-1\" \/>\n<link rel=\"canonical\" href=\"https:\/\/exaudi.org\/it\/invito-allazione-rivolto-ai-leader-mondiali-e-alle-organizzazioni-finanziarie-internazionali\/\" \/>\n<meta property=\"og:locale\" content=\"it_IT\" \/>\n<meta property=\"og:type\" content=\"article\" \/>\n<meta property=\"og:title\" content=\"Invito all&#039;azione rivolto ai leader mondiali e alle organizzazioni finanziarie internazionali &#8211; Exaudi\" \/>\n<meta property=\"og:description\" content=\"Udienza ai partecipanti all&#039;incontro \u201cCrisi del debito nel Sud del mondo\u201d  promosso dalla Pontificia Accademia delle Scienze\" \/>\n<meta property=\"og:url\" content=\"https:\/\/exaudi.org\/it\/invito-allazione-rivolto-ai-leader-mondiali-e-alle-organizzazioni-finanziarie-internazionali\/\" \/>\n<meta property=\"og:site_name\" content=\"Exaudi\" \/>\n<meta property=\"article:publisher\" content=\"https:\/\/www.facebook.com\/ExaudiNews\" \/>\n<meta property=\"article:author\" content=\"https:\/\/www.facebook.com\/ExaudiNotizie\/\" \/>\n<meta property=\"article:published_time\" content=\"2024-06-05T18:45:31+00:00\" \/>\n<meta property=\"og:image\" content=\"https:\/\/exaudi.org\/wp-content\/uploads\/2024\/06\/cq5dam.web_.800.800-1.jpeg\" \/>\n\t<meta property=\"og:image:width\" content=\"800\" \/>\n\t<meta property=\"og:image:height\" content=\"533\" \/>\n\t<meta property=\"og:image:type\" content=\"image\/jpeg\" \/>\n<meta name=\"author\" content=\"Exaudi Redazione\" \/>\n<meta name=\"twitter:card\" content=\"summary_large_image\" \/>\n<meta name=\"twitter:creator\" content=\"@Exaudi_Notizie\" \/>\n<meta name=\"twitter:site\" content=\"@Exaudi_News\" \/>\n<meta name=\"twitter:label1\" content=\"Scritto da\" \/>\n\t<meta name=\"twitter:data1\" content=\"Exaudi Redazione\" \/>\n\t<meta name=\"twitter:label2\" content=\"Tempo di lettura stimato\" \/>\n\t<meta name=\"twitter:data2\" content=\"3 minuti\" \/>\n<script type=\"application\/ld+json\" class=\"yoast-schema-graph\">{\"@context\":\"https:\\\/\\\/schema.org\",\"@graph\":[{\"@type\":\"Article\",\"@id\":\"https:\\\/\\\/exaudi.org\\\/it\\\/invito-allazione-rivolto-ai-leader-mondiali-e-alle-organizzazioni-finanziarie-internazionali\\\/#article\",\"isPartOf\":{\"@id\":\"https:\\\/\\\/exaudi.org\\\/it\\\/invito-allazione-rivolto-ai-leader-mondiali-e-alle-organizzazioni-finanziarie-internazionali\\\/\"},\"author\":{\"name\":\"Exaudi Redazione\",\"@id\":\"https:\\\/\\\/exaudi.org\\\/#\\\/schema\\\/person\\\/e1ab6ed07c01774724dd96f925f3a5f0\"},\"headline\":\"Invito all&#8217;azione rivolto ai leader mondiali e alle organizzazioni finanziarie internazionali\",\"datePublished\":\"2024-06-05T18:45:31+00:00\",\"mainEntityOfPage\":{\"@id\":\"https:\\\/\\\/exaudi.org\\\/it\\\/invito-allazione-rivolto-ai-leader-mondiali-e-alle-organizzazioni-finanziarie-internazionali\\\/\"},\"wordCount\":683,\"image\":{\"@id\":\"https:\\\/\\\/exaudi.org\\\/it\\\/invito-allazione-rivolto-ai-leader-mondiali-e-alle-organizzazioni-finanziarie-internazionali\\\/#primaryimage\"},\"thumbnailUrl\":\"https:\\\/\\\/exaudi.org\\\/wp-content\\\/uploads\\\/2024\\\/06\\\/cq5dam.web_.800.800-1.jpeg\",\"keywords\":[\"crisi\",\"debito\",\"Papa Francesco\",\"Trending\",\"udienza\"],\"articleSection\":[\"Leone XIV\",\"Messaggi\"],\"inLanguage\":\"it-IT\"},{\"@type\":\"WebPage\",\"@id\":\"https:\\\/\\\/exaudi.org\\\/it\\\/invito-allazione-rivolto-ai-leader-mondiali-e-alle-organizzazioni-finanziarie-internazionali\\\/\",\"url\":\"https:\\\/\\\/exaudi.org\\\/it\\\/invito-allazione-rivolto-ai-leader-mondiali-e-alle-organizzazioni-finanziarie-internazionali\\\/\",\"name\":\"Invito all'azione rivolto ai leader mondiali e alle organizzazioni finanziarie internazionali &#8211; Exaudi\",\"isPartOf\":{\"@id\":\"https:\\\/\\\/exaudi.org\\\/#website\"},\"primaryImageOfPage\":{\"@id\":\"https:\\\/\\\/exaudi.org\\\/it\\\/invito-allazione-rivolto-ai-leader-mondiali-e-alle-organizzazioni-finanziarie-internazionali\\\/#primaryimage\"},\"image\":{\"@id\":\"https:\\\/\\\/exaudi.org\\\/it\\\/invito-allazione-rivolto-ai-leader-mondiali-e-alle-organizzazioni-finanziarie-internazionali\\\/#primaryimage\"},\"thumbnailUrl\":\"https:\\\/\\\/exaudi.org\\\/wp-content\\\/uploads\\\/2024\\\/06\\\/cq5dam.web_.800.800-1.jpeg\",\"datePublished\":\"2024-06-05T18:45:31+00:00\",\"author\":{\"@id\":\"https:\\\/\\\/exaudi.org\\\/#\\\/schema\\\/person\\\/e1ab6ed07c01774724dd96f925f3a5f0\"},\"breadcrumb\":{\"@id\":\"https:\\\/\\\/exaudi.org\\\/it\\\/invito-allazione-rivolto-ai-leader-mondiali-e-alle-organizzazioni-finanziarie-internazionali\\\/#breadcrumb\"},\"inLanguage\":\"it-IT\",\"potentialAction\":[{\"@type\":\"ReadAction\",\"target\":[\"https:\\\/\\\/exaudi.org\\\/it\\\/invito-allazione-rivolto-ai-leader-mondiali-e-alle-organizzazioni-finanziarie-internazionali\\\/\"]}]},{\"@type\":\"ImageObject\",\"inLanguage\":\"it-IT\",\"@id\":\"https:\\\/\\\/exaudi.org\\\/it\\\/invito-allazione-rivolto-ai-leader-mondiali-e-alle-organizzazioni-finanziarie-internazionali\\\/#primaryimage\",\"url\":\"https:\\\/\\\/exaudi.org\\\/wp-content\\\/uploads\\\/2024\\\/06\\\/cq5dam.web_.800.800-1.jpeg\",\"contentUrl\":\"https:\\\/\\\/exaudi.org\\\/wp-content\\\/uploads\\\/2024\\\/06\\\/cq5dam.web_.800.800-1.jpeg\",\"width\":800,\"height\":533,\"caption\":\"Vatican Media\"},{\"@type\":\"BreadcrumbList\",\"@id\":\"https:\\\/\\\/exaudi.org\\\/it\\\/invito-allazione-rivolto-ai-leader-mondiali-e-alle-organizzazioni-finanziarie-internazionali\\\/#breadcrumb\",\"itemListElement\":[{\"@type\":\"ListItem\",\"position\":1,\"name\":\"Portada\",\"item\":\"https:\\\/\\\/exaudi.org\\\/it\\\/\"},{\"@type\":\"ListItem\",\"position\":2,\"name\":\"Invito all&#8217;azione rivolto ai leader mondiali e alle organizzazioni finanziarie internazionali\"}]},{\"@type\":\"WebSite\",\"@id\":\"https:\\\/\\\/exaudi.org\\\/#website\",\"url\":\"https:\\\/\\\/exaudi.org\\\/\",\"name\":\"Exaudi\",\"description\":\"News\",\"potentialAction\":[{\"@type\":\"SearchAction\",\"target\":{\"@type\":\"EntryPoint\",\"urlTemplate\":\"https:\\\/\\\/exaudi.org\\\/?s={search_term_string}\"},\"query-input\":{\"@type\":\"PropertyValueSpecification\",\"valueRequired\":true,\"valueName\":\"search_term_string\"}}],\"inLanguage\":\"it-IT\"},{\"@type\":\"Person\",\"@id\":\"https:\\\/\\\/exaudi.org\\\/#\\\/schema\\\/person\\\/e1ab6ed07c01774724dd96f925f3a5f0\",\"name\":\"Exaudi Redazione\",\"image\":{\"@type\":\"ImageObject\",\"inLanguage\":\"it-IT\",\"@id\":\"https:\\\/\\\/secure.gravatar.com\\\/avatar\\\/ad6774b3ada023bf5b939d64f45c94b3adf91502dd883507d469b4308a943bb3?s=96&d=mm&r=g\",\"url\":\"https:\\\/\\\/secure.gravatar.com\\\/avatar\\\/ad6774b3ada023bf5b939d64f45c94b3adf91502dd883507d469b4308a943bb3?s=96&d=mm&r=g\",\"contentUrl\":\"https:\\\/\\\/secure.gravatar.com\\\/avatar\\\/ad6774b3ada023bf5b939d64f45c94b3adf91502dd883507d469b4308a943bb3?s=96&d=mm&r=g\",\"caption\":\"Exaudi Redazione\"},\"description\":\"Che cosa \u00e8 Exaudi News? Exaudi News \u00e8 un agenzia cattolica internazionale che informa, istruisce e trasforma quotidianamente in spagnolo, inglese e italiano. Attraverso notizie, articoli di analisi e trasmissioni in diretta degli eventi del Papa, Exaudi cerca di rafforzare l'unit\u00e0 dei cristiani e di contribuire all'evangelizzazione del mondo, sempre guidato dalla dottrina sociale della Chiesa. Lavoriamo per portare la verit\u00e0 e i valori cristiani in ogni angolo del pianeta. Aiutaci a trasformare il mondo con Exaudi! Noi di Exaudi crediamo che l'evangelizzazione e l'informazione di qualit\u00e0 possano cambiare la vita. Per continuare la nostra missione ed espandere la nostra portata, abbiamo bisogno del tuo aiuto. Stiamo anche cercando persone motivate che vogliano unirsi al nostro team. Grazie al vostro sostegno raggiungeremo pi\u00f9 persone, diffonderemo il messaggio di Cristo e rafforzeremo l'unit\u00e0 dei cristiani. Vuoi unirti alla nostra missione? Per maggiori informazioni su come contribuire, visita Exaudi.org\\\/it o contattaci direttamente: info@exaudi.org Exaudi: informa, forma e trasforma.\",\"sameAs\":[\"https:\\\/\\\/www.facebook.com\\\/ExaudiNotizie\\\/\",\"https:\\\/\\\/www.instagram.com\\\/Exaudi_notizie\\\/\",\"https:\\\/\\\/x.com\\\/Exaudi_Notizie\",\"https:\\\/\\\/www.youtube.com\\\/@exaudicatholicnews\"],\"url\":\"https:\\\/\\\/exaudi.org\\\/it\\\/author\\\/dlvedi-org\\\/\"}]}<\/script>\n<!-- \/ Yoast SEO plugin. -->","yoast_head_json":{"title":"Invito all'azione rivolto ai leader mondiali e alle organizzazioni finanziarie internazionali &#8211; Exaudi","robots":{"index":"index","follow":"follow","max-snippet":"max-snippet:-1","max-image-preview":"max-image-preview:large","max-video-preview":"max-video-preview:-1"},"canonical":"https:\/\/exaudi.org\/it\/invito-allazione-rivolto-ai-leader-mondiali-e-alle-organizzazioni-finanziarie-internazionali\/","og_locale":"it_IT","og_type":"article","og_title":"Invito all'azione rivolto ai leader mondiali e alle organizzazioni finanziarie internazionali &#8211; Exaudi","og_description":"Udienza ai partecipanti all'incontro \u201cCrisi del debito nel Sud del mondo\u201d  promosso dalla Pontificia Accademia delle Scienze","og_url":"https:\/\/exaudi.org\/it\/invito-allazione-rivolto-ai-leader-mondiali-e-alle-organizzazioni-finanziarie-internazionali\/","og_site_name":"Exaudi","article_publisher":"https:\/\/www.facebook.com\/ExaudiNews","article_author":"https:\/\/www.facebook.com\/ExaudiNotizie\/","article_published_time":"2024-06-05T18:45:31+00:00","og_image":[{"width":800,"height":533,"url":"https:\/\/exaudi.org\/wp-content\/uploads\/2024\/06\/cq5dam.web_.800.800-1.jpeg","type":"image\/jpeg"}],"author":"Exaudi Redazione","twitter_card":"summary_large_image","twitter_creator":"@Exaudi_Notizie","twitter_site":"@Exaudi_News","twitter_misc":{"Scritto da":"Exaudi Redazione","Tempo di lettura stimato":"3 minuti"},"schema":{"@context":"https:\/\/schema.org","@graph":[{"@type":"Article","@id":"https:\/\/exaudi.org\/it\/invito-allazione-rivolto-ai-leader-mondiali-e-alle-organizzazioni-finanziarie-internazionali\/#article","isPartOf":{"@id":"https:\/\/exaudi.org\/it\/invito-allazione-rivolto-ai-leader-mondiali-e-alle-organizzazioni-finanziarie-internazionali\/"},"author":{"name":"Exaudi Redazione","@id":"https:\/\/exaudi.org\/#\/schema\/person\/e1ab6ed07c01774724dd96f925f3a5f0"},"headline":"Invito all&#8217;azione rivolto ai leader mondiali e alle organizzazioni finanziarie internazionali","datePublished":"2024-06-05T18:45:31+00:00","mainEntityOfPage":{"@id":"https:\/\/exaudi.org\/it\/invito-allazione-rivolto-ai-leader-mondiali-e-alle-organizzazioni-finanziarie-internazionali\/"},"wordCount":683,"image":{"@id":"https:\/\/exaudi.org\/it\/invito-allazione-rivolto-ai-leader-mondiali-e-alle-organizzazioni-finanziarie-internazionali\/#primaryimage"},"thumbnailUrl":"https:\/\/exaudi.org\/wp-content\/uploads\/2024\/06\/cq5dam.web_.800.800-1.jpeg","keywords":["crisi","debito","Papa Francesco","Trending","udienza"],"articleSection":["Leone XIV","Messaggi"],"inLanguage":"it-IT"},{"@type":"WebPage","@id":"https:\/\/exaudi.org\/it\/invito-allazione-rivolto-ai-leader-mondiali-e-alle-organizzazioni-finanziarie-internazionali\/","url":"https:\/\/exaudi.org\/it\/invito-allazione-rivolto-ai-leader-mondiali-e-alle-organizzazioni-finanziarie-internazionali\/","name":"Invito all'azione rivolto ai leader mondiali e alle organizzazioni finanziarie internazionali &#8211; Exaudi","isPartOf":{"@id":"https:\/\/exaudi.org\/#website"},"primaryImageOfPage":{"@id":"https:\/\/exaudi.org\/it\/invito-allazione-rivolto-ai-leader-mondiali-e-alle-organizzazioni-finanziarie-internazionali\/#primaryimage"},"image":{"@id":"https:\/\/exaudi.org\/it\/invito-allazione-rivolto-ai-leader-mondiali-e-alle-organizzazioni-finanziarie-internazionali\/#primaryimage"},"thumbnailUrl":"https:\/\/exaudi.org\/wp-content\/uploads\/2024\/06\/cq5dam.web_.800.800-1.jpeg","datePublished":"2024-06-05T18:45:31+00:00","author":{"@id":"https:\/\/exaudi.org\/#\/schema\/person\/e1ab6ed07c01774724dd96f925f3a5f0"},"breadcrumb":{"@id":"https:\/\/exaudi.org\/it\/invito-allazione-rivolto-ai-leader-mondiali-e-alle-organizzazioni-finanziarie-internazionali\/#breadcrumb"},"inLanguage":"it-IT","potentialAction":[{"@type":"ReadAction","target":["https:\/\/exaudi.org\/it\/invito-allazione-rivolto-ai-leader-mondiali-e-alle-organizzazioni-finanziarie-internazionali\/"]}]},{"@type":"ImageObject","inLanguage":"it-IT","@id":"https:\/\/exaudi.org\/it\/invito-allazione-rivolto-ai-leader-mondiali-e-alle-organizzazioni-finanziarie-internazionali\/#primaryimage","url":"https:\/\/exaudi.org\/wp-content\/uploads\/2024\/06\/cq5dam.web_.800.800-1.jpeg","contentUrl":"https:\/\/exaudi.org\/wp-content\/uploads\/2024\/06\/cq5dam.web_.800.800-1.jpeg","width":800,"height":533,"caption":"Vatican Media"},{"@type":"BreadcrumbList","@id":"https:\/\/exaudi.org\/it\/invito-allazione-rivolto-ai-leader-mondiali-e-alle-organizzazioni-finanziarie-internazionali\/#breadcrumb","itemListElement":[{"@type":"ListItem","position":1,"name":"Portada","item":"https:\/\/exaudi.org\/it\/"},{"@type":"ListItem","position":2,"name":"Invito all&#8217;azione rivolto ai leader mondiali e alle organizzazioni finanziarie internazionali"}]},{"@type":"WebSite","@id":"https:\/\/exaudi.org\/#website","url":"https:\/\/exaudi.org\/","name":"Exaudi","description":"News","potentialAction":[{"@type":"SearchAction","target":{"@type":"EntryPoint","urlTemplate":"https:\/\/exaudi.org\/?s={search_term_string}"},"query-input":{"@type":"PropertyValueSpecification","valueRequired":true,"valueName":"search_term_string"}}],"inLanguage":"it-IT"},{"@type":"Person","@id":"https:\/\/exaudi.org\/#\/schema\/person\/e1ab6ed07c01774724dd96f925f3a5f0","name":"Exaudi Redazione","image":{"@type":"ImageObject","inLanguage":"it-IT","@id":"https:\/\/secure.gravatar.com\/avatar\/ad6774b3ada023bf5b939d64f45c94b3adf91502dd883507d469b4308a943bb3?s=96&d=mm&r=g","url":"https:\/\/secure.gravatar.com\/avatar\/ad6774b3ada023bf5b939d64f45c94b3adf91502dd883507d469b4308a943bb3?s=96&d=mm&r=g","contentUrl":"https:\/\/secure.gravatar.com\/avatar\/ad6774b3ada023bf5b939d64f45c94b3adf91502dd883507d469b4308a943bb3?s=96&d=mm&r=g","caption":"Exaudi Redazione"},"description":"Che cosa \u00e8 Exaudi News? Exaudi News \u00e8 un agenzia cattolica internazionale che informa, istruisce e trasforma quotidianamente in spagnolo, inglese e italiano. Attraverso notizie, articoli di analisi e trasmissioni in diretta degli eventi del Papa, Exaudi cerca di rafforzare l'unit\u00e0 dei cristiani e di contribuire all'evangelizzazione del mondo, sempre guidato dalla dottrina sociale della Chiesa. Lavoriamo per portare la verit\u00e0 e i valori cristiani in ogni angolo del pianeta. Aiutaci a trasformare il mondo con Exaudi! Noi di Exaudi crediamo che l'evangelizzazione e l'informazione di qualit\u00e0 possano cambiare la vita. Per continuare la nostra missione ed espandere la nostra portata, abbiamo bisogno del tuo aiuto. Stiamo anche cercando persone motivate che vogliano unirsi al nostro team. Grazie al vostro sostegno raggiungeremo pi\u00f9 persone, diffonderemo il messaggio di Cristo e rafforzeremo l'unit\u00e0 dei cristiani. Vuoi unirti alla nostra missione? Per maggiori informazioni su come contribuire, visita Exaudi.org\/it o contattaci direttamente: info@exaudi.org Exaudi: informa, forma e trasforma.","sameAs":["https:\/\/www.facebook.com\/ExaudiNotizie\/","https:\/\/www.instagram.com\/Exaudi_notizie\/","https:\/\/x.com\/Exaudi_Notizie","https:\/\/www.youtube.com\/@exaudicatholicnews"],"url":"https:\/\/exaudi.org\/it\/author\/dlvedi-org\/"}]}},"jetpack_featured_media_url":"https:\/\/exaudi.org\/wp-content\/uploads\/2024\/06\/cq5dam.web_.800.800-1.jpeg","jetpack_shortlink":"https:\/\/wp.me\/pgKjF2-qCd","_links":{"self":[{"href":"https:\/\/exaudi.org\/it\/wp-json\/wp\/v2\/posts\/102313","targetHints":{"allow":["GET"]}}],"collection":[{"href":"https:\/\/exaudi.org\/it\/wp-json\/wp\/v2\/posts"}],"about":[{"href":"https:\/\/exaudi.org\/it\/wp-json\/wp\/v2\/types\/post"}],"author":[{"embeddable":true,"href":"https:\/\/exaudi.org\/it\/wp-json\/wp\/v2\/users\/17"}],"replies":[{"embeddable":true,"href":"https:\/\/exaudi.org\/it\/wp-json\/wp\/v2\/comments?post=102313"}],"version-history":[{"count":0,"href":"https:\/\/exaudi.org\/it\/wp-json\/wp\/v2\/posts\/102313\/revisions"}],"wp:featuredmedia":[{"embeddable":true,"href":"https:\/\/exaudi.org\/it\/wp-json\/wp\/v2\/media\/102310"}],"wp:attachment":[{"href":"https:\/\/exaudi.org\/it\/wp-json\/wp\/v2\/media?parent=102313"}],"wp:term":[{"taxonomy":"category","embeddable":true,"href":"https:\/\/exaudi.org\/it\/wp-json\/wp\/v2\/categories?post=102313"},{"taxonomy":"post_tag","embeddable":true,"href":"https:\/\/exaudi.org\/it\/wp-json\/wp\/v2\/tags?post=102313"}],"curies":[{"name":"wp","href":"https:\/\/api.w.org\/{rel}","templated":true}]}}