{"id":102261,"date":"2024-06-04T19:08:46","date_gmt":"2024-06-04T17:08:46","guid":{"rendered":"https:\/\/exaudi.org\/?p=102261"},"modified":"2024-06-04T19:08:46","modified_gmt":"2024-06-04T17:08:46","slug":"limportanza-di-essere-padre-o-madre","status":"publish","type":"post","link":"https:\/\/exaudi.org\/it\/limportanza-di-essere-padre-o-madre\/","title":{"rendered":"L&#8217;importanza di essere padre o madre"},"content":{"rendered":"<p>L&#8217;unico rimprovero che mi permetto di fare alle generazioni che ci hanno preceduto \u00e8 quello di non averci educato all&#8217;importanza della famiglia, del matrimonio e dei figli. Nella mia generazione, la maggior parte dei ragazzi, quando eravamo piccoli, insistevano sull\u2019importanza dello studio per \u201cdiventare uomini utili\u201d. Alle ragazze veniva insistito affinch\u00e9 studiassero per \u201cnon dipendere economicamente dagli uomini\u201d. Dovevano allenarsi per \u201csentirsi realizzati sul lavoro\u201d.<\/p>\n<p>Se qualcuno di noi, alla domanda \u201ccosa vuoi fare da grande?\u201d, avesse pensato di rispondere \u201cpap\u00e0\u201d o \u201cmamma\u201d, avrebbe suscitato o ilarit\u00e0 o angoscia, e di certo non sarebbe stato colto molto seriamente.<\/p>\n<p>Non conosco nessuno a cui durante l&#8217;infanzia e la giovinezza sia stato insegnato che la cosa pi\u00f9 importante nella vita \u00e8 essere un buon marito, o una buona moglie, e un buon padre o madre. Questo non fa soldi e, quindi, non \u00e8 importante.<\/p>\n<p>Man mano che crescevamo, si insisteva incessantemente sull\u2019importanza della formazione e del lavoro, e nessuno menzionava nemmeno che il centro della nostra vita sarebbe stata la nostra famiglia.<\/p>\n<p>Inoltre, puoi essere un grande giardiniere, o un grande chirurgo, o un grande tassista, o un pessimo politico, ma se non sei il meglio per il tuo coniuge e i tuoi figli, cosa importa? Potresti essere il migliore nella tua professione, potresti guadagnare un sacco di soldi, ma se sei sacrificabile a casa, \u00e8 questo quello che vuoi?<\/p>\n<p>Con questa educazione che abbiamo ricevuto, come possiamo sorprenderci che quando qualcuno sospetta che la sua famiglia, il marito, la moglie o i figli, stanno interferendo con il suo sviluppo professionale, decida di aprire la porta? Senza dubbio <strong>non<\/strong> \u00e8 una via d\u2019uscita facile, ma se da piccoli ci hanno inculcato che l\u2019importante \u00e8 il lavoro e nessuno ci ha educato a essere il miglior marito e padre o la migliore moglie e madre possibile, come stanno lotteremo per diventarlo?<\/p>\n<p>Ma dopo pi\u00f9 di venticinque anni di attivit\u00e0 come psicologo clinico e neuropsicologo con i bambini, le prove mi hanno portato a una conclusione molto diversa. Secondo la nostra esperienza, la cosa pi\u00f9 importante che facciamo in tutta la nostra vita \u00e8 il nostro lavoro all&#8217;interno della nostra famiglia, come mariti e come genitori, e, inoltre, i genitori sono la soluzione a molti dei problemi dei nostri figli. Ancora di pi\u00f9. I genitori vogliono essere la soluzione.<\/p>\n<p>A meno che il padre o la madre, o entrambi, non soffrano di qualche tipo di patologia che impedisca loro di svolgere il proprio lavoro entro parametri salutari, i genitori, tutti noi, vogliamo il meglio per i nostri figli, vogliamo fare il meglio per i nostri figli e ci impegniamo ogni giorno per farlo.<\/p>\n<p>Questo significa che lo raggiungiamo? Lo facciamo sempre bene e facciamo sempre ci\u00f2 che \u00e8 giusto e meglio per i nostri figli? Lungi da ci\u00f2, siamo umani.<\/p>\n<p>Essere umani implica inevitabilmente commettere errori, ma questo non pu\u00f2 portarci all\u2019idea che poi non saremo in grado di essere genitori.<\/p>\n<p>Pensarci equivarrebbe a dire che un medico, dato che \u00e8 destinato a commettere errori, \u00e8 la causa dei problemi dei suoi pazienti. Un insegnante, dato che commetter\u00e0 degli errori, \u00e8 la causa dei problemi dei suoi studenti, un astronauta, dato che commetter\u00e0 degli errori, \u00e8 la causa dei problemi della N.A.S.A.<\/p>\n<p>Nella mia esperienza, avendo lavorato con migliaia di genitori, sono giunto alla conclusione che i migliori genitori, i pi\u00f9 altruisti, i pi\u00f9 devoti, i pi\u00f9 coscienziosi e coscienziosi commettono dai cinque ai dieci errori al giorno. Mai meno di cinque.<\/p>\n<p>Ci\u00f2 non rende il loro lavoro sacrificabile, n\u00e9 che i loro errori causino grandi disgrazie ai loro figli. Fa semplicemente parte del lavoro di essere genitore e \u201cpagare\u201d per quegli errori fa parte dello sviluppo dei tuoi figli.<\/p>\n<p>Tutti abbiamo subito quegli errori. Far finta che non esistano \u00e8 assurdo.<\/p>\n<p>Essere padre (e naturalmente madre) \u00e8 il lavoro pi\u00f9 importante che si possa svolgere nella vita. Pi\u00f9. Paragonabile solo all&#8217;essere marito o moglie.<\/p>\n<p>Se hai gi\u00e0 figli, niente di ci\u00f2 che farai nella vita sar\u00e0 pi\u00f9 importante.<\/p>\n<p>Potresti essere un ginecologo che ha contribuito a far nascere migliaia di bambini nel corso della tua carriera. Alcuni di quei figli forse sono vissuti anche grazie alla sua professionalit\u00e0, ma il suo lavoro di madre, anche se unico, \u00e8 molto pi\u00f9 importante e contribuisce alla societ\u00e0 pi\u00f9 di tutto il suo lavoro professionale.<\/p>\n<p>Forse sei un pompiere e nella tua vita hai spento migliaia di incendi e salvato la vita a decine di persone. Alcuni di loro conosceranno anche i loro nomi e cognomi e non ti dimenticheranno mai. Ma se sei padre, dopo aver salvato quella vita, quando torni a casa hai il compito pi\u00f9 importante della giornata: essere padre.<\/p>\n<p>Cosa c&#8217;\u00e8 di pi\u00f9 importante che contribuire in modo decisivo alla crescita di un essere umano? In effetti, c&#8217;\u00e8 qualche attivit\u00e0 che richiede pi\u00f9 tempo? Il nostro ruolo di genitori, per realizzare il nostro obiettivo, quello che genericamente chiamiamo \u201ceducare\u201d, richiede almeno diciotto, venti o pi\u00f9 anni.<\/p>\n<p>Salvare la vita di un essere umano si fa in pochi minuti, far s\u00ec che la vita si sviluppi pienamente, cercando di avvicinarla il pi\u00f9 possibile al suo potenziale, richiede decenni.<\/p>\n<p>Il fatto che essere padre (o madre) sia un lavoro non retribuito significa che \u00e8 disprezzato dalla societ\u00e0 nel suo complesso e da molte persone in particolare.<\/p>\n<p>Molte persone che ricoprono una posizione o una posizione sociale \u201calta\u201d ritengono che il loro lavoro per la societ\u00e0 sia pi\u00f9 importante di quello di qualsiasi madre o padre. Ammettiamolo, in questa nostra societ\u00e0, &#8220;quello che guadagni, tanto vali&#8221;.<\/p>\n<p>Se non svolgi un lavoro retribuito e il tuo lavoro vitale \u00e8 dedicarti alla tua famiglia, a tua moglie (o marito) e ai tuoi figli, stai certo che stai dando il contributo pi\u00f9 importante possibile a questa societ\u00e0.<\/p>\n<p>E, cosa pi\u00f9 importante, solo tu puoi farlo. La societ\u00e0 odierna afferma, sottilmente e implicitamente, che una madre o un padre, voi, siete sacrificabili; Ma non solo questo non \u00e8 vero, ma tu, nel tuo lavoro di padre o di madre, sei insostituibile.<\/p>\n<p>Supponiamo che per qualche ragione non riesco a pensare a niente di buono, non puoi continuare a essere un genitore e sei permanentemente separato dai tuoi figli. Pensiamo che in questa sfortunata situazione, il tuo coniuge sposi un&#8217;altra persona, che andr\u00e0 a svolgere il \u201csuo ruolo\u201d e che, inoltre, agir\u00e0 come padre (o madre) in modo ideale. Pensi che il risultato su chi e come sono i tuoi figli sarebbe esattamente lo stesso che se tu fossi stato in grado di andare avanti con la tua vita?<\/p>\n<p>In breve, ha importanza se tu o qualcun altro siete il padre o la madre dei vostri figli?<\/p>\n<p>Onestamente non ci credo. Facciamo un&#8217;analisi pi\u00f9 dettagliata.<\/p>\n<p>Geneticamente, ciascuno dei vostri figli \u00e8 un essere unico al mondo e nella storia. Non c&#8217;\u00e8, n\u00e9 c&#8217;\u00e8 stata, n\u00e9 ci sar\u00e0 nessun&#8217;altra persona con lo stesso carico genetico di ciascuno dei tuoi figli, a meno che tu non abbia avuto gemelli non zigoti. In questo caso hai due figli geneticamente identici, ma sono uguali? Le loro variabili di personalit\u00e0, i loro modi di essere sono identici?<\/p>\n<p>Ebbene, cos\u00ec come il tuo contributo genetico \u00e8 stato unico, irripetibile, specifico per ciascuno dei tuoi figli, cos\u00ec il tuo contributo come padre o come madre, anche la tua influenza sar\u00e0 unica e irripetibile. Senza di te, nessuno dei tuoi figli sarebbe come sar\u00e0. Nel bene e nel male.<\/p>\n<p>Inoltre, non solo sei insostituibile, ci\u00f2 che \u00e8 veramente unico, irripetibile \u00e8 il tuo lavoro con il tuo coniuge. Il vostro lavoro di GENITORI. Allo stesso modo in cui ognuno di voi ha contribuito per il 50% al codice genetico culminato nel vostro meraviglioso bambino, il vostro contributo all&#8217;educazione dei vostri figli pu\u00f2 essere compreso solo insieme a quello di vostro marito o vostra moglie.<\/p>\n<p>E i tuoi figli hanno bisogno di entrambi. Hanno bisogno di mamma e pap\u00e0. I bambini <strong>non<\/strong> hanno bisogno di una \u201cfigura materna\u201d, n\u00e9 di una \u201cfigura paterna\u201d. Hanno bisogno di un padre e di una madre in carne e ossa.<\/p>\n<p>Le uniche figure che so essere utili sono quelle del presepe.<\/p>\n<p>Non ho ben capito cosa sia una &#8220;figura materna&#8221;, non so se \u00e8 un manichino seduto sul divano di casa, o se \u00e8 la signora che viene a pulire la casa per due ore, tre volte alla settimana, okay, o il custode di casa. \u00c8 una &#8220;figura paterna&#8221; adatta.<\/p>\n<p>A volte ho sentito dire che il nonno, che vive con la figlia e i nipoti, &#8220;agisce come una figura paterna&#8221;, ma mi chiedo, allora, quando agisce come nonno. Potrebbe essere che in questo caso questi figli non solo no? Non hanno pi\u00f9 un padre, ma non hanno nemmeno un nonno, e quello che hanno \u00e8 un sostituto o un ibrido di entrambi?<\/p>\n<p>Genitori. In spagnolo, genitori si riferisce a una madre e a un padre<a href=\"https:\/\/educarconsentido.com\/2020\/04\/20\/la-importancia-de-ser-padre-o-madre\/#_ftn1\">[1]<\/a>. Senza nessuno di questi due elementi la vita umana non pu\u00f2 esistere. Se uno dei due fallisce, la vita umana gi\u00e0 concepita non sar\u00e0 la stessa.<\/p>\n<p>Se sei una mamma, se sei un pap\u00e0, congratulazioni e grazie per aver voluto intraprendere e portare a termine il compito pi\u00f9 entusiasmante, pi\u00f9 creativo e pi\u00f9 difficile possibile. Grazie.<\/p>\n<p>***<\/p>\n<p><a href=\"https:\/\/educarconsentido.com\/2020\/04\/20\/la-importancia-de-ser-padre-o-madre\/#_ftnref1\">[1]<\/a> Adottato o meno<\/p>\n","protected":false},"excerpt":{"rendered":"<p>Grazie<\/p>\n","protected":false},"author":113,"featured_media":102207,"comment_status":"closed","ping_status":"closed","sticky":false,"template":"","format":"standard","meta":{"_acf_changed":false,"_crdt_document":"","inline_featured_image":false,"footnotes":""},"categories":[129],"tags":[758,2487,12078,13413,11888],"class_list":["post-102261","post","type-post","status-publish","format-standard","has-post-thumbnail","hentry","category-voci","tag-famiglia","tag-featured-3","tag-madre-2","tag-nacho-calderon-castro-2","tag-padre-2"],"acf":[],"yoast_head":"<!-- This site is optimized with the Yoast SEO plugin v27.5 - https:\/\/yoast.com\/product\/yoast-seo-wordpress\/ -->\n<title>L&#039;importanza di essere padre o madre &#8211; Exaudi<\/title>\n<meta name=\"robots\" content=\"index, follow, max-snippet:-1, max-image-preview:large, max-video-preview:-1\" \/>\n<link rel=\"canonical\" href=\"https:\/\/exaudi.org\/it\/limportanza-di-essere-padre-o-madre\/\" \/>\n<meta property=\"og:locale\" content=\"it_IT\" \/>\n<meta property=\"og:type\" content=\"article\" \/>\n<meta property=\"og:title\" content=\"L&#039;importanza di essere padre o madre &#8211; Exaudi\" \/>\n<meta property=\"og:description\" content=\"Grazie\" \/>\n<meta property=\"og:url\" content=\"https:\/\/exaudi.org\/it\/limportanza-di-essere-padre-o-madre\/\" \/>\n<meta property=\"og:site_name\" content=\"Exaudi\" \/>\n<meta property=\"article:publisher\" content=\"https:\/\/www.facebook.com\/ExaudiNews\" \/>\n<meta property=\"article:published_time\" content=\"2024-06-04T17:08:46+00:00\" \/>\n<meta property=\"og:image\" content=\"https:\/\/exaudi.org\/wp-content\/uploads\/2024\/06\/pexels-riccardo-vespa-594469796-20464674-scaled-e1717492914981.jpg\" \/>\n\t<meta property=\"og:image:width\" content=\"1707\" \/>\n\t<meta property=\"og:image:height\" content=\"2560\" \/>\n\t<meta property=\"og:image:type\" content=\"image\/jpeg\" \/>\n<meta name=\"author\" content=\"Nacho Calder\u00f3n Castro\" \/>\n<meta name=\"twitter:card\" content=\"summary_large_image\" \/>\n<meta name=\"twitter:creator\" content=\"@Exaudi_News\" \/>\n<meta name=\"twitter:site\" content=\"@Exaudi_News\" \/>\n<meta name=\"twitter:label1\" content=\"Scritto da\" \/>\n\t<meta name=\"twitter:data1\" content=\"Nacho Calder\u00f3n Castro\" \/>\n\t<meta name=\"twitter:label2\" content=\"Tempo di lettura stimato\" \/>\n\t<meta name=\"twitter:data2\" content=\"8 minuti\" \/>\n<script type=\"application\/ld+json\" class=\"yoast-schema-graph\">{\"@context\":\"https:\\\/\\\/schema.org\",\"@graph\":[{\"@type\":\"Article\",\"@id\":\"https:\\\/\\\/exaudi.org\\\/it\\\/limportanza-di-essere-padre-o-madre\\\/#article\",\"isPartOf\":{\"@id\":\"https:\\\/\\\/exaudi.org\\\/it\\\/limportanza-di-essere-padre-o-madre\\\/\"},\"author\":{\"name\":\"Nacho Calder\u00f3n Castro\",\"@id\":\"https:\\\/\\\/exaudi.org\\\/#\\\/schema\\\/person\\\/81a36269482bc7d6a5a3ab8317a57a2f\"},\"headline\":\"L&#8217;importanza di essere padre o madre\",\"datePublished\":\"2024-06-04T17:08:46+00:00\",\"mainEntityOfPage\":{\"@id\":\"https:\\\/\\\/exaudi.org\\\/it\\\/limportanza-di-essere-padre-o-madre\\\/\"},\"wordCount\":1529,\"image\":{\"@id\":\"https:\\\/\\\/exaudi.org\\\/it\\\/limportanza-di-essere-padre-o-madre\\\/#primaryimage\"},\"thumbnailUrl\":\"https:\\\/\\\/exaudi.org\\\/wp-content\\\/uploads\\\/2024\\\/06\\\/pexels-riccardo-vespa-594469796-20464674-scaled-e1717492914981.jpg\",\"keywords\":[\"famiglia\",\"Featured\",\"MADRE\",\"NACHO CALDER\u00d3N CASTRO\",\"PADRE\"],\"articleSection\":[\"Voci\"],\"inLanguage\":\"it-IT\"},{\"@type\":\"WebPage\",\"@id\":\"https:\\\/\\\/exaudi.org\\\/it\\\/limportanza-di-essere-padre-o-madre\\\/\",\"url\":\"https:\\\/\\\/exaudi.org\\\/it\\\/limportanza-di-essere-padre-o-madre\\\/\",\"name\":\"L'importanza di essere padre o madre &#8211; Exaudi\",\"isPartOf\":{\"@id\":\"https:\\\/\\\/exaudi.org\\\/#website\"},\"primaryImageOfPage\":{\"@id\":\"https:\\\/\\\/exaudi.org\\\/it\\\/limportanza-di-essere-padre-o-madre\\\/#primaryimage\"},\"image\":{\"@id\":\"https:\\\/\\\/exaudi.org\\\/it\\\/limportanza-di-essere-padre-o-madre\\\/#primaryimage\"},\"thumbnailUrl\":\"https:\\\/\\\/exaudi.org\\\/wp-content\\\/uploads\\\/2024\\\/06\\\/pexels-riccardo-vespa-594469796-20464674-scaled-e1717492914981.jpg\",\"datePublished\":\"2024-06-04T17:08:46+00:00\",\"author\":{\"@id\":\"https:\\\/\\\/exaudi.org\\\/#\\\/schema\\\/person\\\/81a36269482bc7d6a5a3ab8317a57a2f\"},\"breadcrumb\":{\"@id\":\"https:\\\/\\\/exaudi.org\\\/it\\\/limportanza-di-essere-padre-o-madre\\\/#breadcrumb\"},\"inLanguage\":\"it-IT\",\"potentialAction\":[{\"@type\":\"ReadAction\",\"target\":[\"https:\\\/\\\/exaudi.org\\\/it\\\/limportanza-di-essere-padre-o-madre\\\/\"]}]},{\"@type\":\"ImageObject\",\"inLanguage\":\"it-IT\",\"@id\":\"https:\\\/\\\/exaudi.org\\\/it\\\/limportanza-di-essere-padre-o-madre\\\/#primaryimage\",\"url\":\"https:\\\/\\\/exaudi.org\\\/wp-content\\\/uploads\\\/2024\\\/06\\\/pexels-riccardo-vespa-594469796-20464674-scaled-e1717492914981.jpg\",\"contentUrl\":\"https:\\\/\\\/exaudi.org\\\/wp-content\\\/uploads\\\/2024\\\/06\\\/pexels-riccardo-vespa-594469796-20464674-scaled-e1717492914981.jpg\",\"width\":1707,\"height\":2560,\"caption\":\"Pexels\"},{\"@type\":\"BreadcrumbList\",\"@id\":\"https:\\\/\\\/exaudi.org\\\/it\\\/limportanza-di-essere-padre-o-madre\\\/#breadcrumb\",\"itemListElement\":[{\"@type\":\"ListItem\",\"position\":1,\"name\":\"Portada\",\"item\":\"https:\\\/\\\/exaudi.org\\\/it\\\/\"},{\"@type\":\"ListItem\",\"position\":2,\"name\":\"L&#8217;importanza di essere padre o madre\"}]},{\"@type\":\"WebSite\",\"@id\":\"https:\\\/\\\/exaudi.org\\\/#website\",\"url\":\"https:\\\/\\\/exaudi.org\\\/\",\"name\":\"Exaudi\",\"description\":\"News\",\"potentialAction\":[{\"@type\":\"SearchAction\",\"target\":{\"@type\":\"EntryPoint\",\"urlTemplate\":\"https:\\\/\\\/exaudi.org\\\/?s={search_term_string}\"},\"query-input\":{\"@type\":\"PropertyValueSpecification\",\"valueRequired\":true,\"valueName\":\"search_term_string\"}}],\"inLanguage\":\"it-IT\"},{\"@type\":\"Person\",\"@id\":\"https:\\\/\\\/exaudi.org\\\/#\\\/schema\\\/person\\\/81a36269482bc7d6a5a3ab8317a57a2f\",\"name\":\"Nacho Calder\u00f3n Castro\",\"image\":{\"@type\":\"ImageObject\",\"inLanguage\":\"it-IT\",\"@id\":\"https:\\\/\\\/secure.gravatar.com\\\/avatar\\\/9a83221fb83e62554f576fc80e7b576f2b3f5ebbb98b6adcdf828c6895c6c906?s=96&d=mm&r=g\",\"url\":\"https:\\\/\\\/secure.gravatar.com\\\/avatar\\\/9a83221fb83e62554f576fc80e7b576f2b3f5ebbb98b6adcdf828c6895c6c906?s=96&d=mm&r=g\",\"contentUrl\":\"https:\\\/\\\/secure.gravatar.com\\\/avatar\\\/9a83221fb83e62554f576fc80e7b576f2b3f5ebbb98b6adcdf828c6895c6c906?s=96&d=mm&r=g\",\"caption\":\"Nacho Calder\u00f3n Castro\"},\"description\":\"Nacho es el fundador y director del Instituto de Neuropsicolog\u00eda y Psicopedagog\u00eda Aplicadas (INPA) en Madrid, Espa\u00f1a y forma parte del equipo de Neurological Rehabilitation International Consultants, dirigiendo su centro en Laredo, Texas, tareas que compatibiliza impartiendo conferencias en centros de ense\u00f1anza, desde jardines de infancia hasta universidades. Ha sido colaborador con con el programa de radio La Ma\u00f1ana de COPE, dirigido por Javi Nieves durante los cursos 2012 \u2013 2014 y es profesor del Instituto de Estudios Familiares \u2013 IDEFA. En el a\u00f1o 2013 fue llamado por el Dr. Unruh para continuar su labor en Estados Unidos. Para realizar tal tarea y en reconocimiento a su trayectoria profesional, el gobierno de aquel pa\u00eds le ha concedido el visado 01, otorgado a personas con \u201chabilidades extraordinarias\u201d. Desde mayo de 2017 Nacho ha trasladado esta consulta a Pachuca, en el estado de Hidalgo, en M\u00e9xico, y de ese modo trabaja junto con Iliana Guevara Rivera, con quien comparte una trayectoria profesional desde noviembre de 1992. Nacho Calder\u00f3n atiende por tanto a pacientes en M\u00e9xico a lo largo de tres meses al a\u00f1o \u2013 febrero, junio y octubre -, dedicando ocho meses a la atenci\u00f3n de pacientes en Espa\u00f1a. Licenciado en Psicolog\u00eda, comenz\u00f3 su labor profesional en los Institutos para el Logro del Potencial Humano en Filadelfia, junto con Glenn, Janet y Douglas Doman, donde estuvo durante dos a\u00f1os completos. Durante este periodo atendi\u00f3 a familias en Filadelfia, Fauglia (Italia) y Tokio (Jap\u00f3n). A su regreso a Espa\u00f1a en 1995, fue co-fundador de la asociaci\u00f3n Institutos Fay para la Estimulaci\u00f3n Multisensorial. Nacho trajo el primer Audiokinetron (para el tratamiento B\u00e8rard) que hubo en nuestro pa\u00eds. En 1997 comenz\u00f3 su formaci\u00f3n como evaluador con el m\u00e9todo IRLEN, tras su paso por el IRLEN Center de Helen Irlen en California, se convirti\u00f3 en 1999 en el responsable de dicho m\u00e9todo en la pen\u00ednsula. En el curso de 1997-98, complet\u00f3 su formaci\u00f3n en reflejos primitivos de la mano de Peter Blythe y Sally Goddar. M\u00e1s tarde continuar\u00eda su formaci\u00f3n junto con Kjelt Johansen, Harald Blomberg y Beatriz y Sonia Padovan. Ha sido instructor KUMON durante m\u00e1s de 10 a\u00f1os y ha dado conferencias en B\u00e9lgica, Italia, Alemania y Reino Unido. Nacho ha sido profesor en el Master de dise\u00f1o infantil en espacio y producto del Instituto Europeo de dise\u00f1o y en la actualidad compagina toda su labor cl\u00ednica con la formaci\u00f3n en el Master para la formaci\u00f3n del profesorado de la Universidad Rey Juan Carlos.\",\"sameAs\":[\"https:\\\/\\\/inpa.info\\\/\"],\"url\":\"https:\\\/\\\/exaudi.org\\\/it\\\/author\\\/nacho-calderon-castro\\\/\"}]}<\/script>\n<!-- \/ Yoast SEO plugin. -->","yoast_head_json":{"title":"L'importanza di essere padre o madre &#8211; Exaudi","robots":{"index":"index","follow":"follow","max-snippet":"max-snippet:-1","max-image-preview":"max-image-preview:large","max-video-preview":"max-video-preview:-1"},"canonical":"https:\/\/exaudi.org\/it\/limportanza-di-essere-padre-o-madre\/","og_locale":"it_IT","og_type":"article","og_title":"L'importanza di essere padre o madre &#8211; Exaudi","og_description":"Grazie","og_url":"https:\/\/exaudi.org\/it\/limportanza-di-essere-padre-o-madre\/","og_site_name":"Exaudi","article_publisher":"https:\/\/www.facebook.com\/ExaudiNews","article_published_time":"2024-06-04T17:08:46+00:00","og_image":[{"width":1707,"height":2560,"url":"https:\/\/exaudi.org\/wp-content\/uploads\/2024\/06\/pexels-riccardo-vespa-594469796-20464674-scaled-e1717492914981.jpg","type":"image\/jpeg"}],"author":"Nacho Calder\u00f3n Castro","twitter_card":"summary_large_image","twitter_creator":"@Exaudi_News","twitter_site":"@Exaudi_News","twitter_misc":{"Scritto da":"Nacho Calder\u00f3n Castro","Tempo di lettura stimato":"8 minuti"},"schema":{"@context":"https:\/\/schema.org","@graph":[{"@type":"Article","@id":"https:\/\/exaudi.org\/it\/limportanza-di-essere-padre-o-madre\/#article","isPartOf":{"@id":"https:\/\/exaudi.org\/it\/limportanza-di-essere-padre-o-madre\/"},"author":{"name":"Nacho Calder\u00f3n Castro","@id":"https:\/\/exaudi.org\/#\/schema\/person\/81a36269482bc7d6a5a3ab8317a57a2f"},"headline":"L&#8217;importanza di essere padre o madre","datePublished":"2024-06-04T17:08:46+00:00","mainEntityOfPage":{"@id":"https:\/\/exaudi.org\/it\/limportanza-di-essere-padre-o-madre\/"},"wordCount":1529,"image":{"@id":"https:\/\/exaudi.org\/it\/limportanza-di-essere-padre-o-madre\/#primaryimage"},"thumbnailUrl":"https:\/\/exaudi.org\/wp-content\/uploads\/2024\/06\/pexels-riccardo-vespa-594469796-20464674-scaled-e1717492914981.jpg","keywords":["famiglia","Featured","MADRE","NACHO CALDER\u00d3N CASTRO","PADRE"],"articleSection":["Voci"],"inLanguage":"it-IT"},{"@type":"WebPage","@id":"https:\/\/exaudi.org\/it\/limportanza-di-essere-padre-o-madre\/","url":"https:\/\/exaudi.org\/it\/limportanza-di-essere-padre-o-madre\/","name":"L'importanza di essere padre o madre &#8211; Exaudi","isPartOf":{"@id":"https:\/\/exaudi.org\/#website"},"primaryImageOfPage":{"@id":"https:\/\/exaudi.org\/it\/limportanza-di-essere-padre-o-madre\/#primaryimage"},"image":{"@id":"https:\/\/exaudi.org\/it\/limportanza-di-essere-padre-o-madre\/#primaryimage"},"thumbnailUrl":"https:\/\/exaudi.org\/wp-content\/uploads\/2024\/06\/pexels-riccardo-vespa-594469796-20464674-scaled-e1717492914981.jpg","datePublished":"2024-06-04T17:08:46+00:00","author":{"@id":"https:\/\/exaudi.org\/#\/schema\/person\/81a36269482bc7d6a5a3ab8317a57a2f"},"breadcrumb":{"@id":"https:\/\/exaudi.org\/it\/limportanza-di-essere-padre-o-madre\/#breadcrumb"},"inLanguage":"it-IT","potentialAction":[{"@type":"ReadAction","target":["https:\/\/exaudi.org\/it\/limportanza-di-essere-padre-o-madre\/"]}]},{"@type":"ImageObject","inLanguage":"it-IT","@id":"https:\/\/exaudi.org\/it\/limportanza-di-essere-padre-o-madre\/#primaryimage","url":"https:\/\/exaudi.org\/wp-content\/uploads\/2024\/06\/pexels-riccardo-vespa-594469796-20464674-scaled-e1717492914981.jpg","contentUrl":"https:\/\/exaudi.org\/wp-content\/uploads\/2024\/06\/pexels-riccardo-vespa-594469796-20464674-scaled-e1717492914981.jpg","width":1707,"height":2560,"caption":"Pexels"},{"@type":"BreadcrumbList","@id":"https:\/\/exaudi.org\/it\/limportanza-di-essere-padre-o-madre\/#breadcrumb","itemListElement":[{"@type":"ListItem","position":1,"name":"Portada","item":"https:\/\/exaudi.org\/it\/"},{"@type":"ListItem","position":2,"name":"L&#8217;importanza di essere padre o madre"}]},{"@type":"WebSite","@id":"https:\/\/exaudi.org\/#website","url":"https:\/\/exaudi.org\/","name":"Exaudi","description":"News","potentialAction":[{"@type":"SearchAction","target":{"@type":"EntryPoint","urlTemplate":"https:\/\/exaudi.org\/?s={search_term_string}"},"query-input":{"@type":"PropertyValueSpecification","valueRequired":true,"valueName":"search_term_string"}}],"inLanguage":"it-IT"},{"@type":"Person","@id":"https:\/\/exaudi.org\/#\/schema\/person\/81a36269482bc7d6a5a3ab8317a57a2f","name":"Nacho Calder\u00f3n Castro","image":{"@type":"ImageObject","inLanguage":"it-IT","@id":"https:\/\/secure.gravatar.com\/avatar\/9a83221fb83e62554f576fc80e7b576f2b3f5ebbb98b6adcdf828c6895c6c906?s=96&d=mm&r=g","url":"https:\/\/secure.gravatar.com\/avatar\/9a83221fb83e62554f576fc80e7b576f2b3f5ebbb98b6adcdf828c6895c6c906?s=96&d=mm&r=g","contentUrl":"https:\/\/secure.gravatar.com\/avatar\/9a83221fb83e62554f576fc80e7b576f2b3f5ebbb98b6adcdf828c6895c6c906?s=96&d=mm&r=g","caption":"Nacho Calder\u00f3n Castro"},"description":"Nacho es el fundador y director del Instituto de Neuropsicolog\u00eda y Psicopedagog\u00eda Aplicadas (INPA) en Madrid, Espa\u00f1a y forma parte del equipo de Neurological Rehabilitation International Consultants, dirigiendo su centro en Laredo, Texas, tareas que compatibiliza impartiendo conferencias en centros de ense\u00f1anza, desde jardines de infancia hasta universidades. Ha sido colaborador con con el programa de radio La Ma\u00f1ana de COPE, dirigido por Javi Nieves durante los cursos 2012 \u2013 2014 y es profesor del Instituto de Estudios Familiares \u2013 IDEFA. En el a\u00f1o 2013 fue llamado por el Dr. Unruh para continuar su labor en Estados Unidos. Para realizar tal tarea y en reconocimiento a su trayectoria profesional, el gobierno de aquel pa\u00eds le ha concedido el visado 01, otorgado a personas con \u201chabilidades extraordinarias\u201d. Desde mayo de 2017 Nacho ha trasladado esta consulta a Pachuca, en el estado de Hidalgo, en M\u00e9xico, y de ese modo trabaja junto con Iliana Guevara Rivera, con quien comparte una trayectoria profesional desde noviembre de 1992. Nacho Calder\u00f3n atiende por tanto a pacientes en M\u00e9xico a lo largo de tres meses al a\u00f1o \u2013 febrero, junio y octubre -, dedicando ocho meses a la atenci\u00f3n de pacientes en Espa\u00f1a. Licenciado en Psicolog\u00eda, comenz\u00f3 su labor profesional en los Institutos para el Logro del Potencial Humano en Filadelfia, junto con Glenn, Janet y Douglas Doman, donde estuvo durante dos a\u00f1os completos. Durante este periodo atendi\u00f3 a familias en Filadelfia, Fauglia (Italia) y Tokio (Jap\u00f3n). A su regreso a Espa\u00f1a en 1995, fue co-fundador de la asociaci\u00f3n Institutos Fay para la Estimulaci\u00f3n Multisensorial. Nacho trajo el primer Audiokinetron (para el tratamiento B\u00e8rard) que hubo en nuestro pa\u00eds. En 1997 comenz\u00f3 su formaci\u00f3n como evaluador con el m\u00e9todo IRLEN, tras su paso por el IRLEN Center de Helen Irlen en California, se convirti\u00f3 en 1999 en el responsable de dicho m\u00e9todo en la pen\u00ednsula. En el curso de 1997-98, complet\u00f3 su formaci\u00f3n en reflejos primitivos de la mano de Peter Blythe y Sally Goddar. M\u00e1s tarde continuar\u00eda su formaci\u00f3n junto con Kjelt Johansen, Harald Blomberg y Beatriz y Sonia Padovan. Ha sido instructor KUMON durante m\u00e1s de 10 a\u00f1os y ha dado conferencias en B\u00e9lgica, Italia, Alemania y Reino Unido. Nacho ha sido profesor en el Master de dise\u00f1o infantil en espacio y producto del Instituto Europeo de dise\u00f1o y en la actualidad compagina toda su labor cl\u00ednica con la formaci\u00f3n en el Master para la formaci\u00f3n del profesorado de la Universidad Rey Juan Carlos.","sameAs":["https:\/\/inpa.info\/"],"url":"https:\/\/exaudi.org\/it\/author\/nacho-calderon-castro\/"}]}},"jetpack_featured_media_url":"https:\/\/exaudi.org\/wp-content\/uploads\/2024\/06\/pexels-riccardo-vespa-594469796-20464674-scaled-e1717492914981.jpg","jetpack_shortlink":"https:\/\/wp.me\/pgKjF2-qBn","_links":{"self":[{"href":"https:\/\/exaudi.org\/it\/wp-json\/wp\/v2\/posts\/102261","targetHints":{"allow":["GET"]}}],"collection":[{"href":"https:\/\/exaudi.org\/it\/wp-json\/wp\/v2\/posts"}],"about":[{"href":"https:\/\/exaudi.org\/it\/wp-json\/wp\/v2\/types\/post"}],"author":[{"embeddable":true,"href":"https:\/\/exaudi.org\/it\/wp-json\/wp\/v2\/users\/113"}],"replies":[{"embeddable":true,"href":"https:\/\/exaudi.org\/it\/wp-json\/wp\/v2\/comments?post=102261"}],"version-history":[{"count":0,"href":"https:\/\/exaudi.org\/it\/wp-json\/wp\/v2\/posts\/102261\/revisions"}],"wp:featuredmedia":[{"embeddable":true,"href":"https:\/\/exaudi.org\/it\/wp-json\/wp\/v2\/media\/102207"}],"wp:attachment":[{"href":"https:\/\/exaudi.org\/it\/wp-json\/wp\/v2\/media?parent=102261"}],"wp:term":[{"taxonomy":"category","embeddable":true,"href":"https:\/\/exaudi.org\/it\/wp-json\/wp\/v2\/categories?post=102261"},{"taxonomy":"post_tag","embeddable":true,"href":"https:\/\/exaudi.org\/it\/wp-json\/wp\/v2\/tags?post=102261"}],"curies":[{"name":"wp","href":"https:\/\/api.w.org\/{rel}","templated":true}]}}