{"id":102249,"date":"2024-06-04T18:13:42","date_gmt":"2024-06-04T16:13:42","guid":{"rendered":"https:\/\/exaudi.org\/?p=102249"},"modified":"2024-06-04T18:13:42","modified_gmt":"2024-06-04T16:13:42","slug":"mario-j-paredes-il-papa-sostiene-lumanizzazione-del-sistema-sanitario-sia-pubblico-che-privato","status":"publish","type":"post","link":"https:\/\/exaudi.org\/it\/mario-j-paredes-il-papa-sostiene-lumanizzazione-del-sistema-sanitario-sia-pubblico-che-privato\/","title":{"rendered":"Mario J. Paredes: \u201cIl Papa sostiene l\u2019umanizzazione del sistema sanitario, sia pubblico che privato\u201d"},"content":{"rendered":"<p>In un&#8217;intervista esclusiva, Mario J. Paredes, <strong>presidente esecutivo di SOMOS Community Care, ha riflettuto sulla promozione della salute da una prospettiva cristiana, in linea con gli obiettivi di sviluppo sostenibile delle Nazioni Unite<\/strong>, in particolare l&#8217;obiettivo della salute e del benessere. Mario J. Paredes <strong>ha sottolineato l&#8217;importanza di umanizzare i sistemi sanitari, sia pubblici che privati, seguendo gli insegnamenti di Papa Francesco.<\/strong><\/p>\n<p><img loading=\"lazy\" decoding=\"async\" class=\"size-medium wp-image-102199 alignleft\" src=\"https:\/\/exaudi.org\/wp-content\/uploads\/2024\/06\/WhatsApp-Image-2024-06-03-at-12.59.24-PM-300x268.jpeg\" alt=\"\" width=\"300\" height=\"268\" srcset=\"https:\/\/exaudi.org\/wp-content\/uploads\/2024\/06\/WhatsApp-Image-2024-06-03-at-12.59.24-PM-300x268.jpeg 300w, https:\/\/exaudi.org\/wp-content\/uploads\/2024\/06\/WhatsApp-Image-2024-06-03-at-12.59.24-PM-293x262.jpeg 293w, https:\/\/exaudi.org\/wp-content\/uploads\/2024\/06\/WhatsApp-Image-2024-06-03-at-12.59.24-PM-390x349.jpeg 390w, https:\/\/exaudi.org\/wp-content\/uploads\/2024\/06\/WhatsApp-Image-2024-06-03-at-12.59.24-PM.jpeg 445w\" sizes=\"auto, (max-width: 300px) 100vw, 300px\" \/>Mario J. Paredes, che fu consigliere per l&#8217;America Latina del presidente Ronald Reagan e consulente della Commissione Latinoamericana del Vaticano e della Conferenza dei Vescovi Cattolici degli Stati Uniti, \u00e8 stato decorato dal Governo del Cile con l&#8217;Ordine al Merito Gabriela Mistral e detiene un dottore in arti liberali presso l&#8217;Universit\u00e0 Cattolica d&#8217;America. <strong>Attualmente dirige SOMOS Community Care, una rete di oltre 2.500 professionisti dell&#8217;assistenza primaria che servono i pazienti Medicaid a New York City.<\/strong><\/p>\n<p>Il prossimo grande evento organizzato dall&#8217;<strong>Accademia Internazionale dei Leader Cattolici \u00e8 il IX Diploma Internazionale, che si svolger\u00e0 dal 19 al 28 luglio alla Saint John&#8217;s University di New York<\/strong>. Questo evento includer\u00e0 lo studio e l&#8217;analisi dell&#8217;Agenda 2030 e degli Obiettivi di sviluppo sostenibile, con un focus sulla promozione dello sviluppo umano globale e un&#8217;enfasi speciale sulla cura dei pi\u00f9 poveri, con la <strong>partecipazione di espositori di spicco.<\/strong><\/p>\n<h3><strong>Umanizzare il sistema sanitario: un appello di Papa Francesco<\/strong><\/h3>\n<p>Mario J. Paredes ha condiviso le riflessioni di Papa Francesco sulla necessit\u00e0 di umanizzare sia il sistema sanitario pubblico che quello privato. Secondo Mario J. Paredes, il Papa segue gli insegnamenti di Ges\u00f9, che \u00e8 venuto per guarire e insegna un modello di guarigione. Il Santo Padre suggerisce che i responsabili della salute siano consapevoli della possibilit\u00e0 di aiutare i pazienti a raggiungere la pienezza di vita.<\/p>\n<p><em><strong>\u201cIl Papa raccomanda di non perpetuare un sistema che affronti o metta in discussione la malattia. Egli cerca con tutti i mezzi di educare i responsabili della salute a essere consapevoli che possono aiutare proponendo la pienezza della vita. Il Vangelo dice che Dio ci ha mandato il Figlio perch\u00e9 abbiamo la vita piena, e questo \u00e8 ci\u00f2 che la Chiesa fa da secoli attraverso le sue opere ospedaliere, sanitarie e di assistenza medica\u201d, <\/strong><\/em>ha spiegato Mario J. Paredes<em><strong>.<\/strong><\/em><\/p>\n<h3><strong>Misure per un sistema sanitario pi\u00f9 giusto<\/strong><\/h3>\n<p>Mario J. Paredes ha commentato anche le raccomandazioni di Papa Francesco per realizzare un sistema sanitario pi\u00f9 giusto, soprattutto per quanto riguarda il costo dei medicinali. Sebbene il Papa non sia uno studioso di questioni economiche, sottolinea la necessit\u00e0 che i conglomerati farmaceutici abbiano una coscienza sociale.<\/p>\n<p><strong><img loading=\"lazy\" decoding=\"async\" class=\"size-medium wp-image-102193 alignright\" src=\"https:\/\/exaudi.org\/wp-content\/uploads\/2024\/06\/Mario-Paredes-216x300.jpg\" alt=\"\" width=\"216\" height=\"300\" srcset=\"https:\/\/exaudi.org\/wp-content\/uploads\/2024\/06\/Mario-Paredes-216x300.jpg 216w, https:\/\/exaudi.org\/wp-content\/uploads\/2024\/06\/Mario-Paredes-738x1024.jpg 738w, https:\/\/exaudi.org\/wp-content\/uploads\/2024\/06\/Mario-Paredes-770x1068.jpg 770w, https:\/\/exaudi.org\/wp-content\/uploads\/2024\/06\/Mario-Paredes-1107x1536.jpg 1107w, https:\/\/exaudi.org\/wp-content\/uploads\/2024\/06\/Mario-Paredes-500x694.jpg 500w, https:\/\/exaudi.org\/wp-content\/uploads\/2024\/06\/Mario-Paredes-293x407.jpg 293w, https:\/\/exaudi.org\/wp-content\/uploads\/2024\/06\/Mario-Paredes-1400x1943.jpg 1400w, https:\/\/exaudi.org\/wp-content\/uploads\/2024\/06\/Mario-Paredes-390x541.jpg 390w, https:\/\/exaudi.org\/wp-content\/uploads\/2024\/06\/Mario-Paredes.jpg 1476w\" sizes=\"auto, (max-width: 216px) 100vw, 216px\" \/>&#8220;I medicinali sono a scopo di lucro e i grandi conglomerati farmaceutici dovrebbero essere socialmente consapevoli che la medicina in generale \u00e8 esorbitantemente costosa. Il fenomeno della prescrizione di medicinali \u00e8 cos\u00ec impersonale che fa ben poco per aiutare la persona a guarire\u201d<\/strong>, ha affermato.<\/p>\n<h3><strong>Uno spazio di incontro e di speranza<\/strong><\/h3>\n<p>Il IX Diploma Internazionale dell&#8217;Accademia dei Leader Cattolici offre uno spazio di incontro, apprendimento e riflessione, dove leader provenienti da diversi ambiti e background si incontreranno con l&#8217;obiettivo di trovare soluzioni alle sfide pi\u00f9 urgenti del nostro tempo, guidati da una visione comune di giustizia, solidariet\u00e0 e speranza.<\/p>\n<p>Per coloro che desiderano partecipare o saperne di pi\u00f9 su questo evento, \u00e8 possibile ottenere dettagli e <a href=\"https:\/\/liderescatolicos.net\/diplomado2024\/\">registrarsi sul sito ufficiale del corso di diploma<\/a>.<\/p>\n","protected":false},"excerpt":{"rendered":"<p>In un&#8217;intervista esclusiva, Mario J. Paredes, presidente esecutivo di SOMOS Community Care, ha riflettuto sulla promozione della salute da una prospettiva cristiana, in linea con gli obiettivi di sviluppo sostenibile delle Nazioni Unite, in particolare l&#8217;obiettivo della salute e del benessere. Mario J. Paredes ha sottolineato l&#8217;importanza di umanizzare i sistemi sanitari, sia pubblici che [&hellip;]<\/p>\n","protected":false},"author":107,"featured_media":102196,"comment_status":"closed","ping_status":"closed","sticky":false,"template":"","format":"standard","meta":{"_acf_changed":false,"_crdt_document":"","inline_featured_image":false,"footnotes":""},"categories":[107],"tags":[11218,17810,14316,401,17811,4952],"class_list":["post-102249","post","type-post","status-publish","format-standard","has-post-thumbnail","hentry","category-interviste","tag-accademia-dei-leader-cattolici","tag-diploma","tag-mario-j-paredes-2","tag-papa-francisco-it","tag-sistema-sanitario","tag-trending-it"],"acf":[],"yoast_head":"<!-- This site is optimized with the Yoast SEO plugin v27.5 - https:\/\/yoast.com\/product\/yoast-seo-wordpress\/ -->\n<title>Mario J. Paredes: \u201cIl Papa sostiene l\u2019umanizzazione del sistema sanitario, sia pubblico che privato\u201d &#8211; Exaudi<\/title>\n<meta name=\"robots\" content=\"index, follow, max-snippet:-1, max-image-preview:large, max-video-preview:-1\" \/>\n<link rel=\"canonical\" href=\"https:\/\/exaudi.org\/it\/mario-j-paredes-il-papa-sostiene-lumanizzazione-del-sistema-sanitario-sia-pubblico-che-privato\/\" \/>\n<meta property=\"og:locale\" content=\"it_IT\" \/>\n<meta property=\"og:type\" content=\"article\" \/>\n<meta property=\"og:title\" content=\"Mario J. Paredes: \u201cIl Papa sostiene l\u2019umanizzazione del sistema sanitario, sia pubblico che privato\u201d &#8211; Exaudi\" \/>\n<meta property=\"og:description\" content=\"In un&#8217;intervista esclusiva, Mario J. Paredes, presidente esecutivo di SOMOS Community Care, ha riflettuto sulla promozione della salute da una prospettiva cristiana, in linea con gli obiettivi di sviluppo sostenibile delle Nazioni Unite, in particolare l&#8217;obiettivo della salute e del benessere. Mario J. Paredes ha sottolineato l&#8217;importanza di umanizzare i sistemi sanitari, sia pubblici che [&hellip;]\" \/>\n<meta property=\"og:url\" content=\"https:\/\/exaudi.org\/it\/mario-j-paredes-il-papa-sostiene-lumanizzazione-del-sistema-sanitario-sia-pubblico-che-privato\/\" \/>\n<meta property=\"og:site_name\" content=\"Exaudi\" \/>\n<meta property=\"article:publisher\" content=\"https:\/\/www.facebook.com\/ExaudiNews\" \/>\n<meta property=\"article:published_time\" content=\"2024-06-04T16:13:42+00:00\" \/>\n<meta property=\"og:image\" content=\"https:\/\/exaudi.org\/wp-content\/uploads\/2024\/06\/WhatsApp-Image-2024-06-03-at-12.53.32-PM.jpeg\" \/>\n\t<meta property=\"og:image:width\" content=\"593\" \/>\n\t<meta property=\"og:image:height\" content=\"279\" \/>\n\t<meta property=\"og:image:type\" content=\"image\/jpeg\" \/>\n<meta name=\"author\" content=\"Academia de L\u00edderes Cat\u00f3licos\" \/>\n<meta name=\"twitter:card\" content=\"summary_large_image\" \/>\n<meta name=\"twitter:creator\" content=\"@Exaudi_News\" \/>\n<meta name=\"twitter:site\" content=\"@Exaudi_News\" \/>\n<meta name=\"twitter:label1\" content=\"Scritto da\" \/>\n\t<meta name=\"twitter:data1\" content=\"Academia de L\u00edderes Cat\u00f3licos\" \/>\n\t<meta name=\"twitter:label2\" content=\"Tempo di lettura stimato\" \/>\n\t<meta name=\"twitter:data2\" content=\"3 minuti\" \/>\n<script type=\"application\/ld+json\" class=\"yoast-schema-graph\">{\"@context\":\"https:\\\/\\\/schema.org\",\"@graph\":[{\"@type\":\"Article\",\"@id\":\"https:\\\/\\\/exaudi.org\\\/it\\\/mario-j-paredes-il-papa-sostiene-lumanizzazione-del-sistema-sanitario-sia-pubblico-che-privato\\\/#article\",\"isPartOf\":{\"@id\":\"https:\\\/\\\/exaudi.org\\\/it\\\/mario-j-paredes-il-papa-sostiene-lumanizzazione-del-sistema-sanitario-sia-pubblico-che-privato\\\/\"},\"author\":{\"name\":\"Academia de L\u00edderes Cat\u00f3licos\",\"@id\":\"https:\\\/\\\/exaudi.org\\\/#\\\/schema\\\/person\\\/334968a332d5dad9f94e08897852c6af\"},\"headline\":\"Mario J. Paredes: \u201cIl Papa sostiene l\u2019umanizzazione del sistema sanitario, sia pubblico che privato\u201d\",\"datePublished\":\"2024-06-04T16:13:42+00:00\",\"mainEntityOfPage\":{\"@id\":\"https:\\\/\\\/exaudi.org\\\/it\\\/mario-j-paredes-il-papa-sostiene-lumanizzazione-del-sistema-sanitario-sia-pubblico-che-privato\\\/\"},\"wordCount\":559,\"image\":{\"@id\":\"https:\\\/\\\/exaudi.org\\\/it\\\/mario-j-paredes-il-papa-sostiene-lumanizzazione-del-sistema-sanitario-sia-pubblico-che-privato\\\/#primaryimage\"},\"thumbnailUrl\":\"https:\\\/\\\/exaudi.org\\\/wp-content\\\/uploads\\\/2024\\\/06\\\/WhatsApp-Image-2024-06-03-at-12.53.32-PM.jpeg\",\"keywords\":[\"ACCADEMIA DEI LEADER CATTOLICI\",\"DIPLOMA\",\"MARIO J. PAREDES\",\"papa francisco\",\"SISTEMA SANITARIO\",\"Trending\"],\"articleSection\":[\"Interviste\"],\"inLanguage\":\"it-IT\"},{\"@type\":\"WebPage\",\"@id\":\"https:\\\/\\\/exaudi.org\\\/it\\\/mario-j-paredes-il-papa-sostiene-lumanizzazione-del-sistema-sanitario-sia-pubblico-che-privato\\\/\",\"url\":\"https:\\\/\\\/exaudi.org\\\/it\\\/mario-j-paredes-il-papa-sostiene-lumanizzazione-del-sistema-sanitario-sia-pubblico-che-privato\\\/\",\"name\":\"Mario J. Paredes: \u201cIl Papa sostiene l\u2019umanizzazione del sistema sanitario, sia pubblico che privato\u201d &#8211; Exaudi\",\"isPartOf\":{\"@id\":\"https:\\\/\\\/exaudi.org\\\/#website\"},\"primaryImageOfPage\":{\"@id\":\"https:\\\/\\\/exaudi.org\\\/it\\\/mario-j-paredes-il-papa-sostiene-lumanizzazione-del-sistema-sanitario-sia-pubblico-che-privato\\\/#primaryimage\"},\"image\":{\"@id\":\"https:\\\/\\\/exaudi.org\\\/it\\\/mario-j-paredes-il-papa-sostiene-lumanizzazione-del-sistema-sanitario-sia-pubblico-che-privato\\\/#primaryimage\"},\"thumbnailUrl\":\"https:\\\/\\\/exaudi.org\\\/wp-content\\\/uploads\\\/2024\\\/06\\\/WhatsApp-Image-2024-06-03-at-12.53.32-PM.jpeg\",\"datePublished\":\"2024-06-04T16:13:42+00:00\",\"author\":{\"@id\":\"https:\\\/\\\/exaudi.org\\\/#\\\/schema\\\/person\\\/334968a332d5dad9f94e08897852c6af\"},\"breadcrumb\":{\"@id\":\"https:\\\/\\\/exaudi.org\\\/it\\\/mario-j-paredes-il-papa-sostiene-lumanizzazione-del-sistema-sanitario-sia-pubblico-che-privato\\\/#breadcrumb\"},\"inLanguage\":\"it-IT\",\"potentialAction\":[{\"@type\":\"ReadAction\",\"target\":[\"https:\\\/\\\/exaudi.org\\\/it\\\/mario-j-paredes-il-papa-sostiene-lumanizzazione-del-sistema-sanitario-sia-pubblico-che-privato\\\/\"]}]},{\"@type\":\"ImageObject\",\"inLanguage\":\"it-IT\",\"@id\":\"https:\\\/\\\/exaudi.org\\\/it\\\/mario-j-paredes-il-papa-sostiene-lumanizzazione-del-sistema-sanitario-sia-pubblico-che-privato\\\/#primaryimage\",\"url\":\"https:\\\/\\\/exaudi.org\\\/wp-content\\\/uploads\\\/2024\\\/06\\\/WhatsApp-Image-2024-06-03-at-12.53.32-PM.jpeg\",\"contentUrl\":\"https:\\\/\\\/exaudi.org\\\/wp-content\\\/uploads\\\/2024\\\/06\\\/WhatsApp-Image-2024-06-03-at-12.53.32-PM.jpeg\",\"width\":593,\"height\":279},{\"@type\":\"BreadcrumbList\",\"@id\":\"https:\\\/\\\/exaudi.org\\\/it\\\/mario-j-paredes-il-papa-sostiene-lumanizzazione-del-sistema-sanitario-sia-pubblico-che-privato\\\/#breadcrumb\",\"itemListElement\":[{\"@type\":\"ListItem\",\"position\":1,\"name\":\"Portada\",\"item\":\"https:\\\/\\\/exaudi.org\\\/it\\\/\"},{\"@type\":\"ListItem\",\"position\":2,\"name\":\"Mario J. Paredes: \u201cIl Papa sostiene l\u2019umanizzazione del sistema sanitario, sia pubblico che privato\u201d\"}]},{\"@type\":\"WebSite\",\"@id\":\"https:\\\/\\\/exaudi.org\\\/#website\",\"url\":\"https:\\\/\\\/exaudi.org\\\/\",\"name\":\"Exaudi\",\"description\":\"News\",\"potentialAction\":[{\"@type\":\"SearchAction\",\"target\":{\"@type\":\"EntryPoint\",\"urlTemplate\":\"https:\\\/\\\/exaudi.org\\\/?s={search_term_string}\"},\"query-input\":{\"@type\":\"PropertyValueSpecification\",\"valueRequired\":true,\"valueName\":\"search_term_string\"}}],\"inLanguage\":\"it-IT\"},{\"@type\":\"Person\",\"@id\":\"https:\\\/\\\/exaudi.org\\\/#\\\/schema\\\/person\\\/334968a332d5dad9f94e08897852c6af\",\"name\":\"Academia de L\u00edderes Cat\u00f3licos\",\"image\":{\"@type\":\"ImageObject\",\"inLanguage\":\"it-IT\",\"@id\":\"https:\\\/\\\/secure.gravatar.com\\\/avatar\\\/80d80b1e34d8fa01f6b95d10e695853ca4ea7e054050e21ad1a15d546d4600ca?s=96&d=mm&r=g\",\"url\":\"https:\\\/\\\/secure.gravatar.com\\\/avatar\\\/80d80b1e34d8fa01f6b95d10e695853ca4ea7e054050e21ad1a15d546d4600ca?s=96&d=mm&r=g\",\"contentUrl\":\"https:\\\/\\\/secure.gravatar.com\\\/avatar\\\/80d80b1e34d8fa01f6b95d10e695853ca4ea7e054050e21ad1a15d546d4600ca?s=96&d=mm&r=g\",\"caption\":\"Academia de L\u00edderes Cat\u00f3licos\"},\"description\":\"Es una fundaci\u00f3n de derecho privado sin fines de lucro que busca formar cat\u00f3licos que a partir de la experiencia cristiana desarrollen su vocaci\u00f3n pol\u00edtica con la ayuda de la Doctrina Social de la Iglesia. La Academia Latinoamericana de L\u00edderes Cat\u00f3licos tiene como misi\u00f3n, formar l\u00edderes desde una perspectiva cat\u00f3lica, arraigados en la fe de la Iglesia, para transformar el mundo social, pol\u00edtico y econ\u00f3mico a la luz de la Doctrina Social de la Iglesia. Formar una nueva generaci\u00f3n de cat\u00f3licos latinoamericanos con responsabilidades pol\u00edticas y sociales para que transformen el rostro del continente al servicio de sus pueblos, a la luz del Magisterio de la Iglesia y de cara a los Jubileos del V Centenario Guadalupano y de los dos mil a\u00f1os de la redenci\u00f3n.\",\"sameAs\":[\"https:\\\/\\\/liderescatolicos.net\\\/\",\"https:\\\/\\\/www.youtube.com\\\/c\\\/LderesCatlicos\"],\"url\":\"https:\\\/\\\/exaudi.org\\\/it\\\/author\\\/academia-de-lideres-catolicos\\\/\"}]}<\/script>\n<!-- \/ Yoast SEO plugin. -->","yoast_head_json":{"title":"Mario J. Paredes: \u201cIl Papa sostiene l\u2019umanizzazione del sistema sanitario, sia pubblico che privato\u201d &#8211; Exaudi","robots":{"index":"index","follow":"follow","max-snippet":"max-snippet:-1","max-image-preview":"max-image-preview:large","max-video-preview":"max-video-preview:-1"},"canonical":"https:\/\/exaudi.org\/it\/mario-j-paredes-il-papa-sostiene-lumanizzazione-del-sistema-sanitario-sia-pubblico-che-privato\/","og_locale":"it_IT","og_type":"article","og_title":"Mario J. Paredes: \u201cIl Papa sostiene l\u2019umanizzazione del sistema sanitario, sia pubblico che privato\u201d &#8211; Exaudi","og_description":"In un&#8217;intervista esclusiva, Mario J. Paredes, presidente esecutivo di SOMOS Community Care, ha riflettuto sulla promozione della salute da una prospettiva cristiana, in linea con gli obiettivi di sviluppo sostenibile delle Nazioni Unite, in particolare l&#8217;obiettivo della salute e del benessere. Mario J. Paredes ha sottolineato l&#8217;importanza di umanizzare i sistemi sanitari, sia pubblici che [&hellip;]","og_url":"https:\/\/exaudi.org\/it\/mario-j-paredes-il-papa-sostiene-lumanizzazione-del-sistema-sanitario-sia-pubblico-che-privato\/","og_site_name":"Exaudi","article_publisher":"https:\/\/www.facebook.com\/ExaudiNews","article_published_time":"2024-06-04T16:13:42+00:00","og_image":[{"width":593,"height":279,"url":"https:\/\/exaudi.org\/wp-content\/uploads\/2024\/06\/WhatsApp-Image-2024-06-03-at-12.53.32-PM.jpeg","type":"image\/jpeg"}],"author":"Academia de L\u00edderes Cat\u00f3licos","twitter_card":"summary_large_image","twitter_creator":"@Exaudi_News","twitter_site":"@Exaudi_News","twitter_misc":{"Scritto da":"Academia de L\u00edderes Cat\u00f3licos","Tempo di lettura stimato":"3 minuti"},"schema":{"@context":"https:\/\/schema.org","@graph":[{"@type":"Article","@id":"https:\/\/exaudi.org\/it\/mario-j-paredes-il-papa-sostiene-lumanizzazione-del-sistema-sanitario-sia-pubblico-che-privato\/#article","isPartOf":{"@id":"https:\/\/exaudi.org\/it\/mario-j-paredes-il-papa-sostiene-lumanizzazione-del-sistema-sanitario-sia-pubblico-che-privato\/"},"author":{"name":"Academia de L\u00edderes Cat\u00f3licos","@id":"https:\/\/exaudi.org\/#\/schema\/person\/334968a332d5dad9f94e08897852c6af"},"headline":"Mario J. Paredes: \u201cIl Papa sostiene l\u2019umanizzazione del sistema sanitario, sia pubblico che privato\u201d","datePublished":"2024-06-04T16:13:42+00:00","mainEntityOfPage":{"@id":"https:\/\/exaudi.org\/it\/mario-j-paredes-il-papa-sostiene-lumanizzazione-del-sistema-sanitario-sia-pubblico-che-privato\/"},"wordCount":559,"image":{"@id":"https:\/\/exaudi.org\/it\/mario-j-paredes-il-papa-sostiene-lumanizzazione-del-sistema-sanitario-sia-pubblico-che-privato\/#primaryimage"},"thumbnailUrl":"https:\/\/exaudi.org\/wp-content\/uploads\/2024\/06\/WhatsApp-Image-2024-06-03-at-12.53.32-PM.jpeg","keywords":["ACCADEMIA DEI LEADER CATTOLICI","DIPLOMA","MARIO J. PAREDES","papa francisco","SISTEMA SANITARIO","Trending"],"articleSection":["Interviste"],"inLanguage":"it-IT"},{"@type":"WebPage","@id":"https:\/\/exaudi.org\/it\/mario-j-paredes-il-papa-sostiene-lumanizzazione-del-sistema-sanitario-sia-pubblico-che-privato\/","url":"https:\/\/exaudi.org\/it\/mario-j-paredes-il-papa-sostiene-lumanizzazione-del-sistema-sanitario-sia-pubblico-che-privato\/","name":"Mario J. Paredes: \u201cIl Papa sostiene l\u2019umanizzazione del sistema sanitario, sia pubblico che privato\u201d &#8211; Exaudi","isPartOf":{"@id":"https:\/\/exaudi.org\/#website"},"primaryImageOfPage":{"@id":"https:\/\/exaudi.org\/it\/mario-j-paredes-il-papa-sostiene-lumanizzazione-del-sistema-sanitario-sia-pubblico-che-privato\/#primaryimage"},"image":{"@id":"https:\/\/exaudi.org\/it\/mario-j-paredes-il-papa-sostiene-lumanizzazione-del-sistema-sanitario-sia-pubblico-che-privato\/#primaryimage"},"thumbnailUrl":"https:\/\/exaudi.org\/wp-content\/uploads\/2024\/06\/WhatsApp-Image-2024-06-03-at-12.53.32-PM.jpeg","datePublished":"2024-06-04T16:13:42+00:00","author":{"@id":"https:\/\/exaudi.org\/#\/schema\/person\/334968a332d5dad9f94e08897852c6af"},"breadcrumb":{"@id":"https:\/\/exaudi.org\/it\/mario-j-paredes-il-papa-sostiene-lumanizzazione-del-sistema-sanitario-sia-pubblico-che-privato\/#breadcrumb"},"inLanguage":"it-IT","potentialAction":[{"@type":"ReadAction","target":["https:\/\/exaudi.org\/it\/mario-j-paredes-il-papa-sostiene-lumanizzazione-del-sistema-sanitario-sia-pubblico-che-privato\/"]}]},{"@type":"ImageObject","inLanguage":"it-IT","@id":"https:\/\/exaudi.org\/it\/mario-j-paredes-il-papa-sostiene-lumanizzazione-del-sistema-sanitario-sia-pubblico-che-privato\/#primaryimage","url":"https:\/\/exaudi.org\/wp-content\/uploads\/2024\/06\/WhatsApp-Image-2024-06-03-at-12.53.32-PM.jpeg","contentUrl":"https:\/\/exaudi.org\/wp-content\/uploads\/2024\/06\/WhatsApp-Image-2024-06-03-at-12.53.32-PM.jpeg","width":593,"height":279},{"@type":"BreadcrumbList","@id":"https:\/\/exaudi.org\/it\/mario-j-paredes-il-papa-sostiene-lumanizzazione-del-sistema-sanitario-sia-pubblico-che-privato\/#breadcrumb","itemListElement":[{"@type":"ListItem","position":1,"name":"Portada","item":"https:\/\/exaudi.org\/it\/"},{"@type":"ListItem","position":2,"name":"Mario J. Paredes: \u201cIl Papa sostiene l\u2019umanizzazione del sistema sanitario, sia pubblico che privato\u201d"}]},{"@type":"WebSite","@id":"https:\/\/exaudi.org\/#website","url":"https:\/\/exaudi.org\/","name":"Exaudi","description":"News","potentialAction":[{"@type":"SearchAction","target":{"@type":"EntryPoint","urlTemplate":"https:\/\/exaudi.org\/?s={search_term_string}"},"query-input":{"@type":"PropertyValueSpecification","valueRequired":true,"valueName":"search_term_string"}}],"inLanguage":"it-IT"},{"@type":"Person","@id":"https:\/\/exaudi.org\/#\/schema\/person\/334968a332d5dad9f94e08897852c6af","name":"Academia de L\u00edderes Cat\u00f3licos","image":{"@type":"ImageObject","inLanguage":"it-IT","@id":"https:\/\/secure.gravatar.com\/avatar\/80d80b1e34d8fa01f6b95d10e695853ca4ea7e054050e21ad1a15d546d4600ca?s=96&d=mm&r=g","url":"https:\/\/secure.gravatar.com\/avatar\/80d80b1e34d8fa01f6b95d10e695853ca4ea7e054050e21ad1a15d546d4600ca?s=96&d=mm&r=g","contentUrl":"https:\/\/secure.gravatar.com\/avatar\/80d80b1e34d8fa01f6b95d10e695853ca4ea7e054050e21ad1a15d546d4600ca?s=96&d=mm&r=g","caption":"Academia de L\u00edderes Cat\u00f3licos"},"description":"Es una fundaci\u00f3n de derecho privado sin fines de lucro que busca formar cat\u00f3licos que a partir de la experiencia cristiana desarrollen su vocaci\u00f3n pol\u00edtica con la ayuda de la Doctrina Social de la Iglesia. La Academia Latinoamericana de L\u00edderes Cat\u00f3licos tiene como misi\u00f3n, formar l\u00edderes desde una perspectiva cat\u00f3lica, arraigados en la fe de la Iglesia, para transformar el mundo social, pol\u00edtico y econ\u00f3mico a la luz de la Doctrina Social de la Iglesia. Formar una nueva generaci\u00f3n de cat\u00f3licos latinoamericanos con responsabilidades pol\u00edticas y sociales para que transformen el rostro del continente al servicio de sus pueblos, a la luz del Magisterio de la Iglesia y de cara a los Jubileos del V Centenario Guadalupano y de los dos mil a\u00f1os de la redenci\u00f3n.","sameAs":["https:\/\/liderescatolicos.net\/","https:\/\/www.youtube.com\/c\/LderesCatlicos"],"url":"https:\/\/exaudi.org\/it\/author\/academia-de-lideres-catolicos\/"}]}},"jetpack_featured_media_url":"https:\/\/exaudi.org\/wp-content\/uploads\/2024\/06\/WhatsApp-Image-2024-06-03-at-12.53.32-PM.jpeg","jetpack_shortlink":"https:\/\/wp.me\/pgKjF2-qBb","_links":{"self":[{"href":"https:\/\/exaudi.org\/it\/wp-json\/wp\/v2\/posts\/102249","targetHints":{"allow":["GET"]}}],"collection":[{"href":"https:\/\/exaudi.org\/it\/wp-json\/wp\/v2\/posts"}],"about":[{"href":"https:\/\/exaudi.org\/it\/wp-json\/wp\/v2\/types\/post"}],"author":[{"embeddable":true,"href":"https:\/\/exaudi.org\/it\/wp-json\/wp\/v2\/users\/107"}],"replies":[{"embeddable":true,"href":"https:\/\/exaudi.org\/it\/wp-json\/wp\/v2\/comments?post=102249"}],"version-history":[{"count":0,"href":"https:\/\/exaudi.org\/it\/wp-json\/wp\/v2\/posts\/102249\/revisions"}],"wp:featuredmedia":[{"embeddable":true,"href":"https:\/\/exaudi.org\/it\/wp-json\/wp\/v2\/media\/102196"}],"wp:attachment":[{"href":"https:\/\/exaudi.org\/it\/wp-json\/wp\/v2\/media?parent=102249"}],"wp:term":[{"taxonomy":"category","embeddable":true,"href":"https:\/\/exaudi.org\/it\/wp-json\/wp\/v2\/categories?post=102249"},{"taxonomy":"post_tag","embeddable":true,"href":"https:\/\/exaudi.org\/it\/wp-json\/wp\/v2\/tags?post=102249"}],"curies":[{"name":"wp","href":"https:\/\/api.w.org\/{rel}","templated":true}]}}